{"id":24277,"date":"2017-07-21T08:11:03","date_gmt":"2017-07-21T06:11:03","guid":{"rendered":"http:\/\/mula.es\/web\/?p=24277"},"modified":"2021-05-12T20:15:07","modified_gmt":"2021-05-12T18:15:07","slug":"el-alcalde-firma-para-la-puesta-en-marcha-de-la-unidad-de-disfagia-infantil-en-el-hospital-virgen-de-la-arrixaca","status":"publish","type":"post","link":"https:\/\/mula.es\/web\/el-alcalde-firma-para-la-puesta-en-marcha-de-la-unidad-de-disfagia-infantil-en-el-hospital-virgen-de-la-arrixaca\/","title":{"rendered":"El Alcalde firma para la puesta en marcha de la Unidad de Disfagia Infantil en el Hospital Virgen de la Arrixaca"},"content":{"rendered":"<p>El \u00a0alcalde de Mula, Juan Jes\u00fas Moreno Garc\u00eda, ha firmado \u00e9sta ma\u00f1ana en la campa\u00f1a regional para solicitar la puesta en marcha de la Unidad de Disfagia Infantil en el Hospital Virgen de la Arrixaca de Murcia.<\/p>\n<p><a href=\"https:\/\/mula.es\/web\/wp-content\/uploads\/2017\/07\/DSC_0009.jpg\"><img decoding=\"async\" data-attachment-id=\"24279\" data-permalink=\"https:\/\/mula.es\/web\/el-alcalde-firma-para-la-puesta-en-marcha-de-la-unidad-de-disfagia-infantil-en-el-hospital-virgen-de-la-arrixaca\/dsc_0009\/\" data-orig-file=\"https:\/\/mula.es\/web\/wp-content\/uploads\/2017\/07\/DSC_0009.jpg\" data-orig-size=\"1496,1000\" data-comments-opened=\"0\" data-image-meta=\"{&quot;aperture&quot;:&quot;4&quot;,&quot;credit&quot;:&quot;&quot;,&quot;camera&quot;:&quot;NIKON D3300&quot;,&quot;caption&quot;:&quot;&quot;,&quot;created_timestamp&quot;:&quot;1500539832&quot;,&quot;copyright&quot;:&quot;&quot;,&quot;focal_length&quot;:&quot;24&quot;,&quot;iso&quot;:&quot;800&quot;,&quot;shutter_speed&quot;:&quot;0.016666666666667&quot;,&quot;title&quot;:&quot;&quot;,&quot;orientation&quot;:&quot;1&quot;}\" data-image-title=\"Fotografia Alcalde firma campa\u00f1a Disfagia Infantil\" data-image-description=\"\" data-image-caption=\"\" data-large-file=\"https:\/\/mula.es\/web\/wp-content\/uploads\/2017\/07\/DSC_0009-1024x684.jpg\" class=\"aligncenter size-large wp-image-24279\" src=\"https:\/\/mula.es\/web\/wp-content\/uploads\/2017\/07\/DSC_0009-1024x684.jpg\" alt=\"\" width=\"1024\" height=\"684\" srcset=\"https:\/\/mula.es\/web\/wp-content\/uploads\/2017\/07\/DSC_0009-200x134.jpg 200w, https:\/\/mula.es\/web\/wp-content\/uploads\/2017\/07\/DSC_0009-300x201.jpg 300w, https:\/\/mula.es\/web\/wp-content\/uploads\/2017\/07\/DSC_0009-400x267.jpg 400w, https:\/\/mula.es\/web\/wp-content\/uploads\/2017\/07\/DSC_0009-600x401.jpg 600w, https:\/\/mula.es\/web\/wp-content\/uploads\/2017\/07\/DSC_0009-768x513.jpg 768w, https:\/\/mula.es\/web\/wp-content\/uploads\/2017\/07\/DSC_0009-800x535.jpg 800w, https:\/\/mula.es\/web\/wp-content\/uploads\/2017\/07\/DSC_0009-1024x684.jpg 1024w, https:\/\/mula.es\/web\/wp-content\/uploads\/2017\/07\/DSC_0009-1200x802.jpg 1200w, https:\/\/mula.es\/web\/wp-content\/uploads\/2017\/07\/DSC_0009.jpg 1496w\" sizes=\"(max-width: 1024px) 100vw, 1024px\" \/><\/a><\/p>\n","protected":false},"excerpt":{"rendered":"<p>El \u00a0alcalde de Mula, Juan Jes\u00fas Moreno Garc\u00eda, ha firmado \u00e9sta ma\u00f1ana en la campa\u00f1a regional para solicitar la puesta en marcha de la Unidad de Disfagia Infantil en el Hospital Virgen de la Arrixaca de Murcia.<\/p>\n","protected":false},"author":1,"featured_media":24279,"comment_status":"closed","ping_status":"closed","sticky":false,"template":"","format":"standard","meta":{"jetpack_post_was_ever_published":false,"_jetpack_newsletter_access":"","_jetpack_dont_email_post_to_subs":false,"_jetpack_newsletter_tier_id":0,"_jetpack_memberships_contains_paywalled_content":false,"_jetpack_memberships_contains_paid_content":false,"footnotes":"","jetpack_publicize_message":"","jetpack_publicize_feature_enabled":true,"jetpack_social_post_already_shared":false,"jetpack_social_options":{"image_generator_settings":{"template":"highway","default_image_id":0,"font":"","enabled":false},"version":2}},"categories":[127,392],"tags":[],"class_list":["post-24277","post","type-post","status-publish","format-standard","has-post-thumbnail","hentry","category-alcalde","category-alcaldia"],"yoast_head":"<!-- This site is optimized with the Yoast SEO plugin v27.5 - https:\/\/yoast.com\/product\/yoast-seo-wordpress\/ -->\n<title>El Alcalde firma para la puesta en marcha de la Unidad de Disfagia Infantil en el Hospital Virgen de la Arrixaca - Ayuntamiento de Mula<\/title>\n<meta name=\"robots\" content=\"index, follow, max-snippet:-1, max-image-preview:large, max-video-preview:-1\" \/>\n<link rel=\"canonical\" href=\"https:\/\/mula.es\/web\/el-alcalde-firma-para-la-puesta-en-marcha-de-la-unidad-de-disfagia-infantil-en-el-hospital-virgen-de-la-arrixaca\/\" \/>\n<meta property=\"og:locale\" content=\"es_ES\" \/>\n<meta property=\"og:type\" content=\"article\" \/>\n<meta property=\"og:title\" content=\"El Alcalde firma para la puesta en marcha de la Unidad de Disfagia Infantil en el Hospital Virgen de la Arrixaca - Ayuntamiento de Mula\" \/>\n<meta property=\"og:description\" content=\"El \u00a0alcalde de Mula, Juan Jes\u00fas Moreno Garc\u00eda, ha firmado \u00e9sta ma\u00f1ana en la campa\u00f1a regional para solicitar la puesta en marcha de la Unidad de Disfagia Infantil en el Hospital Virgen de la Arrixaca de Murcia.\" \/>\n<meta property=\"og:url\" content=\"https:\/\/mula.es\/web\/el-alcalde-firma-para-la-puesta-en-marcha-de-la-unidad-de-disfagia-infantil-en-el-hospital-virgen-de-la-arrixaca\/\" \/>\n<meta property=\"og:site_name\" content=\"Ayuntamiento de Mula\" \/>\n<meta property=\"article:published_time\" content=\"2017-07-21T06:11:03+00:00\" \/>\n<meta property=\"article:modified_time\" content=\"2021-05-12T18:15:07+00:00\" \/>\n<meta property=\"og:image\" content=\"https:\/\/i0.wp.com\/mula.es\/web\/wp-content\/uploads\/2017\/07\/DSC_0009.jpg?fit=1496%2C1000&ssl=1\" \/>\n\t<meta property=\"og:image:width\" content=\"1496\" \/>\n\t<meta property=\"og:image:height\" content=\"1000\" \/>\n\t<meta property=\"og:image:type\" content=\"image\/jpeg\" \/>\n<meta name=\"author\" content=\"admin\" \/>\n<meta name=\"twitter:card\" content=\"summary_large_image\" \/>\n<meta name=\"twitter:creator\" content=\"@AyuntamientMula\" \/>\n<meta name=\"twitter:site\" content=\"@AyuntamientMula\" \/>\n<meta name=\"twitter:label1\" content=\"Escrito por\" \/>\n\t<meta name=\"twitter:data1\" content=\"admin\" \/>\n<script type=\"application\/ld+json\" class=\"yoast-schema-graph\">{\"@context\":\"https:\\\/\\\/schema.org\",\"@graph\":[{\"@type\":\"Article\",\"@id\":\"https:\\\/\\\/mula.es\\\/web\\\/el-alcalde-firma-para-la-puesta-en-marcha-de-la-unidad-de-disfagia-infantil-en-el-hospital-virgen-de-la-arrixaca\\\/#article\",\"isPartOf\":{\"@id\":\"https:\\\/\\\/mula.es\\\/web\\\/el-alcalde-firma-para-la-puesta-en-marcha-de-la-unidad-de-disfagia-infantil-en-el-hospital-virgen-de-la-arrixaca\\\/\"},\"author\":{\"name\":\"admin\",\"@id\":\"https:\\\/\\\/mula.es\\\/web\\\/#\\\/schema\\\/person\\\/a0dbffe9f4a3ed4aaebedcfef02f71a1\"},\"headline\":\"El Alcalde firma para la puesta en marcha de la Unidad de Disfagia Infantil en el Hospital Virgen de la Arrixaca\",\"datePublished\":\"2017-07-21T06:11:03+00:00\",\"dateModified\":\"2021-05-12T18:15:07+00:00\",\"mainEntityOfPage\":{\"@id\":\"https:\\\/\\\/mula.es\\\/web\\\/el-alcalde-firma-para-la-puesta-en-marcha-de-la-unidad-de-disfagia-infantil-en-el-hospital-virgen-de-la-arrixaca\\\/\"},\"wordCount\":62,\"image\":{\"@id\":\"https:\\\/\\\/mula.es\\\/web\\\/el-alcalde-firma-para-la-puesta-en-marcha-de-la-unidad-de-disfagia-infantil-en-el-hospital-virgen-de-la-arrixaca\\\/#primaryimage\"},\"thumbnailUrl\":\"https:\\\/\\\/mula.es\\\/web\\\/wp-content\\\/uploads\\\/2017\\\/07\\\/DSC_0009.jpg\",\"articleSection\":[\"alcalde\",\"alcald\u00eda\"],\"inLanguage\":\"es\"},{\"@type\":\"WebPage\",\"@id\":\"https:\\\/\\\/mula.es\\\/web\\\/el-alcalde-firma-para-la-puesta-en-marcha-de-la-unidad-de-disfagia-infantil-en-el-hospital-virgen-de-la-arrixaca\\\/\",\"url\":\"https:\\\/\\\/mula.es\\\/web\\\/el-alcalde-firma-para-la-puesta-en-marcha-de-la-unidad-de-disfagia-infantil-en-el-hospital-virgen-de-la-arrixaca\\\/\",\"name\":\"El Alcalde firma para la puesta en marcha de la Unidad de Disfagia Infantil en el Hospital Virgen de la Arrixaca - Ayuntamiento de Mula\",\"isPartOf\":{\"@id\":\"https:\\\/\\\/mula.es\\\/web\\\/#website\"},\"primaryImageOfPage\":{\"@id\":\"https:\\\/\\\/mula.es\\\/web\\\/el-alcalde-firma-para-la-puesta-en-marcha-de-la-unidad-de-disfagia-infantil-en-el-hospital-virgen-de-la-arrixaca\\\/#primaryimage\"},\"image\":{\"@id\":\"https:\\\/\\\/mula.es\\\/web\\\/el-alcalde-firma-para-la-puesta-en-marcha-de-la-unidad-de-disfagia-infantil-en-el-hospital-virgen-de-la-arrixaca\\\/#primaryimage\"},\"thumbnailUrl\":\"https:\\\/\\\/mula.es\\\/web\\\/wp-content\\\/uploads\\\/2017\\\/07\\\/DSC_0009.jpg\",\"datePublished\":\"2017-07-21T06:11:03+00:00\",\"dateModified\":\"2021-05-12T18:15:07+00:00\",\"author\":{\"@id\":\"https:\\\/\\\/mula.es\\\/web\\\/#\\\/schema\\\/person\\\/a0dbffe9f4a3ed4aaebedcfef02f71a1\"},\"breadcrumb\":{\"@id\":\"https:\\\/\\\/mula.es\\\/web\\\/el-alcalde-firma-para-la-puesta-en-marcha-de-la-unidad-de-disfagia-infantil-en-el-hospital-virgen-de-la-arrixaca\\\/#breadcrumb\"},\"inLanguage\":\"es\",\"potentialAction\":[{\"@type\":\"ReadAction\",\"target\":[\"https:\\\/\\\/mula.es\\\/web\\\/el-alcalde-firma-para-la-puesta-en-marcha-de-la-unidad-de-disfagia-infantil-en-el-hospital-virgen-de-la-arrixaca\\\/\"]}]},{\"@type\":\"ImageObject\",\"inLanguage\":\"es\",\"@id\":\"https:\\\/\\\/mula.es\\\/web\\\/el-alcalde-firma-para-la-puesta-en-marcha-de-la-unidad-de-disfagia-infantil-en-el-hospital-virgen-de-la-arrixaca\\\/#primaryimage\",\"url\":\"https:\\\/\\\/mula.es\\\/web\\\/wp-content\\\/uploads\\\/2017\\\/07\\\/DSC_0009.jpg\",\"contentUrl\":\"https:\\\/\\\/mula.es\\\/web\\\/wp-content\\\/uploads\\\/2017\\\/07\\\/DSC_0009.jpg\",\"width\":1496,\"height\":1000},{\"@type\":\"BreadcrumbList\",\"@id\":\"https:\\\/\\\/mula.es\\\/web\\\/el-alcalde-firma-para-la-puesta-en-marcha-de-la-unidad-de-disfagia-infantil-en-el-hospital-virgen-de-la-arrixaca\\\/#breadcrumb\",\"itemListElement\":[{\"@type\":\"ListItem\",\"position\":1,\"name\":\"Portada\",\"item\":\"https:\\\/\\\/mula.es\\\/web\\\/\"},{\"@type\":\"ListItem\",\"position\":2,\"name\":\"El Alcalde firma para la puesta en marcha de la Unidad de Disfagia Infantil en el Hospital Virgen de la Arrixaca\"}]},{\"@type\":\"WebSite\",\"@id\":\"https:\\\/\\\/mula.es\\\/web\\\/#website\",\"url\":\"https:\\\/\\\/mula.es\\\/web\\\/\",\"name\":\"Ayuntamiento de Mula\",\"description\":\"P\u00e1gina web del Ayuntamiento de Mula (Regi\u00f3n de Murcia)\",\"potentialAction\":[{\"@type\":\"SearchAction\",\"target\":{\"@type\":\"EntryPoint\",\"urlTemplate\":\"https:\\\/\\\/mula.es\\\/web\\\/?s={search_term_string}\"},\"query-input\":{\"@type\":\"PropertyValueSpecification\",\"valueRequired\":true,\"valueName\":\"search_term_string\"}}],\"inLanguage\":\"es\"},{\"@type\":\"Person\",\"@id\":\"https:\\\/\\\/mula.es\\\/web\\\/#\\\/schema\\\/person\\\/a0dbffe9f4a3ed4aaebedcfef02f71a1\",\"name\":\"admin\",\"image\":{\"@type\":\"ImageObject\",\"inLanguage\":\"es\",\"@id\":\"https:\\\/\\\/secure.gravatar.com\\\/avatar\\\/5423b9cd77f4c7f89a124365a268866f9dfee038c17fe9e37afd92b5920d810e?s=96&d=mm&r=g\",\"url\":\"https:\\\/\\\/secure.gravatar.com\\\/avatar\\\/5423b9cd77f4c7f89a124365a268866f9dfee038c17fe9e37afd92b5920d810e?s=96&d=mm&r=g\",\"contentUrl\":\"https:\\\/\\\/secure.gravatar.com\\\/avatar\\\/5423b9cd77f4c7f89a124365a268866f9dfee038c17fe9e37afd92b5920d810e?s=96&d=mm&r=g\",\"caption\":\"admin\"},\"description\":\"Lorem ipsum dolor sit amet, consectetur adipiscing elit. Nam viverra euismod odio, gravida pellentesque urna varius vitae. Sed dui lorem, adipiscing in adipiscing et, interdum nec metus. Mauris ultricies, justo eu convallis placerat, felis enim ornare nisi, vitae mattis nulla ante id dui. Ut lectus purus, commodo et tincidunt vel, interdum sed lectus. Vestibulum adipiscing tempor nisi id elementi.\",\"url\":\"https:\\\/\\\/mula.es\\\/web\\\/author\\\/jose-maria-boti\\\/\"}]}<\/script>\n<!-- \/ Yoast SEO plugin. -->","yoast_head_json":{"title":"El Alcalde firma para la puesta en marcha de la Unidad de Disfagia Infantil en el Hospital Virgen de la Arrixaca - Ayuntamiento de Mula","robots":{"index":"index","follow":"follow","max-snippet":"max-snippet:-1","max-image-preview":"max-image-preview:large","max-video-preview":"max-video-preview:-1"},"canonical":"https:\/\/mula.es\/web\/el-alcalde-firma-para-la-puesta-en-marcha-de-la-unidad-de-disfagia-infantil-en-el-hospital-virgen-de-la-arrixaca\/","og_locale":"es_ES","og_type":"article","og_title":"El Alcalde firma para la puesta en marcha de la Unidad de Disfagia Infantil en el Hospital Virgen de la Arrixaca - Ayuntamiento de Mula","og_description":"El \u00a0alcalde de Mula, Juan Jes\u00fas Moreno Garc\u00eda, ha firmado \u00e9sta ma\u00f1ana en la campa\u00f1a regional para solicitar la puesta en marcha de la Unidad de Disfagia Infantil en el Hospital Virgen de la Arrixaca de Murcia.","og_url":"https:\/\/mula.es\/web\/el-alcalde-firma-para-la-puesta-en-marcha-de-la-unidad-de-disfagia-infantil-en-el-hospital-virgen-de-la-arrixaca\/","og_site_name":"Ayuntamiento de Mula","article_published_time":"2017-07-21T06:11:03+00:00","article_modified_time":"2021-05-12T18:15:07+00:00","og_image":[{"width":1496,"height":1000,"url":"https:\/\/i0.wp.com\/mula.es\/web\/wp-content\/uploads\/2017\/07\/DSC_0009.jpg?fit=1496%2C1000&ssl=1","type":"image\/jpeg"}],"author":"admin","twitter_card":"summary_large_image","twitter_creator":"@AyuntamientMula","twitter_site":"@AyuntamientMula","twitter_misc":{"Escrito por":"admin"},"schema":{"@context":"https:\/\/schema.org","@graph":[{"@type":"Article","@id":"https:\/\/mula.es\/web\/el-alcalde-firma-para-la-puesta-en-marcha-de-la-unidad-de-disfagia-infantil-en-el-hospital-virgen-de-la-arrixaca\/#article","isPartOf":{"@id":"https:\/\/mula.es\/web\/el-alcalde-firma-para-la-puesta-en-marcha-de-la-unidad-de-disfagia-infantil-en-el-hospital-virgen-de-la-arrixaca\/"},"author":{"name":"admin","@id":"https:\/\/mula.es\/web\/#\/schema\/person\/a0dbffe9f4a3ed4aaebedcfef02f71a1"},"headline":"El Alcalde firma para la puesta en marcha de la Unidad de Disfagia Infantil en el Hospital Virgen de la Arrixaca","datePublished":"2017-07-21T06:11:03+00:00","dateModified":"2021-05-12T18:15:07+00:00","mainEntityOfPage":{"@id":"https:\/\/mula.es\/web\/el-alcalde-firma-para-la-puesta-en-marcha-de-la-unidad-de-disfagia-infantil-en-el-hospital-virgen-de-la-arrixaca\/"},"wordCount":62,"image":{"@id":"https:\/\/mula.es\/web\/el-alcalde-firma-para-la-puesta-en-marcha-de-la-unidad-de-disfagia-infantil-en-el-hospital-virgen-de-la-arrixaca\/#primaryimage"},"thumbnailUrl":"https:\/\/mula.es\/web\/wp-content\/uploads\/2017\/07\/DSC_0009.jpg","articleSection":["alcalde","alcald\u00eda"],"inLanguage":"es"},{"@type":"WebPage","@id":"https:\/\/mula.es\/web\/el-alcalde-firma-para-la-puesta-en-marcha-de-la-unidad-de-disfagia-infantil-en-el-hospital-virgen-de-la-arrixaca\/","url":"https:\/\/mula.es\/web\/el-alcalde-firma-para-la-puesta-en-marcha-de-la-unidad-de-disfagia-infantil-en-el-hospital-virgen-de-la-arrixaca\/","name":"El Alcalde firma para la puesta en marcha de la Unidad de Disfagia Infantil en el Hospital Virgen de la Arrixaca - Ayuntamiento de Mula","isPartOf":{"@id":"https:\/\/mula.es\/web\/#website"},"primaryImageOfPage":{"@id":"https:\/\/mula.es\/web\/el-alcalde-firma-para-la-puesta-en-marcha-de-la-unidad-de-disfagia-infantil-en-el-hospital-virgen-de-la-arrixaca\/#primaryimage"},"image":{"@id":"https:\/\/mula.es\/web\/el-alcalde-firma-para-la-puesta-en-marcha-de-la-unidad-de-disfagia-infantil-en-el-hospital-virgen-de-la-arrixaca\/#primaryimage"},"thumbnailUrl":"https:\/\/mula.es\/web\/wp-content\/uploads\/2017\/07\/DSC_0009.jpg","datePublished":"2017-07-21T06:11:03+00:00","dateModified":"2021-05-12T18:15:07+00:00","author":{"@id":"https:\/\/mula.es\/web\/#\/schema\/person\/a0dbffe9f4a3ed4aaebedcfef02f71a1"},"breadcrumb":{"@id":"https:\/\/mula.es\/web\/el-alcalde-firma-para-la-puesta-en-marcha-de-la-unidad-de-disfagia-infantil-en-el-hospital-virgen-de-la-arrixaca\/#breadcrumb"},"inLanguage":"es","potentialAction":[{"@type":"ReadAction","target":["https:\/\/mula.es\/web\/el-alcalde-firma-para-la-puesta-en-marcha-de-la-unidad-de-disfagia-infantil-en-el-hospital-virgen-de-la-arrixaca\/"]}]},{"@type":"ImageObject","inLanguage":"es","@id":"https:\/\/mula.es\/web\/el-alcalde-firma-para-la-puesta-en-marcha-de-la-unidad-de-disfagia-infantil-en-el-hospital-virgen-de-la-arrixaca\/#primaryimage","url":"https:\/\/mula.es\/web\/wp-content\/uploads\/2017\/07\/DSC_0009.jpg","contentUrl":"https:\/\/mula.es\/web\/wp-content\/uploads\/2017\/07\/DSC_0009.jpg","width":1496,"height":1000},{"@type":"BreadcrumbList","@id":"https:\/\/mula.es\/web\/el-alcalde-firma-para-la-puesta-en-marcha-de-la-unidad-de-disfagia-infantil-en-el-hospital-virgen-de-la-arrixaca\/#breadcrumb","itemListElement":[{"@type":"ListItem","position":1,"name":"Portada","item":"https:\/\/mula.es\/web\/"},{"@type":"ListItem","position":2,"name":"El Alcalde firma para la puesta en marcha de la Unidad de Disfagia Infantil en el Hospital Virgen de la Arrixaca"}]},{"@type":"WebSite","@id":"https:\/\/mula.es\/web\/#website","url":"https:\/\/mula.es\/web\/","name":"Ayuntamiento de Mula","description":"P\u00e1gina web del Ayuntamiento de Mula (Regi\u00f3n de Murcia)","potentialAction":[{"@type":"SearchAction","target":{"@type":"EntryPoint","urlTemplate":"https:\/\/mula.es\/web\/?s={search_term_string}"},"query-input":{"@type":"PropertyValueSpecification","valueRequired":true,"valueName":"search_term_string"}}],"inLanguage":"es"},{"@type":"Person","@id":"https:\/\/mula.es\/web\/#\/schema\/person\/a0dbffe9f4a3ed4aaebedcfef02f71a1","name":"admin","image":{"@type":"ImageObject","inLanguage":"es","@id":"https:\/\/secure.gravatar.com\/avatar\/5423b9cd77f4c7f89a124365a268866f9dfee038c17fe9e37afd92b5920d810e?s=96&d=mm&r=g","url":"https:\/\/secure.gravatar.com\/avatar\/5423b9cd77f4c7f89a124365a268866f9dfee038c17fe9e37afd92b5920d810e?s=96&d=mm&r=g","contentUrl":"https:\/\/secure.gravatar.com\/avatar\/5423b9cd77f4c7f89a124365a268866f9dfee038c17fe9e37afd92b5920d810e?s=96&d=mm&r=g","caption":"admin"},"description":"Lorem ipsum dolor sit amet, consectetur adipiscing elit. Nam viverra euismod odio, gravida pellentesque urna varius vitae. Sed dui lorem, adipiscing in adipiscing et, interdum nec metus. Mauris ultricies, justo eu convallis placerat, felis enim ornare nisi, vitae mattis nulla ante id dui. Ut lectus purus, commodo et tincidunt vel, interdum sed lectus. Vestibulum adipiscing tempor nisi id elementi.","url":"https:\/\/mula.es\/web\/author\/jose-maria-boti\/"}]}},"jetpack_publicize_connections":[],"jetpack_featured_media_url":"https:\/\/mula.es\/web\/wp-content\/uploads\/2017\/07\/DSC_0009.jpg","jetpack_sharing_enabled":true,"jetpack_shortlink":"https:\/\/wp.me\/pa9DMY-6jz","jetpack-related-posts":[],"_links":{"self":[{"href":"https:\/\/mula.es\/web\/wp-json\/wp\/v2\/posts\/24277","targetHints":{"allow":["GET"]}}],"collection":[{"href":"https:\/\/mula.es\/web\/wp-json\/wp\/v2\/posts"}],"about":[{"href":"https:\/\/mula.es\/web\/wp-json\/wp\/v2\/types\/post"}],"author":[{"embeddable":true,"href":"https:\/\/mula.es\/web\/wp-json\/wp\/v2\/users\/1"}],"replies":[{"embeddable":true,"href":"https:\/\/mula.es\/web\/wp-json\/wp\/v2\/comments?post=24277"}],"version-history":[{"count":3,"href":"https:\/\/mula.es\/web\/wp-json\/wp\/v2\/posts\/24277\/revisions"}],"predecessor-version":[{"id":24281,"href":"https:\/\/mula.es\/web\/wp-json\/wp\/v2\/posts\/24277\/revisions\/24281"}],"wp:featuredmedia":[{"embeddable":true,"href":"https:\/\/mula.es\/web\/wp-json\/wp\/v2\/media\/24279"}],"wp:attachment":[{"href":"https:\/\/mula.es\/web\/wp-json\/wp\/v2\/media?parent=24277"}],"wp:term":[{"taxonomy":"category","embeddable":true,"href":"https:\/\/mula.es\/web\/wp-json\/wp\/v2\/categories?post=24277"},{"taxonomy":"post_tag","embeddable":true,"href":"https:\/\/mula.es\/web\/wp-json\/wp\/v2\/tags?post=24277"}],"curies":[{"name":"wp","href":"https:\/\/api.w.org\/{rel}","templated":true}]}}