{"id":24605,"date":"2017-09-13T14:21:24","date_gmt":"2017-09-13T12:21:24","guid":{"rendered":"http:\/\/mula.es\/web\/?p=24605"},"modified":"2021-05-12T20:15:00","modified_gmt":"2021-05-12T18:15:00","slug":"se-turista-en-tu-ciudad-mula-2017","status":"publish","type":"post","link":"https:\/\/mula.es\/web\/se-turista-en-tu-ciudad-mula-2017\/","title":{"rendered":"Se turista en tu ciudad &#8211; Mula 2017"},"content":{"rendered":"<div class=\"fusion-fullwidth fullwidth-box fusion-builder-row-1 fusion-flex-container hundred-percent-fullwidth non-hundred-percent-height-scrolling\" style=\"--awb-border-radius-top-left:0px;--awb-border-radius-top-right:0px;--awb-border-radius-bottom-right:0px;--awb-border-radius-bottom-left:0px;--awb-overflow:visible;--awb-flex-wrap:wrap;\" ><div class=\"fusion-builder-row fusion-row fusion-flex-align-items-flex-start fusion-flex-content-wrap\" style=\"width:calc( 100% + 0px ) !important;max-width:calc( 100% + 0px ) !important;margin-left: calc(-0px \/ 2 );margin-right: calc(-0px \/ 2 );\"><div class=\"fusion-layout-column fusion_builder_column fusion-builder-column-0 fusion_builder_column_1_1 1_1 fusion-flex-column\" style=\"--awb-bg-size:cover;--awb-width-large:100%;--awb-margin-top-large:0px;--awb-spacing-right-large:0px;--awb-margin-bottom-large:20px;--awb-spacing-left-large:0px;--awb-width-medium:100%;--awb-spacing-right-medium:0px;--awb-spacing-left-medium:0px;--awb-width-small:100%;--awb-spacing-right-small:0px;--awb-spacing-left-small:0px;\"><div class=\"fusion-column-wrapper fusion-flex-justify-content-flex-start fusion-content-layout-column\"><div class=\"fusion-text fusion-text-1\"><p class=\"western\"><span style=\"font-family: Arial, sans-serif;\"><span style=\"font-size: small;\">Tercera edici\u00f3n del programa de visitas guiadas \u201cS\u00e9 Turista en tu Ciudad\u201d.<\/span><\/span><\/p>\n<p class=\"western\" align=\"justify\"><span style=\"font-family: Arial, sans-serif;\"><span style=\"font-size: small;\">La Concejal\u00eda de Turismo del Ayuntamiento de Mula ha organizado la tercera edici\u00f3n del programa de visitas guiadas gratuitas \u201cS\u00e9 Turista en tu Ciudad\u201d coincidiendo con las fiestas patronales de Mula y con la celebraci\u00f3n del D\u00eda Internacional de Turismo.<\/span><\/span><\/p>\n<p class=\"western\" align=\"justify\"><span style=\"font-family: Arial, sans-serif;\"><span style=\"font-size: small;\">Este fin de semana comienza el programa de visitas guiadas gratuitas, por tercer a\u00f1o consecutivo, con el objetivo de acercar el patrimonio tur\u00edstico-cultural de la localidad a los ciudadanos y visitantes revalorizando nuestro patrimonio y d\u00e1ndolo a conocer de forma interpretada, ya que supone un valor a\u00f1adido y contribuye a elevar la fidelidad de los turistas.<\/span><\/span><\/p>\n<p class=\"western\" align=\"justify\"><span style=\"font-family: Arial, sans-serif;\"><span style=\"font-size: small;\">Este a\u00f1o la novedad del programa son las visitas guiadas teatralizadas al Convento de San Francisco, donde el visitante conocer\u00e1 la historia del convento a trav\u00e9s un importante personaje en la historia del edificio y de Mula como fue el franciscano fray Pablo Manuel Ortega, adem\u00e1s de ver por por primera vez la restauraci\u00f3n de la escalera conventual y el refectorio.<\/span><\/span><\/p>\n<p class=\"western\" align=\"justify\"><span style=\"font-family: Arial, sans-serif;\"><span style=\"font-size: small;\">Estas visitas est\u00e1n programadas para los d\u00edas 20, 21 y 23 de septiembre, por la ma\u00f1ana y por tarde. Completan el programa de visitas en familia a Los Villaricos, donde adem\u00e1s de la visita guiada a la villa se realizaran talleres para ni\u00f1os en el yacimiento.<\/span><\/span><\/p>\n<p class=\"western\" align=\"justify\"><span style=\"font-family: Arial, sans-serif;\"><span style=\"font-size: small;\">Todas las visitas requieren inscripci\u00f3n previa. Plazas limitadas. Inscripciones en la Oficina de Turismo y en la web <span style=\"color: #000080;\"><span lang=\"zxx\"><u><a href=\"http:\/\/www.murciaturistica.es\/\">www.murciaturistica.es<\/a><\/u><\/span><\/span><\/span><\/span><\/p>\n<p class=\"western\" align=\"justify\"><span style=\"font-family: Arial, sans-serif;\"><span style=\"font-size: small;\">Mas informaci\u00f3n en la Oficina de Turismo.<\/span><\/span><\/p>\n<p class=\"western\" align=\"justify\"><span style=\"font-family: Arial, sans-serif;\"><span style=\"font-size: small;\">Horario especial Fiestas Septiembre:<\/span><\/span><\/p>\n<p class=\"western\" align=\"justify\"><span style=\"font-family: Arial, sans-serif;\"><span style=\"font-size: small;\">Lunes 18 y domingo 24: de 10 a 14 horas.<\/span><\/span><\/p>\n<p class=\"western\" align=\"justify\"><span style=\"font-family: Arial, sans-serif;\"><span style=\"font-size: small;\">Mi\u00e9rcoles 20, jueves 21 y s\u00e1bado: de 10 a 14 horas y de 19 a 22 horas.<\/span><\/span><\/p>\n<p class=\"western\" align=\"justify\"><span style=\"font-family: Arial, sans-serif;\"><span style=\"font-size: small;\">Martes 19 y viernes 22: cerrado.<\/span><\/span><\/p>\n<\/div><\/div><\/div><\/div><\/div>\n","protected":false},"excerpt":{"rendered":"","protected":false},"author":1,"featured_media":24606,"comment_status":"closed","ping_status":"closed","sticky":false,"template":"","format":"standard","meta":{"jetpack_post_was_ever_published":false,"_jetpack_newsletter_access":"","_jetpack_dont_email_post_to_subs":false,"_jetpack_newsletter_tier_id":0,"_jetpack_memberships_contains_paywalled_content":false,"_jetpack_memberships_contains_paid_content":false,"footnotes":"","jetpack_publicize_message":"","jetpack_publicize_feature_enabled":true,"jetpack_social_post_already_shared":false,"jetpack_social_options":{"image_generator_settings":{"template":"highway","default_image_id":0,"font":"","enabled":false},"version":2}},"categories":[75],"tags":[],"class_list":["post-24605","post","type-post","status-publish","format-standard","has-post-thumbnail","hentry","category-turismo"],"yoast_head":"<!-- This site is optimized with the Yoast SEO plugin v27.4 - https:\/\/yoast.com\/product\/yoast-seo-wordpress\/ -->\n<title>Se turista en tu ciudad - Mula 2017 - Ayuntamiento de Mula<\/title>\n<meta name=\"robots\" content=\"index, follow, max-snippet:-1, max-image-preview:large, max-video-preview:-1\" \/>\n<link rel=\"canonical\" href=\"https:\/\/mula.es\/web\/se-turista-en-tu-ciudad-mula-2017\/\" \/>\n<meta property=\"og:locale\" content=\"es_ES\" \/>\n<meta property=\"og:type\" content=\"article\" \/>\n<meta property=\"og:title\" content=\"Se turista en tu ciudad - Mula 2017 - Ayuntamiento de Mula\" \/>\n<meta property=\"og:url\" content=\"https:\/\/mula.es\/web\/se-turista-en-tu-ciudad-mula-2017\/\" \/>\n<meta property=\"og:site_name\" content=\"Ayuntamiento de Mula\" \/>\n<meta property=\"article:published_time\" content=\"2017-09-13T12:21:24+00:00\" \/>\n<meta property=\"article:modified_time\" content=\"2021-05-12T18:15:00+00:00\" \/>\n<meta property=\"og:image\" content=\"https:\/\/i0.wp.com\/mula.es\/web\/wp-content\/uploads\/2017\/09\/CartelTurismo_Redes.png?fit=566%2C800&ssl=1\" \/>\n\t<meta property=\"og:image:width\" content=\"566\" \/>\n\t<meta property=\"og:image:height\" content=\"800\" \/>\n\t<meta property=\"og:image:type\" content=\"image\/png\" \/>\n<meta name=\"author\" content=\"admin\" \/>\n<meta name=\"twitter:card\" content=\"summary_large_image\" \/>\n<meta name=\"twitter:creator\" content=\"@AyuntamientMula\" \/>\n<meta name=\"twitter:site\" content=\"@AyuntamientMula\" \/>\n<meta name=\"twitter:label1\" content=\"Escrito por\" \/>\n\t<meta name=\"twitter:data1\" content=\"admin\" \/>\n\t<meta name=\"twitter:label2\" content=\"Tiempo de lectura\" \/>\n\t<meta name=\"twitter:data2\" content=\"2 minutos\" \/>\n<script type=\"application\/ld+json\" class=\"yoast-schema-graph\">{\"@context\":\"https:\\\/\\\/schema.org\",\"@graph\":[{\"@type\":\"Article\",\"@id\":\"https:\\\/\\\/mula.es\\\/web\\\/se-turista-en-tu-ciudad-mula-2017\\\/#article\",\"isPartOf\":{\"@id\":\"https:\\\/\\\/mula.es\\\/web\\\/se-turista-en-tu-ciudad-mula-2017\\\/\"},\"author\":{\"name\":\"admin\",\"@id\":\"https:\\\/\\\/mula.es\\\/web\\\/#\\\/schema\\\/person\\\/a0dbffe9f4a3ed4aaebedcfef02f71a1\"},\"headline\":\"Se turista en tu ciudad &#8211; Mula 2017\",\"datePublished\":\"2017-09-13T12:21:24+00:00\",\"dateModified\":\"2021-05-12T18:15:00+00:00\",\"mainEntityOfPage\":{\"@id\":\"https:\\\/\\\/mula.es\\\/web\\\/se-turista-en-tu-ciudad-mula-2017\\\/\"},\"wordCount\":373,\"image\":{\"@id\":\"https:\\\/\\\/mula.es\\\/web\\\/se-turista-en-tu-ciudad-mula-2017\\\/#primaryimage\"},\"thumbnailUrl\":\"https:\\\/\\\/mula.es\\\/web\\\/wp-content\\\/uploads\\\/2017\\\/09\\\/CartelTurismo_Redes.png\",\"articleSection\":[\"turismo\"],\"inLanguage\":\"es\"},{\"@type\":\"WebPage\",\"@id\":\"https:\\\/\\\/mula.es\\\/web\\\/se-turista-en-tu-ciudad-mula-2017\\\/\",\"url\":\"https:\\\/\\\/mula.es\\\/web\\\/se-turista-en-tu-ciudad-mula-2017\\\/\",\"name\":\"Se turista en tu ciudad - Mula 2017 - Ayuntamiento de Mula\",\"isPartOf\":{\"@id\":\"https:\\\/\\\/mula.es\\\/web\\\/#website\"},\"primaryImageOfPage\":{\"@id\":\"https:\\\/\\\/mula.es\\\/web\\\/se-turista-en-tu-ciudad-mula-2017\\\/#primaryimage\"},\"image\":{\"@id\":\"https:\\\/\\\/mula.es\\\/web\\\/se-turista-en-tu-ciudad-mula-2017\\\/#primaryimage\"},\"thumbnailUrl\":\"https:\\\/\\\/mula.es\\\/web\\\/wp-content\\\/uploads\\\/2017\\\/09\\\/CartelTurismo_Redes.png\",\"datePublished\":\"2017-09-13T12:21:24+00:00\",\"dateModified\":\"2021-05-12T18:15:00+00:00\",\"author\":{\"@id\":\"https:\\\/\\\/mula.es\\\/web\\\/#\\\/schema\\\/person\\\/a0dbffe9f4a3ed4aaebedcfef02f71a1\"},\"breadcrumb\":{\"@id\":\"https:\\\/\\\/mula.es\\\/web\\\/se-turista-en-tu-ciudad-mula-2017\\\/#breadcrumb\"},\"inLanguage\":\"es\",\"potentialAction\":[{\"@type\":\"ReadAction\",\"target\":[\"https:\\\/\\\/mula.es\\\/web\\\/se-turista-en-tu-ciudad-mula-2017\\\/\"]}]},{\"@type\":\"ImageObject\",\"inLanguage\":\"es\",\"@id\":\"https:\\\/\\\/mula.es\\\/web\\\/se-turista-en-tu-ciudad-mula-2017\\\/#primaryimage\",\"url\":\"https:\\\/\\\/mula.es\\\/web\\\/wp-content\\\/uploads\\\/2017\\\/09\\\/CartelTurismo_Redes.png\",\"contentUrl\":\"https:\\\/\\\/mula.es\\\/web\\\/wp-content\\\/uploads\\\/2017\\\/09\\\/CartelTurismo_Redes.png\",\"width\":566,\"height\":800,\"caption\":\"se turista en tu ciudad 2017\"},{\"@type\":\"BreadcrumbList\",\"@id\":\"https:\\\/\\\/mula.es\\\/web\\\/se-turista-en-tu-ciudad-mula-2017\\\/#breadcrumb\",\"itemListElement\":[{\"@type\":\"ListItem\",\"position\":1,\"name\":\"Portada\",\"item\":\"https:\\\/\\\/mula.es\\\/web\\\/\"},{\"@type\":\"ListItem\",\"position\":2,\"name\":\"Se turista en tu ciudad &#8211; Mula 2017\"}]},{\"@type\":\"WebSite\",\"@id\":\"https:\\\/\\\/mula.es\\\/web\\\/#website\",\"url\":\"https:\\\/\\\/mula.es\\\/web\\\/\",\"name\":\"Ayuntamiento de Mula\",\"description\":\"P\u00e1gina web del Ayuntamiento de Mula (Regi\u00f3n de Murcia)\",\"potentialAction\":[{\"@type\":\"SearchAction\",\"target\":{\"@type\":\"EntryPoint\",\"urlTemplate\":\"https:\\\/\\\/mula.es\\\/web\\\/?s={search_term_string}\"},\"query-input\":{\"@type\":\"PropertyValueSpecification\",\"valueRequired\":true,\"valueName\":\"search_term_string\"}}],\"inLanguage\":\"es\"},{\"@type\":\"Person\",\"@id\":\"https:\\\/\\\/mula.es\\\/web\\\/#\\\/schema\\\/person\\\/a0dbffe9f4a3ed4aaebedcfef02f71a1\",\"name\":\"admin\",\"image\":{\"@type\":\"ImageObject\",\"inLanguage\":\"es\",\"@id\":\"https:\\\/\\\/secure.gravatar.com\\\/avatar\\\/5423b9cd77f4c7f89a124365a268866f9dfee038c17fe9e37afd92b5920d810e?s=96&d=mm&r=g\",\"url\":\"https:\\\/\\\/secure.gravatar.com\\\/avatar\\\/5423b9cd77f4c7f89a124365a268866f9dfee038c17fe9e37afd92b5920d810e?s=96&d=mm&r=g\",\"contentUrl\":\"https:\\\/\\\/secure.gravatar.com\\\/avatar\\\/5423b9cd77f4c7f89a124365a268866f9dfee038c17fe9e37afd92b5920d810e?s=96&d=mm&r=g\",\"caption\":\"admin\"},\"description\":\"Lorem ipsum dolor sit amet, consectetur adipiscing elit. Nam viverra euismod odio, gravida pellentesque urna varius vitae. Sed dui lorem, adipiscing in adipiscing et, interdum nec metus. Mauris ultricies, justo eu convallis placerat, felis enim ornare nisi, vitae mattis nulla ante id dui. Ut lectus purus, commodo et tincidunt vel, interdum sed lectus. Vestibulum adipiscing tempor nisi id elementi.\",\"url\":\"https:\\\/\\\/mula.es\\\/web\\\/author\\\/jose-maria-boti\\\/\"}]}<\/script>\n<!-- \/ Yoast SEO plugin. -->","yoast_head_json":{"title":"Se turista en tu ciudad - Mula 2017 - Ayuntamiento de Mula","robots":{"index":"index","follow":"follow","max-snippet":"max-snippet:-1","max-image-preview":"max-image-preview:large","max-video-preview":"max-video-preview:-1"},"canonical":"https:\/\/mula.es\/web\/se-turista-en-tu-ciudad-mula-2017\/","og_locale":"es_ES","og_type":"article","og_title":"Se turista en tu ciudad - Mula 2017 - Ayuntamiento de Mula","og_url":"https:\/\/mula.es\/web\/se-turista-en-tu-ciudad-mula-2017\/","og_site_name":"Ayuntamiento de Mula","article_published_time":"2017-09-13T12:21:24+00:00","article_modified_time":"2021-05-12T18:15:00+00:00","og_image":[{"width":566,"height":800,"url":"https:\/\/i0.wp.com\/mula.es\/web\/wp-content\/uploads\/2017\/09\/CartelTurismo_Redes.png?fit=566%2C800&ssl=1","type":"image\/png"}],"author":"admin","twitter_card":"summary_large_image","twitter_creator":"@AyuntamientMula","twitter_site":"@AyuntamientMula","twitter_misc":{"Escrito por":"admin","Tiempo de lectura":"2 minutos"},"schema":{"@context":"https:\/\/schema.org","@graph":[{"@type":"Article","@id":"https:\/\/mula.es\/web\/se-turista-en-tu-ciudad-mula-2017\/#article","isPartOf":{"@id":"https:\/\/mula.es\/web\/se-turista-en-tu-ciudad-mula-2017\/"},"author":{"name":"admin","@id":"https:\/\/mula.es\/web\/#\/schema\/person\/a0dbffe9f4a3ed4aaebedcfef02f71a1"},"headline":"Se turista en tu ciudad &#8211; Mula 2017","datePublished":"2017-09-13T12:21:24+00:00","dateModified":"2021-05-12T18:15:00+00:00","mainEntityOfPage":{"@id":"https:\/\/mula.es\/web\/se-turista-en-tu-ciudad-mula-2017\/"},"wordCount":373,"image":{"@id":"https:\/\/mula.es\/web\/se-turista-en-tu-ciudad-mula-2017\/#primaryimage"},"thumbnailUrl":"https:\/\/mula.es\/web\/wp-content\/uploads\/2017\/09\/CartelTurismo_Redes.png","articleSection":["turismo"],"inLanguage":"es"},{"@type":"WebPage","@id":"https:\/\/mula.es\/web\/se-turista-en-tu-ciudad-mula-2017\/","url":"https:\/\/mula.es\/web\/se-turista-en-tu-ciudad-mula-2017\/","name":"Se turista en tu ciudad - Mula 2017 - Ayuntamiento de Mula","isPartOf":{"@id":"https:\/\/mula.es\/web\/#website"},"primaryImageOfPage":{"@id":"https:\/\/mula.es\/web\/se-turista-en-tu-ciudad-mula-2017\/#primaryimage"},"image":{"@id":"https:\/\/mula.es\/web\/se-turista-en-tu-ciudad-mula-2017\/#primaryimage"},"thumbnailUrl":"https:\/\/mula.es\/web\/wp-content\/uploads\/2017\/09\/CartelTurismo_Redes.png","datePublished":"2017-09-13T12:21:24+00:00","dateModified":"2021-05-12T18:15:00+00:00","author":{"@id":"https:\/\/mula.es\/web\/#\/schema\/person\/a0dbffe9f4a3ed4aaebedcfef02f71a1"},"breadcrumb":{"@id":"https:\/\/mula.es\/web\/se-turista-en-tu-ciudad-mula-2017\/#breadcrumb"},"inLanguage":"es","potentialAction":[{"@type":"ReadAction","target":["https:\/\/mula.es\/web\/se-turista-en-tu-ciudad-mula-2017\/"]}]},{"@type":"ImageObject","inLanguage":"es","@id":"https:\/\/mula.es\/web\/se-turista-en-tu-ciudad-mula-2017\/#primaryimage","url":"https:\/\/mula.es\/web\/wp-content\/uploads\/2017\/09\/CartelTurismo_Redes.png","contentUrl":"https:\/\/mula.es\/web\/wp-content\/uploads\/2017\/09\/CartelTurismo_Redes.png","width":566,"height":800,"caption":"se turista en tu ciudad 2017"},{"@type":"BreadcrumbList","@id":"https:\/\/mula.es\/web\/se-turista-en-tu-ciudad-mula-2017\/#breadcrumb","itemListElement":[{"@type":"ListItem","position":1,"name":"Portada","item":"https:\/\/mula.es\/web\/"},{"@type":"ListItem","position":2,"name":"Se turista en tu ciudad &#8211; Mula 2017"}]},{"@type":"WebSite","@id":"https:\/\/mula.es\/web\/#website","url":"https:\/\/mula.es\/web\/","name":"Ayuntamiento de Mula","description":"P\u00e1gina web del Ayuntamiento de Mula (Regi\u00f3n de Murcia)","potentialAction":[{"@type":"SearchAction","target":{"@type":"EntryPoint","urlTemplate":"https:\/\/mula.es\/web\/?s={search_term_string}"},"query-input":{"@type":"PropertyValueSpecification","valueRequired":true,"valueName":"search_term_string"}}],"inLanguage":"es"},{"@type":"Person","@id":"https:\/\/mula.es\/web\/#\/schema\/person\/a0dbffe9f4a3ed4aaebedcfef02f71a1","name":"admin","image":{"@type":"ImageObject","inLanguage":"es","@id":"https:\/\/secure.gravatar.com\/avatar\/5423b9cd77f4c7f89a124365a268866f9dfee038c17fe9e37afd92b5920d810e?s=96&d=mm&r=g","url":"https:\/\/secure.gravatar.com\/avatar\/5423b9cd77f4c7f89a124365a268866f9dfee038c17fe9e37afd92b5920d810e?s=96&d=mm&r=g","contentUrl":"https:\/\/secure.gravatar.com\/avatar\/5423b9cd77f4c7f89a124365a268866f9dfee038c17fe9e37afd92b5920d810e?s=96&d=mm&r=g","caption":"admin"},"description":"Lorem ipsum dolor sit amet, consectetur adipiscing elit. Nam viverra euismod odio, gravida pellentesque urna varius vitae. Sed dui lorem, adipiscing in adipiscing et, interdum nec metus. Mauris ultricies, justo eu convallis placerat, felis enim ornare nisi, vitae mattis nulla ante id dui. Ut lectus purus, commodo et tincidunt vel, interdum sed lectus. Vestibulum adipiscing tempor nisi id elementi.","url":"https:\/\/mula.es\/web\/author\/jose-maria-boti\/"}]}},"jetpack_publicize_connections":[],"jetpack_featured_media_url":"https:\/\/mula.es\/web\/wp-content\/uploads\/2017\/09\/CartelTurismo_Redes.png","jetpack_sharing_enabled":true,"jetpack_shortlink":"https:\/\/wp.me\/pa9DMY-6oR","jetpack-related-posts":[],"_links":{"self":[{"href":"https:\/\/mula.es\/web\/wp-json\/wp\/v2\/posts\/24605","targetHints":{"allow":["GET"]}}],"collection":[{"href":"https:\/\/mula.es\/web\/wp-json\/wp\/v2\/posts"}],"about":[{"href":"https:\/\/mula.es\/web\/wp-json\/wp\/v2\/types\/post"}],"author":[{"embeddable":true,"href":"https:\/\/mula.es\/web\/wp-json\/wp\/v2\/users\/1"}],"replies":[{"embeddable":true,"href":"https:\/\/mula.es\/web\/wp-json\/wp\/v2\/comments?post=24605"}],"version-history":[{"count":2,"href":"https:\/\/mula.es\/web\/wp-json\/wp\/v2\/posts\/24605\/revisions"}],"predecessor-version":[{"id":39637,"href":"https:\/\/mula.es\/web\/wp-json\/wp\/v2\/posts\/24605\/revisions\/39637"}],"wp:featuredmedia":[{"embeddable":true,"href":"https:\/\/mula.es\/web\/wp-json\/wp\/v2\/media\/24606"}],"wp:attachment":[{"href":"https:\/\/mula.es\/web\/wp-json\/wp\/v2\/media?parent=24605"}],"wp:term":[{"taxonomy":"category","embeddable":true,"href":"https:\/\/mula.es\/web\/wp-json\/wp\/v2\/categories?post=24605"},{"taxonomy":"post_tag","embeddable":true,"href":"https:\/\/mula.es\/web\/wp-json\/wp\/v2\/tags?post=24605"}],"curies":[{"name":"wp","href":"https:\/\/api.w.org\/{rel}","templated":true}]}}