{"id":24787,"date":"2017-10-02T15:07:21","date_gmt":"2017-10-02T13:07:21","guid":{"rendered":"http:\/\/mula.es\/web\/?p=24787"},"modified":"2021-05-12T20:14:57","modified_gmt":"2021-05-12T18:14:57","slug":"proyectos-presupuestos-participativos-2018-direccion-general-de-juventud-de-la-carm","status":"publish","type":"post","link":"https:\/\/mula.es\/web\/proyectos-presupuestos-participativos-2018-direccion-general-de-juventud-de-la-carm\/","title":{"rendered":"Proyectos presupuestos participativos 2018 &#8211; Direcci\u00f3n General de Juventud de la CARM"},"content":{"rendered":"<div class=\"fusion-fullwidth fullwidth-box fusion-builder-row-1 fusion-flex-container hundred-percent-fullwidth non-hundred-percent-height-scrolling\" style=\"--awb-border-radius-top-left:0px;--awb-border-radius-top-right:0px;--awb-border-radius-bottom-right:0px;--awb-border-radius-bottom-left:0px;--awb-overflow:visible;--awb-flex-wrap:wrap;\" ><div class=\"fusion-builder-row fusion-row fusion-flex-align-items-flex-start fusion-flex-content-wrap\" style=\"width:calc( 100% + 0px ) !important;max-width:calc( 100% + 0px ) !important;margin-left: calc(-0px \/ 2 );margin-right: calc(-0px \/ 2 );\"><div class=\"fusion-layout-column fusion_builder_column fusion-builder-column-0 fusion_builder_column_1_1 1_1 fusion-flex-column\" style=\"--awb-bg-size:cover;--awb-width-large:100%;--awb-margin-top-large:0px;--awb-spacing-right-large:0px;--awb-margin-bottom-large:20px;--awb-spacing-left-large:0px;--awb-width-medium:100%;--awb-spacing-right-medium:0px;--awb-spacing-left-medium:0px;--awb-width-small:100%;--awb-spacing-right-small:0px;--awb-spacing-left-small:0px;\"><div class=\"fusion-column-wrapper fusion-flex-justify-content-flex-start fusion-content-layout-column\"><div class=\"fusion-text fusion-text-1\"><p>Desde la Direcci\u00f3n General de Juventud de la CARM se han llevado a cabo varias reuniones convocando a Concejales\/as de Juventud, Consejos locales de la Juventud y asociaciones y entidades juveniles de la Regi\u00f3n de Murcia para hablar sobre los Presupuestos Participativos de la CARM para 2018.<\/p>\n<p>El motivo, poner en conocimiento de todos los agentes implicados en las \u00e1reas de Juventud de la Regi\u00f3n de Murcia la formula a adoptar para 2018 en la Promoci\u00f3n y Servicios a la Juventud. Se ha pedido a todos que presenten proyectos a desarrollar en la Regi\u00f3n de Murcia y que ser\u00e1n votados y valorados por los ciudadanos.<\/p>\n<p>La Direcci\u00f3n General de Juventud inform\u00f3 que todos los programas que en a\u00f1os anteriores han puesto en marcha estar\u00edan incluidos tambi\u00e9n en estos proyectos a valorar y se hac\u00eda menci\u00f3n a que si no son votados estos proyectos, no se llevar\u00edan a cabo. Estos proyectos son la continuidad del CRIDJ y del Programa Corresponsales Juveniles, el fomento y promoci\u00f3n del Carn\u00e9 Joven, los Premios Juventud 2018, la continuidad del programa \u201c Nos vemos en los bares \u201d, la puesta en marcha del sello de ocio inclusivo joven y la continuidad del programa regional de ocio y aventura con los programas Murcia bajo cero y Dias Azules.<\/p>\n<p>Desde el Ayuntamiento de Mula, a trav\u00e9s de la Concejal\u00eda de Juventud y Adolescencia, se han propuesto los siguientes proyectos:<\/p>\n<ul>\n<li><strong>Encuentros de Teatro Juveniles.<\/strong> Se pretende que estos encuentros se celebren en distintos municipios de la Regi\u00f3n y que en ellos puedan participar grupos y asociaciones de teatro juveniles de la Regi\u00f3n de Murcia.<\/li>\n<li><strong>Rutas senderistas y MTB por las comarcas del R\u00edo Mula y Noroeste.<\/strong> Se realizar\u00edan salidas durante los fines de semana por rutas de la Comarca del R\u00edo Mula y del Noroeste. El alojamiento de los participantes se har\u00eda en los albergues de la zona.<\/li>\n<li><strong>Taller de mediaci\u00f3n y convivencia escolar.<\/strong> Se realizar\u00edan talleres en los centros educativos de Secundaria de los municipios de la Regi\u00f3n de Murcia para exponer de primera mano a los j\u00f3venes, entre 12 y 16 a\u00f1os, los problemas a los que se enfrentan en el d\u00eda a d\u00eda en los centros con el acoso escolar, discriminaci\u00f3n, violencia de g\u00e9nero, etc.<\/li>\n<\/ul>\n<p>Desde la Concejal\u00eda de Juventud y Adolescencia del Ayuntamiento de Mula consideramos que las pol\u00edticas en juventud dentro de los programas y servicios a la Juventud de la Direcci\u00f3n General de Juventud son insuficientes, por ello los 45 municipios juntos debemos remar en la misma l\u00ednea para abarcar la situaci\u00f3n de los j\u00f3venes de la Regi\u00f3n de Murcia.<\/p>\n<\/div><\/div><\/div><\/div><\/div>\n","protected":false},"excerpt":{"rendered":"","protected":false},"author":1,"featured_media":14282,"comment_status":"closed","ping_status":"closed","sticky":false,"template":"","format":"standard","meta":{"jetpack_post_was_ever_published":false,"_jetpack_newsletter_access":"","_jetpack_dont_email_post_to_subs":false,"_jetpack_newsletter_tier_id":0,"_jetpack_memberships_contains_paywalled_content":false,"_jetpack_memberships_contains_paid_content":false,"footnotes":"","jetpack_publicize_message":"","jetpack_publicize_feature_enabled":true,"jetpack_social_post_already_shared":false,"jetpack_social_options":{"image_generator_settings":{"template":"highway","default_image_id":0,"font":"","enabled":false},"version":2}},"categories":[87],"tags":[],"class_list":["post-24787","post","type-post","status-publish","format-standard","has-post-thumbnail","hentry","category-juventud-y-adolescencia"],"yoast_head":"<!-- This site is optimized with the Yoast SEO plugin v27.5 - https:\/\/yoast.com\/product\/yoast-seo-wordpress\/ -->\n<title>Proyectos presupuestos participativos 2018 - Direcci\u00f3n General de Juventud de la CARM - Ayuntamiento de Mula<\/title>\n<meta name=\"robots\" content=\"index, follow, max-snippet:-1, max-image-preview:large, max-video-preview:-1\" \/>\n<link rel=\"canonical\" href=\"https:\/\/mula.es\/web\/proyectos-presupuestos-participativos-2018-direccion-general-de-juventud-de-la-carm\/\" \/>\n<meta property=\"og:locale\" content=\"es_ES\" \/>\n<meta property=\"og:type\" content=\"article\" \/>\n<meta property=\"og:title\" content=\"Proyectos presupuestos participativos 2018 - Direcci\u00f3n General de Juventud de la CARM - Ayuntamiento de Mula\" \/>\n<meta property=\"og:url\" content=\"https:\/\/mula.es\/web\/proyectos-presupuestos-participativos-2018-direccion-general-de-juventud-de-la-carm\/\" \/>\n<meta property=\"og:site_name\" content=\"Ayuntamiento de Mula\" \/>\n<meta property=\"article:published_time\" content=\"2017-10-02T13:07:21+00:00\" \/>\n<meta property=\"article:modified_time\" content=\"2021-05-12T18:14:57+00:00\" \/>\n<meta property=\"og:image\" content=\"https:\/\/i0.wp.com\/mula.es\/web\/wp-content\/uploads\/2016\/02\/image4482-2.png?fit=170%2C120&ssl=1\" \/>\n\t<meta property=\"og:image:width\" content=\"170\" \/>\n\t<meta property=\"og:image:height\" content=\"120\" \/>\n\t<meta property=\"og:image:type\" content=\"image\/png\" \/>\n<meta name=\"author\" content=\"admin\" \/>\n<meta name=\"twitter:card\" content=\"summary_large_image\" \/>\n<meta name=\"twitter:creator\" content=\"@AyuntamientMula\" \/>\n<meta name=\"twitter:site\" content=\"@AyuntamientMula\" \/>\n<meta name=\"twitter:label1\" content=\"Escrito por\" \/>\n\t<meta name=\"twitter:data1\" content=\"admin\" \/>\n\t<meta name=\"twitter:label2\" content=\"Tiempo de lectura\" \/>\n\t<meta name=\"twitter:data2\" content=\"3 minutos\" \/>\n<script type=\"application\/ld+json\" class=\"yoast-schema-graph\">{\"@context\":\"https:\\\/\\\/schema.org\",\"@graph\":[{\"@type\":\"Article\",\"@id\":\"https:\\\/\\\/mula.es\\\/web\\\/proyectos-presupuestos-participativos-2018-direccion-general-de-juventud-de-la-carm\\\/#article\",\"isPartOf\":{\"@id\":\"https:\\\/\\\/mula.es\\\/web\\\/proyectos-presupuestos-participativos-2018-direccion-general-de-juventud-de-la-carm\\\/\"},\"author\":{\"name\":\"admin\",\"@id\":\"https:\\\/\\\/mula.es\\\/web\\\/#\\\/schema\\\/person\\\/a0dbffe9f4a3ed4aaebedcfef02f71a1\"},\"headline\":\"Proyectos presupuestos participativos 2018 &#8211; Direcci\u00f3n General de Juventud de la CARM\",\"datePublished\":\"2017-10-02T13:07:21+00:00\",\"dateModified\":\"2021-05-12T18:14:57+00:00\",\"mainEntityOfPage\":{\"@id\":\"https:\\\/\\\/mula.es\\\/web\\\/proyectos-presupuestos-participativos-2018-direccion-general-de-juventud-de-la-carm\\\/\"},\"wordCount\":549,\"image\":{\"@id\":\"https:\\\/\\\/mula.es\\\/web\\\/proyectos-presupuestos-participativos-2018-direccion-general-de-juventud-de-la-carm\\\/#primaryimage\"},\"thumbnailUrl\":\"https:\\\/\\\/mula.es\\\/web\\\/wp-content\\\/uploads\\\/2016\\\/02\\\/image4482-2.png\",\"articleSection\":[\"juventud y adolescencia\"],\"inLanguage\":\"es\"},{\"@type\":\"WebPage\",\"@id\":\"https:\\\/\\\/mula.es\\\/web\\\/proyectos-presupuestos-participativos-2018-direccion-general-de-juventud-de-la-carm\\\/\",\"url\":\"https:\\\/\\\/mula.es\\\/web\\\/proyectos-presupuestos-participativos-2018-direccion-general-de-juventud-de-la-carm\\\/\",\"name\":\"Proyectos presupuestos participativos 2018 - Direcci\u00f3n General de Juventud de la CARM - Ayuntamiento de Mula\",\"isPartOf\":{\"@id\":\"https:\\\/\\\/mula.es\\\/web\\\/#website\"},\"primaryImageOfPage\":{\"@id\":\"https:\\\/\\\/mula.es\\\/web\\\/proyectos-presupuestos-participativos-2018-direccion-general-de-juventud-de-la-carm\\\/#primaryimage\"},\"image\":{\"@id\":\"https:\\\/\\\/mula.es\\\/web\\\/proyectos-presupuestos-participativos-2018-direccion-general-de-juventud-de-la-carm\\\/#primaryimage\"},\"thumbnailUrl\":\"https:\\\/\\\/mula.es\\\/web\\\/wp-content\\\/uploads\\\/2016\\\/02\\\/image4482-2.png\",\"datePublished\":\"2017-10-02T13:07:21+00:00\",\"dateModified\":\"2021-05-12T18:14:57+00:00\",\"author\":{\"@id\":\"https:\\\/\\\/mula.es\\\/web\\\/#\\\/schema\\\/person\\\/a0dbffe9f4a3ed4aaebedcfef02f71a1\"},\"breadcrumb\":{\"@id\":\"https:\\\/\\\/mula.es\\\/web\\\/proyectos-presupuestos-participativos-2018-direccion-general-de-juventud-de-la-carm\\\/#breadcrumb\"},\"inLanguage\":\"es\",\"potentialAction\":[{\"@type\":\"ReadAction\",\"target\":[\"https:\\\/\\\/mula.es\\\/web\\\/proyectos-presupuestos-participativos-2018-direccion-general-de-juventud-de-la-carm\\\/\"]}]},{\"@type\":\"ImageObject\",\"inLanguage\":\"es\",\"@id\":\"https:\\\/\\\/mula.es\\\/web\\\/proyectos-presupuestos-participativos-2018-direccion-general-de-juventud-de-la-carm\\\/#primaryimage\",\"url\":\"https:\\\/\\\/mula.es\\\/web\\\/wp-content\\\/uploads\\\/2016\\\/02\\\/image4482-2.png\",\"contentUrl\":\"https:\\\/\\\/mula.es\\\/web\\\/wp-content\\\/uploads\\\/2016\\\/02\\\/image4482-2.png\",\"width\":170,\"height\":120,\"caption\":\"Logo Juventud\"},{\"@type\":\"BreadcrumbList\",\"@id\":\"https:\\\/\\\/mula.es\\\/web\\\/proyectos-presupuestos-participativos-2018-direccion-general-de-juventud-de-la-carm\\\/#breadcrumb\",\"itemListElement\":[{\"@type\":\"ListItem\",\"position\":1,\"name\":\"Portada\",\"item\":\"https:\\\/\\\/mula.es\\\/web\\\/\"},{\"@type\":\"ListItem\",\"position\":2,\"name\":\"Proyectos presupuestos participativos 2018 &#8211; Direcci\u00f3n General de Juventud de la CARM\"}]},{\"@type\":\"WebSite\",\"@id\":\"https:\\\/\\\/mula.es\\\/web\\\/#website\",\"url\":\"https:\\\/\\\/mula.es\\\/web\\\/\",\"name\":\"Ayuntamiento de Mula\",\"description\":\"P\u00e1gina web del Ayuntamiento de Mula (Regi\u00f3n de Murcia)\",\"potentialAction\":[{\"@type\":\"SearchAction\",\"target\":{\"@type\":\"EntryPoint\",\"urlTemplate\":\"https:\\\/\\\/mula.es\\\/web\\\/?s={search_term_string}\"},\"query-input\":{\"@type\":\"PropertyValueSpecification\",\"valueRequired\":true,\"valueName\":\"search_term_string\"}}],\"inLanguage\":\"es\"},{\"@type\":\"Person\",\"@id\":\"https:\\\/\\\/mula.es\\\/web\\\/#\\\/schema\\\/person\\\/a0dbffe9f4a3ed4aaebedcfef02f71a1\",\"name\":\"admin\",\"image\":{\"@type\":\"ImageObject\",\"inLanguage\":\"es\",\"@id\":\"https:\\\/\\\/secure.gravatar.com\\\/avatar\\\/5423b9cd77f4c7f89a124365a268866f9dfee038c17fe9e37afd92b5920d810e?s=96&d=mm&r=g\",\"url\":\"https:\\\/\\\/secure.gravatar.com\\\/avatar\\\/5423b9cd77f4c7f89a124365a268866f9dfee038c17fe9e37afd92b5920d810e?s=96&d=mm&r=g\",\"contentUrl\":\"https:\\\/\\\/secure.gravatar.com\\\/avatar\\\/5423b9cd77f4c7f89a124365a268866f9dfee038c17fe9e37afd92b5920d810e?s=96&d=mm&r=g\",\"caption\":\"admin\"},\"description\":\"Lorem ipsum dolor sit amet, consectetur adipiscing elit. Nam viverra euismod odio, gravida pellentesque urna varius vitae. Sed dui lorem, adipiscing in adipiscing et, interdum nec metus. Mauris ultricies, justo eu convallis placerat, felis enim ornare nisi, vitae mattis nulla ante id dui. Ut lectus purus, commodo et tincidunt vel, interdum sed lectus. Vestibulum adipiscing tempor nisi id elementi.\",\"url\":\"https:\\\/\\\/mula.es\\\/web\\\/author\\\/jose-maria-boti\\\/\"}]}<\/script>\n<!-- \/ Yoast SEO plugin. -->","yoast_head_json":{"title":"Proyectos presupuestos participativos 2018 - Direcci\u00f3n General de Juventud de la CARM - Ayuntamiento de Mula","robots":{"index":"index","follow":"follow","max-snippet":"max-snippet:-1","max-image-preview":"max-image-preview:large","max-video-preview":"max-video-preview:-1"},"canonical":"https:\/\/mula.es\/web\/proyectos-presupuestos-participativos-2018-direccion-general-de-juventud-de-la-carm\/","og_locale":"es_ES","og_type":"article","og_title":"Proyectos presupuestos participativos 2018 - Direcci\u00f3n General de Juventud de la CARM - Ayuntamiento de Mula","og_url":"https:\/\/mula.es\/web\/proyectos-presupuestos-participativos-2018-direccion-general-de-juventud-de-la-carm\/","og_site_name":"Ayuntamiento de Mula","article_published_time":"2017-10-02T13:07:21+00:00","article_modified_time":"2021-05-12T18:14:57+00:00","og_image":[{"width":170,"height":120,"url":"https:\/\/i0.wp.com\/mula.es\/web\/wp-content\/uploads\/2016\/02\/image4482-2.png?fit=170%2C120&ssl=1","type":"image\/png"}],"author":"admin","twitter_card":"summary_large_image","twitter_creator":"@AyuntamientMula","twitter_site":"@AyuntamientMula","twitter_misc":{"Escrito por":"admin","Tiempo de lectura":"3 minutos"},"schema":{"@context":"https:\/\/schema.org","@graph":[{"@type":"Article","@id":"https:\/\/mula.es\/web\/proyectos-presupuestos-participativos-2018-direccion-general-de-juventud-de-la-carm\/#article","isPartOf":{"@id":"https:\/\/mula.es\/web\/proyectos-presupuestos-participativos-2018-direccion-general-de-juventud-de-la-carm\/"},"author":{"name":"admin","@id":"https:\/\/mula.es\/web\/#\/schema\/person\/a0dbffe9f4a3ed4aaebedcfef02f71a1"},"headline":"Proyectos presupuestos participativos 2018 &#8211; Direcci\u00f3n General de Juventud de la CARM","datePublished":"2017-10-02T13:07:21+00:00","dateModified":"2021-05-12T18:14:57+00:00","mainEntityOfPage":{"@id":"https:\/\/mula.es\/web\/proyectos-presupuestos-participativos-2018-direccion-general-de-juventud-de-la-carm\/"},"wordCount":549,"image":{"@id":"https:\/\/mula.es\/web\/proyectos-presupuestos-participativos-2018-direccion-general-de-juventud-de-la-carm\/#primaryimage"},"thumbnailUrl":"https:\/\/mula.es\/web\/wp-content\/uploads\/2016\/02\/image4482-2.png","articleSection":["juventud y adolescencia"],"inLanguage":"es"},{"@type":"WebPage","@id":"https:\/\/mula.es\/web\/proyectos-presupuestos-participativos-2018-direccion-general-de-juventud-de-la-carm\/","url":"https:\/\/mula.es\/web\/proyectos-presupuestos-participativos-2018-direccion-general-de-juventud-de-la-carm\/","name":"Proyectos presupuestos participativos 2018 - Direcci\u00f3n General de Juventud de la CARM - Ayuntamiento de Mula","isPartOf":{"@id":"https:\/\/mula.es\/web\/#website"},"primaryImageOfPage":{"@id":"https:\/\/mula.es\/web\/proyectos-presupuestos-participativos-2018-direccion-general-de-juventud-de-la-carm\/#primaryimage"},"image":{"@id":"https:\/\/mula.es\/web\/proyectos-presupuestos-participativos-2018-direccion-general-de-juventud-de-la-carm\/#primaryimage"},"thumbnailUrl":"https:\/\/mula.es\/web\/wp-content\/uploads\/2016\/02\/image4482-2.png","datePublished":"2017-10-02T13:07:21+00:00","dateModified":"2021-05-12T18:14:57+00:00","author":{"@id":"https:\/\/mula.es\/web\/#\/schema\/person\/a0dbffe9f4a3ed4aaebedcfef02f71a1"},"breadcrumb":{"@id":"https:\/\/mula.es\/web\/proyectos-presupuestos-participativos-2018-direccion-general-de-juventud-de-la-carm\/#breadcrumb"},"inLanguage":"es","potentialAction":[{"@type":"ReadAction","target":["https:\/\/mula.es\/web\/proyectos-presupuestos-participativos-2018-direccion-general-de-juventud-de-la-carm\/"]}]},{"@type":"ImageObject","inLanguage":"es","@id":"https:\/\/mula.es\/web\/proyectos-presupuestos-participativos-2018-direccion-general-de-juventud-de-la-carm\/#primaryimage","url":"https:\/\/mula.es\/web\/wp-content\/uploads\/2016\/02\/image4482-2.png","contentUrl":"https:\/\/mula.es\/web\/wp-content\/uploads\/2016\/02\/image4482-2.png","width":170,"height":120,"caption":"Logo Juventud"},{"@type":"BreadcrumbList","@id":"https:\/\/mula.es\/web\/proyectos-presupuestos-participativos-2018-direccion-general-de-juventud-de-la-carm\/#breadcrumb","itemListElement":[{"@type":"ListItem","position":1,"name":"Portada","item":"https:\/\/mula.es\/web\/"},{"@type":"ListItem","position":2,"name":"Proyectos presupuestos participativos 2018 &#8211; Direcci\u00f3n General de Juventud de la CARM"}]},{"@type":"WebSite","@id":"https:\/\/mula.es\/web\/#website","url":"https:\/\/mula.es\/web\/","name":"Ayuntamiento de Mula","description":"P\u00e1gina web del Ayuntamiento de Mula (Regi\u00f3n de Murcia)","potentialAction":[{"@type":"SearchAction","target":{"@type":"EntryPoint","urlTemplate":"https:\/\/mula.es\/web\/?s={search_term_string}"},"query-input":{"@type":"PropertyValueSpecification","valueRequired":true,"valueName":"search_term_string"}}],"inLanguage":"es"},{"@type":"Person","@id":"https:\/\/mula.es\/web\/#\/schema\/person\/a0dbffe9f4a3ed4aaebedcfef02f71a1","name":"admin","image":{"@type":"ImageObject","inLanguage":"es","@id":"https:\/\/secure.gravatar.com\/avatar\/5423b9cd77f4c7f89a124365a268866f9dfee038c17fe9e37afd92b5920d810e?s=96&d=mm&r=g","url":"https:\/\/secure.gravatar.com\/avatar\/5423b9cd77f4c7f89a124365a268866f9dfee038c17fe9e37afd92b5920d810e?s=96&d=mm&r=g","contentUrl":"https:\/\/secure.gravatar.com\/avatar\/5423b9cd77f4c7f89a124365a268866f9dfee038c17fe9e37afd92b5920d810e?s=96&d=mm&r=g","caption":"admin"},"description":"Lorem ipsum dolor sit amet, consectetur adipiscing elit. Nam viverra euismod odio, gravida pellentesque urna varius vitae. Sed dui lorem, adipiscing in adipiscing et, interdum nec metus. Mauris ultricies, justo eu convallis placerat, felis enim ornare nisi, vitae mattis nulla ante id dui. Ut lectus purus, commodo et tincidunt vel, interdum sed lectus. Vestibulum adipiscing tempor nisi id elementi.","url":"https:\/\/mula.es\/web\/author\/jose-maria-boti\/"}]}},"jetpack_publicize_connections":[],"jetpack_featured_media_url":"https:\/\/mula.es\/web\/wp-content\/uploads\/2016\/02\/image4482-2.png","jetpack_sharing_enabled":true,"jetpack_shortlink":"https:\/\/wp.me\/pa9DMY-6rN","jetpack-related-posts":[],"_links":{"self":[{"href":"https:\/\/mula.es\/web\/wp-json\/wp\/v2\/posts\/24787","targetHints":{"allow":["GET"]}}],"collection":[{"href":"https:\/\/mula.es\/web\/wp-json\/wp\/v2\/posts"}],"about":[{"href":"https:\/\/mula.es\/web\/wp-json\/wp\/v2\/types\/post"}],"author":[{"embeddable":true,"href":"https:\/\/mula.es\/web\/wp-json\/wp\/v2\/users\/1"}],"replies":[{"embeddable":true,"href":"https:\/\/mula.es\/web\/wp-json\/wp\/v2\/comments?post=24787"}],"version-history":[{"count":3,"href":"https:\/\/mula.es\/web\/wp-json\/wp\/v2\/posts\/24787\/revisions"}],"predecessor-version":[{"id":39626,"href":"https:\/\/mula.es\/web\/wp-json\/wp\/v2\/posts\/24787\/revisions\/39626"}],"wp:featuredmedia":[{"embeddable":true,"href":"https:\/\/mula.es\/web\/wp-json\/wp\/v2\/media\/14282"}],"wp:attachment":[{"href":"https:\/\/mula.es\/web\/wp-json\/wp\/v2\/media?parent=24787"}],"wp:term":[{"taxonomy":"category","embeddable":true,"href":"https:\/\/mula.es\/web\/wp-json\/wp\/v2\/categories?post=24787"},{"taxonomy":"post_tag","embeddable":true,"href":"https:\/\/mula.es\/web\/wp-json\/wp\/v2\/tags?post=24787"}],"curies":[{"name":"wp","href":"https:\/\/api.w.org\/{rel}","templated":true}]}}