{"id":25387,"date":"2017-10-25T12:40:37","date_gmt":"2017-10-25T10:40:37","guid":{"rendered":"http:\/\/mula.es\/web\/?p=25387"},"modified":"2021-05-12T20:14:51","modified_gmt":"2021-05-12T18:14:51","slug":"aprobada-la-creacion-de-un-area-de-regeneracion-y-renovacion-urbana","status":"publish","type":"post","link":"https:\/\/mula.es\/web\/aprobada-la-creacion-de-un-area-de-regeneracion-y-renovacion-urbana\/","title":{"rendered":"Aprobada la creaci\u00f3n de un \u00e1rea de regeneraci\u00f3n y renovaci\u00f3n urbana"},"content":{"rendered":"<div class=\"fusion-fullwidth fullwidth-box fusion-builder-row-1 fusion-flex-container hundred-percent-fullwidth non-hundred-percent-height-scrolling\" style=\"--awb-border-radius-top-left:0px;--awb-border-radius-top-right:0px;--awb-border-radius-bottom-right:0px;--awb-border-radius-bottom-left:0px;--awb-overflow:visible;--awb-flex-wrap:wrap;\" ><div class=\"fusion-builder-row fusion-row fusion-flex-align-items-flex-start fusion-flex-content-wrap\" style=\"width:104% !important;max-width:104% !important;margin-left: calc(-4% \/ 2 );margin-right: calc(-4% \/ 2 );\"><div class=\"fusion-layout-column fusion_builder_column fusion-builder-column-0 fusion_builder_column_1_1 1_1 fusion-flex-column\" style=\"--awb-bg-size:cover;--awb-width-large:100%;--awb-margin-top-large:0px;--awb-spacing-right-large:1.92%;--awb-margin-bottom-large:20px;--awb-spacing-left-large:1.92%;--awb-width-medium:100%;--awb-spacing-right-medium:1.92%;--awb-spacing-left-medium:1.92%;--awb-width-small:100%;--awb-spacing-right-small:1.92%;--awb-spacing-left-small:1.92%;\"><div class=\"fusion-column-wrapper fusion-flex-justify-content-flex-start fusion-content-layout-column\"><div class=\"fusion-text fusion-text-1\"><p>El Ayuntamiento de Mula firma un convenio con la Comunidad Aut\u00f3noma y con el Ministerio de Fomento para la aprobaci\u00f3n de un \u00c1rea de Renovaci\u00f3n y Regeneraci\u00f3n Urbana en el casco antiguo de Mula, La Puebla, Los Ba\u00f1os y Fuente Librilla.<\/p>\n<p>Se han seleccionado aquellas zonas que el PGOU clasifica como 1a residencial casco antiguo, por lo que se trata de zonas con un alto grado de consolidaci\u00f3n, formado generalmente por viviendas tradicionales. En Mula, incluye el per\u00edmetro del Conjunto Hist\u00f3rico Art\u00edstico m\u00e1s el Barrio de San Felipe; En La Puebla, Los Ba\u00f1os y Fuente Librilla, sus cascos hist\u00f3ricos.<a name=\"_GoBack\"><\/a>Son objeto de este programa las actuaciones de mantenimiento y conservaci\u00f3n, mejoras de la accesibilidad y mejoras de la eficiencia energ\u00e9tica, tanto de edificios como de viviendas. Las cuant\u00edas subvencionables depender\u00e1n del tipo de actuaci\u00f3n, pudiendo llegar hasta un 47,25% del presupuesto protegido, siendo el l\u00edmite m\u00e1ximo de 15.000 euros por vivienda.<\/p>\n<p>La convocatoria con los plazos y requisitos se publicar\u00e1 durante las pr\u00f3ximas semanas. El Ayuntamiento realizar\u00e1 diversas charlas explicativas y establecer\u00e1 un punto fijo de informaci\u00f3n para todos aquellos ciudadanos cuya residencia se encuentre dentro de las \u00e1reas delimitadas y quieran llevar a cabo obras de mantenimiento y rehabilitaci\u00f3n.<\/p>\n<\/div><\/div><\/div><div class=\"fusion-layout-column fusion_builder_column fusion-builder-column-1 fusion_builder_column_1_2 1_2 fusion-flex-column\" style=\"--awb-bg-size:cover;--awb-width-large:50%;--awb-margin-top-large:0px;--awb-spacing-right-large:3.84%;--awb-margin-bottom-large:20px;--awb-spacing-left-large:3.84%;--awb-width-medium:50%;--awb-spacing-right-medium:3.84%;--awb-spacing-left-medium:3.84%;--awb-width-small:100%;--awb-spacing-right-small:1.92%;--awb-spacing-left-small:1.92%;\"><div class=\"fusion-column-wrapper fusion-flex-justify-content-flex-start fusion-content-layout-column\"><div class=\"fusion-text fusion-text-2\"><p><img decoding=\"async\" data-attachment-id=\"25389\" data-permalink=\"https:\/\/mula.es\/web\/aprobada-la-creacion-de-un-area-de-regeneracion-y-renovacion-urbana\/2017_10_25_09_07_08_memoria_programa_arru_mula_todo_comprimido_-pdf_adobe_acrobat_reader_dc-3\/\" data-orig-file=\"https:\/\/mula.es\/web\/wp-content\/uploads\/2017\/10\/2017_10_25_09_07_08_Memoria_programa_ARRU_Mula_Todo_comprimido_.pdf_Adobe_Acrobat_Reader_DC-3.jpg\" data-orig-size=\"724,1024\" data-comments-opened=\"0\" data-image-meta=\"\" data-image-title=\"2017_10_25_09_07_08_Memoria_programa_ARRU_Mula_Todo_comprimido_.pdf_Adobe_Acrobat_Reader_DC (3)\" data-image-description=\"\" data-image-caption=\"\" data-large-file=\"https:\/\/mula.es\/web\/wp-content\/uploads\/2017\/10\/2017_10_25_09_07_08_Memoria_programa_ARRU_Mula_Todo_comprimido_.pdf_Adobe_Acrobat_Reader_DC-3-724x1024.jpg\" class=\"aligncenter size-large wp-image-25389\" src=\"https:\/\/mula.es\/web\/wp-content\/uploads\/2017\/10\/2017_10_25_09_07_08_Memoria_programa_ARRU_Mula_Todo_comprimido_.pdf_Adobe_Acrobat_Reader_DC-3-724x1024.jpg\" alt=\"2017_10_25_09_07_08_Memoria_programa_ARRU_Mula_Todo_comprimido_.pdf_Adobe_Acrobat_Reader_DC (3)\" width=\"724\" height=\"1024\" srcset=\"https:\/\/mula.es\/web\/wp-content\/uploads\/2017\/10\/2017_10_25_09_07_08_Memoria_programa_ARRU_Mula_Todo_comprimido_.pdf_Adobe_Acrobat_Reader_DC-3-200x283.jpg 200w, https:\/\/mula.es\/web\/wp-content\/uploads\/2017\/10\/2017_10_25_09_07_08_Memoria_programa_ARRU_Mula_Todo_comprimido_.pdf_Adobe_Acrobat_Reader_DC-3-212x300.jpg 212w, https:\/\/mula.es\/web\/wp-content\/uploads\/2017\/10\/2017_10_25_09_07_08_Memoria_programa_ARRU_Mula_Todo_comprimido_.pdf_Adobe_Acrobat_Reader_DC-3-400x566.jpg 400w, https:\/\/mula.es\/web\/wp-content\/uploads\/2017\/10\/2017_10_25_09_07_08_Memoria_programa_ARRU_Mula_Todo_comprimido_.pdf_Adobe_Acrobat_Reader_DC-3-600x849.jpg 600w, https:\/\/mula.es\/web\/wp-content\/uploads\/2017\/10\/2017_10_25_09_07_08_Memoria_programa_ARRU_Mula_Todo_comprimido_.pdf_Adobe_Acrobat_Reader_DC-3.jpg 724w\" sizes=\"(max-width: 724px) 100vw, 724px\" \/><\/p>\n<\/div><\/div><\/div><div class=\"fusion-layout-column fusion_builder_column fusion-builder-column-2 fusion_builder_column_1_2 1_2 fusion-flex-column\" style=\"--awb-bg-size:cover;--awb-width-large:50%;--awb-margin-top-large:0px;--awb-spacing-right-large:3.84%;--awb-margin-bottom-large:20px;--awb-spacing-left-large:3.84%;--awb-width-medium:50%;--awb-spacing-right-medium:3.84%;--awb-spacing-left-medium:3.84%;--awb-width-small:100%;--awb-spacing-right-small:1.92%;--awb-spacing-left-small:1.92%;\"><div class=\"fusion-column-wrapper fusion-flex-justify-content-flex-start fusion-content-layout-column\"><div class=\"fusion-text fusion-text-3\"><p><img data-attachment-id=\"25391\" data-permalink=\"https:\/\/mula.es\/web\/aprobada-la-creacion-de-un-area-de-regeneracion-y-renovacion-urbana\/img-0044\/\" data-orig-file=\"https:\/\/mula.es\/web\/wp-content\/uploads\/2017\/10\/IMG-0044.jpg\" data-orig-size=\"2275,1319\" data-comments-opened=\"0\" data-image-meta=\"\" data-image-title=\"urre 25102017\" data-image-description=\"\n\n<p>urre 25102017<\/p>\n<p>\" data-image-caption=\"\" data-large-file=\"https:\/\/mula.es\/web\/wp-content\/uploads\/2017\/10\/IMG-0044-1024x594.jpg\" class=\"aligncenter size-large wp-image-25391\" src=\"https:\/\/mula.es\/web\/wp-content\/uploads\/2017\/10\/IMG-0044-1024x594.jpg\" alt=\"urre 25102017\" width=\"1024\" height=\"594\" \/><\/p>\n<\/div><\/div><\/div><\/div><\/div>\n","protected":false},"excerpt":{"rendered":"","protected":false},"author":1,"featured_media":25388,"comment_status":"closed","ping_status":"closed","sticky":false,"template":"","format":"standard","meta":{"jetpack_post_was_ever_published":false,"_jetpack_newsletter_access":"","_jetpack_dont_email_post_to_subs":false,"_jetpack_newsletter_tier_id":0,"_jetpack_memberships_contains_paywalled_content":false,"_jetpack_memberships_contains_paid_content":false,"footnotes":"","jetpack_publicize_message":"","jetpack_publicize_feature_enabled":true,"jetpack_social_post_already_shared":false,"jetpack_social_options":{"image_generator_settings":{"template":"highway","default_image_id":0,"font":"","enabled":false},"version":2}},"categories":[333,362],"tags":[],"class_list":["post-25387","post","type-post","status-publish","format-standard","has-post-thumbnail","hentry","category-pedanias","category-urbanismo"],"yoast_head":"<!-- This site is optimized with the Yoast SEO plugin v27.5 - https:\/\/yoast.com\/product\/yoast-seo-wordpress\/ -->\n<title>Aprobada la creaci\u00f3n de un \u00e1rea de regeneraci\u00f3n y renovaci\u00f3n urbana - Ayuntamiento de Mula<\/title>\n<meta name=\"robots\" content=\"index, follow, max-snippet:-1, max-image-preview:large, max-video-preview:-1\" \/>\n<link rel=\"canonical\" href=\"https:\/\/mula.es\/web\/aprobada-la-creacion-de-un-area-de-regeneracion-y-renovacion-urbana\/\" \/>\n<meta property=\"og:locale\" content=\"es_ES\" \/>\n<meta property=\"og:type\" content=\"article\" \/>\n<meta property=\"og:title\" content=\"Aprobada la creaci\u00f3n de un \u00e1rea de regeneraci\u00f3n y renovaci\u00f3n urbana - Ayuntamiento de Mula\" \/>\n<meta property=\"og:url\" content=\"https:\/\/mula.es\/web\/aprobada-la-creacion-de-un-area-de-regeneracion-y-renovacion-urbana\/\" \/>\n<meta property=\"og:site_name\" content=\"Ayuntamiento de Mula\" \/>\n<meta property=\"article:published_time\" content=\"2017-10-25T10:40:37+00:00\" \/>\n<meta property=\"article:modified_time\" content=\"2021-05-12T18:14:51+00:00\" \/>\n<meta property=\"og:image\" content=\"https:\/\/mula.es\/web\/wp-content\/uploads\/2017\/10\/IMG-0049-1024x684.jpg\" \/>\n\t<meta property=\"og:image:width\" content=\"1024\" \/>\n\t<meta property=\"og:image:height\" content=\"684\" \/>\n\t<meta property=\"og:image:type\" content=\"image\/jpeg\" \/>\n<meta name=\"author\" content=\"admin\" \/>\n<meta name=\"twitter:card\" content=\"summary_large_image\" \/>\n<meta name=\"twitter:creator\" content=\"@AyuntamientMula\" \/>\n<meta name=\"twitter:site\" content=\"@AyuntamientMula\" \/>\n<meta name=\"twitter:label1\" content=\"Escrito por\" \/>\n\t<meta name=\"twitter:data1\" content=\"admin\" \/>\n\t<meta name=\"twitter:label2\" content=\"Tiempo de lectura\" \/>\n\t<meta name=\"twitter:data2\" content=\"2 minutos\" \/>\n<script type=\"application\/ld+json\" class=\"yoast-schema-graph\">{\"@context\":\"https:\\\/\\\/schema.org\",\"@graph\":[{\"@type\":\"Article\",\"@id\":\"https:\\\/\\\/mula.es\\\/web\\\/aprobada-la-creacion-de-un-area-de-regeneracion-y-renovacion-urbana\\\/#article\",\"isPartOf\":{\"@id\":\"https:\\\/\\\/mula.es\\\/web\\\/aprobada-la-creacion-de-un-area-de-regeneracion-y-renovacion-urbana\\\/\"},\"author\":{\"name\":\"admin\",\"@id\":\"https:\\\/\\\/mula.es\\\/web\\\/#\\\/schema\\\/person\\\/a0dbffe9f4a3ed4aaebedcfef02f71a1\"},\"headline\":\"Aprobada la creaci\u00f3n de un \u00e1rea de regeneraci\u00f3n y renovaci\u00f3n urbana\",\"datePublished\":\"2017-10-25T10:40:37+00:00\",\"dateModified\":\"2021-05-12T18:14:51+00:00\",\"mainEntityOfPage\":{\"@id\":\"https:\\\/\\\/mula.es\\\/web\\\/aprobada-la-creacion-de-un-area-de-regeneracion-y-renovacion-urbana\\\/\"},\"wordCount\":437,\"image\":{\"@id\":\"https:\\\/\\\/mula.es\\\/web\\\/aprobada-la-creacion-de-un-area-de-regeneracion-y-renovacion-urbana\\\/#primaryimage\"},\"thumbnailUrl\":\"https:\\\/\\\/mula.es\\\/web\\\/wp-content\\\/uploads\\\/2017\\\/10\\\/IMG-0049.jpg\",\"articleSection\":[\"pedan\u00edas\",\"urbanismo\"],\"inLanguage\":\"es\"},{\"@type\":\"WebPage\",\"@id\":\"https:\\\/\\\/mula.es\\\/web\\\/aprobada-la-creacion-de-un-area-de-regeneracion-y-renovacion-urbana\\\/\",\"url\":\"https:\\\/\\\/mula.es\\\/web\\\/aprobada-la-creacion-de-un-area-de-regeneracion-y-renovacion-urbana\\\/\",\"name\":\"Aprobada la creaci\u00f3n de un \u00e1rea de regeneraci\u00f3n y renovaci\u00f3n urbana - Ayuntamiento de Mula\",\"isPartOf\":{\"@id\":\"https:\\\/\\\/mula.es\\\/web\\\/#website\"},\"primaryImageOfPage\":{\"@id\":\"https:\\\/\\\/mula.es\\\/web\\\/aprobada-la-creacion-de-un-area-de-regeneracion-y-renovacion-urbana\\\/#primaryimage\"},\"image\":{\"@id\":\"https:\\\/\\\/mula.es\\\/web\\\/aprobada-la-creacion-de-un-area-de-regeneracion-y-renovacion-urbana\\\/#primaryimage\"},\"thumbnailUrl\":\"https:\\\/\\\/mula.es\\\/web\\\/wp-content\\\/uploads\\\/2017\\\/10\\\/IMG-0049.jpg\",\"datePublished\":\"2017-10-25T10:40:37+00:00\",\"dateModified\":\"2021-05-12T18:14:51+00:00\",\"author\":{\"@id\":\"https:\\\/\\\/mula.es\\\/web\\\/#\\\/schema\\\/person\\\/a0dbffe9f4a3ed4aaebedcfef02f71a1\"},\"breadcrumb\":{\"@id\":\"https:\\\/\\\/mula.es\\\/web\\\/aprobada-la-creacion-de-un-area-de-regeneracion-y-renovacion-urbana\\\/#breadcrumb\"},\"inLanguage\":\"es\",\"potentialAction\":[{\"@type\":\"ReadAction\",\"target\":[\"https:\\\/\\\/mula.es\\\/web\\\/aprobada-la-creacion-de-un-area-de-regeneracion-y-renovacion-urbana\\\/\"]}]},{\"@type\":\"ImageObject\",\"inLanguage\":\"es\",\"@id\":\"https:\\\/\\\/mula.es\\\/web\\\/aprobada-la-creacion-de-un-area-de-regeneracion-y-renovacion-urbana\\\/#primaryimage\",\"url\":\"https:\\\/\\\/mula.es\\\/web\\\/wp-content\\\/uploads\\\/2017\\\/10\\\/IMG-0049.jpg\",\"contentUrl\":\"https:\\\/\\\/mula.es\\\/web\\\/wp-content\\\/uploads\\\/2017\\\/10\\\/IMG-0049.jpg\",\"width\":2992,\"height\":2000},{\"@type\":\"BreadcrumbList\",\"@id\":\"https:\\\/\\\/mula.es\\\/web\\\/aprobada-la-creacion-de-un-area-de-regeneracion-y-renovacion-urbana\\\/#breadcrumb\",\"itemListElement\":[{\"@type\":\"ListItem\",\"position\":1,\"name\":\"Portada\",\"item\":\"https:\\\/\\\/mula.es\\\/web\\\/\"},{\"@type\":\"ListItem\",\"position\":2,\"name\":\"Aprobada la creaci\u00f3n de un \u00e1rea de regeneraci\u00f3n y renovaci\u00f3n urbana\"}]},{\"@type\":\"WebSite\",\"@id\":\"https:\\\/\\\/mula.es\\\/web\\\/#website\",\"url\":\"https:\\\/\\\/mula.es\\\/web\\\/\",\"name\":\"Ayuntamiento de Mula\",\"description\":\"P\u00e1gina web del Ayuntamiento de Mula (Regi\u00f3n de Murcia)\",\"potentialAction\":[{\"@type\":\"SearchAction\",\"target\":{\"@type\":\"EntryPoint\",\"urlTemplate\":\"https:\\\/\\\/mula.es\\\/web\\\/?s={search_term_string}\"},\"query-input\":{\"@type\":\"PropertyValueSpecification\",\"valueRequired\":true,\"valueName\":\"search_term_string\"}}],\"inLanguage\":\"es\"},{\"@type\":\"Person\",\"@id\":\"https:\\\/\\\/mula.es\\\/web\\\/#\\\/schema\\\/person\\\/a0dbffe9f4a3ed4aaebedcfef02f71a1\",\"name\":\"admin\",\"image\":{\"@type\":\"ImageObject\",\"inLanguage\":\"es\",\"@id\":\"https:\\\/\\\/secure.gravatar.com\\\/avatar\\\/5423b9cd77f4c7f89a124365a268866f9dfee038c17fe9e37afd92b5920d810e?s=96&d=mm&r=g\",\"url\":\"https:\\\/\\\/secure.gravatar.com\\\/avatar\\\/5423b9cd77f4c7f89a124365a268866f9dfee038c17fe9e37afd92b5920d810e?s=96&d=mm&r=g\",\"contentUrl\":\"https:\\\/\\\/secure.gravatar.com\\\/avatar\\\/5423b9cd77f4c7f89a124365a268866f9dfee038c17fe9e37afd92b5920d810e?s=96&d=mm&r=g\",\"caption\":\"admin\"},\"description\":\"Lorem ipsum dolor sit amet, consectetur adipiscing elit. Nam viverra euismod odio, gravida pellentesque urna varius vitae. Sed dui lorem, adipiscing in adipiscing et, interdum nec metus. Mauris ultricies, justo eu convallis placerat, felis enim ornare nisi, vitae mattis nulla ante id dui. Ut lectus purus, commodo et tincidunt vel, interdum sed lectus. Vestibulum adipiscing tempor nisi id elementi.\",\"url\":\"https:\\\/\\\/mula.es\\\/web\\\/author\\\/jose-maria-boti\\\/\"}]}<\/script>\n<!-- \/ Yoast SEO plugin. -->","yoast_head_json":{"title":"Aprobada la creaci\u00f3n de un \u00e1rea de regeneraci\u00f3n y renovaci\u00f3n urbana - Ayuntamiento de Mula","robots":{"index":"index","follow":"follow","max-snippet":"max-snippet:-1","max-image-preview":"max-image-preview:large","max-video-preview":"max-video-preview:-1"},"canonical":"https:\/\/mula.es\/web\/aprobada-la-creacion-de-un-area-de-regeneracion-y-renovacion-urbana\/","og_locale":"es_ES","og_type":"article","og_title":"Aprobada la creaci\u00f3n de un \u00e1rea de regeneraci\u00f3n y renovaci\u00f3n urbana - Ayuntamiento de Mula","og_url":"https:\/\/mula.es\/web\/aprobada-la-creacion-de-un-area-de-regeneracion-y-renovacion-urbana\/","og_site_name":"Ayuntamiento de Mula","article_published_time":"2017-10-25T10:40:37+00:00","article_modified_time":"2021-05-12T18:14:51+00:00","og_image":[{"width":1024,"height":684,"url":"https:\/\/mula.es\/web\/wp-content\/uploads\/2017\/10\/IMG-0049-1024x684.jpg","type":"image\/jpeg"}],"author":"admin","twitter_card":"summary_large_image","twitter_creator":"@AyuntamientMula","twitter_site":"@AyuntamientMula","twitter_misc":{"Escrito por":"admin","Tiempo de lectura":"2 minutos"},"schema":{"@context":"https:\/\/schema.org","@graph":[{"@type":"Article","@id":"https:\/\/mula.es\/web\/aprobada-la-creacion-de-un-area-de-regeneracion-y-renovacion-urbana\/#article","isPartOf":{"@id":"https:\/\/mula.es\/web\/aprobada-la-creacion-de-un-area-de-regeneracion-y-renovacion-urbana\/"},"author":{"name":"admin","@id":"https:\/\/mula.es\/web\/#\/schema\/person\/a0dbffe9f4a3ed4aaebedcfef02f71a1"},"headline":"Aprobada la creaci\u00f3n de un \u00e1rea de regeneraci\u00f3n y renovaci\u00f3n urbana","datePublished":"2017-10-25T10:40:37+00:00","dateModified":"2021-05-12T18:14:51+00:00","mainEntityOfPage":{"@id":"https:\/\/mula.es\/web\/aprobada-la-creacion-de-un-area-de-regeneracion-y-renovacion-urbana\/"},"wordCount":437,"image":{"@id":"https:\/\/mula.es\/web\/aprobada-la-creacion-de-un-area-de-regeneracion-y-renovacion-urbana\/#primaryimage"},"thumbnailUrl":"https:\/\/mula.es\/web\/wp-content\/uploads\/2017\/10\/IMG-0049.jpg","articleSection":["pedan\u00edas","urbanismo"],"inLanguage":"es"},{"@type":"WebPage","@id":"https:\/\/mula.es\/web\/aprobada-la-creacion-de-un-area-de-regeneracion-y-renovacion-urbana\/","url":"https:\/\/mula.es\/web\/aprobada-la-creacion-de-un-area-de-regeneracion-y-renovacion-urbana\/","name":"Aprobada la creaci\u00f3n de un \u00e1rea de regeneraci\u00f3n y renovaci\u00f3n urbana - Ayuntamiento de Mula","isPartOf":{"@id":"https:\/\/mula.es\/web\/#website"},"primaryImageOfPage":{"@id":"https:\/\/mula.es\/web\/aprobada-la-creacion-de-un-area-de-regeneracion-y-renovacion-urbana\/#primaryimage"},"image":{"@id":"https:\/\/mula.es\/web\/aprobada-la-creacion-de-un-area-de-regeneracion-y-renovacion-urbana\/#primaryimage"},"thumbnailUrl":"https:\/\/mula.es\/web\/wp-content\/uploads\/2017\/10\/IMG-0049.jpg","datePublished":"2017-10-25T10:40:37+00:00","dateModified":"2021-05-12T18:14:51+00:00","author":{"@id":"https:\/\/mula.es\/web\/#\/schema\/person\/a0dbffe9f4a3ed4aaebedcfef02f71a1"},"breadcrumb":{"@id":"https:\/\/mula.es\/web\/aprobada-la-creacion-de-un-area-de-regeneracion-y-renovacion-urbana\/#breadcrumb"},"inLanguage":"es","potentialAction":[{"@type":"ReadAction","target":["https:\/\/mula.es\/web\/aprobada-la-creacion-de-un-area-de-regeneracion-y-renovacion-urbana\/"]}]},{"@type":"ImageObject","inLanguage":"es","@id":"https:\/\/mula.es\/web\/aprobada-la-creacion-de-un-area-de-regeneracion-y-renovacion-urbana\/#primaryimage","url":"https:\/\/mula.es\/web\/wp-content\/uploads\/2017\/10\/IMG-0049.jpg","contentUrl":"https:\/\/mula.es\/web\/wp-content\/uploads\/2017\/10\/IMG-0049.jpg","width":2992,"height":2000},{"@type":"BreadcrumbList","@id":"https:\/\/mula.es\/web\/aprobada-la-creacion-de-un-area-de-regeneracion-y-renovacion-urbana\/#breadcrumb","itemListElement":[{"@type":"ListItem","position":1,"name":"Portada","item":"https:\/\/mula.es\/web\/"},{"@type":"ListItem","position":2,"name":"Aprobada la creaci\u00f3n de un \u00e1rea de regeneraci\u00f3n y renovaci\u00f3n urbana"}]},{"@type":"WebSite","@id":"https:\/\/mula.es\/web\/#website","url":"https:\/\/mula.es\/web\/","name":"Ayuntamiento de Mula","description":"P\u00e1gina web del Ayuntamiento de Mula (Regi\u00f3n de Murcia)","potentialAction":[{"@type":"SearchAction","target":{"@type":"EntryPoint","urlTemplate":"https:\/\/mula.es\/web\/?s={search_term_string}"},"query-input":{"@type":"PropertyValueSpecification","valueRequired":true,"valueName":"search_term_string"}}],"inLanguage":"es"},{"@type":"Person","@id":"https:\/\/mula.es\/web\/#\/schema\/person\/a0dbffe9f4a3ed4aaebedcfef02f71a1","name":"admin","image":{"@type":"ImageObject","inLanguage":"es","@id":"https:\/\/secure.gravatar.com\/avatar\/5423b9cd77f4c7f89a124365a268866f9dfee038c17fe9e37afd92b5920d810e?s=96&d=mm&r=g","url":"https:\/\/secure.gravatar.com\/avatar\/5423b9cd77f4c7f89a124365a268866f9dfee038c17fe9e37afd92b5920d810e?s=96&d=mm&r=g","contentUrl":"https:\/\/secure.gravatar.com\/avatar\/5423b9cd77f4c7f89a124365a268866f9dfee038c17fe9e37afd92b5920d810e?s=96&d=mm&r=g","caption":"admin"},"description":"Lorem ipsum dolor sit amet, consectetur adipiscing elit. Nam viverra euismod odio, gravida pellentesque urna varius vitae. Sed dui lorem, adipiscing in adipiscing et, interdum nec metus. Mauris ultricies, justo eu convallis placerat, felis enim ornare nisi, vitae mattis nulla ante id dui. Ut lectus purus, commodo et tincidunt vel, interdum sed lectus. Vestibulum adipiscing tempor nisi id elementi.","url":"https:\/\/mula.es\/web\/author\/jose-maria-boti\/"}]}},"jetpack_publicize_connections":[],"jetpack_featured_media_url":"https:\/\/mula.es\/web\/wp-content\/uploads\/2017\/10\/IMG-0049.jpg","jetpack_sharing_enabled":true,"jetpack_shortlink":"https:\/\/wp.me\/pa9DMY-6Bt","jetpack-related-posts":[],"_links":{"self":[{"href":"https:\/\/mula.es\/web\/wp-json\/wp\/v2\/posts\/25387","targetHints":{"allow":["GET"]}}],"collection":[{"href":"https:\/\/mula.es\/web\/wp-json\/wp\/v2\/posts"}],"about":[{"href":"https:\/\/mula.es\/web\/wp-json\/wp\/v2\/types\/post"}],"author":[{"embeddable":true,"href":"https:\/\/mula.es\/web\/wp-json\/wp\/v2\/users\/1"}],"replies":[{"embeddable":true,"href":"https:\/\/mula.es\/web\/wp-json\/wp\/v2\/comments?post=25387"}],"version-history":[{"count":3,"href":"https:\/\/mula.es\/web\/wp-json\/wp\/v2\/posts\/25387\/revisions"}],"predecessor-version":[{"id":39599,"href":"https:\/\/mula.es\/web\/wp-json\/wp\/v2\/posts\/25387\/revisions\/39599"}],"wp:featuredmedia":[{"embeddable":true,"href":"https:\/\/mula.es\/web\/wp-json\/wp\/v2\/media\/25388"}],"wp:attachment":[{"href":"https:\/\/mula.es\/web\/wp-json\/wp\/v2\/media?parent=25387"}],"wp:term":[{"taxonomy":"category","embeddable":true,"href":"https:\/\/mula.es\/web\/wp-json\/wp\/v2\/categories?post=25387"},{"taxonomy":"post_tag","embeddable":true,"href":"https:\/\/mula.es\/web\/wp-json\/wp\/v2\/tags?post=25387"}],"curies":[{"name":"wp","href":"https:\/\/api.w.org\/{rel}","templated":true}]}}