{"id":26072,"date":"2018-01-01T11:08:03","date_gmt":"2018-01-01T10:08:03","guid":{"rendered":"http:\/\/mula.es\/web\/?p=26072"},"modified":"2021-05-12T20:14:22","modified_gmt":"2021-05-12T18:14:22","slug":"resumen-del-pleno-municipal-de-21-de-noviembre-2017","status":"publish","type":"post","link":"https:\/\/mula.es\/web\/resumen-del-pleno-municipal-de-21-de-noviembre-2017\/","title":{"rendered":"Resumen del Pleno Municipal de 21 de noviembre de 2017"},"content":{"rendered":"<div class=\"fusion-fullwidth fullwidth-box fusion-builder-row-1 fusion-flex-container hundred-percent-fullwidth non-hundred-percent-height-scrolling\" style=\"--awb-border-radius-top-left:0px;--awb-border-radius-top-right:0px;--awb-border-radius-bottom-right:0px;--awb-border-radius-bottom-left:0px;--awb-overflow:visible;--awb-flex-wrap:wrap;\" ><div class=\"fusion-builder-row fusion-row fusion-flex-align-items-flex-start fusion-flex-content-wrap\" style=\"width:calc( 100% + 0px ) !important;max-width:calc( 100% + 0px ) !important;margin-left: calc(-0px \/ 2 );margin-right: calc(-0px \/ 2 );\"><div class=\"fusion-layout-column fusion_builder_column fusion-builder-column-0 fusion_builder_column_1_1 1_1 fusion-flex-column\" style=\"--awb-bg-size:cover;--awb-width-large:100%;--awb-margin-top-large:0px;--awb-spacing-right-large:0px;--awb-margin-bottom-large:20px;--awb-spacing-left-large:0px;--awb-width-medium:100%;--awb-spacing-right-medium:0px;--awb-spacing-left-medium:0px;--awb-width-small:100%;--awb-spacing-right-small:0px;--awb-spacing-left-small:0px;\"><div class=\"fusion-column-wrapper fusion-flex-justify-content-flex-start fusion-content-layout-column\"><div class=\"fusion-text fusion-text-1\"><p style=\"text-align: left;\"><em>Pulsando sobre el icono Play de Youtube puede acceder v\u00eddeo del punto debatido<\/em><\/p>\n<p style=\"text-align: justify;\">En el Pleno y Urgente celebrado el 21 de noviembre de 2017, se debatieron los siguientes puntos:<\/p>\n<p style=\"text-align: right;\"><em>.<\/em><\/p>\n<ol>\n<li style=\"text-align: justify;\">Se aprueba por unanimiedad el pronunciamiento sobre la urgencia de la sesi\u00f3n para los dos puntos de formalizaciones de pr\u00e9stamos.<a href=\"https:\/\/youtu.be\/SPv_HvVJolY?t=0m4s\"><img decoding=\"async\" data-attachment-id=\"15648\" data-permalink=\"https:\/\/mula.es\/web\/resumen-del-pleno-municipal-de-26-de-julio-de-2016\/botonplayyoutube\/\" data-orig-file=\"https:\/\/mula.es\/web\/wp-content\/uploads\/2016\/04\/botonplayyoutube.png\" data-orig-size=\"300,300\" data-comments-opened=\"0\" data-image-meta=\"\" data-image-title=\"botonplayyoutube\" data-image-description=\"\" data-image-caption=\"\" data-large-file=\"https:\/\/mula.es\/web\/wp-content\/uploads\/2016\/04\/botonplayyoutube.png\" class=\"alignright wp-image-15648\" src=\"https:\/\/mula.es\/web\/wp-content\/uploads\/2016\/04\/botonplayyoutube.png\" alt=\"Enlace pleno youtube\" width=\"40\" height=\"40\" srcset=\"https:\/\/mula.es\/web\/wp-content\/uploads\/2016\/04\/botonplayyoutube-66x66.png 66w, https:\/\/mula.es\/web\/wp-content\/uploads\/2016\/04\/botonplayyoutube-150x150.png 150w, https:\/\/mula.es\/web\/wp-content\/uploads\/2016\/04\/botonplayyoutube.png 300w\" sizes=\"(max-width: 40px) 100vw, 40px\" \/><\/a><br \/>\n<hr \/>\n<\/li>\n<li style=\"text-align: justify;\">El Alcalde da la palabra a la Concejala de Hacienda, Francisca Imbern\u00f3n para explicar la necesidad de formalizaci\u00f3n del pr\u00e9stamo con el fondo de financiaci\u00f3n a entidades locales tras estimaci\u00f3n favorable de la Secretar\u00eda General de Financiaci\u00f3n Auton\u00f3mica y Local acordado en pleno extraordinario de 14 de septiembre de 2017. El importe del pr\u00e9stamo es de 1.153.457,71\u20ac con 1,002% de intereses y un plazo de 10 a\u00f1os con los dos primeros de carencia. Se produce un debate donde participan todos los grupos y el concejal no adscrito. <strong>Se aprueba con 15 votos favorables<\/strong> de todos los grupos y concejal no adscrito excepto <strong>dos votos en contra<\/strong> de Izquierda Unida.<a href=\"https:\/\/youtu.be\/SPv_HvVJolY?t=0m49s\"><img decoding=\"async\" data-attachment-id=\"15648\" data-permalink=\"https:\/\/mula.es\/web\/resumen-del-pleno-municipal-de-26-de-julio-de-2016\/botonplayyoutube\/\" data-orig-file=\"https:\/\/mula.es\/web\/wp-content\/uploads\/2016\/04\/botonplayyoutube.png\" data-orig-size=\"300,300\" data-comments-opened=\"0\" data-image-meta=\"\" data-image-title=\"botonplayyoutube\" data-image-description=\"\" data-image-caption=\"\" data-large-file=\"https:\/\/mula.es\/web\/wp-content\/uploads\/2016\/04\/botonplayyoutube.png\" class=\"alignright wp-image-15648\" src=\"https:\/\/mula.es\/web\/wp-content\/uploads\/2016\/04\/botonplayyoutube.png\" alt=\"Enlace pleno youtube\" width=\"40\" height=\"40\" srcset=\"https:\/\/mula.es\/web\/wp-content\/uploads\/2016\/04\/botonplayyoutube-66x66.png 66w, https:\/\/mula.es\/web\/wp-content\/uploads\/2016\/04\/botonplayyoutube-150x150.png 150w, https:\/\/mula.es\/web\/wp-content\/uploads\/2016\/04\/botonplayyoutube.png 300w\" sizes=\"(max-width: 40px) 100vw, 40px\" \/><\/a><br \/>\n<hr \/>\n<\/li>\n<li style=\"text-align: justify;\">El Alcalde, Juan Jes\u00fas Moreno, da la palabra a la Concejala de Hacienda que explica la necesidad de formalizaci\u00f3n del pr\u00e9stamo para la sustituci\u00f3n de las operaciones de Tesorer\u00eda por operaci\u00f3n a largo plazo. La propuesta son las estudiadas en comisi\u00f3n previa. El importe de un pr\u00e9stamo con Caja Rural Central de 1.550.000\u20ac y el otro con BMN 1.250.000\u20ac\u00a0<a href=\"https:\/\/youtu.be\/SPv_HvVJolY?t=16m10s\"><img decoding=\"async\" data-attachment-id=\"15648\" data-permalink=\"https:\/\/mula.es\/web\/resumen-del-pleno-municipal-de-26-de-julio-de-2016\/botonplayyoutube\/\" data-orig-file=\"https:\/\/mula.es\/web\/wp-content\/uploads\/2016\/04\/botonplayyoutube.png\" data-orig-size=\"300,300\" data-comments-opened=\"0\" data-image-meta=\"\" data-image-title=\"botonplayyoutube\" data-image-description=\"\" data-image-caption=\"\" data-large-file=\"https:\/\/mula.es\/web\/wp-content\/uploads\/2016\/04\/botonplayyoutube.png\" class=\"alignright wp-image-15648\" src=\"https:\/\/mula.es\/web\/wp-content\/uploads\/2016\/04\/botonplayyoutube.png\" alt=\"Enlace pleno youtube\" width=\"40\" height=\"40\" srcset=\"https:\/\/mula.es\/web\/wp-content\/uploads\/2016\/04\/botonplayyoutube-66x66.png 66w, https:\/\/mula.es\/web\/wp-content\/uploads\/2016\/04\/botonplayyoutube-150x150.png 150w, https:\/\/mula.es\/web\/wp-content\/uploads\/2016\/04\/botonplayyoutube.png 300w\" sizes=\"(max-width: 40px) 100vw, 40px\" \/><\/a>. Gracias a esto se cumplir\u00e1 el objetivo de estabilidad.\u00a0Se produce un debate donde participan todos los grupos y el concejal no adscrito. <strong>Se aprueba por unanimidad.<\/strong><\/li>\n<\/ol>\n<p style=\"text-align: justify;\">El Alcalde, antes de levantar la sesi\u00f3n, solicita que se le haga llegar un p\u00e9same a la familia por la muerte de un funcionario jubilado del Ayuntamiento de Mula. Y sin m\u00e1s asuntos a tratar se levanta la sesi\u00f3n.<\/p>\n<\/div><\/div><\/div><\/div><\/div>\n","protected":false},"excerpt":{"rendered":"","protected":false},"author":1,"featured_media":15727,"comment_status":"closed","ping_status":"closed","sticky":false,"template":"","format":"standard","meta":{"jetpack_post_was_ever_published":false,"_jetpack_newsletter_access":"","_jetpack_dont_email_post_to_subs":false,"_jetpack_newsletter_tier_id":0,"_jetpack_memberships_contains_paywalled_content":false,"_jetpack_memberships_contains_paid_content":false,"footnotes":"","jetpack_publicize_message":"","jetpack_publicize_feature_enabled":true,"jetpack_social_post_already_shared":false,"jetpack_social_options":{"image_generator_settings":{"template":"highway","default_image_id":0,"font":"","enabled":false},"version":2}},"categories":[74],"tags":[],"class_list":["post-26072","post","type-post","status-publish","format-standard","has-post-thumbnail","hentry","category-pleno-municipal"],"yoast_head":"<!-- This site is optimized with the Yoast SEO plugin v27.5 - https:\/\/yoast.com\/product\/yoast-seo-wordpress\/ -->\n<title>Resumen del Pleno Municipal de 21 de noviembre de 2017 - Ayuntamiento de Mula<\/title>\n<meta name=\"robots\" content=\"index, follow, max-snippet:-1, max-image-preview:large, max-video-preview:-1\" \/>\n<link rel=\"canonical\" href=\"https:\/\/mula.es\/web\/resumen-del-pleno-municipal-de-21-de-noviembre-2017\/\" \/>\n<meta property=\"og:locale\" content=\"es_ES\" \/>\n<meta property=\"og:type\" content=\"article\" \/>\n<meta property=\"og:title\" content=\"Resumen del Pleno Municipal de 21 de noviembre de 2017 - Ayuntamiento de Mula\" \/>\n<meta property=\"og:url\" content=\"https:\/\/mula.es\/web\/resumen-del-pleno-municipal-de-21-de-noviembre-2017\/\" \/>\n<meta property=\"og:site_name\" content=\"Ayuntamiento de Mula\" \/>\n<meta property=\"article:published_time\" content=\"2018-01-01T10:08:03+00:00\" \/>\n<meta property=\"article:modified_time\" content=\"2021-05-12T18:14:22+00:00\" \/>\n<meta property=\"og:image\" content=\"https:\/\/i0.wp.com\/mula.es\/web\/wp-content\/uploads\/2016\/04\/plenodirecto.jpg?fit=639%2C360&ssl=1\" \/>\n\t<meta property=\"og:image:width\" content=\"639\" \/>\n\t<meta property=\"og:image:height\" content=\"360\" \/>\n\t<meta property=\"og:image:type\" content=\"image\/jpeg\" \/>\n<meta name=\"author\" content=\"admin\" \/>\n<meta name=\"twitter:card\" content=\"summary_large_image\" \/>\n<meta name=\"twitter:creator\" content=\"@AyuntamientMula\" \/>\n<meta name=\"twitter:site\" content=\"@AyuntamientMula\" \/>\n<meta name=\"twitter:label1\" content=\"Escrito por\" \/>\n\t<meta name=\"twitter:data1\" content=\"admin\" \/>\n\t<meta name=\"twitter:label2\" content=\"Tiempo de lectura\" \/>\n\t<meta name=\"twitter:data2\" content=\"2 minutos\" \/>\n<script type=\"application\/ld+json\" class=\"yoast-schema-graph\">{\"@context\":\"https:\\\/\\\/schema.org\",\"@graph\":[{\"@type\":\"Article\",\"@id\":\"https:\\\/\\\/mula.es\\\/web\\\/resumen-del-pleno-municipal-de-21-de-noviembre-2017\\\/#article\",\"isPartOf\":{\"@id\":\"https:\\\/\\\/mula.es\\\/web\\\/resumen-del-pleno-municipal-de-21-de-noviembre-2017\\\/\"},\"author\":{\"name\":\"admin\",\"@id\":\"https:\\\/\\\/mula.es\\\/web\\\/#\\\/schema\\\/person\\\/a0dbffe9f4a3ed4aaebedcfef02f71a1\"},\"headline\":\"Resumen del Pleno Municipal de 21 de noviembre de 2017\",\"datePublished\":\"2018-01-01T10:08:03+00:00\",\"dateModified\":\"2021-05-12T18:14:22+00:00\",\"mainEntityOfPage\":{\"@id\":\"https:\\\/\\\/mula.es\\\/web\\\/resumen-del-pleno-municipal-de-21-de-noviembre-2017\\\/\"},\"wordCount\":386,\"image\":{\"@id\":\"https:\\\/\\\/mula.es\\\/web\\\/resumen-del-pleno-municipal-de-21-de-noviembre-2017\\\/#primaryimage\"},\"thumbnailUrl\":\"https:\\\/\\\/mula.es\\\/web\\\/wp-content\\\/uploads\\\/2016\\\/04\\\/plenodirecto.jpg\",\"articleSection\":[\"pleno municipal\"],\"inLanguage\":\"es\"},{\"@type\":\"WebPage\",\"@id\":\"https:\\\/\\\/mula.es\\\/web\\\/resumen-del-pleno-municipal-de-21-de-noviembre-2017\\\/\",\"url\":\"https:\\\/\\\/mula.es\\\/web\\\/resumen-del-pleno-municipal-de-21-de-noviembre-2017\\\/\",\"name\":\"Resumen del Pleno Municipal de 21 de noviembre de 2017 - Ayuntamiento de Mula\",\"isPartOf\":{\"@id\":\"https:\\\/\\\/mula.es\\\/web\\\/#website\"},\"primaryImageOfPage\":{\"@id\":\"https:\\\/\\\/mula.es\\\/web\\\/resumen-del-pleno-municipal-de-21-de-noviembre-2017\\\/#primaryimage\"},\"image\":{\"@id\":\"https:\\\/\\\/mula.es\\\/web\\\/resumen-del-pleno-municipal-de-21-de-noviembre-2017\\\/#primaryimage\"},\"thumbnailUrl\":\"https:\\\/\\\/mula.es\\\/web\\\/wp-content\\\/uploads\\\/2016\\\/04\\\/plenodirecto.jpg\",\"datePublished\":\"2018-01-01T10:08:03+00:00\",\"dateModified\":\"2021-05-12T18:14:22+00:00\",\"author\":{\"@id\":\"https:\\\/\\\/mula.es\\\/web\\\/#\\\/schema\\\/person\\\/a0dbffe9f4a3ed4aaebedcfef02f71a1\"},\"breadcrumb\":{\"@id\":\"https:\\\/\\\/mula.es\\\/web\\\/resumen-del-pleno-municipal-de-21-de-noviembre-2017\\\/#breadcrumb\"},\"inLanguage\":\"es\",\"potentialAction\":[{\"@type\":\"ReadAction\",\"target\":[\"https:\\\/\\\/mula.es\\\/web\\\/resumen-del-pleno-municipal-de-21-de-noviembre-2017\\\/\"]}]},{\"@type\":\"ImageObject\",\"inLanguage\":\"es\",\"@id\":\"https:\\\/\\\/mula.es\\\/web\\\/resumen-del-pleno-municipal-de-21-de-noviembre-2017\\\/#primaryimage\",\"url\":\"https:\\\/\\\/mula.es\\\/web\\\/wp-content\\\/uploads\\\/2016\\\/04\\\/plenodirecto.jpg\",\"contentUrl\":\"https:\\\/\\\/mula.es\\\/web\\\/wp-content\\\/uploads\\\/2016\\\/04\\\/plenodirecto.jpg\",\"width\":639,\"height\":360},{\"@type\":\"BreadcrumbList\",\"@id\":\"https:\\\/\\\/mula.es\\\/web\\\/resumen-del-pleno-municipal-de-21-de-noviembre-2017\\\/#breadcrumb\",\"itemListElement\":[{\"@type\":\"ListItem\",\"position\":1,\"name\":\"Portada\",\"item\":\"https:\\\/\\\/mula.es\\\/web\\\/\"},{\"@type\":\"ListItem\",\"position\":2,\"name\":\"Resumen del Pleno Municipal de 21 de noviembre de 2017\"}]},{\"@type\":\"WebSite\",\"@id\":\"https:\\\/\\\/mula.es\\\/web\\\/#website\",\"url\":\"https:\\\/\\\/mula.es\\\/web\\\/\",\"name\":\"Ayuntamiento de Mula\",\"description\":\"P\u00e1gina web del Ayuntamiento de Mula (Regi\u00f3n de Murcia)\",\"potentialAction\":[{\"@type\":\"SearchAction\",\"target\":{\"@type\":\"EntryPoint\",\"urlTemplate\":\"https:\\\/\\\/mula.es\\\/web\\\/?s={search_term_string}\"},\"query-input\":{\"@type\":\"PropertyValueSpecification\",\"valueRequired\":true,\"valueName\":\"search_term_string\"}}],\"inLanguage\":\"es\"},{\"@type\":\"Person\",\"@id\":\"https:\\\/\\\/mula.es\\\/web\\\/#\\\/schema\\\/person\\\/a0dbffe9f4a3ed4aaebedcfef02f71a1\",\"name\":\"admin\",\"image\":{\"@type\":\"ImageObject\",\"inLanguage\":\"es\",\"@id\":\"https:\\\/\\\/secure.gravatar.com\\\/avatar\\\/5423b9cd77f4c7f89a124365a268866f9dfee038c17fe9e37afd92b5920d810e?s=96&d=mm&r=g\",\"url\":\"https:\\\/\\\/secure.gravatar.com\\\/avatar\\\/5423b9cd77f4c7f89a124365a268866f9dfee038c17fe9e37afd92b5920d810e?s=96&d=mm&r=g\",\"contentUrl\":\"https:\\\/\\\/secure.gravatar.com\\\/avatar\\\/5423b9cd77f4c7f89a124365a268866f9dfee038c17fe9e37afd92b5920d810e?s=96&d=mm&r=g\",\"caption\":\"admin\"},\"description\":\"Lorem ipsum dolor sit amet, consectetur adipiscing elit. Nam viverra euismod odio, gravida pellentesque urna varius vitae. Sed dui lorem, adipiscing in adipiscing et, interdum nec metus. Mauris ultricies, justo eu convallis placerat, felis enim ornare nisi, vitae mattis nulla ante id dui. Ut lectus purus, commodo et tincidunt vel, interdum sed lectus. Vestibulum adipiscing tempor nisi id elementi.\",\"url\":\"https:\\\/\\\/mula.es\\\/web\\\/author\\\/jose-maria-boti\\\/\"}]}<\/script>\n<!-- \/ Yoast SEO plugin. -->","yoast_head_json":{"title":"Resumen del Pleno Municipal de 21 de noviembre de 2017 - Ayuntamiento de Mula","robots":{"index":"index","follow":"follow","max-snippet":"max-snippet:-1","max-image-preview":"max-image-preview:large","max-video-preview":"max-video-preview:-1"},"canonical":"https:\/\/mula.es\/web\/resumen-del-pleno-municipal-de-21-de-noviembre-2017\/","og_locale":"es_ES","og_type":"article","og_title":"Resumen del Pleno Municipal de 21 de noviembre de 2017 - Ayuntamiento de Mula","og_url":"https:\/\/mula.es\/web\/resumen-del-pleno-municipal-de-21-de-noviembre-2017\/","og_site_name":"Ayuntamiento de Mula","article_published_time":"2018-01-01T10:08:03+00:00","article_modified_time":"2021-05-12T18:14:22+00:00","og_image":[{"width":639,"height":360,"url":"https:\/\/i0.wp.com\/mula.es\/web\/wp-content\/uploads\/2016\/04\/plenodirecto.jpg?fit=639%2C360&ssl=1","type":"image\/jpeg"}],"author":"admin","twitter_card":"summary_large_image","twitter_creator":"@AyuntamientMula","twitter_site":"@AyuntamientMula","twitter_misc":{"Escrito por":"admin","Tiempo de lectura":"2 minutos"},"schema":{"@context":"https:\/\/schema.org","@graph":[{"@type":"Article","@id":"https:\/\/mula.es\/web\/resumen-del-pleno-municipal-de-21-de-noviembre-2017\/#article","isPartOf":{"@id":"https:\/\/mula.es\/web\/resumen-del-pleno-municipal-de-21-de-noviembre-2017\/"},"author":{"name":"admin","@id":"https:\/\/mula.es\/web\/#\/schema\/person\/a0dbffe9f4a3ed4aaebedcfef02f71a1"},"headline":"Resumen del Pleno Municipal de 21 de noviembre de 2017","datePublished":"2018-01-01T10:08:03+00:00","dateModified":"2021-05-12T18:14:22+00:00","mainEntityOfPage":{"@id":"https:\/\/mula.es\/web\/resumen-del-pleno-municipal-de-21-de-noviembre-2017\/"},"wordCount":386,"image":{"@id":"https:\/\/mula.es\/web\/resumen-del-pleno-municipal-de-21-de-noviembre-2017\/#primaryimage"},"thumbnailUrl":"https:\/\/mula.es\/web\/wp-content\/uploads\/2016\/04\/plenodirecto.jpg","articleSection":["pleno municipal"],"inLanguage":"es"},{"@type":"WebPage","@id":"https:\/\/mula.es\/web\/resumen-del-pleno-municipal-de-21-de-noviembre-2017\/","url":"https:\/\/mula.es\/web\/resumen-del-pleno-municipal-de-21-de-noviembre-2017\/","name":"Resumen del Pleno Municipal de 21 de noviembre de 2017 - Ayuntamiento de Mula","isPartOf":{"@id":"https:\/\/mula.es\/web\/#website"},"primaryImageOfPage":{"@id":"https:\/\/mula.es\/web\/resumen-del-pleno-municipal-de-21-de-noviembre-2017\/#primaryimage"},"image":{"@id":"https:\/\/mula.es\/web\/resumen-del-pleno-municipal-de-21-de-noviembre-2017\/#primaryimage"},"thumbnailUrl":"https:\/\/mula.es\/web\/wp-content\/uploads\/2016\/04\/plenodirecto.jpg","datePublished":"2018-01-01T10:08:03+00:00","dateModified":"2021-05-12T18:14:22+00:00","author":{"@id":"https:\/\/mula.es\/web\/#\/schema\/person\/a0dbffe9f4a3ed4aaebedcfef02f71a1"},"breadcrumb":{"@id":"https:\/\/mula.es\/web\/resumen-del-pleno-municipal-de-21-de-noviembre-2017\/#breadcrumb"},"inLanguage":"es","potentialAction":[{"@type":"ReadAction","target":["https:\/\/mula.es\/web\/resumen-del-pleno-municipal-de-21-de-noviembre-2017\/"]}]},{"@type":"ImageObject","inLanguage":"es","@id":"https:\/\/mula.es\/web\/resumen-del-pleno-municipal-de-21-de-noviembre-2017\/#primaryimage","url":"https:\/\/mula.es\/web\/wp-content\/uploads\/2016\/04\/plenodirecto.jpg","contentUrl":"https:\/\/mula.es\/web\/wp-content\/uploads\/2016\/04\/plenodirecto.jpg","width":639,"height":360},{"@type":"BreadcrumbList","@id":"https:\/\/mula.es\/web\/resumen-del-pleno-municipal-de-21-de-noviembre-2017\/#breadcrumb","itemListElement":[{"@type":"ListItem","position":1,"name":"Portada","item":"https:\/\/mula.es\/web\/"},{"@type":"ListItem","position":2,"name":"Resumen del Pleno Municipal de 21 de noviembre de 2017"}]},{"@type":"WebSite","@id":"https:\/\/mula.es\/web\/#website","url":"https:\/\/mula.es\/web\/","name":"Ayuntamiento de Mula","description":"P\u00e1gina web del Ayuntamiento de Mula (Regi\u00f3n de Murcia)","potentialAction":[{"@type":"SearchAction","target":{"@type":"EntryPoint","urlTemplate":"https:\/\/mula.es\/web\/?s={search_term_string}"},"query-input":{"@type":"PropertyValueSpecification","valueRequired":true,"valueName":"search_term_string"}}],"inLanguage":"es"},{"@type":"Person","@id":"https:\/\/mula.es\/web\/#\/schema\/person\/a0dbffe9f4a3ed4aaebedcfef02f71a1","name":"admin","image":{"@type":"ImageObject","inLanguage":"es","@id":"https:\/\/secure.gravatar.com\/avatar\/5423b9cd77f4c7f89a124365a268866f9dfee038c17fe9e37afd92b5920d810e?s=96&d=mm&r=g","url":"https:\/\/secure.gravatar.com\/avatar\/5423b9cd77f4c7f89a124365a268866f9dfee038c17fe9e37afd92b5920d810e?s=96&d=mm&r=g","contentUrl":"https:\/\/secure.gravatar.com\/avatar\/5423b9cd77f4c7f89a124365a268866f9dfee038c17fe9e37afd92b5920d810e?s=96&d=mm&r=g","caption":"admin"},"description":"Lorem ipsum dolor sit amet, consectetur adipiscing elit. Nam viverra euismod odio, gravida pellentesque urna varius vitae. Sed dui lorem, adipiscing in adipiscing et, interdum nec metus. Mauris ultricies, justo eu convallis placerat, felis enim ornare nisi, vitae mattis nulla ante id dui. Ut lectus purus, commodo et tincidunt vel, interdum sed lectus. Vestibulum adipiscing tempor nisi id elementi.","url":"https:\/\/mula.es\/web\/author\/jose-maria-boti\/"}]}},"jetpack_publicize_connections":[],"jetpack_featured_media_url":"https:\/\/mula.es\/web\/wp-content\/uploads\/2016\/04\/plenodirecto.jpg","jetpack_sharing_enabled":true,"jetpack_shortlink":"https:\/\/wp.me\/pa9DMY-6Mw","jetpack-related-posts":[],"_links":{"self":[{"href":"https:\/\/mula.es\/web\/wp-json\/wp\/v2\/posts\/26072","targetHints":{"allow":["GET"]}}],"collection":[{"href":"https:\/\/mula.es\/web\/wp-json\/wp\/v2\/posts"}],"about":[{"href":"https:\/\/mula.es\/web\/wp-json\/wp\/v2\/types\/post"}],"author":[{"embeddable":true,"href":"https:\/\/mula.es\/web\/wp-json\/wp\/v2\/users\/1"}],"replies":[{"embeddable":true,"href":"https:\/\/mula.es\/web\/wp-json\/wp\/v2\/comments?post=26072"}],"version-history":[{"count":3,"href":"https:\/\/mula.es\/web\/wp-json\/wp\/v2\/posts\/26072\/revisions"}],"predecessor-version":[{"id":39544,"href":"https:\/\/mula.es\/web\/wp-json\/wp\/v2\/posts\/26072\/revisions\/39544"}],"wp:featuredmedia":[{"embeddable":true,"href":"https:\/\/mula.es\/web\/wp-json\/wp\/v2\/media\/15727"}],"wp:attachment":[{"href":"https:\/\/mula.es\/web\/wp-json\/wp\/v2\/media?parent=26072"}],"wp:term":[{"taxonomy":"category","embeddable":true,"href":"https:\/\/mula.es\/web\/wp-json\/wp\/v2\/categories?post=26072"},{"taxonomy":"post_tag","embeddable":true,"href":"https:\/\/mula.es\/web\/wp-json\/wp\/v2\/tags?post=26072"}],"curies":[{"name":"wp","href":"https:\/\/api.w.org\/{rel}","templated":true}]}}