{"id":26161,"date":"2018-01-31T16:38:49","date_gmt":"2018-01-31T15:38:49","guid":{"rendered":"http:\/\/mula.es\/web\/?p=26161"},"modified":"2021-05-12T20:14:14","modified_gmt":"2021-05-12T18:14:14","slug":"firma-convenio-de-colaboracion-universitario-entre-la-universidad-de-murcia-y-el-ayuntamiento-de-mula","status":"publish","type":"post","link":"https:\/\/mula.es\/web\/firma-convenio-de-colaboracion-universitario-entre-la-universidad-de-murcia-y-el-ayuntamiento-de-mula\/","title":{"rendered":"Firma \u00abConvenio de colaboraci\u00f3n universitario\u00bb entre la Universidad de Murcia y el Ayuntamiento de Mula"},"content":{"rendered":"<p>Esta ma\u00f1ana se ha llevado a cabo la firma del Convenio de \u201c Voluntariado Universitario\u201d entre la Universidad de Murcia y el Excm. Ayuntamiento de Mula. El objetivo de este convenio es establecer los t\u00e9rminos a trav\u00e9s de los cuales el Ayuntamiento de Mula, a trav\u00e9s de la Concejal\u00eda de Juventud y Adolescencia, podr\u00e1 recibir voluntariado universitario en proyectos de Atenci\u00f3n a la Diversidad y Voluntariado de la Universidad de Murcia.<\/p>\n<p>Los proyectos para los que se suscribe este convenio son: Programa de Acercamiento Intergeneracional, Conversaciones en Ingl\u00e9s, \u201c Te apuntas a la fiesta\u201d, Apoyo al Deporte, Patrimonio y Arqueolog\u00eda, Ocio y Tiempo Libre: Bibliocuentos, Voluntariado Tur\u00edstico.<\/p>\n<p>Al acto, que ha tenido lugar en el Rectorado de la Universidad, han asistido el Rector de la Universidad de Murcia, D. Jos\u00e9 Orihuela Calatayud, la Vicerrectora de Estudiantes, D\u00aa Carmen Ferr\u00e1ndiz Garc\u00eda, el Alcalde de Mula, D. Juan Jes\u00fas Moreno Garc\u00eda y la Concejala de Juventud y Adolescencia, D\u00aa Alejandra Mart\u00ednez Garc\u00eda.<\/p>\n<p><a href=\"https:\/\/mula.es\/web\/wp-content\/uploads\/2018\/01\/ConvenioUMU2.jpg\"><img decoding=\"async\" data-attachment-id=\"26163\" data-permalink=\"https:\/\/mula.es\/web\/firma-convenio-de-colaboracion-universitario-entre-la-universidad-de-murcia-y-el-ayuntamiento-de-mula\/convenioumu2\/\" data-orig-file=\"https:\/\/mula.es\/web\/wp-content\/uploads\/2018\/01\/ConvenioUMU2.jpg\" data-orig-size=\"1496,1000\" data-comments-opened=\"0\" data-image-meta=\"{&quot;aperture&quot;:&quot;5&quot;,&quot;credit&quot;:&quot;&quot;,&quot;camera&quot;:&quot;NIKON D3300&quot;,&quot;caption&quot;:&quot;&quot;,&quot;created_timestamp&quot;:&quot;1517401436&quot;,&quot;copyright&quot;:&quot;&quot;,&quot;focal_length&quot;:&quot;18&quot;,&quot;iso&quot;:&quot;800&quot;,&quot;shutter_speed&quot;:&quot;0.01&quot;,&quot;title&quot;:&quot;&quot;,&quot;orientation&quot;:&quot;1&quot;}\" data-image-title=\"ConvenioUMU2\" data-image-description=\"\" data-image-caption=\"\" data-large-file=\"https:\/\/mula.es\/web\/wp-content\/uploads\/2018\/01\/ConvenioUMU2-1024x684.jpg\" class=\"aligncenter size-large wp-image-26163\" src=\"https:\/\/mula.es\/web\/wp-content\/uploads\/2018\/01\/ConvenioUMU2-1024x684.jpg\" alt=\"\" width=\"1024\" height=\"684\" srcset=\"https:\/\/mula.es\/web\/wp-content\/uploads\/2018\/01\/ConvenioUMU2-200x134.jpg 200w, https:\/\/mula.es\/web\/wp-content\/uploads\/2018\/01\/ConvenioUMU2-300x201.jpg 300w, https:\/\/mula.es\/web\/wp-content\/uploads\/2018\/01\/ConvenioUMU2-400x267.jpg 400w, https:\/\/mula.es\/web\/wp-content\/uploads\/2018\/01\/ConvenioUMU2-600x401.jpg 600w, https:\/\/mula.es\/web\/wp-content\/uploads\/2018\/01\/ConvenioUMU2-768x513.jpg 768w, https:\/\/mula.es\/web\/wp-content\/uploads\/2018\/01\/ConvenioUMU2-800x535.jpg 800w, https:\/\/mula.es\/web\/wp-content\/uploads\/2018\/01\/ConvenioUMU2-1024x684.jpg 1024w, https:\/\/mula.es\/web\/wp-content\/uploads\/2018\/01\/ConvenioUMU2-1200x802.jpg 1200w, https:\/\/mula.es\/web\/wp-content\/uploads\/2018\/01\/ConvenioUMU2.jpg 1496w\" sizes=\"(max-width: 1024px) 100vw, 1024px\" \/><\/a><\/p>\n","protected":false},"excerpt":{"rendered":"<p>Esta ma\u00f1ana se ha llevado a cabo la firma del Convenio de \u201c Voluntariado Universitario\u201d entre la Universidad de Murcia y el Excm. Ayuntamiento de Mula. El objetivo de este convenio es establecer los t\u00e9rminos a trav\u00e9s de los cuales el Ayuntamiento de Mula, a trav\u00e9s de la Concejal\u00eda de Juventud y Adolescencia, podr\u00e1 recibir  [&#8230;]<\/p>\n","protected":false},"author":1,"featured_media":26164,"comment_status":"closed","ping_status":"closed","sticky":false,"template":"","format":"standard","meta":{"jetpack_post_was_ever_published":false,"_jetpack_newsletter_access":"","_jetpack_dont_email_post_to_subs":false,"_jetpack_newsletter_tier_id":0,"_jetpack_memberships_contains_paywalled_content":false,"_jetpack_memberships_contains_paid_content":false,"footnotes":"","jetpack_publicize_message":"","jetpack_publicize_feature_enabled":true,"jetpack_social_post_already_shared":false,"jetpack_social_options":{"image_generator_settings":{"template":"highway","default_image_id":0,"font":"","enabled":false},"version":2}},"categories":[89,87,193],"tags":[],"class_list":["post-26161","post","type-post","status-publish","format-standard","has-post-thumbnail","hentry","category-educacion","category-juventud-y-adolescencia","category-universidad-de-murcia"],"yoast_head":"<!-- This site is optimized with the Yoast SEO plugin v27.4 - https:\/\/yoast.com\/product\/yoast-seo-wordpress\/ -->\n<title>Firma &quot;Convenio de colaboraci\u00f3n universitario&quot; entre la Universidad de Murcia y el Ayuntamiento de Mula - Ayuntamiento de Mula<\/title>\n<meta name=\"robots\" content=\"index, follow, max-snippet:-1, max-image-preview:large, max-video-preview:-1\" \/>\n<link rel=\"canonical\" href=\"https:\/\/mula.es\/web\/firma-convenio-de-colaboracion-universitario-entre-la-universidad-de-murcia-y-el-ayuntamiento-de-mula\/\" \/>\n<meta property=\"og:locale\" content=\"es_ES\" \/>\n<meta property=\"og:type\" content=\"article\" \/>\n<meta property=\"og:title\" content=\"Firma &quot;Convenio de colaboraci\u00f3n universitario&quot; entre la Universidad de Murcia y el Ayuntamiento de Mula - Ayuntamiento de Mula\" \/>\n<meta property=\"og:description\" content=\"Esta ma\u00f1ana se ha llevado a cabo la firma del Convenio de \u201c Voluntariado Universitario\u201d entre la Universidad de Murcia y el Excm. Ayuntamiento de Mula. El objetivo de este convenio es establecer los t\u00e9rminos a trav\u00e9s de los cuales el Ayuntamiento de Mula, a trav\u00e9s de la Concejal\u00eda de Juventud y Adolescencia, podr\u00e1 recibir [...]\" \/>\n<meta property=\"og:url\" content=\"https:\/\/mula.es\/web\/firma-convenio-de-colaboracion-universitario-entre-la-universidad-de-murcia-y-el-ayuntamiento-de-mula\/\" \/>\n<meta property=\"og:site_name\" content=\"Ayuntamiento de Mula\" \/>\n<meta property=\"article:published_time\" content=\"2018-01-31T15:38:49+00:00\" \/>\n<meta property=\"article:modified_time\" content=\"2021-05-12T18:14:14+00:00\" \/>\n<meta property=\"og:image\" content=\"https:\/\/i0.wp.com\/mula.es\/web\/wp-content\/uploads\/2018\/01\/ConvenioUMU1.jpg?fit=1496%2C1000&ssl=1\" \/>\n\t<meta property=\"og:image:width\" content=\"1496\" \/>\n\t<meta property=\"og:image:height\" content=\"1000\" \/>\n\t<meta property=\"og:image:type\" content=\"image\/jpeg\" \/>\n<meta name=\"author\" content=\"admin\" \/>\n<meta name=\"twitter:card\" content=\"summary_large_image\" \/>\n<meta name=\"twitter:creator\" content=\"@AyuntamientMula\" \/>\n<meta name=\"twitter:site\" content=\"@AyuntamientMula\" \/>\n<meta name=\"twitter:label1\" content=\"Escrito por\" \/>\n\t<meta name=\"twitter:data1\" content=\"admin\" \/>\n\t<meta name=\"twitter:label2\" content=\"Tiempo de lectura\" \/>\n\t<meta name=\"twitter:data2\" content=\"1 minuto\" \/>\n<script type=\"application\/ld+json\" class=\"yoast-schema-graph\">{\"@context\":\"https:\\\/\\\/schema.org\",\"@graph\":[{\"@type\":\"Article\",\"@id\":\"https:\\\/\\\/mula.es\\\/web\\\/firma-convenio-de-colaboracion-universitario-entre-la-universidad-de-murcia-y-el-ayuntamiento-de-mula\\\/#article\",\"isPartOf\":{\"@id\":\"https:\\\/\\\/mula.es\\\/web\\\/firma-convenio-de-colaboracion-universitario-entre-la-universidad-de-murcia-y-el-ayuntamiento-de-mula\\\/\"},\"author\":{\"name\":\"admin\",\"@id\":\"https:\\\/\\\/mula.es\\\/web\\\/#\\\/schema\\\/person\\\/a0dbffe9f4a3ed4aaebedcfef02f71a1\"},\"headline\":\"Firma \u00abConvenio de colaboraci\u00f3n universitario\u00bb entre la Universidad de Murcia y el Ayuntamiento de Mula\",\"datePublished\":\"2018-01-31T15:38:49+00:00\",\"dateModified\":\"2021-05-12T18:14:14+00:00\",\"mainEntityOfPage\":{\"@id\":\"https:\\\/\\\/mula.es\\\/web\\\/firma-convenio-de-colaboracion-universitario-entre-la-universidad-de-murcia-y-el-ayuntamiento-de-mula\\\/\"},\"wordCount\":189,\"image\":{\"@id\":\"https:\\\/\\\/mula.es\\\/web\\\/firma-convenio-de-colaboracion-universitario-entre-la-universidad-de-murcia-y-el-ayuntamiento-de-mula\\\/#primaryimage\"},\"thumbnailUrl\":\"https:\\\/\\\/mula.es\\\/web\\\/wp-content\\\/uploads\\\/2018\\\/01\\\/ConvenioUMU1.jpg\",\"articleSection\":[\"educaci\u00f3n\",\"juventud y adolescencia\",\"universidad de murcia\"],\"inLanguage\":\"es\"},{\"@type\":\"WebPage\",\"@id\":\"https:\\\/\\\/mula.es\\\/web\\\/firma-convenio-de-colaboracion-universitario-entre-la-universidad-de-murcia-y-el-ayuntamiento-de-mula\\\/\",\"url\":\"https:\\\/\\\/mula.es\\\/web\\\/firma-convenio-de-colaboracion-universitario-entre-la-universidad-de-murcia-y-el-ayuntamiento-de-mula\\\/\",\"name\":\"Firma \\\"Convenio de colaboraci\u00f3n universitario\\\" entre la Universidad de Murcia y el Ayuntamiento de Mula - Ayuntamiento de Mula\",\"isPartOf\":{\"@id\":\"https:\\\/\\\/mula.es\\\/web\\\/#website\"},\"primaryImageOfPage\":{\"@id\":\"https:\\\/\\\/mula.es\\\/web\\\/firma-convenio-de-colaboracion-universitario-entre-la-universidad-de-murcia-y-el-ayuntamiento-de-mula\\\/#primaryimage\"},\"image\":{\"@id\":\"https:\\\/\\\/mula.es\\\/web\\\/firma-convenio-de-colaboracion-universitario-entre-la-universidad-de-murcia-y-el-ayuntamiento-de-mula\\\/#primaryimage\"},\"thumbnailUrl\":\"https:\\\/\\\/mula.es\\\/web\\\/wp-content\\\/uploads\\\/2018\\\/01\\\/ConvenioUMU1.jpg\",\"datePublished\":\"2018-01-31T15:38:49+00:00\",\"dateModified\":\"2021-05-12T18:14:14+00:00\",\"author\":{\"@id\":\"https:\\\/\\\/mula.es\\\/web\\\/#\\\/schema\\\/person\\\/a0dbffe9f4a3ed4aaebedcfef02f71a1\"},\"breadcrumb\":{\"@id\":\"https:\\\/\\\/mula.es\\\/web\\\/firma-convenio-de-colaboracion-universitario-entre-la-universidad-de-murcia-y-el-ayuntamiento-de-mula\\\/#breadcrumb\"},\"inLanguage\":\"es\",\"potentialAction\":[{\"@type\":\"ReadAction\",\"target\":[\"https:\\\/\\\/mula.es\\\/web\\\/firma-convenio-de-colaboracion-universitario-entre-la-universidad-de-murcia-y-el-ayuntamiento-de-mula\\\/\"]}]},{\"@type\":\"ImageObject\",\"inLanguage\":\"es\",\"@id\":\"https:\\\/\\\/mula.es\\\/web\\\/firma-convenio-de-colaboracion-universitario-entre-la-universidad-de-murcia-y-el-ayuntamiento-de-mula\\\/#primaryimage\",\"url\":\"https:\\\/\\\/mula.es\\\/web\\\/wp-content\\\/uploads\\\/2018\\\/01\\\/ConvenioUMU1.jpg\",\"contentUrl\":\"https:\\\/\\\/mula.es\\\/web\\\/wp-content\\\/uploads\\\/2018\\\/01\\\/ConvenioUMU1.jpg\",\"width\":1496,\"height\":1000},{\"@type\":\"BreadcrumbList\",\"@id\":\"https:\\\/\\\/mula.es\\\/web\\\/firma-convenio-de-colaboracion-universitario-entre-la-universidad-de-murcia-y-el-ayuntamiento-de-mula\\\/#breadcrumb\",\"itemListElement\":[{\"@type\":\"ListItem\",\"position\":1,\"name\":\"Portada\",\"item\":\"https:\\\/\\\/mula.es\\\/web\\\/\"},{\"@type\":\"ListItem\",\"position\":2,\"name\":\"Firma \u00abConvenio de colaboraci\u00f3n universitario\u00bb entre la Universidad de Murcia y el Ayuntamiento de Mula\"}]},{\"@type\":\"WebSite\",\"@id\":\"https:\\\/\\\/mula.es\\\/web\\\/#website\",\"url\":\"https:\\\/\\\/mula.es\\\/web\\\/\",\"name\":\"Ayuntamiento de Mula\",\"description\":\"P\u00e1gina web del Ayuntamiento de Mula (Regi\u00f3n de Murcia)\",\"potentialAction\":[{\"@type\":\"SearchAction\",\"target\":{\"@type\":\"EntryPoint\",\"urlTemplate\":\"https:\\\/\\\/mula.es\\\/web\\\/?s={search_term_string}\"},\"query-input\":{\"@type\":\"PropertyValueSpecification\",\"valueRequired\":true,\"valueName\":\"search_term_string\"}}],\"inLanguage\":\"es\"},{\"@type\":\"Person\",\"@id\":\"https:\\\/\\\/mula.es\\\/web\\\/#\\\/schema\\\/person\\\/a0dbffe9f4a3ed4aaebedcfef02f71a1\",\"name\":\"admin\",\"image\":{\"@type\":\"ImageObject\",\"inLanguage\":\"es\",\"@id\":\"https:\\\/\\\/secure.gravatar.com\\\/avatar\\\/5423b9cd77f4c7f89a124365a268866f9dfee038c17fe9e37afd92b5920d810e?s=96&d=mm&r=g\",\"url\":\"https:\\\/\\\/secure.gravatar.com\\\/avatar\\\/5423b9cd77f4c7f89a124365a268866f9dfee038c17fe9e37afd92b5920d810e?s=96&d=mm&r=g\",\"contentUrl\":\"https:\\\/\\\/secure.gravatar.com\\\/avatar\\\/5423b9cd77f4c7f89a124365a268866f9dfee038c17fe9e37afd92b5920d810e?s=96&d=mm&r=g\",\"caption\":\"admin\"},\"description\":\"Lorem ipsum dolor sit amet, consectetur adipiscing elit. Nam viverra euismod odio, gravida pellentesque urna varius vitae. Sed dui lorem, adipiscing in adipiscing et, interdum nec metus. Mauris ultricies, justo eu convallis placerat, felis enim ornare nisi, vitae mattis nulla ante id dui. Ut lectus purus, commodo et tincidunt vel, interdum sed lectus. Vestibulum adipiscing tempor nisi id elementi.\",\"url\":\"https:\\\/\\\/mula.es\\\/web\\\/author\\\/jose-maria-boti\\\/\"}]}<\/script>\n<!-- \/ Yoast SEO plugin. -->","yoast_head_json":{"title":"Firma \"Convenio de colaboraci\u00f3n universitario\" entre la Universidad de Murcia y el Ayuntamiento de Mula - Ayuntamiento de Mula","robots":{"index":"index","follow":"follow","max-snippet":"max-snippet:-1","max-image-preview":"max-image-preview:large","max-video-preview":"max-video-preview:-1"},"canonical":"https:\/\/mula.es\/web\/firma-convenio-de-colaboracion-universitario-entre-la-universidad-de-murcia-y-el-ayuntamiento-de-mula\/","og_locale":"es_ES","og_type":"article","og_title":"Firma \"Convenio de colaboraci\u00f3n universitario\" entre la Universidad de Murcia y el Ayuntamiento de Mula - Ayuntamiento de Mula","og_description":"Esta ma\u00f1ana se ha llevado a cabo la firma del Convenio de \u201c Voluntariado Universitario\u201d entre la Universidad de Murcia y el Excm. Ayuntamiento de Mula. El objetivo de este convenio es establecer los t\u00e9rminos a trav\u00e9s de los cuales el Ayuntamiento de Mula, a trav\u00e9s de la Concejal\u00eda de Juventud y Adolescencia, podr\u00e1 recibir [...]","og_url":"https:\/\/mula.es\/web\/firma-convenio-de-colaboracion-universitario-entre-la-universidad-de-murcia-y-el-ayuntamiento-de-mula\/","og_site_name":"Ayuntamiento de Mula","article_published_time":"2018-01-31T15:38:49+00:00","article_modified_time":"2021-05-12T18:14:14+00:00","og_image":[{"width":1496,"height":1000,"url":"https:\/\/i0.wp.com\/mula.es\/web\/wp-content\/uploads\/2018\/01\/ConvenioUMU1.jpg?fit=1496%2C1000&ssl=1","type":"image\/jpeg"}],"author":"admin","twitter_card":"summary_large_image","twitter_creator":"@AyuntamientMula","twitter_site":"@AyuntamientMula","twitter_misc":{"Escrito por":"admin","Tiempo de lectura":"1 minuto"},"schema":{"@context":"https:\/\/schema.org","@graph":[{"@type":"Article","@id":"https:\/\/mula.es\/web\/firma-convenio-de-colaboracion-universitario-entre-la-universidad-de-murcia-y-el-ayuntamiento-de-mula\/#article","isPartOf":{"@id":"https:\/\/mula.es\/web\/firma-convenio-de-colaboracion-universitario-entre-la-universidad-de-murcia-y-el-ayuntamiento-de-mula\/"},"author":{"name":"admin","@id":"https:\/\/mula.es\/web\/#\/schema\/person\/a0dbffe9f4a3ed4aaebedcfef02f71a1"},"headline":"Firma \u00abConvenio de colaboraci\u00f3n universitario\u00bb entre la Universidad de Murcia y el Ayuntamiento de Mula","datePublished":"2018-01-31T15:38:49+00:00","dateModified":"2021-05-12T18:14:14+00:00","mainEntityOfPage":{"@id":"https:\/\/mula.es\/web\/firma-convenio-de-colaboracion-universitario-entre-la-universidad-de-murcia-y-el-ayuntamiento-de-mula\/"},"wordCount":189,"image":{"@id":"https:\/\/mula.es\/web\/firma-convenio-de-colaboracion-universitario-entre-la-universidad-de-murcia-y-el-ayuntamiento-de-mula\/#primaryimage"},"thumbnailUrl":"https:\/\/mula.es\/web\/wp-content\/uploads\/2018\/01\/ConvenioUMU1.jpg","articleSection":["educaci\u00f3n","juventud y adolescencia","universidad de murcia"],"inLanguage":"es"},{"@type":"WebPage","@id":"https:\/\/mula.es\/web\/firma-convenio-de-colaboracion-universitario-entre-la-universidad-de-murcia-y-el-ayuntamiento-de-mula\/","url":"https:\/\/mula.es\/web\/firma-convenio-de-colaboracion-universitario-entre-la-universidad-de-murcia-y-el-ayuntamiento-de-mula\/","name":"Firma \"Convenio de colaboraci\u00f3n universitario\" entre la Universidad de Murcia y el Ayuntamiento de Mula - Ayuntamiento de Mula","isPartOf":{"@id":"https:\/\/mula.es\/web\/#website"},"primaryImageOfPage":{"@id":"https:\/\/mula.es\/web\/firma-convenio-de-colaboracion-universitario-entre-la-universidad-de-murcia-y-el-ayuntamiento-de-mula\/#primaryimage"},"image":{"@id":"https:\/\/mula.es\/web\/firma-convenio-de-colaboracion-universitario-entre-la-universidad-de-murcia-y-el-ayuntamiento-de-mula\/#primaryimage"},"thumbnailUrl":"https:\/\/mula.es\/web\/wp-content\/uploads\/2018\/01\/ConvenioUMU1.jpg","datePublished":"2018-01-31T15:38:49+00:00","dateModified":"2021-05-12T18:14:14+00:00","author":{"@id":"https:\/\/mula.es\/web\/#\/schema\/person\/a0dbffe9f4a3ed4aaebedcfef02f71a1"},"breadcrumb":{"@id":"https:\/\/mula.es\/web\/firma-convenio-de-colaboracion-universitario-entre-la-universidad-de-murcia-y-el-ayuntamiento-de-mula\/#breadcrumb"},"inLanguage":"es","potentialAction":[{"@type":"ReadAction","target":["https:\/\/mula.es\/web\/firma-convenio-de-colaboracion-universitario-entre-la-universidad-de-murcia-y-el-ayuntamiento-de-mula\/"]}]},{"@type":"ImageObject","inLanguage":"es","@id":"https:\/\/mula.es\/web\/firma-convenio-de-colaboracion-universitario-entre-la-universidad-de-murcia-y-el-ayuntamiento-de-mula\/#primaryimage","url":"https:\/\/mula.es\/web\/wp-content\/uploads\/2018\/01\/ConvenioUMU1.jpg","contentUrl":"https:\/\/mula.es\/web\/wp-content\/uploads\/2018\/01\/ConvenioUMU1.jpg","width":1496,"height":1000},{"@type":"BreadcrumbList","@id":"https:\/\/mula.es\/web\/firma-convenio-de-colaboracion-universitario-entre-la-universidad-de-murcia-y-el-ayuntamiento-de-mula\/#breadcrumb","itemListElement":[{"@type":"ListItem","position":1,"name":"Portada","item":"https:\/\/mula.es\/web\/"},{"@type":"ListItem","position":2,"name":"Firma \u00abConvenio de colaboraci\u00f3n universitario\u00bb entre la Universidad de Murcia y el Ayuntamiento de Mula"}]},{"@type":"WebSite","@id":"https:\/\/mula.es\/web\/#website","url":"https:\/\/mula.es\/web\/","name":"Ayuntamiento de Mula","description":"P\u00e1gina web del Ayuntamiento de Mula (Regi\u00f3n de Murcia)","potentialAction":[{"@type":"SearchAction","target":{"@type":"EntryPoint","urlTemplate":"https:\/\/mula.es\/web\/?s={search_term_string}"},"query-input":{"@type":"PropertyValueSpecification","valueRequired":true,"valueName":"search_term_string"}}],"inLanguage":"es"},{"@type":"Person","@id":"https:\/\/mula.es\/web\/#\/schema\/person\/a0dbffe9f4a3ed4aaebedcfef02f71a1","name":"admin","image":{"@type":"ImageObject","inLanguage":"es","@id":"https:\/\/secure.gravatar.com\/avatar\/5423b9cd77f4c7f89a124365a268866f9dfee038c17fe9e37afd92b5920d810e?s=96&d=mm&r=g","url":"https:\/\/secure.gravatar.com\/avatar\/5423b9cd77f4c7f89a124365a268866f9dfee038c17fe9e37afd92b5920d810e?s=96&d=mm&r=g","contentUrl":"https:\/\/secure.gravatar.com\/avatar\/5423b9cd77f4c7f89a124365a268866f9dfee038c17fe9e37afd92b5920d810e?s=96&d=mm&r=g","caption":"admin"},"description":"Lorem ipsum dolor sit amet, consectetur adipiscing elit. Nam viverra euismod odio, gravida pellentesque urna varius vitae. Sed dui lorem, adipiscing in adipiscing et, interdum nec metus. Mauris ultricies, justo eu convallis placerat, felis enim ornare nisi, vitae mattis nulla ante id dui. Ut lectus purus, commodo et tincidunt vel, interdum sed lectus. Vestibulum adipiscing tempor nisi id elementi.","url":"https:\/\/mula.es\/web\/author\/jose-maria-boti\/"}]}},"jetpack_publicize_connections":[],"jetpack_featured_media_url":"https:\/\/mula.es\/web\/wp-content\/uploads\/2018\/01\/ConvenioUMU1.jpg","jetpack_sharing_enabled":true,"jetpack_shortlink":"https:\/\/wp.me\/pa9DMY-6NX","jetpack-related-posts":[],"_links":{"self":[{"href":"https:\/\/mula.es\/web\/wp-json\/wp\/v2\/posts\/26161","targetHints":{"allow":["GET"]}}],"collection":[{"href":"https:\/\/mula.es\/web\/wp-json\/wp\/v2\/posts"}],"about":[{"href":"https:\/\/mula.es\/web\/wp-json\/wp\/v2\/types\/post"}],"author":[{"embeddable":true,"href":"https:\/\/mula.es\/web\/wp-json\/wp\/v2\/users\/1"}],"replies":[{"embeddable":true,"href":"https:\/\/mula.es\/web\/wp-json\/wp\/v2\/comments?post=26161"}],"version-history":[{"count":2,"href":"https:\/\/mula.es\/web\/wp-json\/wp\/v2\/posts\/26161\/revisions"}],"predecessor-version":[{"id":26165,"href":"https:\/\/mula.es\/web\/wp-json\/wp\/v2\/posts\/26161\/revisions\/26165"}],"wp:featuredmedia":[{"embeddable":true,"href":"https:\/\/mula.es\/web\/wp-json\/wp\/v2\/media\/26164"}],"wp:attachment":[{"href":"https:\/\/mula.es\/web\/wp-json\/wp\/v2\/media?parent=26161"}],"wp:term":[{"taxonomy":"category","embeddable":true,"href":"https:\/\/mula.es\/web\/wp-json\/wp\/v2\/categories?post=26161"},{"taxonomy":"post_tag","embeddable":true,"href":"https:\/\/mula.es\/web\/wp-json\/wp\/v2\/tags?post=26161"}],"curies":[{"name":"wp","href":"https:\/\/api.w.org\/{rel}","templated":true}]}}