{"id":26242,"date":"2018-02-13T17:56:58","date_gmt":"2018-02-13T16:56:58","guid":{"rendered":"http:\/\/mula.es\/web\/?p=26242"},"modified":"2021-05-12T20:14:12","modified_gmt":"2021-05-12T18:14:12","slug":"el-ayuntamiento-de-mula-ha-sido-galardonado-por-segundo-ano-consecutivo-con-la-mencion-infoparticipa-a-la-calidad-y-la-transparencia-de-la-comunicacion-publica-local","status":"publish","type":"post","link":"https:\/\/mula.es\/web\/el-ayuntamiento-de-mula-ha-sido-galardonado-por-segundo-ano-consecutivo-con-la-mencion-infoparticipa-a-la-calidad-y-la-transparencia-de-la-comunicacion-publica-local\/","title":{"rendered":"El Ayuntamiento de Mula ha sido galardonado por segundo a\u00f1o consecutivo con la Menci\u00f3n Infoparticipa a la calidad y la transparencia de la comunicaci\u00f3n p\u00fablica local"},"content":{"rendered":"<div>\n<p>El Alcalde Mula, Juan Jes\u00fas Moreno Garc\u00eda, ha recogido la\u00a0<strong>Menci\u00f3n Infoparticipa al Ayuntamiento de Mula<\/strong>\u00a0en la 2\u00aa edici\u00f3n de los galardones InfoParticipa 2017 cuyo acto de entrega de Premios ha tenido luego hoy martes 13 de febrero de 2018 en el Centro Cultural Las Claras de Murcia<\/p>\n<p>\nEn este acto, el Laboratorio de Periodismo y Comunicaci\u00f3n para la Ciudadan\u00eda Plural (LPCCP) de la Universidad Aut\u00f3noma de Barcelona (UAB) en colaboraci\u00f3n con las Universidad de Murcia, ha hecho entrega de 7 galardones (Sellos y Menciones) a los municipios m\u00e1s transparentes y participativos de la Regi\u00f3n de Murcia, seg\u00fan el estudio que ha sido realizado hasta enero de 2018.<\/p>\n<p>\nDurante el acto, Juan Jes\u00fas Moreno ha destacado que el Ayuntamiento de Mula ha mantenido y mejorado todos los indicadores obtenidos en la pasada edici\u00f3n, y que la transparencia y la participaci\u00f3n ciudadana es una prioridad para su gobierno en la que se debe seguir trabajando para mejorar las calificaciones obtenidas. Finalmente ha agradecido el trabajo realizado a los t\u00e9cnicos municipales de la Concejal\u00eda de Nuevas Tecnolog\u00edas\u00a0responsables de la web\u00a0<a href=\"http:\/\/mula.es\/\" target=\"_blank\" rel=\"noopener\" data-saferedirecturl=\"https:\/\/www.google.com\/url?hl=es&amp;q=http:\/\/mula.es&amp;source=gmail&amp;ust=1518627282953000&amp;usg=AFQjCNGZg8Ud2py7oyhaBWHtBbUtaC5hRQ\">mula.es<\/a>\u00a0y del portal de la transparencia.<\/p>\n<p>\nEl Ayuntamiento de Mula ha obtenido un 86,59% de puntuaci\u00f3n, con 45 de 52 indicadores cumplidos en su totalidad, siendo el s\u00e9ptimo municipio en transparencia y participaci\u00f3n ciudadana de la Regi\u00f3n de Murcia. En el estudio que se puede visualizar en\u00a0<a href=\"http:\/\/www.mapainfoparticipa.com\/\" target=\"_blank\" rel=\"noopener\" data-saferedirecturl=\"https:\/\/www.google.com\/url?hl=es&amp;q=http:\/\/www.mapainfoparticipa.com\/&amp;source=gmail&amp;ust=1518627282953000&amp;usg=AFQjCNHSw2okTZaUwFFiS_r1un8Cbz2LPg\">www.mapainfoparticipa.com<\/a>\u00a0<wbr \/>s\u00f3lo aprueban 14 de los 45 municipios de la Regi\u00f3n, y s\u00f3lo 8 con m\u00e1s de un 75% (indicados en verde en mapa adjunto) y que por orden son: Cartagena, Las Torres de Cotillas, San Pedro del Pinatar, Alcantarilla, \u00c1guilas,\u00a0Lorqu\u00ed,\u00a0<b>Mula<\/b>\u00a0y Murcia.<\/p>\n<p>\nFinalmente destacar que el objetivo del Ayuntamiento de Mula es seguir mejorando en transparencia y participaci\u00f3n ciudadana integrando a los ciudadanos y asociaciones en todas las decisiones que les puedan afectar y para ello pedimos que se involucren con nosotros en gestionar y mejorar d\u00eda a d\u00eda nuestro municipio de Mula.<\/p>\n<\/div>\n<div>\n<a href=\"https:\/\/mula.es\/web\/wp-content\/uploads\/2018\/02\/Familia-MapaInfoParticipa2017.jpg\"><img decoding=\"async\" data-attachment-id=\"26244\" data-permalink=\"https:\/\/mula.es\/web\/el-ayuntamiento-de-mula-ha-sido-galardonado-por-segundo-ano-consecutivo-con-la-mencion-infoparticipa-a-la-calidad-y-la-transparencia-de-la-comunicacion-publica-local\/familia-mapainfoparticipa2017\/\" data-orig-file=\"https:\/\/mula.es\/web\/wp-content\/uploads\/2018\/02\/Familia-MapaInfoParticipa2017.jpg\" data-orig-size=\"1496,1000\" data-comments-opened=\"0\" data-image-meta=\"{&quot;aperture&quot;:&quot;4&quot;,&quot;credit&quot;:&quot;&quot;,&quot;camera&quot;:&quot;NIKON D3300&quot;,&quot;caption&quot;:&quot;&quot;,&quot;created_timestamp&quot;:&quot;1518532515&quot;,&quot;copyright&quot;:&quot;&quot;,&quot;focal_length&quot;:&quot;18&quot;,&quot;iso&quot;:&quot;800&quot;,&quot;shutter_speed&quot;:&quot;0.005&quot;,&quot;title&quot;:&quot;&quot;,&quot;orientation&quot;:&quot;1&quot;}\" data-image-title=\"Familia MapaInfoParticipa2017\" data-image-description=\"\" data-image-caption=\"\" data-large-file=\"https:\/\/mula.es\/web\/wp-content\/uploads\/2018\/02\/Familia-MapaInfoParticipa2017-1024x684.jpg\" class=\"aligncenter size-large wp-image-26244\" src=\"https:\/\/mula.es\/web\/wp-content\/uploads\/2018\/02\/Familia-MapaInfoParticipa2017-1024x684.jpg\" alt=\"\" width=\"1024\" height=\"684\" srcset=\"https:\/\/mula.es\/web\/wp-content\/uploads\/2018\/02\/Familia-MapaInfoParticipa2017-200x134.jpg 200w, https:\/\/mula.es\/web\/wp-content\/uploads\/2018\/02\/Familia-MapaInfoParticipa2017-300x201.jpg 300w, https:\/\/mula.es\/web\/wp-content\/uploads\/2018\/02\/Familia-MapaInfoParticipa2017-400x267.jpg 400w, https:\/\/mula.es\/web\/wp-content\/uploads\/2018\/02\/Familia-MapaInfoParticipa2017-600x401.jpg 600w, https:\/\/mula.es\/web\/wp-content\/uploads\/2018\/02\/Familia-MapaInfoParticipa2017-768x513.jpg 768w, https:\/\/mula.es\/web\/wp-content\/uploads\/2018\/02\/Familia-MapaInfoParticipa2017-800x535.jpg 800w, https:\/\/mula.es\/web\/wp-content\/uploads\/2018\/02\/Familia-MapaInfoParticipa2017-1024x684.jpg 1024w, https:\/\/mula.es\/web\/wp-content\/uploads\/2018\/02\/Familia-MapaInfoParticipa2017-1200x802.jpg 1200w, https:\/\/mula.es\/web\/wp-content\/uploads\/2018\/02\/Familia-MapaInfoParticipa2017.jpg 1496w\" sizes=\"(max-width: 1024px) 100vw, 1024px\" \/><\/a><\/div>\n<p><div><a href=\"https:\/\/mula.es\/web\/wp-content\/uploads\/2018\/02\/mapainfoparticipa2017.png\"><img decoding=\"async\" data-attachment-id=\"26246\" data-permalink=\"https:\/\/mula.es\/web\/el-ayuntamiento-de-mula-ha-sido-galardonado-por-segundo-ano-consecutivo-con-la-mencion-infoparticipa-a-la-calidad-y-la-transparencia-de-la-comunicacion-publica-local\/mapainfoparticipa2017\/\" data-orig-file=\"https:\/\/mula.es\/web\/wp-content\/uploads\/2018\/02\/mapainfoparticipa2017.png\" data-orig-size=\"548,500\" data-comments-opened=\"0\" data-image-meta=\"{&quot;aperture&quot;:&quot;0&quot;,&quot;credit&quot;:&quot;&quot;,&quot;camera&quot;:&quot;&quot;,&quot;caption&quot;:&quot;&quot;,&quot;created_timestamp&quot;:&quot;0&quot;,&quot;copyright&quot;:&quot;&quot;,&quot;focal_length&quot;:&quot;0&quot;,&quot;iso&quot;:&quot;0&quot;,&quot;shutter_speed&quot;:&quot;0&quot;,&quot;title&quot;:&quot;&quot;,&quot;orientation&quot;:&quot;0&quot;}\" data-image-title=\"mapainfoparticipa2017\" data-image-description=\"\" data-image-caption=\"\" data-large-file=\"https:\/\/mula.es\/web\/wp-content\/uploads\/2018\/02\/mapainfoparticipa2017.png\" class=\"aligncenter size-full wp-image-26246\" src=\"https:\/\/mula.es\/web\/wp-content\/uploads\/2018\/02\/mapainfoparticipa2017.png\" alt=\"\" width=\"548\" height=\"500\" srcset=\"https:\/\/mula.es\/web\/wp-content\/uploads\/2018\/02\/mapainfoparticipa2017-200x182.png 200w, https:\/\/mula.es\/web\/wp-content\/uploads\/2018\/02\/mapainfoparticipa2017-300x274.png 300w, https:\/\/mula.es\/web\/wp-content\/uploads\/2018\/02\/mapainfoparticipa2017-400x365.png 400w, https:\/\/mula.es\/web\/wp-content\/uploads\/2018\/02\/mapainfoparticipa2017.png 548w\" sizes=\"(max-width: 548px) 100vw, 548px\" \/><\/a><\/div>\n","protected":false},"excerpt":{"rendered":"<p>El Alcalde Mula, Juan Jes\u00fas Moreno Garc\u00eda, ha recogido la\u00a0Menci\u00f3n Infoparticipa al Ayuntamiento de Mula\u00a0en la 2\u00aa edici\u00f3n de los galardones InfoParticipa 2017 cuyo acto de entrega de Premios ha tenido luego hoy martes 13 de febrero de 2018 en el Centro Cultural Las Claras de Murcia En este acto, el Laboratorio de Periodismo y  [&#8230;]<\/p>\n","protected":false},"author":1,"featured_media":26243,"comment_status":"closed","ping_status":"closed","sticky":false,"template":"","format":"standard","meta":{"jetpack_post_was_ever_published":false,"_jetpack_newsletter_access":"","_jetpack_dont_email_post_to_subs":false,"_jetpack_newsletter_tier_id":0,"_jetpack_memberships_contains_paywalled_content":false,"_jetpack_memberships_contains_paid_content":false,"footnotes":"","jetpack_publicize_message":"","jetpack_publicize_feature_enabled":true,"jetpack_social_post_already_shared":false,"jetpack_social_options":{"image_generator_settings":{"template":"highway","default_image_id":0,"font":"","enabled":false},"version":2}},"categories":[127,92,148,302],"tags":[],"class_list":["post-26242","post","type-post","status-publish","format-standard","has-post-thumbnail","hentry","category-alcalde","category-nuevas-tecnologias","category-premios","category-transparencia"],"yoast_head":"<!-- This site is optimized with the Yoast SEO plugin v27.5 - https:\/\/yoast.com\/product\/yoast-seo-wordpress\/ -->\n<title>El Ayuntamiento de Mula ha sido galardonado por segundo a\u00f1o consecutivo con la Menci\u00f3n Infoparticipa a la calidad y la transparencia de la comunicaci\u00f3n p\u00fablica local - Ayuntamiento de Mula<\/title>\n<meta name=\"robots\" content=\"index, follow, max-snippet:-1, max-image-preview:large, max-video-preview:-1\" \/>\n<link rel=\"canonical\" href=\"https:\/\/mula.es\/web\/el-ayuntamiento-de-mula-ha-sido-galardonado-por-segundo-ano-consecutivo-con-la-mencion-infoparticipa-a-la-calidad-y-la-transparencia-de-la-comunicacion-publica-local\/\" \/>\n<meta property=\"og:locale\" content=\"es_ES\" \/>\n<meta property=\"og:type\" content=\"article\" \/>\n<meta property=\"og:title\" content=\"El Ayuntamiento de Mula ha sido galardonado por segundo a\u00f1o consecutivo con la Menci\u00f3n Infoparticipa a la calidad y la transparencia de la comunicaci\u00f3n p\u00fablica local - Ayuntamiento de Mula\" \/>\n<meta property=\"og:description\" content=\"El Alcalde Mula, Juan Jes\u00fas Moreno Garc\u00eda, ha recogido la\u00a0Menci\u00f3n Infoparticipa al Ayuntamiento de Mula\u00a0en la 2\u00aa edici\u00f3n de los galardones InfoParticipa 2017 cuyo acto de entrega de Premios ha tenido luego hoy martes 13 de febrero de 2018 en el Centro Cultural Las Claras de Murcia En este acto, el Laboratorio de Periodismo y [...]\" \/>\n<meta property=\"og:url\" content=\"https:\/\/mula.es\/web\/el-ayuntamiento-de-mula-ha-sido-galardonado-por-segundo-ano-consecutivo-con-la-mencion-infoparticipa-a-la-calidad-y-la-transparencia-de-la-comunicacion-publica-local\/\" \/>\n<meta property=\"og:site_name\" content=\"Ayuntamiento de Mula\" \/>\n<meta property=\"article:published_time\" content=\"2018-02-13T16:56:58+00:00\" \/>\n<meta property=\"article:modified_time\" content=\"2021-05-12T18:14:12+00:00\" \/>\n<meta property=\"og:image\" content=\"https:\/\/i0.wp.com\/mula.es\/web\/wp-content\/uploads\/2018\/02\/AlcaldeMulaMapaInfoParticipa.jpg?fit=1241%2C849&ssl=1\" \/>\n\t<meta property=\"og:image:width\" content=\"1241\" \/>\n\t<meta property=\"og:image:height\" content=\"849\" \/>\n\t<meta property=\"og:image:type\" content=\"image\/jpeg\" \/>\n<meta name=\"author\" content=\"admin\" \/>\n<meta name=\"twitter:card\" content=\"summary_large_image\" \/>\n<meta name=\"twitter:creator\" content=\"@AyuntamientMula\" \/>\n<meta name=\"twitter:site\" content=\"@AyuntamientMula\" \/>\n<meta name=\"twitter:label1\" content=\"Escrito por\" \/>\n\t<meta name=\"twitter:data1\" content=\"admin\" \/>\n\t<meta name=\"twitter:label2\" content=\"Tiempo de lectura\" \/>\n\t<meta name=\"twitter:data2\" content=\"2 minutos\" \/>\n<script type=\"application\/ld+json\" class=\"yoast-schema-graph\">{\"@context\":\"https:\\\/\\\/schema.org\",\"@graph\":[{\"@type\":\"Article\",\"@id\":\"https:\\\/\\\/mula.es\\\/web\\\/el-ayuntamiento-de-mula-ha-sido-galardonado-por-segundo-ano-consecutivo-con-la-mencion-infoparticipa-a-la-calidad-y-la-transparencia-de-la-comunicacion-publica-local\\\/#article\",\"isPartOf\":{\"@id\":\"https:\\\/\\\/mula.es\\\/web\\\/el-ayuntamiento-de-mula-ha-sido-galardonado-por-segundo-ano-consecutivo-con-la-mencion-infoparticipa-a-la-calidad-y-la-transparencia-de-la-comunicacion-publica-local\\\/\"},\"author\":{\"name\":\"admin\",\"@id\":\"https:\\\/\\\/mula.es\\\/web\\\/#\\\/schema\\\/person\\\/a0dbffe9f4a3ed4aaebedcfef02f71a1\"},\"headline\":\"El Ayuntamiento de Mula ha sido galardonado por segundo a\u00f1o consecutivo con la Menci\u00f3n Infoparticipa a la calidad y la transparencia de la comunicaci\u00f3n p\u00fablica local\",\"datePublished\":\"2018-02-13T16:56:58+00:00\",\"dateModified\":\"2021-05-12T18:14:12+00:00\",\"mainEntityOfPage\":{\"@id\":\"https:\\\/\\\/mula.es\\\/web\\\/el-ayuntamiento-de-mula-ha-sido-galardonado-por-segundo-ano-consecutivo-con-la-mencion-infoparticipa-a-la-calidad-y-la-transparencia-de-la-comunicacion-publica-local\\\/\"},\"wordCount\":372,\"image\":{\"@id\":\"https:\\\/\\\/mula.es\\\/web\\\/el-ayuntamiento-de-mula-ha-sido-galardonado-por-segundo-ano-consecutivo-con-la-mencion-infoparticipa-a-la-calidad-y-la-transparencia-de-la-comunicacion-publica-local\\\/#primaryimage\"},\"thumbnailUrl\":\"https:\\\/\\\/mula.es\\\/web\\\/wp-content\\\/uploads\\\/2018\\\/02\\\/AlcaldeMulaMapaInfoParticipa.jpg\",\"articleSection\":[\"alcalde\",\"nuevas tecnolog\u00edas\",\"premios\",\"transparencia\"],\"inLanguage\":\"es\"},{\"@type\":\"WebPage\",\"@id\":\"https:\\\/\\\/mula.es\\\/web\\\/el-ayuntamiento-de-mula-ha-sido-galardonado-por-segundo-ano-consecutivo-con-la-mencion-infoparticipa-a-la-calidad-y-la-transparencia-de-la-comunicacion-publica-local\\\/\",\"url\":\"https:\\\/\\\/mula.es\\\/web\\\/el-ayuntamiento-de-mula-ha-sido-galardonado-por-segundo-ano-consecutivo-con-la-mencion-infoparticipa-a-la-calidad-y-la-transparencia-de-la-comunicacion-publica-local\\\/\",\"name\":\"El Ayuntamiento de Mula ha sido galardonado por segundo a\u00f1o consecutivo con la Menci\u00f3n Infoparticipa a la calidad y la transparencia de la comunicaci\u00f3n p\u00fablica local - Ayuntamiento de Mula\",\"isPartOf\":{\"@id\":\"https:\\\/\\\/mula.es\\\/web\\\/#website\"},\"primaryImageOfPage\":{\"@id\":\"https:\\\/\\\/mula.es\\\/web\\\/el-ayuntamiento-de-mula-ha-sido-galardonado-por-segundo-ano-consecutivo-con-la-mencion-infoparticipa-a-la-calidad-y-la-transparencia-de-la-comunicacion-publica-local\\\/#primaryimage\"},\"image\":{\"@id\":\"https:\\\/\\\/mula.es\\\/web\\\/el-ayuntamiento-de-mula-ha-sido-galardonado-por-segundo-ano-consecutivo-con-la-mencion-infoparticipa-a-la-calidad-y-la-transparencia-de-la-comunicacion-publica-local\\\/#primaryimage\"},\"thumbnailUrl\":\"https:\\\/\\\/mula.es\\\/web\\\/wp-content\\\/uploads\\\/2018\\\/02\\\/AlcaldeMulaMapaInfoParticipa.jpg\",\"datePublished\":\"2018-02-13T16:56:58+00:00\",\"dateModified\":\"2021-05-12T18:14:12+00:00\",\"author\":{\"@id\":\"https:\\\/\\\/mula.es\\\/web\\\/#\\\/schema\\\/person\\\/a0dbffe9f4a3ed4aaebedcfef02f71a1\"},\"breadcrumb\":{\"@id\":\"https:\\\/\\\/mula.es\\\/web\\\/el-ayuntamiento-de-mula-ha-sido-galardonado-por-segundo-ano-consecutivo-con-la-mencion-infoparticipa-a-la-calidad-y-la-transparencia-de-la-comunicacion-publica-local\\\/#breadcrumb\"},\"inLanguage\":\"es\",\"potentialAction\":[{\"@type\":\"ReadAction\",\"target\":[\"https:\\\/\\\/mula.es\\\/web\\\/el-ayuntamiento-de-mula-ha-sido-galardonado-por-segundo-ano-consecutivo-con-la-mencion-infoparticipa-a-la-calidad-y-la-transparencia-de-la-comunicacion-publica-local\\\/\"]}]},{\"@type\":\"ImageObject\",\"inLanguage\":\"es\",\"@id\":\"https:\\\/\\\/mula.es\\\/web\\\/el-ayuntamiento-de-mula-ha-sido-galardonado-por-segundo-ano-consecutivo-con-la-mencion-infoparticipa-a-la-calidad-y-la-transparencia-de-la-comunicacion-publica-local\\\/#primaryimage\",\"url\":\"https:\\\/\\\/mula.es\\\/web\\\/wp-content\\\/uploads\\\/2018\\\/02\\\/AlcaldeMulaMapaInfoParticipa.jpg\",\"contentUrl\":\"https:\\\/\\\/mula.es\\\/web\\\/wp-content\\\/uploads\\\/2018\\\/02\\\/AlcaldeMulaMapaInfoParticipa.jpg\",\"width\":1241,\"height\":849},{\"@type\":\"BreadcrumbList\",\"@id\":\"https:\\\/\\\/mula.es\\\/web\\\/el-ayuntamiento-de-mula-ha-sido-galardonado-por-segundo-ano-consecutivo-con-la-mencion-infoparticipa-a-la-calidad-y-la-transparencia-de-la-comunicacion-publica-local\\\/#breadcrumb\",\"itemListElement\":[{\"@type\":\"ListItem\",\"position\":1,\"name\":\"Portada\",\"item\":\"https:\\\/\\\/mula.es\\\/web\\\/\"},{\"@type\":\"ListItem\",\"position\":2,\"name\":\"El Ayuntamiento de Mula ha sido galardonado por segundo a\u00f1o consecutivo con la Menci\u00f3n Infoparticipa a la calidad y la transparencia de la comunicaci\u00f3n p\u00fablica local\"}]},{\"@type\":\"WebSite\",\"@id\":\"https:\\\/\\\/mula.es\\\/web\\\/#website\",\"url\":\"https:\\\/\\\/mula.es\\\/web\\\/\",\"name\":\"Ayuntamiento de Mula\",\"description\":\"P\u00e1gina web del Ayuntamiento de Mula (Regi\u00f3n de Murcia)\",\"potentialAction\":[{\"@type\":\"SearchAction\",\"target\":{\"@type\":\"EntryPoint\",\"urlTemplate\":\"https:\\\/\\\/mula.es\\\/web\\\/?s={search_term_string}\"},\"query-input\":{\"@type\":\"PropertyValueSpecification\",\"valueRequired\":true,\"valueName\":\"search_term_string\"}}],\"inLanguage\":\"es\"},{\"@type\":\"Person\",\"@id\":\"https:\\\/\\\/mula.es\\\/web\\\/#\\\/schema\\\/person\\\/a0dbffe9f4a3ed4aaebedcfef02f71a1\",\"name\":\"admin\",\"image\":{\"@type\":\"ImageObject\",\"inLanguage\":\"es\",\"@id\":\"https:\\\/\\\/secure.gravatar.com\\\/avatar\\\/5423b9cd77f4c7f89a124365a268866f9dfee038c17fe9e37afd92b5920d810e?s=96&d=mm&r=g\",\"url\":\"https:\\\/\\\/secure.gravatar.com\\\/avatar\\\/5423b9cd77f4c7f89a124365a268866f9dfee038c17fe9e37afd92b5920d810e?s=96&d=mm&r=g\",\"contentUrl\":\"https:\\\/\\\/secure.gravatar.com\\\/avatar\\\/5423b9cd77f4c7f89a124365a268866f9dfee038c17fe9e37afd92b5920d810e?s=96&d=mm&r=g\",\"caption\":\"admin\"},\"description\":\"Lorem ipsum dolor sit amet, consectetur adipiscing elit. Nam viverra euismod odio, gravida pellentesque urna varius vitae. Sed dui lorem, adipiscing in adipiscing et, interdum nec metus. Mauris ultricies, justo eu convallis placerat, felis enim ornare nisi, vitae mattis nulla ante id dui. Ut lectus purus, commodo et tincidunt vel, interdum sed lectus. Vestibulum adipiscing tempor nisi id elementi.\",\"url\":\"https:\\\/\\\/mula.es\\\/web\\\/author\\\/jose-maria-boti\\\/\"}]}<\/script>\n<!-- \/ Yoast SEO plugin. -->","yoast_head_json":{"title":"El Ayuntamiento de Mula ha sido galardonado por segundo a\u00f1o consecutivo con la Menci\u00f3n Infoparticipa a la calidad y la transparencia de la comunicaci\u00f3n p\u00fablica local - Ayuntamiento de Mula","robots":{"index":"index","follow":"follow","max-snippet":"max-snippet:-1","max-image-preview":"max-image-preview:large","max-video-preview":"max-video-preview:-1"},"canonical":"https:\/\/mula.es\/web\/el-ayuntamiento-de-mula-ha-sido-galardonado-por-segundo-ano-consecutivo-con-la-mencion-infoparticipa-a-la-calidad-y-la-transparencia-de-la-comunicacion-publica-local\/","og_locale":"es_ES","og_type":"article","og_title":"El Ayuntamiento de Mula ha sido galardonado por segundo a\u00f1o consecutivo con la Menci\u00f3n Infoparticipa a la calidad y la transparencia de la comunicaci\u00f3n p\u00fablica local - Ayuntamiento de Mula","og_description":"El Alcalde Mula, Juan Jes\u00fas Moreno Garc\u00eda, ha recogido la\u00a0Menci\u00f3n Infoparticipa al Ayuntamiento de Mula\u00a0en la 2\u00aa edici\u00f3n de los galardones InfoParticipa 2017 cuyo acto de entrega de Premios ha tenido luego hoy martes 13 de febrero de 2018 en el Centro Cultural Las Claras de Murcia En este acto, el Laboratorio de Periodismo y [...]","og_url":"https:\/\/mula.es\/web\/el-ayuntamiento-de-mula-ha-sido-galardonado-por-segundo-ano-consecutivo-con-la-mencion-infoparticipa-a-la-calidad-y-la-transparencia-de-la-comunicacion-publica-local\/","og_site_name":"Ayuntamiento de Mula","article_published_time":"2018-02-13T16:56:58+00:00","article_modified_time":"2021-05-12T18:14:12+00:00","og_image":[{"width":1241,"height":849,"url":"https:\/\/i0.wp.com\/mula.es\/web\/wp-content\/uploads\/2018\/02\/AlcaldeMulaMapaInfoParticipa.jpg?fit=1241%2C849&ssl=1","type":"image\/jpeg"}],"author":"admin","twitter_card":"summary_large_image","twitter_creator":"@AyuntamientMula","twitter_site":"@AyuntamientMula","twitter_misc":{"Escrito por":"admin","Tiempo de lectura":"2 minutos"},"schema":{"@context":"https:\/\/schema.org","@graph":[{"@type":"Article","@id":"https:\/\/mula.es\/web\/el-ayuntamiento-de-mula-ha-sido-galardonado-por-segundo-ano-consecutivo-con-la-mencion-infoparticipa-a-la-calidad-y-la-transparencia-de-la-comunicacion-publica-local\/#article","isPartOf":{"@id":"https:\/\/mula.es\/web\/el-ayuntamiento-de-mula-ha-sido-galardonado-por-segundo-ano-consecutivo-con-la-mencion-infoparticipa-a-la-calidad-y-la-transparencia-de-la-comunicacion-publica-local\/"},"author":{"name":"admin","@id":"https:\/\/mula.es\/web\/#\/schema\/person\/a0dbffe9f4a3ed4aaebedcfef02f71a1"},"headline":"El Ayuntamiento de Mula ha sido galardonado por segundo a\u00f1o consecutivo con la Menci\u00f3n Infoparticipa a la calidad y la transparencia de la comunicaci\u00f3n p\u00fablica local","datePublished":"2018-02-13T16:56:58+00:00","dateModified":"2021-05-12T18:14:12+00:00","mainEntityOfPage":{"@id":"https:\/\/mula.es\/web\/el-ayuntamiento-de-mula-ha-sido-galardonado-por-segundo-ano-consecutivo-con-la-mencion-infoparticipa-a-la-calidad-y-la-transparencia-de-la-comunicacion-publica-local\/"},"wordCount":372,"image":{"@id":"https:\/\/mula.es\/web\/el-ayuntamiento-de-mula-ha-sido-galardonado-por-segundo-ano-consecutivo-con-la-mencion-infoparticipa-a-la-calidad-y-la-transparencia-de-la-comunicacion-publica-local\/#primaryimage"},"thumbnailUrl":"https:\/\/mula.es\/web\/wp-content\/uploads\/2018\/02\/AlcaldeMulaMapaInfoParticipa.jpg","articleSection":["alcalde","nuevas tecnolog\u00edas","premios","transparencia"],"inLanguage":"es"},{"@type":"WebPage","@id":"https:\/\/mula.es\/web\/el-ayuntamiento-de-mula-ha-sido-galardonado-por-segundo-ano-consecutivo-con-la-mencion-infoparticipa-a-la-calidad-y-la-transparencia-de-la-comunicacion-publica-local\/","url":"https:\/\/mula.es\/web\/el-ayuntamiento-de-mula-ha-sido-galardonado-por-segundo-ano-consecutivo-con-la-mencion-infoparticipa-a-la-calidad-y-la-transparencia-de-la-comunicacion-publica-local\/","name":"El Ayuntamiento de Mula ha sido galardonado por segundo a\u00f1o consecutivo con la Menci\u00f3n Infoparticipa a la calidad y la transparencia de la comunicaci\u00f3n p\u00fablica local - Ayuntamiento de Mula","isPartOf":{"@id":"https:\/\/mula.es\/web\/#website"},"primaryImageOfPage":{"@id":"https:\/\/mula.es\/web\/el-ayuntamiento-de-mula-ha-sido-galardonado-por-segundo-ano-consecutivo-con-la-mencion-infoparticipa-a-la-calidad-y-la-transparencia-de-la-comunicacion-publica-local\/#primaryimage"},"image":{"@id":"https:\/\/mula.es\/web\/el-ayuntamiento-de-mula-ha-sido-galardonado-por-segundo-ano-consecutivo-con-la-mencion-infoparticipa-a-la-calidad-y-la-transparencia-de-la-comunicacion-publica-local\/#primaryimage"},"thumbnailUrl":"https:\/\/mula.es\/web\/wp-content\/uploads\/2018\/02\/AlcaldeMulaMapaInfoParticipa.jpg","datePublished":"2018-02-13T16:56:58+00:00","dateModified":"2021-05-12T18:14:12+00:00","author":{"@id":"https:\/\/mula.es\/web\/#\/schema\/person\/a0dbffe9f4a3ed4aaebedcfef02f71a1"},"breadcrumb":{"@id":"https:\/\/mula.es\/web\/el-ayuntamiento-de-mula-ha-sido-galardonado-por-segundo-ano-consecutivo-con-la-mencion-infoparticipa-a-la-calidad-y-la-transparencia-de-la-comunicacion-publica-local\/#breadcrumb"},"inLanguage":"es","potentialAction":[{"@type":"ReadAction","target":["https:\/\/mula.es\/web\/el-ayuntamiento-de-mula-ha-sido-galardonado-por-segundo-ano-consecutivo-con-la-mencion-infoparticipa-a-la-calidad-y-la-transparencia-de-la-comunicacion-publica-local\/"]}]},{"@type":"ImageObject","inLanguage":"es","@id":"https:\/\/mula.es\/web\/el-ayuntamiento-de-mula-ha-sido-galardonado-por-segundo-ano-consecutivo-con-la-mencion-infoparticipa-a-la-calidad-y-la-transparencia-de-la-comunicacion-publica-local\/#primaryimage","url":"https:\/\/mula.es\/web\/wp-content\/uploads\/2018\/02\/AlcaldeMulaMapaInfoParticipa.jpg","contentUrl":"https:\/\/mula.es\/web\/wp-content\/uploads\/2018\/02\/AlcaldeMulaMapaInfoParticipa.jpg","width":1241,"height":849},{"@type":"BreadcrumbList","@id":"https:\/\/mula.es\/web\/el-ayuntamiento-de-mula-ha-sido-galardonado-por-segundo-ano-consecutivo-con-la-mencion-infoparticipa-a-la-calidad-y-la-transparencia-de-la-comunicacion-publica-local\/#breadcrumb","itemListElement":[{"@type":"ListItem","position":1,"name":"Portada","item":"https:\/\/mula.es\/web\/"},{"@type":"ListItem","position":2,"name":"El Ayuntamiento de Mula ha sido galardonado por segundo a\u00f1o consecutivo con la Menci\u00f3n Infoparticipa a la calidad y la transparencia de la comunicaci\u00f3n p\u00fablica local"}]},{"@type":"WebSite","@id":"https:\/\/mula.es\/web\/#website","url":"https:\/\/mula.es\/web\/","name":"Ayuntamiento de Mula","description":"P\u00e1gina web del Ayuntamiento de Mula (Regi\u00f3n de Murcia)","potentialAction":[{"@type":"SearchAction","target":{"@type":"EntryPoint","urlTemplate":"https:\/\/mula.es\/web\/?s={search_term_string}"},"query-input":{"@type":"PropertyValueSpecification","valueRequired":true,"valueName":"search_term_string"}}],"inLanguage":"es"},{"@type":"Person","@id":"https:\/\/mula.es\/web\/#\/schema\/person\/a0dbffe9f4a3ed4aaebedcfef02f71a1","name":"admin","image":{"@type":"ImageObject","inLanguage":"es","@id":"https:\/\/secure.gravatar.com\/avatar\/5423b9cd77f4c7f89a124365a268866f9dfee038c17fe9e37afd92b5920d810e?s=96&d=mm&r=g","url":"https:\/\/secure.gravatar.com\/avatar\/5423b9cd77f4c7f89a124365a268866f9dfee038c17fe9e37afd92b5920d810e?s=96&d=mm&r=g","contentUrl":"https:\/\/secure.gravatar.com\/avatar\/5423b9cd77f4c7f89a124365a268866f9dfee038c17fe9e37afd92b5920d810e?s=96&d=mm&r=g","caption":"admin"},"description":"Lorem ipsum dolor sit amet, consectetur adipiscing elit. Nam viverra euismod odio, gravida pellentesque urna varius vitae. Sed dui lorem, adipiscing in adipiscing et, interdum nec metus. Mauris ultricies, justo eu convallis placerat, felis enim ornare nisi, vitae mattis nulla ante id dui. Ut lectus purus, commodo et tincidunt vel, interdum sed lectus. Vestibulum adipiscing tempor nisi id elementi.","url":"https:\/\/mula.es\/web\/author\/jose-maria-boti\/"}]}},"jetpack_publicize_connections":[],"jetpack_featured_media_url":"https:\/\/mula.es\/web\/wp-content\/uploads\/2018\/02\/AlcaldeMulaMapaInfoParticipa.jpg","jetpack_sharing_enabled":true,"jetpack_shortlink":"https:\/\/wp.me\/pa9DMY-6Pg","jetpack-related-posts":[],"_links":{"self":[{"href":"https:\/\/mula.es\/web\/wp-json\/wp\/v2\/posts\/26242","targetHints":{"allow":["GET"]}}],"collection":[{"href":"https:\/\/mula.es\/web\/wp-json\/wp\/v2\/posts"}],"about":[{"href":"https:\/\/mula.es\/web\/wp-json\/wp\/v2\/types\/post"}],"author":[{"embeddable":true,"href":"https:\/\/mula.es\/web\/wp-json\/wp\/v2\/users\/1"}],"replies":[{"embeddable":true,"href":"https:\/\/mula.es\/web\/wp-json\/wp\/v2\/comments?post=26242"}],"version-history":[{"count":9,"href":"https:\/\/mula.es\/web\/wp-json\/wp\/v2\/posts\/26242\/revisions"}],"predecessor-version":[{"id":26254,"href":"https:\/\/mula.es\/web\/wp-json\/wp\/v2\/posts\/26242\/revisions\/26254"}],"wp:featuredmedia":[{"embeddable":true,"href":"https:\/\/mula.es\/web\/wp-json\/wp\/v2\/media\/26243"}],"wp:attachment":[{"href":"https:\/\/mula.es\/web\/wp-json\/wp\/v2\/media?parent=26242"}],"wp:term":[{"taxonomy":"category","embeddable":true,"href":"https:\/\/mula.es\/web\/wp-json\/wp\/v2\/categories?post=26242"},{"taxonomy":"post_tag","embeddable":true,"href":"https:\/\/mula.es\/web\/wp-json\/wp\/v2\/tags?post=26242"}],"curies":[{"name":"wp","href":"https:\/\/api.w.org\/{rel}","templated":true}]}}