{"id":27547,"date":"2018-09-07T12:09:02","date_gmt":"2018-09-07T10:09:02","guid":{"rendered":"http:\/\/mula.es\/web\/?p=27547"},"modified":"2021-05-12T20:13:26","modified_gmt":"2021-05-12T18:13:26","slug":"27547-2","status":"publish","type":"post","link":"https:\/\/mula.es\/web\/27547-2\/","title":{"rendered":"Programa del curso: \u00abArqueolog\u00eda Arg\u00e1rica\u00bb &#8211; del 10 al 12 de septiembre"},"content":{"rendered":"<div class=\"fusion-fullwidth fullwidth-box fusion-builder-row-1 fusion-flex-container hundred-percent-fullwidth non-hundred-percent-height-scrolling\" style=\"--awb-border-radius-top-left:0px;--awb-border-radius-top-right:0px;--awb-border-radius-bottom-right:0px;--awb-border-radius-bottom-left:0px;--awb-overflow:visible;--awb-flex-wrap:wrap;\" ><div class=\"fusion-builder-row fusion-row fusion-flex-align-items-flex-start fusion-flex-content-wrap\" style=\"width:calc( 100% + 0px ) !important;max-width:calc( 100% + 0px ) !important;margin-left: calc(-0px \/ 2 );margin-right: calc(-0px \/ 2 );\"><div class=\"fusion-layout-column fusion_builder_column fusion-builder-column-0 fusion_builder_column_1_1 1_1 fusion-flex-column\" style=\"--awb-bg-size:cover;--awb-width-large:100%;--awb-margin-top-large:0px;--awb-spacing-right-large:0px;--awb-margin-bottom-large:20px;--awb-spacing-left-large:0px;--awb-width-medium:100%;--awb-spacing-right-medium:0px;--awb-spacing-left-medium:0px;--awb-width-small:100%;--awb-spacing-right-small:0px;--awb-spacing-left-small:0px;\"><div class=\"fusion-column-wrapper fusion-flex-justify-content-flex-start fusion-content-layout-column\"><div class=\"fusion-text fusion-text-1\"><h2><\/h2>\n<h2 style=\"text-align: center;\"><strong><a href=\"https:\/\/mula.es\/web\/wp-content\/uploads\/2018\/09\/Programa_Arqueo_Argarica_10_12_sept_2018.pdf\" target=\"_blank\" rel=\"noopener\">Programa del curso: \u00abArqueolog\u00eda Arg\u00e1rica\u00bb en formato .pdf<\/a><\/strong><\/h2>\n<\/div><\/div><\/div><\/div><\/div>\n","protected":false},"excerpt":{"rendered":"","protected":false},"author":9,"featured_media":27548,"comment_status":"closed","ping_status":"closed","sticky":false,"template":"","format":"standard","meta":{"jetpack_post_was_ever_published":false,"_jetpack_newsletter_access":"","_jetpack_dont_email_post_to_subs":false,"_jetpack_newsletter_tier_id":0,"_jetpack_memberships_contains_paywalled_content":false,"_jetpack_memberships_contains_paid_content":false,"footnotes":"","jetpack_publicize_message":"","jetpack_publicize_feature_enabled":true,"jetpack_social_post_already_shared":true,"jetpack_social_options":{"image_generator_settings":{"template":"highway","default_image_id":0,"font":"","enabled":false},"version":2}},"categories":[112],"tags":[498],"class_list":["post-27547","post","type-post","status-publish","format-standard","has-post-thumbnail","hentry","category-arqueologia","tag-arqueologia-argarica"],"yoast_head":"<!-- This site is optimized with the Yoast SEO plugin v27.4 - https:\/\/yoast.com\/product\/yoast-seo-wordpress\/ -->\n<title>Programa del curso: &quot;Arqueolog\u00eda Arg\u00e1rica&quot; - del 10 al 12 de septiembre - Ayuntamiento de Mula<\/title>\n<meta name=\"robots\" content=\"index, follow, max-snippet:-1, max-image-preview:large, max-video-preview:-1\" \/>\n<link rel=\"canonical\" href=\"https:\/\/mula.es\/web\/27547-2\/\" \/>\n<meta property=\"og:locale\" content=\"es_ES\" \/>\n<meta property=\"og:type\" content=\"article\" \/>\n<meta property=\"og:title\" content=\"Programa del curso: &quot;Arqueolog\u00eda Arg\u00e1rica&quot; - del 10 al 12 de septiembre - Ayuntamiento de Mula\" \/>\n<meta property=\"og:url\" content=\"https:\/\/mula.es\/web\/27547-2\/\" \/>\n<meta property=\"og:site_name\" content=\"Ayuntamiento de Mula\" \/>\n<meta property=\"article:published_time\" content=\"2018-09-07T10:09:02+00:00\" \/>\n<meta property=\"article:modified_time\" content=\"2021-05-12T18:13:26+00:00\" \/>\n<meta property=\"og:image\" content=\"https:\/\/i0.wp.com\/mula.es\/web\/wp-content\/uploads\/2018\/09\/cartel_arqueo_argarica_10_12_sept_2018.jpg?fit=2338%2C3307&ssl=1\" \/>\n\t<meta property=\"og:image:width\" content=\"2338\" \/>\n\t<meta property=\"og:image:height\" content=\"3307\" \/>\n\t<meta property=\"og:image:type\" content=\"image\/jpeg\" \/>\n<meta name=\"author\" content=\"Rosario Mart\u00ednez\" \/>\n<meta name=\"twitter:card\" content=\"summary_large_image\" \/>\n<meta name=\"twitter:creator\" content=\"@AyuntamientMula\" \/>\n<meta name=\"twitter:site\" content=\"@AyuntamientMula\" \/>\n<meta name=\"twitter:label1\" content=\"Escrito por\" \/>\n\t<meta name=\"twitter:data1\" content=\"Rosario Mart\u00ednez\" \/>\n<script type=\"application\/ld+json\" class=\"yoast-schema-graph\">{\"@context\":\"https:\\\/\\\/schema.org\",\"@graph\":[{\"@type\":\"Article\",\"@id\":\"https:\\\/\\\/mula.es\\\/web\\\/27547-2\\\/#article\",\"isPartOf\":{\"@id\":\"https:\\\/\\\/mula.es\\\/web\\\/27547-2\\\/\"},\"author\":{\"name\":\"Rosario Mart\u00ednez\",\"@id\":\"https:\\\/\\\/mula.es\\\/web\\\/#\\\/schema\\\/person\\\/f8d63bd3ab6e7b025268b909b7ab0771\"},\"headline\":\"Programa del curso: \u00abArqueolog\u00eda Arg\u00e1rica\u00bb &#8211; del 10 al 12 de septiembre\",\"datePublished\":\"2018-09-07T10:09:02+00:00\",\"dateModified\":\"2021-05-12T18:13:26+00:00\",\"mainEntityOfPage\":{\"@id\":\"https:\\\/\\\/mula.es\\\/web\\\/27547-2\\\/\"},\"wordCount\":101,\"image\":{\"@id\":\"https:\\\/\\\/mula.es\\\/web\\\/27547-2\\\/#primaryimage\"},\"thumbnailUrl\":\"https:\\\/\\\/mula.es\\\/web\\\/wp-content\\\/uploads\\\/2018\\\/09\\\/cartel_arqueo_argarica_10_12_sept_2018.jpg\",\"keywords\":[\"arqueolog\u00eda arg\u00e1rica\"],\"articleSection\":[\"arqueolog\u00eda\"],\"inLanguage\":\"es\"},{\"@type\":\"WebPage\",\"@id\":\"https:\\\/\\\/mula.es\\\/web\\\/27547-2\\\/\",\"url\":\"https:\\\/\\\/mula.es\\\/web\\\/27547-2\\\/\",\"name\":\"Programa del curso: \\\"Arqueolog\u00eda Arg\u00e1rica\\\" - del 10 al 12 de septiembre - Ayuntamiento de Mula\",\"isPartOf\":{\"@id\":\"https:\\\/\\\/mula.es\\\/web\\\/#website\"},\"primaryImageOfPage\":{\"@id\":\"https:\\\/\\\/mula.es\\\/web\\\/27547-2\\\/#primaryimage\"},\"image\":{\"@id\":\"https:\\\/\\\/mula.es\\\/web\\\/27547-2\\\/#primaryimage\"},\"thumbnailUrl\":\"https:\\\/\\\/mula.es\\\/web\\\/wp-content\\\/uploads\\\/2018\\\/09\\\/cartel_arqueo_argarica_10_12_sept_2018.jpg\",\"datePublished\":\"2018-09-07T10:09:02+00:00\",\"dateModified\":\"2021-05-12T18:13:26+00:00\",\"author\":{\"@id\":\"https:\\\/\\\/mula.es\\\/web\\\/#\\\/schema\\\/person\\\/f8d63bd3ab6e7b025268b909b7ab0771\"},\"breadcrumb\":{\"@id\":\"https:\\\/\\\/mula.es\\\/web\\\/27547-2\\\/#breadcrumb\"},\"inLanguage\":\"es\",\"potentialAction\":[{\"@type\":\"ReadAction\",\"target\":[\"https:\\\/\\\/mula.es\\\/web\\\/27547-2\\\/\"]}]},{\"@type\":\"ImageObject\",\"inLanguage\":\"es\",\"@id\":\"https:\\\/\\\/mula.es\\\/web\\\/27547-2\\\/#primaryimage\",\"url\":\"https:\\\/\\\/mula.es\\\/web\\\/wp-content\\\/uploads\\\/2018\\\/09\\\/cartel_arqueo_argarica_10_12_sept_2018.jpg\",\"contentUrl\":\"https:\\\/\\\/mula.es\\\/web\\\/wp-content\\\/uploads\\\/2018\\\/09\\\/cartel_arqueo_argarica_10_12_sept_2018.jpg\",\"width\":2338,\"height\":3307,\"caption\":\"cartel_arqueo_argarica_10_12_sept_2018\"},{\"@type\":\"BreadcrumbList\",\"@id\":\"https:\\\/\\\/mula.es\\\/web\\\/27547-2\\\/#breadcrumb\",\"itemListElement\":[{\"@type\":\"ListItem\",\"position\":1,\"name\":\"Portada\",\"item\":\"https:\\\/\\\/mula.es\\\/web\\\/\"},{\"@type\":\"ListItem\",\"position\":2,\"name\":\"Programa del curso: \u00abArqueolog\u00eda Arg\u00e1rica\u00bb &#8211; del 10 al 12 de septiembre\"}]},{\"@type\":\"WebSite\",\"@id\":\"https:\\\/\\\/mula.es\\\/web\\\/#website\",\"url\":\"https:\\\/\\\/mula.es\\\/web\\\/\",\"name\":\"Ayuntamiento de Mula\",\"description\":\"P\u00e1gina web del Ayuntamiento de Mula (Regi\u00f3n de Murcia)\",\"potentialAction\":[{\"@type\":\"SearchAction\",\"target\":{\"@type\":\"EntryPoint\",\"urlTemplate\":\"https:\\\/\\\/mula.es\\\/web\\\/?s={search_term_string}\"},\"query-input\":{\"@type\":\"PropertyValueSpecification\",\"valueRequired\":true,\"valueName\":\"search_term_string\"}}],\"inLanguage\":\"es\"},{\"@type\":\"Person\",\"@id\":\"https:\\\/\\\/mula.es\\\/web\\\/#\\\/schema\\\/person\\\/f8d63bd3ab6e7b025268b909b7ab0771\",\"name\":\"Rosario Mart\u00ednez\",\"image\":{\"@type\":\"ImageObject\",\"inLanguage\":\"es\",\"@id\":\"https:\\\/\\\/secure.gravatar.com\\\/avatar\\\/ce916b980ac93e5b1d36e6068357675d4e089a572ebc8789fcb807c2fb2edfef?s=96&d=mm&r=g\",\"url\":\"https:\\\/\\\/secure.gravatar.com\\\/avatar\\\/ce916b980ac93e5b1d36e6068357675d4e089a572ebc8789fcb807c2fb2edfef?s=96&d=mm&r=g\",\"contentUrl\":\"https:\\\/\\\/secure.gravatar.com\\\/avatar\\\/ce916b980ac93e5b1d36e6068357675d4e089a572ebc8789fcb807c2fb2edfef?s=96&d=mm&r=g\",\"caption\":\"Rosario Mart\u00ednez\"},\"url\":\"https:\\\/\\\/mula.es\\\/web\\\/author\\\/rmartinez\\\/\"}]}<\/script>\n<!-- \/ Yoast SEO plugin. -->","yoast_head_json":{"title":"Programa del curso: \"Arqueolog\u00eda Arg\u00e1rica\" - del 10 al 12 de septiembre - Ayuntamiento de Mula","robots":{"index":"index","follow":"follow","max-snippet":"max-snippet:-1","max-image-preview":"max-image-preview:large","max-video-preview":"max-video-preview:-1"},"canonical":"https:\/\/mula.es\/web\/27547-2\/","og_locale":"es_ES","og_type":"article","og_title":"Programa del curso: \"Arqueolog\u00eda Arg\u00e1rica\" - del 10 al 12 de septiembre - Ayuntamiento de Mula","og_url":"https:\/\/mula.es\/web\/27547-2\/","og_site_name":"Ayuntamiento de Mula","article_published_time":"2018-09-07T10:09:02+00:00","article_modified_time":"2021-05-12T18:13:26+00:00","og_image":[{"width":2338,"height":3307,"url":"https:\/\/i0.wp.com\/mula.es\/web\/wp-content\/uploads\/2018\/09\/cartel_arqueo_argarica_10_12_sept_2018.jpg?fit=2338%2C3307&ssl=1","type":"image\/jpeg"}],"author":"Rosario Mart\u00ednez","twitter_card":"summary_large_image","twitter_creator":"@AyuntamientMula","twitter_site":"@AyuntamientMula","twitter_misc":{"Escrito por":"Rosario Mart\u00ednez"},"schema":{"@context":"https:\/\/schema.org","@graph":[{"@type":"Article","@id":"https:\/\/mula.es\/web\/27547-2\/#article","isPartOf":{"@id":"https:\/\/mula.es\/web\/27547-2\/"},"author":{"name":"Rosario Mart\u00ednez","@id":"https:\/\/mula.es\/web\/#\/schema\/person\/f8d63bd3ab6e7b025268b909b7ab0771"},"headline":"Programa del curso: \u00abArqueolog\u00eda Arg\u00e1rica\u00bb &#8211; del 10 al 12 de septiembre","datePublished":"2018-09-07T10:09:02+00:00","dateModified":"2021-05-12T18:13:26+00:00","mainEntityOfPage":{"@id":"https:\/\/mula.es\/web\/27547-2\/"},"wordCount":101,"image":{"@id":"https:\/\/mula.es\/web\/27547-2\/#primaryimage"},"thumbnailUrl":"https:\/\/mula.es\/web\/wp-content\/uploads\/2018\/09\/cartel_arqueo_argarica_10_12_sept_2018.jpg","keywords":["arqueolog\u00eda arg\u00e1rica"],"articleSection":["arqueolog\u00eda"],"inLanguage":"es"},{"@type":"WebPage","@id":"https:\/\/mula.es\/web\/27547-2\/","url":"https:\/\/mula.es\/web\/27547-2\/","name":"Programa del curso: \"Arqueolog\u00eda Arg\u00e1rica\" - del 10 al 12 de septiembre - Ayuntamiento de Mula","isPartOf":{"@id":"https:\/\/mula.es\/web\/#website"},"primaryImageOfPage":{"@id":"https:\/\/mula.es\/web\/27547-2\/#primaryimage"},"image":{"@id":"https:\/\/mula.es\/web\/27547-2\/#primaryimage"},"thumbnailUrl":"https:\/\/mula.es\/web\/wp-content\/uploads\/2018\/09\/cartel_arqueo_argarica_10_12_sept_2018.jpg","datePublished":"2018-09-07T10:09:02+00:00","dateModified":"2021-05-12T18:13:26+00:00","author":{"@id":"https:\/\/mula.es\/web\/#\/schema\/person\/f8d63bd3ab6e7b025268b909b7ab0771"},"breadcrumb":{"@id":"https:\/\/mula.es\/web\/27547-2\/#breadcrumb"},"inLanguage":"es","potentialAction":[{"@type":"ReadAction","target":["https:\/\/mula.es\/web\/27547-2\/"]}]},{"@type":"ImageObject","inLanguage":"es","@id":"https:\/\/mula.es\/web\/27547-2\/#primaryimage","url":"https:\/\/mula.es\/web\/wp-content\/uploads\/2018\/09\/cartel_arqueo_argarica_10_12_sept_2018.jpg","contentUrl":"https:\/\/mula.es\/web\/wp-content\/uploads\/2018\/09\/cartel_arqueo_argarica_10_12_sept_2018.jpg","width":2338,"height":3307,"caption":"cartel_arqueo_argarica_10_12_sept_2018"},{"@type":"BreadcrumbList","@id":"https:\/\/mula.es\/web\/27547-2\/#breadcrumb","itemListElement":[{"@type":"ListItem","position":1,"name":"Portada","item":"https:\/\/mula.es\/web\/"},{"@type":"ListItem","position":2,"name":"Programa del curso: \u00abArqueolog\u00eda Arg\u00e1rica\u00bb &#8211; del 10 al 12 de septiembre"}]},{"@type":"WebSite","@id":"https:\/\/mula.es\/web\/#website","url":"https:\/\/mula.es\/web\/","name":"Ayuntamiento de Mula","description":"P\u00e1gina web del Ayuntamiento de Mula (Regi\u00f3n de Murcia)","potentialAction":[{"@type":"SearchAction","target":{"@type":"EntryPoint","urlTemplate":"https:\/\/mula.es\/web\/?s={search_term_string}"},"query-input":{"@type":"PropertyValueSpecification","valueRequired":true,"valueName":"search_term_string"}}],"inLanguage":"es"},{"@type":"Person","@id":"https:\/\/mula.es\/web\/#\/schema\/person\/f8d63bd3ab6e7b025268b909b7ab0771","name":"Rosario Mart\u00ednez","image":{"@type":"ImageObject","inLanguage":"es","@id":"https:\/\/secure.gravatar.com\/avatar\/ce916b980ac93e5b1d36e6068357675d4e089a572ebc8789fcb807c2fb2edfef?s=96&d=mm&r=g","url":"https:\/\/secure.gravatar.com\/avatar\/ce916b980ac93e5b1d36e6068357675d4e089a572ebc8789fcb807c2fb2edfef?s=96&d=mm&r=g","contentUrl":"https:\/\/secure.gravatar.com\/avatar\/ce916b980ac93e5b1d36e6068357675d4e089a572ebc8789fcb807c2fb2edfef?s=96&d=mm&r=g","caption":"Rosario Mart\u00ednez"},"url":"https:\/\/mula.es\/web\/author\/rmartinez\/"}]}},"jetpack_publicize_connections":[],"jetpack_featured_media_url":"https:\/\/mula.es\/web\/wp-content\/uploads\/2018\/09\/cartel_arqueo_argarica_10_12_sept_2018.jpg","jetpack_sharing_enabled":true,"jetpack_shortlink":"https:\/\/wp.me\/pa9DMY-7aj","jetpack-related-posts":[],"_links":{"self":[{"href":"https:\/\/mula.es\/web\/wp-json\/wp\/v2\/posts\/27547","targetHints":{"allow":["GET"]}}],"collection":[{"href":"https:\/\/mula.es\/web\/wp-json\/wp\/v2\/posts"}],"about":[{"href":"https:\/\/mula.es\/web\/wp-json\/wp\/v2\/types\/post"}],"author":[{"embeddable":true,"href":"https:\/\/mula.es\/web\/wp-json\/wp\/v2\/users\/9"}],"replies":[{"embeddable":true,"href":"https:\/\/mula.es\/web\/wp-json\/wp\/v2\/comments?post=27547"}],"version-history":[{"count":4,"href":"https:\/\/mula.es\/web\/wp-json\/wp\/v2\/posts\/27547\/revisions"}],"predecessor-version":[{"id":39443,"href":"https:\/\/mula.es\/web\/wp-json\/wp\/v2\/posts\/27547\/revisions\/39443"}],"wp:featuredmedia":[{"embeddable":true,"href":"https:\/\/mula.es\/web\/wp-json\/wp\/v2\/media\/27548"}],"wp:attachment":[{"href":"https:\/\/mula.es\/web\/wp-json\/wp\/v2\/media?parent=27547"}],"wp:term":[{"taxonomy":"category","embeddable":true,"href":"https:\/\/mula.es\/web\/wp-json\/wp\/v2\/categories?post=27547"},{"taxonomy":"post_tag","embeddable":true,"href":"https:\/\/mula.es\/web\/wp-json\/wp\/v2\/tags?post=27547"}],"curies":[{"name":"wp","href":"https:\/\/api.w.org\/{rel}","templated":true}]}}