{"id":27574,"date":"2018-09-11T11:29:43","date_gmt":"2018-09-11T09:29:43","guid":{"rendered":"http:\/\/mula.es\/web\/?p=27574"},"modified":"2021-05-12T20:13:25","modified_gmt":"2021-05-12T18:13:25","slug":"nota-de-prensa-actuacion-almagra-teatro-en-el-xxxv-encuentro-teatral-ciudad-de-mula","status":"publish","type":"post","link":"https:\/\/mula.es\/web\/nota-de-prensa-actuacion-almagra-teatro-en-el-xxxv-encuentro-teatral-ciudad-de-mula\/","title":{"rendered":"Nota de prensa: Actuaci\u00f3n Almagra Teatro en el XXXV Encuentro Teatral \u00abCiudad de Mula\u00bb"},"content":{"rendered":"<div class=\"fusion-fullwidth fullwidth-box fusion-builder-row-1 fusion-flex-container hundred-percent-fullwidth non-hundred-percent-height-scrolling\" style=\"--awb-border-radius-top-left:0px;--awb-border-radius-top-right:0px;--awb-border-radius-bottom-right:0px;--awb-border-radius-bottom-left:0px;--awb-overflow:visible;--awb-flex-wrap:wrap;\" ><div class=\"fusion-builder-row fusion-row fusion-flex-align-items-flex-start fusion-flex-content-wrap\" style=\"width:calc( 100% + 0px ) !important;max-width:calc( 100% + 0px ) !important;margin-left: calc(-0px \/ 2 );margin-right: calc(-0px \/ 2 );\"><div class=\"fusion-layout-column fusion_builder_column fusion-builder-column-0 fusion_builder_column_1_1 1_1 fusion-flex-column\" style=\"--awb-bg-size:cover;--awb-width-large:100%;--awb-margin-top-large:0px;--awb-spacing-right-large:0px;--awb-margin-bottom-large:20px;--awb-spacing-left-large:0px;--awb-width-medium:100%;--awb-spacing-right-medium:0px;--awb-spacing-left-medium:0px;--awb-width-small:100%;--awb-spacing-right-small:0px;--awb-spacing-left-small:0px;\"><div class=\"fusion-column-wrapper fusion-flex-justify-content-flex-start fusion-content-layout-column\"><div class=\"fusion-text fusion-text-1\"><p class=\"western\" align=\"justify\"><span style=\"font-family: Verdana, sans-serif;\"><span style=\"font-size: small;\">El Excmo. Ayuntamiento de Mula quiere expresar su m\u00e1s sincera enhorabuena a Almagra Teatro por su maravillosa puesta en escena de la obra \u201c Extra\u00f1o anuncio \u201d. Un \u00e9xito de p\u00fablico y sobre todo una magn\u00edfica representaci\u00f3n a cargo de un elenco de j\u00f3venes talentos y veteranos en estas lides, que componen este maravilloso equipo.<\/span><\/span><\/p>\n<p class=\"western\" align=\"justify\"><span style=\"font-family: Verdana, sans-serif;\"><span style=\"font-size: small;\"> Nos sumamos a estas felicitaciones, ya que anoche volvisteis a poner en pie al p\u00fablico de nuestro Teatro y dej\u00e1steis una vez m\u00e1s a mucha gente en la calle sin entrada, debido al lleno absoluto.<\/span><\/span><\/p>\n<p class=\"western\" align=\"justify\"><span style=\"font-family: Verdana, sans-serif;\"><span style=\"font-size: small;\"> Por \u00faltimo, animaros a continuar en esta l\u00ednea y que sig\u00e1is haciendo tan bien las cosas como hasta ahora. Viva el teatro y vivan nuestros actores y actrices mule\u00f1@s. <\/span><\/span><\/p>\n<p class=\"western\" align=\"center\"><span style=\"font-family: Verdana, sans-serif;\"><span style=\"font-size: small;\">\u00a1\u00a1 Enhorabuena Almagra Teatro!!<\/span><\/span><\/p>\n<\/div><\/div><\/div><\/div><\/div>\n","protected":false},"excerpt":{"rendered":"","protected":false},"author":9,"featured_media":27575,"comment_status":"closed","ping_status":"closed","sticky":false,"template":"","format":"standard","meta":{"jetpack_post_was_ever_published":false,"_jetpack_newsletter_access":"","_jetpack_dont_email_post_to_subs":false,"_jetpack_newsletter_tier_id":0,"_jetpack_memberships_contains_paywalled_content":false,"_jetpack_memberships_contains_paid_content":false,"footnotes":"","jetpack_publicize_message":"","jetpack_publicize_feature_enabled":true,"jetpack_social_post_already_shared":true,"jetpack_social_options":{"image_generator_settings":{"template":"highway","default_image_id":0,"font":"","enabled":false},"version":2}},"categories":[97],"tags":[282],"class_list":["post-27574","post","type-post","status-publish","format-standard","has-post-thumbnail","hentry","category-cultura","tag-teatro"],"yoast_head":"<!-- This site is optimized with the Yoast SEO plugin v27.4 - https:\/\/yoast.com\/product\/yoast-seo-wordpress\/ -->\n<title>Nota de prensa: Actuaci\u00f3n Almagra Teatro en el XXXV Encuentro Teatral &quot;Ciudad de Mula&quot; - Ayuntamiento de Mula<\/title>\n<meta name=\"robots\" content=\"index, follow, max-snippet:-1, max-image-preview:large, max-video-preview:-1\" \/>\n<link rel=\"canonical\" href=\"https:\/\/mula.es\/web\/nota-de-prensa-actuacion-almagra-teatro-en-el-xxxv-encuentro-teatral-ciudad-de-mula\/\" \/>\n<meta property=\"og:locale\" content=\"es_ES\" \/>\n<meta property=\"og:type\" content=\"article\" \/>\n<meta property=\"og:title\" content=\"Nota de prensa: Actuaci\u00f3n Almagra Teatro en el XXXV Encuentro Teatral &quot;Ciudad de Mula&quot; - Ayuntamiento de Mula\" \/>\n<meta property=\"og:url\" content=\"https:\/\/mula.es\/web\/nota-de-prensa-actuacion-almagra-teatro-en-el-xxxv-encuentro-teatral-ciudad-de-mula\/\" \/>\n<meta property=\"og:site_name\" content=\"Ayuntamiento de Mula\" \/>\n<meta property=\"article:published_time\" content=\"2018-09-11T09:29:43+00:00\" \/>\n<meta property=\"article:modified_time\" content=\"2021-05-12T18:13:25+00:00\" \/>\n<meta property=\"og:image\" content=\"https:\/\/i0.wp.com\/mula.es\/web\/wp-content\/uploads\/2018\/09\/40758167_780899558943577_4655172691148406784_n.jpg?fit=639%2C900&ssl=1\" \/>\n\t<meta property=\"og:image:width\" content=\"639\" \/>\n\t<meta property=\"og:image:height\" content=\"900\" \/>\n\t<meta property=\"og:image:type\" content=\"image\/jpeg\" \/>\n<meta name=\"author\" content=\"Rosario Mart\u00ednez\" \/>\n<meta name=\"twitter:card\" content=\"summary_large_image\" \/>\n<meta name=\"twitter:creator\" content=\"@AyuntamientMula\" \/>\n<meta name=\"twitter:site\" content=\"@AyuntamientMula\" \/>\n<meta name=\"twitter:label1\" content=\"Escrito por\" \/>\n\t<meta name=\"twitter:data1\" content=\"Rosario Mart\u00ednez\" \/>\n\t<meta name=\"twitter:label2\" content=\"Tiempo de lectura\" \/>\n\t<meta name=\"twitter:data2\" content=\"1 minuto\" \/>\n<script type=\"application\/ld+json\" class=\"yoast-schema-graph\">{\"@context\":\"https:\\\/\\\/schema.org\",\"@graph\":[{\"@type\":\"Article\",\"@id\":\"https:\\\/\\\/mula.es\\\/web\\\/nota-de-prensa-actuacion-almagra-teatro-en-el-xxxv-encuentro-teatral-ciudad-de-mula\\\/#article\",\"isPartOf\":{\"@id\":\"https:\\\/\\\/mula.es\\\/web\\\/nota-de-prensa-actuacion-almagra-teatro-en-el-xxxv-encuentro-teatral-ciudad-de-mula\\\/\"},\"author\":{\"name\":\"Rosario Mart\u00ednez\",\"@id\":\"https:\\\/\\\/mula.es\\\/web\\\/#\\\/schema\\\/person\\\/f8d63bd3ab6e7b025268b909b7ab0771\"},\"headline\":\"Nota de prensa: Actuaci\u00f3n Almagra Teatro en el XXXV Encuentro Teatral \u00abCiudad de Mula\u00bb\",\"datePublished\":\"2018-09-11T09:29:43+00:00\",\"dateModified\":\"2021-05-12T18:13:25+00:00\",\"mainEntityOfPage\":{\"@id\":\"https:\\\/\\\/mula.es\\\/web\\\/nota-de-prensa-actuacion-almagra-teatro-en-el-xxxv-encuentro-teatral-ciudad-de-mula\\\/\"},\"wordCount\":226,\"image\":{\"@id\":\"https:\\\/\\\/mula.es\\\/web\\\/nota-de-prensa-actuacion-almagra-teatro-en-el-xxxv-encuentro-teatral-ciudad-de-mula\\\/#primaryimage\"},\"thumbnailUrl\":\"https:\\\/\\\/mula.es\\\/web\\\/wp-content\\\/uploads\\\/2018\\\/09\\\/40758167_780899558943577_4655172691148406784_n.jpg\",\"keywords\":[\"teatro\"],\"articleSection\":[\"cultura\"],\"inLanguage\":\"es\"},{\"@type\":\"WebPage\",\"@id\":\"https:\\\/\\\/mula.es\\\/web\\\/nota-de-prensa-actuacion-almagra-teatro-en-el-xxxv-encuentro-teatral-ciudad-de-mula\\\/\",\"url\":\"https:\\\/\\\/mula.es\\\/web\\\/nota-de-prensa-actuacion-almagra-teatro-en-el-xxxv-encuentro-teatral-ciudad-de-mula\\\/\",\"name\":\"Nota de prensa: Actuaci\u00f3n Almagra Teatro en el XXXV Encuentro Teatral \\\"Ciudad de Mula\\\" - Ayuntamiento de Mula\",\"isPartOf\":{\"@id\":\"https:\\\/\\\/mula.es\\\/web\\\/#website\"},\"primaryImageOfPage\":{\"@id\":\"https:\\\/\\\/mula.es\\\/web\\\/nota-de-prensa-actuacion-almagra-teatro-en-el-xxxv-encuentro-teatral-ciudad-de-mula\\\/#primaryimage\"},\"image\":{\"@id\":\"https:\\\/\\\/mula.es\\\/web\\\/nota-de-prensa-actuacion-almagra-teatro-en-el-xxxv-encuentro-teatral-ciudad-de-mula\\\/#primaryimage\"},\"thumbnailUrl\":\"https:\\\/\\\/mula.es\\\/web\\\/wp-content\\\/uploads\\\/2018\\\/09\\\/40758167_780899558943577_4655172691148406784_n.jpg\",\"datePublished\":\"2018-09-11T09:29:43+00:00\",\"dateModified\":\"2021-05-12T18:13:25+00:00\",\"author\":{\"@id\":\"https:\\\/\\\/mula.es\\\/web\\\/#\\\/schema\\\/person\\\/f8d63bd3ab6e7b025268b909b7ab0771\"},\"breadcrumb\":{\"@id\":\"https:\\\/\\\/mula.es\\\/web\\\/nota-de-prensa-actuacion-almagra-teatro-en-el-xxxv-encuentro-teatral-ciudad-de-mula\\\/#breadcrumb\"},\"inLanguage\":\"es\",\"potentialAction\":[{\"@type\":\"ReadAction\",\"target\":[\"https:\\\/\\\/mula.es\\\/web\\\/nota-de-prensa-actuacion-almagra-teatro-en-el-xxxv-encuentro-teatral-ciudad-de-mula\\\/\"]}]},{\"@type\":\"ImageObject\",\"inLanguage\":\"es\",\"@id\":\"https:\\\/\\\/mula.es\\\/web\\\/nota-de-prensa-actuacion-almagra-teatro-en-el-xxxv-encuentro-teatral-ciudad-de-mula\\\/#primaryimage\",\"url\":\"https:\\\/\\\/mula.es\\\/web\\\/wp-content\\\/uploads\\\/2018\\\/09\\\/40758167_780899558943577_4655172691148406784_n.jpg\",\"contentUrl\":\"https:\\\/\\\/mula.es\\\/web\\\/wp-content\\\/uploads\\\/2018\\\/09\\\/40758167_780899558943577_4655172691148406784_n.jpg\",\"width\":639,\"height\":900,\"caption\":\"almagra teatro 11092018\"},{\"@type\":\"BreadcrumbList\",\"@id\":\"https:\\\/\\\/mula.es\\\/web\\\/nota-de-prensa-actuacion-almagra-teatro-en-el-xxxv-encuentro-teatral-ciudad-de-mula\\\/#breadcrumb\",\"itemListElement\":[{\"@type\":\"ListItem\",\"position\":1,\"name\":\"Portada\",\"item\":\"https:\\\/\\\/mula.es\\\/web\\\/\"},{\"@type\":\"ListItem\",\"position\":2,\"name\":\"Nota de prensa: Actuaci\u00f3n Almagra Teatro en el XXXV Encuentro Teatral \u00abCiudad de Mula\u00bb\"}]},{\"@type\":\"WebSite\",\"@id\":\"https:\\\/\\\/mula.es\\\/web\\\/#website\",\"url\":\"https:\\\/\\\/mula.es\\\/web\\\/\",\"name\":\"Ayuntamiento de Mula\",\"description\":\"P\u00e1gina web del Ayuntamiento de Mula (Regi\u00f3n de Murcia)\",\"potentialAction\":[{\"@type\":\"SearchAction\",\"target\":{\"@type\":\"EntryPoint\",\"urlTemplate\":\"https:\\\/\\\/mula.es\\\/web\\\/?s={search_term_string}\"},\"query-input\":{\"@type\":\"PropertyValueSpecification\",\"valueRequired\":true,\"valueName\":\"search_term_string\"}}],\"inLanguage\":\"es\"},{\"@type\":\"Person\",\"@id\":\"https:\\\/\\\/mula.es\\\/web\\\/#\\\/schema\\\/person\\\/f8d63bd3ab6e7b025268b909b7ab0771\",\"name\":\"Rosario Mart\u00ednez\",\"image\":{\"@type\":\"ImageObject\",\"inLanguage\":\"es\",\"@id\":\"https:\\\/\\\/secure.gravatar.com\\\/avatar\\\/ce916b980ac93e5b1d36e6068357675d4e089a572ebc8789fcb807c2fb2edfef?s=96&d=mm&r=g\",\"url\":\"https:\\\/\\\/secure.gravatar.com\\\/avatar\\\/ce916b980ac93e5b1d36e6068357675d4e089a572ebc8789fcb807c2fb2edfef?s=96&d=mm&r=g\",\"contentUrl\":\"https:\\\/\\\/secure.gravatar.com\\\/avatar\\\/ce916b980ac93e5b1d36e6068357675d4e089a572ebc8789fcb807c2fb2edfef?s=96&d=mm&r=g\",\"caption\":\"Rosario Mart\u00ednez\"},\"url\":\"https:\\\/\\\/mula.es\\\/web\\\/author\\\/rmartinez\\\/\"}]}<\/script>\n<!-- \/ Yoast SEO plugin. -->","yoast_head_json":{"title":"Nota de prensa: Actuaci\u00f3n Almagra Teatro en el XXXV Encuentro Teatral \"Ciudad de Mula\" - Ayuntamiento de Mula","robots":{"index":"index","follow":"follow","max-snippet":"max-snippet:-1","max-image-preview":"max-image-preview:large","max-video-preview":"max-video-preview:-1"},"canonical":"https:\/\/mula.es\/web\/nota-de-prensa-actuacion-almagra-teatro-en-el-xxxv-encuentro-teatral-ciudad-de-mula\/","og_locale":"es_ES","og_type":"article","og_title":"Nota de prensa: Actuaci\u00f3n Almagra Teatro en el XXXV Encuentro Teatral \"Ciudad de Mula\" - Ayuntamiento de Mula","og_url":"https:\/\/mula.es\/web\/nota-de-prensa-actuacion-almagra-teatro-en-el-xxxv-encuentro-teatral-ciudad-de-mula\/","og_site_name":"Ayuntamiento de Mula","article_published_time":"2018-09-11T09:29:43+00:00","article_modified_time":"2021-05-12T18:13:25+00:00","og_image":[{"width":639,"height":900,"url":"https:\/\/i0.wp.com\/mula.es\/web\/wp-content\/uploads\/2018\/09\/40758167_780899558943577_4655172691148406784_n.jpg?fit=639%2C900&ssl=1","type":"image\/jpeg"}],"author":"Rosario Mart\u00ednez","twitter_card":"summary_large_image","twitter_creator":"@AyuntamientMula","twitter_site":"@AyuntamientMula","twitter_misc":{"Escrito por":"Rosario Mart\u00ednez","Tiempo de lectura":"1 minuto"},"schema":{"@context":"https:\/\/schema.org","@graph":[{"@type":"Article","@id":"https:\/\/mula.es\/web\/nota-de-prensa-actuacion-almagra-teatro-en-el-xxxv-encuentro-teatral-ciudad-de-mula\/#article","isPartOf":{"@id":"https:\/\/mula.es\/web\/nota-de-prensa-actuacion-almagra-teatro-en-el-xxxv-encuentro-teatral-ciudad-de-mula\/"},"author":{"name":"Rosario Mart\u00ednez","@id":"https:\/\/mula.es\/web\/#\/schema\/person\/f8d63bd3ab6e7b025268b909b7ab0771"},"headline":"Nota de prensa: Actuaci\u00f3n Almagra Teatro en el XXXV Encuentro Teatral \u00abCiudad de Mula\u00bb","datePublished":"2018-09-11T09:29:43+00:00","dateModified":"2021-05-12T18:13:25+00:00","mainEntityOfPage":{"@id":"https:\/\/mula.es\/web\/nota-de-prensa-actuacion-almagra-teatro-en-el-xxxv-encuentro-teatral-ciudad-de-mula\/"},"wordCount":226,"image":{"@id":"https:\/\/mula.es\/web\/nota-de-prensa-actuacion-almagra-teatro-en-el-xxxv-encuentro-teatral-ciudad-de-mula\/#primaryimage"},"thumbnailUrl":"https:\/\/mula.es\/web\/wp-content\/uploads\/2018\/09\/40758167_780899558943577_4655172691148406784_n.jpg","keywords":["teatro"],"articleSection":["cultura"],"inLanguage":"es"},{"@type":"WebPage","@id":"https:\/\/mula.es\/web\/nota-de-prensa-actuacion-almagra-teatro-en-el-xxxv-encuentro-teatral-ciudad-de-mula\/","url":"https:\/\/mula.es\/web\/nota-de-prensa-actuacion-almagra-teatro-en-el-xxxv-encuentro-teatral-ciudad-de-mula\/","name":"Nota de prensa: Actuaci\u00f3n Almagra Teatro en el XXXV Encuentro Teatral \"Ciudad de Mula\" - Ayuntamiento de Mula","isPartOf":{"@id":"https:\/\/mula.es\/web\/#website"},"primaryImageOfPage":{"@id":"https:\/\/mula.es\/web\/nota-de-prensa-actuacion-almagra-teatro-en-el-xxxv-encuentro-teatral-ciudad-de-mula\/#primaryimage"},"image":{"@id":"https:\/\/mula.es\/web\/nota-de-prensa-actuacion-almagra-teatro-en-el-xxxv-encuentro-teatral-ciudad-de-mula\/#primaryimage"},"thumbnailUrl":"https:\/\/mula.es\/web\/wp-content\/uploads\/2018\/09\/40758167_780899558943577_4655172691148406784_n.jpg","datePublished":"2018-09-11T09:29:43+00:00","dateModified":"2021-05-12T18:13:25+00:00","author":{"@id":"https:\/\/mula.es\/web\/#\/schema\/person\/f8d63bd3ab6e7b025268b909b7ab0771"},"breadcrumb":{"@id":"https:\/\/mula.es\/web\/nota-de-prensa-actuacion-almagra-teatro-en-el-xxxv-encuentro-teatral-ciudad-de-mula\/#breadcrumb"},"inLanguage":"es","potentialAction":[{"@type":"ReadAction","target":["https:\/\/mula.es\/web\/nota-de-prensa-actuacion-almagra-teatro-en-el-xxxv-encuentro-teatral-ciudad-de-mula\/"]}]},{"@type":"ImageObject","inLanguage":"es","@id":"https:\/\/mula.es\/web\/nota-de-prensa-actuacion-almagra-teatro-en-el-xxxv-encuentro-teatral-ciudad-de-mula\/#primaryimage","url":"https:\/\/mula.es\/web\/wp-content\/uploads\/2018\/09\/40758167_780899558943577_4655172691148406784_n.jpg","contentUrl":"https:\/\/mula.es\/web\/wp-content\/uploads\/2018\/09\/40758167_780899558943577_4655172691148406784_n.jpg","width":639,"height":900,"caption":"almagra teatro 11092018"},{"@type":"BreadcrumbList","@id":"https:\/\/mula.es\/web\/nota-de-prensa-actuacion-almagra-teatro-en-el-xxxv-encuentro-teatral-ciudad-de-mula\/#breadcrumb","itemListElement":[{"@type":"ListItem","position":1,"name":"Portada","item":"https:\/\/mula.es\/web\/"},{"@type":"ListItem","position":2,"name":"Nota de prensa: Actuaci\u00f3n Almagra Teatro en el XXXV Encuentro Teatral \u00abCiudad de Mula\u00bb"}]},{"@type":"WebSite","@id":"https:\/\/mula.es\/web\/#website","url":"https:\/\/mula.es\/web\/","name":"Ayuntamiento de Mula","description":"P\u00e1gina web del Ayuntamiento de Mula (Regi\u00f3n de Murcia)","potentialAction":[{"@type":"SearchAction","target":{"@type":"EntryPoint","urlTemplate":"https:\/\/mula.es\/web\/?s={search_term_string}"},"query-input":{"@type":"PropertyValueSpecification","valueRequired":true,"valueName":"search_term_string"}}],"inLanguage":"es"},{"@type":"Person","@id":"https:\/\/mula.es\/web\/#\/schema\/person\/f8d63bd3ab6e7b025268b909b7ab0771","name":"Rosario Mart\u00ednez","image":{"@type":"ImageObject","inLanguage":"es","@id":"https:\/\/secure.gravatar.com\/avatar\/ce916b980ac93e5b1d36e6068357675d4e089a572ebc8789fcb807c2fb2edfef?s=96&d=mm&r=g","url":"https:\/\/secure.gravatar.com\/avatar\/ce916b980ac93e5b1d36e6068357675d4e089a572ebc8789fcb807c2fb2edfef?s=96&d=mm&r=g","contentUrl":"https:\/\/secure.gravatar.com\/avatar\/ce916b980ac93e5b1d36e6068357675d4e089a572ebc8789fcb807c2fb2edfef?s=96&d=mm&r=g","caption":"Rosario Mart\u00ednez"},"url":"https:\/\/mula.es\/web\/author\/rmartinez\/"}]}},"jetpack_publicize_connections":[],"jetpack_featured_media_url":"https:\/\/mula.es\/web\/wp-content\/uploads\/2018\/09\/40758167_780899558943577_4655172691148406784_n.jpg","jetpack_sharing_enabled":true,"jetpack_shortlink":"https:\/\/wp.me\/pa9DMY-7aK","jetpack-related-posts":[],"_links":{"self":[{"href":"https:\/\/mula.es\/web\/wp-json\/wp\/v2\/posts\/27574","targetHints":{"allow":["GET"]}}],"collection":[{"href":"https:\/\/mula.es\/web\/wp-json\/wp\/v2\/posts"}],"about":[{"href":"https:\/\/mula.es\/web\/wp-json\/wp\/v2\/types\/post"}],"author":[{"embeddable":true,"href":"https:\/\/mula.es\/web\/wp-json\/wp\/v2\/users\/9"}],"replies":[{"embeddable":true,"href":"https:\/\/mula.es\/web\/wp-json\/wp\/v2\/comments?post=27574"}],"version-history":[{"count":2,"href":"https:\/\/mula.es\/web\/wp-json\/wp\/v2\/posts\/27574\/revisions"}],"predecessor-version":[{"id":39439,"href":"https:\/\/mula.es\/web\/wp-json\/wp\/v2\/posts\/27574\/revisions\/39439"}],"wp:featuredmedia":[{"embeddable":true,"href":"https:\/\/mula.es\/web\/wp-json\/wp\/v2\/media\/27575"}],"wp:attachment":[{"href":"https:\/\/mula.es\/web\/wp-json\/wp\/v2\/media?parent=27574"}],"wp:term":[{"taxonomy":"category","embeddable":true,"href":"https:\/\/mula.es\/web\/wp-json\/wp\/v2\/categories?post=27574"},{"taxonomy":"post_tag","embeddable":true,"href":"https:\/\/mula.es\/web\/wp-json\/wp\/v2\/tags?post=27574"}],"curies":[{"name":"wp","href":"https:\/\/api.w.org\/{rel}","templated":true}]}}