{"id":27577,"date":"2018-09-12T12:57:31","date_gmt":"2018-09-12T10:57:31","guid":{"rendered":"http:\/\/mula.es\/web\/?p=27577"},"modified":"2021-05-12T20:13:23","modified_gmt":"2021-05-12T18:13:23","slug":"programa-de-feria-y-fiestas-de-septiembre-mula-2018","status":"publish","type":"post","link":"https:\/\/mula.es\/web\/programa-de-feria-y-fiestas-de-septiembre-mula-2018\/","title":{"rendered":"Programa de Feria y Fiestas de Mula 2018"},"content":{"rendered":"<div class=\"fusion-fullwidth fullwidth-box fusion-builder-row-1 fusion-flex-container hundred-percent-fullwidth non-hundred-percent-height-scrolling\" style=\"--awb-border-radius-top-left:0px;--awb-border-radius-top-right:0px;--awb-border-radius-bottom-right:0px;--awb-border-radius-bottom-left:0px;--awb-overflow:visible;--awb-flex-wrap:wrap;\" ><div class=\"fusion-builder-row fusion-row fusion-flex-align-items-flex-start fusion-flex-content-wrap\" style=\"width:calc( 100% + 0px ) !important;max-width:calc( 100% + 0px ) !important;margin-left: calc(-0px \/ 2 );margin-right: calc(-0px \/ 2 );\"><div class=\"fusion-layout-column fusion_builder_column fusion-builder-column-0 fusion_builder_column_1_1 1_1 fusion-flex-column\" style=\"--awb-bg-size:cover;--awb-width-large:100%;--awb-margin-top-large:0px;--awb-spacing-right-large:0px;--awb-margin-bottom-large:20px;--awb-spacing-left-large:0px;--awb-width-medium:100%;--awb-spacing-right-medium:0px;--awb-spacing-left-medium:0px;--awb-width-small:100%;--awb-spacing-right-small:0px;--awb-spacing-left-small:0px;\"><div class=\"fusion-column-wrapper fusion-flex-justify-content-flex-start fusion-content-layout-column\"><div class=\"fusion-text fusion-text-1\"><h2 style=\"text-align: center;\" data-fontsize=\"18\" data-lineheight=\"27\"><strong><a href=\"https:\/\/mula.es\/web\/wp-content\/uploads\/2018\/09\/D\u00edptico_Feria_Fiestas_Mula_2018.pdf\" target=\"_blank\" rel=\"noopener\">Tr\u00edptico programaci\u00f3n Feria y Fiestas 2018<\/a><\/strong><\/h2>\n<h2 style=\"text-align: center;\" data-fontsize=\"18\" data-lineheight=\"27\"><strong><a href=\"https:\/\/mula.es\/web\/wp-content\/uploads\/2018\/09\/Resumen_programaci\u00f3n_feria_septiembre_2018.pdf\" target=\"_blank\" rel=\"noopener\">Resumen programaci\u00f3n Feria y Fiestas 2018<\/a><\/strong><\/h2>\n<h2 style=\"text-align: center;\" data-fontsize=\"18\" data-lineheight=\"27\"><strong><a href=\"https:\/\/mula.es\/web\/wp-content\/uploads\/2018\/09\/XXXV-Programaci\u00f3n-teatral-septiembre-2018.pdf\" target=\"_blank\" rel=\"noopener\">XXXV Encuentro teatral \u201cCiudad de Mula\u201d Septiembre 2018<\/a><\/strong><\/h2>\n<h2 style=\"text-align: center;\" data-fontsize=\"18\" data-lineheight=\"27\"><strong><a href=\"https:\/\/mula.es\/web\/wp-content\/uploads\/2018\/09\/Programaci\u00f3n_deportiva_septiembre_2018.pdf\" target=\"_blank\" rel=\"noopener\">XXXVI Programaci\u00f3n deportiva Septiembre 2018<\/a><\/strong><\/h2>\n<h2 style=\"text-align: center;\" data-fontsize=\"18\" data-lineheight=\"27\"><strong><a href=\"https:\/\/mula.es\/web\/wp-content\/uploads\/2018\/09\/se_turista_en_tu_ciudad_2018.pdf\" target=\"_blank\" rel=\"noopener\">Programa de actividades \u201cSe turista en tu ciudad\u201d<\/a><\/strong><\/h2>\n<h2 style=\"text-align: center;\" data-fontsize=\"18\" data-lineheight=\"27\"><strong><a href=\"https:\/\/mula.es\/web\/wp-content\/uploads\/2018\/09\/Programa_actos_religiosos_Ni\u00f1o_Jes\u00fas_Bel\u00e9n_2018.pdf\" target=\"_blank\" rel=\"noopener\">Programa de actos religiosos en honor al Ni\u00f1o Jes\u00fas de Bel\u00e9n<\/a><\/strong><\/h2>\n<h2 style=\"text-align: center;\" data-fontsize=\"18\" data-lineheight=\"27\"><strong><a href=\"https:\/\/mula.es\/web\/wp-content\/uploads\/2018\/09\/Programa-Actos-Religiosos-Virgen-del-Carmen-y-San-Felipe-2018-def.pdf\" target=\"_blank\" rel=\"noopener\">Programa Actos Religiosos en honor a Nuestra Se\u00f1ora del Carmen y San Felipe<\/a><\/strong><\/h2>\n<\/div><\/div><\/div><div class=\"fusion-layout-column fusion_builder_column fusion-builder-column-1 fusion_builder_column_1_1 1_1 fusion-flex-column\" style=\"--awb-bg-size:cover;--awb-width-large:100%;--awb-margin-top-large:0px;--awb-spacing-right-large:0px;--awb-margin-bottom-large:20px;--awb-spacing-left-large:0px;--awb-width-medium:100%;--awb-spacing-right-medium:0px;--awb-spacing-left-medium:0px;--awb-width-small:100%;--awb-spacing-right-small:0px;--awb-spacing-left-small:0px;\"><div class=\"fusion-column-wrapper fusion-flex-justify-content-flex-start fusion-content-layout-column\"><div class=\"fusion-title title fusion-title-1 fusion-title-text fusion-title-size-one\" style=\"--awb-margin-top-small:0px;--awb-margin-right-small:0px;--awb-margin-bottom-small:20px;--awb-margin-left-small:0px;\"><div class=\"title-sep-container title-sep-container-left fusion-no-large-visibility fusion-no-medium-visibility fusion-no-small-visibility\"><div class=\"title-sep sep-double sep-solid\" style=\"border-color:#e0dede;\"><\/div><\/div><span class=\"awb-title-spacer fusion-no-large-visibility fusion-no-medium-visibility fusion-no-small-visibility\"><\/span><h1 class=\"fusion-title-heading title-heading-left\" style=\"margin:0;\"><strong>Viernes, 14 de septiembre<\/strong><\/h1><span class=\"awb-title-spacer\"><\/span><div class=\"title-sep-container title-sep-container-right\"><div class=\"title-sep sep-double sep-solid\" style=\"border-color:#e0dede;\"><\/div><\/div><\/div><div class=\"fusion-text fusion-text-2\"><ul>\n<li style=\"text-align: justify;\">17:00 h. <strong>12+1 Festival Mr. People<\/strong>. Desde las 5 de la tarde, actividades. A partir de las 9 de la noche, las actuaciones de LASAI, NOVATO, CHRONIC SOUND, PUTO LARGO, DHEFORMER, GALINIER & CICLO, DJ SOAK, ALEX ORELLANA & JAYDER, KOKIAN, COBARRO y GOOD GOLFOS. En el parque Crist\u00f3bal Gabarr\u00f3n.<\/li>\n<\/ul>\n<p>\u00a0<\/p>\n<p><a href=\"https:\/\/mula.es\/web\/wp-content\/uploads\/2018\/09\/14092018-1.jpg\"><img decoding=\"async\" data-attachment-id=\"27593\" data-permalink=\"https:\/\/mula.es\/web\/programa-de-feria-y-fiestas-de-septiembre-mula-2018\/14092018-2\/\" data-orig-file=\"https:\/\/mula.es\/web\/wp-content\/uploads\/2018\/09\/14092018-1.jpg\" data-orig-size=\"678,960\" data-comments-opened=\"0\" data-image-meta=\"\" data-image-title=\"14092018\" data-image-description=\"\" data-image-caption=\"\" data-large-file=\"https:\/\/mula.es\/web\/wp-content\/uploads\/2018\/09\/14092018-1.jpg\" class=\"wp-image-27593 size-medium aligncenter\" src=\"https:\/\/mula.es\/web\/wp-content\/uploads\/2018\/09\/14092018-1-212x300.jpg\" alt=\"\" width=\"212\" height=\"300\" srcset=\"https:\/\/mula.es\/web\/wp-content\/uploads\/2018\/09\/14092018-1-200x283.jpg 200w, https:\/\/mula.es\/web\/wp-content\/uploads\/2018\/09\/14092018-1-212x300.jpg 212w, https:\/\/mula.es\/web\/wp-content\/uploads\/2018\/09\/14092018-1-400x566.jpg 400w, https:\/\/mula.es\/web\/wp-content\/uploads\/2018\/09\/14092018-1-600x850.jpg 600w, https:\/\/mula.es\/web\/wp-content\/uploads\/2018\/09\/14092018-1.jpg 678w\" sizes=\"(max-width: 212px) 100vw, 212px\" \/><\/a><\/p>\n<p>\u00a0<\/p>\n<ul>\n<li style=\"text-align: justify;\">18:00 h. <strong>Campeonato Local de Tenis de Mesa \"Ciudad de Mula\"<\/strong>, categor\u00edas infantil y absoluta. 6 de la tarde, en el Pabell\u00f3n Municipal.<\/li>\n<\/ul>\n<\/div><\/div><\/div><div class=\"fusion-layout-column fusion_builder_column fusion-builder-column-2 fusion_builder_column_1_1 1_1 fusion-flex-column\" style=\"--awb-bg-size:cover;--awb-width-large:100%;--awb-margin-top-large:0px;--awb-spacing-right-large:0px;--awb-margin-bottom-large:20px;--awb-spacing-left-large:0px;--awb-width-medium:100%;--awb-spacing-right-medium:0px;--awb-spacing-left-medium:0px;--awb-width-small:100%;--awb-spacing-right-small:0px;--awb-spacing-left-small:0px;\"><div class=\"fusion-column-wrapper fusion-flex-justify-content-flex-start fusion-content-layout-column\"><div class=\"fusion-title title fusion-title-2 fusion-title-text fusion-title-size-one\" style=\"--awb-margin-top-small:0px;--awb-margin-right-small:0px;--awb-margin-bottom-small:20px;--awb-margin-left-small:0px;\"><div class=\"title-sep-container title-sep-container-left fusion-no-large-visibility fusion-no-medium-visibility fusion-no-small-visibility\"><div class=\"title-sep sep-double sep-solid\" style=\"border-color:#e0dede;\"><\/div><\/div><span class=\"awb-title-spacer fusion-no-large-visibility fusion-no-medium-visibility fusion-no-small-visibility\"><\/span><h1 class=\"fusion-title-heading title-heading-left\" style=\"margin:0;\"><strong>S\u00e1bado, 15 de septiembre<\/strong><\/h1><span class=\"awb-title-spacer\"><\/span><div class=\"title-sep-container title-sep-container-right\"><div class=\"title-sep sep-double sep-solid\" style=\"border-color:#e0dede;\"><\/div><\/div><\/div><div class=\"fusion-text fusion-text-3\"><ul>\n<li style=\"text-align: justify;\">09:00 h. <strong>XI Open de Frontenis Ciudad de Mula<\/strong>, en el Polideportivo Municipal.<\/li>\n<li style=\"text-align: justify;\">09:00 h. <strong>Torneo de Voleibol<\/strong>, en el Pabell\u00f3n Javi Garc\u00eda.<\/li>\n<li style=\"text-align: justify;\">09:30 h. <strong>12 Horas de F\u00fatbol\/Sala Base<\/strong>, en el Polideportivo Municipal.<\/li>\n<li style=\"text-align: justify;\">15:30 h. En el Polideportivo Municipal, <strong>XXXIV 24 horas de F\u00fatbol\/Sala<\/strong> (categor\u00eda absoluta).<\/li>\n<li style=\"text-align: justify;\">16:00h.\u00a0 <strong>V Trofeo Ciudad de Mula de Tiro al Plato<\/strong>, en el Campo de Tiro de Los Llanos.<\/li>\n<li style=\"text-align: justify;\">16:30 h.<strong> XXXIV Torneo de Petanca<\/strong>, en la sede del Club Mule\u00f1o de Petanca.<\/li>\n<li style=\"text-align: justify;\">17:00 h. <strong>Torneo de Baloncesto 3 X 3<\/strong> (Categor\u00eda Sub 16) en Pista Verde\/Barrio Vi\u00f1egla.<\/li>\n<li style=\"text-align: justify;\">18:00 h.\u00a0 <strong>XXXII Milla Urbana y 1\u00aa Legua Ciudad de Mula<\/strong> (Aparcamiento Polideportivo Municipal).<\/li>\n<li style=\"text-align: justify;\">19:00 h. <strong>Partido de F\u00fatbol de Veteranos entre los equipos de la Asociaci\u00f3n de Veteranos del Mule\u00f1o C.F. y Ol\u00edmpico de Totana Veteranos<\/strong>, en el campo municipal de deportes.<\/li>\n<li style=\"text-align: justify;\">22:00 h. En el Parque Crist\u00f3bal Gabarr\u00f3n, <strong>XXXV Festival Nacional de Folclore<\/strong>, con las actuaciones de Coros y Danzas \"RA\u00cdCES DEL LLANO\" de Albacete, GRUPO DE JOTA EL CACHIRULO \"TERESA CALVO\", de Alca\u00f1iz, Teruel, HERMANDAD DE AUROROS NTRA. SRA. DEL CARMEN, de Rinc\u00f3n de Seca \u2013 Murcia, y COROS Y DANZAS \"NI\u00d1O JES\u00daS DEL BALATE\", de Mula, Murcia. Los grupos participantes ser\u00e1n recibidos en la sala de actos del Hospital, a las 9 de la noche.<\/li>\n<\/ul>\n<p>\u00a0<\/p>\n<p><a href=\"https:\/\/mula.es\/web\/wp-content\/uploads\/2018\/09\/xxxv_festival_folclore_15092018-1.jpg\"><img decoding=\"async\" data-attachment-id=\"27594\" data-permalink=\"https:\/\/mula.es\/web\/programa-de-feria-y-fiestas-de-septiembre-mula-2018\/xxxv_festival_folclore_15092018-2\/\" data-orig-file=\"https:\/\/mula.es\/web\/wp-content\/uploads\/2018\/09\/xxxv_festival_folclore_15092018-1.jpg\" data-orig-size=\"685,960\" data-comments-opened=\"0\" data-image-meta=\"\" data-image-title=\"xxxv_festival_folclore_15092018\" data-image-description=\"\" data-image-caption=\"\" data-large-file=\"https:\/\/mula.es\/web\/wp-content\/uploads\/2018\/09\/xxxv_festival_folclore_15092018-1.jpg\" class=\"wp-image-27594 size-medium aligncenter\" src=\"https:\/\/mula.es\/web\/wp-content\/uploads\/2018\/09\/xxxv_festival_folclore_15092018-1-214x300.jpg\" alt=\"\" width=\"214\" height=\"300\" srcset=\"https:\/\/mula.es\/web\/wp-content\/uploads\/2018\/09\/xxxv_festival_folclore_15092018-1-200x280.jpg 200w, https:\/\/mula.es\/web\/wp-content\/uploads\/2018\/09\/xxxv_festival_folclore_15092018-1-214x300.jpg 214w, https:\/\/mula.es\/web\/wp-content\/uploads\/2018\/09\/xxxv_festival_folclore_15092018-1-400x561.jpg 400w, https:\/\/mula.es\/web\/wp-content\/uploads\/2018\/09\/xxxv_festival_folclore_15092018-1-600x841.jpg 600w, https:\/\/mula.es\/web\/wp-content\/uploads\/2018\/09\/xxxv_festival_folclore_15092018-1.jpg 685w\" sizes=\"(max-width: 214px) 100vw, 214px\" \/><\/a><\/p>\n<p>\u00a0<\/p>\n<ul>\n<li style=\"text-align: justify;\">00:30 h. <strong>Festival MUSIC\u00d3N 4.0 Electroremenber Fest<\/strong>, en el Parque Crist\u00f3bal Gabarr\u00f3n.<\/li>\n<\/ul>\n<\/div><\/div><\/div><div class=\"fusion-layout-column fusion_builder_column fusion-builder-column-3 fusion_builder_column_1_1 1_1 fusion-flex-column\" style=\"--awb-bg-size:cover;--awb-width-large:100%;--awb-margin-top-large:0px;--awb-spacing-right-large:0px;--awb-margin-bottom-large:20px;--awb-spacing-left-large:0px;--awb-width-medium:100%;--awb-spacing-right-medium:0px;--awb-spacing-left-medium:0px;--awb-width-small:100%;--awb-spacing-right-small:0px;--awb-spacing-left-small:0px;\"><div class=\"fusion-column-wrapper fusion-flex-justify-content-flex-start fusion-content-layout-column\"><div class=\"fusion-title title fusion-title-3 fusion-title-text fusion-title-size-one\" style=\"--awb-margin-top-small:0px;--awb-margin-right-small:0px;--awb-margin-bottom-small:20px;--awb-margin-left-small:0px;\"><div class=\"title-sep-container title-sep-container-left fusion-no-large-visibility fusion-no-medium-visibility fusion-no-small-visibility\"><div class=\"title-sep sep-double sep-solid\" style=\"border-color:#e0dede;\"><\/div><\/div><span class=\"awb-title-spacer fusion-no-large-visibility fusion-no-medium-visibility fusion-no-small-visibility\"><\/span><h1 class=\"fusion-title-heading title-heading-left\" style=\"margin:0;\"><strong>Domingo, 16 de septiembre<\/strong><\/h1><span class=\"awb-title-spacer\"><\/span><div class=\"title-sep-container title-sep-container-right\"><div class=\"title-sep sep-double sep-solid\" style=\"border-color:#e0dede;\"><\/div><\/div><\/div><div class=\"fusion-text fusion-text-4\"><ul>\n<li style=\"text-align: justify;\">09:00 h. <strong>XXXI Concurso de Pesca Ciudad de Mula<\/strong>, en el embalse de La Cierva.<\/li>\n<li style=\"text-align: justify;\">09:00 h. <strong>Ruta en MTB por los senderos del tiempo y del agua<\/strong> (Salida Bar El Cristo).<\/li>\n<li style=\"text-align: justify;\">09:00 h. <strong>Almuerzo Motero<\/strong>, en el Parque Crist\u00f3bal Gabarr\u00f3n.<\/li>\n<li style=\"text-align: justify;\">19:00 h.\u00a0 <strong>XII Campeonato de Caliche<\/strong>, en la Ca\u00f1ada del Hambre.<\/li>\n<\/ul>\n<\/div><\/div><\/div><div class=\"fusion-layout-column fusion_builder_column fusion-builder-column-4 fusion_builder_column_1_1 1_1 fusion-flex-column\" style=\"--awb-bg-size:cover;--awb-width-large:100%;--awb-margin-top-large:0px;--awb-spacing-right-large:0px;--awb-margin-bottom-large:20px;--awb-spacing-left-large:0px;--awb-width-medium:100%;--awb-spacing-right-medium:0px;--awb-spacing-left-medium:0px;--awb-width-small:100%;--awb-spacing-right-small:0px;--awb-spacing-left-small:0px;\"><div class=\"fusion-column-wrapper fusion-flex-justify-content-flex-start fusion-content-layout-column\"><div class=\"fusion-title title fusion-title-4 fusion-title-text fusion-title-size-one\" style=\"--awb-margin-top-small:0px;--awb-margin-right-small:0px;--awb-margin-bottom-small:20px;--awb-margin-left-small:0px;\"><div class=\"title-sep-container title-sep-container-left fusion-no-large-visibility fusion-no-medium-visibility fusion-no-small-visibility\"><div class=\"title-sep sep-double sep-solid\" style=\"border-color:#e0dede;\"><\/div><\/div><span class=\"awb-title-spacer fusion-no-large-visibility fusion-no-medium-visibility fusion-no-small-visibility\"><\/span><h1 class=\"fusion-title-heading title-heading-left\" style=\"margin:0;\"><strong>Lunes, 17 de septiembre<\/strong><\/h1><span class=\"awb-title-spacer\"><\/span><div class=\"title-sep-container title-sep-container-right\"><div class=\"title-sep sep-double sep-solid\" style=\"border-color:#e0dede;\"><\/div><\/div><\/div><div class=\"fusion-text fusion-text-5\"><ul>\n<li>19:00 h. En el Museo Ciudad de Mula, inauguraci\u00f3n de la <strong>Exposici\u00f3n de Fotograf\u00eda \u201cUna mirada hacia el pasado\u201d. 40 a\u00f1os de INTEDIS.<\/strong><\/li>\n<\/ul>\n<\/div><\/div><\/div><div class=\"fusion-layout-column fusion_builder_column fusion-builder-column-5 fusion_builder_column_1_1 1_1 fusion-flex-column\" style=\"--awb-bg-size:cover;--awb-width-large:100%;--awb-margin-top-large:0px;--awb-spacing-right-large:0px;--awb-margin-bottom-large:20px;--awb-spacing-left-large:0px;--awb-width-medium:100%;--awb-spacing-right-medium:0px;--awb-spacing-left-medium:0px;--awb-width-small:100%;--awb-spacing-right-small:0px;--awb-spacing-left-small:0px;\"><div class=\"fusion-column-wrapper fusion-flex-justify-content-flex-start fusion-content-layout-column\"><div class=\"fusion-title title fusion-title-5 fusion-title-text fusion-title-size-one\" style=\"--awb-margin-top-small:0px;--awb-margin-right-small:0px;--awb-margin-bottom-small:20px;--awb-margin-left-small:0px;\"><div class=\"title-sep-container title-sep-container-left fusion-no-large-visibility fusion-no-medium-visibility fusion-no-small-visibility\"><div class=\"title-sep sep-double sep-solid\" style=\"border-color:#e0dede;\"><\/div><\/div><span class=\"awb-title-spacer fusion-no-large-visibility fusion-no-medium-visibility fusion-no-small-visibility\"><\/span><h1 class=\"fusion-title-heading title-heading-left\" style=\"margin:0;\"><strong>Mi\u00e9rcoles, 19 de septiembre<\/strong><\/h1><span class=\"awb-title-spacer\"><\/span><div class=\"title-sep-container title-sep-container-right\"><div class=\"title-sep sep-double sep-solid\" style=\"border-color:#e0dede;\"><\/div><\/div><\/div><div class=\"fusion-text fusion-text-6\"><ul>\n<li style=\"text-align: justify;\">21:00 h.<strong> Inauguraci\u00f3n de la Feria y Fiestas 2018<\/strong>. La Corporaci\u00f3n Municipal, acompa\u00f1ada de la Agrupaci\u00f3n Musical Mule\u00f1a, saldr\u00e1 de la Plaza del Ayuntamiento a las 9 de la noche. Tras la inauguraci\u00f3n, muestra de pintura en vivo a cargo del Consejo Local de Juventud.<\/li>\n<li style=\"text-align: justify;\">A continuaci\u00f3n, en el Parque Crist\u00f3bal Gabarr\u00f3n, concierto a cargo de la <strong>AGRUPACI\u00d3N MUSICAL MULE\u00d1A.<\/strong><\/li>\n<li style=\"text-align: justify;\">22:00 &#8211; 00:00 h. <strong>Feria Infantil<\/strong>. En el pabell\u00f3n Javi Garc\u00eda.<\/li>\n<li style=\"text-align: justify;\">00:30 h. <strong>Concierto Tributo a V\u00cdCTOR MANUEL y ANA BEL\u00c9N<\/strong>. En el parque Crist\u00f3bal Gabarr\u00f3n.<\/li>\n<li style=\"text-align: justify;\">A continuaci\u00f3n, actuaci\u00f3n de Dj Gazebo.<\/li>\n<\/ul>\n<\/div><\/div><\/div><div class=\"fusion-layout-column fusion_builder_column fusion-builder-column-6 fusion_builder_column_1_1 1_1 fusion-flex-column\" style=\"--awb-bg-size:cover;--awb-width-large:100%;--awb-margin-top-large:0px;--awb-spacing-right-large:0px;--awb-margin-bottom-large:20px;--awb-spacing-left-large:0px;--awb-width-medium:100%;--awb-spacing-right-medium:0px;--awb-spacing-left-medium:0px;--awb-width-small:100%;--awb-spacing-right-small:0px;--awb-spacing-left-small:0px;\"><div class=\"fusion-column-wrapper fusion-flex-justify-content-flex-start fusion-content-layout-column\"><div class=\"fusion-title title fusion-title-6 fusion-title-text fusion-title-size-one\" style=\"--awb-margin-top-small:0px;--awb-margin-right-small:0px;--awb-margin-bottom-small:20px;--awb-margin-left-small:0px;\"><div class=\"title-sep-container title-sep-container-left fusion-no-large-visibility fusion-no-medium-visibility fusion-no-small-visibility\"><div class=\"title-sep sep-double sep-solid\" style=\"border-color:#e0dede;\"><\/div><\/div><span class=\"awb-title-spacer fusion-no-large-visibility fusion-no-medium-visibility fusion-no-small-visibility\"><\/span><h1 class=\"fusion-title-heading title-heading-left\" style=\"margin:0;\"><strong>Jueves, 20 de septiembre<\/strong><\/h1><span class=\"awb-title-spacer\"><\/span><div class=\"title-sep-container title-sep-container-right\"><div class=\"title-sep sep-double sep-solid\" style=\"border-color:#e0dede;\"><\/div><\/div><\/div><div class=\"fusion-text fusion-text-7\"><ul>\n<li style=\"text-align: justify;\">19:00 h. <strong>Final del Torneo de P\u00e1del<\/strong>, en el Polideportivo Municipal.<\/li>\n<li style=\"text-align: justify;\">22:00-00:00 h. <strong>Feria Infantil<\/strong>. En el pabell\u00f3n Javi Garc\u00eda.<\/li>\n<li style=\"text-align: justify;\">22:30 h. <strong>Actuaci\u00f3n del grupo D' KAJ\u00d3N<\/strong>, en el parque Crist\u00f3bal Gabarr\u00f3n.<\/li>\n<li style=\"text-align: justify;\">23:30 h. <strong>Concierto de MAKI y MAR\u00cdA ART\u00c9S<\/strong>, en el parque Crist\u00f3bal Gabarr\u00f3n. Tras la actuaci\u00f3n, Dj Jaro.<\/li>\n<\/ul>\n<p>\u00a0<\/p>\n<p><a href=\"https:\/\/mula.es\/web\/wp-content\/uploads\/2018\/09\/20092018.jpg\"><img decoding=\"async\" data-attachment-id=\"27595\" data-permalink=\"https:\/\/mula.es\/web\/programa-de-feria-y-fiestas-de-septiembre-mula-2018\/attachment\/20092018\/\" data-orig-file=\"https:\/\/mula.es\/web\/wp-content\/uploads\/2018\/09\/20092018.jpg\" data-orig-size=\"800,1125\" data-comments-opened=\"0\" data-image-meta=\"\" data-image-title=\"20092018\" data-image-description=\"\" data-image-caption=\"\" data-large-file=\"https:\/\/mula.es\/web\/wp-content\/uploads\/2018\/09\/20092018-728x1024.jpg\" class=\"wp-image-27595 size-medium aligncenter\" src=\"https:\/\/mula.es\/web\/wp-content\/uploads\/2018\/09\/20092018-213x300.jpg\" alt=\"\" width=\"213\" height=\"300\" srcset=\"https:\/\/mula.es\/web\/wp-content\/uploads\/2018\/09\/20092018-200x281.jpg 200w, https:\/\/mula.es\/web\/wp-content\/uploads\/2018\/09\/20092018-213x300.jpg 213w, https:\/\/mula.es\/web\/wp-content\/uploads\/2018\/09\/20092018-400x563.jpg 400w, https:\/\/mula.es\/web\/wp-content\/uploads\/2018\/09\/20092018-600x844.jpg 600w, https:\/\/mula.es\/web\/wp-content\/uploads\/2018\/09\/20092018-728x1024.jpg 728w, https:\/\/mula.es\/web\/wp-content\/uploads\/2018\/09\/20092018-768x1080.jpg 768w, https:\/\/mula.es\/web\/wp-content\/uploads\/2018\/09\/20092018.jpg 800w\" sizes=\"(max-width: 213px) 100vw, 213px\" \/><\/a><\/p>\n<\/div><\/div><\/div><div class=\"fusion-layout-column fusion_builder_column fusion-builder-column-7 fusion_builder_column_1_1 1_1 fusion-flex-column\" style=\"--awb-bg-size:cover;--awb-width-large:100%;--awb-margin-top-large:0px;--awb-spacing-right-large:0px;--awb-margin-bottom-large:20px;--awb-spacing-left-large:0px;--awb-width-medium:100%;--awb-spacing-right-medium:0px;--awb-spacing-left-medium:0px;--awb-width-small:100%;--awb-spacing-right-small:0px;--awb-spacing-left-small:0px;\"><div class=\"fusion-column-wrapper fusion-flex-justify-content-flex-start fusion-content-layout-column\"><div class=\"fusion-title title fusion-title-7 fusion-title-text fusion-title-size-one\" style=\"--awb-margin-top-small:0px;--awb-margin-right-small:0px;--awb-margin-bottom-small:20px;--awb-margin-left-small:0px;\"><div class=\"title-sep-container title-sep-container-left fusion-no-large-visibility fusion-no-medium-visibility fusion-no-small-visibility\"><div class=\"title-sep sep-double sep-solid\" style=\"border-color:#e0dede;\"><\/div><\/div><span class=\"awb-title-spacer fusion-no-large-visibility fusion-no-medium-visibility fusion-no-small-visibility\"><\/span><h1 class=\"fusion-title-heading title-heading-left\" style=\"margin:0;\"><strong>Viernes, 21 de septiembre<\/strong><\/h1><span class=\"awb-title-spacer\"><\/span><div class=\"title-sep-container title-sep-container-right\"><div class=\"title-sep sep-double sep-solid\" style=\"border-color:#e0dede;\"><\/div><\/div><\/div><div class=\"fusion-text fusion-text-8\"><ul>\n<li style=\"text-align: justify;\">12:00-16:00 h.\u00a0 y 22:00-00:00 h. <strong>Feria Infanti<\/strong>l. En el pabell\u00f3n Javi Garc\u00eda.<\/li>\n<li style=\"text-align: justify;\">13:00-21:00 h. <strong>Feria de D\u00eda en el Paseo con SESI\u00d3N LOVE 90<\/strong> (Recordando m\u00fasica de los 90). Fiesta de la Cerveza y la Tapa. Invitaci\u00f3n a Tapa.<\/li>\n<li style=\"text-align: justify;\">23:00 h. <strong>ElectroMulatino<\/strong>, con las actuaciones de ANA MENA, KIKO RIVERA, DR. BELLIDO y DJ JARO, el Parque Crist\u00f3bal Gabarr\u00f3n. A su terminaci\u00f3n, actuaci\u00f3n de Dj Jaro.<\/li>\n<\/ul>\n<p><a href=\"https:\/\/mula.es\/web\/wp-content\/uploads\/2018\/09\/41801224_2367835066776995_4961909136485777408_o.jpg\"><img data-attachment-id=\"27641\" data-permalink=\"https:\/\/mula.es\/web\/programa-de-feria-y-fiestas-de-septiembre-mula-2018\/41801224_2367835066776995_4961909136485777408_o\/\" data-orig-file=\"https:\/\/mula.es\/web\/wp-content\/uploads\/2018\/09\/41801224_2367835066776995_4961909136485777408_o.jpg\" data-orig-size=\"800,1131\" data-comments-opened=\"0\" data-image-meta=\"\" data-image-title=\"21092018_2\" data-image-description=\"\n\n<p>21092018_2<\/p>\n<p>\" data-image-caption=\"<\/p>\n<p>21092018_2<\/p>\n<p>\" data-large-file=\"https:\/\/mula.es\/web\/wp-content\/uploads\/2018\/09\/41801224_2367835066776995_4961909136485777408_o-724x1024.jpg\" class=\"wp-image-27641 size-medium\" src=\"https:\/\/mula.es\/web\/wp-content\/uploads\/2018\/09\/41801224_2367835066776995_4961909136485777408_o-212x300.jpg\" alt=\"21092018_2\" width=\"212\" height=\"300\" \/><\/a><\/p>\n<p>\u00a0<\/p>\n<p>\u00a0<\/p>\n<ul>\n<li style=\"text-align: justify;\">00:00 h. <strong>Gran Castillo de fuegos artificiales<\/strong>.<\/li>\n<\/ul>\n<\/div><\/div><\/div><div class=\"fusion-layout-column fusion_builder_column fusion-builder-column-8 fusion_builder_column_1_1 1_1 fusion-flex-column\" style=\"--awb-bg-size:cover;--awb-width-large:100%;--awb-margin-top-large:0px;--awb-spacing-right-large:0px;--awb-margin-bottom-large:20px;--awb-spacing-left-large:0px;--awb-width-medium:100%;--awb-spacing-right-medium:0px;--awb-spacing-left-medium:0px;--awb-width-small:100%;--awb-spacing-right-small:0px;--awb-spacing-left-small:0px;\"><div class=\"fusion-column-wrapper fusion-flex-justify-content-flex-start fusion-content-layout-column\"><div class=\"fusion-title title fusion-title-8 fusion-title-text fusion-title-size-one\" style=\"--awb-margin-top-small:0px;--awb-margin-right-small:0px;--awb-margin-bottom-small:20px;--awb-margin-left-small:0px;\"><div class=\"title-sep-container title-sep-container-left fusion-no-large-visibility fusion-no-medium-visibility fusion-no-small-visibility\"><div class=\"title-sep sep-double sep-solid\" style=\"border-color:#e0dede;\"><\/div><\/div><span class=\"awb-title-spacer fusion-no-large-visibility fusion-no-medium-visibility fusion-no-small-visibility\"><\/span><h1 class=\"fusion-title-heading title-heading-left\" style=\"margin:0;\"><strong>S\u00e1bado, 22 de septiembre<\/strong><\/h1><span class=\"awb-title-spacer\"><\/span><div class=\"title-sep-container title-sep-container-right\"><div class=\"title-sep sep-double sep-solid\" style=\"border-color:#e0dede;\"><\/div><\/div><\/div><div class=\"fusion-text fusion-text-9\"><ul>\n<li style=\"text-align: justify;\">09:00 h. <strong>Romer\u00eda con la Imagen del Ni\u00f1o Jes\u00fas del Balate desde el Real Monasterio de la Encarnaci\u00f3n al Santuario.<\/strong><\/li>\n<li style=\"text-align: justify;\">22:00-00:00 h. <strong>Feria Infantil<\/strong>. En el pabell\u00f3n Javi Garc\u00eda.<\/li>\n<li style=\"text-align: justify;\">13:00-21:00 h. <strong>Feria de D\u00eda en el Paseo<\/strong>, con la actuaci\u00f3n de FILIU &amp; C\u00cdA.<\/li>\n<li style=\"text-align: justify;\">21:00 h. Actuaci\u00f3n del <strong>GRUPO DE BAILE CIUDAD DE MULA<\/strong>. Parque Crist\u00f3bal Gabarr\u00f3n.<\/li>\n<li style=\"text-align: justify;\">10:00 h. Actuaci\u00f3n de <strong>JOS\u00c9 ZAPATA Y MIGUEL EL LALO<\/strong>.<\/li>\n<li style=\"text-align: justify;\">22:30 h. En el parque Crist\u00f3bal Gabarr\u00f3n, <strong>Verbena Especial para los Mayores<\/strong> con la actuaci\u00f3n de Mariachi Internacional Femenino INNOVACI\u00d3N MEXICANA. Durante la verbena se entregar\u00e1n los premios de los concurso celebrados.<\/li>\n<li style=\"text-align: justify;\">A continuaci\u00f3n, actuaciones de <strong>Djs Ros\u00e9e y Gazebo<\/strong>.<\/li>\n<\/ul>\n<\/div><\/div><\/div><div class=\"fusion-layout-column fusion_builder_column fusion-builder-column-9 fusion_builder_column_1_1 1_1 fusion-flex-column\" style=\"--awb-bg-size:cover;--awb-width-large:100%;--awb-margin-top-large:0px;--awb-spacing-right-large:0px;--awb-margin-bottom-large:20px;--awb-spacing-left-large:0px;--awb-width-medium:100%;--awb-spacing-right-medium:0px;--awb-spacing-left-medium:0px;--awb-width-small:100%;--awb-spacing-right-small:0px;--awb-spacing-left-small:0px;\"><div class=\"fusion-column-wrapper fusion-flex-justify-content-flex-start fusion-content-layout-column\"><div class=\"fusion-title title fusion-title-9 fusion-title-text fusion-title-size-one\" style=\"--awb-margin-top-small:0px;--awb-margin-right-small:0px;--awb-margin-bottom-small:20px;--awb-margin-left-small:0px;\"><div class=\"title-sep-container title-sep-container-left fusion-no-large-visibility fusion-no-medium-visibility fusion-no-small-visibility\"><div class=\"title-sep sep-double sep-solid\" style=\"border-color:#e0dede;\"><\/div><\/div><span class=\"awb-title-spacer fusion-no-large-visibility fusion-no-medium-visibility fusion-no-small-visibility\"><\/span><h1 class=\"fusion-title-heading title-heading-left\" style=\"margin:0;\"><strong>Domingo, 23 de septiembre<\/strong><\/h1><span class=\"awb-title-spacer\"><\/span><div class=\"title-sep-container title-sep-container-right\"><div class=\"title-sep sep-double sep-solid\" style=\"border-color:#e0dede;\"><\/div><\/div><\/div><div class=\"fusion-text fusion-text-10\"><ul>\n<li style=\"text-align: justify;\">12:00 h. Con salida desde el parque Crist\u00f3bal Gabarr\u00f3n, <strong>D\u00eda de la Bici<\/strong>.<\/li>\n<li style=\"text-align: justify;\">12:00-16:00 h. y de 22:00-00:00 h. <strong>Feria Infantil<\/strong>. En el pabell\u00f3n Javi Garc\u00eda.<\/li>\n<li style=\"text-align: justify;\">13:00-21:00 h. <strong>Feria de D\u00eda en el Paseo<\/strong>. Especial Sevillanas, con la actuaci\u00f3n de ANTONIO MICOL. Exhibici\u00f3n de corte de jam\u00f3n y sorteo de jamoneras.<\/li>\n<li style=\"text-align: justify;\">13:00 h. <strong>Exhibici\u00f3n de Agility<\/strong>. En el parque Crist\u00f3bal Gabarr\u00f3n.<\/li>\n<li style=\"text-align: justify;\">18:00 h. <strong>II Encuentro de Comparsas<\/strong>. Pasacalle desde la Pista Verde hasta el Parque Crist\u00f3bal Gabarr\u00f3n.<\/li>\n<li style=\"text-align: justify;\">19:00 h. <strong>Exhibici\u00f3n de comparsas<\/strong> y entrega de premios.<\/li>\n<li style=\"text-align: justify;\">23:30 h. <strong>Gran Castillo de fuegos artificiales<\/strong>.<\/li>\n<li style=\"text-align: justify;\">23:30 h. Actuaciones de los grupos <strong>LA FUGA, NORTE, y A LA P\u00daA<\/strong>. Parque Crist\u00f3bal Gabarr\u00f3n. A continuaci\u00f3n, Rock Metal JB.<\/li>\n<\/ul>\n<p>\u00a0<\/p>\n<p>\u00a0<\/p>\n<p><a href=\"https:\/\/mula.es\/web\/wp-content\/uploads\/2018\/09\/23092018.jpg\"><img decoding=\"async\" data-attachment-id=\"27597\" data-permalink=\"https:\/\/mula.es\/web\/programa-de-feria-y-fiestas-de-septiembre-mula-2018\/attachment\/23092018\/\" data-orig-file=\"https:\/\/mula.es\/web\/wp-content\/uploads\/2018\/09\/23092018.jpg\" data-orig-size=\"800,1125\" data-comments-opened=\"0\" data-image-meta=\"\" data-image-title=\"23092018\" data-image-description=\"\" data-image-caption=\"\" data-large-file=\"https:\/\/mula.es\/web\/wp-content\/uploads\/2018\/09\/23092018-728x1024.jpg\" class=\"aligncenter wp-image-27597 size-medium\" src=\"https:\/\/mula.es\/web\/wp-content\/uploads\/2018\/09\/23092018-213x300.jpg\" alt=\"\" width=\"213\" height=\"300\" srcset=\"https:\/\/mula.es\/web\/wp-content\/uploads\/2018\/09\/23092018-200x281.jpg 200w, https:\/\/mula.es\/web\/wp-content\/uploads\/2018\/09\/23092018-213x300.jpg 213w, https:\/\/mula.es\/web\/wp-content\/uploads\/2018\/09\/23092018-400x563.jpg 400w, https:\/\/mula.es\/web\/wp-content\/uploads\/2018\/09\/23092018-600x844.jpg 600w, https:\/\/mula.es\/web\/wp-content\/uploads\/2018\/09\/23092018-728x1024.jpg 728w, https:\/\/mula.es\/web\/wp-content\/uploads\/2018\/09\/23092018-768x1080.jpg 768w, https:\/\/mula.es\/web\/wp-content\/uploads\/2018\/09\/23092018.jpg 800w\" sizes=\"(max-width: 213px) 100vw, 213px\" \/><\/a><\/p>\n<\/div><\/div><\/div><div class=\"fusion-layout-column fusion_builder_column fusion-builder-column-10 fusion_builder_column_1_1 1_1 fusion-flex-column\" style=\"--awb-bg-size:cover;--awb-width-large:100%;--awb-margin-top-large:0px;--awb-spacing-right-large:0px;--awb-margin-bottom-large:20px;--awb-spacing-left-large:0px;--awb-width-medium:100%;--awb-spacing-right-medium:0px;--awb-spacing-left-medium:0px;--awb-width-small:100%;--awb-spacing-right-small:0px;--awb-spacing-left-small:0px;\"><div class=\"fusion-column-wrapper fusion-flex-justify-content-flex-start fusion-content-layout-column\"><div class=\"fusion-title title fusion-title-10 fusion-title-text fusion-title-size-one\" style=\"--awb-margin-top-small:0px;--awb-margin-right-small:0px;--awb-margin-bottom-small:20px;--awb-margin-left-small:0px;\"><div class=\"title-sep-container title-sep-container-left fusion-no-large-visibility fusion-no-medium-visibility fusion-no-small-visibility\"><div class=\"title-sep sep-double sep-solid\" style=\"border-color:#e0dede;\"><\/div><\/div><span class=\"awb-title-spacer fusion-no-large-visibility fusion-no-medium-visibility fusion-no-small-visibility\"><\/span><h1 class=\"fusion-title-heading title-heading-left\" style=\"margin:0;\"><strong>Lunes, 24 de septiembre<\/strong><\/h1><span class=\"awb-title-spacer\"><\/span><div class=\"title-sep-container title-sep-container-right\"><div class=\"title-sep sep-double sep-solid\" style=\"border-color:#e0dede;\"><\/div><\/div><\/div><div class=\"fusion-text fusion-text-11\"><ul>\n<li style=\"text-align: justify;\">12:00-16:00 h. y de 22:00-00:00 h. <strong>Feria Infantil<\/strong>. En el pabell\u00f3n Javi Garc\u00eda.<\/li>\n<li style=\"text-align: justify;\">13:00-21:00 h. <strong>Feria de D\u00eda en el Paseo<\/strong>, Tarde Flamenca con la actuaci\u00f3n de D'KAJ\u00d3N.<\/li>\n<li style=\"text-align: justify;\">18:00 h. <strong>Juegos y actividades infantiles<\/strong>, en el Parque Crist\u00f3bal Gabarr\u00f3n.<\/li>\n<li style=\"text-align: justify;\">19:00 h. En el Parque Crist\u00f3bal Gabarr\u00f3n, <strong><strong><strong>Verbena Infantil de Disfraces con LOS MU\u00d1ECOS DE LA TELE.<\/strong><\/strong><\/strong><\/li>\n<\/ul>\n<p>\u00a0<\/p>\n<p><a href=\"https:\/\/mula.es\/web\/wp-content\/uploads\/2018\/09\/24092018_2.jpg\"><img decoding=\"async\" data-attachment-id=\"27598\" data-permalink=\"https:\/\/mula.es\/web\/programa-de-feria-y-fiestas-de-septiembre-mula-2018\/24092018_2\/\" data-orig-file=\"https:\/\/mula.es\/web\/wp-content\/uploads\/2018\/09\/24092018_2.jpg\" data-orig-size=\"682,960\" data-comments-opened=\"0\" data-image-meta=\"\" data-image-title=\"24092018_2\" data-image-description=\"\" data-image-caption=\"\" data-large-file=\"https:\/\/mula.es\/web\/wp-content\/uploads\/2018\/09\/24092018_2.jpg\" class=\"aligncenter wp-image-27598 size-medium\" src=\"https:\/\/mula.es\/web\/wp-content\/uploads\/2018\/09\/24092018_2-213x300.jpg\" alt=\"\" width=\"213\" height=\"300\" srcset=\"https:\/\/mula.es\/web\/wp-content\/uploads\/2018\/09\/24092018_2-200x282.jpg 200w, https:\/\/mula.es\/web\/wp-content\/uploads\/2018\/09\/24092018_2-213x300.jpg 213w, https:\/\/mula.es\/web\/wp-content\/uploads\/2018\/09\/24092018_2-400x563.jpg 400w, https:\/\/mula.es\/web\/wp-content\/uploads\/2018\/09\/24092018_2-600x845.jpg 600w, https:\/\/mula.es\/web\/wp-content\/uploads\/2018\/09\/24092018_2.jpg 682w\" sizes=\"(max-width: 213px) 100vw, 213px\" \/><\/a><\/p>\n<p>\u00a0<\/p>\n<ul>\n<li style=\"text-align: justify;\">23:30 h. En el Parque Crist\u00f3bal Gabarr\u00f3n, <strong>Gran Verbena de Disfraces<\/strong>, con las actuaci\u00f3n de INHUMANOS en el Parque Crist\u00f3bal Gabarr\u00f3n.<\/li>\n<\/ul>\n<p>\u00a0<\/p>\n<p><a href=\"https:\/\/mula.es\/web\/wp-content\/uploads\/2018\/09\/24092018_1.jpg\"><br \/>\n<img decoding=\"async\" data-attachment-id=\"27599\" data-permalink=\"https:\/\/mula.es\/web\/programa-de-feria-y-fiestas-de-septiembre-mula-2018\/24092018_1\/\" data-orig-file=\"https:\/\/mula.es\/web\/wp-content\/uploads\/2018\/09\/24092018_1.jpg\" data-orig-size=\"800,1125\" data-comments-opened=\"0\" data-image-meta=\"\" data-image-title=\"24092018_1\" data-image-description=\"\" data-image-caption=\"\" data-large-file=\"https:\/\/mula.es\/web\/wp-content\/uploads\/2018\/09\/24092018_1-728x1024.jpg\" class=\"aligncenter wp-image-27599 size-medium\" src=\"https:\/\/mula.es\/web\/wp-content\/uploads\/2018\/09\/24092018_1-213x300.jpg\" alt=\"\" width=\"213\" height=\"300\" srcset=\"https:\/\/mula.es\/web\/wp-content\/uploads\/2018\/09\/24092018_1-200x281.jpg 200w, https:\/\/mula.es\/web\/wp-content\/uploads\/2018\/09\/24092018_1-213x300.jpg 213w, https:\/\/mula.es\/web\/wp-content\/uploads\/2018\/09\/24092018_1-400x563.jpg 400w, https:\/\/mula.es\/web\/wp-content\/uploads\/2018\/09\/24092018_1-600x844.jpg 600w, https:\/\/mula.es\/web\/wp-content\/uploads\/2018\/09\/24092018_1-728x1024.jpg 728w, https:\/\/mula.es\/web\/wp-content\/uploads\/2018\/09\/24092018_1-768x1080.jpg 768w, https:\/\/mula.es\/web\/wp-content\/uploads\/2018\/09\/24092018_1.jpg 800w\" sizes=\"(max-width: 213px) 100vw, 213px\" \/><\/a><\/p>\n<p>\u00a0<\/p>\n<ul>\n<li style=\"text-align: justify;\">A continuaci\u00f3n, actuaci\u00f3n <strong>Dj Luis Gil.<\/strong><\/li>\n<\/ul>\n<\/div><div class=\"fusion-text fusion-text-12\"><p>NORMAS PARA EL CONCURSO DE DISFRACES<\/p>\n<p>1. Se podr\u00e1n inscribir cuantas personas, mayores de 16 a\u00f1os, lo deseen, sea cual sea su residencia.<br \/>\n2. Se establecen tres modalidades dotadas con dos premios cada una:<br \/>\nIndividual<br \/>\nPareja<br \/>\nGrupo<br \/>\n3. Cada participante podr\u00e1 inscribirse en una sola modalidad.<br \/>\n4. Las inscripciones podr\u00e1n hacerse de 10 a 12 de la noche del d\u00eda 24 de septiembre, en la taquilla de la verbena.<br \/>\n5. La presentaci\u00f3n de los disfraces participantes tendr\u00e1 lugar a la 12.30 de la noche, en el escenario. (Los disfraces cuya envergadura sea voluminosa podr\u00e1n acceder al escenario por la parte posterior.) El hecho de NO acudir en el momento de ser llamados al escenario implica la descalificaci\u00f3n autom\u00e1tica del concurso, no teniendo, desde ese momento, derecho a optar por cualquiera de los premios.<br \/>\n6. Los disfraces premiados ser\u00e1n elegidos mediante votaci\u00f3n del p\u00fablico asistente, cuyo resultado se dar\u00e1 a conocer inmediatamente despu\u00e9s de terminado el recuento de los votos.<br \/>\n7. Se establecen los siguientes premios:<br \/>\nIndividuales<br \/>\nPrimero: 180 \u20ac<br \/>\nSegundo: 120 \u20ac<br \/>\nParejas<br \/>\nPrimero: 360 \u20ac<br \/>\nSegundo: 180 \u20ac<br \/>\nGrupos<br \/>\nPrimero: 600 \u20ac<br \/>\nSegundo: 300 \u20ac<br \/>\n8. Los premios ser\u00e1n entregados, una vez conocido el dictamen del Jurado, en el escenario.<br \/>\n9. La participaci\u00f3n en este concurso implica la aceptaci\u00f3n de estas bases.<\/p>\n<\/div><\/div><\/div><div class=\"fusion-layout-column fusion_builder_column fusion-builder-column-11 fusion_builder_column_1_1 1_1 fusion-flex-column\" style=\"--awb-bg-size:cover;--awb-width-large:100%;--awb-margin-top-large:0px;--awb-spacing-right-large:0px;--awb-margin-bottom-large:20px;--awb-spacing-left-large:0px;--awb-width-medium:100%;--awb-spacing-right-medium:0px;--awb-spacing-left-medium:0px;--awb-width-small:100%;--awb-spacing-right-small:0px;--awb-spacing-left-small:0px;\"><div class=\"fusion-column-wrapper fusion-flex-justify-content-flex-start fusion-content-layout-column\"><div class=\"fusion-title title fusion-title-11 fusion-title-text fusion-title-size-one\" style=\"--awb-margin-top-small:0px;--awb-margin-right-small:0px;--awb-margin-bottom-small:20px;--awb-margin-left-small:0px;\"><div class=\"title-sep-container title-sep-container-left fusion-no-large-visibility fusion-no-medium-visibility fusion-no-small-visibility\"><div class=\"title-sep sep-double sep-solid\" style=\"border-color:#e0dede;\"><\/div><\/div><span class=\"awb-title-spacer fusion-no-large-visibility fusion-no-medium-visibility fusion-no-small-visibility\"><\/span><h1 class=\"fusion-title-heading title-heading-left\" style=\"margin:0;\"><strong>Martes, 25 de septiembre<\/strong><\/h1><span class=\"awb-title-spacer\"><\/span><div class=\"title-sep-container title-sep-container-right\"><div class=\"title-sep sep-double sep-solid\" style=\"border-color:#e0dede;\"><\/div><\/div><\/div><div class=\"fusion-text fusion-text-13\"><ul>\n<li style=\"text-align: justify;\">12:00-16:00 h y 21:00-00:00 h. <strong>Feria Infantil.<\/strong> En el pabell\u00f3n Javi Garc\u00eda.<\/li>\n<li style=\"text-align: justify;\">13:00-21:00 h. <strong>Feria de Mediod\u00eda en el Paseo<\/strong>, con la actuaci\u00f3n del grupo SENSACI\u00d3N.<\/li>\n<li style=\"text-align: justify;\">22:30 h. Actuaciones de <strong>IV\u00c1N MARHUENDA Y FELIPE BAYONA<\/strong>, en el parque Crist\u00f3bal Gabarr\u00f3n.<\/li>\n<li style=\"text-align: justify;\">23:30 h. <strong>Concierto de SMOKING STONES \u2013 Tributo a ROLLING STONES,<\/strong> en el parque Crist\u00f3bal Gabarr\u00f3n. A su terminaci\u00f3n, Remache Sonido.<\/li>\n<\/ul>\n<p>\u00a0<\/p>\n<p><a href=\"https:\/\/mula.es\/web\/wp-content\/uploads\/2018\/09\/25092018.jpg\"><img decoding=\"async\" data-attachment-id=\"27600\" data-permalink=\"https:\/\/mula.es\/web\/programa-de-feria-y-fiestas-de-septiembre-mula-2018\/attachment\/25092018\/\" data-orig-file=\"https:\/\/mula.es\/web\/wp-content\/uploads\/2018\/09\/25092018.jpg\" data-orig-size=\"800,1125\" data-comments-opened=\"0\" data-image-meta=\"\" data-image-title=\"25092018\" data-image-description=\"\" data-image-caption=\"\" data-large-file=\"https:\/\/mula.es\/web\/wp-content\/uploads\/2018\/09\/25092018-728x1024.jpg\" class=\"aligncenter wp-image-27600 size-medium\" src=\"https:\/\/mula.es\/web\/wp-content\/uploads\/2018\/09\/25092018-213x300.jpg\" alt=\"\" width=\"213\" height=\"300\" srcset=\"https:\/\/mula.es\/web\/wp-content\/uploads\/2018\/09\/25092018-200x281.jpg 200w, https:\/\/mula.es\/web\/wp-content\/uploads\/2018\/09\/25092018-213x300.jpg 213w, https:\/\/mula.es\/web\/wp-content\/uploads\/2018\/09\/25092018-400x563.jpg 400w, https:\/\/mula.es\/web\/wp-content\/uploads\/2018\/09\/25092018-600x844.jpg 600w, https:\/\/mula.es\/web\/wp-content\/uploads\/2018\/09\/25092018-728x1024.jpg 728w, https:\/\/mula.es\/web\/wp-content\/uploads\/2018\/09\/25092018-768x1080.jpg 768w, https:\/\/mula.es\/web\/wp-content\/uploads\/2018\/09\/25092018.jpg 800w\" sizes=\"(max-width: 213px) 100vw, 213px\" \/><\/a><\/p>\n<p>\u00a0<\/p>\n<ul>\n<li style=\"text-align: justify;\">00:00 h. <strong>Gran Castillo de fuegos artificiales.<\/strong><\/li>\n<li style=\"text-align: justify;\">A altas horas de la madrugada, se disparar\u00e1 la tradicional <strong>Traca Fin de Fiestas.<\/strong><\/li>\n<\/ul>\n<\/div><\/div><\/div><\/div><\/div>\n","protected":false},"excerpt":{"rendered":"","protected":false},"author":9,"featured_media":27610,"comment_status":"closed","ping_status":"closed","sticky":false,"template":"","format":"standard","meta":{"jetpack_post_was_ever_published":false,"_jetpack_newsletter_access":"","_jetpack_dont_email_post_to_subs":false,"_jetpack_newsletter_tier_id":0,"_jetpack_memberships_contains_paywalled_content":false,"_jetpack_memberships_contains_paid_content":false,"footnotes":"","jetpack_publicize_message":"","jetpack_publicize_feature_enabled":true,"jetpack_social_post_already_shared":true,"jetpack_social_options":{"image_generator_settings":{"template":"highway","default_image_id":0,"font":"","enabled":false},"version":2}},"categories":[97,184,80],"tags":[],"class_list":["post-27577","post","type-post","status-publish","format-standard","has-post-thumbnail","hentry","category-cultura","category-feria","category-fiestas"],"yoast_head":"<!-- This site is optimized with the Yoast SEO plugin v27.4 - https:\/\/yoast.com\/product\/yoast-seo-wordpress\/ -->\n<title>Programa de Feria y Fiestas de Mula 2018 - Ayuntamiento de Mula<\/title>\n<meta name=\"robots\" content=\"index, follow, max-snippet:-1, max-image-preview:large, max-video-preview:-1\" \/>\n<link rel=\"canonical\" href=\"https:\/\/mula.es\/web\/programa-de-feria-y-fiestas-de-septiembre-mula-2018\/\" \/>\n<meta property=\"og:locale\" content=\"es_ES\" \/>\n<meta property=\"og:type\" content=\"article\" \/>\n<meta property=\"og:title\" content=\"Programa de Feria y Fiestas de Mula 2018 - Ayuntamiento de Mula\" \/>\n<meta property=\"og:url\" content=\"https:\/\/mula.es\/web\/programa-de-feria-y-fiestas-de-septiembre-mula-2018\/\" \/>\n<meta property=\"og:site_name\" content=\"Ayuntamiento de Mula\" \/>\n<meta property=\"article:published_time\" content=\"2018-09-12T10:57:31+00:00\" \/>\n<meta property=\"article:modified_time\" content=\"2021-05-12T18:13:23+00:00\" \/>\n<meta property=\"og:image\" content=\"https:\/\/i0.wp.com\/mula.es\/web\/wp-content\/uploads\/2018\/09\/Cartel_feria_sep_2018_22_peq.jpg?fit=565%2C800&ssl=1\" \/>\n\t<meta property=\"og:image:width\" content=\"565\" \/>\n\t<meta property=\"og:image:height\" content=\"800\" \/>\n\t<meta property=\"og:image:type\" content=\"image\/jpeg\" \/>\n<meta name=\"author\" content=\"Rosario Mart\u00ednez\" \/>\n<meta name=\"twitter:card\" content=\"summary_large_image\" \/>\n<meta name=\"twitter:creator\" content=\"@AyuntamientMula\" \/>\n<meta name=\"twitter:site\" content=\"@AyuntamientMula\" \/>\n<meta name=\"twitter:label1\" content=\"Escrito por\" \/>\n\t<meta name=\"twitter:data1\" content=\"Rosario Mart\u00ednez\" \/>\n\t<meta name=\"twitter:label2\" content=\"Tiempo de lectura\" \/>\n\t<meta name=\"twitter:data2\" content=\"12 minutos\" \/>\n<script type=\"application\/ld+json\" class=\"yoast-schema-graph\">{\"@context\":\"https:\\\/\\\/schema.org\",\"@graph\":[{\"@type\":\"Article\",\"@id\":\"https:\\\/\\\/mula.es\\\/web\\\/programa-de-feria-y-fiestas-de-septiembre-mula-2018\\\/#article\",\"isPartOf\":{\"@id\":\"https:\\\/\\\/mula.es\\\/web\\\/programa-de-feria-y-fiestas-de-septiembre-mula-2018\\\/\"},\"author\":{\"name\":\"Rosario Mart\u00ednez\",\"@id\":\"https:\\\/\\\/mula.es\\\/web\\\/#\\\/schema\\\/person\\\/f8d63bd3ab6e7b025268b909b7ab0771\"},\"headline\":\"Programa de Feria y Fiestas de Mula 2018\",\"datePublished\":\"2018-09-12T10:57:31+00:00\",\"dateModified\":\"2021-05-12T18:13:23+00:00\",\"mainEntityOfPage\":{\"@id\":\"https:\\\/\\\/mula.es\\\/web\\\/programa-de-feria-y-fiestas-de-septiembre-mula-2018\\\/\"},\"wordCount\":2367,\"image\":{\"@id\":\"https:\\\/\\\/mula.es\\\/web\\\/programa-de-feria-y-fiestas-de-septiembre-mula-2018\\\/#primaryimage\"},\"thumbnailUrl\":\"https:\\\/\\\/mula.es\\\/web\\\/wp-content\\\/uploads\\\/2018\\\/09\\\/Cartel_feria_sep_2018_22_peq.jpg\",\"articleSection\":[\"cultura\",\"feria\",\"fiestas\"],\"inLanguage\":\"es\"},{\"@type\":\"WebPage\",\"@id\":\"https:\\\/\\\/mula.es\\\/web\\\/programa-de-feria-y-fiestas-de-septiembre-mula-2018\\\/\",\"url\":\"https:\\\/\\\/mula.es\\\/web\\\/programa-de-feria-y-fiestas-de-septiembre-mula-2018\\\/\",\"name\":\"Programa de Feria y Fiestas de Mula 2018 - Ayuntamiento de Mula\",\"isPartOf\":{\"@id\":\"https:\\\/\\\/mula.es\\\/web\\\/#website\"},\"primaryImageOfPage\":{\"@id\":\"https:\\\/\\\/mula.es\\\/web\\\/programa-de-feria-y-fiestas-de-septiembre-mula-2018\\\/#primaryimage\"},\"image\":{\"@id\":\"https:\\\/\\\/mula.es\\\/web\\\/programa-de-feria-y-fiestas-de-septiembre-mula-2018\\\/#primaryimage\"},\"thumbnailUrl\":\"https:\\\/\\\/mula.es\\\/web\\\/wp-content\\\/uploads\\\/2018\\\/09\\\/Cartel_feria_sep_2018_22_peq.jpg\",\"datePublished\":\"2018-09-12T10:57:31+00:00\",\"dateModified\":\"2021-05-12T18:13:23+00:00\",\"author\":{\"@id\":\"https:\\\/\\\/mula.es\\\/web\\\/#\\\/schema\\\/person\\\/f8d63bd3ab6e7b025268b909b7ab0771\"},\"breadcrumb\":{\"@id\":\"https:\\\/\\\/mula.es\\\/web\\\/programa-de-feria-y-fiestas-de-septiembre-mula-2018\\\/#breadcrumb\"},\"inLanguage\":\"es\",\"potentialAction\":[{\"@type\":\"ReadAction\",\"target\":[\"https:\\\/\\\/mula.es\\\/web\\\/programa-de-feria-y-fiestas-de-septiembre-mula-2018\\\/\"]}]},{\"@type\":\"ImageObject\",\"inLanguage\":\"es\",\"@id\":\"https:\\\/\\\/mula.es\\\/web\\\/programa-de-feria-y-fiestas-de-septiembre-mula-2018\\\/#primaryimage\",\"url\":\"https:\\\/\\\/mula.es\\\/web\\\/wp-content\\\/uploads\\\/2018\\\/09\\\/Cartel_feria_sep_2018_22_peq.jpg\",\"contentUrl\":\"https:\\\/\\\/mula.es\\\/web\\\/wp-content\\\/uploads\\\/2018\\\/09\\\/Cartel_feria_sep_2018_22_peq.jpg\",\"width\":565,\"height\":800},{\"@type\":\"BreadcrumbList\",\"@id\":\"https:\\\/\\\/mula.es\\\/web\\\/programa-de-feria-y-fiestas-de-septiembre-mula-2018\\\/#breadcrumb\",\"itemListElement\":[{\"@type\":\"ListItem\",\"position\":1,\"name\":\"Portada\",\"item\":\"https:\\\/\\\/mula.es\\\/web\\\/\"},{\"@type\":\"ListItem\",\"position\":2,\"name\":\"Programa de Feria y Fiestas de Mula 2018\"}]},{\"@type\":\"WebSite\",\"@id\":\"https:\\\/\\\/mula.es\\\/web\\\/#website\",\"url\":\"https:\\\/\\\/mula.es\\\/web\\\/\",\"name\":\"Ayuntamiento de Mula\",\"description\":\"P\u00e1gina web del Ayuntamiento de Mula (Regi\u00f3n de Murcia)\",\"potentialAction\":[{\"@type\":\"SearchAction\",\"target\":{\"@type\":\"EntryPoint\",\"urlTemplate\":\"https:\\\/\\\/mula.es\\\/web\\\/?s={search_term_string}\"},\"query-input\":{\"@type\":\"PropertyValueSpecification\",\"valueRequired\":true,\"valueName\":\"search_term_string\"}}],\"inLanguage\":\"es\"},{\"@type\":\"Person\",\"@id\":\"https:\\\/\\\/mula.es\\\/web\\\/#\\\/schema\\\/person\\\/f8d63bd3ab6e7b025268b909b7ab0771\",\"name\":\"Rosario Mart\u00ednez\",\"image\":{\"@type\":\"ImageObject\",\"inLanguage\":\"es\",\"@id\":\"https:\\\/\\\/secure.gravatar.com\\\/avatar\\\/ce916b980ac93e5b1d36e6068357675d4e089a572ebc8789fcb807c2fb2edfef?s=96&d=mm&r=g\",\"url\":\"https:\\\/\\\/secure.gravatar.com\\\/avatar\\\/ce916b980ac93e5b1d36e6068357675d4e089a572ebc8789fcb807c2fb2edfef?s=96&d=mm&r=g\",\"contentUrl\":\"https:\\\/\\\/secure.gravatar.com\\\/avatar\\\/ce916b980ac93e5b1d36e6068357675d4e089a572ebc8789fcb807c2fb2edfef?s=96&d=mm&r=g\",\"caption\":\"Rosario Mart\u00ednez\"},\"url\":\"https:\\\/\\\/mula.es\\\/web\\\/author\\\/rmartinez\\\/\"}]}<\/script>\n<!-- \/ Yoast SEO plugin. -->","yoast_head_json":{"title":"Programa de Feria y Fiestas de Mula 2018 - Ayuntamiento de Mula","robots":{"index":"index","follow":"follow","max-snippet":"max-snippet:-1","max-image-preview":"max-image-preview:large","max-video-preview":"max-video-preview:-1"},"canonical":"https:\/\/mula.es\/web\/programa-de-feria-y-fiestas-de-septiembre-mula-2018\/","og_locale":"es_ES","og_type":"article","og_title":"Programa de Feria y Fiestas de Mula 2018 - Ayuntamiento de Mula","og_url":"https:\/\/mula.es\/web\/programa-de-feria-y-fiestas-de-septiembre-mula-2018\/","og_site_name":"Ayuntamiento de Mula","article_published_time":"2018-09-12T10:57:31+00:00","article_modified_time":"2021-05-12T18:13:23+00:00","og_image":[{"width":565,"height":800,"url":"https:\/\/i0.wp.com\/mula.es\/web\/wp-content\/uploads\/2018\/09\/Cartel_feria_sep_2018_22_peq.jpg?fit=565%2C800&ssl=1","type":"image\/jpeg"}],"author":"Rosario Mart\u00ednez","twitter_card":"summary_large_image","twitter_creator":"@AyuntamientMula","twitter_site":"@AyuntamientMula","twitter_misc":{"Escrito por":"Rosario Mart\u00ednez","Tiempo de lectura":"12 minutos"},"schema":{"@context":"https:\/\/schema.org","@graph":[{"@type":"Article","@id":"https:\/\/mula.es\/web\/programa-de-feria-y-fiestas-de-septiembre-mula-2018\/#article","isPartOf":{"@id":"https:\/\/mula.es\/web\/programa-de-feria-y-fiestas-de-septiembre-mula-2018\/"},"author":{"name":"Rosario Mart\u00ednez","@id":"https:\/\/mula.es\/web\/#\/schema\/person\/f8d63bd3ab6e7b025268b909b7ab0771"},"headline":"Programa de Feria y Fiestas de Mula 2018","datePublished":"2018-09-12T10:57:31+00:00","dateModified":"2021-05-12T18:13:23+00:00","mainEntityOfPage":{"@id":"https:\/\/mula.es\/web\/programa-de-feria-y-fiestas-de-septiembre-mula-2018\/"},"wordCount":2367,"image":{"@id":"https:\/\/mula.es\/web\/programa-de-feria-y-fiestas-de-septiembre-mula-2018\/#primaryimage"},"thumbnailUrl":"https:\/\/mula.es\/web\/wp-content\/uploads\/2018\/09\/Cartel_feria_sep_2018_22_peq.jpg","articleSection":["cultura","feria","fiestas"],"inLanguage":"es"},{"@type":"WebPage","@id":"https:\/\/mula.es\/web\/programa-de-feria-y-fiestas-de-septiembre-mula-2018\/","url":"https:\/\/mula.es\/web\/programa-de-feria-y-fiestas-de-septiembre-mula-2018\/","name":"Programa de Feria y Fiestas de Mula 2018 - Ayuntamiento de Mula","isPartOf":{"@id":"https:\/\/mula.es\/web\/#website"},"primaryImageOfPage":{"@id":"https:\/\/mula.es\/web\/programa-de-feria-y-fiestas-de-septiembre-mula-2018\/#primaryimage"},"image":{"@id":"https:\/\/mula.es\/web\/programa-de-feria-y-fiestas-de-septiembre-mula-2018\/#primaryimage"},"thumbnailUrl":"https:\/\/mula.es\/web\/wp-content\/uploads\/2018\/09\/Cartel_feria_sep_2018_22_peq.jpg","datePublished":"2018-09-12T10:57:31+00:00","dateModified":"2021-05-12T18:13:23+00:00","author":{"@id":"https:\/\/mula.es\/web\/#\/schema\/person\/f8d63bd3ab6e7b025268b909b7ab0771"},"breadcrumb":{"@id":"https:\/\/mula.es\/web\/programa-de-feria-y-fiestas-de-septiembre-mula-2018\/#breadcrumb"},"inLanguage":"es","potentialAction":[{"@type":"ReadAction","target":["https:\/\/mula.es\/web\/programa-de-feria-y-fiestas-de-septiembre-mula-2018\/"]}]},{"@type":"ImageObject","inLanguage":"es","@id":"https:\/\/mula.es\/web\/programa-de-feria-y-fiestas-de-septiembre-mula-2018\/#primaryimage","url":"https:\/\/mula.es\/web\/wp-content\/uploads\/2018\/09\/Cartel_feria_sep_2018_22_peq.jpg","contentUrl":"https:\/\/mula.es\/web\/wp-content\/uploads\/2018\/09\/Cartel_feria_sep_2018_22_peq.jpg","width":565,"height":800},{"@type":"BreadcrumbList","@id":"https:\/\/mula.es\/web\/programa-de-feria-y-fiestas-de-septiembre-mula-2018\/#breadcrumb","itemListElement":[{"@type":"ListItem","position":1,"name":"Portada","item":"https:\/\/mula.es\/web\/"},{"@type":"ListItem","position":2,"name":"Programa de Feria y Fiestas de Mula 2018"}]},{"@type":"WebSite","@id":"https:\/\/mula.es\/web\/#website","url":"https:\/\/mula.es\/web\/","name":"Ayuntamiento de Mula","description":"P\u00e1gina web del Ayuntamiento de Mula (Regi\u00f3n de Murcia)","potentialAction":[{"@type":"SearchAction","target":{"@type":"EntryPoint","urlTemplate":"https:\/\/mula.es\/web\/?s={search_term_string}"},"query-input":{"@type":"PropertyValueSpecification","valueRequired":true,"valueName":"search_term_string"}}],"inLanguage":"es"},{"@type":"Person","@id":"https:\/\/mula.es\/web\/#\/schema\/person\/f8d63bd3ab6e7b025268b909b7ab0771","name":"Rosario Mart\u00ednez","image":{"@type":"ImageObject","inLanguage":"es","@id":"https:\/\/secure.gravatar.com\/avatar\/ce916b980ac93e5b1d36e6068357675d4e089a572ebc8789fcb807c2fb2edfef?s=96&d=mm&r=g","url":"https:\/\/secure.gravatar.com\/avatar\/ce916b980ac93e5b1d36e6068357675d4e089a572ebc8789fcb807c2fb2edfef?s=96&d=mm&r=g","contentUrl":"https:\/\/secure.gravatar.com\/avatar\/ce916b980ac93e5b1d36e6068357675d4e089a572ebc8789fcb807c2fb2edfef?s=96&d=mm&r=g","caption":"Rosario Mart\u00ednez"},"url":"https:\/\/mula.es\/web\/author\/rmartinez\/"}]}},"jetpack_publicize_connections":[],"jetpack_featured_media_url":"https:\/\/mula.es\/web\/wp-content\/uploads\/2018\/09\/Cartel_feria_sep_2018_22_peq.jpg","jetpack_sharing_enabled":true,"jetpack_shortlink":"https:\/\/wp.me\/pa9DMY-7aN","jetpack-related-posts":[],"_links":{"self":[{"href":"https:\/\/mula.es\/web\/wp-json\/wp\/v2\/posts\/27577","targetHints":{"allow":["GET"]}}],"collection":[{"href":"https:\/\/mula.es\/web\/wp-json\/wp\/v2\/posts"}],"about":[{"href":"https:\/\/mula.es\/web\/wp-json\/wp\/v2\/types\/post"}],"author":[{"embeddable":true,"href":"https:\/\/mula.es\/web\/wp-json\/wp\/v2\/users\/9"}],"replies":[{"embeddable":true,"href":"https:\/\/mula.es\/web\/wp-json\/wp\/v2\/comments?post=27577"}],"version-history":[{"count":21,"href":"https:\/\/mula.es\/web\/wp-json\/wp\/v2\/posts\/27577\/revisions"}],"predecessor-version":[{"id":39438,"href":"https:\/\/mula.es\/web\/wp-json\/wp\/v2\/posts\/27577\/revisions\/39438"}],"wp:featuredmedia":[{"embeddable":true,"href":"https:\/\/mula.es\/web\/wp-json\/wp\/v2\/media\/27610"}],"wp:attachment":[{"href":"https:\/\/mula.es\/web\/wp-json\/wp\/v2\/media?parent=27577"}],"wp:term":[{"taxonomy":"category","embeddable":true,"href":"https:\/\/mula.es\/web\/wp-json\/wp\/v2\/categories?post=27577"},{"taxonomy":"post_tag","embeddable":true,"href":"https:\/\/mula.es\/web\/wp-json\/wp\/v2\/tags?post=27577"}],"curies":[{"name":"wp","href":"https:\/\/api.w.org\/{rel}","templated":true}]}}