{"id":28092,"date":"2018-11-08T10:26:44","date_gmt":"2018-11-08T09:26:44","guid":{"rendered":"http:\/\/mula.es\/web\/?p=28092"},"modified":"2021-05-12T20:12:58","modified_gmt":"2021-05-12T18:12:58","slug":"el-ayuntamiento-modifica-el-plan-general-para-ampliar-la-cooperativa","status":"publish","type":"post","link":"https:\/\/mula.es\/web\/el-ayuntamiento-modifica-el-plan-general-para-ampliar-la-cooperativa\/","title":{"rendered":"El Ayuntamiento modifica el Plan General para ampliar la cooperativa"},"content":{"rendered":"<p style=\"text-align: justify;\">El Pleno del Ayuntamiento ha dado luz verde a la aprobaci\u00f3n inicial de la modificaci\u00f3n puntual n\u00famero 26 del Plan General de Ordenaci\u00f3n Urbana que permitir\u00e1 a la cooperativa Frucimu ampliar sus instalaciones y crear nuevos puestos de trabajo.<\/p>\n<p style=\"text-align: justify;\">Esta modificaci\u00f3n reordena los espacios del suelo urbano de uso industrial que hay tras las actuales instalaciones mediante una nueva Unidad de Actuaci\u00f3n que comprende una superficie de 29.400 metros cuadrados, de los que:<\/p>\n<p style=\"padding-left: 30px; text-align: justify;\">&#8211; 865 se dedican a zona verde.<br \/>\n&#8211; 1375 a aparcamientos.<br \/>\n&#8211; 6.100 a viales.<br \/>\n&#8211; Y 21.000 metros a parcelas, distribuidas en dos grandes manzanas de 10.000 metros cada una y una tercera, m\u00e1s peque\u00f1a de 700 metros.<\/p>\n<p style=\"text-align: justify;\">De este modo, se mejora la circulaci\u00f3n de los veh\u00edculos, se gana en plazas de aparcamiento, se crea una nueva zona verde como barrera natural con el cabezo trasero y las viviendas colindantes y se abren dos grandes manzanas para la futura ampliaci\u00f3n de las instalaciones. \u201cSe trata de crear las condiciones urban\u00edsticas necesarias para que la cooperativa pueda seguir creciendo y, en consecuencia, pueda seguir creando nuevos puestos de trabajo y riqueza para el municipio de Mula\u201d ha manifestado el concejal de Urbanismo, Paco Llamazares.<\/p>\n<p style=\"text-align: justify;\">La cooperativa Frutas y C\u00edtricos de Mula (Frucimu), que tiene la intenci\u00f3n de ampliar sus instalaciones para implantar una nueva l\u00ednea de productos ecol\u00f3gicos, cuenta con 730 socios que suman m\u00e1s de 2.600 het\u00e1reas cultivadas; tiene una exportaci\u00f3n anual cercana a los 40 millones de kilos de fruta y una facturaci\u00f3n superior a los 35 millones de euros, dando empleo a m\u00e1s de 300 personas de Mula y la comarca.<\/p>\n<p><a href=\"https:\/\/mula.es\/web\/wp-content\/uploads\/2018\/11\/Plano-Modificaci\u00f3n-26.jpg\"><img decoding=\"async\" data-attachment-id=\"28093\" data-permalink=\"https:\/\/mula.es\/web\/el-ayuntamiento-modifica-el-plan-general-para-ampliar-la-cooperativa\/plano-modificacion-26\/\" data-orig-file=\"https:\/\/mula.es\/web\/wp-content\/uploads\/2018\/11\/Plano-Modificaci\u00f3n-26.jpg\" data-orig-size=\"2481,1754\" data-comments-opened=\"0\" data-image-meta=\"{&quot;aperture&quot;:&quot;0&quot;,&quot;credit&quot;:&quot;&quot;,&quot;camera&quot;:&quot;&quot;,&quot;caption&quot;:&quot;&quot;,&quot;created_timestamp&quot;:&quot;0&quot;,&quot;copyright&quot;:&quot;&quot;,&quot;focal_length&quot;:&quot;0&quot;,&quot;iso&quot;:&quot;0&quot;,&quot;shutter_speed&quot;:&quot;0&quot;,&quot;title&quot;:&quot;&quot;,&quot;orientation&quot;:&quot;0&quot;}\" data-image-title=\"Plano Modificaci\u00f3n 26\" data-image-description=\"\" data-image-caption=\"\" data-large-file=\"https:\/\/mula.es\/web\/wp-content\/uploads\/2018\/11\/Plano-Modificaci\u00f3n-26-1024x724.jpg\" class=\"aligncenter size-large wp-image-28093\" src=\"https:\/\/mula.es\/web\/wp-content\/uploads\/2018\/11\/Plano-Modificaci\u00f3n-26-1024x724.jpg\" alt=\"\" width=\"1024\" height=\"724\" srcset=\"https:\/\/mula.es\/web\/wp-content\/uploads\/2018\/11\/Plano-Modificaci\u00f3n-26-200x141.jpg 200w, https:\/\/mula.es\/web\/wp-content\/uploads\/2018\/11\/Plano-Modificaci\u00f3n-26-300x212.jpg 300w, https:\/\/mula.es\/web\/wp-content\/uploads\/2018\/11\/Plano-Modificaci\u00f3n-26-400x283.jpg 400w, https:\/\/mula.es\/web\/wp-content\/uploads\/2018\/11\/Plano-Modificaci\u00f3n-26-600x424.jpg 600w, https:\/\/mula.es\/web\/wp-content\/uploads\/2018\/11\/Plano-Modificaci\u00f3n-26-768x543.jpg 768w, https:\/\/mula.es\/web\/wp-content\/uploads\/2018\/11\/Plano-Modificaci\u00f3n-26-800x566.jpg 800w, https:\/\/mula.es\/web\/wp-content\/uploads\/2018\/11\/Plano-Modificaci\u00f3n-26-1024x724.jpg 1024w, https:\/\/mula.es\/web\/wp-content\/uploads\/2018\/11\/Plano-Modificaci\u00f3n-26-1200x848.jpg 1200w\" sizes=\"(max-width: 1024px) 100vw, 1024px\" \/><\/a><\/p>\n","protected":false},"excerpt":{"rendered":"<p>El Pleno del Ayuntamiento ha dado luz verde a la aprobaci\u00f3n inicial de la modificaci\u00f3n puntual n\u00famero 26 del Plan General de Ordenaci\u00f3n Urbana que permitir\u00e1 a la cooperativa Frucimu ampliar sus instalaciones y crear nuevos puestos de trabajo. Esta modificaci\u00f3n reordena los espacios del suelo urbano de uso industrial que hay tras las actuales  [&#8230;]<\/p>\n","protected":false},"author":1,"featured_media":15914,"comment_status":"closed","ping_status":"closed","sticky":false,"template":"","format":"standard","meta":{"jetpack_post_was_ever_published":false,"_jetpack_newsletter_access":"","_jetpack_dont_email_post_to_subs":false,"_jetpack_newsletter_tier_id":0,"_jetpack_memberships_contains_paywalled_content":false,"_jetpack_memberships_contains_paid_content":false,"footnotes":"","jetpack_publicize_message":"","jetpack_publicize_feature_enabled":true,"jetpack_social_post_already_shared":true,"jetpack_social_options":{"image_generator_settings":{"template":"highway","default_image_id":0,"font":"","enabled":false},"version":2}},"categories":[134,144,517,362],"tags":[],"class_list":["post-28092","post","type-post","status-publish","format-standard","has-post-thumbnail","hentry","category-agricultura","category-cooperativismo","category-frucimu","category-urbanismo"],"yoast_head":"<!-- This site is optimized with the Yoast SEO plugin v27.4 - https:\/\/yoast.com\/product\/yoast-seo-wordpress\/ -->\n<title>El Ayuntamiento modifica el Plan General para ampliar la cooperativa - Ayuntamiento de Mula<\/title>\n<meta name=\"robots\" content=\"index, follow, max-snippet:-1, max-image-preview:large, max-video-preview:-1\" \/>\n<link rel=\"canonical\" href=\"https:\/\/mula.es\/web\/el-ayuntamiento-modifica-el-plan-general-para-ampliar-la-cooperativa\/\" \/>\n<meta property=\"og:locale\" content=\"es_ES\" \/>\n<meta property=\"og:type\" content=\"article\" \/>\n<meta property=\"og:title\" content=\"El Ayuntamiento modifica el Plan General para ampliar la cooperativa - Ayuntamiento de Mula\" \/>\n<meta property=\"og:description\" content=\"El Pleno del Ayuntamiento ha dado luz verde a la aprobaci\u00f3n inicial de la modificaci\u00f3n puntual n\u00famero 26 del Plan General de Ordenaci\u00f3n Urbana que permitir\u00e1 a la cooperativa Frucimu ampliar sus instalaciones y crear nuevos puestos de trabajo. Esta modificaci\u00f3n reordena los espacios del suelo urbano de uso industrial que hay tras las actuales [...]\" \/>\n<meta property=\"og:url\" content=\"https:\/\/mula.es\/web\/el-ayuntamiento-modifica-el-plan-general-para-ampliar-la-cooperativa\/\" \/>\n<meta property=\"og:site_name\" content=\"Ayuntamiento de Mula\" \/>\n<meta property=\"article:published_time\" content=\"2018-11-08T09:26:44+00:00\" \/>\n<meta property=\"article:modified_time\" content=\"2021-05-12T18:12:58+00:00\" \/>\n<meta property=\"og:image\" content=\"https:\/\/i0.wp.com\/mula.es\/web\/wp-content\/uploads\/2016\/04\/escudo_ayto-1.png?fit=91%2C98&ssl=1\" \/>\n\t<meta property=\"og:image:width\" content=\"91\" \/>\n\t<meta property=\"og:image:height\" content=\"98\" \/>\n\t<meta property=\"og:image:type\" content=\"image\/png\" \/>\n<meta name=\"author\" content=\"admin\" \/>\n<meta name=\"twitter:card\" content=\"summary_large_image\" \/>\n<meta name=\"twitter:creator\" content=\"@AyuntamientMula\" \/>\n<meta name=\"twitter:site\" content=\"@AyuntamientMula\" \/>\n<meta name=\"twitter:label1\" content=\"Escrito por\" \/>\n\t<meta name=\"twitter:data1\" content=\"admin\" \/>\n\t<meta name=\"twitter:label2\" content=\"Tiempo de lectura\" \/>\n\t<meta name=\"twitter:data2\" content=\"1 minuto\" \/>\n<script type=\"application\/ld+json\" class=\"yoast-schema-graph\">{\"@context\":\"https:\\\/\\\/schema.org\",\"@graph\":[{\"@type\":\"Article\",\"@id\":\"https:\\\/\\\/mula.es\\\/web\\\/el-ayuntamiento-modifica-el-plan-general-para-ampliar-la-cooperativa\\\/#article\",\"isPartOf\":{\"@id\":\"https:\\\/\\\/mula.es\\\/web\\\/el-ayuntamiento-modifica-el-plan-general-para-ampliar-la-cooperativa\\\/\"},\"author\":{\"name\":\"admin\",\"@id\":\"https:\\\/\\\/mula.es\\\/web\\\/#\\\/schema\\\/person\\\/a0dbffe9f4a3ed4aaebedcfef02f71a1\"},\"headline\":\"El Ayuntamiento modifica el Plan General para ampliar la cooperativa\",\"datePublished\":\"2018-11-08T09:26:44+00:00\",\"dateModified\":\"2021-05-12T18:12:58+00:00\",\"mainEntityOfPage\":{\"@id\":\"https:\\\/\\\/mula.es\\\/web\\\/el-ayuntamiento-modifica-el-plan-general-para-ampliar-la-cooperativa\\\/\"},\"wordCount\":286,\"image\":{\"@id\":\"https:\\\/\\\/mula.es\\\/web\\\/el-ayuntamiento-modifica-el-plan-general-para-ampliar-la-cooperativa\\\/#primaryimage\"},\"thumbnailUrl\":\"https:\\\/\\\/mula.es\\\/web\\\/wp-content\\\/uploads\\\/2016\\\/04\\\/escudo_ayto-1.png\",\"articleSection\":[\"agricultura\",\"cooperativismo\",\"frucimu\",\"urbanismo\"],\"inLanguage\":\"es\"},{\"@type\":\"WebPage\",\"@id\":\"https:\\\/\\\/mula.es\\\/web\\\/el-ayuntamiento-modifica-el-plan-general-para-ampliar-la-cooperativa\\\/\",\"url\":\"https:\\\/\\\/mula.es\\\/web\\\/el-ayuntamiento-modifica-el-plan-general-para-ampliar-la-cooperativa\\\/\",\"name\":\"El Ayuntamiento modifica el Plan General para ampliar la cooperativa - Ayuntamiento de Mula\",\"isPartOf\":{\"@id\":\"https:\\\/\\\/mula.es\\\/web\\\/#website\"},\"primaryImageOfPage\":{\"@id\":\"https:\\\/\\\/mula.es\\\/web\\\/el-ayuntamiento-modifica-el-plan-general-para-ampliar-la-cooperativa\\\/#primaryimage\"},\"image\":{\"@id\":\"https:\\\/\\\/mula.es\\\/web\\\/el-ayuntamiento-modifica-el-plan-general-para-ampliar-la-cooperativa\\\/#primaryimage\"},\"thumbnailUrl\":\"https:\\\/\\\/mula.es\\\/web\\\/wp-content\\\/uploads\\\/2016\\\/04\\\/escudo_ayto-1.png\",\"datePublished\":\"2018-11-08T09:26:44+00:00\",\"dateModified\":\"2021-05-12T18:12:58+00:00\",\"author\":{\"@id\":\"https:\\\/\\\/mula.es\\\/web\\\/#\\\/schema\\\/person\\\/a0dbffe9f4a3ed4aaebedcfef02f71a1\"},\"breadcrumb\":{\"@id\":\"https:\\\/\\\/mula.es\\\/web\\\/el-ayuntamiento-modifica-el-plan-general-para-ampliar-la-cooperativa\\\/#breadcrumb\"},\"inLanguage\":\"es\",\"potentialAction\":[{\"@type\":\"ReadAction\",\"target\":[\"https:\\\/\\\/mula.es\\\/web\\\/el-ayuntamiento-modifica-el-plan-general-para-ampliar-la-cooperativa\\\/\"]}]},{\"@type\":\"ImageObject\",\"inLanguage\":\"es\",\"@id\":\"https:\\\/\\\/mula.es\\\/web\\\/el-ayuntamiento-modifica-el-plan-general-para-ampliar-la-cooperativa\\\/#primaryimage\",\"url\":\"https:\\\/\\\/mula.es\\\/web\\\/wp-content\\\/uploads\\\/2016\\\/04\\\/escudo_ayto-1.png\",\"contentUrl\":\"https:\\\/\\\/mula.es\\\/web\\\/wp-content\\\/uploads\\\/2016\\\/04\\\/escudo_ayto-1.png\",\"width\":91,\"height\":98,\"caption\":\"escudo ayuntamiento\"},{\"@type\":\"BreadcrumbList\",\"@id\":\"https:\\\/\\\/mula.es\\\/web\\\/el-ayuntamiento-modifica-el-plan-general-para-ampliar-la-cooperativa\\\/#breadcrumb\",\"itemListElement\":[{\"@type\":\"ListItem\",\"position\":1,\"name\":\"Portada\",\"item\":\"https:\\\/\\\/mula.es\\\/web\\\/\"},{\"@type\":\"ListItem\",\"position\":2,\"name\":\"El Ayuntamiento modifica el Plan General para ampliar la cooperativa\"}]},{\"@type\":\"WebSite\",\"@id\":\"https:\\\/\\\/mula.es\\\/web\\\/#website\",\"url\":\"https:\\\/\\\/mula.es\\\/web\\\/\",\"name\":\"Ayuntamiento de Mula\",\"description\":\"P\u00e1gina web del Ayuntamiento de Mula (Regi\u00f3n de Murcia)\",\"potentialAction\":[{\"@type\":\"SearchAction\",\"target\":{\"@type\":\"EntryPoint\",\"urlTemplate\":\"https:\\\/\\\/mula.es\\\/web\\\/?s={search_term_string}\"},\"query-input\":{\"@type\":\"PropertyValueSpecification\",\"valueRequired\":true,\"valueName\":\"search_term_string\"}}],\"inLanguage\":\"es\"},{\"@type\":\"Person\",\"@id\":\"https:\\\/\\\/mula.es\\\/web\\\/#\\\/schema\\\/person\\\/a0dbffe9f4a3ed4aaebedcfef02f71a1\",\"name\":\"admin\",\"image\":{\"@type\":\"ImageObject\",\"inLanguage\":\"es\",\"@id\":\"https:\\\/\\\/secure.gravatar.com\\\/avatar\\\/5423b9cd77f4c7f89a124365a268866f9dfee038c17fe9e37afd92b5920d810e?s=96&d=mm&r=g\",\"url\":\"https:\\\/\\\/secure.gravatar.com\\\/avatar\\\/5423b9cd77f4c7f89a124365a268866f9dfee038c17fe9e37afd92b5920d810e?s=96&d=mm&r=g\",\"contentUrl\":\"https:\\\/\\\/secure.gravatar.com\\\/avatar\\\/5423b9cd77f4c7f89a124365a268866f9dfee038c17fe9e37afd92b5920d810e?s=96&d=mm&r=g\",\"caption\":\"admin\"},\"description\":\"Lorem ipsum dolor sit amet, consectetur adipiscing elit. Nam viverra euismod odio, gravida pellentesque urna varius vitae. Sed dui lorem, adipiscing in adipiscing et, interdum nec metus. Mauris ultricies, justo eu convallis placerat, felis enim ornare nisi, vitae mattis nulla ante id dui. Ut lectus purus, commodo et tincidunt vel, interdum sed lectus. Vestibulum adipiscing tempor nisi id elementi.\",\"url\":\"https:\\\/\\\/mula.es\\\/web\\\/author\\\/jose-maria-boti\\\/\"}]}<\/script>\n<!-- \/ Yoast SEO plugin. -->","yoast_head_json":{"title":"El Ayuntamiento modifica el Plan General para ampliar la cooperativa - Ayuntamiento de Mula","robots":{"index":"index","follow":"follow","max-snippet":"max-snippet:-1","max-image-preview":"max-image-preview:large","max-video-preview":"max-video-preview:-1"},"canonical":"https:\/\/mula.es\/web\/el-ayuntamiento-modifica-el-plan-general-para-ampliar-la-cooperativa\/","og_locale":"es_ES","og_type":"article","og_title":"El Ayuntamiento modifica el Plan General para ampliar la cooperativa - Ayuntamiento de Mula","og_description":"El Pleno del Ayuntamiento ha dado luz verde a la aprobaci\u00f3n inicial de la modificaci\u00f3n puntual n\u00famero 26 del Plan General de Ordenaci\u00f3n Urbana que permitir\u00e1 a la cooperativa Frucimu ampliar sus instalaciones y crear nuevos puestos de trabajo. Esta modificaci\u00f3n reordena los espacios del suelo urbano de uso industrial que hay tras las actuales [...]","og_url":"https:\/\/mula.es\/web\/el-ayuntamiento-modifica-el-plan-general-para-ampliar-la-cooperativa\/","og_site_name":"Ayuntamiento de Mula","article_published_time":"2018-11-08T09:26:44+00:00","article_modified_time":"2021-05-12T18:12:58+00:00","og_image":[{"width":91,"height":98,"url":"https:\/\/i0.wp.com\/mula.es\/web\/wp-content\/uploads\/2016\/04\/escudo_ayto-1.png?fit=91%2C98&ssl=1","type":"image\/png"}],"author":"admin","twitter_card":"summary_large_image","twitter_creator":"@AyuntamientMula","twitter_site":"@AyuntamientMula","twitter_misc":{"Escrito por":"admin","Tiempo de lectura":"1 minuto"},"schema":{"@context":"https:\/\/schema.org","@graph":[{"@type":"Article","@id":"https:\/\/mula.es\/web\/el-ayuntamiento-modifica-el-plan-general-para-ampliar-la-cooperativa\/#article","isPartOf":{"@id":"https:\/\/mula.es\/web\/el-ayuntamiento-modifica-el-plan-general-para-ampliar-la-cooperativa\/"},"author":{"name":"admin","@id":"https:\/\/mula.es\/web\/#\/schema\/person\/a0dbffe9f4a3ed4aaebedcfef02f71a1"},"headline":"El Ayuntamiento modifica el Plan General para ampliar la cooperativa","datePublished":"2018-11-08T09:26:44+00:00","dateModified":"2021-05-12T18:12:58+00:00","mainEntityOfPage":{"@id":"https:\/\/mula.es\/web\/el-ayuntamiento-modifica-el-plan-general-para-ampliar-la-cooperativa\/"},"wordCount":286,"image":{"@id":"https:\/\/mula.es\/web\/el-ayuntamiento-modifica-el-plan-general-para-ampliar-la-cooperativa\/#primaryimage"},"thumbnailUrl":"https:\/\/mula.es\/web\/wp-content\/uploads\/2016\/04\/escudo_ayto-1.png","articleSection":["agricultura","cooperativismo","frucimu","urbanismo"],"inLanguage":"es"},{"@type":"WebPage","@id":"https:\/\/mula.es\/web\/el-ayuntamiento-modifica-el-plan-general-para-ampliar-la-cooperativa\/","url":"https:\/\/mula.es\/web\/el-ayuntamiento-modifica-el-plan-general-para-ampliar-la-cooperativa\/","name":"El Ayuntamiento modifica el Plan General para ampliar la cooperativa - Ayuntamiento de Mula","isPartOf":{"@id":"https:\/\/mula.es\/web\/#website"},"primaryImageOfPage":{"@id":"https:\/\/mula.es\/web\/el-ayuntamiento-modifica-el-plan-general-para-ampliar-la-cooperativa\/#primaryimage"},"image":{"@id":"https:\/\/mula.es\/web\/el-ayuntamiento-modifica-el-plan-general-para-ampliar-la-cooperativa\/#primaryimage"},"thumbnailUrl":"https:\/\/mula.es\/web\/wp-content\/uploads\/2016\/04\/escudo_ayto-1.png","datePublished":"2018-11-08T09:26:44+00:00","dateModified":"2021-05-12T18:12:58+00:00","author":{"@id":"https:\/\/mula.es\/web\/#\/schema\/person\/a0dbffe9f4a3ed4aaebedcfef02f71a1"},"breadcrumb":{"@id":"https:\/\/mula.es\/web\/el-ayuntamiento-modifica-el-plan-general-para-ampliar-la-cooperativa\/#breadcrumb"},"inLanguage":"es","potentialAction":[{"@type":"ReadAction","target":["https:\/\/mula.es\/web\/el-ayuntamiento-modifica-el-plan-general-para-ampliar-la-cooperativa\/"]}]},{"@type":"ImageObject","inLanguage":"es","@id":"https:\/\/mula.es\/web\/el-ayuntamiento-modifica-el-plan-general-para-ampliar-la-cooperativa\/#primaryimage","url":"https:\/\/mula.es\/web\/wp-content\/uploads\/2016\/04\/escudo_ayto-1.png","contentUrl":"https:\/\/mula.es\/web\/wp-content\/uploads\/2016\/04\/escudo_ayto-1.png","width":91,"height":98,"caption":"escudo ayuntamiento"},{"@type":"BreadcrumbList","@id":"https:\/\/mula.es\/web\/el-ayuntamiento-modifica-el-plan-general-para-ampliar-la-cooperativa\/#breadcrumb","itemListElement":[{"@type":"ListItem","position":1,"name":"Portada","item":"https:\/\/mula.es\/web\/"},{"@type":"ListItem","position":2,"name":"El Ayuntamiento modifica el Plan General para ampliar la cooperativa"}]},{"@type":"WebSite","@id":"https:\/\/mula.es\/web\/#website","url":"https:\/\/mula.es\/web\/","name":"Ayuntamiento de Mula","description":"P\u00e1gina web del Ayuntamiento de Mula (Regi\u00f3n de Murcia)","potentialAction":[{"@type":"SearchAction","target":{"@type":"EntryPoint","urlTemplate":"https:\/\/mula.es\/web\/?s={search_term_string}"},"query-input":{"@type":"PropertyValueSpecification","valueRequired":true,"valueName":"search_term_string"}}],"inLanguage":"es"},{"@type":"Person","@id":"https:\/\/mula.es\/web\/#\/schema\/person\/a0dbffe9f4a3ed4aaebedcfef02f71a1","name":"admin","image":{"@type":"ImageObject","inLanguage":"es","@id":"https:\/\/secure.gravatar.com\/avatar\/5423b9cd77f4c7f89a124365a268866f9dfee038c17fe9e37afd92b5920d810e?s=96&d=mm&r=g","url":"https:\/\/secure.gravatar.com\/avatar\/5423b9cd77f4c7f89a124365a268866f9dfee038c17fe9e37afd92b5920d810e?s=96&d=mm&r=g","contentUrl":"https:\/\/secure.gravatar.com\/avatar\/5423b9cd77f4c7f89a124365a268866f9dfee038c17fe9e37afd92b5920d810e?s=96&d=mm&r=g","caption":"admin"},"description":"Lorem ipsum dolor sit amet, consectetur adipiscing elit. Nam viverra euismod odio, gravida pellentesque urna varius vitae. Sed dui lorem, adipiscing in adipiscing et, interdum nec metus. Mauris ultricies, justo eu convallis placerat, felis enim ornare nisi, vitae mattis nulla ante id dui. Ut lectus purus, commodo et tincidunt vel, interdum sed lectus. Vestibulum adipiscing tempor nisi id elementi.","url":"https:\/\/mula.es\/web\/author\/jose-maria-boti\/"}]}},"jetpack_publicize_connections":[],"jetpack_featured_media_url":"https:\/\/mula.es\/web\/wp-content\/uploads\/2016\/04\/escudo_ayto-1.png","jetpack_sharing_enabled":true,"jetpack_shortlink":"https:\/\/wp.me\/pa9DMY-7j6","jetpack-related-posts":[],"_links":{"self":[{"href":"https:\/\/mula.es\/web\/wp-json\/wp\/v2\/posts\/28092","targetHints":{"allow":["GET"]}}],"collection":[{"href":"https:\/\/mula.es\/web\/wp-json\/wp\/v2\/posts"}],"about":[{"href":"https:\/\/mula.es\/web\/wp-json\/wp\/v2\/types\/post"}],"author":[{"embeddable":true,"href":"https:\/\/mula.es\/web\/wp-json\/wp\/v2\/users\/1"}],"replies":[{"embeddable":true,"href":"https:\/\/mula.es\/web\/wp-json\/wp\/v2\/comments?post=28092"}],"version-history":[{"count":1,"href":"https:\/\/mula.es\/web\/wp-json\/wp\/v2\/posts\/28092\/revisions"}],"predecessor-version":[{"id":28094,"href":"https:\/\/mula.es\/web\/wp-json\/wp\/v2\/posts\/28092\/revisions\/28094"}],"wp:featuredmedia":[{"embeddable":true,"href":"https:\/\/mula.es\/web\/wp-json\/wp\/v2\/media\/15914"}],"wp:attachment":[{"href":"https:\/\/mula.es\/web\/wp-json\/wp\/v2\/media?parent=28092"}],"wp:term":[{"taxonomy":"category","embeddable":true,"href":"https:\/\/mula.es\/web\/wp-json\/wp\/v2\/categories?post=28092"},{"taxonomy":"post_tag","embeddable":true,"href":"https:\/\/mula.es\/web\/wp-json\/wp\/v2\/tags?post=28092"}],"curies":[{"name":"wp","href":"https:\/\/api.w.org\/{rel}","templated":true}]}}