{"id":29020,"date":"2019-03-04T12:10:54","date_gmt":"2019-03-04T11:10:54","guid":{"rendered":"http:\/\/mula.es\/web\/?p=29020"},"modified":"2021-05-12T20:12:14","modified_gmt":"2021-05-12T18:12:14","slug":"inauguracion-de-la-exposicion-villae-vida-y-produccion-rural-en-el-sureste-de-hispania-museo-arqueologico-de-murcia","status":"publish","type":"post","link":"https:\/\/mula.es\/web\/inauguracion-de-la-exposicion-villae-vida-y-produccion-rural-en-el-sureste-de-hispania-museo-arqueologico-de-murcia\/","title":{"rendered":"Inauguraci\u00f3n de la exposici\u00f3n: \u00abVillae. Vida y producci\u00f3n rural en el sureste de Hispania\u00bb &#8211; Museo Arqueol\u00f3gico de Murcia"},"content":{"rendered":"<div class=\"fusion-fullwidth fullwidth-box fusion-builder-row-1 fusion-flex-container hundred-percent-fullwidth non-hundred-percent-height-scrolling\" style=\"--awb-border-radius-top-left:0px;--awb-border-radius-top-right:0px;--awb-border-radius-bottom-right:0px;--awb-border-radius-bottom-left:0px;--awb-overflow:visible;--awb-flex-wrap:wrap;\" ><div class=\"fusion-builder-row fusion-row fusion-flex-align-items-flex-start fusion-flex-content-wrap\" style=\"width:calc( 100% + 0px ) !important;max-width:calc( 100% + 0px ) !important;margin-left: calc(-0px \/ 2 );margin-right: calc(-0px \/ 2 );\"><div class=\"fusion-layout-column fusion_builder_column fusion-builder-column-0 fusion_builder_column_1_1 1_1 fusion-flex-column\" style=\"--awb-bg-size:cover;--awb-width-large:100%;--awb-margin-top-large:0px;--awb-spacing-right-large:0px;--awb-margin-bottom-large:20px;--awb-spacing-left-large:0px;--awb-width-medium:100%;--awb-spacing-right-medium:0px;--awb-spacing-left-medium:0px;--awb-width-small:100%;--awb-spacing-right-small:0px;--awb-spacing-left-small:0px;\"><div class=\"fusion-column-wrapper fusion-flex-justify-content-flex-start fusion-content-layout-column\"><div class=\"fusion-text fusion-text-1\"><div style=\"text-align: justify;\">Dentro de la programaci\u00f3n de actividades del Museo Arqueol\u00f3gico de Murcia tenemos previstos para el pr\u00f3ximo jueves, d\u00eda 7 de marzo de 2019, un gran acontecimiento: la inauguraci\u00f3n oficial de la nueva exposici\u00f3n temporal del Museo Arqueol\u00f3gico de Murcia: \u00abVillae. Vida y producci\u00f3n rural en el sureste de Hispania\u00bb.<\/div>\n<div style=\"text-align: justify;\"><\/div>\n<div style=\"text-align: justify;\">Esta gran muestra recoge algunas de las piezas arqueol\u00f3gicas m\u00e1s significativas (escultura, mosaicos, epigraf\u00eda, artes menores y \u00fatiles dom\u00e9sticos&#8230;) de las principales explotaciones agropecuarias romanas en nuestras tierras (Los Torrejones de Yecla, Los Cipreses de Jumilla, Villaricos de Mula, Los Cantos de Jumilla, Huerto del Paturro de Cartagena, El Rihuete de Mazarr\u00f3n&#8230;) y estar\u00e1 abierta al p\u00fablico entre los d\u00edas 7 de marzo y 2 de junio de este a\u00f1o 2019.<\/div>\n<\/div><\/div><\/div><div class=\"fusion-layout-column fusion_builder_column fusion-builder-column-1 fusion_builder_column_1_1 1_1 fusion-flex-column\" style=\"--awb-bg-size:cover;--awb-width-large:100%;--awb-margin-top-large:0px;--awb-spacing-right-large:0px;--awb-margin-bottom-large:20px;--awb-spacing-left-large:0px;--awb-width-medium:100%;--awb-spacing-right-medium:0px;--awb-spacing-left-medium:0px;--awb-width-small:100%;--awb-spacing-right-small:0px;--awb-spacing-left-small:0px;\"><div class=\"fusion-column-wrapper fusion-flex-justify-content-flex-start fusion-content-layout-column\"><div class=\"fusion-text fusion-text-2\"><h2><\/h2>\n<h2 style=\"text-align: center;\"><a href=\"https:\/\/mula.es\/web\/wp-content\/uploads\/2019\/03\/FOLLETO-VILLAE-baja.pdf\" target=\"_blank\" rel=\"noopener\">Folleto Villae en .pdf<\/a><\/h2>\n<\/div><\/div><\/div><div class=\"fusion-layout-column fusion_builder_column fusion-builder-column-2 fusion_builder_column_1_1 1_1 fusion-flex-column\" style=\"--awb-bg-size:cover;--awb-width-large:100%;--awb-margin-top-large:0px;--awb-spacing-right-large:0px;--awb-margin-bottom-large:20px;--awb-spacing-left-large:0px;--awb-width-medium:100%;--awb-spacing-right-medium:0px;--awb-spacing-left-medium:0px;--awb-width-small:100%;--awb-spacing-right-small:0px;--awb-spacing-left-small:0px;\"><div class=\"fusion-column-wrapper fusion-flex-justify-content-flex-start fusion-content-layout-column\"><div class=\"fusion-image-carousel fusion-image-carousel-auto fusion-image-carousel-1 lightbox-enabled fusion-carousel-border\"><div class=\"awb-carousel awb-swiper awb-swiper-carousel awb-carousel--carousel awb-swiper-dots-position-bottom\" data-layout=\"carousel\" data-autoplay=\"no\" data-autoplayspeed=\"2500\" data-autoplaypause=\"no\" data-loop=\"yes\" data-columns=\"2\" data-columnsmedium=\"1\" data-columnssmall=\"1\" data-itemmargin=\"13\" data-itemwidth=\"180\" data-touchscroll=\"no\" data-freemode=\"no\" data-imagesize=\"auto\" data-scrollitems=\"0\" data-centeredslides=\"no\" data-rotationangle=\"50\" data-depth=\"100\" data-speed=\"500\" data-shadow=\"no\" data-pagination=\"bullets\" style=\"--awb-columns:2;--awb-border-width:1px;--awb-border-color:#e9eaee;\"><div class=\"swiper-wrapper awb-image-carousel-wrapper fusion-flex-align-items-center\"><div class=\"swiper-slide\"><div class=\"fusion-carousel-item-wrapper\"><div class=\"fusion-image-wrapper hover-type-none\"><a data-rel=\"iLightbox[image_carousel_1]\" data-caption=\"FOLLETO VILLAE baja_P\u00e1gina_1\" data-title=\"FOLLETO VILLAE baja_P\u00e1gina_1\" aria-label=\"FOLLETO VILLAE baja_P\u00e1gina_1\" href=\"https:\/\/mula.es\/web\/wp-content\/uploads\/2019\/03\/FOLLETO-VILLAE-baja_P\u00e1gina_1-1024x643.jpg\" target=\"_self\"><img decoding=\"async\" width=\"1882\" height=\"1182\" src=\"https:\/\/mula.es\/web\/wp-content\/uploads\/2019\/03\/FOLLETO-VILLAE-baja_P\u00e1gina_1.jpg\" class=\"attachment-full size-full\" alt=\"\" srcset=\"https:\/\/mula.es\/web\/wp-content\/uploads\/2019\/03\/FOLLETO-VILLAE-baja_P\u00e1gina_1-200x126.jpg 200w, https:\/\/mula.es\/web\/wp-content\/uploads\/2019\/03\/FOLLETO-VILLAE-baja_P\u00e1gina_1-400x251.jpg 400w, https:\/\/mula.es\/web\/wp-content\/uploads\/2019\/03\/FOLLETO-VILLAE-baja_P\u00e1gina_1-600x377.jpg 600w, https:\/\/mula.es\/web\/wp-content\/uploads\/2019\/03\/FOLLETO-VILLAE-baja_P\u00e1gina_1-800x502.jpg 800w, https:\/\/mula.es\/web\/wp-content\/uploads\/2019\/03\/FOLLETO-VILLAE-baja_P\u00e1gina_1-1200x754.jpg 1200w, https:\/\/mula.es\/web\/wp-content\/uploads\/2019\/03\/FOLLETO-VILLAE-baja_P\u00e1gina_1.jpg 1882w\" sizes=\"(min-width: 2200px) 100vw, (min-width: 712px) 544px, (min-width: 640px) 712px, \" data-attachment-id=\"29022\" data-permalink=\"https:\/\/mula.es\/web\/inauguracion-de-la-exposicion-villae-vida-y-produccion-rural-en-el-sureste-de-hispania-museo-arqueologico-de-murcia\/folleto-villae-baja_pagina_1\/\" data-orig-file=\"https:\/\/mula.es\/web\/wp-content\/uploads\/2019\/03\/FOLLETO-VILLAE-baja_P\u00e1gina_1.jpg\" data-orig-size=\"1882,1182\" data-comments-opened=\"0\" data-image-meta=\"{&quot;aperture&quot;:&quot;0&quot;,&quot;credit&quot;:&quot;&quot;,&quot;camera&quot;:&quot;&quot;,&quot;caption&quot;:&quot;&quot;,&quot;created_timestamp&quot;:&quot;0&quot;,&quot;copyright&quot;:&quot;&quot;,&quot;focal_length&quot;:&quot;0&quot;,&quot;iso&quot;:&quot;0&quot;,&quot;shutter_speed&quot;:&quot;0&quot;,&quot;title&quot;:&quot;&quot;,&quot;orientation&quot;:&quot;0&quot;}\" data-image-title=\"FOLLETO VILLAE baja_P\u00e1gina_1\" data-image-description=\"\" data-image-caption=\"&lt;p&gt;FOLLETO VILLAE baja_P\u00e1gina_1&lt;\/p&gt;\n\" data-large-file=\"https:\/\/mula.es\/web\/wp-content\/uploads\/2019\/03\/FOLLETO-VILLAE-baja_P\u00e1gina_1-1024x643.jpg\" \/><\/a><\/div><\/div><\/div><div class=\"swiper-slide\"><div class=\"fusion-carousel-item-wrapper\"><div class=\"fusion-image-wrapper hover-type-none\"><a data-rel=\"iLightbox[image_carousel_1]\" data-caption=\"FOLLETO VILLAE baja_P\u00e1gina_2\" data-title=\"FOLLETO VILLAE baja_P\u00e1gina_2\" aria-label=\"FOLLETO VILLAE baja_P\u00e1gina_2\" href=\"https:\/\/mula.es\/web\/wp-content\/uploads\/2019\/03\/FOLLETO-VILLAE-baja_P\u00e1gina_2-1024x643.jpg\" target=\"_self\"><img decoding=\"async\" width=\"1882\" height=\"1182\" src=\"https:\/\/mula.es\/web\/wp-content\/uploads\/2019\/03\/FOLLETO-VILLAE-baja_P\u00e1gina_2.jpg\" class=\"attachment-full size-full\" alt=\"FOLLETO VILLAE baja_P\u00e1gina_2\" srcset=\"https:\/\/mula.es\/web\/wp-content\/uploads\/2019\/03\/FOLLETO-VILLAE-baja_P\u00e1gina_2-200x126.jpg 200w, https:\/\/mula.es\/web\/wp-content\/uploads\/2019\/03\/FOLLETO-VILLAE-baja_P\u00e1gina_2-400x251.jpg 400w, https:\/\/mula.es\/web\/wp-content\/uploads\/2019\/03\/FOLLETO-VILLAE-baja_P\u00e1gina_2-600x377.jpg 600w, https:\/\/mula.es\/web\/wp-content\/uploads\/2019\/03\/FOLLETO-VILLAE-baja_P\u00e1gina_2-800x502.jpg 800w, https:\/\/mula.es\/web\/wp-content\/uploads\/2019\/03\/FOLLETO-VILLAE-baja_P\u00e1gina_2-1200x754.jpg 1200w, https:\/\/mula.es\/web\/wp-content\/uploads\/2019\/03\/FOLLETO-VILLAE-baja_P\u00e1gina_2.jpg 1882w\" sizes=\"(min-width: 2200px) 100vw, (min-width: 712px) 544px, (min-width: 640px) 712px, \" data-attachment-id=\"29023\" data-permalink=\"https:\/\/mula.es\/web\/inauguracion-de-la-exposicion-villae-vida-y-produccion-rural-en-el-sureste-de-hispania-museo-arqueologico-de-murcia\/folleto-villae-baja_pagina_2\/\" data-orig-file=\"https:\/\/mula.es\/web\/wp-content\/uploads\/2019\/03\/FOLLETO-VILLAE-baja_P\u00e1gina_2.jpg\" data-orig-size=\"1882,1182\" data-comments-opened=\"0\" data-image-meta=\"{&quot;aperture&quot;:&quot;0&quot;,&quot;credit&quot;:&quot;&quot;,&quot;camera&quot;:&quot;&quot;,&quot;caption&quot;:&quot;&quot;,&quot;created_timestamp&quot;:&quot;0&quot;,&quot;copyright&quot;:&quot;&quot;,&quot;focal_length&quot;:&quot;0&quot;,&quot;iso&quot;:&quot;0&quot;,&quot;shutter_speed&quot;:&quot;0&quot;,&quot;title&quot;:&quot;&quot;,&quot;orientation&quot;:&quot;0&quot;}\" data-image-title=\"FOLLETO VILLAE baja_P\u00e1gina_2\" data-image-description=\"&lt;p&gt;FOLLETO VILLAE baja_P\u00e1gina_2&lt;\/p&gt;\n\" data-image-caption=\"&lt;p&gt;FOLLETO VILLAE baja_P\u00e1gina_2&lt;\/p&gt;\n\" data-large-file=\"https:\/\/mula.es\/web\/wp-content\/uploads\/2019\/03\/FOLLETO-VILLAE-baja_P\u00e1gina_2-1024x643.jpg\" \/><\/a><\/div><\/div><\/div><\/div><div class=\"awb-swiper-button awb-swiper-button-prev\"><i class=\"awb-icon-angle-left\" aria-hidden=\"true\"><\/i><\/div><div class=\"awb-swiper-button awb-swiper-button-next\"><i class=\"awb-icon-angle-right\" aria-hidden=\"true\"><\/i><\/div><\/div><\/div><\/div><\/div><\/div><\/div>\n","protected":false},"excerpt":{"rendered":"","protected":false},"author":9,"featured_media":29024,"comment_status":"closed","ping_status":"closed","sticky":false,"template":"","format":"standard","meta":{"jetpack_post_was_ever_published":false,"_jetpack_newsletter_access":"","_jetpack_dont_email_post_to_subs":false,"_jetpack_newsletter_tier_id":0,"_jetpack_memberships_contains_paywalled_content":false,"_jetpack_memberships_contains_paid_content":false,"footnotes":"","jetpack_publicize_message":"","jetpack_publicize_feature_enabled":true,"jetpack_social_post_already_shared":true,"jetpack_social_options":{"image_generator_settings":{"template":"highway","default_image_id":0,"font":"","enabled":false},"version":2}},"categories":[112],"tags":[554,555],"class_list":["post-29020","post","type-post","status-publish","format-standard","has-post-thumbnail","hentry","category-arqueologia","tag-los-villaricos","tag-villa-romana"],"yoast_head":"<!-- This site is optimized with the Yoast SEO plugin v27.5 - https:\/\/yoast.com\/product\/yoast-seo-wordpress\/ -->\n<title>Inauguraci\u00f3n de la exposici\u00f3n: &quot;Villae. Vida y producci\u00f3n rural en el sureste de Hispania&quot; - Museo Arqueol\u00f3gico de Murcia - Ayuntamiento de Mula<\/title>\n<meta name=\"robots\" content=\"index, follow, max-snippet:-1, max-image-preview:large, max-video-preview:-1\" \/>\n<link rel=\"canonical\" href=\"https:\/\/mula.es\/web\/inauguracion-de-la-exposicion-villae-vida-y-produccion-rural-en-el-sureste-de-hispania-museo-arqueologico-de-murcia\/\" \/>\n<meta property=\"og:locale\" content=\"es_ES\" \/>\n<meta property=\"og:type\" content=\"article\" \/>\n<meta property=\"og:title\" content=\"Inauguraci\u00f3n de la exposici\u00f3n: &quot;Villae. Vida y producci\u00f3n rural en el sureste de Hispania&quot; - Museo Arqueol\u00f3gico de Murcia - Ayuntamiento de Mula\" \/>\n<meta property=\"og:url\" content=\"https:\/\/mula.es\/web\/inauguracion-de-la-exposicion-villae-vida-y-produccion-rural-en-el-sureste-de-hispania-museo-arqueologico-de-murcia\/\" \/>\n<meta property=\"og:site_name\" content=\"Ayuntamiento de Mula\" \/>\n<meta property=\"article:published_time\" content=\"2019-03-04T11:10:54+00:00\" \/>\n<meta property=\"article:modified_time\" content=\"2021-05-12T18:12:14+00:00\" \/>\n<meta property=\"og:image\" content=\"https:\/\/i0.wp.com\/mula.es\/web\/wp-content\/uploads\/2019\/03\/logo_villae.jpg?fit=623%2C1168&ssl=1\" \/>\n\t<meta property=\"og:image:width\" content=\"623\" \/>\n\t<meta property=\"og:image:height\" content=\"1168\" \/>\n\t<meta property=\"og:image:type\" content=\"image\/jpeg\" \/>\n<meta name=\"author\" content=\"Rosario Mart\u00ednez\" \/>\n<meta name=\"twitter:card\" content=\"summary_large_image\" \/>\n<meta name=\"twitter:creator\" content=\"@AyuntamientMula\" \/>\n<meta name=\"twitter:site\" content=\"@AyuntamientMula\" \/>\n<meta name=\"twitter:label1\" content=\"Escrito por\" \/>\n\t<meta name=\"twitter:data1\" content=\"Rosario Mart\u00ednez\" \/>\n\t<meta name=\"twitter:label2\" content=\"Tiempo de lectura\" \/>\n\t<meta name=\"twitter:data2\" content=\"2 minutos\" \/>\n<script type=\"application\/ld+json\" class=\"yoast-schema-graph\">{\"@context\":\"https:\\\/\\\/schema.org\",\"@graph\":[{\"@type\":\"Article\",\"@id\":\"https:\\\/\\\/mula.es\\\/web\\\/inauguracion-de-la-exposicion-villae-vida-y-produccion-rural-en-el-sureste-de-hispania-museo-arqueologico-de-murcia\\\/#article\",\"isPartOf\":{\"@id\":\"https:\\\/\\\/mula.es\\\/web\\\/inauguracion-de-la-exposicion-villae-vida-y-produccion-rural-en-el-sureste-de-hispania-museo-arqueologico-de-murcia\\\/\"},\"author\":{\"name\":\"Rosario Mart\u00ednez\",\"@id\":\"https:\\\/\\\/mula.es\\\/web\\\/#\\\/schema\\\/person\\\/f8d63bd3ab6e7b025268b909b7ab0771\"},\"headline\":\"Inauguraci\u00f3n de la exposici\u00f3n: \u00abVillae. Vida y producci\u00f3n rural en el sureste de Hispania\u00bb &#8211; Museo Arqueol\u00f3gico de Murcia\",\"datePublished\":\"2019-03-04T11:10:54+00:00\",\"dateModified\":\"2021-05-12T18:12:14+00:00\",\"mainEntityOfPage\":{\"@id\":\"https:\\\/\\\/mula.es\\\/web\\\/inauguracion-de-la-exposicion-villae-vida-y-produccion-rural-en-el-sureste-de-hispania-museo-arqueologico-de-murcia\\\/\"},\"wordCount\":424,\"image\":{\"@id\":\"https:\\\/\\\/mula.es\\\/web\\\/inauguracion-de-la-exposicion-villae-vida-y-produccion-rural-en-el-sureste-de-hispania-museo-arqueologico-de-murcia\\\/#primaryimage\"},\"thumbnailUrl\":\"https:\\\/\\\/mula.es\\\/web\\\/wp-content\\\/uploads\\\/2019\\\/03\\\/logo_villae.jpg\",\"keywords\":[\"los villaricos\",\"villa romana\"],\"articleSection\":[\"arqueolog\u00eda\"],\"inLanguage\":\"es\"},{\"@type\":\"WebPage\",\"@id\":\"https:\\\/\\\/mula.es\\\/web\\\/inauguracion-de-la-exposicion-villae-vida-y-produccion-rural-en-el-sureste-de-hispania-museo-arqueologico-de-murcia\\\/\",\"url\":\"https:\\\/\\\/mula.es\\\/web\\\/inauguracion-de-la-exposicion-villae-vida-y-produccion-rural-en-el-sureste-de-hispania-museo-arqueologico-de-murcia\\\/\",\"name\":\"Inauguraci\u00f3n de la exposici\u00f3n: \\\"Villae. Vida y producci\u00f3n rural en el sureste de Hispania\\\" - Museo Arqueol\u00f3gico de Murcia - Ayuntamiento de Mula\",\"isPartOf\":{\"@id\":\"https:\\\/\\\/mula.es\\\/web\\\/#website\"},\"primaryImageOfPage\":{\"@id\":\"https:\\\/\\\/mula.es\\\/web\\\/inauguracion-de-la-exposicion-villae-vida-y-produccion-rural-en-el-sureste-de-hispania-museo-arqueologico-de-murcia\\\/#primaryimage\"},\"image\":{\"@id\":\"https:\\\/\\\/mula.es\\\/web\\\/inauguracion-de-la-exposicion-villae-vida-y-produccion-rural-en-el-sureste-de-hispania-museo-arqueologico-de-murcia\\\/#primaryimage\"},\"thumbnailUrl\":\"https:\\\/\\\/mula.es\\\/web\\\/wp-content\\\/uploads\\\/2019\\\/03\\\/logo_villae.jpg\",\"datePublished\":\"2019-03-04T11:10:54+00:00\",\"dateModified\":\"2021-05-12T18:12:14+00:00\",\"author\":{\"@id\":\"https:\\\/\\\/mula.es\\\/web\\\/#\\\/schema\\\/person\\\/f8d63bd3ab6e7b025268b909b7ab0771\"},\"breadcrumb\":{\"@id\":\"https:\\\/\\\/mula.es\\\/web\\\/inauguracion-de-la-exposicion-villae-vida-y-produccion-rural-en-el-sureste-de-hispania-museo-arqueologico-de-murcia\\\/#breadcrumb\"},\"inLanguage\":\"es\",\"potentialAction\":[{\"@type\":\"ReadAction\",\"target\":[\"https:\\\/\\\/mula.es\\\/web\\\/inauguracion-de-la-exposicion-villae-vida-y-produccion-rural-en-el-sureste-de-hispania-museo-arqueologico-de-murcia\\\/\"]}]},{\"@type\":\"ImageObject\",\"inLanguage\":\"es\",\"@id\":\"https:\\\/\\\/mula.es\\\/web\\\/inauguracion-de-la-exposicion-villae-vida-y-produccion-rural-en-el-sureste-de-hispania-museo-arqueologico-de-murcia\\\/#primaryimage\",\"url\":\"https:\\\/\\\/mula.es\\\/web\\\/wp-content\\\/uploads\\\/2019\\\/03\\\/logo_villae.jpg\",\"contentUrl\":\"https:\\\/\\\/mula.es\\\/web\\\/wp-content\\\/uploads\\\/2019\\\/03\\\/logo_villae.jpg\",\"width\":623,\"height\":1168,\"caption\":\"logo_villae\"},{\"@type\":\"BreadcrumbList\",\"@id\":\"https:\\\/\\\/mula.es\\\/web\\\/inauguracion-de-la-exposicion-villae-vida-y-produccion-rural-en-el-sureste-de-hispania-museo-arqueologico-de-murcia\\\/#breadcrumb\",\"itemListElement\":[{\"@type\":\"ListItem\",\"position\":1,\"name\":\"Portada\",\"item\":\"https:\\\/\\\/mula.es\\\/web\\\/\"},{\"@type\":\"ListItem\",\"position\":2,\"name\":\"Inauguraci\u00f3n de la exposici\u00f3n: \u00abVillae. Vida y producci\u00f3n rural en el sureste de Hispania\u00bb &#8211; Museo Arqueol\u00f3gico de Murcia\"}]},{\"@type\":\"WebSite\",\"@id\":\"https:\\\/\\\/mula.es\\\/web\\\/#website\",\"url\":\"https:\\\/\\\/mula.es\\\/web\\\/\",\"name\":\"Ayuntamiento de Mula\",\"description\":\"P\u00e1gina web del Ayuntamiento de Mula (Regi\u00f3n de Murcia)\",\"potentialAction\":[{\"@type\":\"SearchAction\",\"target\":{\"@type\":\"EntryPoint\",\"urlTemplate\":\"https:\\\/\\\/mula.es\\\/web\\\/?s={search_term_string}\"},\"query-input\":{\"@type\":\"PropertyValueSpecification\",\"valueRequired\":true,\"valueName\":\"search_term_string\"}}],\"inLanguage\":\"es\"},{\"@type\":\"Person\",\"@id\":\"https:\\\/\\\/mula.es\\\/web\\\/#\\\/schema\\\/person\\\/f8d63bd3ab6e7b025268b909b7ab0771\",\"name\":\"Rosario Mart\u00ednez\",\"image\":{\"@type\":\"ImageObject\",\"inLanguage\":\"es\",\"@id\":\"https:\\\/\\\/secure.gravatar.com\\\/avatar\\\/ce916b980ac93e5b1d36e6068357675d4e089a572ebc8789fcb807c2fb2edfef?s=96&d=mm&r=g\",\"url\":\"https:\\\/\\\/secure.gravatar.com\\\/avatar\\\/ce916b980ac93e5b1d36e6068357675d4e089a572ebc8789fcb807c2fb2edfef?s=96&d=mm&r=g\",\"contentUrl\":\"https:\\\/\\\/secure.gravatar.com\\\/avatar\\\/ce916b980ac93e5b1d36e6068357675d4e089a572ebc8789fcb807c2fb2edfef?s=96&d=mm&r=g\",\"caption\":\"Rosario Mart\u00ednez\"},\"url\":\"https:\\\/\\\/mula.es\\\/web\\\/author\\\/rmartinez\\\/\"}]}<\/script>\n<!-- \/ Yoast SEO plugin. -->","yoast_head_json":{"title":"Inauguraci\u00f3n de la exposici\u00f3n: \"Villae. Vida y producci\u00f3n rural en el sureste de Hispania\" - Museo Arqueol\u00f3gico de Murcia - Ayuntamiento de Mula","robots":{"index":"index","follow":"follow","max-snippet":"max-snippet:-1","max-image-preview":"max-image-preview:large","max-video-preview":"max-video-preview:-1"},"canonical":"https:\/\/mula.es\/web\/inauguracion-de-la-exposicion-villae-vida-y-produccion-rural-en-el-sureste-de-hispania-museo-arqueologico-de-murcia\/","og_locale":"es_ES","og_type":"article","og_title":"Inauguraci\u00f3n de la exposici\u00f3n: \"Villae. Vida y producci\u00f3n rural en el sureste de Hispania\" - Museo Arqueol\u00f3gico de Murcia - Ayuntamiento de Mula","og_url":"https:\/\/mula.es\/web\/inauguracion-de-la-exposicion-villae-vida-y-produccion-rural-en-el-sureste-de-hispania-museo-arqueologico-de-murcia\/","og_site_name":"Ayuntamiento de Mula","article_published_time":"2019-03-04T11:10:54+00:00","article_modified_time":"2021-05-12T18:12:14+00:00","og_image":[{"width":623,"height":1168,"url":"https:\/\/i0.wp.com\/mula.es\/web\/wp-content\/uploads\/2019\/03\/logo_villae.jpg?fit=623%2C1168&ssl=1","type":"image\/jpeg"}],"author":"Rosario Mart\u00ednez","twitter_card":"summary_large_image","twitter_creator":"@AyuntamientMula","twitter_site":"@AyuntamientMula","twitter_misc":{"Escrito por":"Rosario Mart\u00ednez","Tiempo de lectura":"2 minutos"},"schema":{"@context":"https:\/\/schema.org","@graph":[{"@type":"Article","@id":"https:\/\/mula.es\/web\/inauguracion-de-la-exposicion-villae-vida-y-produccion-rural-en-el-sureste-de-hispania-museo-arqueologico-de-murcia\/#article","isPartOf":{"@id":"https:\/\/mula.es\/web\/inauguracion-de-la-exposicion-villae-vida-y-produccion-rural-en-el-sureste-de-hispania-museo-arqueologico-de-murcia\/"},"author":{"name":"Rosario Mart\u00ednez","@id":"https:\/\/mula.es\/web\/#\/schema\/person\/f8d63bd3ab6e7b025268b909b7ab0771"},"headline":"Inauguraci\u00f3n de la exposici\u00f3n: \u00abVillae. Vida y producci\u00f3n rural en el sureste de Hispania\u00bb &#8211; Museo Arqueol\u00f3gico de Murcia","datePublished":"2019-03-04T11:10:54+00:00","dateModified":"2021-05-12T18:12:14+00:00","mainEntityOfPage":{"@id":"https:\/\/mula.es\/web\/inauguracion-de-la-exposicion-villae-vida-y-produccion-rural-en-el-sureste-de-hispania-museo-arqueologico-de-murcia\/"},"wordCount":424,"image":{"@id":"https:\/\/mula.es\/web\/inauguracion-de-la-exposicion-villae-vida-y-produccion-rural-en-el-sureste-de-hispania-museo-arqueologico-de-murcia\/#primaryimage"},"thumbnailUrl":"https:\/\/mula.es\/web\/wp-content\/uploads\/2019\/03\/logo_villae.jpg","keywords":["los villaricos","villa romana"],"articleSection":["arqueolog\u00eda"],"inLanguage":"es"},{"@type":"WebPage","@id":"https:\/\/mula.es\/web\/inauguracion-de-la-exposicion-villae-vida-y-produccion-rural-en-el-sureste-de-hispania-museo-arqueologico-de-murcia\/","url":"https:\/\/mula.es\/web\/inauguracion-de-la-exposicion-villae-vida-y-produccion-rural-en-el-sureste-de-hispania-museo-arqueologico-de-murcia\/","name":"Inauguraci\u00f3n de la exposici\u00f3n: \"Villae. Vida y producci\u00f3n rural en el sureste de Hispania\" - Museo Arqueol\u00f3gico de Murcia - Ayuntamiento de Mula","isPartOf":{"@id":"https:\/\/mula.es\/web\/#website"},"primaryImageOfPage":{"@id":"https:\/\/mula.es\/web\/inauguracion-de-la-exposicion-villae-vida-y-produccion-rural-en-el-sureste-de-hispania-museo-arqueologico-de-murcia\/#primaryimage"},"image":{"@id":"https:\/\/mula.es\/web\/inauguracion-de-la-exposicion-villae-vida-y-produccion-rural-en-el-sureste-de-hispania-museo-arqueologico-de-murcia\/#primaryimage"},"thumbnailUrl":"https:\/\/mula.es\/web\/wp-content\/uploads\/2019\/03\/logo_villae.jpg","datePublished":"2019-03-04T11:10:54+00:00","dateModified":"2021-05-12T18:12:14+00:00","author":{"@id":"https:\/\/mula.es\/web\/#\/schema\/person\/f8d63bd3ab6e7b025268b909b7ab0771"},"breadcrumb":{"@id":"https:\/\/mula.es\/web\/inauguracion-de-la-exposicion-villae-vida-y-produccion-rural-en-el-sureste-de-hispania-museo-arqueologico-de-murcia\/#breadcrumb"},"inLanguage":"es","potentialAction":[{"@type":"ReadAction","target":["https:\/\/mula.es\/web\/inauguracion-de-la-exposicion-villae-vida-y-produccion-rural-en-el-sureste-de-hispania-museo-arqueologico-de-murcia\/"]}]},{"@type":"ImageObject","inLanguage":"es","@id":"https:\/\/mula.es\/web\/inauguracion-de-la-exposicion-villae-vida-y-produccion-rural-en-el-sureste-de-hispania-museo-arqueologico-de-murcia\/#primaryimage","url":"https:\/\/mula.es\/web\/wp-content\/uploads\/2019\/03\/logo_villae.jpg","contentUrl":"https:\/\/mula.es\/web\/wp-content\/uploads\/2019\/03\/logo_villae.jpg","width":623,"height":1168,"caption":"logo_villae"},{"@type":"BreadcrumbList","@id":"https:\/\/mula.es\/web\/inauguracion-de-la-exposicion-villae-vida-y-produccion-rural-en-el-sureste-de-hispania-museo-arqueologico-de-murcia\/#breadcrumb","itemListElement":[{"@type":"ListItem","position":1,"name":"Portada","item":"https:\/\/mula.es\/web\/"},{"@type":"ListItem","position":2,"name":"Inauguraci\u00f3n de la exposici\u00f3n: \u00abVillae. Vida y producci\u00f3n rural en el sureste de Hispania\u00bb &#8211; Museo Arqueol\u00f3gico de Murcia"}]},{"@type":"WebSite","@id":"https:\/\/mula.es\/web\/#website","url":"https:\/\/mula.es\/web\/","name":"Ayuntamiento de Mula","description":"P\u00e1gina web del Ayuntamiento de Mula (Regi\u00f3n de Murcia)","potentialAction":[{"@type":"SearchAction","target":{"@type":"EntryPoint","urlTemplate":"https:\/\/mula.es\/web\/?s={search_term_string}"},"query-input":{"@type":"PropertyValueSpecification","valueRequired":true,"valueName":"search_term_string"}}],"inLanguage":"es"},{"@type":"Person","@id":"https:\/\/mula.es\/web\/#\/schema\/person\/f8d63bd3ab6e7b025268b909b7ab0771","name":"Rosario Mart\u00ednez","image":{"@type":"ImageObject","inLanguage":"es","@id":"https:\/\/secure.gravatar.com\/avatar\/ce916b980ac93e5b1d36e6068357675d4e089a572ebc8789fcb807c2fb2edfef?s=96&d=mm&r=g","url":"https:\/\/secure.gravatar.com\/avatar\/ce916b980ac93e5b1d36e6068357675d4e089a572ebc8789fcb807c2fb2edfef?s=96&d=mm&r=g","contentUrl":"https:\/\/secure.gravatar.com\/avatar\/ce916b980ac93e5b1d36e6068357675d4e089a572ebc8789fcb807c2fb2edfef?s=96&d=mm&r=g","caption":"Rosario Mart\u00ednez"},"url":"https:\/\/mula.es\/web\/author\/rmartinez\/"}]}},"jetpack_publicize_connections":[],"jetpack_featured_media_url":"https:\/\/mula.es\/web\/wp-content\/uploads\/2019\/03\/logo_villae.jpg","jetpack_sharing_enabled":true,"jetpack_shortlink":"https:\/\/wp.me\/pa9DMY-7y4","jetpack-related-posts":[],"_links":{"self":[{"href":"https:\/\/mula.es\/web\/wp-json\/wp\/v2\/posts\/29020","targetHints":{"allow":["GET"]}}],"collection":[{"href":"https:\/\/mula.es\/web\/wp-json\/wp\/v2\/posts"}],"about":[{"href":"https:\/\/mula.es\/web\/wp-json\/wp\/v2\/types\/post"}],"author":[{"embeddable":true,"href":"https:\/\/mula.es\/web\/wp-json\/wp\/v2\/users\/9"}],"replies":[{"embeddable":true,"href":"https:\/\/mula.es\/web\/wp-json\/wp\/v2\/comments?post=29020"}],"version-history":[{"count":2,"href":"https:\/\/mula.es\/web\/wp-json\/wp\/v2\/posts\/29020\/revisions"}],"predecessor-version":[{"id":39274,"href":"https:\/\/mula.es\/web\/wp-json\/wp\/v2\/posts\/29020\/revisions\/39274"}],"wp:featuredmedia":[{"embeddable":true,"href":"https:\/\/mula.es\/web\/wp-json\/wp\/v2\/media\/29024"}],"wp:attachment":[{"href":"https:\/\/mula.es\/web\/wp-json\/wp\/v2\/media?parent=29020"}],"wp:term":[{"taxonomy":"category","embeddable":true,"href":"https:\/\/mula.es\/web\/wp-json\/wp\/v2\/categories?post=29020"},{"taxonomy":"post_tag","embeddable":true,"href":"https:\/\/mula.es\/web\/wp-json\/wp\/v2\/tags?post=29020"}],"curies":[{"name":"wp","href":"https:\/\/api.w.org\/{rel}","templated":true}]}}