{"id":29396,"date":"2019-04-01T12:44:42","date_gmt":"2019-04-01T10:44:42","guid":{"rendered":"http:\/\/mula.es\/web\/?p=29396"},"modified":"2021-05-12T20:12:02","modified_gmt":"2021-05-12T18:12:02","slug":"exposicion-el-esparto-una-artesania-en-extincion-homenaje-postumo-a-dos-maestros-mulenos-mariano-jimenez-espinosa-y-matias-guillen-espinosa-3-de-abril","status":"publish","type":"post","link":"https:\/\/mula.es\/web\/exposicion-el-esparto-una-artesania-en-extincion-homenaje-postumo-a-dos-maestros-mulenos-mariano-jimenez-espinosa-y-matias-guillen-espinosa-3-de-abril\/","title":{"rendered":"Exposici\u00f3n \u00abEl esparto \u00bfuna artesan\u00eda en extinci\u00f3n? Homenaje p\u00f3stumo a dos maestros mule\u00f1os: Mariano Jim\u00e9nez Espinosa y Mat\u00edas Guill\u00e9n Espinosa &#8211; 3 de abril"},"content":{"rendered":"<p><a href=\"https:\/\/mula.es\/web\/wp-content\/uploads\/2019\/04\/esparto_cigarralejo.jpg\"><img decoding=\"async\" data-attachment-id=\"29397\" data-permalink=\"https:\/\/mula.es\/web\/exposicion-el-esparto-una-artesania-en-extincion-homenaje-postumo-a-dos-maestros-mulenos-mariano-jimenez-espinosa-y-matias-guillen-espinosa-3-de-abril\/esparto_cigarralejo\/\" data-orig-file=\"https:\/\/mula.es\/web\/wp-content\/uploads\/2019\/04\/esparto_cigarralejo.jpg\" data-orig-size=\"2667,1500\" data-comments-opened=\"0\" data-image-meta=\"{&quot;aperture&quot;:&quot;0&quot;,&quot;credit&quot;:&quot;&quot;,&quot;camera&quot;:&quot;&quot;,&quot;caption&quot;:&quot;&quot;,&quot;created_timestamp&quot;:&quot;0&quot;,&quot;copyright&quot;:&quot;&quot;,&quot;focal_length&quot;:&quot;0&quot;,&quot;iso&quot;:&quot;0&quot;,&quot;shutter_speed&quot;:&quot;0&quot;,&quot;title&quot;:&quot;&quot;,&quot;orientation&quot;:&quot;0&quot;}\" data-image-title=\"esparto_cigarralejo\" data-image-description=\"&lt;p&gt;esparto_cigarralejo&lt;\/p&gt;\n\" data-image-caption=\"&lt;p&gt;esparto_cigarralejo&lt;\/p&gt;\n\" data-large-file=\"https:\/\/mula.es\/web\/wp-content\/uploads\/2019\/04\/esparto_cigarralejo-1024x576.jpg\" class=\"size-large wp-image-29397\" src=\"https:\/\/mula.es\/web\/wp-content\/uploads\/2019\/04\/esparto_cigarralejo-1024x576.jpg\" alt=\"esparto_cigarralejo\" width=\"1024\" height=\"576\" srcset=\"https:\/\/mula.es\/web\/wp-content\/uploads\/2019\/04\/esparto_cigarralejo-200x112.jpg 200w, https:\/\/mula.es\/web\/wp-content\/uploads\/2019\/04\/esparto_cigarralejo-300x169.jpg 300w, https:\/\/mula.es\/web\/wp-content\/uploads\/2019\/04\/esparto_cigarralejo-400x225.jpg 400w, https:\/\/mula.es\/web\/wp-content\/uploads\/2019\/04\/esparto_cigarralejo-600x337.jpg 600w, https:\/\/mula.es\/web\/wp-content\/uploads\/2019\/04\/esparto_cigarralejo-768x432.jpg 768w, https:\/\/mula.es\/web\/wp-content\/uploads\/2019\/04\/esparto_cigarralejo-800x450.jpg 800w, https:\/\/mula.es\/web\/wp-content\/uploads\/2019\/04\/esparto_cigarralejo-1024x576.jpg 1024w, https:\/\/mula.es\/web\/wp-content\/uploads\/2019\/04\/esparto_cigarralejo-1200x675.jpg 1200w\" sizes=\"(max-width: 1024px) 100vw, 1024px\" \/><\/a><\/p>\n","protected":false},"excerpt":{"rendered":"","protected":false},"author":9,"featured_media":29277,"comment_status":"closed","ping_status":"closed","sticky":false,"template":"","format":"standard","meta":{"jetpack_post_was_ever_published":false,"_jetpack_newsletter_access":"","_jetpack_dont_email_post_to_subs":false,"_jetpack_newsletter_tier_id":0,"_jetpack_memberships_contains_paywalled_content":false,"_jetpack_memberships_contains_paid_content":false,"footnotes":"","jetpack_publicize_message":"","jetpack_publicize_feature_enabled":true,"jetpack_social_post_already_shared":true,"jetpack_social_options":{"image_generator_settings":{"template":"highway","default_image_id":0,"font":"","enabled":false},"version":2}},"categories":[202],"tags":[],"class_list":["post-29396","post","type-post","status-publish","format-standard","has-post-thumbnail","hentry","category-museo-de-arte-iberico-el-cigarralejo"],"yoast_head":"<!-- This site is optimized with the Yoast SEO plugin v27.5 - https:\/\/yoast.com\/product\/yoast-seo-wordpress\/ -->\n<title>Exposici\u00f3n &quot;El esparto \u00bfuna artesan\u00eda en extinci\u00f3n? Homenaje p\u00f3stumo a dos maestros mule\u00f1os: Mariano Jim\u00e9nez Espinosa y Mat\u00edas Guill\u00e9n Espinosa - 3 de abril - Ayuntamiento de Mula<\/title>\n<meta name=\"robots\" content=\"index, follow, max-snippet:-1, max-image-preview:large, max-video-preview:-1\" \/>\n<link rel=\"canonical\" href=\"https:\/\/mula.es\/web\/exposicion-el-esparto-una-artesania-en-extincion-homenaje-postumo-a-dos-maestros-mulenos-mariano-jimenez-espinosa-y-matias-guillen-espinosa-3-de-abril\/\" \/>\n<meta property=\"og:locale\" content=\"es_ES\" \/>\n<meta property=\"og:type\" content=\"article\" \/>\n<meta property=\"og:title\" content=\"Exposici\u00f3n &quot;El esparto \u00bfuna artesan\u00eda en extinci\u00f3n? Homenaje p\u00f3stumo a dos maestros mule\u00f1os: Mariano Jim\u00e9nez Espinosa y Mat\u00edas Guill\u00e9n Espinosa - 3 de abril - Ayuntamiento de Mula\" \/>\n<meta property=\"og:url\" content=\"https:\/\/mula.es\/web\/exposicion-el-esparto-una-artesania-en-extincion-homenaje-postumo-a-dos-maestros-mulenos-mariano-jimenez-espinosa-y-matias-guillen-espinosa-3-de-abril\/\" \/>\n<meta property=\"og:site_name\" content=\"Ayuntamiento de Mula\" \/>\n<meta property=\"article:published_time\" content=\"2019-04-01T10:44:42+00:00\" \/>\n<meta property=\"article:modified_time\" content=\"2021-05-12T18:12:02+00:00\" \/>\n<meta property=\"og:image\" content=\"https:\/\/i0.wp.com\/mula.es\/web\/wp-content\/uploads\/2019\/03\/cigarralejo.jpg?fit=2040%2C1530&ssl=1\" \/>\n\t<meta property=\"og:image:width\" content=\"2040\" \/>\n\t<meta property=\"og:image:height\" content=\"1530\" \/>\n\t<meta property=\"og:image:type\" content=\"image\/jpeg\" \/>\n<meta name=\"author\" content=\"Rosario Mart\u00ednez\" \/>\n<meta name=\"twitter:card\" content=\"summary_large_image\" \/>\n<meta name=\"twitter:creator\" content=\"@AyuntamientMula\" \/>\n<meta name=\"twitter:site\" content=\"@AyuntamientMula\" \/>\n<meta name=\"twitter:label1\" content=\"Escrito por\" \/>\n\t<meta name=\"twitter:data1\" content=\"Rosario Mart\u00ednez\" \/>\n<script type=\"application\/ld+json\" class=\"yoast-schema-graph\">{\"@context\":\"https:\\\/\\\/schema.org\",\"@graph\":[{\"@type\":\"Article\",\"@id\":\"https:\\\/\\\/mula.es\\\/web\\\/exposicion-el-esparto-una-artesania-en-extincion-homenaje-postumo-a-dos-maestros-mulenos-mariano-jimenez-espinosa-y-matias-guillen-espinosa-3-de-abril\\\/#article\",\"isPartOf\":{\"@id\":\"https:\\\/\\\/mula.es\\\/web\\\/exposicion-el-esparto-una-artesania-en-extincion-homenaje-postumo-a-dos-maestros-mulenos-mariano-jimenez-espinosa-y-matias-guillen-espinosa-3-de-abril\\\/\"},\"author\":{\"name\":\"Rosario Mart\u00ednez\",\"@id\":\"https:\\\/\\\/mula.es\\\/web\\\/#\\\/schema\\\/person\\\/f8d63bd3ab6e7b025268b909b7ab0771\"},\"headline\":\"Exposici\u00f3n \u00abEl esparto \u00bfuna artesan\u00eda en extinci\u00f3n? Homenaje p\u00f3stumo a dos maestros mule\u00f1os: Mariano Jim\u00e9nez Espinosa y Mat\u00edas Guill\u00e9n Espinosa &#8211; 3 de abril\",\"datePublished\":\"2019-04-01T10:44:42+00:00\",\"dateModified\":\"2021-05-12T18:12:02+00:00\",\"mainEntityOfPage\":{\"@id\":\"https:\\\/\\\/mula.es\\\/web\\\/exposicion-el-esparto-una-artesania-en-extincion-homenaje-postumo-a-dos-maestros-mulenos-mariano-jimenez-espinosa-y-matias-guillen-espinosa-3-de-abril\\\/\"},\"wordCount\":31,\"image\":{\"@id\":\"https:\\\/\\\/mula.es\\\/web\\\/exposicion-el-esparto-una-artesania-en-extincion-homenaje-postumo-a-dos-maestros-mulenos-mariano-jimenez-espinosa-y-matias-guillen-espinosa-3-de-abril\\\/#primaryimage\"},\"thumbnailUrl\":\"https:\\\/\\\/mula.es\\\/web\\\/wp-content\\\/uploads\\\/2019\\\/03\\\/cigarralejo.jpg\",\"articleSection\":[\"museo de arte ib\u00e9rico el cigarralejo\"],\"inLanguage\":\"es\"},{\"@type\":\"WebPage\",\"@id\":\"https:\\\/\\\/mula.es\\\/web\\\/exposicion-el-esparto-una-artesania-en-extincion-homenaje-postumo-a-dos-maestros-mulenos-mariano-jimenez-espinosa-y-matias-guillen-espinosa-3-de-abril\\\/\",\"url\":\"https:\\\/\\\/mula.es\\\/web\\\/exposicion-el-esparto-una-artesania-en-extincion-homenaje-postumo-a-dos-maestros-mulenos-mariano-jimenez-espinosa-y-matias-guillen-espinosa-3-de-abril\\\/\",\"name\":\"Exposici\u00f3n \\\"El esparto \u00bfuna artesan\u00eda en extinci\u00f3n? Homenaje p\u00f3stumo a dos maestros mule\u00f1os: Mariano Jim\u00e9nez Espinosa y Mat\u00edas Guill\u00e9n Espinosa - 3 de abril - Ayuntamiento de Mula\",\"isPartOf\":{\"@id\":\"https:\\\/\\\/mula.es\\\/web\\\/#website\"},\"primaryImageOfPage\":{\"@id\":\"https:\\\/\\\/mula.es\\\/web\\\/exposicion-el-esparto-una-artesania-en-extincion-homenaje-postumo-a-dos-maestros-mulenos-mariano-jimenez-espinosa-y-matias-guillen-espinosa-3-de-abril\\\/#primaryimage\"},\"image\":{\"@id\":\"https:\\\/\\\/mula.es\\\/web\\\/exposicion-el-esparto-una-artesania-en-extincion-homenaje-postumo-a-dos-maestros-mulenos-mariano-jimenez-espinosa-y-matias-guillen-espinosa-3-de-abril\\\/#primaryimage\"},\"thumbnailUrl\":\"https:\\\/\\\/mula.es\\\/web\\\/wp-content\\\/uploads\\\/2019\\\/03\\\/cigarralejo.jpg\",\"datePublished\":\"2019-04-01T10:44:42+00:00\",\"dateModified\":\"2021-05-12T18:12:02+00:00\",\"author\":{\"@id\":\"https:\\\/\\\/mula.es\\\/web\\\/#\\\/schema\\\/person\\\/f8d63bd3ab6e7b025268b909b7ab0771\"},\"breadcrumb\":{\"@id\":\"https:\\\/\\\/mula.es\\\/web\\\/exposicion-el-esparto-una-artesania-en-extincion-homenaje-postumo-a-dos-maestros-mulenos-mariano-jimenez-espinosa-y-matias-guillen-espinosa-3-de-abril\\\/#breadcrumb\"},\"inLanguage\":\"es\",\"potentialAction\":[{\"@type\":\"ReadAction\",\"target\":[\"https:\\\/\\\/mula.es\\\/web\\\/exposicion-el-esparto-una-artesania-en-extincion-homenaje-postumo-a-dos-maestros-mulenos-mariano-jimenez-espinosa-y-matias-guillen-espinosa-3-de-abril\\\/\"]}]},{\"@type\":\"ImageObject\",\"inLanguage\":\"es\",\"@id\":\"https:\\\/\\\/mula.es\\\/web\\\/exposicion-el-esparto-una-artesania-en-extincion-homenaje-postumo-a-dos-maestros-mulenos-mariano-jimenez-espinosa-y-matias-guillen-espinosa-3-de-abril\\\/#primaryimage\",\"url\":\"https:\\\/\\\/mula.es\\\/web\\\/wp-content\\\/uploads\\\/2019\\\/03\\\/cigarralejo.jpg\",\"contentUrl\":\"https:\\\/\\\/mula.es\\\/web\\\/wp-content\\\/uploads\\\/2019\\\/03\\\/cigarralejo.jpg\",\"width\":2040,\"height\":1530},{\"@type\":\"BreadcrumbList\",\"@id\":\"https:\\\/\\\/mula.es\\\/web\\\/exposicion-el-esparto-una-artesania-en-extincion-homenaje-postumo-a-dos-maestros-mulenos-mariano-jimenez-espinosa-y-matias-guillen-espinosa-3-de-abril\\\/#breadcrumb\",\"itemListElement\":[{\"@type\":\"ListItem\",\"position\":1,\"name\":\"Portada\",\"item\":\"https:\\\/\\\/mula.es\\\/web\\\/\"},{\"@type\":\"ListItem\",\"position\":2,\"name\":\"Exposici\u00f3n \u00abEl esparto \u00bfuna artesan\u00eda en extinci\u00f3n? Homenaje p\u00f3stumo a dos maestros mule\u00f1os: Mariano Jim\u00e9nez Espinosa y Mat\u00edas Guill\u00e9n Espinosa &#8211; 3 de abril\"}]},{\"@type\":\"WebSite\",\"@id\":\"https:\\\/\\\/mula.es\\\/web\\\/#website\",\"url\":\"https:\\\/\\\/mula.es\\\/web\\\/\",\"name\":\"Ayuntamiento de Mula\",\"description\":\"P\u00e1gina web del Ayuntamiento de Mula (Regi\u00f3n de Murcia)\",\"potentialAction\":[{\"@type\":\"SearchAction\",\"target\":{\"@type\":\"EntryPoint\",\"urlTemplate\":\"https:\\\/\\\/mula.es\\\/web\\\/?s={search_term_string}\"},\"query-input\":{\"@type\":\"PropertyValueSpecification\",\"valueRequired\":true,\"valueName\":\"search_term_string\"}}],\"inLanguage\":\"es\"},{\"@type\":\"Person\",\"@id\":\"https:\\\/\\\/mula.es\\\/web\\\/#\\\/schema\\\/person\\\/f8d63bd3ab6e7b025268b909b7ab0771\",\"name\":\"Rosario Mart\u00ednez\",\"image\":{\"@type\":\"ImageObject\",\"inLanguage\":\"es\",\"@id\":\"https:\\\/\\\/secure.gravatar.com\\\/avatar\\\/ce916b980ac93e5b1d36e6068357675d4e089a572ebc8789fcb807c2fb2edfef?s=96&d=mm&r=g\",\"url\":\"https:\\\/\\\/secure.gravatar.com\\\/avatar\\\/ce916b980ac93e5b1d36e6068357675d4e089a572ebc8789fcb807c2fb2edfef?s=96&d=mm&r=g\",\"contentUrl\":\"https:\\\/\\\/secure.gravatar.com\\\/avatar\\\/ce916b980ac93e5b1d36e6068357675d4e089a572ebc8789fcb807c2fb2edfef?s=96&d=mm&r=g\",\"caption\":\"Rosario Mart\u00ednez\"},\"url\":\"https:\\\/\\\/mula.es\\\/web\\\/author\\\/rmartinez\\\/\"}]}<\/script>\n<!-- \/ Yoast SEO plugin. -->","yoast_head_json":{"title":"Exposici\u00f3n \"El esparto \u00bfuna artesan\u00eda en extinci\u00f3n? Homenaje p\u00f3stumo a dos maestros mule\u00f1os: Mariano Jim\u00e9nez Espinosa y Mat\u00edas Guill\u00e9n Espinosa - 3 de abril - Ayuntamiento de Mula","robots":{"index":"index","follow":"follow","max-snippet":"max-snippet:-1","max-image-preview":"max-image-preview:large","max-video-preview":"max-video-preview:-1"},"canonical":"https:\/\/mula.es\/web\/exposicion-el-esparto-una-artesania-en-extincion-homenaje-postumo-a-dos-maestros-mulenos-mariano-jimenez-espinosa-y-matias-guillen-espinosa-3-de-abril\/","og_locale":"es_ES","og_type":"article","og_title":"Exposici\u00f3n \"El esparto \u00bfuna artesan\u00eda en extinci\u00f3n? Homenaje p\u00f3stumo a dos maestros mule\u00f1os: Mariano Jim\u00e9nez Espinosa y Mat\u00edas Guill\u00e9n Espinosa - 3 de abril - Ayuntamiento de Mula","og_url":"https:\/\/mula.es\/web\/exposicion-el-esparto-una-artesania-en-extincion-homenaje-postumo-a-dos-maestros-mulenos-mariano-jimenez-espinosa-y-matias-guillen-espinosa-3-de-abril\/","og_site_name":"Ayuntamiento de Mula","article_published_time":"2019-04-01T10:44:42+00:00","article_modified_time":"2021-05-12T18:12:02+00:00","og_image":[{"width":2040,"height":1530,"url":"https:\/\/i0.wp.com\/mula.es\/web\/wp-content\/uploads\/2019\/03\/cigarralejo.jpg?fit=2040%2C1530&ssl=1","type":"image\/jpeg"}],"author":"Rosario Mart\u00ednez","twitter_card":"summary_large_image","twitter_creator":"@AyuntamientMula","twitter_site":"@AyuntamientMula","twitter_misc":{"Escrito por":"Rosario Mart\u00ednez"},"schema":{"@context":"https:\/\/schema.org","@graph":[{"@type":"Article","@id":"https:\/\/mula.es\/web\/exposicion-el-esparto-una-artesania-en-extincion-homenaje-postumo-a-dos-maestros-mulenos-mariano-jimenez-espinosa-y-matias-guillen-espinosa-3-de-abril\/#article","isPartOf":{"@id":"https:\/\/mula.es\/web\/exposicion-el-esparto-una-artesania-en-extincion-homenaje-postumo-a-dos-maestros-mulenos-mariano-jimenez-espinosa-y-matias-guillen-espinosa-3-de-abril\/"},"author":{"name":"Rosario Mart\u00ednez","@id":"https:\/\/mula.es\/web\/#\/schema\/person\/f8d63bd3ab6e7b025268b909b7ab0771"},"headline":"Exposici\u00f3n \u00abEl esparto \u00bfuna artesan\u00eda en extinci\u00f3n? Homenaje p\u00f3stumo a dos maestros mule\u00f1os: Mariano Jim\u00e9nez Espinosa y Mat\u00edas Guill\u00e9n Espinosa &#8211; 3 de abril","datePublished":"2019-04-01T10:44:42+00:00","dateModified":"2021-05-12T18:12:02+00:00","mainEntityOfPage":{"@id":"https:\/\/mula.es\/web\/exposicion-el-esparto-una-artesania-en-extincion-homenaje-postumo-a-dos-maestros-mulenos-mariano-jimenez-espinosa-y-matias-guillen-espinosa-3-de-abril\/"},"wordCount":31,"image":{"@id":"https:\/\/mula.es\/web\/exposicion-el-esparto-una-artesania-en-extincion-homenaje-postumo-a-dos-maestros-mulenos-mariano-jimenez-espinosa-y-matias-guillen-espinosa-3-de-abril\/#primaryimage"},"thumbnailUrl":"https:\/\/mula.es\/web\/wp-content\/uploads\/2019\/03\/cigarralejo.jpg","articleSection":["museo de arte ib\u00e9rico el cigarralejo"],"inLanguage":"es"},{"@type":"WebPage","@id":"https:\/\/mula.es\/web\/exposicion-el-esparto-una-artesania-en-extincion-homenaje-postumo-a-dos-maestros-mulenos-mariano-jimenez-espinosa-y-matias-guillen-espinosa-3-de-abril\/","url":"https:\/\/mula.es\/web\/exposicion-el-esparto-una-artesania-en-extincion-homenaje-postumo-a-dos-maestros-mulenos-mariano-jimenez-espinosa-y-matias-guillen-espinosa-3-de-abril\/","name":"Exposici\u00f3n \"El esparto \u00bfuna artesan\u00eda en extinci\u00f3n? Homenaje p\u00f3stumo a dos maestros mule\u00f1os: Mariano Jim\u00e9nez Espinosa y Mat\u00edas Guill\u00e9n Espinosa - 3 de abril - Ayuntamiento de Mula","isPartOf":{"@id":"https:\/\/mula.es\/web\/#website"},"primaryImageOfPage":{"@id":"https:\/\/mula.es\/web\/exposicion-el-esparto-una-artesania-en-extincion-homenaje-postumo-a-dos-maestros-mulenos-mariano-jimenez-espinosa-y-matias-guillen-espinosa-3-de-abril\/#primaryimage"},"image":{"@id":"https:\/\/mula.es\/web\/exposicion-el-esparto-una-artesania-en-extincion-homenaje-postumo-a-dos-maestros-mulenos-mariano-jimenez-espinosa-y-matias-guillen-espinosa-3-de-abril\/#primaryimage"},"thumbnailUrl":"https:\/\/mula.es\/web\/wp-content\/uploads\/2019\/03\/cigarralejo.jpg","datePublished":"2019-04-01T10:44:42+00:00","dateModified":"2021-05-12T18:12:02+00:00","author":{"@id":"https:\/\/mula.es\/web\/#\/schema\/person\/f8d63bd3ab6e7b025268b909b7ab0771"},"breadcrumb":{"@id":"https:\/\/mula.es\/web\/exposicion-el-esparto-una-artesania-en-extincion-homenaje-postumo-a-dos-maestros-mulenos-mariano-jimenez-espinosa-y-matias-guillen-espinosa-3-de-abril\/#breadcrumb"},"inLanguage":"es","potentialAction":[{"@type":"ReadAction","target":["https:\/\/mula.es\/web\/exposicion-el-esparto-una-artesania-en-extincion-homenaje-postumo-a-dos-maestros-mulenos-mariano-jimenez-espinosa-y-matias-guillen-espinosa-3-de-abril\/"]}]},{"@type":"ImageObject","inLanguage":"es","@id":"https:\/\/mula.es\/web\/exposicion-el-esparto-una-artesania-en-extincion-homenaje-postumo-a-dos-maestros-mulenos-mariano-jimenez-espinosa-y-matias-guillen-espinosa-3-de-abril\/#primaryimage","url":"https:\/\/mula.es\/web\/wp-content\/uploads\/2019\/03\/cigarralejo.jpg","contentUrl":"https:\/\/mula.es\/web\/wp-content\/uploads\/2019\/03\/cigarralejo.jpg","width":2040,"height":1530},{"@type":"BreadcrumbList","@id":"https:\/\/mula.es\/web\/exposicion-el-esparto-una-artesania-en-extincion-homenaje-postumo-a-dos-maestros-mulenos-mariano-jimenez-espinosa-y-matias-guillen-espinosa-3-de-abril\/#breadcrumb","itemListElement":[{"@type":"ListItem","position":1,"name":"Portada","item":"https:\/\/mula.es\/web\/"},{"@type":"ListItem","position":2,"name":"Exposici\u00f3n \u00abEl esparto \u00bfuna artesan\u00eda en extinci\u00f3n? Homenaje p\u00f3stumo a dos maestros mule\u00f1os: Mariano Jim\u00e9nez Espinosa y Mat\u00edas Guill\u00e9n Espinosa &#8211; 3 de abril"}]},{"@type":"WebSite","@id":"https:\/\/mula.es\/web\/#website","url":"https:\/\/mula.es\/web\/","name":"Ayuntamiento de Mula","description":"P\u00e1gina web del Ayuntamiento de Mula (Regi\u00f3n de Murcia)","potentialAction":[{"@type":"SearchAction","target":{"@type":"EntryPoint","urlTemplate":"https:\/\/mula.es\/web\/?s={search_term_string}"},"query-input":{"@type":"PropertyValueSpecification","valueRequired":true,"valueName":"search_term_string"}}],"inLanguage":"es"},{"@type":"Person","@id":"https:\/\/mula.es\/web\/#\/schema\/person\/f8d63bd3ab6e7b025268b909b7ab0771","name":"Rosario Mart\u00ednez","image":{"@type":"ImageObject","inLanguage":"es","@id":"https:\/\/secure.gravatar.com\/avatar\/ce916b980ac93e5b1d36e6068357675d4e089a572ebc8789fcb807c2fb2edfef?s=96&d=mm&r=g","url":"https:\/\/secure.gravatar.com\/avatar\/ce916b980ac93e5b1d36e6068357675d4e089a572ebc8789fcb807c2fb2edfef?s=96&d=mm&r=g","contentUrl":"https:\/\/secure.gravatar.com\/avatar\/ce916b980ac93e5b1d36e6068357675d4e089a572ebc8789fcb807c2fb2edfef?s=96&d=mm&r=g","caption":"Rosario Mart\u00ednez"},"url":"https:\/\/mula.es\/web\/author\/rmartinez\/"}]}},"jetpack_publicize_connections":[],"jetpack_featured_media_url":"https:\/\/mula.es\/web\/wp-content\/uploads\/2019\/03\/cigarralejo.jpg","jetpack_sharing_enabled":true,"jetpack_shortlink":"https:\/\/wp.me\/pa9DMY-7E8","jetpack-related-posts":[],"_links":{"self":[{"href":"https:\/\/mula.es\/web\/wp-json\/wp\/v2\/posts\/29396","targetHints":{"allow":["GET"]}}],"collection":[{"href":"https:\/\/mula.es\/web\/wp-json\/wp\/v2\/posts"}],"about":[{"href":"https:\/\/mula.es\/web\/wp-json\/wp\/v2\/types\/post"}],"author":[{"embeddable":true,"href":"https:\/\/mula.es\/web\/wp-json\/wp\/v2\/users\/9"}],"replies":[{"embeddable":true,"href":"https:\/\/mula.es\/web\/wp-json\/wp\/v2\/comments?post=29396"}],"version-history":[{"count":1,"href":"https:\/\/mula.es\/web\/wp-json\/wp\/v2\/posts\/29396\/revisions"}],"predecessor-version":[{"id":29398,"href":"https:\/\/mula.es\/web\/wp-json\/wp\/v2\/posts\/29396\/revisions\/29398"}],"wp:featuredmedia":[{"embeddable":true,"href":"https:\/\/mula.es\/web\/wp-json\/wp\/v2\/media\/29277"}],"wp:attachment":[{"href":"https:\/\/mula.es\/web\/wp-json\/wp\/v2\/media?parent=29396"}],"wp:term":[{"taxonomy":"category","embeddable":true,"href":"https:\/\/mula.es\/web\/wp-json\/wp\/v2\/categories?post=29396"},{"taxonomy":"post_tag","embeddable":true,"href":"https:\/\/mula.es\/web\/wp-json\/wp\/v2\/tags?post=29396"}],"curies":[{"name":"wp","href":"https:\/\/api.w.org\/{rel}","templated":true}]}}