{"id":29795,"date":"2019-05-15T11:35:36","date_gmt":"2019-05-15T09:35:36","guid":{"rendered":"http:\/\/mula.es\/web\/?p=29795"},"modified":"2021-05-12T20:11:54","modified_gmt":"2021-05-12T18:11:54","slug":"el-ayuntamiento-de-mula-ha-solicitado-un-plan-especial-de-rehabilitacion-dentro-del-marco-del-plan-vivienda-2019-2021","status":"publish","type":"post","link":"https:\/\/mula.es\/web\/el-ayuntamiento-de-mula-ha-solicitado-un-plan-especial-de-rehabilitacion-dentro-del-marco-del-plan-vivienda-2019-2021\/","title":{"rendered":"El Ayuntamiento de Mula ha solicitado un Plan Especial de Rehabilitaci\u00f3n dentro del marco del Plan Vivienda 2019-2021"},"content":{"rendered":"<div class=\"fusion-fullwidth fullwidth-box fusion-builder-row-1 fusion-flex-container hundred-percent-fullwidth non-hundred-percent-height-scrolling\" style=\"--awb-border-radius-top-left:0px;--awb-border-radius-top-right:0px;--awb-border-radius-bottom-right:0px;--awb-border-radius-bottom-left:0px;--awb-overflow:visible;--awb-flex-wrap:wrap;\" ><div class=\"fusion-builder-row fusion-row fusion-flex-align-items-flex-start fusion-flex-content-wrap\" style=\"width:calc( 100% + 0px ) !important;max-width:calc( 100% + 0px ) !important;margin-left: calc(-0px \/ 2 );margin-right: calc(-0px \/ 2 );\"><div class=\"fusion-layout-column fusion_builder_column fusion-builder-column-0 fusion_builder_column_1_1 1_1 fusion-flex-column\" style=\"--awb-bg-size:cover;--awb-width-large:100%;--awb-margin-top-large:0px;--awb-spacing-right-large:0px;--awb-margin-bottom-large:20px;--awb-spacing-left-large:0px;--awb-width-medium:100%;--awb-spacing-right-medium:0px;--awb-spacing-left-medium:0px;--awb-width-small:100%;--awb-spacing-right-small:0px;--awb-spacing-left-small:0px;\"><div class=\"fusion-column-wrapper fusion-flex-justify-content-flex-start fusion-content-layout-column\"><div class=\"fusion-text fusion-text-1\"><p style=\"text-align: justify;\">El Ayuntamiento de Mula ha solicitado un Plan Especial de Rehabilitaci\u00f3n dentro del marco del Plan Vivienda 2019-2021.<\/p>\n<p style=\"text-align: justify;\">Este se llamar\u00e1 ARRUR Mula (\u00c1rea de Regeneraci\u00f3n y Renovaci\u00f3n Urbana y Rural de Mula), en el que se contemplan un total de 50 actuaciones, de las cuales 45 estar\u00e1n destinadas a rehabilitaci\u00f3n y el resto a reconstrucci\u00f3n, estas se desarrollar\u00e1n desde el a\u00f1o 2019 hasta el a\u00f1o 2021.<\/p>\n<p style=\"text-align: justify;\">Se estima una inversi\u00f3n total de 1.041.000 \u20ac para el desarrollo y ejecuci\u00f3n del ARRUR Mula.<\/p>\n<p style=\"text-align: justify;\">Las actuaciones subvencionables ser\u00e1n aquellas destinadas al mantenimiento y conservaci\u00f3n, mejora de la accesibilidad y mejora de la eficiencia energ\u00e9tica de inmuebles dentro del \u00e1rea de actuaci\u00f3n.<\/p>\n<p style=\"text-align: justify;\">Las \u00e1reas de actuaci\u00f3n contempladas en el ARRUR Mula, ser\u00e1n el casco antiguo de Mula y las pedan\u00edas, ya que para este nuevo plan se incluyen todas.<\/p>\n<p style=\"text-align: justify;\">Una vez aprobada la solicitud\u00a0 tramitada por el Ayuntamiento de Mula, se crear\u00e1 un punto de informaci\u00f3n desde el cual informar al ciudadano de las subvenciones incluidas dentro del ARRUR Mula.<\/p>\n<\/div><\/div><\/div><\/div><\/div>\n","protected":false},"excerpt":{"rendered":"","protected":false},"author":9,"featured_media":27882,"comment_status":"closed","ping_status":"closed","sticky":false,"template":"","format":"standard","meta":{"jetpack_post_was_ever_published":false,"_jetpack_newsletter_access":"","_jetpack_dont_email_post_to_subs":false,"_jetpack_newsletter_tier_id":0,"_jetpack_memberships_contains_paywalled_content":false,"_jetpack_memberships_contains_paid_content":false,"footnotes":"","jetpack_publicize_message":"","jetpack_publicize_feature_enabled":true,"jetpack_social_post_already_shared":true,"jetpack_social_options":{"image_generator_settings":{"template":"highway","default_image_id":0,"font":"","enabled":false},"version":2}},"categories":[362],"tags":[579,578],"class_list":["post-29795","post","type-post","status-publish","format-standard","has-post-thumbnail","hentry","category-urbanismo","tag-area-de-regeneracion-y-renovacion-urbana-y-rural-de-mula","tag-arrur-mula"],"yoast_head":"<!-- This site is optimized with the Yoast SEO plugin v27.5 - https:\/\/yoast.com\/product\/yoast-seo-wordpress\/ -->\n<title>El Ayuntamiento de Mula ha solicitado un Plan Especial de Rehabilitaci\u00f3n dentro del marco del Plan Vivienda 2019-2021 - Ayuntamiento de Mula<\/title>\n<meta name=\"robots\" content=\"index, follow, max-snippet:-1, max-image-preview:large, max-video-preview:-1\" \/>\n<link rel=\"canonical\" href=\"https:\/\/mula.es\/web\/el-ayuntamiento-de-mula-ha-solicitado-un-plan-especial-de-rehabilitacion-dentro-del-marco-del-plan-vivienda-2019-2021\/\" \/>\n<meta property=\"og:locale\" content=\"es_ES\" \/>\n<meta property=\"og:type\" content=\"article\" \/>\n<meta property=\"og:title\" content=\"El Ayuntamiento de Mula ha solicitado un Plan Especial de Rehabilitaci\u00f3n dentro del marco del Plan Vivienda 2019-2021 - Ayuntamiento de Mula\" \/>\n<meta property=\"og:url\" content=\"https:\/\/mula.es\/web\/el-ayuntamiento-de-mula-ha-solicitado-un-plan-especial-de-rehabilitacion-dentro-del-marco-del-plan-vivienda-2019-2021\/\" \/>\n<meta property=\"og:site_name\" content=\"Ayuntamiento de Mula\" \/>\n<meta property=\"article:published_time\" content=\"2019-05-15T09:35:36+00:00\" \/>\n<meta property=\"article:modified_time\" content=\"2021-05-12T18:11:54+00:00\" \/>\n<meta property=\"og:image\" content=\"https:\/\/i0.wp.com\/mula.es\/web\/wp-content\/uploads\/2018\/10\/logo_plan_vivienda_2_1821.jpg?fit=480%2C326&ssl=1\" \/>\n\t<meta property=\"og:image:width\" content=\"480\" \/>\n\t<meta property=\"og:image:height\" content=\"326\" \/>\n\t<meta property=\"og:image:type\" content=\"image\/jpeg\" \/>\n<meta name=\"author\" content=\"Rosario Mart\u00ednez\" \/>\n<meta name=\"twitter:card\" content=\"summary_large_image\" \/>\n<meta name=\"twitter:creator\" content=\"@AyuntamientMula\" \/>\n<meta name=\"twitter:site\" content=\"@AyuntamientMula\" \/>\n<meta name=\"twitter:label1\" content=\"Escrito por\" \/>\n\t<meta name=\"twitter:data1\" content=\"Rosario Mart\u00ednez\" \/>\n\t<meta name=\"twitter:label2\" content=\"Tiempo de lectura\" \/>\n\t<meta name=\"twitter:data2\" content=\"1 minuto\" \/>\n<script type=\"application\/ld+json\" class=\"yoast-schema-graph\">{\"@context\":\"https:\\\/\\\/schema.org\",\"@graph\":[{\"@type\":\"Article\",\"@id\":\"https:\\\/\\\/mula.es\\\/web\\\/el-ayuntamiento-de-mula-ha-solicitado-un-plan-especial-de-rehabilitacion-dentro-del-marco-del-plan-vivienda-2019-2021\\\/#article\",\"isPartOf\":{\"@id\":\"https:\\\/\\\/mula.es\\\/web\\\/el-ayuntamiento-de-mula-ha-solicitado-un-plan-especial-de-rehabilitacion-dentro-del-marco-del-plan-vivienda-2019-2021\\\/\"},\"author\":{\"name\":\"Rosario Mart\u00ednez\",\"@id\":\"https:\\\/\\\/mula.es\\\/web\\\/#\\\/schema\\\/person\\\/f8d63bd3ab6e7b025268b909b7ab0771\"},\"headline\":\"El Ayuntamiento de Mula ha solicitado un Plan Especial de Rehabilitaci\u00f3n dentro del marco del Plan Vivienda 2019-2021\",\"datePublished\":\"2019-05-15T09:35:36+00:00\",\"dateModified\":\"2021-05-12T18:11:54+00:00\",\"mainEntityOfPage\":{\"@id\":\"https:\\\/\\\/mula.es\\\/web\\\/el-ayuntamiento-de-mula-ha-solicitado-un-plan-especial-de-rehabilitacion-dentro-del-marco-del-plan-vivienda-2019-2021\\\/\"},\"wordCount\":279,\"image\":{\"@id\":\"https:\\\/\\\/mula.es\\\/web\\\/el-ayuntamiento-de-mula-ha-solicitado-un-plan-especial-de-rehabilitacion-dentro-del-marco-del-plan-vivienda-2019-2021\\\/#primaryimage\"},\"thumbnailUrl\":\"https:\\\/\\\/mula.es\\\/web\\\/wp-content\\\/uploads\\\/2018\\\/10\\\/logo_plan_vivienda_2_1821.jpg\",\"keywords\":[\"\u00c1rea de Regeneraci\u00f3n y Renovaci\u00f3n Urbana y Rural de Mula\",\"arrur mula\"],\"articleSection\":[\"urbanismo\"],\"inLanguage\":\"es\"},{\"@type\":\"WebPage\",\"@id\":\"https:\\\/\\\/mula.es\\\/web\\\/el-ayuntamiento-de-mula-ha-solicitado-un-plan-especial-de-rehabilitacion-dentro-del-marco-del-plan-vivienda-2019-2021\\\/\",\"url\":\"https:\\\/\\\/mula.es\\\/web\\\/el-ayuntamiento-de-mula-ha-solicitado-un-plan-especial-de-rehabilitacion-dentro-del-marco-del-plan-vivienda-2019-2021\\\/\",\"name\":\"El Ayuntamiento de Mula ha solicitado un Plan Especial de Rehabilitaci\u00f3n dentro del marco del Plan Vivienda 2019-2021 - Ayuntamiento de Mula\",\"isPartOf\":{\"@id\":\"https:\\\/\\\/mula.es\\\/web\\\/#website\"},\"primaryImageOfPage\":{\"@id\":\"https:\\\/\\\/mula.es\\\/web\\\/el-ayuntamiento-de-mula-ha-solicitado-un-plan-especial-de-rehabilitacion-dentro-del-marco-del-plan-vivienda-2019-2021\\\/#primaryimage\"},\"image\":{\"@id\":\"https:\\\/\\\/mula.es\\\/web\\\/el-ayuntamiento-de-mula-ha-solicitado-un-plan-especial-de-rehabilitacion-dentro-del-marco-del-plan-vivienda-2019-2021\\\/#primaryimage\"},\"thumbnailUrl\":\"https:\\\/\\\/mula.es\\\/web\\\/wp-content\\\/uploads\\\/2018\\\/10\\\/logo_plan_vivienda_2_1821.jpg\",\"datePublished\":\"2019-05-15T09:35:36+00:00\",\"dateModified\":\"2021-05-12T18:11:54+00:00\",\"author\":{\"@id\":\"https:\\\/\\\/mula.es\\\/web\\\/#\\\/schema\\\/person\\\/f8d63bd3ab6e7b025268b909b7ab0771\"},\"breadcrumb\":{\"@id\":\"https:\\\/\\\/mula.es\\\/web\\\/el-ayuntamiento-de-mula-ha-solicitado-un-plan-especial-de-rehabilitacion-dentro-del-marco-del-plan-vivienda-2019-2021\\\/#breadcrumb\"},\"inLanguage\":\"es\",\"potentialAction\":[{\"@type\":\"ReadAction\",\"target\":[\"https:\\\/\\\/mula.es\\\/web\\\/el-ayuntamiento-de-mula-ha-solicitado-un-plan-especial-de-rehabilitacion-dentro-del-marco-del-plan-vivienda-2019-2021\\\/\"]}]},{\"@type\":\"ImageObject\",\"inLanguage\":\"es\",\"@id\":\"https:\\\/\\\/mula.es\\\/web\\\/el-ayuntamiento-de-mula-ha-solicitado-un-plan-especial-de-rehabilitacion-dentro-del-marco-del-plan-vivienda-2019-2021\\\/#primaryimage\",\"url\":\"https:\\\/\\\/mula.es\\\/web\\\/wp-content\\\/uploads\\\/2018\\\/10\\\/logo_plan_vivienda_2_1821.jpg\",\"contentUrl\":\"https:\\\/\\\/mula.es\\\/web\\\/wp-content\\\/uploads\\\/2018\\\/10\\\/logo_plan_vivienda_2_1821.jpg\",\"width\":480,\"height\":326},{\"@type\":\"BreadcrumbList\",\"@id\":\"https:\\\/\\\/mula.es\\\/web\\\/el-ayuntamiento-de-mula-ha-solicitado-un-plan-especial-de-rehabilitacion-dentro-del-marco-del-plan-vivienda-2019-2021\\\/#breadcrumb\",\"itemListElement\":[{\"@type\":\"ListItem\",\"position\":1,\"name\":\"Portada\",\"item\":\"https:\\\/\\\/mula.es\\\/web\\\/\"},{\"@type\":\"ListItem\",\"position\":2,\"name\":\"El Ayuntamiento de Mula ha solicitado un Plan Especial de Rehabilitaci\u00f3n dentro del marco del Plan Vivienda 2019-2021\"}]},{\"@type\":\"WebSite\",\"@id\":\"https:\\\/\\\/mula.es\\\/web\\\/#website\",\"url\":\"https:\\\/\\\/mula.es\\\/web\\\/\",\"name\":\"Ayuntamiento de Mula\",\"description\":\"P\u00e1gina web del Ayuntamiento de Mula (Regi\u00f3n de Murcia)\",\"potentialAction\":[{\"@type\":\"SearchAction\",\"target\":{\"@type\":\"EntryPoint\",\"urlTemplate\":\"https:\\\/\\\/mula.es\\\/web\\\/?s={search_term_string}\"},\"query-input\":{\"@type\":\"PropertyValueSpecification\",\"valueRequired\":true,\"valueName\":\"search_term_string\"}}],\"inLanguage\":\"es\"},{\"@type\":\"Person\",\"@id\":\"https:\\\/\\\/mula.es\\\/web\\\/#\\\/schema\\\/person\\\/f8d63bd3ab6e7b025268b909b7ab0771\",\"name\":\"Rosario Mart\u00ednez\",\"image\":{\"@type\":\"ImageObject\",\"inLanguage\":\"es\",\"@id\":\"https:\\\/\\\/secure.gravatar.com\\\/avatar\\\/ce916b980ac93e5b1d36e6068357675d4e089a572ebc8789fcb807c2fb2edfef?s=96&d=mm&r=g\",\"url\":\"https:\\\/\\\/secure.gravatar.com\\\/avatar\\\/ce916b980ac93e5b1d36e6068357675d4e089a572ebc8789fcb807c2fb2edfef?s=96&d=mm&r=g\",\"contentUrl\":\"https:\\\/\\\/secure.gravatar.com\\\/avatar\\\/ce916b980ac93e5b1d36e6068357675d4e089a572ebc8789fcb807c2fb2edfef?s=96&d=mm&r=g\",\"caption\":\"Rosario Mart\u00ednez\"},\"url\":\"https:\\\/\\\/mula.es\\\/web\\\/author\\\/rmartinez\\\/\"}]}<\/script>\n<!-- \/ Yoast SEO plugin. -->","yoast_head_json":{"title":"El Ayuntamiento de Mula ha solicitado un Plan Especial de Rehabilitaci\u00f3n dentro del marco del Plan Vivienda 2019-2021 - Ayuntamiento de Mula","robots":{"index":"index","follow":"follow","max-snippet":"max-snippet:-1","max-image-preview":"max-image-preview:large","max-video-preview":"max-video-preview:-1"},"canonical":"https:\/\/mula.es\/web\/el-ayuntamiento-de-mula-ha-solicitado-un-plan-especial-de-rehabilitacion-dentro-del-marco-del-plan-vivienda-2019-2021\/","og_locale":"es_ES","og_type":"article","og_title":"El Ayuntamiento de Mula ha solicitado un Plan Especial de Rehabilitaci\u00f3n dentro del marco del Plan Vivienda 2019-2021 - Ayuntamiento de Mula","og_url":"https:\/\/mula.es\/web\/el-ayuntamiento-de-mula-ha-solicitado-un-plan-especial-de-rehabilitacion-dentro-del-marco-del-plan-vivienda-2019-2021\/","og_site_name":"Ayuntamiento de Mula","article_published_time":"2019-05-15T09:35:36+00:00","article_modified_time":"2021-05-12T18:11:54+00:00","og_image":[{"width":480,"height":326,"url":"https:\/\/i0.wp.com\/mula.es\/web\/wp-content\/uploads\/2018\/10\/logo_plan_vivienda_2_1821.jpg?fit=480%2C326&ssl=1","type":"image\/jpeg"}],"author":"Rosario Mart\u00ednez","twitter_card":"summary_large_image","twitter_creator":"@AyuntamientMula","twitter_site":"@AyuntamientMula","twitter_misc":{"Escrito por":"Rosario Mart\u00ednez","Tiempo de lectura":"1 minuto"},"schema":{"@context":"https:\/\/schema.org","@graph":[{"@type":"Article","@id":"https:\/\/mula.es\/web\/el-ayuntamiento-de-mula-ha-solicitado-un-plan-especial-de-rehabilitacion-dentro-del-marco-del-plan-vivienda-2019-2021\/#article","isPartOf":{"@id":"https:\/\/mula.es\/web\/el-ayuntamiento-de-mula-ha-solicitado-un-plan-especial-de-rehabilitacion-dentro-del-marco-del-plan-vivienda-2019-2021\/"},"author":{"name":"Rosario Mart\u00ednez","@id":"https:\/\/mula.es\/web\/#\/schema\/person\/f8d63bd3ab6e7b025268b909b7ab0771"},"headline":"El Ayuntamiento de Mula ha solicitado un Plan Especial de Rehabilitaci\u00f3n dentro del marco del Plan Vivienda 2019-2021","datePublished":"2019-05-15T09:35:36+00:00","dateModified":"2021-05-12T18:11:54+00:00","mainEntityOfPage":{"@id":"https:\/\/mula.es\/web\/el-ayuntamiento-de-mula-ha-solicitado-un-plan-especial-de-rehabilitacion-dentro-del-marco-del-plan-vivienda-2019-2021\/"},"wordCount":279,"image":{"@id":"https:\/\/mula.es\/web\/el-ayuntamiento-de-mula-ha-solicitado-un-plan-especial-de-rehabilitacion-dentro-del-marco-del-plan-vivienda-2019-2021\/#primaryimage"},"thumbnailUrl":"https:\/\/mula.es\/web\/wp-content\/uploads\/2018\/10\/logo_plan_vivienda_2_1821.jpg","keywords":["\u00c1rea de Regeneraci\u00f3n y Renovaci\u00f3n Urbana y Rural de Mula","arrur mula"],"articleSection":["urbanismo"],"inLanguage":"es"},{"@type":"WebPage","@id":"https:\/\/mula.es\/web\/el-ayuntamiento-de-mula-ha-solicitado-un-plan-especial-de-rehabilitacion-dentro-del-marco-del-plan-vivienda-2019-2021\/","url":"https:\/\/mula.es\/web\/el-ayuntamiento-de-mula-ha-solicitado-un-plan-especial-de-rehabilitacion-dentro-del-marco-del-plan-vivienda-2019-2021\/","name":"El Ayuntamiento de Mula ha solicitado un Plan Especial de Rehabilitaci\u00f3n dentro del marco del Plan Vivienda 2019-2021 - Ayuntamiento de Mula","isPartOf":{"@id":"https:\/\/mula.es\/web\/#website"},"primaryImageOfPage":{"@id":"https:\/\/mula.es\/web\/el-ayuntamiento-de-mula-ha-solicitado-un-plan-especial-de-rehabilitacion-dentro-del-marco-del-plan-vivienda-2019-2021\/#primaryimage"},"image":{"@id":"https:\/\/mula.es\/web\/el-ayuntamiento-de-mula-ha-solicitado-un-plan-especial-de-rehabilitacion-dentro-del-marco-del-plan-vivienda-2019-2021\/#primaryimage"},"thumbnailUrl":"https:\/\/mula.es\/web\/wp-content\/uploads\/2018\/10\/logo_plan_vivienda_2_1821.jpg","datePublished":"2019-05-15T09:35:36+00:00","dateModified":"2021-05-12T18:11:54+00:00","author":{"@id":"https:\/\/mula.es\/web\/#\/schema\/person\/f8d63bd3ab6e7b025268b909b7ab0771"},"breadcrumb":{"@id":"https:\/\/mula.es\/web\/el-ayuntamiento-de-mula-ha-solicitado-un-plan-especial-de-rehabilitacion-dentro-del-marco-del-plan-vivienda-2019-2021\/#breadcrumb"},"inLanguage":"es","potentialAction":[{"@type":"ReadAction","target":["https:\/\/mula.es\/web\/el-ayuntamiento-de-mula-ha-solicitado-un-plan-especial-de-rehabilitacion-dentro-del-marco-del-plan-vivienda-2019-2021\/"]}]},{"@type":"ImageObject","inLanguage":"es","@id":"https:\/\/mula.es\/web\/el-ayuntamiento-de-mula-ha-solicitado-un-plan-especial-de-rehabilitacion-dentro-del-marco-del-plan-vivienda-2019-2021\/#primaryimage","url":"https:\/\/mula.es\/web\/wp-content\/uploads\/2018\/10\/logo_plan_vivienda_2_1821.jpg","contentUrl":"https:\/\/mula.es\/web\/wp-content\/uploads\/2018\/10\/logo_plan_vivienda_2_1821.jpg","width":480,"height":326},{"@type":"BreadcrumbList","@id":"https:\/\/mula.es\/web\/el-ayuntamiento-de-mula-ha-solicitado-un-plan-especial-de-rehabilitacion-dentro-del-marco-del-plan-vivienda-2019-2021\/#breadcrumb","itemListElement":[{"@type":"ListItem","position":1,"name":"Portada","item":"https:\/\/mula.es\/web\/"},{"@type":"ListItem","position":2,"name":"El Ayuntamiento de Mula ha solicitado un Plan Especial de Rehabilitaci\u00f3n dentro del marco del Plan Vivienda 2019-2021"}]},{"@type":"WebSite","@id":"https:\/\/mula.es\/web\/#website","url":"https:\/\/mula.es\/web\/","name":"Ayuntamiento de Mula","description":"P\u00e1gina web del Ayuntamiento de Mula (Regi\u00f3n de Murcia)","potentialAction":[{"@type":"SearchAction","target":{"@type":"EntryPoint","urlTemplate":"https:\/\/mula.es\/web\/?s={search_term_string}"},"query-input":{"@type":"PropertyValueSpecification","valueRequired":true,"valueName":"search_term_string"}}],"inLanguage":"es"},{"@type":"Person","@id":"https:\/\/mula.es\/web\/#\/schema\/person\/f8d63bd3ab6e7b025268b909b7ab0771","name":"Rosario Mart\u00ednez","image":{"@type":"ImageObject","inLanguage":"es","@id":"https:\/\/secure.gravatar.com\/avatar\/ce916b980ac93e5b1d36e6068357675d4e089a572ebc8789fcb807c2fb2edfef?s=96&d=mm&r=g","url":"https:\/\/secure.gravatar.com\/avatar\/ce916b980ac93e5b1d36e6068357675d4e089a572ebc8789fcb807c2fb2edfef?s=96&d=mm&r=g","contentUrl":"https:\/\/secure.gravatar.com\/avatar\/ce916b980ac93e5b1d36e6068357675d4e089a572ebc8789fcb807c2fb2edfef?s=96&d=mm&r=g","caption":"Rosario Mart\u00ednez"},"url":"https:\/\/mula.es\/web\/author\/rmartinez\/"}]}},"jetpack_publicize_connections":[],"jetpack_featured_media_url":"https:\/\/mula.es\/web\/wp-content\/uploads\/2018\/10\/logo_plan_vivienda_2_1821.jpg","jetpack_sharing_enabled":true,"jetpack_shortlink":"https:\/\/wp.me\/pa9DMY-7Kz","jetpack-related-posts":[],"_links":{"self":[{"href":"https:\/\/mula.es\/web\/wp-json\/wp\/v2\/posts\/29795","targetHints":{"allow":["GET"]}}],"collection":[{"href":"https:\/\/mula.es\/web\/wp-json\/wp\/v2\/posts"}],"about":[{"href":"https:\/\/mula.es\/web\/wp-json\/wp\/v2\/types\/post"}],"author":[{"embeddable":true,"href":"https:\/\/mula.es\/web\/wp-json\/wp\/v2\/users\/9"}],"replies":[{"embeddable":true,"href":"https:\/\/mula.es\/web\/wp-json\/wp\/v2\/comments?post=29795"}],"version-history":[{"count":2,"href":"https:\/\/mula.es\/web\/wp-json\/wp\/v2\/posts\/29795\/revisions"}],"predecessor-version":[{"id":39197,"href":"https:\/\/mula.es\/web\/wp-json\/wp\/v2\/posts\/29795\/revisions\/39197"}],"wp:featuredmedia":[{"embeddable":true,"href":"https:\/\/mula.es\/web\/wp-json\/wp\/v2\/media\/27882"}],"wp:attachment":[{"href":"https:\/\/mula.es\/web\/wp-json\/wp\/v2\/media?parent=29795"}],"wp:term":[{"taxonomy":"category","embeddable":true,"href":"https:\/\/mula.es\/web\/wp-json\/wp\/v2\/categories?post=29795"},{"taxonomy":"post_tag","embeddable":true,"href":"https:\/\/mula.es\/web\/wp-json\/wp\/v2\/tags?post=29795"}],"curies":[{"name":"wp","href":"https:\/\/api.w.org\/{rel}","templated":true}]}}