{"id":30100,"date":"2019-06-24T08:34:26","date_gmt":"2019-06-24T06:34:26","guid":{"rendered":"http:\/\/mula.es\/web\/?p=30100"},"modified":"2021-05-12T20:11:46","modified_gmt":"2021-05-12T18:11:46","slug":"configuracion-del-nuevo-gobierno-municipal","status":"publish","type":"post","link":"https:\/\/mula.es\/web\/configuracion-del-nuevo-gobierno-municipal\/","title":{"rendered":"Configuraci\u00f3n del nuevo Gobierno Municipal"},"content":{"rendered":"<div class=\"fusion-fullwidth fullwidth-box fusion-builder-row-1 fusion-flex-container hundred-percent-fullwidth non-hundred-percent-height-scrolling\" style=\"--awb-border-radius-top-left:0px;--awb-border-radius-top-right:0px;--awb-border-radius-bottom-right:0px;--awb-border-radius-bottom-left:0px;--awb-overflow:visible;--awb-flex-wrap:wrap;\" ><div class=\"fusion-builder-row fusion-row fusion-flex-align-items-flex-start fusion-flex-content-wrap\" style=\"width:calc( 100% + 0px ) !important;max-width:calc( 100% + 0px ) !important;margin-left: calc(-0px \/ 2 );margin-right: calc(-0px \/ 2 );\"><div class=\"fusion-layout-column fusion_builder_column fusion-builder-column-0 fusion_builder_column_1_1 1_1 fusion-flex-column\" style=\"--awb-bg-size:cover;--awb-width-large:100%;--awb-margin-top-large:0px;--awb-spacing-right-large:0px;--awb-margin-bottom-large:20px;--awb-spacing-left-large:0px;--awb-width-medium:100%;--awb-spacing-right-medium:0px;--awb-spacing-left-medium:0px;--awb-width-small:100%;--awb-spacing-right-small:0px;--awb-spacing-left-small:0px;\"><div class=\"fusion-column-wrapper fusion-flex-justify-content-flex-start fusion-content-layout-column\"><div class=\"fusion-text fusion-text-1\"><p style=\"text-align: justify;\"><span style=\"color: #333333;\"><span style=\"font-size: medium;\">Tras los resultados de las pasadas elecciones locales que dieron al Partido Socialista doces concejales, el alcalde de Mula, Juan Jes\u00fas Moreno, ha firmado el decreto de delegaci\u00f3n de competencias que configura la nueva estructura administrativa del Gobierno Municipal. Juan Jes\u00fas Moreno ha destacado que el Gobierno Local se ha dise\u00f1ado para dar respuesta a los grandes retos que afrontamos a lo largo de esta legislatura: reducci\u00f3n de la deuda, revisi\u00f3n integral del PGOU, desarrollo de suelo industrial, recuperaci\u00f3n de los barrios altos, apertura de la piscina climatizada, nuevo contrato del servicio del agua potable, puesta en valor del patrimonio hist\u00f3rico, lucha contra la despoblaci\u00f3n en pedan\u00edas, etc. Se trata de un gobierno local fuerte, con una distribuci\u00f3n equilibrada, que combina experiencia y renovaci\u00f3n, y que est\u00e1 formado por el mayor n\u00famero de integrantes en la historia democr\u00e1tica del consistorio mule\u00f1o.<\/span><\/span><\/p>\n<p style=\"text-align: justify;\"><span style=\"color: #333333;\"><span style=\"font-size: medium;\"><b>Juan Jes\u00fas Moreno Garc\u00eda<\/b><\/span><\/span><span style=\"color: #333333;\"><span style=\"font-size: medium;\">: Alcalde.<\/span><\/span><\/p>\n<p style=\"text-align: justify;\"><span style=\"color: #333333;\"><span style=\"font-size: medium;\"><b>Francisco Javier Llamazares Gonz\u00e1lez<\/b><\/span><\/span><span style=\"color: #333333;\"><span style=\"font-size: medium;\">: Primer teniente de alcalde y concejal delegado de Urbanismo y Obras P\u00fablicas, Contrataci\u00f3n, Medio Ambiente y Bienestar Animal, Agricultura y Ganader\u00eda.<\/span><\/span><\/p>\n<p style=\"text-align: justify;\"><span style=\"color: #333333;\"><span style=\"font-size: medium;\"><b>Alejandra Mart\u00ednez Garc\u00eda<\/b><\/span><\/span><span style=\"color: #333333;\"><span style=\"font-size: medium;\">: Segunda teniente de alcalde y concejala delegada de Presidencia, Hacienda, Personal y Turismo.<\/span><\/span><\/p>\n<p style=\"text-align: justify;\"><span style=\"color: #333333;\"><span style=\"font-size: medium;\"><b>Vicente L\u00f3pez Rubio<\/b><\/span><\/span><span style=\"color: #333333;\"><span style=\"font-size: medium;\">: Concejal delegado de Servicios Municipales y Mantenimiento, Parques y Jardines, Desarrollo Local y Proyectos Estrat\u00e9gicos, Empleo, Industria y Deportes.<\/span><\/span><\/p>\n<p style=\"text-align: justify;\"><span style=\"color: #333333;\"><span style=\"font-size: medium;\"><b>Antonia Gabarr\u00f3n Alenda<\/b><\/span><\/span><span style=\"color: #333333;\"><span style=\"font-size: medium;\">: Tercera teniente de alcalde y concejala delegada de Pol\u00edtica Social, Sanidad, Familia e Infancia.<\/span><\/span><\/p>\n<p style=\"text-align: justify;\"><span style=\"color: #333333;\"><span style=\"font-size: medium;\"><b>Diego Boluda Buend\u00eda<\/b><\/span><\/span><span style=\"color: #333333;\"><span style=\"font-size: medium;\">: Cuarto teniente de alcalde y concejal delegado de Seguridad Ciudadana, Educaci\u00f3n, Cultura y Patrimonio Hist\u00f3rico.<\/span><\/span><\/p>\n<p style=\"text-align: justify;\"><span style=\"color: #333333;\"><span style=\"font-size: medium;\"><b>Alicia Zapata Ruiz<\/b><\/span><\/span><span style=\"color: #333333;\"><span style=\"font-size: medium;\">: Quinta teniente de alcalde y concejala delegada de Consumo, Comercio, Artesan\u00eda y Festejos.<\/span><\/span><\/p>\n<p style=\"text-align: justify;\"><span style=\"color: #333333;\"><span style=\"font-size: medium;\"><b>Laura Salas Orcajada<\/b><\/span><\/span><span style=\"color: #333333;\"><span style=\"font-size: medium;\">: Concejala delegada de Juventud, Adolescencia y Asociacionismo.<\/span><\/span><\/p>\n<p style=\"text-align: justify;\"><span style=\"color: #333333;\"><span style=\"font-size: medium;\"><b>Pablo Pi\u00f1ero Guti\u00e9rrez<\/b><\/span><\/span><span style=\"color: #333333;\"><span style=\"font-size: medium;\">: Concejal delegado de Tambores y Tercera Edad.<\/span><\/span><\/p>\n<p style=\"text-align: justify;\"><span style=\"color: #333333;\"><span style=\"font-size: medium;\"><b>Pilar Gil Navarro<\/b><\/span><\/span><span style=\"color: #333333;\"><span style=\"font-size: medium;\">: Concejala delegada de Mujer, Igualdad y Calidad de Vida.<\/span><\/span><\/p>\n<p style=\"text-align: justify;\"><span style=\"color: #333333;\"><span style=\"font-size: medium;\"><b>Pedro Aurelio Llamas Jim\u00e9nez<\/b><\/span><\/span><span style=\"color: #333333;\"><span style=\"font-size: medium;\">: Concejal delegado de Tecnolog\u00edas de la Informaci\u00f3n y la Comunicaci\u00f3n, y Transparencia.<\/span><\/span><\/p>\n<p style=\"text-align: justify;\"><span style=\"color: #333333;\"><span style=\"font-size: medium;\"><b>Candelaria Navarro Fern\u00e1ndez<\/b><\/span><\/span><span style=\"color: #333333;\"><span style=\"font-size: medium;\">: Concejala delegada de Pedan\u00edas y Participaci\u00f3n Ciudadana. <\/span><\/span><\/p>\n<p>\u00a0<\/p>\n<\/div><\/div><\/div><\/div><\/div>\n","protected":false},"excerpt":{"rendered":"","protected":false},"author":9,"featured_media":30101,"comment_status":"closed","ping_status":"closed","sticky":false,"template":"","format":"standard","meta":{"jetpack_post_was_ever_published":false,"_jetpack_newsletter_access":"","_jetpack_dont_email_post_to_subs":false,"_jetpack_newsletter_tier_id":0,"_jetpack_memberships_contains_paywalled_content":false,"_jetpack_memberships_contains_paid_content":false,"footnotes":"","jetpack_publicize_message":"","jetpack_publicize_feature_enabled":true,"jetpack_social_post_already_shared":true,"jetpack_social_options":{"image_generator_settings":{"template":"highway","default_image_id":0,"font":"","enabled":false},"version":2}},"categories":[127,530],"tags":[586],"class_list":["post-30100","post","type-post","status-publish","format-standard","has-post-thumbnail","hentry","category-alcalde","category-ayuntamiento","tag-nuevo-gobierno"],"yoast_head":"<!-- This site is optimized with the Yoast SEO plugin v27.5 - https:\/\/yoast.com\/product\/yoast-seo-wordpress\/ -->\n<title>Configuraci\u00f3n del nuevo Gobierno Municipal - Ayuntamiento de Mula<\/title>\n<meta name=\"robots\" content=\"index, follow, max-snippet:-1, max-image-preview:large, max-video-preview:-1\" \/>\n<link rel=\"canonical\" href=\"https:\/\/mula.es\/web\/configuracion-del-nuevo-gobierno-municipal\/\" \/>\n<meta property=\"og:locale\" content=\"es_ES\" \/>\n<meta property=\"og:type\" content=\"article\" \/>\n<meta property=\"og:title\" content=\"Configuraci\u00f3n del nuevo Gobierno Municipal - Ayuntamiento de Mula\" \/>\n<meta property=\"og:url\" content=\"https:\/\/mula.es\/web\/configuracion-del-nuevo-gobierno-municipal\/\" \/>\n<meta property=\"og:site_name\" content=\"Ayuntamiento de Mula\" \/>\n<meta property=\"article:published_time\" content=\"2019-06-24T06:34:26+00:00\" \/>\n<meta property=\"article:modified_time\" content=\"2021-05-12T18:11:46+00:00\" \/>\n<meta property=\"og:image\" content=\"https:\/\/i0.wp.com\/mula.es\/web\/wp-content\/uploads\/2019\/06\/Grupo-Patio.jpg?fit=2048%2C1361&ssl=1\" \/>\n\t<meta property=\"og:image:width\" content=\"2048\" \/>\n\t<meta property=\"og:image:height\" content=\"1361\" \/>\n\t<meta property=\"og:image:type\" content=\"image\/jpeg\" \/>\n<meta name=\"author\" content=\"Rosario Mart\u00ednez\" \/>\n<meta name=\"twitter:card\" content=\"summary_large_image\" \/>\n<meta name=\"twitter:creator\" content=\"@AyuntamientMula\" \/>\n<meta name=\"twitter:site\" content=\"@AyuntamientMula\" \/>\n<meta name=\"twitter:label1\" content=\"Escrito por\" \/>\n\t<meta name=\"twitter:data1\" content=\"Rosario Mart\u00ednez\" \/>\n\t<meta name=\"twitter:label2\" content=\"Tiempo de lectura\" \/>\n\t<meta name=\"twitter:data2\" content=\"2 minutos\" \/>\n<script type=\"application\/ld+json\" class=\"yoast-schema-graph\">{\"@context\":\"https:\\\/\\\/schema.org\",\"@graph\":[{\"@type\":\"Article\",\"@id\":\"https:\\\/\\\/mula.es\\\/web\\\/configuracion-del-nuevo-gobierno-municipal\\\/#article\",\"isPartOf\":{\"@id\":\"https:\\\/\\\/mula.es\\\/web\\\/configuracion-del-nuevo-gobierno-municipal\\\/\"},\"author\":{\"name\":\"Rosario Mart\u00ednez\",\"@id\":\"https:\\\/\\\/mula.es\\\/web\\\/#\\\/schema\\\/person\\\/f8d63bd3ab6e7b025268b909b7ab0771\"},\"headline\":\"Configuraci\u00f3n del nuevo Gobierno Municipal\",\"datePublished\":\"2019-06-24T06:34:26+00:00\",\"dateModified\":\"2021-05-12T18:11:46+00:00\",\"mainEntityOfPage\":{\"@id\":\"https:\\\/\\\/mula.es\\\/web\\\/configuracion-del-nuevo-gobierno-municipal\\\/\"},\"wordCount\":443,\"image\":{\"@id\":\"https:\\\/\\\/mula.es\\\/web\\\/configuracion-del-nuevo-gobierno-municipal\\\/#primaryimage\"},\"thumbnailUrl\":\"https:\\\/\\\/mula.es\\\/web\\\/wp-content\\\/uploads\\\/2019\\\/06\\\/Grupo-Patio.jpg\",\"keywords\":[\"nuevo gobierno\"],\"articleSection\":[\"alcalde\",\"ayuntamiento\"],\"inLanguage\":\"es\"},{\"@type\":\"WebPage\",\"@id\":\"https:\\\/\\\/mula.es\\\/web\\\/configuracion-del-nuevo-gobierno-municipal\\\/\",\"url\":\"https:\\\/\\\/mula.es\\\/web\\\/configuracion-del-nuevo-gobierno-municipal\\\/\",\"name\":\"Configuraci\u00f3n del nuevo Gobierno Municipal - Ayuntamiento de Mula\",\"isPartOf\":{\"@id\":\"https:\\\/\\\/mula.es\\\/web\\\/#website\"},\"primaryImageOfPage\":{\"@id\":\"https:\\\/\\\/mula.es\\\/web\\\/configuracion-del-nuevo-gobierno-municipal\\\/#primaryimage\"},\"image\":{\"@id\":\"https:\\\/\\\/mula.es\\\/web\\\/configuracion-del-nuevo-gobierno-municipal\\\/#primaryimage\"},\"thumbnailUrl\":\"https:\\\/\\\/mula.es\\\/web\\\/wp-content\\\/uploads\\\/2019\\\/06\\\/Grupo-Patio.jpg\",\"datePublished\":\"2019-06-24T06:34:26+00:00\",\"dateModified\":\"2021-05-12T18:11:46+00:00\",\"author\":{\"@id\":\"https:\\\/\\\/mula.es\\\/web\\\/#\\\/schema\\\/person\\\/f8d63bd3ab6e7b025268b909b7ab0771\"},\"breadcrumb\":{\"@id\":\"https:\\\/\\\/mula.es\\\/web\\\/configuracion-del-nuevo-gobierno-municipal\\\/#breadcrumb\"},\"inLanguage\":\"es\",\"potentialAction\":[{\"@type\":\"ReadAction\",\"target\":[\"https:\\\/\\\/mula.es\\\/web\\\/configuracion-del-nuevo-gobierno-municipal\\\/\"]}]},{\"@type\":\"ImageObject\",\"inLanguage\":\"es\",\"@id\":\"https:\\\/\\\/mula.es\\\/web\\\/configuracion-del-nuevo-gobierno-municipal\\\/#primaryimage\",\"url\":\"https:\\\/\\\/mula.es\\\/web\\\/wp-content\\\/uploads\\\/2019\\\/06\\\/Grupo-Patio.jpg\",\"contentUrl\":\"https:\\\/\\\/mula.es\\\/web\\\/wp-content\\\/uploads\\\/2019\\\/06\\\/Grupo-Patio.jpg\",\"width\":2048,\"height\":1361,\"caption\":\"Grupo Patio PSOE\"},{\"@type\":\"BreadcrumbList\",\"@id\":\"https:\\\/\\\/mula.es\\\/web\\\/configuracion-del-nuevo-gobierno-municipal\\\/#breadcrumb\",\"itemListElement\":[{\"@type\":\"ListItem\",\"position\":1,\"name\":\"Portada\",\"item\":\"https:\\\/\\\/mula.es\\\/web\\\/\"},{\"@type\":\"ListItem\",\"position\":2,\"name\":\"Configuraci\u00f3n del nuevo Gobierno Municipal\"}]},{\"@type\":\"WebSite\",\"@id\":\"https:\\\/\\\/mula.es\\\/web\\\/#website\",\"url\":\"https:\\\/\\\/mula.es\\\/web\\\/\",\"name\":\"Ayuntamiento de Mula\",\"description\":\"P\u00e1gina web del Ayuntamiento de Mula (Regi\u00f3n de Murcia)\",\"potentialAction\":[{\"@type\":\"SearchAction\",\"target\":{\"@type\":\"EntryPoint\",\"urlTemplate\":\"https:\\\/\\\/mula.es\\\/web\\\/?s={search_term_string}\"},\"query-input\":{\"@type\":\"PropertyValueSpecification\",\"valueRequired\":true,\"valueName\":\"search_term_string\"}}],\"inLanguage\":\"es\"},{\"@type\":\"Person\",\"@id\":\"https:\\\/\\\/mula.es\\\/web\\\/#\\\/schema\\\/person\\\/f8d63bd3ab6e7b025268b909b7ab0771\",\"name\":\"Rosario Mart\u00ednez\",\"image\":{\"@type\":\"ImageObject\",\"inLanguage\":\"es\",\"@id\":\"https:\\\/\\\/secure.gravatar.com\\\/avatar\\\/ce916b980ac93e5b1d36e6068357675d4e089a572ebc8789fcb807c2fb2edfef?s=96&d=mm&r=g\",\"url\":\"https:\\\/\\\/secure.gravatar.com\\\/avatar\\\/ce916b980ac93e5b1d36e6068357675d4e089a572ebc8789fcb807c2fb2edfef?s=96&d=mm&r=g\",\"contentUrl\":\"https:\\\/\\\/secure.gravatar.com\\\/avatar\\\/ce916b980ac93e5b1d36e6068357675d4e089a572ebc8789fcb807c2fb2edfef?s=96&d=mm&r=g\",\"caption\":\"Rosario Mart\u00ednez\"},\"url\":\"https:\\\/\\\/mula.es\\\/web\\\/author\\\/rmartinez\\\/\"}]}<\/script>\n<!-- \/ Yoast SEO plugin. -->","yoast_head_json":{"title":"Configuraci\u00f3n del nuevo Gobierno Municipal - Ayuntamiento de Mula","robots":{"index":"index","follow":"follow","max-snippet":"max-snippet:-1","max-image-preview":"max-image-preview:large","max-video-preview":"max-video-preview:-1"},"canonical":"https:\/\/mula.es\/web\/configuracion-del-nuevo-gobierno-municipal\/","og_locale":"es_ES","og_type":"article","og_title":"Configuraci\u00f3n del nuevo Gobierno Municipal - Ayuntamiento de Mula","og_url":"https:\/\/mula.es\/web\/configuracion-del-nuevo-gobierno-municipal\/","og_site_name":"Ayuntamiento de Mula","article_published_time":"2019-06-24T06:34:26+00:00","article_modified_time":"2021-05-12T18:11:46+00:00","og_image":[{"width":2048,"height":1361,"url":"https:\/\/i0.wp.com\/mula.es\/web\/wp-content\/uploads\/2019\/06\/Grupo-Patio.jpg?fit=2048%2C1361&ssl=1","type":"image\/jpeg"}],"author":"Rosario Mart\u00ednez","twitter_card":"summary_large_image","twitter_creator":"@AyuntamientMula","twitter_site":"@AyuntamientMula","twitter_misc":{"Escrito por":"Rosario Mart\u00ednez","Tiempo de lectura":"2 minutos"},"schema":{"@context":"https:\/\/schema.org","@graph":[{"@type":"Article","@id":"https:\/\/mula.es\/web\/configuracion-del-nuevo-gobierno-municipal\/#article","isPartOf":{"@id":"https:\/\/mula.es\/web\/configuracion-del-nuevo-gobierno-municipal\/"},"author":{"name":"Rosario Mart\u00ednez","@id":"https:\/\/mula.es\/web\/#\/schema\/person\/f8d63bd3ab6e7b025268b909b7ab0771"},"headline":"Configuraci\u00f3n del nuevo Gobierno Municipal","datePublished":"2019-06-24T06:34:26+00:00","dateModified":"2021-05-12T18:11:46+00:00","mainEntityOfPage":{"@id":"https:\/\/mula.es\/web\/configuracion-del-nuevo-gobierno-municipal\/"},"wordCount":443,"image":{"@id":"https:\/\/mula.es\/web\/configuracion-del-nuevo-gobierno-municipal\/#primaryimage"},"thumbnailUrl":"https:\/\/mula.es\/web\/wp-content\/uploads\/2019\/06\/Grupo-Patio.jpg","keywords":["nuevo gobierno"],"articleSection":["alcalde","ayuntamiento"],"inLanguage":"es"},{"@type":"WebPage","@id":"https:\/\/mula.es\/web\/configuracion-del-nuevo-gobierno-municipal\/","url":"https:\/\/mula.es\/web\/configuracion-del-nuevo-gobierno-municipal\/","name":"Configuraci\u00f3n del nuevo Gobierno Municipal - Ayuntamiento de Mula","isPartOf":{"@id":"https:\/\/mula.es\/web\/#website"},"primaryImageOfPage":{"@id":"https:\/\/mula.es\/web\/configuracion-del-nuevo-gobierno-municipal\/#primaryimage"},"image":{"@id":"https:\/\/mula.es\/web\/configuracion-del-nuevo-gobierno-municipal\/#primaryimage"},"thumbnailUrl":"https:\/\/mula.es\/web\/wp-content\/uploads\/2019\/06\/Grupo-Patio.jpg","datePublished":"2019-06-24T06:34:26+00:00","dateModified":"2021-05-12T18:11:46+00:00","author":{"@id":"https:\/\/mula.es\/web\/#\/schema\/person\/f8d63bd3ab6e7b025268b909b7ab0771"},"breadcrumb":{"@id":"https:\/\/mula.es\/web\/configuracion-del-nuevo-gobierno-municipal\/#breadcrumb"},"inLanguage":"es","potentialAction":[{"@type":"ReadAction","target":["https:\/\/mula.es\/web\/configuracion-del-nuevo-gobierno-municipal\/"]}]},{"@type":"ImageObject","inLanguage":"es","@id":"https:\/\/mula.es\/web\/configuracion-del-nuevo-gobierno-municipal\/#primaryimage","url":"https:\/\/mula.es\/web\/wp-content\/uploads\/2019\/06\/Grupo-Patio.jpg","contentUrl":"https:\/\/mula.es\/web\/wp-content\/uploads\/2019\/06\/Grupo-Patio.jpg","width":2048,"height":1361,"caption":"Grupo Patio PSOE"},{"@type":"BreadcrumbList","@id":"https:\/\/mula.es\/web\/configuracion-del-nuevo-gobierno-municipal\/#breadcrumb","itemListElement":[{"@type":"ListItem","position":1,"name":"Portada","item":"https:\/\/mula.es\/web\/"},{"@type":"ListItem","position":2,"name":"Configuraci\u00f3n del nuevo Gobierno Municipal"}]},{"@type":"WebSite","@id":"https:\/\/mula.es\/web\/#website","url":"https:\/\/mula.es\/web\/","name":"Ayuntamiento de Mula","description":"P\u00e1gina web del Ayuntamiento de Mula (Regi\u00f3n de Murcia)","potentialAction":[{"@type":"SearchAction","target":{"@type":"EntryPoint","urlTemplate":"https:\/\/mula.es\/web\/?s={search_term_string}"},"query-input":{"@type":"PropertyValueSpecification","valueRequired":true,"valueName":"search_term_string"}}],"inLanguage":"es"},{"@type":"Person","@id":"https:\/\/mula.es\/web\/#\/schema\/person\/f8d63bd3ab6e7b025268b909b7ab0771","name":"Rosario Mart\u00ednez","image":{"@type":"ImageObject","inLanguage":"es","@id":"https:\/\/secure.gravatar.com\/avatar\/ce916b980ac93e5b1d36e6068357675d4e089a572ebc8789fcb807c2fb2edfef?s=96&d=mm&r=g","url":"https:\/\/secure.gravatar.com\/avatar\/ce916b980ac93e5b1d36e6068357675d4e089a572ebc8789fcb807c2fb2edfef?s=96&d=mm&r=g","contentUrl":"https:\/\/secure.gravatar.com\/avatar\/ce916b980ac93e5b1d36e6068357675d4e089a572ebc8789fcb807c2fb2edfef?s=96&d=mm&r=g","caption":"Rosario Mart\u00ednez"},"url":"https:\/\/mula.es\/web\/author\/rmartinez\/"}]}},"jetpack_publicize_connections":[],"jetpack_featured_media_url":"https:\/\/mula.es\/web\/wp-content\/uploads\/2019\/06\/Grupo-Patio.jpg","jetpack_sharing_enabled":true,"jetpack_shortlink":"https:\/\/wp.me\/pa9DMY-7Pu","jetpack-related-posts":[],"_links":{"self":[{"href":"https:\/\/mula.es\/web\/wp-json\/wp\/v2\/posts\/30100","targetHints":{"allow":["GET"]}}],"collection":[{"href":"https:\/\/mula.es\/web\/wp-json\/wp\/v2\/posts"}],"about":[{"href":"https:\/\/mula.es\/web\/wp-json\/wp\/v2\/types\/post"}],"author":[{"embeddable":true,"href":"https:\/\/mula.es\/web\/wp-json\/wp\/v2\/users\/9"}],"replies":[{"embeddable":true,"href":"https:\/\/mula.es\/web\/wp-json\/wp\/v2\/comments?post=30100"}],"version-history":[{"count":2,"href":"https:\/\/mula.es\/web\/wp-json\/wp\/v2\/posts\/30100\/revisions"}],"predecessor-version":[{"id":39167,"href":"https:\/\/mula.es\/web\/wp-json\/wp\/v2\/posts\/30100\/revisions\/39167"}],"wp:featuredmedia":[{"embeddable":true,"href":"https:\/\/mula.es\/web\/wp-json\/wp\/v2\/media\/30101"}],"wp:attachment":[{"href":"https:\/\/mula.es\/web\/wp-json\/wp\/v2\/media?parent=30100"}],"wp:term":[{"taxonomy":"category","embeddable":true,"href":"https:\/\/mula.es\/web\/wp-json\/wp\/v2\/categories?post=30100"},{"taxonomy":"post_tag","embeddable":true,"href":"https:\/\/mula.es\/web\/wp-json\/wp\/v2\/tags?post=30100"}],"curies":[{"name":"wp","href":"https:\/\/api.w.org\/{rel}","templated":true}]}}