{"id":30780,"date":"2019-09-13T14:41:44","date_gmt":"2019-09-13T12:41:44","guid":{"rendered":"http:\/\/mula.es\/web\/?p=30780"},"modified":"2021-05-12T20:11:14","modified_gmt":"2021-05-12T18:11:14","slug":"nota-de-prensa-agradecimiento-roja-lluvias","status":"publish","type":"post","link":"https:\/\/mula.es\/web\/nota-de-prensa-agradecimiento-roja-lluvias\/","title":{"rendered":"Nota de prensa: agradecimiento actitud ejemplar alerta roja lluvias"},"content":{"rendered":"<p>Tras las intensas lluvias que han sacudido la Regi\u00f3n de Murcia en estas m\u00e1s de 30 horas de esta hist\u00f3rica alerta roja que hemos padecido, desde el Ayuntamiento de Mula queremos agradecer a todos los mule\u00f1os y mule\u00f1as \u00a0por la actitud ejemplar, colaboraci\u00f3n y cautela mantenida como resultado de las recomendaciones preventivas que desde la Polic\u00eda Local y Protecci\u00f3n Civil se han ido produciendo.<\/p>\n<p>La Ciudad de Mula ha contado con un amplio dispositivo de ret\u00e9n y emergencias que ha ascendido a 79 personas; Polic\u00eda Local, Protecci\u00f3n Civil, personal de Mantenimiento y de Servicios. Queremos mostrar nuestro agradecimiento tanto a los agentes como a personal de servicio que han doblado esfuerzos y \u00a0durante toda la madrugada han estado en constante comunicaci\u00f3n con el alcalde de Mula, con el concejal de Obras y Servicios y con el concejal de Seguridad Ciudadana informando de toda novedad que se iba produciendo.<\/p>\n<p>Agradecer a los medios de comunicaci\u00f3n que, durante esta jornada, han estado informando a la ciudadan\u00eda de todas las novedades, actuaciones y recomendaciones que se iban generando desde el 112 y \u00a0desde el Gobierno Regional como del Municipal.<\/p>\n<p><a href=\"https:\/\/mula.es\/web\/wp-content\/uploads\/2019\/09\/Emergencias-PCivil-Septiembre-2019.jpg\"><img decoding=\"async\" data-attachment-id=\"30781\" data-permalink=\"https:\/\/mula.es\/web\/nota-de-prensa-agradecimiento-roja-lluvias\/emergencias-pcivil-septiembre-2019\/\" data-orig-file=\"https:\/\/mula.es\/web\/wp-content\/uploads\/2019\/09\/Emergencias-PCivil-Septiembre-2019.jpg\" data-orig-size=\"1600,1200\" data-comments-opened=\"0\" data-image-meta=\"{&quot;aperture&quot;:&quot;0&quot;,&quot;credit&quot;:&quot;&quot;,&quot;camera&quot;:&quot;&quot;,&quot;caption&quot;:&quot;&quot;,&quot;created_timestamp&quot;:&quot;0&quot;,&quot;copyright&quot;:&quot;&quot;,&quot;focal_length&quot;:&quot;0&quot;,&quot;iso&quot;:&quot;0&quot;,&quot;shutter_speed&quot;:&quot;0&quot;,&quot;title&quot;:&quot;&quot;,&quot;orientation&quot;:&quot;0&quot;}\" data-image-title=\"Emergencias &amp;#8211; PCivil Septiembre 2019\" data-image-description=\"\" data-image-caption=\"\" data-large-file=\"https:\/\/mula.es\/web\/wp-content\/uploads\/2019\/09\/Emergencias-PCivil-Septiembre-2019-1024x768.jpg\" class=\"aligncenter size-large wp-image-30781\" src=\"https:\/\/mula.es\/web\/wp-content\/uploads\/2019\/09\/Emergencias-PCivil-Septiembre-2019-1024x768.jpg\" alt=\"\" width=\"1024\" height=\"768\" srcset=\"https:\/\/mula.es\/web\/wp-content\/uploads\/2019\/09\/Emergencias-PCivil-Septiembre-2019-200x150.jpg 200w, https:\/\/mula.es\/web\/wp-content\/uploads\/2019\/09\/Emergencias-PCivil-Septiembre-2019-300x225.jpg 300w, https:\/\/mula.es\/web\/wp-content\/uploads\/2019\/09\/Emergencias-PCivil-Septiembre-2019-400x300.jpg 400w, https:\/\/mula.es\/web\/wp-content\/uploads\/2019\/09\/Emergencias-PCivil-Septiembre-2019-600x450.jpg 600w, https:\/\/mula.es\/web\/wp-content\/uploads\/2019\/09\/Emergencias-PCivil-Septiembre-2019-768x576.jpg 768w, https:\/\/mula.es\/web\/wp-content\/uploads\/2019\/09\/Emergencias-PCivil-Septiembre-2019-800x600.jpg 800w, https:\/\/mula.es\/web\/wp-content\/uploads\/2019\/09\/Emergencias-PCivil-Septiembre-2019-1024x768.jpg 1024w, https:\/\/mula.es\/web\/wp-content\/uploads\/2019\/09\/Emergencias-PCivil-Septiembre-2019-1200x900.jpg 1200w, https:\/\/mula.es\/web\/wp-content\/uploads\/2019\/09\/Emergencias-PCivil-Septiembre-2019.jpg 1600w\" sizes=\"(max-width: 1024px) 100vw, 1024px\" \/><\/a><\/p>\n","protected":false},"excerpt":{"rendered":"<p>Tras las intensas lluvias que han sacudido la Regi\u00f3n de Murcia en estas m\u00e1s de 30 horas de esta hist\u00f3rica alerta roja que hemos padecido, desde el Ayuntamiento de Mula queremos agradecer a todos los mule\u00f1os y mule\u00f1as \u00a0por la actitud ejemplar, colaboraci\u00f3n y cautela mantenida como resultado de las recomendaciones preventivas que desde la  [&#8230;]<\/p>\n","protected":false},"author":1,"featured_media":15914,"comment_status":"closed","ping_status":"closed","sticky":false,"template":"","format":"standard","meta":{"jetpack_post_was_ever_published":false,"_jetpack_newsletter_access":"","_jetpack_dont_email_post_to_subs":false,"_jetpack_newsletter_tier_id":0,"_jetpack_memberships_contains_paywalled_content":false,"_jetpack_memberships_contains_paid_content":false,"footnotes":"","jetpack_publicize_message":"","jetpack_publicize_feature_enabled":true,"jetpack_social_post_already_shared":true,"jetpack_social_options":{"image_generator_settings":{"template":"highway","default_image_id":0,"font":"","enabled":false},"version":2}},"categories":[127,603,130,544],"tags":[],"class_list":["post-30780","post","type-post","status-publish","format-standard","has-post-thumbnail","hentry","category-alcalde","category-emergencias","category-seguridad-ciudadana","category-servicios"],"yoast_head":"<!-- This site is optimized with the Yoast SEO plugin v27.5 - https:\/\/yoast.com\/product\/yoast-seo-wordpress\/ -->\n<title>Nota de prensa: agradecimiento actitud ejemplar alerta roja lluvias - Ayuntamiento de Mula<\/title>\n<meta name=\"robots\" content=\"index, follow, max-snippet:-1, max-image-preview:large, max-video-preview:-1\" \/>\n<link rel=\"canonical\" href=\"https:\/\/mula.es\/web\/nota-de-prensa-agradecimiento-roja-lluvias\/\" \/>\n<meta property=\"og:locale\" content=\"es_ES\" \/>\n<meta property=\"og:type\" content=\"article\" \/>\n<meta property=\"og:title\" content=\"Nota de prensa: agradecimiento actitud ejemplar alerta roja lluvias - Ayuntamiento de Mula\" \/>\n<meta property=\"og:description\" content=\"Tras las intensas lluvias que han sacudido la Regi\u00f3n de Murcia en estas m\u00e1s de 30 horas de esta hist\u00f3rica alerta roja que hemos padecido, desde el Ayuntamiento de Mula queremos agradecer a todos los mule\u00f1os y mule\u00f1as \u00a0por la actitud ejemplar, colaboraci\u00f3n y cautela mantenida como resultado de las recomendaciones preventivas que desde la [...]\" \/>\n<meta property=\"og:url\" content=\"https:\/\/mula.es\/web\/nota-de-prensa-agradecimiento-roja-lluvias\/\" \/>\n<meta property=\"og:site_name\" content=\"Ayuntamiento de Mula\" \/>\n<meta property=\"article:published_time\" content=\"2019-09-13T12:41:44+00:00\" \/>\n<meta property=\"article:modified_time\" content=\"2021-05-12T18:11:14+00:00\" \/>\n<meta property=\"og:image\" content=\"https:\/\/i0.wp.com\/mula.es\/web\/wp-content\/uploads\/2016\/04\/escudo_ayto-1.png?fit=91%2C98&ssl=1\" \/>\n\t<meta property=\"og:image:width\" content=\"91\" \/>\n\t<meta property=\"og:image:height\" content=\"98\" \/>\n\t<meta property=\"og:image:type\" content=\"image\/png\" \/>\n<meta name=\"author\" content=\"admin\" \/>\n<meta name=\"twitter:card\" content=\"summary_large_image\" \/>\n<meta name=\"twitter:creator\" content=\"@AyuntamientMula\" \/>\n<meta name=\"twitter:site\" content=\"@AyuntamientMula\" \/>\n<meta name=\"twitter:label1\" content=\"Escrito por\" \/>\n\t<meta name=\"twitter:data1\" content=\"admin\" \/>\n\t<meta name=\"twitter:label2\" content=\"Tiempo de lectura\" \/>\n\t<meta name=\"twitter:data2\" content=\"1 minuto\" \/>\n<script type=\"application\/ld+json\" class=\"yoast-schema-graph\">{\"@context\":\"https:\\\/\\\/schema.org\",\"@graph\":[{\"@type\":\"Article\",\"@id\":\"https:\\\/\\\/mula.es\\\/web\\\/nota-de-prensa-agradecimiento-roja-lluvias\\\/#article\",\"isPartOf\":{\"@id\":\"https:\\\/\\\/mula.es\\\/web\\\/nota-de-prensa-agradecimiento-roja-lluvias\\\/\"},\"author\":{\"name\":\"admin\",\"@id\":\"https:\\\/\\\/mula.es\\\/web\\\/#\\\/schema\\\/person\\\/a0dbffe9f4a3ed4aaebedcfef02f71a1\"},\"headline\":\"Nota de prensa: agradecimiento actitud ejemplar alerta roja lluvias\",\"datePublished\":\"2019-09-13T12:41:44+00:00\",\"dateModified\":\"2021-05-12T18:11:14+00:00\",\"mainEntityOfPage\":{\"@id\":\"https:\\\/\\\/mula.es\\\/web\\\/nota-de-prensa-agradecimiento-roja-lluvias\\\/\"},\"wordCount\":206,\"image\":{\"@id\":\"https:\\\/\\\/mula.es\\\/web\\\/nota-de-prensa-agradecimiento-roja-lluvias\\\/#primaryimage\"},\"thumbnailUrl\":\"https:\\\/\\\/mula.es\\\/web\\\/wp-content\\\/uploads\\\/2016\\\/04\\\/escudo_ayto-1.png\",\"articleSection\":[\"alcalde\",\"emergencias\",\"seguridad ciudadana\",\"servicios\"],\"inLanguage\":\"es\"},{\"@type\":\"WebPage\",\"@id\":\"https:\\\/\\\/mula.es\\\/web\\\/nota-de-prensa-agradecimiento-roja-lluvias\\\/\",\"url\":\"https:\\\/\\\/mula.es\\\/web\\\/nota-de-prensa-agradecimiento-roja-lluvias\\\/\",\"name\":\"Nota de prensa: agradecimiento actitud ejemplar alerta roja lluvias - Ayuntamiento de Mula\",\"isPartOf\":{\"@id\":\"https:\\\/\\\/mula.es\\\/web\\\/#website\"},\"primaryImageOfPage\":{\"@id\":\"https:\\\/\\\/mula.es\\\/web\\\/nota-de-prensa-agradecimiento-roja-lluvias\\\/#primaryimage\"},\"image\":{\"@id\":\"https:\\\/\\\/mula.es\\\/web\\\/nota-de-prensa-agradecimiento-roja-lluvias\\\/#primaryimage\"},\"thumbnailUrl\":\"https:\\\/\\\/mula.es\\\/web\\\/wp-content\\\/uploads\\\/2016\\\/04\\\/escudo_ayto-1.png\",\"datePublished\":\"2019-09-13T12:41:44+00:00\",\"dateModified\":\"2021-05-12T18:11:14+00:00\",\"author\":{\"@id\":\"https:\\\/\\\/mula.es\\\/web\\\/#\\\/schema\\\/person\\\/a0dbffe9f4a3ed4aaebedcfef02f71a1\"},\"breadcrumb\":{\"@id\":\"https:\\\/\\\/mula.es\\\/web\\\/nota-de-prensa-agradecimiento-roja-lluvias\\\/#breadcrumb\"},\"inLanguage\":\"es\",\"potentialAction\":[{\"@type\":\"ReadAction\",\"target\":[\"https:\\\/\\\/mula.es\\\/web\\\/nota-de-prensa-agradecimiento-roja-lluvias\\\/\"]}]},{\"@type\":\"ImageObject\",\"inLanguage\":\"es\",\"@id\":\"https:\\\/\\\/mula.es\\\/web\\\/nota-de-prensa-agradecimiento-roja-lluvias\\\/#primaryimage\",\"url\":\"https:\\\/\\\/mula.es\\\/web\\\/wp-content\\\/uploads\\\/2016\\\/04\\\/escudo_ayto-1.png\",\"contentUrl\":\"https:\\\/\\\/mula.es\\\/web\\\/wp-content\\\/uploads\\\/2016\\\/04\\\/escudo_ayto-1.png\",\"width\":91,\"height\":98,\"caption\":\"escudo ayuntamiento\"},{\"@type\":\"BreadcrumbList\",\"@id\":\"https:\\\/\\\/mula.es\\\/web\\\/nota-de-prensa-agradecimiento-roja-lluvias\\\/#breadcrumb\",\"itemListElement\":[{\"@type\":\"ListItem\",\"position\":1,\"name\":\"Portada\",\"item\":\"https:\\\/\\\/mula.es\\\/web\\\/\"},{\"@type\":\"ListItem\",\"position\":2,\"name\":\"Nota de prensa: agradecimiento actitud ejemplar alerta roja lluvias\"}]},{\"@type\":\"WebSite\",\"@id\":\"https:\\\/\\\/mula.es\\\/web\\\/#website\",\"url\":\"https:\\\/\\\/mula.es\\\/web\\\/\",\"name\":\"Ayuntamiento de Mula\",\"description\":\"P\u00e1gina web del Ayuntamiento de Mula (Regi\u00f3n de Murcia)\",\"potentialAction\":[{\"@type\":\"SearchAction\",\"target\":{\"@type\":\"EntryPoint\",\"urlTemplate\":\"https:\\\/\\\/mula.es\\\/web\\\/?s={search_term_string}\"},\"query-input\":{\"@type\":\"PropertyValueSpecification\",\"valueRequired\":true,\"valueName\":\"search_term_string\"}}],\"inLanguage\":\"es\"},{\"@type\":\"Person\",\"@id\":\"https:\\\/\\\/mula.es\\\/web\\\/#\\\/schema\\\/person\\\/a0dbffe9f4a3ed4aaebedcfef02f71a1\",\"name\":\"admin\",\"image\":{\"@type\":\"ImageObject\",\"inLanguage\":\"es\",\"@id\":\"https:\\\/\\\/secure.gravatar.com\\\/avatar\\\/5423b9cd77f4c7f89a124365a268866f9dfee038c17fe9e37afd92b5920d810e?s=96&d=mm&r=g\",\"url\":\"https:\\\/\\\/secure.gravatar.com\\\/avatar\\\/5423b9cd77f4c7f89a124365a268866f9dfee038c17fe9e37afd92b5920d810e?s=96&d=mm&r=g\",\"contentUrl\":\"https:\\\/\\\/secure.gravatar.com\\\/avatar\\\/5423b9cd77f4c7f89a124365a268866f9dfee038c17fe9e37afd92b5920d810e?s=96&d=mm&r=g\",\"caption\":\"admin\"},\"description\":\"Lorem ipsum dolor sit amet, consectetur adipiscing elit. Nam viverra euismod odio, gravida pellentesque urna varius vitae. Sed dui lorem, adipiscing in adipiscing et, interdum nec metus. Mauris ultricies, justo eu convallis placerat, felis enim ornare nisi, vitae mattis nulla ante id dui. Ut lectus purus, commodo et tincidunt vel, interdum sed lectus. Vestibulum adipiscing tempor nisi id elementi.\",\"url\":\"https:\\\/\\\/mula.es\\\/web\\\/author\\\/jose-maria-boti\\\/\"}]}<\/script>\n<!-- \/ Yoast SEO plugin. -->","yoast_head_json":{"title":"Nota de prensa: agradecimiento actitud ejemplar alerta roja lluvias - Ayuntamiento de Mula","robots":{"index":"index","follow":"follow","max-snippet":"max-snippet:-1","max-image-preview":"max-image-preview:large","max-video-preview":"max-video-preview:-1"},"canonical":"https:\/\/mula.es\/web\/nota-de-prensa-agradecimiento-roja-lluvias\/","og_locale":"es_ES","og_type":"article","og_title":"Nota de prensa: agradecimiento actitud ejemplar alerta roja lluvias - Ayuntamiento de Mula","og_description":"Tras las intensas lluvias que han sacudido la Regi\u00f3n de Murcia en estas m\u00e1s de 30 horas de esta hist\u00f3rica alerta roja que hemos padecido, desde el Ayuntamiento de Mula queremos agradecer a todos los mule\u00f1os y mule\u00f1as \u00a0por la actitud ejemplar, colaboraci\u00f3n y cautela mantenida como resultado de las recomendaciones preventivas que desde la [...]","og_url":"https:\/\/mula.es\/web\/nota-de-prensa-agradecimiento-roja-lluvias\/","og_site_name":"Ayuntamiento de Mula","article_published_time":"2019-09-13T12:41:44+00:00","article_modified_time":"2021-05-12T18:11:14+00:00","og_image":[{"width":91,"height":98,"url":"https:\/\/i0.wp.com\/mula.es\/web\/wp-content\/uploads\/2016\/04\/escudo_ayto-1.png?fit=91%2C98&ssl=1","type":"image\/png"}],"author":"admin","twitter_card":"summary_large_image","twitter_creator":"@AyuntamientMula","twitter_site":"@AyuntamientMula","twitter_misc":{"Escrito por":"admin","Tiempo de lectura":"1 minuto"},"schema":{"@context":"https:\/\/schema.org","@graph":[{"@type":"Article","@id":"https:\/\/mula.es\/web\/nota-de-prensa-agradecimiento-roja-lluvias\/#article","isPartOf":{"@id":"https:\/\/mula.es\/web\/nota-de-prensa-agradecimiento-roja-lluvias\/"},"author":{"name":"admin","@id":"https:\/\/mula.es\/web\/#\/schema\/person\/a0dbffe9f4a3ed4aaebedcfef02f71a1"},"headline":"Nota de prensa: agradecimiento actitud ejemplar alerta roja lluvias","datePublished":"2019-09-13T12:41:44+00:00","dateModified":"2021-05-12T18:11:14+00:00","mainEntityOfPage":{"@id":"https:\/\/mula.es\/web\/nota-de-prensa-agradecimiento-roja-lluvias\/"},"wordCount":206,"image":{"@id":"https:\/\/mula.es\/web\/nota-de-prensa-agradecimiento-roja-lluvias\/#primaryimage"},"thumbnailUrl":"https:\/\/mula.es\/web\/wp-content\/uploads\/2016\/04\/escudo_ayto-1.png","articleSection":["alcalde","emergencias","seguridad ciudadana","servicios"],"inLanguage":"es"},{"@type":"WebPage","@id":"https:\/\/mula.es\/web\/nota-de-prensa-agradecimiento-roja-lluvias\/","url":"https:\/\/mula.es\/web\/nota-de-prensa-agradecimiento-roja-lluvias\/","name":"Nota de prensa: agradecimiento actitud ejemplar alerta roja lluvias - Ayuntamiento de Mula","isPartOf":{"@id":"https:\/\/mula.es\/web\/#website"},"primaryImageOfPage":{"@id":"https:\/\/mula.es\/web\/nota-de-prensa-agradecimiento-roja-lluvias\/#primaryimage"},"image":{"@id":"https:\/\/mula.es\/web\/nota-de-prensa-agradecimiento-roja-lluvias\/#primaryimage"},"thumbnailUrl":"https:\/\/mula.es\/web\/wp-content\/uploads\/2016\/04\/escudo_ayto-1.png","datePublished":"2019-09-13T12:41:44+00:00","dateModified":"2021-05-12T18:11:14+00:00","author":{"@id":"https:\/\/mula.es\/web\/#\/schema\/person\/a0dbffe9f4a3ed4aaebedcfef02f71a1"},"breadcrumb":{"@id":"https:\/\/mula.es\/web\/nota-de-prensa-agradecimiento-roja-lluvias\/#breadcrumb"},"inLanguage":"es","potentialAction":[{"@type":"ReadAction","target":["https:\/\/mula.es\/web\/nota-de-prensa-agradecimiento-roja-lluvias\/"]}]},{"@type":"ImageObject","inLanguage":"es","@id":"https:\/\/mula.es\/web\/nota-de-prensa-agradecimiento-roja-lluvias\/#primaryimage","url":"https:\/\/mula.es\/web\/wp-content\/uploads\/2016\/04\/escudo_ayto-1.png","contentUrl":"https:\/\/mula.es\/web\/wp-content\/uploads\/2016\/04\/escudo_ayto-1.png","width":91,"height":98,"caption":"escudo ayuntamiento"},{"@type":"BreadcrumbList","@id":"https:\/\/mula.es\/web\/nota-de-prensa-agradecimiento-roja-lluvias\/#breadcrumb","itemListElement":[{"@type":"ListItem","position":1,"name":"Portada","item":"https:\/\/mula.es\/web\/"},{"@type":"ListItem","position":2,"name":"Nota de prensa: agradecimiento actitud ejemplar alerta roja lluvias"}]},{"@type":"WebSite","@id":"https:\/\/mula.es\/web\/#website","url":"https:\/\/mula.es\/web\/","name":"Ayuntamiento de Mula","description":"P\u00e1gina web del Ayuntamiento de Mula (Regi\u00f3n de Murcia)","potentialAction":[{"@type":"SearchAction","target":{"@type":"EntryPoint","urlTemplate":"https:\/\/mula.es\/web\/?s={search_term_string}"},"query-input":{"@type":"PropertyValueSpecification","valueRequired":true,"valueName":"search_term_string"}}],"inLanguage":"es"},{"@type":"Person","@id":"https:\/\/mula.es\/web\/#\/schema\/person\/a0dbffe9f4a3ed4aaebedcfef02f71a1","name":"admin","image":{"@type":"ImageObject","inLanguage":"es","@id":"https:\/\/secure.gravatar.com\/avatar\/5423b9cd77f4c7f89a124365a268866f9dfee038c17fe9e37afd92b5920d810e?s=96&d=mm&r=g","url":"https:\/\/secure.gravatar.com\/avatar\/5423b9cd77f4c7f89a124365a268866f9dfee038c17fe9e37afd92b5920d810e?s=96&d=mm&r=g","contentUrl":"https:\/\/secure.gravatar.com\/avatar\/5423b9cd77f4c7f89a124365a268866f9dfee038c17fe9e37afd92b5920d810e?s=96&d=mm&r=g","caption":"admin"},"description":"Lorem ipsum dolor sit amet, consectetur adipiscing elit. Nam viverra euismod odio, gravida pellentesque urna varius vitae. Sed dui lorem, adipiscing in adipiscing et, interdum nec metus. Mauris ultricies, justo eu convallis placerat, felis enim ornare nisi, vitae mattis nulla ante id dui. Ut lectus purus, commodo et tincidunt vel, interdum sed lectus. Vestibulum adipiscing tempor nisi id elementi.","url":"https:\/\/mula.es\/web\/author\/jose-maria-boti\/"}]}},"jetpack_publicize_connections":[],"jetpack_featured_media_url":"https:\/\/mula.es\/web\/wp-content\/uploads\/2016\/04\/escudo_ayto-1.png","jetpack_sharing_enabled":true,"jetpack_shortlink":"https:\/\/wp.me\/pa9DMY-80s","jetpack-related-posts":[],"_links":{"self":[{"href":"https:\/\/mula.es\/web\/wp-json\/wp\/v2\/posts\/30780","targetHints":{"allow":["GET"]}}],"collection":[{"href":"https:\/\/mula.es\/web\/wp-json\/wp\/v2\/posts"}],"about":[{"href":"https:\/\/mula.es\/web\/wp-json\/wp\/v2\/types\/post"}],"author":[{"embeddable":true,"href":"https:\/\/mula.es\/web\/wp-json\/wp\/v2\/users\/1"}],"replies":[{"embeddable":true,"href":"https:\/\/mula.es\/web\/wp-json\/wp\/v2\/comments?post=30780"}],"version-history":[{"count":2,"href":"https:\/\/mula.es\/web\/wp-json\/wp\/v2\/posts\/30780\/revisions"}],"predecessor-version":[{"id":30783,"href":"https:\/\/mula.es\/web\/wp-json\/wp\/v2\/posts\/30780\/revisions\/30783"}],"wp:featuredmedia":[{"embeddable":true,"href":"https:\/\/mula.es\/web\/wp-json\/wp\/v2\/media\/15914"}],"wp:attachment":[{"href":"https:\/\/mula.es\/web\/wp-json\/wp\/v2\/media?parent=30780"}],"wp:term":[{"taxonomy":"category","embeddable":true,"href":"https:\/\/mula.es\/web\/wp-json\/wp\/v2\/categories?post=30780"},{"taxonomy":"post_tag","embeddable":true,"href":"https:\/\/mula.es\/web\/wp-json\/wp\/v2\/tags?post=30780"}],"curies":[{"name":"wp","href":"https:\/\/api.w.org\/{rel}","templated":true}]}}