{"id":31290,"date":"2019-11-06T08:51:00","date_gmt":"2019-11-06T07:51:00","guid":{"rendered":"http:\/\/mula.es\/web\/?p=31290"},"modified":"2021-05-12T20:11:00","modified_gmt":"2021-05-12T18:11:00","slug":"agrupacion-musical-mulena-actividades-culturales-santa-cecilia","status":"publish","type":"post","link":"https:\/\/mula.es\/web\/agrupacion-musical-mulena-actividades-culturales-santa-cecilia\/","title":{"rendered":"Agrupaci\u00f3n Musical Mule\u00f1a: Actividades culturales Santa Cecilia"},"content":{"rendered":"<div class=\"fusion-fullwidth fullwidth-box fusion-builder-row-1 fusion-flex-container hundred-percent-fullwidth non-hundred-percent-height-scrolling\" style=\"--awb-border-radius-top-left:0px;--awb-border-radius-top-right:0px;--awb-border-radius-bottom-right:0px;--awb-border-radius-bottom-left:0px;--awb-overflow:visible;--awb-flex-wrap:wrap;\" ><div class=\"fusion-builder-row fusion-row fusion-flex-align-items-flex-start fusion-flex-content-wrap\" style=\"width:calc( 100% + 0px ) !important;max-width:calc( 100% + 0px ) !important;margin-left: calc(-0px \/ 2 );margin-right: calc(-0px \/ 2 );\"><div class=\"fusion-layout-column fusion_builder_column fusion-builder-column-0 fusion_builder_column_1_1 1_1 fusion-flex-column\" style=\"--awb-bg-size:cover;--awb-width-large:100%;--awb-margin-top-large:0px;--awb-spacing-right-large:0px;--awb-margin-bottom-large:20px;--awb-spacing-left-large:0px;--awb-width-medium:100%;--awb-spacing-right-medium:0px;--awb-spacing-left-medium:0px;--awb-width-small:100%;--awb-spacing-right-small:0px;--awb-spacing-left-small:0px;\"><div class=\"fusion-column-wrapper fusion-flex-justify-content-flex-start fusion-content-layout-column\"><div class=\"fusion-text fusion-text-1\"><p style=\"text-align: justify;\">El mes de noviembre siempre es un muy especial para nosotros.<br \/>\nComo todos los a\u00f1os hemos preparado un calendario de actividades culturales con el objetivo de llevar la m\u00fasica a cada uno de vosotros, que os acerqu\u00e9is, disfrut\u00e9is y aprend\u00e1is un poquito m\u00e1s sobre nuestra pasi\u00f3n.<\/p>\n<p style=\"text-align: justify;\">Adem\u00e1s de las actividades que aqu\u00ed os anunciamos disfrutaremos de nuestro m\u00edtico fin de semana de convivencia.<\/p>\n<p style=\"text-align: justify;\">Como colof\u00f3n final el Concierto de Santa Cecilia 2019, el 23 de noviembre, donde os esperamos a todos con vuestras mejores galas.<\/p>\n<p style=\"text-align: justify;\">Como novedad, este a\u00f1o tendremos el placer de asistir a las primeras Jornadas para el desarrollo de la ley de la M\u00fasica en la Regi\u00f3n de Murcia, el d\u00eda 9 de noviembre en el Palacio Almud\u00ed en la ciudad de Murcia.<\/p>\n<\/div><\/div><\/div><div class=\"fusion-layout-column fusion_builder_column fusion-builder-column-1 fusion_builder_column_1_1 1_1 fusion-flex-column\" style=\"--awb-bg-size:cover;--awb-width-large:100%;--awb-margin-top-large:0px;--awb-spacing-right-large:0px;--awb-margin-bottom-large:20px;--awb-spacing-left-large:0px;--awb-width-medium:100%;--awb-spacing-right-medium:0px;--awb-spacing-left-medium:0px;--awb-width-small:100%;--awb-spacing-right-small:0px;--awb-spacing-left-small:0px;\"><div class=\"fusion-column-wrapper fusion-flex-justify-content-flex-start fusion-content-layout-column\"><div class=\"fusion-image-carousel fusion-image-carousel-auto fusion-image-carousel-1 lightbox-enabled fusion-carousel-border\"><div class=\"awb-carousel awb-swiper awb-swiper-carousel awb-carousel--carousel awb-swiper-dots-position-bottom\" data-layout=\"carousel\" data-autoplay=\"no\" data-autoplayspeed=\"2500\" data-autoplaypause=\"no\" data-loop=\"yes\" data-columns=\"3\" data-columnsmedium=\"1\" data-columnssmall=\"1\" data-itemmargin=\"13\" data-itemwidth=\"180\" data-touchscroll=\"no\" data-freemode=\"no\" data-imagesize=\"auto\" data-scrollitems=\"0\" data-centeredslides=\"no\" data-rotationangle=\"50\" data-depth=\"100\" data-speed=\"500\" data-shadow=\"no\" data-pagination=\"bullets\" style=\"--awb-columns:3;--awb-border-width:1px;--awb-border-color:#e9eaee;\"><div class=\"swiper-wrapper awb-image-carousel-wrapper fusion-flex-align-items-center\"><div class=\"swiper-slide\"><div class=\"fusion-carousel-item-wrapper\"><div class=\"fusion-image-wrapper hover-type-none\"><a data-rel=\"iLightbox[image_carousel_1]\" data-title=\"75323333_3409781632380438_6757512882792955904_o\" aria-label=\"75323333_3409781632380438_6757512882792955904_o\" href=\"https:\/\/mula.es\/web\/wp-content\/uploads\/2019\/11\/75323333_3409781632380438_6757512882792955904_o-819x1024.jpg\" target=\"_self\"><img decoding=\"async\" width=\"997\" height=\"1246\" src=\"https:\/\/mula.es\/web\/wp-content\/uploads\/2019\/11\/75323333_3409781632380438_6757512882792955904_o.jpg\" class=\"attachment-full size-full\" alt=\"\" srcset=\"https:\/\/mula.es\/web\/wp-content\/uploads\/2019\/11\/75323333_3409781632380438_6757512882792955904_o-200x250.jpg 200w, https:\/\/mula.es\/web\/wp-content\/uploads\/2019\/11\/75323333_3409781632380438_6757512882792955904_o-400x500.jpg 400w, https:\/\/mula.es\/web\/wp-content\/uploads\/2019\/11\/75323333_3409781632380438_6757512882792955904_o-600x750.jpg 600w, https:\/\/mula.es\/web\/wp-content\/uploads\/2019\/11\/75323333_3409781632380438_6757512882792955904_o-800x1000.jpg 800w, https:\/\/mula.es\/web\/wp-content\/uploads\/2019\/11\/75323333_3409781632380438_6757512882792955904_o.jpg 997w\" sizes=\"(min-width: 2200px) 100vw, (min-width: 784px) 358px, (min-width: 712px) 537px, (min-width: 640px) 712px, \" data-attachment-id=\"31292\" data-permalink=\"https:\/\/mula.es\/web\/agrupacion-musical-mulena-actividades-culturales-santa-cecilia\/75323333_3409781632380438_6757512882792955904_o\/\" data-orig-file=\"https:\/\/mula.es\/web\/wp-content\/uploads\/2019\/11\/75323333_3409781632380438_6757512882792955904_o.jpg\" data-orig-size=\"997,1246\" data-comments-opened=\"0\" data-image-meta=\"{&quot;aperture&quot;:&quot;0&quot;,&quot;credit&quot;:&quot;&quot;,&quot;camera&quot;:&quot;&quot;,&quot;caption&quot;:&quot;&quot;,&quot;created_timestamp&quot;:&quot;0&quot;,&quot;copyright&quot;:&quot;&quot;,&quot;focal_length&quot;:&quot;0&quot;,&quot;iso&quot;:&quot;0&quot;,&quot;shutter_speed&quot;:&quot;0&quot;,&quot;title&quot;:&quot;&quot;,&quot;orientation&quot;:&quot;0&quot;}\" data-image-title=\"75323333_3409781632380438_6757512882792955904_o\" data-image-description=\"\" data-image-caption=\"\" data-large-file=\"https:\/\/mula.es\/web\/wp-content\/uploads\/2019\/11\/75323333_3409781632380438_6757512882792955904_o-819x1024.jpg\" \/><\/a><\/div><\/div><\/div><div class=\"swiper-slide\"><div class=\"fusion-carousel-item-wrapper\"><div class=\"fusion-image-wrapper hover-type-none\"><a data-rel=\"iLightbox[image_carousel_1]\" data-title=\"75348930_3409781645713770_8851413296197140480_o\" aria-label=\"75348930_3409781645713770_8851413296197140480_o\" href=\"https:\/\/mula.es\/web\/wp-content\/uploads\/2019\/11\/75348930_3409781645713770_8851413296197140480_o-819x1024.jpg\" target=\"_self\"><img decoding=\"async\" width=\"996\" height=\"1245\" src=\"https:\/\/mula.es\/web\/wp-content\/uploads\/2019\/11\/75348930_3409781645713770_8851413296197140480_o.jpg\" class=\"attachment-full size-full\" alt=\"\" srcset=\"https:\/\/mula.es\/web\/wp-content\/uploads\/2019\/11\/75348930_3409781645713770_8851413296197140480_o-200x250.jpg 200w, https:\/\/mula.es\/web\/wp-content\/uploads\/2019\/11\/75348930_3409781645713770_8851413296197140480_o-400x500.jpg 400w, https:\/\/mula.es\/web\/wp-content\/uploads\/2019\/11\/75348930_3409781645713770_8851413296197140480_o-600x750.jpg 600w, https:\/\/mula.es\/web\/wp-content\/uploads\/2019\/11\/75348930_3409781645713770_8851413296197140480_o-800x1000.jpg 800w, https:\/\/mula.es\/web\/wp-content\/uploads\/2019\/11\/75348930_3409781645713770_8851413296197140480_o.jpg 996w\" sizes=\"(min-width: 2200px) 100vw, (min-width: 784px) 358px, (min-width: 712px) 537px, (min-width: 640px) 712px, \" data-attachment-id=\"31293\" data-permalink=\"https:\/\/mula.es\/web\/agrupacion-musical-mulena-actividades-culturales-santa-cecilia\/75348930_3409781645713770_8851413296197140480_o\/\" data-orig-file=\"https:\/\/mula.es\/web\/wp-content\/uploads\/2019\/11\/75348930_3409781645713770_8851413296197140480_o.jpg\" data-orig-size=\"996,1245\" data-comments-opened=\"0\" data-image-meta=\"{&quot;aperture&quot;:&quot;0&quot;,&quot;credit&quot;:&quot;&quot;,&quot;camera&quot;:&quot;&quot;,&quot;caption&quot;:&quot;&quot;,&quot;created_timestamp&quot;:&quot;0&quot;,&quot;copyright&quot;:&quot;&quot;,&quot;focal_length&quot;:&quot;0&quot;,&quot;iso&quot;:&quot;0&quot;,&quot;shutter_speed&quot;:&quot;0&quot;,&quot;title&quot;:&quot;&quot;,&quot;orientation&quot;:&quot;0&quot;}\" data-image-title=\"75348930_3409781645713770_8851413296197140480_o\" data-image-description=\"\" data-image-caption=\"\" data-large-file=\"https:\/\/mula.es\/web\/wp-content\/uploads\/2019\/11\/75348930_3409781645713770_8851413296197140480_o-819x1024.jpg\" \/><\/a><\/div><\/div><\/div><div class=\"swiper-slide\"><div class=\"fusion-carousel-item-wrapper\"><div class=\"fusion-image-wrapper hover-type-none\"><a data-rel=\"iLightbox[image_carousel_1]\" data-title=\"75233824_3409781635713771_3396526074014728192_o (1)\" aria-label=\"75233824_3409781635713771_3396526074014728192_o (1)\" href=\"https:\/\/mula.es\/web\/wp-content\/uploads\/2019\/11\/75233824_3409781635713771_3396526074014728192_o-1-820x1024.jpg\" target=\"_self\"><img decoding=\"async\" width=\"998\" height=\"1247\" src=\"https:\/\/mula.es\/web\/wp-content\/uploads\/2019\/11\/75233824_3409781635713771_3396526074014728192_o-1.jpg\" class=\"attachment-full size-full\" alt=\"\" srcset=\"https:\/\/mula.es\/web\/wp-content\/uploads\/2019\/11\/75233824_3409781635713771_3396526074014728192_o-1-200x250.jpg 200w, https:\/\/mula.es\/web\/wp-content\/uploads\/2019\/11\/75233824_3409781635713771_3396526074014728192_o-1-400x500.jpg 400w, https:\/\/mula.es\/web\/wp-content\/uploads\/2019\/11\/75233824_3409781635713771_3396526074014728192_o-1-600x750.jpg 600w, https:\/\/mula.es\/web\/wp-content\/uploads\/2019\/11\/75233824_3409781635713771_3396526074014728192_o-1-800x1000.jpg 800w, https:\/\/mula.es\/web\/wp-content\/uploads\/2019\/11\/75233824_3409781635713771_3396526074014728192_o-1.jpg 998w\" sizes=\"(min-width: 2200px) 100vw, (min-width: 784px) 358px, (min-width: 712px) 537px, (min-width: 640px) 712px, \" data-attachment-id=\"31294\" data-permalink=\"https:\/\/mula.es\/web\/agrupacion-musical-mulena-actividades-culturales-santa-cecilia\/75233824_3409781635713771_3396526074014728192_o-1\/\" data-orig-file=\"https:\/\/mula.es\/web\/wp-content\/uploads\/2019\/11\/75233824_3409781635713771_3396526074014728192_o-1.jpg\" data-orig-size=\"998,1247\" data-comments-opened=\"0\" data-image-meta=\"{&quot;aperture&quot;:&quot;0&quot;,&quot;credit&quot;:&quot;&quot;,&quot;camera&quot;:&quot;&quot;,&quot;caption&quot;:&quot;&quot;,&quot;created_timestamp&quot;:&quot;0&quot;,&quot;copyright&quot;:&quot;&quot;,&quot;focal_length&quot;:&quot;0&quot;,&quot;iso&quot;:&quot;0&quot;,&quot;shutter_speed&quot;:&quot;0&quot;,&quot;title&quot;:&quot;&quot;,&quot;orientation&quot;:&quot;0&quot;}\" data-image-title=\"75233824_3409781635713771_3396526074014728192_o (1)\" data-image-description=\"\" data-image-caption=\"\" data-large-file=\"https:\/\/mula.es\/web\/wp-content\/uploads\/2019\/11\/75233824_3409781635713771_3396526074014728192_o-1-820x1024.jpg\" \/><\/a><\/div><\/div><\/div><\/div><div class=\"awb-swiper-button awb-swiper-button-prev\"><i class=\"awb-icon-angle-left\" aria-hidden=\"true\"><\/i><\/div><div class=\"awb-swiper-button awb-swiper-button-next\"><i class=\"awb-icon-angle-right\" aria-hidden=\"true\"><\/i><\/div><\/div><\/div><\/div><\/div><\/div><\/div>\n","protected":false},"excerpt":{"rendered":"","protected":false},"author":9,"featured_media":30622,"comment_status":"closed","ping_status":"closed","sticky":false,"template":"","format":"standard","meta":{"jetpack_post_was_ever_published":false,"_jetpack_newsletter_access":"","_jetpack_dont_email_post_to_subs":false,"_jetpack_newsletter_tier_id":0,"_jetpack_memberships_contains_paywalled_content":false,"_jetpack_memberships_contains_paid_content":false,"footnotes":"","jetpack_publicize_message":"","jetpack_publicize_feature_enabled":true,"jetpack_social_post_already_shared":true,"jetpack_social_options":{"image_generator_settings":{"template":"highway","default_image_id":0,"font":"","enabled":false},"version":2}},"categories":[97],"tags":[210,614],"class_list":["post-31290","post","type-post","status-publish","format-standard","has-post-thumbnail","hentry","category-cultura","tag-agrupacion-musical-mulena","tag-santa-cecilia"],"yoast_head":"<!-- This site is optimized with the Yoast SEO plugin v27.5 - https:\/\/yoast.com\/product\/yoast-seo-wordpress\/ -->\n<title>Agrupaci\u00f3n Musical Mule\u00f1a: Actividades culturales Santa Cecilia - Ayuntamiento de Mula<\/title>\n<meta name=\"robots\" content=\"index, follow, max-snippet:-1, max-image-preview:large, max-video-preview:-1\" \/>\n<link rel=\"canonical\" href=\"https:\/\/mula.es\/web\/agrupacion-musical-mulena-actividades-culturales-santa-cecilia\/\" \/>\n<meta property=\"og:locale\" content=\"es_ES\" \/>\n<meta property=\"og:type\" content=\"article\" \/>\n<meta property=\"og:title\" content=\"Agrupaci\u00f3n Musical Mule\u00f1a: Actividades culturales Santa Cecilia - Ayuntamiento de Mula\" \/>\n<meta property=\"og:url\" content=\"https:\/\/mula.es\/web\/agrupacion-musical-mulena-actividades-culturales-santa-cecilia\/\" \/>\n<meta property=\"og:site_name\" content=\"Ayuntamiento de Mula\" \/>\n<meta property=\"article:published_time\" content=\"2019-11-06T07:51:00+00:00\" \/>\n<meta property=\"article:modified_time\" content=\"2021-05-12T18:11:00+00:00\" \/>\n<meta property=\"og:image\" content=\"https:\/\/i0.wp.com\/mula.es\/web\/wp-content\/uploads\/2019\/09\/agrupacion-musical-mule\u00f1a-logo-2019.png?fit=512%2C512&ssl=1\" \/>\n\t<meta property=\"og:image:width\" content=\"512\" \/>\n\t<meta property=\"og:image:height\" content=\"512\" \/>\n\t<meta property=\"og:image:type\" content=\"image\/png\" \/>\n<meta name=\"author\" content=\"Rosario Mart\u00ednez\" \/>\n<meta name=\"twitter:card\" content=\"summary_large_image\" \/>\n<meta name=\"twitter:creator\" content=\"@AyuntamientMula\" \/>\n<meta name=\"twitter:site\" content=\"@AyuntamientMula\" \/>\n<meta name=\"twitter:label1\" content=\"Escrito por\" \/>\n\t<meta name=\"twitter:data1\" content=\"Rosario Mart\u00ednez\" \/>\n\t<meta name=\"twitter:label2\" content=\"Tiempo de lectura\" \/>\n\t<meta name=\"twitter:data2\" content=\"2 minutos\" \/>\n<script type=\"application\/ld+json\" class=\"yoast-schema-graph\">{\"@context\":\"https:\\\/\\\/schema.org\",\"@graph\":[{\"@type\":\"Article\",\"@id\":\"https:\\\/\\\/mula.es\\\/web\\\/agrupacion-musical-mulena-actividades-culturales-santa-cecilia\\\/#article\",\"isPartOf\":{\"@id\":\"https:\\\/\\\/mula.es\\\/web\\\/agrupacion-musical-mulena-actividades-culturales-santa-cecilia\\\/\"},\"author\":{\"name\":\"Rosario Mart\u00ednez\",\"@id\":\"https:\\\/\\\/mula.es\\\/web\\\/#\\\/schema\\\/person\\\/f8d63bd3ab6e7b025268b909b7ab0771\"},\"headline\":\"Agrupaci\u00f3n Musical Mule\u00f1a: Actividades culturales Santa Cecilia\",\"datePublished\":\"2019-11-06T07:51:00+00:00\",\"dateModified\":\"2021-05-12T18:11:00+00:00\",\"mainEntityOfPage\":{\"@id\":\"https:\\\/\\\/mula.es\\\/web\\\/agrupacion-musical-mulena-actividades-culturales-santa-cecilia\\\/\"},\"wordCount\":361,\"image\":{\"@id\":\"https:\\\/\\\/mula.es\\\/web\\\/agrupacion-musical-mulena-actividades-culturales-santa-cecilia\\\/#primaryimage\"},\"thumbnailUrl\":\"https:\\\/\\\/mula.es\\\/web\\\/wp-content\\\/uploads\\\/2019\\\/09\\\/agrupacion-musical-mule\u00f1a-logo-2019.png\",\"keywords\":[\"agrupaci\u00f3n musical mule\u00f1a\",\"santa cecilia\"],\"articleSection\":[\"cultura\"],\"inLanguage\":\"es\"},{\"@type\":\"WebPage\",\"@id\":\"https:\\\/\\\/mula.es\\\/web\\\/agrupacion-musical-mulena-actividades-culturales-santa-cecilia\\\/\",\"url\":\"https:\\\/\\\/mula.es\\\/web\\\/agrupacion-musical-mulena-actividades-culturales-santa-cecilia\\\/\",\"name\":\"Agrupaci\u00f3n Musical Mule\u00f1a: Actividades culturales Santa Cecilia - Ayuntamiento de Mula\",\"isPartOf\":{\"@id\":\"https:\\\/\\\/mula.es\\\/web\\\/#website\"},\"primaryImageOfPage\":{\"@id\":\"https:\\\/\\\/mula.es\\\/web\\\/agrupacion-musical-mulena-actividades-culturales-santa-cecilia\\\/#primaryimage\"},\"image\":{\"@id\":\"https:\\\/\\\/mula.es\\\/web\\\/agrupacion-musical-mulena-actividades-culturales-santa-cecilia\\\/#primaryimage\"},\"thumbnailUrl\":\"https:\\\/\\\/mula.es\\\/web\\\/wp-content\\\/uploads\\\/2019\\\/09\\\/agrupacion-musical-mule\u00f1a-logo-2019.png\",\"datePublished\":\"2019-11-06T07:51:00+00:00\",\"dateModified\":\"2021-05-12T18:11:00+00:00\",\"author\":{\"@id\":\"https:\\\/\\\/mula.es\\\/web\\\/#\\\/schema\\\/person\\\/f8d63bd3ab6e7b025268b909b7ab0771\"},\"breadcrumb\":{\"@id\":\"https:\\\/\\\/mula.es\\\/web\\\/agrupacion-musical-mulena-actividades-culturales-santa-cecilia\\\/#breadcrumb\"},\"inLanguage\":\"es\",\"potentialAction\":[{\"@type\":\"ReadAction\",\"target\":[\"https:\\\/\\\/mula.es\\\/web\\\/agrupacion-musical-mulena-actividades-culturales-santa-cecilia\\\/\"]}]},{\"@type\":\"ImageObject\",\"inLanguage\":\"es\",\"@id\":\"https:\\\/\\\/mula.es\\\/web\\\/agrupacion-musical-mulena-actividades-culturales-santa-cecilia\\\/#primaryimage\",\"url\":\"https:\\\/\\\/mula.es\\\/web\\\/wp-content\\\/uploads\\\/2019\\\/09\\\/agrupacion-musical-mule\u00f1a-logo-2019.png\",\"contentUrl\":\"https:\\\/\\\/mula.es\\\/web\\\/wp-content\\\/uploads\\\/2019\\\/09\\\/agrupacion-musical-mule\u00f1a-logo-2019.png\",\"width\":512,\"height\":512,\"caption\":\"agrupacion musical mule\u00f1a logo 2019\"},{\"@type\":\"BreadcrumbList\",\"@id\":\"https:\\\/\\\/mula.es\\\/web\\\/agrupacion-musical-mulena-actividades-culturales-santa-cecilia\\\/#breadcrumb\",\"itemListElement\":[{\"@type\":\"ListItem\",\"position\":1,\"name\":\"Portada\",\"item\":\"https:\\\/\\\/mula.es\\\/web\\\/\"},{\"@type\":\"ListItem\",\"position\":2,\"name\":\"Agrupaci\u00f3n Musical Mule\u00f1a: Actividades culturales Santa Cecilia\"}]},{\"@type\":\"WebSite\",\"@id\":\"https:\\\/\\\/mula.es\\\/web\\\/#website\",\"url\":\"https:\\\/\\\/mula.es\\\/web\\\/\",\"name\":\"Ayuntamiento de Mula\",\"description\":\"P\u00e1gina web del Ayuntamiento de Mula (Regi\u00f3n de Murcia)\",\"potentialAction\":[{\"@type\":\"SearchAction\",\"target\":{\"@type\":\"EntryPoint\",\"urlTemplate\":\"https:\\\/\\\/mula.es\\\/web\\\/?s={search_term_string}\"},\"query-input\":{\"@type\":\"PropertyValueSpecification\",\"valueRequired\":true,\"valueName\":\"search_term_string\"}}],\"inLanguage\":\"es\"},{\"@type\":\"Person\",\"@id\":\"https:\\\/\\\/mula.es\\\/web\\\/#\\\/schema\\\/person\\\/f8d63bd3ab6e7b025268b909b7ab0771\",\"name\":\"Rosario Mart\u00ednez\",\"image\":{\"@type\":\"ImageObject\",\"inLanguage\":\"es\",\"@id\":\"https:\\\/\\\/secure.gravatar.com\\\/avatar\\\/ce916b980ac93e5b1d36e6068357675d4e089a572ebc8789fcb807c2fb2edfef?s=96&d=mm&r=g\",\"url\":\"https:\\\/\\\/secure.gravatar.com\\\/avatar\\\/ce916b980ac93e5b1d36e6068357675d4e089a572ebc8789fcb807c2fb2edfef?s=96&d=mm&r=g\",\"contentUrl\":\"https:\\\/\\\/secure.gravatar.com\\\/avatar\\\/ce916b980ac93e5b1d36e6068357675d4e089a572ebc8789fcb807c2fb2edfef?s=96&d=mm&r=g\",\"caption\":\"Rosario Mart\u00ednez\"},\"url\":\"https:\\\/\\\/mula.es\\\/web\\\/author\\\/rmartinez\\\/\"}]}<\/script>\n<!-- \/ Yoast SEO plugin. -->","yoast_head_json":{"title":"Agrupaci\u00f3n Musical Mule\u00f1a: Actividades culturales Santa Cecilia - Ayuntamiento de Mula","robots":{"index":"index","follow":"follow","max-snippet":"max-snippet:-1","max-image-preview":"max-image-preview:large","max-video-preview":"max-video-preview:-1"},"canonical":"https:\/\/mula.es\/web\/agrupacion-musical-mulena-actividades-culturales-santa-cecilia\/","og_locale":"es_ES","og_type":"article","og_title":"Agrupaci\u00f3n Musical Mule\u00f1a: Actividades culturales Santa Cecilia - Ayuntamiento de Mula","og_url":"https:\/\/mula.es\/web\/agrupacion-musical-mulena-actividades-culturales-santa-cecilia\/","og_site_name":"Ayuntamiento de Mula","article_published_time":"2019-11-06T07:51:00+00:00","article_modified_time":"2021-05-12T18:11:00+00:00","og_image":[{"width":512,"height":512,"url":"https:\/\/i0.wp.com\/mula.es\/web\/wp-content\/uploads\/2019\/09\/agrupacion-musical-mule\u00f1a-logo-2019.png?fit=512%2C512&ssl=1","type":"image\/png"}],"author":"Rosario Mart\u00ednez","twitter_card":"summary_large_image","twitter_creator":"@AyuntamientMula","twitter_site":"@AyuntamientMula","twitter_misc":{"Escrito por":"Rosario Mart\u00ednez","Tiempo de lectura":"2 minutos"},"schema":{"@context":"https:\/\/schema.org","@graph":[{"@type":"Article","@id":"https:\/\/mula.es\/web\/agrupacion-musical-mulena-actividades-culturales-santa-cecilia\/#article","isPartOf":{"@id":"https:\/\/mula.es\/web\/agrupacion-musical-mulena-actividades-culturales-santa-cecilia\/"},"author":{"name":"Rosario Mart\u00ednez","@id":"https:\/\/mula.es\/web\/#\/schema\/person\/f8d63bd3ab6e7b025268b909b7ab0771"},"headline":"Agrupaci\u00f3n Musical Mule\u00f1a: Actividades culturales Santa Cecilia","datePublished":"2019-11-06T07:51:00+00:00","dateModified":"2021-05-12T18:11:00+00:00","mainEntityOfPage":{"@id":"https:\/\/mula.es\/web\/agrupacion-musical-mulena-actividades-culturales-santa-cecilia\/"},"wordCount":361,"image":{"@id":"https:\/\/mula.es\/web\/agrupacion-musical-mulena-actividades-culturales-santa-cecilia\/#primaryimage"},"thumbnailUrl":"https:\/\/mula.es\/web\/wp-content\/uploads\/2019\/09\/agrupacion-musical-mule\u00f1a-logo-2019.png","keywords":["agrupaci\u00f3n musical mule\u00f1a","santa cecilia"],"articleSection":["cultura"],"inLanguage":"es"},{"@type":"WebPage","@id":"https:\/\/mula.es\/web\/agrupacion-musical-mulena-actividades-culturales-santa-cecilia\/","url":"https:\/\/mula.es\/web\/agrupacion-musical-mulena-actividades-culturales-santa-cecilia\/","name":"Agrupaci\u00f3n Musical Mule\u00f1a: Actividades culturales Santa Cecilia - Ayuntamiento de Mula","isPartOf":{"@id":"https:\/\/mula.es\/web\/#website"},"primaryImageOfPage":{"@id":"https:\/\/mula.es\/web\/agrupacion-musical-mulena-actividades-culturales-santa-cecilia\/#primaryimage"},"image":{"@id":"https:\/\/mula.es\/web\/agrupacion-musical-mulena-actividades-culturales-santa-cecilia\/#primaryimage"},"thumbnailUrl":"https:\/\/mula.es\/web\/wp-content\/uploads\/2019\/09\/agrupacion-musical-mule\u00f1a-logo-2019.png","datePublished":"2019-11-06T07:51:00+00:00","dateModified":"2021-05-12T18:11:00+00:00","author":{"@id":"https:\/\/mula.es\/web\/#\/schema\/person\/f8d63bd3ab6e7b025268b909b7ab0771"},"breadcrumb":{"@id":"https:\/\/mula.es\/web\/agrupacion-musical-mulena-actividades-culturales-santa-cecilia\/#breadcrumb"},"inLanguage":"es","potentialAction":[{"@type":"ReadAction","target":["https:\/\/mula.es\/web\/agrupacion-musical-mulena-actividades-culturales-santa-cecilia\/"]}]},{"@type":"ImageObject","inLanguage":"es","@id":"https:\/\/mula.es\/web\/agrupacion-musical-mulena-actividades-culturales-santa-cecilia\/#primaryimage","url":"https:\/\/mula.es\/web\/wp-content\/uploads\/2019\/09\/agrupacion-musical-mule\u00f1a-logo-2019.png","contentUrl":"https:\/\/mula.es\/web\/wp-content\/uploads\/2019\/09\/agrupacion-musical-mule\u00f1a-logo-2019.png","width":512,"height":512,"caption":"agrupacion musical mule\u00f1a logo 2019"},{"@type":"BreadcrumbList","@id":"https:\/\/mula.es\/web\/agrupacion-musical-mulena-actividades-culturales-santa-cecilia\/#breadcrumb","itemListElement":[{"@type":"ListItem","position":1,"name":"Portada","item":"https:\/\/mula.es\/web\/"},{"@type":"ListItem","position":2,"name":"Agrupaci\u00f3n Musical Mule\u00f1a: Actividades culturales Santa Cecilia"}]},{"@type":"WebSite","@id":"https:\/\/mula.es\/web\/#website","url":"https:\/\/mula.es\/web\/","name":"Ayuntamiento de Mula","description":"P\u00e1gina web del Ayuntamiento de Mula (Regi\u00f3n de Murcia)","potentialAction":[{"@type":"SearchAction","target":{"@type":"EntryPoint","urlTemplate":"https:\/\/mula.es\/web\/?s={search_term_string}"},"query-input":{"@type":"PropertyValueSpecification","valueRequired":true,"valueName":"search_term_string"}}],"inLanguage":"es"},{"@type":"Person","@id":"https:\/\/mula.es\/web\/#\/schema\/person\/f8d63bd3ab6e7b025268b909b7ab0771","name":"Rosario Mart\u00ednez","image":{"@type":"ImageObject","inLanguage":"es","@id":"https:\/\/secure.gravatar.com\/avatar\/ce916b980ac93e5b1d36e6068357675d4e089a572ebc8789fcb807c2fb2edfef?s=96&d=mm&r=g","url":"https:\/\/secure.gravatar.com\/avatar\/ce916b980ac93e5b1d36e6068357675d4e089a572ebc8789fcb807c2fb2edfef?s=96&d=mm&r=g","contentUrl":"https:\/\/secure.gravatar.com\/avatar\/ce916b980ac93e5b1d36e6068357675d4e089a572ebc8789fcb807c2fb2edfef?s=96&d=mm&r=g","caption":"Rosario Mart\u00ednez"},"url":"https:\/\/mula.es\/web\/author\/rmartinez\/"}]}},"jetpack_publicize_connections":[],"jetpack_featured_media_url":"https:\/\/mula.es\/web\/wp-content\/uploads\/2019\/09\/agrupacion-musical-mule\u00f1a-logo-2019.png","jetpack_sharing_enabled":true,"jetpack_shortlink":"https:\/\/wp.me\/pa9DMY-88G","jetpack-related-posts":[],"_links":{"self":[{"href":"https:\/\/mula.es\/web\/wp-json\/wp\/v2\/posts\/31290","targetHints":{"allow":["GET"]}}],"collection":[{"href":"https:\/\/mula.es\/web\/wp-json\/wp\/v2\/posts"}],"about":[{"href":"https:\/\/mula.es\/web\/wp-json\/wp\/v2\/types\/post"}],"author":[{"embeddable":true,"href":"https:\/\/mula.es\/web\/wp-json\/wp\/v2\/users\/9"}],"replies":[{"embeddable":true,"href":"https:\/\/mula.es\/web\/wp-json\/wp\/v2\/comments?post=31290"}],"version-history":[{"count":3,"href":"https:\/\/mula.es\/web\/wp-json\/wp\/v2\/posts\/31290\/revisions"}],"predecessor-version":[{"id":39048,"href":"https:\/\/mula.es\/web\/wp-json\/wp\/v2\/posts\/31290\/revisions\/39048"}],"wp:featuredmedia":[{"embeddable":true,"href":"https:\/\/mula.es\/web\/wp-json\/wp\/v2\/media\/30622"}],"wp:attachment":[{"href":"https:\/\/mula.es\/web\/wp-json\/wp\/v2\/media?parent=31290"}],"wp:term":[{"taxonomy":"category","embeddable":true,"href":"https:\/\/mula.es\/web\/wp-json\/wp\/v2\/categories?post=31290"},{"taxonomy":"post_tag","embeddable":true,"href":"https:\/\/mula.es\/web\/wp-json\/wp\/v2\/tags?post=31290"}],"curies":[{"name":"wp","href":"https:\/\/api.w.org\/{rel}","templated":true}]}}