{"id":31657,"date":"2019-12-07T18:19:17","date_gmt":"2019-12-07T17:19:17","guid":{"rendered":"http:\/\/mula.es\/web\/?p=31657"},"modified":"2020-12-15T20:18:52","modified_gmt":"2020-12-15T19:18:52","slug":"presentacion-plan-arrur-mula","status":"publish","type":"post","link":"https:\/\/mula.es\/web\/presentacion-plan-arrur-mula\/","title":{"rendered":"Presentaci\u00f3n Plan ARRUR Mula"},"content":{"rendered":"<p><del>El pr\u00f3ximo lunes 9 de diciembre de 2019 a las 20:00h, tendr\u00e1 lugar en el Sal\u00f3n de Actos del Archivo Municipal la presentaci\u00f3n del ARRUR Mula 2019-2021.<\/del><\/p>\n<p>Se tratar\u00e1 de una reuni\u00f3n informativa dirigida a los ciudadanos y medios de comunicaci\u00f3n, en la que se explicar\u00e1 qu\u00e9 es el ARRUR, c\u00faal es su \u00e1mbito de actuaci\u00f3n, tipos de ayudas incluidas, actuaciones subvencionables, etc.<\/p>\n","protected":false},"excerpt":{"rendered":"<p>El pr\u00f3ximo lunes 9 de diciembre de 2019 a las 20:00h, tendr\u00e1 lugar en el Sal\u00f3n de Actos del Archivo Municipal la presentaci\u00f3n del ARRUR Mula 2019-2021. Se tratar\u00e1 de una reuni\u00f3n informativa dirigida a los ciudadanos y medios de comunicaci\u00f3n, en la que se explicar\u00e1 qu\u00e9 es el ARRUR, c\u00faal es su \u00e1mbito de  [&#8230;]<\/p>\n","protected":false},"author":1,"featured_media":31658,"comment_status":"closed","ping_status":"closed","sticky":false,"template":"","format":"standard","meta":{"jetpack_post_was_ever_published":false,"_jetpack_newsletter_access":"","_jetpack_dont_email_post_to_subs":false,"_jetpack_newsletter_tier_id":0,"_jetpack_memberships_contains_paywalled_content":false,"_jetpack_memberships_contains_paid_content":false,"footnotes":"","jetpack_publicize_message":"","jetpack_publicize_feature_enabled":true,"jetpack_social_post_already_shared":true,"jetpack_social_options":{"image_generator_settings":{"template":"highway","default_image_id":0,"font":"","enabled":false},"version":2}},"categories":[550,362],"tags":[],"class_list":["post-31657","post","type-post","status-publish","format-standard","has-post-thumbnail","hentry","category-regeneracion-urbana","category-urbanismo"],"yoast_head":"<!-- This site is optimized with the Yoast SEO plugin v27.4 - https:\/\/yoast.com\/product\/yoast-seo-wordpress\/ -->\n<title>Presentaci\u00f3n Plan ARRUR Mula - Ayuntamiento de Mula<\/title>\n<meta name=\"robots\" content=\"index, follow, max-snippet:-1, max-image-preview:large, max-video-preview:-1\" \/>\n<link rel=\"canonical\" href=\"https:\/\/mula.es\/web\/presentacion-plan-arrur-mula\/\" \/>\n<meta property=\"og:locale\" content=\"es_ES\" \/>\n<meta property=\"og:type\" content=\"article\" \/>\n<meta property=\"og:title\" content=\"Presentaci\u00f3n Plan ARRUR Mula - Ayuntamiento de Mula\" \/>\n<meta property=\"og:description\" content=\"El pr\u00f3ximo lunes 9 de diciembre de 2019 a las 20:00h, tendr\u00e1 lugar en el Sal\u00f3n de Actos del Archivo Municipal la presentaci\u00f3n del ARRUR Mula 2019-2021. Se tratar\u00e1 de una reuni\u00f3n informativa dirigida a los ciudadanos y medios de comunicaci\u00f3n, en la que se explicar\u00e1 qu\u00e9 es el ARRUR, c\u00faal es su \u00e1mbito de [...]\" \/>\n<meta property=\"og:url\" content=\"https:\/\/mula.es\/web\/presentacion-plan-arrur-mula\/\" \/>\n<meta property=\"og:site_name\" content=\"Ayuntamiento de Mula\" \/>\n<meta property=\"article:published_time\" content=\"2019-12-07T17:19:17+00:00\" \/>\n<meta property=\"article:modified_time\" content=\"2020-12-15T19:18:52+00:00\" \/>\n<meta property=\"og:image\" content=\"https:\/\/i0.wp.com\/mula.es\/web\/wp-content\/uploads\/2019\/12\/arrur2019.png?fit=591%2C422&ssl=1\" \/>\n\t<meta property=\"og:image:width\" content=\"591\" \/>\n\t<meta property=\"og:image:height\" content=\"422\" \/>\n\t<meta property=\"og:image:type\" content=\"image\/png\" \/>\n<meta name=\"author\" content=\"admin\" \/>\n<meta name=\"twitter:card\" content=\"summary_large_image\" \/>\n<meta name=\"twitter:creator\" content=\"@AyuntamientMula\" \/>\n<meta name=\"twitter:site\" content=\"@AyuntamientMula\" \/>\n<meta name=\"twitter:label1\" content=\"Escrito por\" \/>\n\t<meta name=\"twitter:data1\" content=\"admin\" \/>\n<script type=\"application\/ld+json\" class=\"yoast-schema-graph\">{\"@context\":\"https:\\\/\\\/schema.org\",\"@graph\":[{\"@type\":\"Article\",\"@id\":\"https:\\\/\\\/mula.es\\\/web\\\/presentacion-plan-arrur-mula\\\/#article\",\"isPartOf\":{\"@id\":\"https:\\\/\\\/mula.es\\\/web\\\/presentacion-plan-arrur-mula\\\/\"},\"author\":{\"name\":\"admin\",\"@id\":\"https:\\\/\\\/mula.es\\\/web\\\/#\\\/schema\\\/person\\\/a0dbffe9f4a3ed4aaebedcfef02f71a1\"},\"headline\":\"Presentaci\u00f3n Plan ARRUR Mula\",\"datePublished\":\"2019-12-07T17:19:17+00:00\",\"dateModified\":\"2020-12-15T19:18:52+00:00\",\"mainEntityOfPage\":{\"@id\":\"https:\\\/\\\/mula.es\\\/web\\\/presentacion-plan-arrur-mula\\\/\"},\"wordCount\":73,\"image\":{\"@id\":\"https:\\\/\\\/mula.es\\\/web\\\/presentacion-plan-arrur-mula\\\/#primaryimage\"},\"thumbnailUrl\":\"https:\\\/\\\/mula.es\\\/web\\\/wp-content\\\/uploads\\\/2019\\\/12\\\/arrur2019.png\",\"articleSection\":[\"regeneraci\u00f3n urbana\",\"urbanismo\"],\"inLanguage\":\"es\"},{\"@type\":\"WebPage\",\"@id\":\"https:\\\/\\\/mula.es\\\/web\\\/presentacion-plan-arrur-mula\\\/\",\"url\":\"https:\\\/\\\/mula.es\\\/web\\\/presentacion-plan-arrur-mula\\\/\",\"name\":\"Presentaci\u00f3n Plan ARRUR Mula - Ayuntamiento de Mula\",\"isPartOf\":{\"@id\":\"https:\\\/\\\/mula.es\\\/web\\\/#website\"},\"primaryImageOfPage\":{\"@id\":\"https:\\\/\\\/mula.es\\\/web\\\/presentacion-plan-arrur-mula\\\/#primaryimage\"},\"image\":{\"@id\":\"https:\\\/\\\/mula.es\\\/web\\\/presentacion-plan-arrur-mula\\\/#primaryimage\"},\"thumbnailUrl\":\"https:\\\/\\\/mula.es\\\/web\\\/wp-content\\\/uploads\\\/2019\\\/12\\\/arrur2019.png\",\"datePublished\":\"2019-12-07T17:19:17+00:00\",\"dateModified\":\"2020-12-15T19:18:52+00:00\",\"author\":{\"@id\":\"https:\\\/\\\/mula.es\\\/web\\\/#\\\/schema\\\/person\\\/a0dbffe9f4a3ed4aaebedcfef02f71a1\"},\"breadcrumb\":{\"@id\":\"https:\\\/\\\/mula.es\\\/web\\\/presentacion-plan-arrur-mula\\\/#breadcrumb\"},\"inLanguage\":\"es\",\"potentialAction\":[{\"@type\":\"ReadAction\",\"target\":[\"https:\\\/\\\/mula.es\\\/web\\\/presentacion-plan-arrur-mula\\\/\"]}]},{\"@type\":\"ImageObject\",\"inLanguage\":\"es\",\"@id\":\"https:\\\/\\\/mula.es\\\/web\\\/presentacion-plan-arrur-mula\\\/#primaryimage\",\"url\":\"https:\\\/\\\/mula.es\\\/web\\\/wp-content\\\/uploads\\\/2019\\\/12\\\/arrur2019.png\",\"contentUrl\":\"https:\\\/\\\/mula.es\\\/web\\\/wp-content\\\/uploads\\\/2019\\\/12\\\/arrur2019.png\",\"width\":591,\"height\":422},{\"@type\":\"BreadcrumbList\",\"@id\":\"https:\\\/\\\/mula.es\\\/web\\\/presentacion-plan-arrur-mula\\\/#breadcrumb\",\"itemListElement\":[{\"@type\":\"ListItem\",\"position\":1,\"name\":\"Portada\",\"item\":\"https:\\\/\\\/mula.es\\\/web\\\/\"},{\"@type\":\"ListItem\",\"position\":2,\"name\":\"Presentaci\u00f3n Plan ARRUR Mula\"}]},{\"@type\":\"WebSite\",\"@id\":\"https:\\\/\\\/mula.es\\\/web\\\/#website\",\"url\":\"https:\\\/\\\/mula.es\\\/web\\\/\",\"name\":\"Ayuntamiento de Mula\",\"description\":\"P\u00e1gina web del Ayuntamiento de Mula (Regi\u00f3n de Murcia)\",\"potentialAction\":[{\"@type\":\"SearchAction\",\"target\":{\"@type\":\"EntryPoint\",\"urlTemplate\":\"https:\\\/\\\/mula.es\\\/web\\\/?s={search_term_string}\"},\"query-input\":{\"@type\":\"PropertyValueSpecification\",\"valueRequired\":true,\"valueName\":\"search_term_string\"}}],\"inLanguage\":\"es\"},{\"@type\":\"Person\",\"@id\":\"https:\\\/\\\/mula.es\\\/web\\\/#\\\/schema\\\/person\\\/a0dbffe9f4a3ed4aaebedcfef02f71a1\",\"name\":\"admin\",\"image\":{\"@type\":\"ImageObject\",\"inLanguage\":\"es\",\"@id\":\"https:\\\/\\\/secure.gravatar.com\\\/avatar\\\/5423b9cd77f4c7f89a124365a268866f9dfee038c17fe9e37afd92b5920d810e?s=96&d=mm&r=g\",\"url\":\"https:\\\/\\\/secure.gravatar.com\\\/avatar\\\/5423b9cd77f4c7f89a124365a268866f9dfee038c17fe9e37afd92b5920d810e?s=96&d=mm&r=g\",\"contentUrl\":\"https:\\\/\\\/secure.gravatar.com\\\/avatar\\\/5423b9cd77f4c7f89a124365a268866f9dfee038c17fe9e37afd92b5920d810e?s=96&d=mm&r=g\",\"caption\":\"admin\"},\"description\":\"Lorem ipsum dolor sit amet, consectetur adipiscing elit. Nam viverra euismod odio, gravida pellentesque urna varius vitae. Sed dui lorem, adipiscing in adipiscing et, interdum nec metus. Mauris ultricies, justo eu convallis placerat, felis enim ornare nisi, vitae mattis nulla ante id dui. Ut lectus purus, commodo et tincidunt vel, interdum sed lectus. Vestibulum adipiscing tempor nisi id elementi.\",\"url\":\"https:\\\/\\\/mula.es\\\/web\\\/author\\\/jose-maria-boti\\\/\"}]}<\/script>\n<!-- \/ Yoast SEO plugin. -->","yoast_head_json":{"title":"Presentaci\u00f3n Plan ARRUR Mula - Ayuntamiento de Mula","robots":{"index":"index","follow":"follow","max-snippet":"max-snippet:-1","max-image-preview":"max-image-preview:large","max-video-preview":"max-video-preview:-1"},"canonical":"https:\/\/mula.es\/web\/presentacion-plan-arrur-mula\/","og_locale":"es_ES","og_type":"article","og_title":"Presentaci\u00f3n Plan ARRUR Mula - Ayuntamiento de Mula","og_description":"El pr\u00f3ximo lunes 9 de diciembre de 2019 a las 20:00h, tendr\u00e1 lugar en el Sal\u00f3n de Actos del Archivo Municipal la presentaci\u00f3n del ARRUR Mula 2019-2021. Se tratar\u00e1 de una reuni\u00f3n informativa dirigida a los ciudadanos y medios de comunicaci\u00f3n, en la que se explicar\u00e1 qu\u00e9 es el ARRUR, c\u00faal es su \u00e1mbito de [...]","og_url":"https:\/\/mula.es\/web\/presentacion-plan-arrur-mula\/","og_site_name":"Ayuntamiento de Mula","article_published_time":"2019-12-07T17:19:17+00:00","article_modified_time":"2020-12-15T19:18:52+00:00","og_image":[{"width":591,"height":422,"url":"https:\/\/i0.wp.com\/mula.es\/web\/wp-content\/uploads\/2019\/12\/arrur2019.png?fit=591%2C422&ssl=1","type":"image\/png"}],"author":"admin","twitter_card":"summary_large_image","twitter_creator":"@AyuntamientMula","twitter_site":"@AyuntamientMula","twitter_misc":{"Escrito por":"admin"},"schema":{"@context":"https:\/\/schema.org","@graph":[{"@type":"Article","@id":"https:\/\/mula.es\/web\/presentacion-plan-arrur-mula\/#article","isPartOf":{"@id":"https:\/\/mula.es\/web\/presentacion-plan-arrur-mula\/"},"author":{"name":"admin","@id":"https:\/\/mula.es\/web\/#\/schema\/person\/a0dbffe9f4a3ed4aaebedcfef02f71a1"},"headline":"Presentaci\u00f3n Plan ARRUR Mula","datePublished":"2019-12-07T17:19:17+00:00","dateModified":"2020-12-15T19:18:52+00:00","mainEntityOfPage":{"@id":"https:\/\/mula.es\/web\/presentacion-plan-arrur-mula\/"},"wordCount":73,"image":{"@id":"https:\/\/mula.es\/web\/presentacion-plan-arrur-mula\/#primaryimage"},"thumbnailUrl":"https:\/\/mula.es\/web\/wp-content\/uploads\/2019\/12\/arrur2019.png","articleSection":["regeneraci\u00f3n urbana","urbanismo"],"inLanguage":"es"},{"@type":"WebPage","@id":"https:\/\/mula.es\/web\/presentacion-plan-arrur-mula\/","url":"https:\/\/mula.es\/web\/presentacion-plan-arrur-mula\/","name":"Presentaci\u00f3n Plan ARRUR Mula - Ayuntamiento de Mula","isPartOf":{"@id":"https:\/\/mula.es\/web\/#website"},"primaryImageOfPage":{"@id":"https:\/\/mula.es\/web\/presentacion-plan-arrur-mula\/#primaryimage"},"image":{"@id":"https:\/\/mula.es\/web\/presentacion-plan-arrur-mula\/#primaryimage"},"thumbnailUrl":"https:\/\/mula.es\/web\/wp-content\/uploads\/2019\/12\/arrur2019.png","datePublished":"2019-12-07T17:19:17+00:00","dateModified":"2020-12-15T19:18:52+00:00","author":{"@id":"https:\/\/mula.es\/web\/#\/schema\/person\/a0dbffe9f4a3ed4aaebedcfef02f71a1"},"breadcrumb":{"@id":"https:\/\/mula.es\/web\/presentacion-plan-arrur-mula\/#breadcrumb"},"inLanguage":"es","potentialAction":[{"@type":"ReadAction","target":["https:\/\/mula.es\/web\/presentacion-plan-arrur-mula\/"]}]},{"@type":"ImageObject","inLanguage":"es","@id":"https:\/\/mula.es\/web\/presentacion-plan-arrur-mula\/#primaryimage","url":"https:\/\/mula.es\/web\/wp-content\/uploads\/2019\/12\/arrur2019.png","contentUrl":"https:\/\/mula.es\/web\/wp-content\/uploads\/2019\/12\/arrur2019.png","width":591,"height":422},{"@type":"BreadcrumbList","@id":"https:\/\/mula.es\/web\/presentacion-plan-arrur-mula\/#breadcrumb","itemListElement":[{"@type":"ListItem","position":1,"name":"Portada","item":"https:\/\/mula.es\/web\/"},{"@type":"ListItem","position":2,"name":"Presentaci\u00f3n Plan ARRUR Mula"}]},{"@type":"WebSite","@id":"https:\/\/mula.es\/web\/#website","url":"https:\/\/mula.es\/web\/","name":"Ayuntamiento de Mula","description":"P\u00e1gina web del Ayuntamiento de Mula (Regi\u00f3n de Murcia)","potentialAction":[{"@type":"SearchAction","target":{"@type":"EntryPoint","urlTemplate":"https:\/\/mula.es\/web\/?s={search_term_string}"},"query-input":{"@type":"PropertyValueSpecification","valueRequired":true,"valueName":"search_term_string"}}],"inLanguage":"es"},{"@type":"Person","@id":"https:\/\/mula.es\/web\/#\/schema\/person\/a0dbffe9f4a3ed4aaebedcfef02f71a1","name":"admin","image":{"@type":"ImageObject","inLanguage":"es","@id":"https:\/\/secure.gravatar.com\/avatar\/5423b9cd77f4c7f89a124365a268866f9dfee038c17fe9e37afd92b5920d810e?s=96&d=mm&r=g","url":"https:\/\/secure.gravatar.com\/avatar\/5423b9cd77f4c7f89a124365a268866f9dfee038c17fe9e37afd92b5920d810e?s=96&d=mm&r=g","contentUrl":"https:\/\/secure.gravatar.com\/avatar\/5423b9cd77f4c7f89a124365a268866f9dfee038c17fe9e37afd92b5920d810e?s=96&d=mm&r=g","caption":"admin"},"description":"Lorem ipsum dolor sit amet, consectetur adipiscing elit. Nam viverra euismod odio, gravida pellentesque urna varius vitae. Sed dui lorem, adipiscing in adipiscing et, interdum nec metus. Mauris ultricies, justo eu convallis placerat, felis enim ornare nisi, vitae mattis nulla ante id dui. Ut lectus purus, commodo et tincidunt vel, interdum sed lectus. Vestibulum adipiscing tempor nisi id elementi.","url":"https:\/\/mula.es\/web\/author\/jose-maria-boti\/"}]}},"jetpack_publicize_connections":[],"jetpack_featured_media_url":"https:\/\/mula.es\/web\/wp-content\/uploads\/2019\/12\/arrur2019.png","jetpack_sharing_enabled":true,"jetpack_shortlink":"https:\/\/wp.me\/pa9DMY-8eB","jetpack-related-posts":[],"_links":{"self":[{"href":"https:\/\/mula.es\/web\/wp-json\/wp\/v2\/posts\/31657","targetHints":{"allow":["GET"]}}],"collection":[{"href":"https:\/\/mula.es\/web\/wp-json\/wp\/v2\/posts"}],"about":[{"href":"https:\/\/mula.es\/web\/wp-json\/wp\/v2\/types\/post"}],"author":[{"embeddable":true,"href":"https:\/\/mula.es\/web\/wp-json\/wp\/v2\/users\/1"}],"replies":[{"embeddable":true,"href":"https:\/\/mula.es\/web\/wp-json\/wp\/v2\/comments?post=31657"}],"version-history":[{"count":3,"href":"https:\/\/mula.es\/web\/wp-json\/wp\/v2\/posts\/31657\/revisions"}],"predecessor-version":[{"id":35765,"href":"https:\/\/mula.es\/web\/wp-json\/wp\/v2\/posts\/31657\/revisions\/35765"}],"wp:featuredmedia":[{"embeddable":true,"href":"https:\/\/mula.es\/web\/wp-json\/wp\/v2\/media\/31658"}],"wp:attachment":[{"href":"https:\/\/mula.es\/web\/wp-json\/wp\/v2\/media?parent=31657"}],"wp:term":[{"taxonomy":"category","embeddable":true,"href":"https:\/\/mula.es\/web\/wp-json\/wp\/v2\/categories?post=31657"},{"taxonomy":"post_tag","embeddable":true,"href":"https:\/\/mula.es\/web\/wp-json\/wp\/v2\/tags?post=31657"}],"curies":[{"name":"wp","href":"https:\/\/api.w.org\/{rel}","templated":true}]}}