{"id":31864,"date":"2020-01-10T08:46:24","date_gmt":"2020-01-10T07:46:24","guid":{"rendered":"http:\/\/mula.es\/web\/?p=31864"},"modified":"2020-01-10T08:46:24","modified_gmt":"2020-01-10T07:46:24","slug":"mercadillo-artesania-enero-2020-el-porton-de-la-placeta","status":"publish","type":"post","link":"https:\/\/mula.es\/web\/mercadillo-artesania-enero-2020-el-porton-de-la-placeta\/","title":{"rendered":"Mercadillo artesan\u00eda enero 2020 \u201cEl Port\u00f3n de la Placeta\u201d"},"content":{"rendered":"<p style=\"text-align: justify;\">Este domingo 12 de enero en la Plaza del Hospital, mercadillo de artesan\u00eda \u201cEl Port\u00f3n de la Placeta\u201d, donde los artesanos nos recibir\u00e1n, a partir de las 10:00h. con sus productos locales y artesanales como el pan, encurtidos, dulces, embutidos y otras artesan\u00edas como el cuero y el esparto. Adem\u00e1s los peque\u00f1os de la casa podr\u00e1n realizar un divertido taller a partir de las 11:30 horas.<\/p>\n<p>\u00a1Te esperamos!<\/p>\n","protected":false},"excerpt":{"rendered":"<p>Este domingo 12 de enero en la Plaza del Hospital, mercadillo de artesan\u00eda \u201cEl Port\u00f3n de la Placeta\u201d, donde los artesanos nos recibir\u00e1n, a partir de las 10:00h. con sus productos locales y artesanales como el pan, encurtidos, dulces, embutidos y otras artesan\u00edas como el cuero y el esparto. Adem\u00e1s los peque\u00f1os de la casa  [&#8230;]<\/p>\n","protected":false},"author":1,"featured_media":31865,"comment_status":"closed","ping_status":"closed","sticky":false,"template":"","format":"standard","meta":{"jetpack_post_was_ever_published":false,"_jetpack_newsletter_access":"","_jetpack_dont_email_post_to_subs":false,"_jetpack_newsletter_tier_id":0,"_jetpack_memberships_contains_paywalled_content":false,"_jetpack_memberships_contains_paid_content":false,"footnotes":"","jetpack_publicize_message":"","jetpack_publicize_feature_enabled":true,"jetpack_social_post_already_shared":false,"jetpack_social_options":{"image_generator_settings":{"template":"highway","default_image_id":0,"font":"","enabled":false},"version":2}},"categories":[102],"tags":[],"class_list":["post-31864","post","type-post","status-publish","format-standard","has-post-thumbnail","hentry","category-mercadillo"],"yoast_head":"<!-- This site is optimized with the Yoast SEO plugin v27.5 - https:\/\/yoast.com\/product\/yoast-seo-wordpress\/ -->\n<title>Mercadillo artesan\u00eda enero 2020 \u201cEl Port\u00f3n de la Placeta\u201d - Ayuntamiento de Mula<\/title>\n<meta name=\"robots\" content=\"index, follow, max-snippet:-1, max-image-preview:large, max-video-preview:-1\" \/>\n<link rel=\"canonical\" href=\"https:\/\/mula.es\/web\/mercadillo-artesania-enero-2020-el-porton-de-la-placeta\/\" \/>\n<meta property=\"og:locale\" content=\"es_ES\" \/>\n<meta property=\"og:type\" content=\"article\" \/>\n<meta property=\"og:title\" content=\"Mercadillo artesan\u00eda enero 2020 \u201cEl Port\u00f3n de la Placeta\u201d - Ayuntamiento de Mula\" \/>\n<meta property=\"og:description\" content=\"Este domingo 12 de enero en la Plaza del Hospital, mercadillo de artesan\u00eda \u201cEl Port\u00f3n de la Placeta\u201d, donde los artesanos nos recibir\u00e1n, a partir de las 10:00h. con sus productos locales y artesanales como el pan, encurtidos, dulces, embutidos y otras artesan\u00edas como el cuero y el esparto. Adem\u00e1s los peque\u00f1os de la casa [...]\" \/>\n<meta property=\"og:url\" content=\"https:\/\/mula.es\/web\/mercadillo-artesania-enero-2020-el-porton-de-la-placeta\/\" \/>\n<meta property=\"og:site_name\" content=\"Ayuntamiento de Mula\" \/>\n<meta property=\"article:published_time\" content=\"2020-01-10T07:46:24+00:00\" \/>\n<meta property=\"og:image\" content=\"https:\/\/i0.wp.com\/mula.es\/web\/wp-content\/uploads\/2020\/01\/programacion-mercadillo-artesania-enero-2020.png?fit=726%2C1021&ssl=1\" \/>\n\t<meta property=\"og:image:width\" content=\"726\" \/>\n\t<meta property=\"og:image:height\" content=\"1021\" \/>\n\t<meta property=\"og:image:type\" content=\"image\/png\" \/>\n<meta name=\"author\" content=\"admin\" \/>\n<meta name=\"twitter:card\" content=\"summary_large_image\" \/>\n<meta name=\"twitter:creator\" content=\"@AyuntamientMula\" \/>\n<meta name=\"twitter:site\" content=\"@AyuntamientMula\" \/>\n<meta name=\"twitter:label1\" content=\"Escrito por\" \/>\n\t<meta name=\"twitter:data1\" content=\"admin\" \/>\n<script type=\"application\/ld+json\" class=\"yoast-schema-graph\">{\"@context\":\"https:\\\/\\\/schema.org\",\"@graph\":[{\"@type\":\"Article\",\"@id\":\"https:\\\/\\\/mula.es\\\/web\\\/mercadillo-artesania-enero-2020-el-porton-de-la-placeta\\\/#article\",\"isPartOf\":{\"@id\":\"https:\\\/\\\/mula.es\\\/web\\\/mercadillo-artesania-enero-2020-el-porton-de-la-placeta\\\/\"},\"author\":{\"name\":\"admin\",\"@id\":\"https:\\\/\\\/mula.es\\\/web\\\/#\\\/schema\\\/person\\\/a0dbffe9f4a3ed4aaebedcfef02f71a1\"},\"headline\":\"Mercadillo artesan\u00eda enero 2020 \u201cEl Port\u00f3n de la Placeta\u201d\",\"datePublished\":\"2020-01-10T07:46:24+00:00\",\"mainEntityOfPage\":{\"@id\":\"https:\\\/\\\/mula.es\\\/web\\\/mercadillo-artesania-enero-2020-el-porton-de-la-placeta\\\/\"},\"wordCount\":83,\"image\":{\"@id\":\"https:\\\/\\\/mula.es\\\/web\\\/mercadillo-artesania-enero-2020-el-porton-de-la-placeta\\\/#primaryimage\"},\"thumbnailUrl\":\"https:\\\/\\\/mula.es\\\/web\\\/wp-content\\\/uploads\\\/2020\\\/01\\\/programacion-mercadillo-artesania-enero-2020.png\",\"articleSection\":[\"mercadillo\"],\"inLanguage\":\"es\"},{\"@type\":\"WebPage\",\"@id\":\"https:\\\/\\\/mula.es\\\/web\\\/mercadillo-artesania-enero-2020-el-porton-de-la-placeta\\\/\",\"url\":\"https:\\\/\\\/mula.es\\\/web\\\/mercadillo-artesania-enero-2020-el-porton-de-la-placeta\\\/\",\"name\":\"Mercadillo artesan\u00eda enero 2020 \u201cEl Port\u00f3n de la Placeta\u201d - Ayuntamiento de Mula\",\"isPartOf\":{\"@id\":\"https:\\\/\\\/mula.es\\\/web\\\/#website\"},\"primaryImageOfPage\":{\"@id\":\"https:\\\/\\\/mula.es\\\/web\\\/mercadillo-artesania-enero-2020-el-porton-de-la-placeta\\\/#primaryimage\"},\"image\":{\"@id\":\"https:\\\/\\\/mula.es\\\/web\\\/mercadillo-artesania-enero-2020-el-porton-de-la-placeta\\\/#primaryimage\"},\"thumbnailUrl\":\"https:\\\/\\\/mula.es\\\/web\\\/wp-content\\\/uploads\\\/2020\\\/01\\\/programacion-mercadillo-artesania-enero-2020.png\",\"datePublished\":\"2020-01-10T07:46:24+00:00\",\"author\":{\"@id\":\"https:\\\/\\\/mula.es\\\/web\\\/#\\\/schema\\\/person\\\/a0dbffe9f4a3ed4aaebedcfef02f71a1\"},\"breadcrumb\":{\"@id\":\"https:\\\/\\\/mula.es\\\/web\\\/mercadillo-artesania-enero-2020-el-porton-de-la-placeta\\\/#breadcrumb\"},\"inLanguage\":\"es\",\"potentialAction\":[{\"@type\":\"ReadAction\",\"target\":[\"https:\\\/\\\/mula.es\\\/web\\\/mercadillo-artesania-enero-2020-el-porton-de-la-placeta\\\/\"]}]},{\"@type\":\"ImageObject\",\"inLanguage\":\"es\",\"@id\":\"https:\\\/\\\/mula.es\\\/web\\\/mercadillo-artesania-enero-2020-el-porton-de-la-placeta\\\/#primaryimage\",\"url\":\"https:\\\/\\\/mula.es\\\/web\\\/wp-content\\\/uploads\\\/2020\\\/01\\\/programacion-mercadillo-artesania-enero-2020.png\",\"contentUrl\":\"https:\\\/\\\/mula.es\\\/web\\\/wp-content\\\/uploads\\\/2020\\\/01\\\/programacion-mercadillo-artesania-enero-2020.png\",\"width\":726,\"height\":1021},{\"@type\":\"BreadcrumbList\",\"@id\":\"https:\\\/\\\/mula.es\\\/web\\\/mercadillo-artesania-enero-2020-el-porton-de-la-placeta\\\/#breadcrumb\",\"itemListElement\":[{\"@type\":\"ListItem\",\"position\":1,\"name\":\"Portada\",\"item\":\"https:\\\/\\\/mula.es\\\/web\\\/\"},{\"@type\":\"ListItem\",\"position\":2,\"name\":\"Mercadillo artesan\u00eda enero 2020 \u201cEl Port\u00f3n de la Placeta\u201d\"}]},{\"@type\":\"WebSite\",\"@id\":\"https:\\\/\\\/mula.es\\\/web\\\/#website\",\"url\":\"https:\\\/\\\/mula.es\\\/web\\\/\",\"name\":\"Ayuntamiento de Mula\",\"description\":\"P\u00e1gina web del Ayuntamiento de Mula (Regi\u00f3n de Murcia)\",\"potentialAction\":[{\"@type\":\"SearchAction\",\"target\":{\"@type\":\"EntryPoint\",\"urlTemplate\":\"https:\\\/\\\/mula.es\\\/web\\\/?s={search_term_string}\"},\"query-input\":{\"@type\":\"PropertyValueSpecification\",\"valueRequired\":true,\"valueName\":\"search_term_string\"}}],\"inLanguage\":\"es\"},{\"@type\":\"Person\",\"@id\":\"https:\\\/\\\/mula.es\\\/web\\\/#\\\/schema\\\/person\\\/a0dbffe9f4a3ed4aaebedcfef02f71a1\",\"name\":\"admin\",\"image\":{\"@type\":\"ImageObject\",\"inLanguage\":\"es\",\"@id\":\"https:\\\/\\\/secure.gravatar.com\\\/avatar\\\/5423b9cd77f4c7f89a124365a268866f9dfee038c17fe9e37afd92b5920d810e?s=96&d=mm&r=g\",\"url\":\"https:\\\/\\\/secure.gravatar.com\\\/avatar\\\/5423b9cd77f4c7f89a124365a268866f9dfee038c17fe9e37afd92b5920d810e?s=96&d=mm&r=g\",\"contentUrl\":\"https:\\\/\\\/secure.gravatar.com\\\/avatar\\\/5423b9cd77f4c7f89a124365a268866f9dfee038c17fe9e37afd92b5920d810e?s=96&d=mm&r=g\",\"caption\":\"admin\"},\"description\":\"Lorem ipsum dolor sit amet, consectetur adipiscing elit. Nam viverra euismod odio, gravida pellentesque urna varius vitae. Sed dui lorem, adipiscing in adipiscing et, interdum nec metus. Mauris ultricies, justo eu convallis placerat, felis enim ornare nisi, vitae mattis nulla ante id dui. Ut lectus purus, commodo et tincidunt vel, interdum sed lectus. Vestibulum adipiscing tempor nisi id elementi.\",\"url\":\"https:\\\/\\\/mula.es\\\/web\\\/author\\\/jose-maria-boti\\\/\"}]}<\/script>\n<!-- \/ Yoast SEO plugin. -->","yoast_head_json":{"title":"Mercadillo artesan\u00eda enero 2020 \u201cEl Port\u00f3n de la Placeta\u201d - Ayuntamiento de Mula","robots":{"index":"index","follow":"follow","max-snippet":"max-snippet:-1","max-image-preview":"max-image-preview:large","max-video-preview":"max-video-preview:-1"},"canonical":"https:\/\/mula.es\/web\/mercadillo-artesania-enero-2020-el-porton-de-la-placeta\/","og_locale":"es_ES","og_type":"article","og_title":"Mercadillo artesan\u00eda enero 2020 \u201cEl Port\u00f3n de la Placeta\u201d - Ayuntamiento de Mula","og_description":"Este domingo 12 de enero en la Plaza del Hospital, mercadillo de artesan\u00eda \u201cEl Port\u00f3n de la Placeta\u201d, donde los artesanos nos recibir\u00e1n, a partir de las 10:00h. con sus productos locales y artesanales como el pan, encurtidos, dulces, embutidos y otras artesan\u00edas como el cuero y el esparto. Adem\u00e1s los peque\u00f1os de la casa [...]","og_url":"https:\/\/mula.es\/web\/mercadillo-artesania-enero-2020-el-porton-de-la-placeta\/","og_site_name":"Ayuntamiento de Mula","article_published_time":"2020-01-10T07:46:24+00:00","og_image":[{"width":726,"height":1021,"url":"https:\/\/i0.wp.com\/mula.es\/web\/wp-content\/uploads\/2020\/01\/programacion-mercadillo-artesania-enero-2020.png?fit=726%2C1021&ssl=1","type":"image\/png"}],"author":"admin","twitter_card":"summary_large_image","twitter_creator":"@AyuntamientMula","twitter_site":"@AyuntamientMula","twitter_misc":{"Escrito por":"admin"},"schema":{"@context":"https:\/\/schema.org","@graph":[{"@type":"Article","@id":"https:\/\/mula.es\/web\/mercadillo-artesania-enero-2020-el-porton-de-la-placeta\/#article","isPartOf":{"@id":"https:\/\/mula.es\/web\/mercadillo-artesania-enero-2020-el-porton-de-la-placeta\/"},"author":{"name":"admin","@id":"https:\/\/mula.es\/web\/#\/schema\/person\/a0dbffe9f4a3ed4aaebedcfef02f71a1"},"headline":"Mercadillo artesan\u00eda enero 2020 \u201cEl Port\u00f3n de la Placeta\u201d","datePublished":"2020-01-10T07:46:24+00:00","mainEntityOfPage":{"@id":"https:\/\/mula.es\/web\/mercadillo-artesania-enero-2020-el-porton-de-la-placeta\/"},"wordCount":83,"image":{"@id":"https:\/\/mula.es\/web\/mercadillo-artesania-enero-2020-el-porton-de-la-placeta\/#primaryimage"},"thumbnailUrl":"https:\/\/mula.es\/web\/wp-content\/uploads\/2020\/01\/programacion-mercadillo-artesania-enero-2020.png","articleSection":["mercadillo"],"inLanguage":"es"},{"@type":"WebPage","@id":"https:\/\/mula.es\/web\/mercadillo-artesania-enero-2020-el-porton-de-la-placeta\/","url":"https:\/\/mula.es\/web\/mercadillo-artesania-enero-2020-el-porton-de-la-placeta\/","name":"Mercadillo artesan\u00eda enero 2020 \u201cEl Port\u00f3n de la Placeta\u201d - Ayuntamiento de Mula","isPartOf":{"@id":"https:\/\/mula.es\/web\/#website"},"primaryImageOfPage":{"@id":"https:\/\/mula.es\/web\/mercadillo-artesania-enero-2020-el-porton-de-la-placeta\/#primaryimage"},"image":{"@id":"https:\/\/mula.es\/web\/mercadillo-artesania-enero-2020-el-porton-de-la-placeta\/#primaryimage"},"thumbnailUrl":"https:\/\/mula.es\/web\/wp-content\/uploads\/2020\/01\/programacion-mercadillo-artesania-enero-2020.png","datePublished":"2020-01-10T07:46:24+00:00","author":{"@id":"https:\/\/mula.es\/web\/#\/schema\/person\/a0dbffe9f4a3ed4aaebedcfef02f71a1"},"breadcrumb":{"@id":"https:\/\/mula.es\/web\/mercadillo-artesania-enero-2020-el-porton-de-la-placeta\/#breadcrumb"},"inLanguage":"es","potentialAction":[{"@type":"ReadAction","target":["https:\/\/mula.es\/web\/mercadillo-artesania-enero-2020-el-porton-de-la-placeta\/"]}]},{"@type":"ImageObject","inLanguage":"es","@id":"https:\/\/mula.es\/web\/mercadillo-artesania-enero-2020-el-porton-de-la-placeta\/#primaryimage","url":"https:\/\/mula.es\/web\/wp-content\/uploads\/2020\/01\/programacion-mercadillo-artesania-enero-2020.png","contentUrl":"https:\/\/mula.es\/web\/wp-content\/uploads\/2020\/01\/programacion-mercadillo-artesania-enero-2020.png","width":726,"height":1021},{"@type":"BreadcrumbList","@id":"https:\/\/mula.es\/web\/mercadillo-artesania-enero-2020-el-porton-de-la-placeta\/#breadcrumb","itemListElement":[{"@type":"ListItem","position":1,"name":"Portada","item":"https:\/\/mula.es\/web\/"},{"@type":"ListItem","position":2,"name":"Mercadillo artesan\u00eda enero 2020 \u201cEl Port\u00f3n de la Placeta\u201d"}]},{"@type":"WebSite","@id":"https:\/\/mula.es\/web\/#website","url":"https:\/\/mula.es\/web\/","name":"Ayuntamiento de Mula","description":"P\u00e1gina web del Ayuntamiento de Mula (Regi\u00f3n de Murcia)","potentialAction":[{"@type":"SearchAction","target":{"@type":"EntryPoint","urlTemplate":"https:\/\/mula.es\/web\/?s={search_term_string}"},"query-input":{"@type":"PropertyValueSpecification","valueRequired":true,"valueName":"search_term_string"}}],"inLanguage":"es"},{"@type":"Person","@id":"https:\/\/mula.es\/web\/#\/schema\/person\/a0dbffe9f4a3ed4aaebedcfef02f71a1","name":"admin","image":{"@type":"ImageObject","inLanguage":"es","@id":"https:\/\/secure.gravatar.com\/avatar\/5423b9cd77f4c7f89a124365a268866f9dfee038c17fe9e37afd92b5920d810e?s=96&d=mm&r=g","url":"https:\/\/secure.gravatar.com\/avatar\/5423b9cd77f4c7f89a124365a268866f9dfee038c17fe9e37afd92b5920d810e?s=96&d=mm&r=g","contentUrl":"https:\/\/secure.gravatar.com\/avatar\/5423b9cd77f4c7f89a124365a268866f9dfee038c17fe9e37afd92b5920d810e?s=96&d=mm&r=g","caption":"admin"},"description":"Lorem ipsum dolor sit amet, consectetur adipiscing elit. Nam viverra euismod odio, gravida pellentesque urna varius vitae. Sed dui lorem, adipiscing in adipiscing et, interdum nec metus. Mauris ultricies, justo eu convallis placerat, felis enim ornare nisi, vitae mattis nulla ante id dui. Ut lectus purus, commodo et tincidunt vel, interdum sed lectus. Vestibulum adipiscing tempor nisi id elementi.","url":"https:\/\/mula.es\/web\/author\/jose-maria-boti\/"}]}},"jetpack_publicize_connections":[],"jetpack_featured_media_url":"https:\/\/mula.es\/web\/wp-content\/uploads\/2020\/01\/programacion-mercadillo-artesania-enero-2020.png","jetpack_sharing_enabled":true,"jetpack_shortlink":"https:\/\/wp.me\/pa9DMY-8hW","jetpack-related-posts":[],"_links":{"self":[{"href":"https:\/\/mula.es\/web\/wp-json\/wp\/v2\/posts\/31864","targetHints":{"allow":["GET"]}}],"collection":[{"href":"https:\/\/mula.es\/web\/wp-json\/wp\/v2\/posts"}],"about":[{"href":"https:\/\/mula.es\/web\/wp-json\/wp\/v2\/types\/post"}],"author":[{"embeddable":true,"href":"https:\/\/mula.es\/web\/wp-json\/wp\/v2\/users\/1"}],"replies":[{"embeddable":true,"href":"https:\/\/mula.es\/web\/wp-json\/wp\/v2\/comments?post=31864"}],"version-history":[{"count":1,"href":"https:\/\/mula.es\/web\/wp-json\/wp\/v2\/posts\/31864\/revisions"}],"predecessor-version":[{"id":31866,"href":"https:\/\/mula.es\/web\/wp-json\/wp\/v2\/posts\/31864\/revisions\/31866"}],"wp:featuredmedia":[{"embeddable":true,"href":"https:\/\/mula.es\/web\/wp-json\/wp\/v2\/media\/31865"}],"wp:attachment":[{"href":"https:\/\/mula.es\/web\/wp-json\/wp\/v2\/media?parent=31864"}],"wp:term":[{"taxonomy":"category","embeddable":true,"href":"https:\/\/mula.es\/web\/wp-json\/wp\/v2\/categories?post=31864"},{"taxonomy":"post_tag","embeddable":true,"href":"https:\/\/mula.es\/web\/wp-json\/wp\/v2\/tags?post=31864"}],"curies":[{"name":"wp","href":"https:\/\/api.w.org\/{rel}","templated":true}]}}