{"id":32370,"date":"2020-03-03T08:32:42","date_gmt":"2020-03-03T07:32:42","guid":{"rendered":"http:\/\/mula.es\/web\/?p=32370"},"modified":"2021-05-12T20:10:11","modified_gmt":"2021-05-12T18:10:11","slug":"el-equipo-de-gobierno-del-ayuntamiento-de-mula-comprometido-con-la-reapertura-de-la-extension-de-la-escuela-oficial-de-idiomas-en-el-municipio","status":"publish","type":"post","link":"https:\/\/mula.es\/web\/el-equipo-de-gobierno-del-ayuntamiento-de-mula-comprometido-con-la-reapertura-de-la-extension-de-la-escuela-oficial-de-idiomas-en-el-municipio\/","title":{"rendered":"El equipo de Gobierno del Ayuntamiento de Mula comprometido con la reapertura de la Extensi\u00f3n de la Escuela Oficial de Idiomas en el municipio"},"content":{"rendered":"<div class=\"fusion-fullwidth fullwidth-box fusion-builder-row-1 fusion-flex-container hundred-percent-fullwidth non-hundred-percent-height-scrolling\" style=\"--awb-border-radius-top-left:0px;--awb-border-radius-top-right:0px;--awb-border-radius-bottom-right:0px;--awb-border-radius-bottom-left:0px;--awb-overflow:visible;--awb-flex-wrap:wrap;\" ><div class=\"fusion-builder-row fusion-row fusion-flex-align-items-flex-start fusion-flex-content-wrap\" style=\"width:calc( 100% + 0px ) !important;max-width:calc( 100% + 0px ) !important;margin-left: calc(-0px \/ 2 );margin-right: calc(-0px \/ 2 );\"><div class=\"fusion-layout-column fusion_builder_column fusion-builder-column-0 fusion_builder_column_1_1 1_1 fusion-flex-column\" style=\"--awb-bg-size:cover;--awb-width-large:100%;--awb-margin-top-large:0px;--awb-spacing-right-large:0px;--awb-margin-bottom-large:20px;--awb-spacing-left-large:0px;--awb-width-medium:100%;--awb-spacing-right-medium:0px;--awb-spacing-left-medium:0px;--awb-width-small:100%;--awb-spacing-right-small:0px;--awb-spacing-left-small:0px;\"><div class=\"fusion-column-wrapper fusion-flex-justify-content-flex-start fusion-content-layout-column\"><div class=\"fusion-text fusion-text-1\"><p style=\"text-align: justify;\">El viernes 28 de febrero el Concejal de Educaci\u00f3n, Diego Jes\u00fas Boluda, recibi\u00f3 al Equipo Directivo de la Escuela Oficial de Idiomas de Caravaca de la Cruz, de la cual depende la Extensi\u00f3n sita en Mula. A dicho encuentro asisti\u00f3 el director, Bartolom\u00e9 Urrea as\u00ed como la Jefa de Estudios y el Secretario.<\/p>\n<p style=\"text-align: justify;\">La reuni\u00f3n supuso una oportunidad formidable para analizar la situaci\u00f3n especial (cese de la actividad acad\u00e9mica durante el presente curso escolar) que atraviesa la Extensi\u00f3n de la Escuela Oficial de Idiomas en Mula, contrastar la informaci\u00f3n recibida al respecto por cada una de las partes y buscar medidas que permitan revertir la tendencia negativa que afecta a dicho Centro Educativo, el \u00fanico centro p\u00fablico de ense\u00f1anza especializado en la ense\u00f1anza de ingl\u00e9s en la Comarca del R\u00edo Mula.<\/p>\n<p style=\"text-align: justify;\">A este respecto, el Equipo Directivo inform\u00f3 sobre las dificultades actuales a las que, de forma general, tiene que hacer frente de cara a mantener los idiomas y grupos existentes en esta Instituci\u00f3n Educativa. Algunas son generadas por la propia normativa educativa (plan de estudios), otras por asuntos t\u00e9cnicos (proceso de matriculaci\u00f3n) y, por \u00faltimo, pero no por ello menos importante, por cuestiones econ\u00f3micas (ajuste en el gasto p\u00fablico). Todo lo cual ha provocado un descenso significativo en el n\u00famero de matr\u00edculas.<\/p>\n<p style=\"text-align: justify;\">Pero el caso de la Extensi\u00f3n de Mula, sita en el IES Ortega y Rubio y abierta ininterrumpidamente desde septiembre de 2005, es a\u00fan m\u00e1s llamativo y grave, ya que su actividad fue interrumpida en octubre del a\u00f1o pasado por la Consejer\u00eda de Educaci\u00f3n, alegando \u00e9sta unos costes inasumibles debido a la baja demanda de dicho servicio p\u00fablico (aprendizaje de ingl\u00e9s) por parte de la ciudadan\u00eda. No obstante, desde la propia Consejer\u00eda se indic\u00f3 que dicha interrupci\u00f3n acad\u00e9mica puede tener un car\u00e1cter temporal y si la situaci\u00f3n cambiaba no habr\u00eda problemas en la restituci\u00f3n de las clases. Su reanudaci\u00f3n depender\u00e1 del n\u00famero de ciudadanos de Mula y su \u00e1rea de influencia que decidan matricularse y cursar estudios de ingl\u00e9s en dicha Extensi\u00f3n.<\/p>\n<p style=\"text-align: justify;\">Por \u00faltimo, y puesto que el per\u00edodo de preinscripci\u00f3n est\u00e1 pr\u00f3ximo a abrirse, tanto el Ayuntamiento de Mula como el Equipo Directivo de la Escuela Oficial de Idiomas se comprometieron a aunar fuerzas para conseguir que la poblaci\u00f3n de Mula pueda recuperar este servicio p\u00fablico que ofrece una ense\u00f1anza de calidad, precio muy atractivo y cercan\u00eda geogr\u00e1fica.<\/p>\n<p style=\"text-align: justify;\">Por ello, tanto el Ayuntamiento de Mula como el Equipo Directivo de dicha Escuela de Idiomas mostraron su inter\u00e9s y se comprometieron a informar a la poblaci\u00f3n sobre este asunto a trav\u00e9s de los soportes de informaci\u00f3n disponibles.\u00a0 El Concejal traslad\u00f3 al Equipo Directivo la firme voluntad del equipo gobierno de recuperar este servicio p\u00fablico y que el Ayuntamiento, igual que anteriormente, no ser\u00e1 obst\u00e1culo para facilitar la reapertura de la Extensi\u00f3n en Mula, objetivo prioritario por el que ya estamos trabajando.<\/p>\n<\/div><\/div><\/div><\/div><\/div>\n","protected":false},"excerpt":{"rendered":"","protected":false},"author":9,"featured_media":15914,"comment_status":"closed","ping_status":"closed","sticky":false,"template":"","format":"standard","meta":{"jetpack_post_was_ever_published":false,"_jetpack_newsletter_access":"","_jetpack_dont_email_post_to_subs":false,"_jetpack_newsletter_tier_id":0,"_jetpack_memberships_contains_paywalled_content":false,"_jetpack_memberships_contains_paid_content":false,"footnotes":"","jetpack_publicize_message":"","jetpack_publicize_feature_enabled":true,"jetpack_social_post_already_shared":true,"jetpack_social_options":{"image_generator_settings":{"template":"highway","default_image_id":0,"font":"","enabled":false},"version":2}},"categories":[89],"tags":[],"class_list":["post-32370","post","type-post","status-publish","format-standard","has-post-thumbnail","hentry","category-educacion"],"yoast_head":"<!-- This site is optimized with the Yoast SEO plugin v27.5 - https:\/\/yoast.com\/product\/yoast-seo-wordpress\/ -->\n<title>El equipo de Gobierno del Ayuntamiento de Mula comprometido con la reapertura de la Extensi\u00f3n de la Escuela Oficial de Idiomas en el municipio - Ayuntamiento de Mula<\/title>\n<meta name=\"robots\" content=\"index, follow, max-snippet:-1, max-image-preview:large, max-video-preview:-1\" \/>\n<link rel=\"canonical\" href=\"https:\/\/mula.es\/web\/el-equipo-de-gobierno-del-ayuntamiento-de-mula-comprometido-con-la-reapertura-de-la-extension-de-la-escuela-oficial-de-idiomas-en-el-municipio\/\" \/>\n<meta property=\"og:locale\" content=\"es_ES\" \/>\n<meta property=\"og:type\" content=\"article\" \/>\n<meta property=\"og:title\" content=\"El equipo de Gobierno del Ayuntamiento de Mula comprometido con la reapertura de la Extensi\u00f3n de la Escuela Oficial de Idiomas en el municipio - Ayuntamiento de Mula\" \/>\n<meta property=\"og:url\" content=\"https:\/\/mula.es\/web\/el-equipo-de-gobierno-del-ayuntamiento-de-mula-comprometido-con-la-reapertura-de-la-extension-de-la-escuela-oficial-de-idiomas-en-el-municipio\/\" \/>\n<meta property=\"og:site_name\" content=\"Ayuntamiento de Mula\" \/>\n<meta property=\"article:published_time\" content=\"2020-03-03T07:32:42+00:00\" \/>\n<meta property=\"article:modified_time\" content=\"2021-05-12T18:10:11+00:00\" \/>\n<meta property=\"og:image\" content=\"https:\/\/i0.wp.com\/mula.es\/web\/wp-content\/uploads\/2016\/04\/escudo_ayto-1.png?fit=91%2C98&ssl=1\" \/>\n\t<meta property=\"og:image:width\" content=\"91\" \/>\n\t<meta property=\"og:image:height\" content=\"98\" \/>\n\t<meta property=\"og:image:type\" content=\"image\/png\" \/>\n<meta name=\"author\" content=\"Rosario Mart\u00ednez\" \/>\n<meta name=\"twitter:card\" content=\"summary_large_image\" \/>\n<meta name=\"twitter:creator\" content=\"@AyuntamientMula\" \/>\n<meta name=\"twitter:site\" content=\"@AyuntamientMula\" \/>\n<meta name=\"twitter:label1\" content=\"Escrito por\" \/>\n\t<meta name=\"twitter:data1\" content=\"Rosario Mart\u00ednez\" \/>\n\t<meta name=\"twitter:label2\" content=\"Tiempo de lectura\" \/>\n\t<meta name=\"twitter:data2\" content=\"3 minutos\" \/>\n<script type=\"application\/ld+json\" class=\"yoast-schema-graph\">{\"@context\":\"https:\\\/\\\/schema.org\",\"@graph\":[{\"@type\":\"Article\",\"@id\":\"https:\\\/\\\/mula.es\\\/web\\\/el-equipo-de-gobierno-del-ayuntamiento-de-mula-comprometido-con-la-reapertura-de-la-extension-de-la-escuela-oficial-de-idiomas-en-el-municipio\\\/#article\",\"isPartOf\":{\"@id\":\"https:\\\/\\\/mula.es\\\/web\\\/el-equipo-de-gobierno-del-ayuntamiento-de-mula-comprometido-con-la-reapertura-de-la-extension-de-la-escuela-oficial-de-idiomas-en-el-municipio\\\/\"},\"author\":{\"name\":\"Rosario Mart\u00ednez\",\"@id\":\"https:\\\/\\\/mula.es\\\/web\\\/#\\\/schema\\\/person\\\/f8d63bd3ab6e7b025268b909b7ab0771\"},\"headline\":\"El equipo de Gobierno del Ayuntamiento de Mula comprometido con la reapertura de la Extensi\u00f3n de la Escuela Oficial de Idiomas en el municipio\",\"datePublished\":\"2020-03-03T07:32:42+00:00\",\"dateModified\":\"2021-05-12T18:10:11+00:00\",\"mainEntityOfPage\":{\"@id\":\"https:\\\/\\\/mula.es\\\/web\\\/el-equipo-de-gobierno-del-ayuntamiento-de-mula-comprometido-con-la-reapertura-de-la-extension-de-la-escuela-oficial-de-idiomas-en-el-municipio\\\/\"},\"wordCount\":631,\"image\":{\"@id\":\"https:\\\/\\\/mula.es\\\/web\\\/el-equipo-de-gobierno-del-ayuntamiento-de-mula-comprometido-con-la-reapertura-de-la-extension-de-la-escuela-oficial-de-idiomas-en-el-municipio\\\/#primaryimage\"},\"thumbnailUrl\":\"https:\\\/\\\/mula.es\\\/web\\\/wp-content\\\/uploads\\\/2016\\\/04\\\/escudo_ayto-1.png\",\"articleSection\":[\"educaci\u00f3n\"],\"inLanguage\":\"es\"},{\"@type\":\"WebPage\",\"@id\":\"https:\\\/\\\/mula.es\\\/web\\\/el-equipo-de-gobierno-del-ayuntamiento-de-mula-comprometido-con-la-reapertura-de-la-extension-de-la-escuela-oficial-de-idiomas-en-el-municipio\\\/\",\"url\":\"https:\\\/\\\/mula.es\\\/web\\\/el-equipo-de-gobierno-del-ayuntamiento-de-mula-comprometido-con-la-reapertura-de-la-extension-de-la-escuela-oficial-de-idiomas-en-el-municipio\\\/\",\"name\":\"El equipo de Gobierno del Ayuntamiento de Mula comprometido con la reapertura de la Extensi\u00f3n de la Escuela Oficial de Idiomas en el municipio - Ayuntamiento de Mula\",\"isPartOf\":{\"@id\":\"https:\\\/\\\/mula.es\\\/web\\\/#website\"},\"primaryImageOfPage\":{\"@id\":\"https:\\\/\\\/mula.es\\\/web\\\/el-equipo-de-gobierno-del-ayuntamiento-de-mula-comprometido-con-la-reapertura-de-la-extension-de-la-escuela-oficial-de-idiomas-en-el-municipio\\\/#primaryimage\"},\"image\":{\"@id\":\"https:\\\/\\\/mula.es\\\/web\\\/el-equipo-de-gobierno-del-ayuntamiento-de-mula-comprometido-con-la-reapertura-de-la-extension-de-la-escuela-oficial-de-idiomas-en-el-municipio\\\/#primaryimage\"},\"thumbnailUrl\":\"https:\\\/\\\/mula.es\\\/web\\\/wp-content\\\/uploads\\\/2016\\\/04\\\/escudo_ayto-1.png\",\"datePublished\":\"2020-03-03T07:32:42+00:00\",\"dateModified\":\"2021-05-12T18:10:11+00:00\",\"author\":{\"@id\":\"https:\\\/\\\/mula.es\\\/web\\\/#\\\/schema\\\/person\\\/f8d63bd3ab6e7b025268b909b7ab0771\"},\"breadcrumb\":{\"@id\":\"https:\\\/\\\/mula.es\\\/web\\\/el-equipo-de-gobierno-del-ayuntamiento-de-mula-comprometido-con-la-reapertura-de-la-extension-de-la-escuela-oficial-de-idiomas-en-el-municipio\\\/#breadcrumb\"},\"inLanguage\":\"es\",\"potentialAction\":[{\"@type\":\"ReadAction\",\"target\":[\"https:\\\/\\\/mula.es\\\/web\\\/el-equipo-de-gobierno-del-ayuntamiento-de-mula-comprometido-con-la-reapertura-de-la-extension-de-la-escuela-oficial-de-idiomas-en-el-municipio\\\/\"]}]},{\"@type\":\"ImageObject\",\"inLanguage\":\"es\",\"@id\":\"https:\\\/\\\/mula.es\\\/web\\\/el-equipo-de-gobierno-del-ayuntamiento-de-mula-comprometido-con-la-reapertura-de-la-extension-de-la-escuela-oficial-de-idiomas-en-el-municipio\\\/#primaryimage\",\"url\":\"https:\\\/\\\/mula.es\\\/web\\\/wp-content\\\/uploads\\\/2016\\\/04\\\/escudo_ayto-1.png\",\"contentUrl\":\"https:\\\/\\\/mula.es\\\/web\\\/wp-content\\\/uploads\\\/2016\\\/04\\\/escudo_ayto-1.png\",\"width\":91,\"height\":98,\"caption\":\"escudo ayuntamiento\"},{\"@type\":\"BreadcrumbList\",\"@id\":\"https:\\\/\\\/mula.es\\\/web\\\/el-equipo-de-gobierno-del-ayuntamiento-de-mula-comprometido-con-la-reapertura-de-la-extension-de-la-escuela-oficial-de-idiomas-en-el-municipio\\\/#breadcrumb\",\"itemListElement\":[{\"@type\":\"ListItem\",\"position\":1,\"name\":\"Portada\",\"item\":\"https:\\\/\\\/mula.es\\\/web\\\/\"},{\"@type\":\"ListItem\",\"position\":2,\"name\":\"El equipo de Gobierno del Ayuntamiento de Mula comprometido con la reapertura de la Extensi\u00f3n de la Escuela Oficial de Idiomas en el municipio\"}]},{\"@type\":\"WebSite\",\"@id\":\"https:\\\/\\\/mula.es\\\/web\\\/#website\",\"url\":\"https:\\\/\\\/mula.es\\\/web\\\/\",\"name\":\"Ayuntamiento de Mula\",\"description\":\"P\u00e1gina web del Ayuntamiento de Mula (Regi\u00f3n de Murcia)\",\"potentialAction\":[{\"@type\":\"SearchAction\",\"target\":{\"@type\":\"EntryPoint\",\"urlTemplate\":\"https:\\\/\\\/mula.es\\\/web\\\/?s={search_term_string}\"},\"query-input\":{\"@type\":\"PropertyValueSpecification\",\"valueRequired\":true,\"valueName\":\"search_term_string\"}}],\"inLanguage\":\"es\"},{\"@type\":\"Person\",\"@id\":\"https:\\\/\\\/mula.es\\\/web\\\/#\\\/schema\\\/person\\\/f8d63bd3ab6e7b025268b909b7ab0771\",\"name\":\"Rosario Mart\u00ednez\",\"image\":{\"@type\":\"ImageObject\",\"inLanguage\":\"es\",\"@id\":\"https:\\\/\\\/secure.gravatar.com\\\/avatar\\\/ce916b980ac93e5b1d36e6068357675d4e089a572ebc8789fcb807c2fb2edfef?s=96&d=mm&r=g\",\"url\":\"https:\\\/\\\/secure.gravatar.com\\\/avatar\\\/ce916b980ac93e5b1d36e6068357675d4e089a572ebc8789fcb807c2fb2edfef?s=96&d=mm&r=g\",\"contentUrl\":\"https:\\\/\\\/secure.gravatar.com\\\/avatar\\\/ce916b980ac93e5b1d36e6068357675d4e089a572ebc8789fcb807c2fb2edfef?s=96&d=mm&r=g\",\"caption\":\"Rosario Mart\u00ednez\"},\"url\":\"https:\\\/\\\/mula.es\\\/web\\\/author\\\/rmartinez\\\/\"}]}<\/script>\n<!-- \/ Yoast SEO plugin. -->","yoast_head_json":{"title":"El equipo de Gobierno del Ayuntamiento de Mula comprometido con la reapertura de la Extensi\u00f3n de la Escuela Oficial de Idiomas en el municipio - Ayuntamiento de Mula","robots":{"index":"index","follow":"follow","max-snippet":"max-snippet:-1","max-image-preview":"max-image-preview:large","max-video-preview":"max-video-preview:-1"},"canonical":"https:\/\/mula.es\/web\/el-equipo-de-gobierno-del-ayuntamiento-de-mula-comprometido-con-la-reapertura-de-la-extension-de-la-escuela-oficial-de-idiomas-en-el-municipio\/","og_locale":"es_ES","og_type":"article","og_title":"El equipo de Gobierno del Ayuntamiento de Mula comprometido con la reapertura de la Extensi\u00f3n de la Escuela Oficial de Idiomas en el municipio - Ayuntamiento de Mula","og_url":"https:\/\/mula.es\/web\/el-equipo-de-gobierno-del-ayuntamiento-de-mula-comprometido-con-la-reapertura-de-la-extension-de-la-escuela-oficial-de-idiomas-en-el-municipio\/","og_site_name":"Ayuntamiento de Mula","article_published_time":"2020-03-03T07:32:42+00:00","article_modified_time":"2021-05-12T18:10:11+00:00","og_image":[{"width":91,"height":98,"url":"https:\/\/i0.wp.com\/mula.es\/web\/wp-content\/uploads\/2016\/04\/escudo_ayto-1.png?fit=91%2C98&ssl=1","type":"image\/png"}],"author":"Rosario Mart\u00ednez","twitter_card":"summary_large_image","twitter_creator":"@AyuntamientMula","twitter_site":"@AyuntamientMula","twitter_misc":{"Escrito por":"Rosario Mart\u00ednez","Tiempo de lectura":"3 minutos"},"schema":{"@context":"https:\/\/schema.org","@graph":[{"@type":"Article","@id":"https:\/\/mula.es\/web\/el-equipo-de-gobierno-del-ayuntamiento-de-mula-comprometido-con-la-reapertura-de-la-extension-de-la-escuela-oficial-de-idiomas-en-el-municipio\/#article","isPartOf":{"@id":"https:\/\/mula.es\/web\/el-equipo-de-gobierno-del-ayuntamiento-de-mula-comprometido-con-la-reapertura-de-la-extension-de-la-escuela-oficial-de-idiomas-en-el-municipio\/"},"author":{"name":"Rosario Mart\u00ednez","@id":"https:\/\/mula.es\/web\/#\/schema\/person\/f8d63bd3ab6e7b025268b909b7ab0771"},"headline":"El equipo de Gobierno del Ayuntamiento de Mula comprometido con la reapertura de la Extensi\u00f3n de la Escuela Oficial de Idiomas en el municipio","datePublished":"2020-03-03T07:32:42+00:00","dateModified":"2021-05-12T18:10:11+00:00","mainEntityOfPage":{"@id":"https:\/\/mula.es\/web\/el-equipo-de-gobierno-del-ayuntamiento-de-mula-comprometido-con-la-reapertura-de-la-extension-de-la-escuela-oficial-de-idiomas-en-el-municipio\/"},"wordCount":631,"image":{"@id":"https:\/\/mula.es\/web\/el-equipo-de-gobierno-del-ayuntamiento-de-mula-comprometido-con-la-reapertura-de-la-extension-de-la-escuela-oficial-de-idiomas-en-el-municipio\/#primaryimage"},"thumbnailUrl":"https:\/\/mula.es\/web\/wp-content\/uploads\/2016\/04\/escudo_ayto-1.png","articleSection":["educaci\u00f3n"],"inLanguage":"es"},{"@type":"WebPage","@id":"https:\/\/mula.es\/web\/el-equipo-de-gobierno-del-ayuntamiento-de-mula-comprometido-con-la-reapertura-de-la-extension-de-la-escuela-oficial-de-idiomas-en-el-municipio\/","url":"https:\/\/mula.es\/web\/el-equipo-de-gobierno-del-ayuntamiento-de-mula-comprometido-con-la-reapertura-de-la-extension-de-la-escuela-oficial-de-idiomas-en-el-municipio\/","name":"El equipo de Gobierno del Ayuntamiento de Mula comprometido con la reapertura de la Extensi\u00f3n de la Escuela Oficial de Idiomas en el municipio - Ayuntamiento de Mula","isPartOf":{"@id":"https:\/\/mula.es\/web\/#website"},"primaryImageOfPage":{"@id":"https:\/\/mula.es\/web\/el-equipo-de-gobierno-del-ayuntamiento-de-mula-comprometido-con-la-reapertura-de-la-extension-de-la-escuela-oficial-de-idiomas-en-el-municipio\/#primaryimage"},"image":{"@id":"https:\/\/mula.es\/web\/el-equipo-de-gobierno-del-ayuntamiento-de-mula-comprometido-con-la-reapertura-de-la-extension-de-la-escuela-oficial-de-idiomas-en-el-municipio\/#primaryimage"},"thumbnailUrl":"https:\/\/mula.es\/web\/wp-content\/uploads\/2016\/04\/escudo_ayto-1.png","datePublished":"2020-03-03T07:32:42+00:00","dateModified":"2021-05-12T18:10:11+00:00","author":{"@id":"https:\/\/mula.es\/web\/#\/schema\/person\/f8d63bd3ab6e7b025268b909b7ab0771"},"breadcrumb":{"@id":"https:\/\/mula.es\/web\/el-equipo-de-gobierno-del-ayuntamiento-de-mula-comprometido-con-la-reapertura-de-la-extension-de-la-escuela-oficial-de-idiomas-en-el-municipio\/#breadcrumb"},"inLanguage":"es","potentialAction":[{"@type":"ReadAction","target":["https:\/\/mula.es\/web\/el-equipo-de-gobierno-del-ayuntamiento-de-mula-comprometido-con-la-reapertura-de-la-extension-de-la-escuela-oficial-de-idiomas-en-el-municipio\/"]}]},{"@type":"ImageObject","inLanguage":"es","@id":"https:\/\/mula.es\/web\/el-equipo-de-gobierno-del-ayuntamiento-de-mula-comprometido-con-la-reapertura-de-la-extension-de-la-escuela-oficial-de-idiomas-en-el-municipio\/#primaryimage","url":"https:\/\/mula.es\/web\/wp-content\/uploads\/2016\/04\/escudo_ayto-1.png","contentUrl":"https:\/\/mula.es\/web\/wp-content\/uploads\/2016\/04\/escudo_ayto-1.png","width":91,"height":98,"caption":"escudo ayuntamiento"},{"@type":"BreadcrumbList","@id":"https:\/\/mula.es\/web\/el-equipo-de-gobierno-del-ayuntamiento-de-mula-comprometido-con-la-reapertura-de-la-extension-de-la-escuela-oficial-de-idiomas-en-el-municipio\/#breadcrumb","itemListElement":[{"@type":"ListItem","position":1,"name":"Portada","item":"https:\/\/mula.es\/web\/"},{"@type":"ListItem","position":2,"name":"El equipo de Gobierno del Ayuntamiento de Mula comprometido con la reapertura de la Extensi\u00f3n de la Escuela Oficial de Idiomas en el municipio"}]},{"@type":"WebSite","@id":"https:\/\/mula.es\/web\/#website","url":"https:\/\/mula.es\/web\/","name":"Ayuntamiento de Mula","description":"P\u00e1gina web del Ayuntamiento de Mula (Regi\u00f3n de Murcia)","potentialAction":[{"@type":"SearchAction","target":{"@type":"EntryPoint","urlTemplate":"https:\/\/mula.es\/web\/?s={search_term_string}"},"query-input":{"@type":"PropertyValueSpecification","valueRequired":true,"valueName":"search_term_string"}}],"inLanguage":"es"},{"@type":"Person","@id":"https:\/\/mula.es\/web\/#\/schema\/person\/f8d63bd3ab6e7b025268b909b7ab0771","name":"Rosario Mart\u00ednez","image":{"@type":"ImageObject","inLanguage":"es","@id":"https:\/\/secure.gravatar.com\/avatar\/ce916b980ac93e5b1d36e6068357675d4e089a572ebc8789fcb807c2fb2edfef?s=96&d=mm&r=g","url":"https:\/\/secure.gravatar.com\/avatar\/ce916b980ac93e5b1d36e6068357675d4e089a572ebc8789fcb807c2fb2edfef?s=96&d=mm&r=g","contentUrl":"https:\/\/secure.gravatar.com\/avatar\/ce916b980ac93e5b1d36e6068357675d4e089a572ebc8789fcb807c2fb2edfef?s=96&d=mm&r=g","caption":"Rosario Mart\u00ednez"},"url":"https:\/\/mula.es\/web\/author\/rmartinez\/"}]}},"jetpack_publicize_connections":[],"jetpack_featured_media_url":"https:\/\/mula.es\/web\/wp-content\/uploads\/2016\/04\/escudo_ayto-1.png","jetpack_sharing_enabled":true,"jetpack_shortlink":"https:\/\/wp.me\/pa9DMY-8q6","jetpack-related-posts":[],"_links":{"self":[{"href":"https:\/\/mula.es\/web\/wp-json\/wp\/v2\/posts\/32370","targetHints":{"allow":["GET"]}}],"collection":[{"href":"https:\/\/mula.es\/web\/wp-json\/wp\/v2\/posts"}],"about":[{"href":"https:\/\/mula.es\/web\/wp-json\/wp\/v2\/types\/post"}],"author":[{"embeddable":true,"href":"https:\/\/mula.es\/web\/wp-json\/wp\/v2\/users\/9"}],"replies":[{"embeddable":true,"href":"https:\/\/mula.es\/web\/wp-json\/wp\/v2\/comments?post=32370"}],"version-history":[{"count":2,"href":"https:\/\/mula.es\/web\/wp-json\/wp\/v2\/posts\/32370\/revisions"}],"predecessor-version":[{"id":38913,"href":"https:\/\/mula.es\/web\/wp-json\/wp\/v2\/posts\/32370\/revisions\/38913"}],"wp:featuredmedia":[{"embeddable":true,"href":"https:\/\/mula.es\/web\/wp-json\/wp\/v2\/media\/15914"}],"wp:attachment":[{"href":"https:\/\/mula.es\/web\/wp-json\/wp\/v2\/media?parent=32370"}],"wp:term":[{"taxonomy":"category","embeddable":true,"href":"https:\/\/mula.es\/web\/wp-json\/wp\/v2\/categories?post=32370"},{"taxonomy":"post_tag","embeddable":true,"href":"https:\/\/mula.es\/web\/wp-json\/wp\/v2\/tags?post=32370"}],"curies":[{"name":"wp","href":"https:\/\/api.w.org\/{rel}","templated":true}]}}