{"id":32450,"date":"2020-03-06T08:41:36","date_gmt":"2020-03-06T07:41:36","guid":{"rendered":"http:\/\/mula.es\/web\/?p=32450"},"modified":"2021-05-12T20:10:08","modified_gmt":"2021-05-12T18:10:08","slug":"inauguracion-de-la-exposicion-pictorica-pinceladas-de-mujer-organizada-por-el-centro-de-la-mujer-8-de-marzo-y-la-concejalia-de-mujer-e-igualdad","status":"publish","type":"post","link":"https:\/\/mula.es\/web\/inauguracion-de-la-exposicion-pictorica-pinceladas-de-mujer-organizada-por-el-centro-de-la-mujer-8-de-marzo-y-la-concejalia-de-mujer-e-igualdad\/","title":{"rendered":"Inauguraci\u00f3n de la exposici\u00f3n pict\u00f3rica \u00abPinceladas de mujer\u00bb organizada por el Centro de la Mujer \u00ab8 de Marzo\u00bb y la Concejal\u00eda de Mujer e Igualdad"},"content":{"rendered":"<div class=\"fusion-fullwidth fullwidth-box fusion-builder-row-1 fusion-flex-container hundred-percent-fullwidth non-hundred-percent-height-scrolling\" style=\"--awb-border-radius-top-left:0px;--awb-border-radius-top-right:0px;--awb-border-radius-bottom-right:0px;--awb-border-radius-bottom-left:0px;--awb-overflow:visible;--awb-flex-wrap:wrap;\" ><div class=\"fusion-builder-row fusion-row fusion-flex-align-items-flex-start fusion-flex-content-wrap\" style=\"width:calc( 100% + 0px ) !important;max-width:calc( 100% + 0px ) !important;margin-left: calc(-0px \/ 2 );margin-right: calc(-0px \/ 2 );\"><div class=\"fusion-layout-column fusion_builder_column fusion-builder-column-0 fusion_builder_column_1_1 1_1 fusion-flex-column\" style=\"--awb-bg-size:cover;--awb-width-large:100%;--awb-margin-top-large:0px;--awb-spacing-right-large:0px;--awb-margin-bottom-large:20px;--awb-spacing-left-large:0px;--awb-width-medium:100%;--awb-spacing-right-medium:0px;--awb-spacing-left-medium:0px;--awb-width-small:100%;--awb-spacing-right-small:0px;--awb-spacing-left-small:0px;\"><div class=\"fusion-column-wrapper fusion-flex-justify-content-flex-start fusion-content-layout-column\"><div class=\"fusion-text fusion-text-1\"><p style=\"text-align: justify;\">Ayer por la tarde tuvo lugar la inauguraci\u00f3n de la exposici\u00f3n pict\u00f3rica \u00abPinceladas de Mujer\u00bb organizada por el centro municipal de la mujer \u00ab8 de marzo\u00bb y por la Concejal\u00eda de Mujer e Igualdad, a ella asistieron el alcalde Juan Jes\u00fas Moreno y la Concejal de Mujer e Igualdad, Pilar Gil junto con otros concejales del equipo de gobierno. La exposici\u00f3n, compuesta por unas 50 pinturas aprox., hace un recorrido por diferentes temas entre los que se pueden ver bodegones, paisajes, donde se contempla diferentes paisajes de Mula, o escenas de la vida cotidiana. Las pinturas est\u00e1n realizadas con diferentes t\u00e9cnicas como el \u00f3leo o acuarela. En definitiva, est\u00e1 exposici\u00f3n hecha por mujeres es una reivindicaci\u00f3n de la mujer dentro del arte.<\/p>\n<\/div><div class=\"fusion-image-carousel fusion-image-carousel-auto fusion-image-carousel-1 lightbox-enabled fusion-carousel-border\"><div class=\"awb-carousel awb-swiper awb-swiper-carousel awb-carousel--carousel awb-swiper-dots-position-bottom\" data-layout=\"carousel\" data-autoplay=\"no\" data-autoplayspeed=\"2500\" data-autoplaypause=\"no\" data-loop=\"yes\" data-columns=\"2\" data-columnsmedium=\"1\" data-columnssmall=\"1\" data-itemmargin=\"13\" data-itemwidth=\"180\" data-touchscroll=\"no\" data-freemode=\"no\" data-imagesize=\"auto\" data-scrollitems=\"0\" data-centeredslides=\"no\" data-rotationangle=\"50\" data-depth=\"100\" data-speed=\"500\" data-shadow=\"no\" data-pagination=\"bullets\" style=\"--awb-columns:2;--awb-border-width:1px;--awb-border-color:#e9eaee;\"><div class=\"swiper-wrapper awb-image-carousel-wrapper fusion-flex-align-items-center\"><div class=\"swiper-slide\"><div class=\"fusion-carousel-item-wrapper\"><div class=\"fusion-image-wrapper hover-type-none\"><a data-rel=\"iLightbox[image_carousel_1]\" data-title=\"IMG-20200306-WA0007\" aria-label=\"IMG-20200306-WA0007\" href=\"https:\/\/mula.es\/web\/wp-content\/uploads\/2020\/03\/IMG-20200306-WA0007-1024x768.jpg\" target=\"_self\"><img decoding=\"async\" width=\"1080\" height=\"810\" src=\"https:\/\/mula.es\/web\/wp-content\/uploads\/2020\/03\/IMG-20200306-WA0007.jpg\" class=\"attachment-full size-full\" alt=\"\" srcset=\"https:\/\/mula.es\/web\/wp-content\/uploads\/2020\/03\/IMG-20200306-WA0007-200x150.jpg 200w, https:\/\/mula.es\/web\/wp-content\/uploads\/2020\/03\/IMG-20200306-WA0007-400x300.jpg 400w, https:\/\/mula.es\/web\/wp-content\/uploads\/2020\/03\/IMG-20200306-WA0007-600x450.jpg 600w, https:\/\/mula.es\/web\/wp-content\/uploads\/2020\/03\/IMG-20200306-WA0007-800x600.jpg 800w, https:\/\/mula.es\/web\/wp-content\/uploads\/2020\/03\/IMG-20200306-WA0007.jpg 1080w\" sizes=\"(min-width: 2200px) 100vw, (min-width: 712px) 544px, (min-width: 640px) 712px, \" data-attachment-id=\"32453\" data-permalink=\"https:\/\/mula.es\/web\/inauguracion-de-la-exposicion-pictorica-pinceladas-de-mujer-organizada-por-el-centro-de-la-mujer-8-de-marzo-y-la-concejalia-de-mujer-e-igualdad\/img-20200306-wa0007\/\" data-orig-file=\"https:\/\/mula.es\/web\/wp-content\/uploads\/2020\/03\/IMG-20200306-WA0007.jpg\" data-orig-size=\"1080,810\" data-comments-opened=\"0\" data-image-meta=\"{&quot;aperture&quot;:&quot;0&quot;,&quot;credit&quot;:&quot;&quot;,&quot;camera&quot;:&quot;&quot;,&quot;caption&quot;:&quot;&quot;,&quot;created_timestamp&quot;:&quot;0&quot;,&quot;copyright&quot;:&quot;&quot;,&quot;focal_length&quot;:&quot;0&quot;,&quot;iso&quot;:&quot;0&quot;,&quot;shutter_speed&quot;:&quot;0&quot;,&quot;title&quot;:&quot;&quot;,&quot;orientation&quot;:&quot;0&quot;}\" data-image-title=\"IMG-20200306-WA0007\" data-image-description=\"\" data-image-caption=\"\" data-large-file=\"https:\/\/mula.es\/web\/wp-content\/uploads\/2020\/03\/IMG-20200306-WA0007-1024x768.jpg\" \/><\/a><\/div><\/div><\/div><div class=\"swiper-slide\"><div class=\"fusion-carousel-item-wrapper\"><div class=\"fusion-image-wrapper hover-type-none\"><a data-rel=\"iLightbox[image_carousel_1]\" data-title=\"IMG-20200306-WA0005\" aria-label=\"IMG-20200306-WA0005\" href=\"https:\/\/mula.es\/web\/wp-content\/uploads\/2020\/03\/IMG-20200306-WA0005-1024x768.jpg\" target=\"_self\"><img decoding=\"async\" width=\"1080\" height=\"810\" src=\"https:\/\/mula.es\/web\/wp-content\/uploads\/2020\/03\/IMG-20200306-WA0005.jpg\" class=\"attachment-full size-full\" alt=\"\" srcset=\"https:\/\/mula.es\/web\/wp-content\/uploads\/2020\/03\/IMG-20200306-WA0005-200x150.jpg 200w, https:\/\/mula.es\/web\/wp-content\/uploads\/2020\/03\/IMG-20200306-WA0005-400x300.jpg 400w, https:\/\/mula.es\/web\/wp-content\/uploads\/2020\/03\/IMG-20200306-WA0005-600x450.jpg 600w, https:\/\/mula.es\/web\/wp-content\/uploads\/2020\/03\/IMG-20200306-WA0005-800x600.jpg 800w, https:\/\/mula.es\/web\/wp-content\/uploads\/2020\/03\/IMG-20200306-WA0005.jpg 1080w\" sizes=\"(min-width: 2200px) 100vw, (min-width: 712px) 544px, (min-width: 640px) 712px, \" data-attachment-id=\"32454\" data-permalink=\"https:\/\/mula.es\/web\/inauguracion-de-la-exposicion-pictorica-pinceladas-de-mujer-organizada-por-el-centro-de-la-mujer-8-de-marzo-y-la-concejalia-de-mujer-e-igualdad\/img-20200306-wa0005\/\" data-orig-file=\"https:\/\/mula.es\/web\/wp-content\/uploads\/2020\/03\/IMG-20200306-WA0005.jpg\" data-orig-size=\"1080,810\" data-comments-opened=\"0\" data-image-meta=\"{&quot;aperture&quot;:&quot;0&quot;,&quot;credit&quot;:&quot;&quot;,&quot;camera&quot;:&quot;&quot;,&quot;caption&quot;:&quot;&quot;,&quot;created_timestamp&quot;:&quot;0&quot;,&quot;copyright&quot;:&quot;&quot;,&quot;focal_length&quot;:&quot;0&quot;,&quot;iso&quot;:&quot;0&quot;,&quot;shutter_speed&quot;:&quot;0&quot;,&quot;title&quot;:&quot;&quot;,&quot;orientation&quot;:&quot;0&quot;}\" data-image-title=\"IMG-20200306-WA0005\" data-image-description=\"\" data-image-caption=\"\" data-large-file=\"https:\/\/mula.es\/web\/wp-content\/uploads\/2020\/03\/IMG-20200306-WA0005-1024x768.jpg\" \/><\/a><\/div><\/div><\/div><\/div><div class=\"awb-swiper-button awb-swiper-button-prev\"><i class=\"awb-icon-angle-left\" aria-hidden=\"true\"><\/i><\/div><div class=\"awb-swiper-button awb-swiper-button-next\"><i class=\"awb-icon-angle-right\" aria-hidden=\"true\"><\/i><\/div><\/div><\/div><\/div><\/div><\/div><\/div>\n","protected":false},"excerpt":{"rendered":"","protected":false},"author":9,"featured_media":32451,"comment_status":"closed","ping_status":"closed","sticky":false,"template":"","format":"standard","meta":{"jetpack_post_was_ever_published":false,"_jetpack_newsletter_access":"","_jetpack_dont_email_post_to_subs":false,"_jetpack_newsletter_tier_id":0,"_jetpack_memberships_contains_paywalled_content":false,"_jetpack_memberships_contains_paid_content":false,"footnotes":"","jetpack_publicize_message":"","jetpack_publicize_feature_enabled":true,"jetpack_social_post_already_shared":true,"jetpack_social_options":{"image_generator_settings":{"template":"highway","default_image_id":0,"font":"","enabled":false},"version":2}},"categories":[147,116],"tags":[],"class_list":["post-32450","post","type-post","status-publish","format-standard","has-post-thumbnail","hentry","category-igualdad","category-mujer"],"yoast_head":"<!-- This site is optimized with the Yoast SEO plugin v27.4 - https:\/\/yoast.com\/product\/yoast-seo-wordpress\/ -->\n<title>Inauguraci\u00f3n de la exposici\u00f3n pict\u00f3rica &quot;Pinceladas de mujer&quot; organizada por el Centro de la Mujer &quot;8 de Marzo&quot; y la Concejal\u00eda de Mujer e Igualdad - Ayuntamiento de Mula<\/title>\n<meta name=\"robots\" content=\"index, follow, max-snippet:-1, max-image-preview:large, max-video-preview:-1\" \/>\n<link rel=\"canonical\" href=\"https:\/\/mula.es\/web\/inauguracion-de-la-exposicion-pictorica-pinceladas-de-mujer-organizada-por-el-centro-de-la-mujer-8-de-marzo-y-la-concejalia-de-mujer-e-igualdad\/\" \/>\n<meta property=\"og:locale\" content=\"es_ES\" \/>\n<meta property=\"og:type\" content=\"article\" \/>\n<meta property=\"og:title\" content=\"Inauguraci\u00f3n de la exposici\u00f3n pict\u00f3rica &quot;Pinceladas de mujer&quot; organizada por el Centro de la Mujer &quot;8 de Marzo&quot; y la Concejal\u00eda de Mujer e Igualdad - Ayuntamiento de Mula\" \/>\n<meta property=\"og:url\" content=\"https:\/\/mula.es\/web\/inauguracion-de-la-exposicion-pictorica-pinceladas-de-mujer-organizada-por-el-centro-de-la-mujer-8-de-marzo-y-la-concejalia-de-mujer-e-igualdad\/\" \/>\n<meta property=\"og:site_name\" content=\"Ayuntamiento de Mula\" \/>\n<meta property=\"article:published_time\" content=\"2020-03-06T07:41:36+00:00\" \/>\n<meta property=\"article:modified_time\" content=\"2021-05-12T18:10:08+00:00\" \/>\n<meta property=\"og:image\" content=\"https:\/\/i0.wp.com\/mula.es\/web\/wp-content\/uploads\/2020\/03\/image0.jpeg?fit=1599%2C1200&ssl=1\" \/>\n\t<meta property=\"og:image:width\" content=\"1599\" \/>\n\t<meta property=\"og:image:height\" content=\"1200\" \/>\n\t<meta property=\"og:image:type\" content=\"image\/jpeg\" \/>\n<meta name=\"author\" content=\"Rosario Mart\u00ednez\" \/>\n<meta name=\"twitter:card\" content=\"summary_large_image\" \/>\n<meta name=\"twitter:creator\" content=\"@AyuntamientMula\" \/>\n<meta name=\"twitter:site\" content=\"@AyuntamientMula\" \/>\n<meta name=\"twitter:label1\" content=\"Escrito por\" \/>\n\t<meta name=\"twitter:data1\" content=\"Rosario Mart\u00ednez\" \/>\n\t<meta name=\"twitter:label2\" content=\"Tiempo de lectura\" \/>\n\t<meta name=\"twitter:data2\" content=\"1 minuto\" \/>\n<script type=\"application\/ld+json\" class=\"yoast-schema-graph\">{\"@context\":\"https:\\\/\\\/schema.org\",\"@graph\":[{\"@type\":\"Article\",\"@id\":\"https:\\\/\\\/mula.es\\\/web\\\/inauguracion-de-la-exposicion-pictorica-pinceladas-de-mujer-organizada-por-el-centro-de-la-mujer-8-de-marzo-y-la-concejalia-de-mujer-e-igualdad\\\/#article\",\"isPartOf\":{\"@id\":\"https:\\\/\\\/mula.es\\\/web\\\/inauguracion-de-la-exposicion-pictorica-pinceladas-de-mujer-organizada-por-el-centro-de-la-mujer-8-de-marzo-y-la-concejalia-de-mujer-e-igualdad\\\/\"},\"author\":{\"name\":\"Rosario Mart\u00ednez\",\"@id\":\"https:\\\/\\\/mula.es\\\/web\\\/#\\\/schema\\\/person\\\/f8d63bd3ab6e7b025268b909b7ab0771\"},\"headline\":\"Inauguraci\u00f3n de la exposici\u00f3n pict\u00f3rica \u00abPinceladas de mujer\u00bb organizada por el Centro de la Mujer \u00ab8 de Marzo\u00bb y la Concejal\u00eda de Mujer e Igualdad\",\"datePublished\":\"2020-03-06T07:41:36+00:00\",\"dateModified\":\"2021-05-12T18:10:08+00:00\",\"mainEntityOfPage\":{\"@id\":\"https:\\\/\\\/mula.es\\\/web\\\/inauguracion-de-la-exposicion-pictorica-pinceladas-de-mujer-organizada-por-el-centro-de-la-mujer-8-de-marzo-y-la-concejalia-de-mujer-e-igualdad\\\/\"},\"wordCount\":302,\"image\":{\"@id\":\"https:\\\/\\\/mula.es\\\/web\\\/inauguracion-de-la-exposicion-pictorica-pinceladas-de-mujer-organizada-por-el-centro-de-la-mujer-8-de-marzo-y-la-concejalia-de-mujer-e-igualdad\\\/#primaryimage\"},\"thumbnailUrl\":\"https:\\\/\\\/mula.es\\\/web\\\/wp-content\\\/uploads\\\/2020\\\/03\\\/image0.jpeg\",\"articleSection\":[\"igualdad\",\"mujer\"],\"inLanguage\":\"es\"},{\"@type\":\"WebPage\",\"@id\":\"https:\\\/\\\/mula.es\\\/web\\\/inauguracion-de-la-exposicion-pictorica-pinceladas-de-mujer-organizada-por-el-centro-de-la-mujer-8-de-marzo-y-la-concejalia-de-mujer-e-igualdad\\\/\",\"url\":\"https:\\\/\\\/mula.es\\\/web\\\/inauguracion-de-la-exposicion-pictorica-pinceladas-de-mujer-organizada-por-el-centro-de-la-mujer-8-de-marzo-y-la-concejalia-de-mujer-e-igualdad\\\/\",\"name\":\"Inauguraci\u00f3n de la exposici\u00f3n pict\u00f3rica \\\"Pinceladas de mujer\\\" organizada por el Centro de la Mujer \\\"8 de Marzo\\\" y la Concejal\u00eda de Mujer e Igualdad - Ayuntamiento de Mula\",\"isPartOf\":{\"@id\":\"https:\\\/\\\/mula.es\\\/web\\\/#website\"},\"primaryImageOfPage\":{\"@id\":\"https:\\\/\\\/mula.es\\\/web\\\/inauguracion-de-la-exposicion-pictorica-pinceladas-de-mujer-organizada-por-el-centro-de-la-mujer-8-de-marzo-y-la-concejalia-de-mujer-e-igualdad\\\/#primaryimage\"},\"image\":{\"@id\":\"https:\\\/\\\/mula.es\\\/web\\\/inauguracion-de-la-exposicion-pictorica-pinceladas-de-mujer-organizada-por-el-centro-de-la-mujer-8-de-marzo-y-la-concejalia-de-mujer-e-igualdad\\\/#primaryimage\"},\"thumbnailUrl\":\"https:\\\/\\\/mula.es\\\/web\\\/wp-content\\\/uploads\\\/2020\\\/03\\\/image0.jpeg\",\"datePublished\":\"2020-03-06T07:41:36+00:00\",\"dateModified\":\"2021-05-12T18:10:08+00:00\",\"author\":{\"@id\":\"https:\\\/\\\/mula.es\\\/web\\\/#\\\/schema\\\/person\\\/f8d63bd3ab6e7b025268b909b7ab0771\"},\"breadcrumb\":{\"@id\":\"https:\\\/\\\/mula.es\\\/web\\\/inauguracion-de-la-exposicion-pictorica-pinceladas-de-mujer-organizada-por-el-centro-de-la-mujer-8-de-marzo-y-la-concejalia-de-mujer-e-igualdad\\\/#breadcrumb\"},\"inLanguage\":\"es\",\"potentialAction\":[{\"@type\":\"ReadAction\",\"target\":[\"https:\\\/\\\/mula.es\\\/web\\\/inauguracion-de-la-exposicion-pictorica-pinceladas-de-mujer-organizada-por-el-centro-de-la-mujer-8-de-marzo-y-la-concejalia-de-mujer-e-igualdad\\\/\"]}]},{\"@type\":\"ImageObject\",\"inLanguage\":\"es\",\"@id\":\"https:\\\/\\\/mula.es\\\/web\\\/inauguracion-de-la-exposicion-pictorica-pinceladas-de-mujer-organizada-por-el-centro-de-la-mujer-8-de-marzo-y-la-concejalia-de-mujer-e-igualdad\\\/#primaryimage\",\"url\":\"https:\\\/\\\/mula.es\\\/web\\\/wp-content\\\/uploads\\\/2020\\\/03\\\/image0.jpeg\",\"contentUrl\":\"https:\\\/\\\/mula.es\\\/web\\\/wp-content\\\/uploads\\\/2020\\\/03\\\/image0.jpeg\",\"width\":1599,\"height\":1200},{\"@type\":\"BreadcrumbList\",\"@id\":\"https:\\\/\\\/mula.es\\\/web\\\/inauguracion-de-la-exposicion-pictorica-pinceladas-de-mujer-organizada-por-el-centro-de-la-mujer-8-de-marzo-y-la-concejalia-de-mujer-e-igualdad\\\/#breadcrumb\",\"itemListElement\":[{\"@type\":\"ListItem\",\"position\":1,\"name\":\"Portada\",\"item\":\"https:\\\/\\\/mula.es\\\/web\\\/\"},{\"@type\":\"ListItem\",\"position\":2,\"name\":\"Inauguraci\u00f3n de la exposici\u00f3n pict\u00f3rica \u00abPinceladas de mujer\u00bb organizada por el Centro de la Mujer \u00ab8 de Marzo\u00bb y la Concejal\u00eda de Mujer e Igualdad\"}]},{\"@type\":\"WebSite\",\"@id\":\"https:\\\/\\\/mula.es\\\/web\\\/#website\",\"url\":\"https:\\\/\\\/mula.es\\\/web\\\/\",\"name\":\"Ayuntamiento de Mula\",\"description\":\"P\u00e1gina web del Ayuntamiento de Mula (Regi\u00f3n de Murcia)\",\"potentialAction\":[{\"@type\":\"SearchAction\",\"target\":{\"@type\":\"EntryPoint\",\"urlTemplate\":\"https:\\\/\\\/mula.es\\\/web\\\/?s={search_term_string}\"},\"query-input\":{\"@type\":\"PropertyValueSpecification\",\"valueRequired\":true,\"valueName\":\"search_term_string\"}}],\"inLanguage\":\"es\"},{\"@type\":\"Person\",\"@id\":\"https:\\\/\\\/mula.es\\\/web\\\/#\\\/schema\\\/person\\\/f8d63bd3ab6e7b025268b909b7ab0771\",\"name\":\"Rosario Mart\u00ednez\",\"image\":{\"@type\":\"ImageObject\",\"inLanguage\":\"es\",\"@id\":\"https:\\\/\\\/secure.gravatar.com\\\/avatar\\\/ce916b980ac93e5b1d36e6068357675d4e089a572ebc8789fcb807c2fb2edfef?s=96&d=mm&r=g\",\"url\":\"https:\\\/\\\/secure.gravatar.com\\\/avatar\\\/ce916b980ac93e5b1d36e6068357675d4e089a572ebc8789fcb807c2fb2edfef?s=96&d=mm&r=g\",\"contentUrl\":\"https:\\\/\\\/secure.gravatar.com\\\/avatar\\\/ce916b980ac93e5b1d36e6068357675d4e089a572ebc8789fcb807c2fb2edfef?s=96&d=mm&r=g\",\"caption\":\"Rosario Mart\u00ednez\"},\"url\":\"https:\\\/\\\/mula.es\\\/web\\\/author\\\/rmartinez\\\/\"}]}<\/script>\n<!-- \/ Yoast SEO plugin. -->","yoast_head_json":{"title":"Inauguraci\u00f3n de la exposici\u00f3n pict\u00f3rica \"Pinceladas de mujer\" organizada por el Centro de la Mujer \"8 de Marzo\" y la Concejal\u00eda de Mujer e Igualdad - Ayuntamiento de Mula","robots":{"index":"index","follow":"follow","max-snippet":"max-snippet:-1","max-image-preview":"max-image-preview:large","max-video-preview":"max-video-preview:-1"},"canonical":"https:\/\/mula.es\/web\/inauguracion-de-la-exposicion-pictorica-pinceladas-de-mujer-organizada-por-el-centro-de-la-mujer-8-de-marzo-y-la-concejalia-de-mujer-e-igualdad\/","og_locale":"es_ES","og_type":"article","og_title":"Inauguraci\u00f3n de la exposici\u00f3n pict\u00f3rica \"Pinceladas de mujer\" organizada por el Centro de la Mujer \"8 de Marzo\" y la Concejal\u00eda de Mujer e Igualdad - Ayuntamiento de Mula","og_url":"https:\/\/mula.es\/web\/inauguracion-de-la-exposicion-pictorica-pinceladas-de-mujer-organizada-por-el-centro-de-la-mujer-8-de-marzo-y-la-concejalia-de-mujer-e-igualdad\/","og_site_name":"Ayuntamiento de Mula","article_published_time":"2020-03-06T07:41:36+00:00","article_modified_time":"2021-05-12T18:10:08+00:00","og_image":[{"width":1599,"height":1200,"url":"https:\/\/i0.wp.com\/mula.es\/web\/wp-content\/uploads\/2020\/03\/image0.jpeg?fit=1599%2C1200&ssl=1","type":"image\/jpeg"}],"author":"Rosario Mart\u00ednez","twitter_card":"summary_large_image","twitter_creator":"@AyuntamientMula","twitter_site":"@AyuntamientMula","twitter_misc":{"Escrito por":"Rosario Mart\u00ednez","Tiempo de lectura":"1 minuto"},"schema":{"@context":"https:\/\/schema.org","@graph":[{"@type":"Article","@id":"https:\/\/mula.es\/web\/inauguracion-de-la-exposicion-pictorica-pinceladas-de-mujer-organizada-por-el-centro-de-la-mujer-8-de-marzo-y-la-concejalia-de-mujer-e-igualdad\/#article","isPartOf":{"@id":"https:\/\/mula.es\/web\/inauguracion-de-la-exposicion-pictorica-pinceladas-de-mujer-organizada-por-el-centro-de-la-mujer-8-de-marzo-y-la-concejalia-de-mujer-e-igualdad\/"},"author":{"name":"Rosario Mart\u00ednez","@id":"https:\/\/mula.es\/web\/#\/schema\/person\/f8d63bd3ab6e7b025268b909b7ab0771"},"headline":"Inauguraci\u00f3n de la exposici\u00f3n pict\u00f3rica \u00abPinceladas de mujer\u00bb organizada por el Centro de la Mujer \u00ab8 de Marzo\u00bb y la Concejal\u00eda de Mujer e Igualdad","datePublished":"2020-03-06T07:41:36+00:00","dateModified":"2021-05-12T18:10:08+00:00","mainEntityOfPage":{"@id":"https:\/\/mula.es\/web\/inauguracion-de-la-exposicion-pictorica-pinceladas-de-mujer-organizada-por-el-centro-de-la-mujer-8-de-marzo-y-la-concejalia-de-mujer-e-igualdad\/"},"wordCount":302,"image":{"@id":"https:\/\/mula.es\/web\/inauguracion-de-la-exposicion-pictorica-pinceladas-de-mujer-organizada-por-el-centro-de-la-mujer-8-de-marzo-y-la-concejalia-de-mujer-e-igualdad\/#primaryimage"},"thumbnailUrl":"https:\/\/mula.es\/web\/wp-content\/uploads\/2020\/03\/image0.jpeg","articleSection":["igualdad","mujer"],"inLanguage":"es"},{"@type":"WebPage","@id":"https:\/\/mula.es\/web\/inauguracion-de-la-exposicion-pictorica-pinceladas-de-mujer-organizada-por-el-centro-de-la-mujer-8-de-marzo-y-la-concejalia-de-mujer-e-igualdad\/","url":"https:\/\/mula.es\/web\/inauguracion-de-la-exposicion-pictorica-pinceladas-de-mujer-organizada-por-el-centro-de-la-mujer-8-de-marzo-y-la-concejalia-de-mujer-e-igualdad\/","name":"Inauguraci\u00f3n de la exposici\u00f3n pict\u00f3rica \"Pinceladas de mujer\" organizada por el Centro de la Mujer \"8 de Marzo\" y la Concejal\u00eda de Mujer e Igualdad - Ayuntamiento de Mula","isPartOf":{"@id":"https:\/\/mula.es\/web\/#website"},"primaryImageOfPage":{"@id":"https:\/\/mula.es\/web\/inauguracion-de-la-exposicion-pictorica-pinceladas-de-mujer-organizada-por-el-centro-de-la-mujer-8-de-marzo-y-la-concejalia-de-mujer-e-igualdad\/#primaryimage"},"image":{"@id":"https:\/\/mula.es\/web\/inauguracion-de-la-exposicion-pictorica-pinceladas-de-mujer-organizada-por-el-centro-de-la-mujer-8-de-marzo-y-la-concejalia-de-mujer-e-igualdad\/#primaryimage"},"thumbnailUrl":"https:\/\/mula.es\/web\/wp-content\/uploads\/2020\/03\/image0.jpeg","datePublished":"2020-03-06T07:41:36+00:00","dateModified":"2021-05-12T18:10:08+00:00","author":{"@id":"https:\/\/mula.es\/web\/#\/schema\/person\/f8d63bd3ab6e7b025268b909b7ab0771"},"breadcrumb":{"@id":"https:\/\/mula.es\/web\/inauguracion-de-la-exposicion-pictorica-pinceladas-de-mujer-organizada-por-el-centro-de-la-mujer-8-de-marzo-y-la-concejalia-de-mujer-e-igualdad\/#breadcrumb"},"inLanguage":"es","potentialAction":[{"@type":"ReadAction","target":["https:\/\/mula.es\/web\/inauguracion-de-la-exposicion-pictorica-pinceladas-de-mujer-organizada-por-el-centro-de-la-mujer-8-de-marzo-y-la-concejalia-de-mujer-e-igualdad\/"]}]},{"@type":"ImageObject","inLanguage":"es","@id":"https:\/\/mula.es\/web\/inauguracion-de-la-exposicion-pictorica-pinceladas-de-mujer-organizada-por-el-centro-de-la-mujer-8-de-marzo-y-la-concejalia-de-mujer-e-igualdad\/#primaryimage","url":"https:\/\/mula.es\/web\/wp-content\/uploads\/2020\/03\/image0.jpeg","contentUrl":"https:\/\/mula.es\/web\/wp-content\/uploads\/2020\/03\/image0.jpeg","width":1599,"height":1200},{"@type":"BreadcrumbList","@id":"https:\/\/mula.es\/web\/inauguracion-de-la-exposicion-pictorica-pinceladas-de-mujer-organizada-por-el-centro-de-la-mujer-8-de-marzo-y-la-concejalia-de-mujer-e-igualdad\/#breadcrumb","itemListElement":[{"@type":"ListItem","position":1,"name":"Portada","item":"https:\/\/mula.es\/web\/"},{"@type":"ListItem","position":2,"name":"Inauguraci\u00f3n de la exposici\u00f3n pict\u00f3rica \u00abPinceladas de mujer\u00bb organizada por el Centro de la Mujer \u00ab8 de Marzo\u00bb y la Concejal\u00eda de Mujer e Igualdad"}]},{"@type":"WebSite","@id":"https:\/\/mula.es\/web\/#website","url":"https:\/\/mula.es\/web\/","name":"Ayuntamiento de Mula","description":"P\u00e1gina web del Ayuntamiento de Mula (Regi\u00f3n de Murcia)","potentialAction":[{"@type":"SearchAction","target":{"@type":"EntryPoint","urlTemplate":"https:\/\/mula.es\/web\/?s={search_term_string}"},"query-input":{"@type":"PropertyValueSpecification","valueRequired":true,"valueName":"search_term_string"}}],"inLanguage":"es"},{"@type":"Person","@id":"https:\/\/mula.es\/web\/#\/schema\/person\/f8d63bd3ab6e7b025268b909b7ab0771","name":"Rosario Mart\u00ednez","image":{"@type":"ImageObject","inLanguage":"es","@id":"https:\/\/secure.gravatar.com\/avatar\/ce916b980ac93e5b1d36e6068357675d4e089a572ebc8789fcb807c2fb2edfef?s=96&d=mm&r=g","url":"https:\/\/secure.gravatar.com\/avatar\/ce916b980ac93e5b1d36e6068357675d4e089a572ebc8789fcb807c2fb2edfef?s=96&d=mm&r=g","contentUrl":"https:\/\/secure.gravatar.com\/avatar\/ce916b980ac93e5b1d36e6068357675d4e089a572ebc8789fcb807c2fb2edfef?s=96&d=mm&r=g","caption":"Rosario Mart\u00ednez"},"url":"https:\/\/mula.es\/web\/author\/rmartinez\/"}]}},"jetpack_publicize_connections":[],"jetpack_featured_media_url":"https:\/\/mula.es\/web\/wp-content\/uploads\/2020\/03\/image0.jpeg","jetpack_sharing_enabled":true,"jetpack_shortlink":"https:\/\/wp.me\/pa9DMY-8ro","jetpack-related-posts":[],"_links":{"self":[{"href":"https:\/\/mula.es\/web\/wp-json\/wp\/v2\/posts\/32450","targetHints":{"allow":["GET"]}}],"collection":[{"href":"https:\/\/mula.es\/web\/wp-json\/wp\/v2\/posts"}],"about":[{"href":"https:\/\/mula.es\/web\/wp-json\/wp\/v2\/types\/post"}],"author":[{"embeddable":true,"href":"https:\/\/mula.es\/web\/wp-json\/wp\/v2\/users\/9"}],"replies":[{"embeddable":true,"href":"https:\/\/mula.es\/web\/wp-json\/wp\/v2\/comments?post=32450"}],"version-history":[{"count":3,"href":"https:\/\/mula.es\/web\/wp-json\/wp\/v2\/posts\/32450\/revisions"}],"predecessor-version":[{"id":38904,"href":"https:\/\/mula.es\/web\/wp-json\/wp\/v2\/posts\/32450\/revisions\/38904"}],"wp:featuredmedia":[{"embeddable":true,"href":"https:\/\/mula.es\/web\/wp-json\/wp\/v2\/media\/32451"}],"wp:attachment":[{"href":"https:\/\/mula.es\/web\/wp-json\/wp\/v2\/media?parent=32450"}],"wp:term":[{"taxonomy":"category","embeddable":true,"href":"https:\/\/mula.es\/web\/wp-json\/wp\/v2\/categories?post=32450"},{"taxonomy":"post_tag","embeddable":true,"href":"https:\/\/mula.es\/web\/wp-json\/wp\/v2\/tags?post=32450"}],"curies":[{"name":"wp","href":"https:\/\/api.w.org\/{rel}","templated":true}]}}