{"id":32462,"date":"2020-03-06T14:23:27","date_gmt":"2020-03-06T13:23:27","guid":{"rendered":"http:\/\/mula.es\/web\/?p=32462"},"modified":"2021-05-12T20:10:08","modified_gmt":"2021-05-12T18:10:08","slug":"el-alcalde-se-reune-con-la-consejera-de-educacion-y-cultura","status":"publish","type":"post","link":"https:\/\/mula.es\/web\/el-alcalde-se-reune-con-la-consejera-de-educacion-y-cultura\/","title":{"rendered":"El Alcalde se re\u00fane con la Consejera de Educaci\u00f3n y Cultura"},"content":{"rendered":"<div class=\"fusion-fullwidth fullwidth-box fusion-builder-row-1 fusion-flex-container hundred-percent-fullwidth non-hundred-percent-height-scrolling\" style=\"--awb-border-radius-top-left:0px;--awb-border-radius-top-right:0px;--awb-border-radius-bottom-right:0px;--awb-border-radius-bottom-left:0px;--awb-overflow:visible;--awb-flex-wrap:wrap;\" ><div class=\"fusion-builder-row fusion-row fusion-flex-align-items-flex-start fusion-flex-content-wrap\" style=\"width:calc( 100% + 0px ) !important;max-width:calc( 100% + 0px ) !important;margin-left: calc(-0px \/ 2 );margin-right: calc(-0px \/ 2 );\"><div class=\"fusion-layout-column fusion_builder_column fusion-builder-column-0 fusion_builder_column_1_1 1_1 fusion-flex-column\" style=\"--awb-bg-size:cover;--awb-width-large:100%;--awb-margin-top-large:0px;--awb-spacing-right-large:0px;--awb-margin-bottom-large:20px;--awb-spacing-left-large:0px;--awb-width-medium:100%;--awb-spacing-right-medium:0px;--awb-spacing-left-medium:0px;--awb-width-small:100%;--awb-spacing-right-small:0px;--awb-spacing-left-small:0px;\"><div class=\"fusion-column-wrapper fusion-flex-justify-content-flex-start fusion-content-layout-column\"><div class=\"fusion-text fusion-text-1\"><p style=\"text-align: justify;\">El Alcalde de Mula, Juan Jes\u00fas Moreno, junto al Concejal de Educaci\u00f3n y Cultura, Diego J. Boluda, han mantenido una reuni\u00f3n con la Consejera de Educaci\u00f3n, Esperanza Moreno para abordar las muchas cuestiones que, en cuanto a Patrimonio y Educaci\u00f3n, ambas administraciones tienen pendientes.<\/p>\n<p style=\"text-align: justify;\">Respecto al \u00e1rea de Cultura y Patrimonio, el Alcalde ha manifestado que es necesaria la implicaci\u00f3n de la Comunidad Aut\u00f3noma para la conmemoraci\u00f3n del V Centenario del Castillo de Mula, destacando la firme intenci\u00f3n y exigencia de este Equipo de Gobierno Municipal de conseguir realizar dicha<br \/>\nconmemoraci\u00f3n de una manera digna, como as\u00ed merece nuestro monumento m\u00e1s identitario, mostrando total disposici\u00f3n para conseguir gestionar un convenio de colaboraci\u00f3n a tres; Administraci\u00f3n Estatal, Regional y Local. Tambi\u00e9n le ha manifestado que debido a que ha sido excluido de los Presupuestos Regionales es oportuno y justo seguir contando con la financiaci\u00f3n necesaria para que en este 2020 sigan incluy\u00e9ndose las partidas presupuestarias m\u00e1s indicadas para seguir trabajando en su restauraci\u00f3n. El Alcalde ha dado conocimiento de manera oficial a la Consejera que este Ayuntamiento ha iniciado el proceso de expropiaci\u00f3n del 33% de la propiedad que a\u00fan queda en manos privadas.<\/p>\n<p style=\"text-align: justify;\">Durante el encuentro, el Alcalde ha vuelto a plantear la necesaria soluci\u00f3n de temas importantes en lo cultural e hist\u00f3rico del municipio como son la Exposici\u00f3n de la Almoloya junto a la tumba principesca n\u00ba 38, el futuro de las piezas BIC del Real Monasterio de la Encarnaci\u00f3n, la musealizaci\u00f3n de los exvotos del Cigarralejo, que durante a\u00f1os se viene postergando o la renovaci\u00f3n del Teatro Lope de Vega para poder realizar intervenciones que mejoren su estado actual.<\/p>\n<p style=\"text-align: justify;\">En el \u00e1rea de Educaci\u00f3n, Juan Jes\u00fas Moreno ha pedido a la Consejera que d\u00e9 pronta resoluci\u00f3n a las obras del vallado del CEIP Anita Arnao, reclamando adem\u00e1s, la necesidad del colegio de mejorar su instalaci\u00f3n el\u00e9ctrica, deficiente para el correcto desarrollo de la vida escolar del centro en la actualidad.<\/p>\n<p style=\"text-align: justify;\">Tambi\u00e9n ha demandado llevar a cabo el plan Sombra del CEIP STO. DOMINGO\/S. MIGUEL, cuyo alumnado, en los meses de calor, lo pasan mal ya que el patio carece de espacios de sombra y esta cuesti\u00f3n, de salud p\u00fablica, preocupa a padres y madres, docentes y Ayuntamiento. Tambi\u00e9n ha pedido la implicaci\u00f3n de la consejer\u00eda para lograr restablecer la extensi\u00f3n de la Escuela Oficial de Idiomas en el municipio de Mula, perdida en este \u00faltimo curso.<\/p>\n<p style=\"text-align: justify;\">Por \u00faltimo, ha pedido la urgencia de construir un nuevo centro educativo en Fuente Librilla puesto que la situaci\u00f3n actual del mismo presenta numerosas deficiencias estructurales, como as\u00ed indican numerosos informes t\u00e9cnicos, pidi\u00e9ndole que lleve a cabo los estudios precisos para que pueda llevarse a efecto en el pr\u00f3ximo 2021.<\/p>\n<\/div><\/div><\/div><\/div><\/div>\n","protected":false},"excerpt":{"rendered":"","protected":false},"author":9,"featured_media":32463,"comment_status":"closed","ping_status":"closed","sticky":false,"template":"","format":"standard","meta":{"jetpack_post_was_ever_published":false,"_jetpack_newsletter_access":"","_jetpack_dont_email_post_to_subs":false,"_jetpack_newsletter_tier_id":0,"_jetpack_memberships_contains_paywalled_content":false,"_jetpack_memberships_contains_paid_content":false,"footnotes":"","jetpack_publicize_message":"","jetpack_publicize_feature_enabled":true,"jetpack_social_post_already_shared":true,"jetpack_social_options":{"image_generator_settings":{"template":"highway","default_image_id":0,"font":"","enabled":false},"version":2}},"categories":[127,97,89],"tags":[],"class_list":["post-32462","post","type-post","status-publish","format-standard","has-post-thumbnail","hentry","category-alcalde","category-cultura","category-educacion"],"yoast_head":"<!-- This site is optimized with the Yoast SEO plugin v27.4 - https:\/\/yoast.com\/product\/yoast-seo-wordpress\/ -->\n<title>El Alcalde se re\u00fane con la Consejera de Educaci\u00f3n y Cultura - Ayuntamiento de Mula<\/title>\n<meta name=\"robots\" content=\"index, follow, max-snippet:-1, max-image-preview:large, max-video-preview:-1\" \/>\n<link rel=\"canonical\" href=\"https:\/\/mula.es\/web\/el-alcalde-se-reune-con-la-consejera-de-educacion-y-cultura\/\" \/>\n<meta property=\"og:locale\" content=\"es_ES\" \/>\n<meta property=\"og:type\" content=\"article\" \/>\n<meta property=\"og:title\" content=\"El Alcalde se re\u00fane con la Consejera de Educaci\u00f3n y Cultura - Ayuntamiento de Mula\" \/>\n<meta property=\"og:url\" content=\"https:\/\/mula.es\/web\/el-alcalde-se-reune-con-la-consejera-de-educacion-y-cultura\/\" \/>\n<meta property=\"og:site_name\" content=\"Ayuntamiento de Mula\" \/>\n<meta property=\"article:published_time\" content=\"2020-03-06T13:23:27+00:00\" \/>\n<meta property=\"article:modified_time\" content=\"2021-05-12T18:10:08+00:00\" \/>\n<meta property=\"og:image\" content=\"https:\/\/i0.wp.com\/mula.es\/web\/wp-content\/uploads\/2020\/03\/alcalde-prensa.jpg?fit=1200%2C1600&ssl=1\" \/>\n\t<meta property=\"og:image:width\" content=\"1200\" \/>\n\t<meta property=\"og:image:height\" content=\"1600\" \/>\n\t<meta property=\"og:image:type\" content=\"image\/jpeg\" \/>\n<meta name=\"author\" content=\"Rosario Mart\u00ednez\" \/>\n<meta name=\"twitter:card\" content=\"summary_large_image\" \/>\n<meta name=\"twitter:creator\" content=\"@AyuntamientMula\" \/>\n<meta name=\"twitter:site\" content=\"@AyuntamientMula\" \/>\n<meta name=\"twitter:label1\" content=\"Escrito por\" \/>\n\t<meta name=\"twitter:data1\" content=\"Rosario Mart\u00ednez\" \/>\n\t<meta name=\"twitter:label2\" content=\"Tiempo de lectura\" \/>\n\t<meta name=\"twitter:data2\" content=\"3 minutos\" \/>\n<script type=\"application\/ld+json\" class=\"yoast-schema-graph\">{\"@context\":\"https:\\\/\\\/schema.org\",\"@graph\":[{\"@type\":\"Article\",\"@id\":\"https:\\\/\\\/mula.es\\\/web\\\/el-alcalde-se-reune-con-la-consejera-de-educacion-y-cultura\\\/#article\",\"isPartOf\":{\"@id\":\"https:\\\/\\\/mula.es\\\/web\\\/el-alcalde-se-reune-con-la-consejera-de-educacion-y-cultura\\\/\"},\"author\":{\"name\":\"Rosario Mart\u00ednez\",\"@id\":\"https:\\\/\\\/mula.es\\\/web\\\/#\\\/schema\\\/person\\\/f8d63bd3ab6e7b025268b909b7ab0771\"},\"headline\":\"El Alcalde se re\u00fane con la Consejera de Educaci\u00f3n y Cultura\",\"datePublished\":\"2020-03-06T13:23:27+00:00\",\"dateModified\":\"2021-05-12T18:10:08+00:00\",\"mainEntityOfPage\":{\"@id\":\"https:\\\/\\\/mula.es\\\/web\\\/el-alcalde-se-reune-con-la-consejera-de-educacion-y-cultura\\\/\"},\"wordCount\":582,\"image\":{\"@id\":\"https:\\\/\\\/mula.es\\\/web\\\/el-alcalde-se-reune-con-la-consejera-de-educacion-y-cultura\\\/#primaryimage\"},\"thumbnailUrl\":\"https:\\\/\\\/mula.es\\\/web\\\/wp-content\\\/uploads\\\/2020\\\/03\\\/alcalde-prensa.jpg\",\"articleSection\":[\"alcalde\",\"cultura\",\"educaci\u00f3n\"],\"inLanguage\":\"es\"},{\"@type\":\"WebPage\",\"@id\":\"https:\\\/\\\/mula.es\\\/web\\\/el-alcalde-se-reune-con-la-consejera-de-educacion-y-cultura\\\/\",\"url\":\"https:\\\/\\\/mula.es\\\/web\\\/el-alcalde-se-reune-con-la-consejera-de-educacion-y-cultura\\\/\",\"name\":\"El Alcalde se re\u00fane con la Consejera de Educaci\u00f3n y Cultura - Ayuntamiento de Mula\",\"isPartOf\":{\"@id\":\"https:\\\/\\\/mula.es\\\/web\\\/#website\"},\"primaryImageOfPage\":{\"@id\":\"https:\\\/\\\/mula.es\\\/web\\\/el-alcalde-se-reune-con-la-consejera-de-educacion-y-cultura\\\/#primaryimage\"},\"image\":{\"@id\":\"https:\\\/\\\/mula.es\\\/web\\\/el-alcalde-se-reune-con-la-consejera-de-educacion-y-cultura\\\/#primaryimage\"},\"thumbnailUrl\":\"https:\\\/\\\/mula.es\\\/web\\\/wp-content\\\/uploads\\\/2020\\\/03\\\/alcalde-prensa.jpg\",\"datePublished\":\"2020-03-06T13:23:27+00:00\",\"dateModified\":\"2021-05-12T18:10:08+00:00\",\"author\":{\"@id\":\"https:\\\/\\\/mula.es\\\/web\\\/#\\\/schema\\\/person\\\/f8d63bd3ab6e7b025268b909b7ab0771\"},\"breadcrumb\":{\"@id\":\"https:\\\/\\\/mula.es\\\/web\\\/el-alcalde-se-reune-con-la-consejera-de-educacion-y-cultura\\\/#breadcrumb\"},\"inLanguage\":\"es\",\"potentialAction\":[{\"@type\":\"ReadAction\",\"target\":[\"https:\\\/\\\/mula.es\\\/web\\\/el-alcalde-se-reune-con-la-consejera-de-educacion-y-cultura\\\/\"]}]},{\"@type\":\"ImageObject\",\"inLanguage\":\"es\",\"@id\":\"https:\\\/\\\/mula.es\\\/web\\\/el-alcalde-se-reune-con-la-consejera-de-educacion-y-cultura\\\/#primaryimage\",\"url\":\"https:\\\/\\\/mula.es\\\/web\\\/wp-content\\\/uploads\\\/2020\\\/03\\\/alcalde-prensa.jpg\",\"contentUrl\":\"https:\\\/\\\/mula.es\\\/web\\\/wp-content\\\/uploads\\\/2020\\\/03\\\/alcalde-prensa.jpg\",\"width\":1200,\"height\":1600},{\"@type\":\"BreadcrumbList\",\"@id\":\"https:\\\/\\\/mula.es\\\/web\\\/el-alcalde-se-reune-con-la-consejera-de-educacion-y-cultura\\\/#breadcrumb\",\"itemListElement\":[{\"@type\":\"ListItem\",\"position\":1,\"name\":\"Portada\",\"item\":\"https:\\\/\\\/mula.es\\\/web\\\/\"},{\"@type\":\"ListItem\",\"position\":2,\"name\":\"El Alcalde se re\u00fane con la Consejera de Educaci\u00f3n y Cultura\"}]},{\"@type\":\"WebSite\",\"@id\":\"https:\\\/\\\/mula.es\\\/web\\\/#website\",\"url\":\"https:\\\/\\\/mula.es\\\/web\\\/\",\"name\":\"Ayuntamiento de Mula\",\"description\":\"P\u00e1gina web del Ayuntamiento de Mula (Regi\u00f3n de Murcia)\",\"potentialAction\":[{\"@type\":\"SearchAction\",\"target\":{\"@type\":\"EntryPoint\",\"urlTemplate\":\"https:\\\/\\\/mula.es\\\/web\\\/?s={search_term_string}\"},\"query-input\":{\"@type\":\"PropertyValueSpecification\",\"valueRequired\":true,\"valueName\":\"search_term_string\"}}],\"inLanguage\":\"es\"},{\"@type\":\"Person\",\"@id\":\"https:\\\/\\\/mula.es\\\/web\\\/#\\\/schema\\\/person\\\/f8d63bd3ab6e7b025268b909b7ab0771\",\"name\":\"Rosario Mart\u00ednez\",\"image\":{\"@type\":\"ImageObject\",\"inLanguage\":\"es\",\"@id\":\"https:\\\/\\\/secure.gravatar.com\\\/avatar\\\/ce916b980ac93e5b1d36e6068357675d4e089a572ebc8789fcb807c2fb2edfef?s=96&d=mm&r=g\",\"url\":\"https:\\\/\\\/secure.gravatar.com\\\/avatar\\\/ce916b980ac93e5b1d36e6068357675d4e089a572ebc8789fcb807c2fb2edfef?s=96&d=mm&r=g\",\"contentUrl\":\"https:\\\/\\\/secure.gravatar.com\\\/avatar\\\/ce916b980ac93e5b1d36e6068357675d4e089a572ebc8789fcb807c2fb2edfef?s=96&d=mm&r=g\",\"caption\":\"Rosario Mart\u00ednez\"},\"url\":\"https:\\\/\\\/mula.es\\\/web\\\/author\\\/rmartinez\\\/\"}]}<\/script>\n<!-- \/ Yoast SEO plugin. -->","yoast_head_json":{"title":"El Alcalde se re\u00fane con la Consejera de Educaci\u00f3n y Cultura - Ayuntamiento de Mula","robots":{"index":"index","follow":"follow","max-snippet":"max-snippet:-1","max-image-preview":"max-image-preview:large","max-video-preview":"max-video-preview:-1"},"canonical":"https:\/\/mula.es\/web\/el-alcalde-se-reune-con-la-consejera-de-educacion-y-cultura\/","og_locale":"es_ES","og_type":"article","og_title":"El Alcalde se re\u00fane con la Consejera de Educaci\u00f3n y Cultura - Ayuntamiento de Mula","og_url":"https:\/\/mula.es\/web\/el-alcalde-se-reune-con-la-consejera-de-educacion-y-cultura\/","og_site_name":"Ayuntamiento de Mula","article_published_time":"2020-03-06T13:23:27+00:00","article_modified_time":"2021-05-12T18:10:08+00:00","og_image":[{"width":1200,"height":1600,"url":"https:\/\/i0.wp.com\/mula.es\/web\/wp-content\/uploads\/2020\/03\/alcalde-prensa.jpg?fit=1200%2C1600&ssl=1","type":"image\/jpeg"}],"author":"Rosario Mart\u00ednez","twitter_card":"summary_large_image","twitter_creator":"@AyuntamientMula","twitter_site":"@AyuntamientMula","twitter_misc":{"Escrito por":"Rosario Mart\u00ednez","Tiempo de lectura":"3 minutos"},"schema":{"@context":"https:\/\/schema.org","@graph":[{"@type":"Article","@id":"https:\/\/mula.es\/web\/el-alcalde-se-reune-con-la-consejera-de-educacion-y-cultura\/#article","isPartOf":{"@id":"https:\/\/mula.es\/web\/el-alcalde-se-reune-con-la-consejera-de-educacion-y-cultura\/"},"author":{"name":"Rosario Mart\u00ednez","@id":"https:\/\/mula.es\/web\/#\/schema\/person\/f8d63bd3ab6e7b025268b909b7ab0771"},"headline":"El Alcalde se re\u00fane con la Consejera de Educaci\u00f3n y Cultura","datePublished":"2020-03-06T13:23:27+00:00","dateModified":"2021-05-12T18:10:08+00:00","mainEntityOfPage":{"@id":"https:\/\/mula.es\/web\/el-alcalde-se-reune-con-la-consejera-de-educacion-y-cultura\/"},"wordCount":582,"image":{"@id":"https:\/\/mula.es\/web\/el-alcalde-se-reune-con-la-consejera-de-educacion-y-cultura\/#primaryimage"},"thumbnailUrl":"https:\/\/mula.es\/web\/wp-content\/uploads\/2020\/03\/alcalde-prensa.jpg","articleSection":["alcalde","cultura","educaci\u00f3n"],"inLanguage":"es"},{"@type":"WebPage","@id":"https:\/\/mula.es\/web\/el-alcalde-se-reune-con-la-consejera-de-educacion-y-cultura\/","url":"https:\/\/mula.es\/web\/el-alcalde-se-reune-con-la-consejera-de-educacion-y-cultura\/","name":"El Alcalde se re\u00fane con la Consejera de Educaci\u00f3n y Cultura - Ayuntamiento de Mula","isPartOf":{"@id":"https:\/\/mula.es\/web\/#website"},"primaryImageOfPage":{"@id":"https:\/\/mula.es\/web\/el-alcalde-se-reune-con-la-consejera-de-educacion-y-cultura\/#primaryimage"},"image":{"@id":"https:\/\/mula.es\/web\/el-alcalde-se-reune-con-la-consejera-de-educacion-y-cultura\/#primaryimage"},"thumbnailUrl":"https:\/\/mula.es\/web\/wp-content\/uploads\/2020\/03\/alcalde-prensa.jpg","datePublished":"2020-03-06T13:23:27+00:00","dateModified":"2021-05-12T18:10:08+00:00","author":{"@id":"https:\/\/mula.es\/web\/#\/schema\/person\/f8d63bd3ab6e7b025268b909b7ab0771"},"breadcrumb":{"@id":"https:\/\/mula.es\/web\/el-alcalde-se-reune-con-la-consejera-de-educacion-y-cultura\/#breadcrumb"},"inLanguage":"es","potentialAction":[{"@type":"ReadAction","target":["https:\/\/mula.es\/web\/el-alcalde-se-reune-con-la-consejera-de-educacion-y-cultura\/"]}]},{"@type":"ImageObject","inLanguage":"es","@id":"https:\/\/mula.es\/web\/el-alcalde-se-reune-con-la-consejera-de-educacion-y-cultura\/#primaryimage","url":"https:\/\/mula.es\/web\/wp-content\/uploads\/2020\/03\/alcalde-prensa.jpg","contentUrl":"https:\/\/mula.es\/web\/wp-content\/uploads\/2020\/03\/alcalde-prensa.jpg","width":1200,"height":1600},{"@type":"BreadcrumbList","@id":"https:\/\/mula.es\/web\/el-alcalde-se-reune-con-la-consejera-de-educacion-y-cultura\/#breadcrumb","itemListElement":[{"@type":"ListItem","position":1,"name":"Portada","item":"https:\/\/mula.es\/web\/"},{"@type":"ListItem","position":2,"name":"El Alcalde se re\u00fane con la Consejera de Educaci\u00f3n y Cultura"}]},{"@type":"WebSite","@id":"https:\/\/mula.es\/web\/#website","url":"https:\/\/mula.es\/web\/","name":"Ayuntamiento de Mula","description":"P\u00e1gina web del Ayuntamiento de Mula (Regi\u00f3n de Murcia)","potentialAction":[{"@type":"SearchAction","target":{"@type":"EntryPoint","urlTemplate":"https:\/\/mula.es\/web\/?s={search_term_string}"},"query-input":{"@type":"PropertyValueSpecification","valueRequired":true,"valueName":"search_term_string"}}],"inLanguage":"es"},{"@type":"Person","@id":"https:\/\/mula.es\/web\/#\/schema\/person\/f8d63bd3ab6e7b025268b909b7ab0771","name":"Rosario Mart\u00ednez","image":{"@type":"ImageObject","inLanguage":"es","@id":"https:\/\/secure.gravatar.com\/avatar\/ce916b980ac93e5b1d36e6068357675d4e089a572ebc8789fcb807c2fb2edfef?s=96&d=mm&r=g","url":"https:\/\/secure.gravatar.com\/avatar\/ce916b980ac93e5b1d36e6068357675d4e089a572ebc8789fcb807c2fb2edfef?s=96&d=mm&r=g","contentUrl":"https:\/\/secure.gravatar.com\/avatar\/ce916b980ac93e5b1d36e6068357675d4e089a572ebc8789fcb807c2fb2edfef?s=96&d=mm&r=g","caption":"Rosario Mart\u00ednez"},"url":"https:\/\/mula.es\/web\/author\/rmartinez\/"}]}},"jetpack_publicize_connections":[],"jetpack_featured_media_url":"https:\/\/mula.es\/web\/wp-content\/uploads\/2020\/03\/alcalde-prensa.jpg","jetpack_sharing_enabled":true,"jetpack_shortlink":"https:\/\/wp.me\/pa9DMY-8rA","jetpack-related-posts":[],"_links":{"self":[{"href":"https:\/\/mula.es\/web\/wp-json\/wp\/v2\/posts\/32462","targetHints":{"allow":["GET"]}}],"collection":[{"href":"https:\/\/mula.es\/web\/wp-json\/wp\/v2\/posts"}],"about":[{"href":"https:\/\/mula.es\/web\/wp-json\/wp\/v2\/types\/post"}],"author":[{"embeddable":true,"href":"https:\/\/mula.es\/web\/wp-json\/wp\/v2\/users\/9"}],"replies":[{"embeddable":true,"href":"https:\/\/mula.es\/web\/wp-json\/wp\/v2\/comments?post=32462"}],"version-history":[{"count":2,"href":"https:\/\/mula.es\/web\/wp-json\/wp\/v2\/posts\/32462\/revisions"}],"predecessor-version":[{"id":38902,"href":"https:\/\/mula.es\/web\/wp-json\/wp\/v2\/posts\/32462\/revisions\/38902"}],"wp:featuredmedia":[{"embeddable":true,"href":"https:\/\/mula.es\/web\/wp-json\/wp\/v2\/media\/32463"}],"wp:attachment":[{"href":"https:\/\/mula.es\/web\/wp-json\/wp\/v2\/media?parent=32462"}],"wp:term":[{"taxonomy":"category","embeddable":true,"href":"https:\/\/mula.es\/web\/wp-json\/wp\/v2\/categories?post=32462"},{"taxonomy":"post_tag","embeddable":true,"href":"https:\/\/mula.es\/web\/wp-json\/wp\/v2\/tags?post=32462"}],"curies":[{"name":"wp","href":"https:\/\/api.w.org\/{rel}","templated":true}]}}