{"id":32473,"date":"2020-03-09T08:39:40","date_gmt":"2020-03-09T07:39:40","guid":{"rendered":"http:\/\/mula.es\/web\/?p=32473"},"modified":"2021-05-12T20:09:56","modified_gmt":"2021-05-12T18:09:56","slug":"mercadillo-barroco-villa-de-mula-del-19-al-22-de-marzo","status":"publish","type":"post","link":"https:\/\/mula.es\/web\/mercadillo-barroco-villa-de-mula-del-19-al-22-de-marzo\/","title":{"rendered":"Mercadillo Barroco \u00abVilla de Mula\u00bb &#8211; del 19 al 22 de marzo"},"content":{"rendered":"<div class=\"fusion-fullwidth fullwidth-box fusion-builder-row-1 fusion-flex-container hundred-percent-fullwidth non-hundred-percent-height-scrolling\" style=\"--awb-border-radius-top-left:0px;--awb-border-radius-top-right:0px;--awb-border-radius-bottom-right:0px;--awb-border-radius-bottom-left:0px;--awb-overflow:visible;--awb-flex-wrap:wrap;\" ><div class=\"fusion-builder-row fusion-row fusion-flex-align-items-flex-start fusion-flex-content-wrap\" style=\"width:calc( 100% + 0px ) !important;max-width:calc( 100% + 0px ) !important;margin-left: calc(-0px \/ 2 );margin-right: calc(-0px \/ 2 );\"><div class=\"fusion-layout-column fusion_builder_column fusion-builder-column-0 fusion_builder_column_1_1 1_1 fusion-flex-column\" style=\"--awb-bg-size:cover;--awb-width-large:100%;--awb-margin-top-large:0px;--awb-spacing-right-large:0px;--awb-margin-bottom-large:20px;--awb-spacing-left-large:0px;--awb-width-medium:100%;--awb-spacing-right-medium:0px;--awb-spacing-left-medium:0px;--awb-width-small:100%;--awb-spacing-right-small:0px;--awb-spacing-left-small:0px;\"><div class=\"fusion-column-wrapper fusion-flex-justify-content-flex-start fusion-content-layout-column\"><div class=\"fusion-text fusion-text-1\"><div dir=\"auto\">El pr\u00f3ximo puente de San Jos\u00e9, nos trasladaremos al siglo XVIII con el Mercadillo Barroco Villa de Mula, con el objetivo de poner en valor y promocionar el conjunto hist\u00f3rico-art\u00edstico de Mula tanto a visitantes como a los vecinos y vecinas de Mula y contribuir as\u00ed en la dinamizaci\u00f3n de la actividad tur\u00edstica de nuestra Bella Ciudad de Mula.<\/div>\n<div dir=\"auto\"><\/div>\n<div dir=\"auto\">Durante cuatro d\u00edas se han\u00a0 organizado actividades inspiradas en el siglo XVIII de la Villa de Mula con el escenario de sus casas solariegas y blasones y cuyo eje gira en torno a la figura del Marques de Los V\u00e9lez.<\/div>\n<div dir=\"auto\"><\/div>\n<div dir=\"auto\" style=\"text-align: justify;\">Todo ello complementado con casi un centenar de artesanos venidos de toda Espa\u00f1a que nos muestran sus productos artesanos elaborados con materia prima productos locales.<\/div>\n<div dir=\"auto\" style=\"text-align: justify;\">Visitas guiadas para ni\u00f1os y mayores, talleres, Feria infantil, Cuenta Cuentos,\u00a0 conciertos, representaciones teatrales, actividades en los museos, Ciudad de Mula, Cigarralejo, Casa Pintada, todo ello acompa\u00f1ado de la mejor gastronom\u00eda.<\/div>\n<div dir=\"auto\" style=\"text-align: justify;\"><\/div>\n<div dir=\"auto\" style=\"text-align: justify;\">Una experiencia inigualable que solo podr\u00e1s vivir en La Bella Ciudad de Mula.<\/div>\n<div dir=\"auto\"><\/div>\n<div dir=\"auto\" style=\"text-align: justify;\">Gracias una vez m\u00e1s a Nono Garc\u00eda por este maravilloso\u00a0 cartel, que\u00a0 tan bien representada la \u00e9poca barroca en nuestra Ciudad.<\/div>\n<div dir=\"auto\"><\/div>\n<div dir=\"auto\" style=\"text-align: justify;\">Gracias a todas las asociaciones que hacen posible el mercadillo\u00a0 \u00a0Almagra Teatro, Patio de Comedias, Teatro Luna, Consejo Local de la Juventud,\u00a0 Grupo Scouts, Pe\u00f1a Los Mule\u00f1icos, Agrupaci\u00f3n Musical Mule\u00f1a, Asociaci\u00f3n de Artesanos, \u00abEl Port\u00f3n de la Placeta\u00bb, Cultura de Calle, Protecci\u00f3n Civil, Polic\u00eda Local, Servicios de Mantenimiento y Limpieza y T\u00e9cnicos de Turismo.<\/div>\n<\/div><\/div><\/div><\/div><\/div>\n","protected":false},"excerpt":{"rendered":"","protected":false},"author":9,"featured_media":32457,"comment_status":"closed","ping_status":"closed","sticky":false,"template":"","format":"standard","meta":{"jetpack_post_was_ever_published":false,"_jetpack_newsletter_access":"","_jetpack_dont_email_post_to_subs":false,"_jetpack_newsletter_tier_id":0,"_jetpack_memberships_contains_paywalled_content":false,"_jetpack_memberships_contains_paid_content":false,"footnotes":"","jetpack_publicize_message":"","jetpack_publicize_feature_enabled":true,"jetpack_social_post_already_shared":true,"jetpack_social_options":{"image_generator_settings":{"template":"highway","default_image_id":0,"font":"","enabled":false},"version":2}},"categories":[97,171,75],"tags":[],"class_list":["post-32473","post","type-post","status-publish","format-standard","has-post-thumbnail","hentry","category-cultura","category-festejos","category-turismo"],"yoast_head":"<!-- This site is optimized with the Yoast SEO plugin v27.5 - https:\/\/yoast.com\/product\/yoast-seo-wordpress\/ -->\n<title>Mercadillo Barroco &quot;Villa de Mula&quot; - del 19 al 22 de marzo - Ayuntamiento de Mula<\/title>\n<meta name=\"robots\" content=\"index, follow, max-snippet:-1, max-image-preview:large, max-video-preview:-1\" \/>\n<link rel=\"canonical\" href=\"https:\/\/mula.es\/web\/mercadillo-barroco-villa-de-mula-del-19-al-22-de-marzo\/\" \/>\n<meta property=\"og:locale\" content=\"es_ES\" \/>\n<meta property=\"og:type\" content=\"article\" \/>\n<meta property=\"og:title\" content=\"Mercadillo Barroco &quot;Villa de Mula&quot; - del 19 al 22 de marzo - Ayuntamiento de Mula\" \/>\n<meta property=\"og:url\" content=\"https:\/\/mula.es\/web\/mercadillo-barroco-villa-de-mula-del-19-al-22-de-marzo\/\" \/>\n<meta property=\"og:site_name\" content=\"Ayuntamiento de Mula\" \/>\n<meta property=\"article:published_time\" content=\"2020-03-09T07:39:40+00:00\" \/>\n<meta property=\"article:modified_time\" content=\"2021-05-12T18:09:56+00:00\" \/>\n<meta property=\"og:image\" content=\"https:\/\/i0.wp.com\/mula.es\/web\/wp-content\/uploads\/2020\/03\/cartel_mercado_barroco_2020.jpg?fit=887%2C1280&ssl=1\" \/>\n\t<meta property=\"og:image:width\" content=\"887\" \/>\n\t<meta property=\"og:image:height\" content=\"1280\" \/>\n\t<meta property=\"og:image:type\" content=\"image\/jpeg\" \/>\n<meta name=\"author\" content=\"Rosario Mart\u00ednez\" \/>\n<meta name=\"twitter:card\" content=\"summary_large_image\" \/>\n<meta name=\"twitter:creator\" content=\"@AyuntamientMula\" \/>\n<meta name=\"twitter:site\" content=\"@AyuntamientMula\" \/>\n<meta name=\"twitter:label1\" content=\"Escrito por\" \/>\n\t<meta name=\"twitter:data1\" content=\"Rosario Mart\u00ednez\" \/>\n\t<meta name=\"twitter:label2\" content=\"Tiempo de lectura\" \/>\n\t<meta name=\"twitter:data2\" content=\"2 minutos\" \/>\n<script type=\"application\/ld+json\" class=\"yoast-schema-graph\">{\"@context\":\"https:\\\/\\\/schema.org\",\"@graph\":[{\"@type\":\"Article\",\"@id\":\"https:\\\/\\\/mula.es\\\/web\\\/mercadillo-barroco-villa-de-mula-del-19-al-22-de-marzo\\\/#article\",\"isPartOf\":{\"@id\":\"https:\\\/\\\/mula.es\\\/web\\\/mercadillo-barroco-villa-de-mula-del-19-al-22-de-marzo\\\/\"},\"author\":{\"name\":\"Rosario Mart\u00ednez\",\"@id\":\"https:\\\/\\\/mula.es\\\/web\\\/#\\\/schema\\\/person\\\/f8d63bd3ab6e7b025268b909b7ab0771\"},\"headline\":\"Mercadillo Barroco \u00abVilla de Mula\u00bb &#8211; del 19 al 22 de marzo\",\"datePublished\":\"2020-03-09T07:39:40+00:00\",\"dateModified\":\"2021-05-12T18:09:56+00:00\",\"mainEntityOfPage\":{\"@id\":\"https:\\\/\\\/mula.es\\\/web\\\/mercadillo-barroco-villa-de-mula-del-19-al-22-de-marzo\\\/\"},\"wordCount\":355,\"image\":{\"@id\":\"https:\\\/\\\/mula.es\\\/web\\\/mercadillo-barroco-villa-de-mula-del-19-al-22-de-marzo\\\/#primaryimage\"},\"thumbnailUrl\":\"https:\\\/\\\/mula.es\\\/web\\\/wp-content\\\/uploads\\\/2020\\\/03\\\/cartel_mercado_barroco_2020.jpg\",\"articleSection\":[\"cultura\",\"festejos\",\"turismo\"],\"inLanguage\":\"es\"},{\"@type\":\"WebPage\",\"@id\":\"https:\\\/\\\/mula.es\\\/web\\\/mercadillo-barroco-villa-de-mula-del-19-al-22-de-marzo\\\/\",\"url\":\"https:\\\/\\\/mula.es\\\/web\\\/mercadillo-barroco-villa-de-mula-del-19-al-22-de-marzo\\\/\",\"name\":\"Mercadillo Barroco \\\"Villa de Mula\\\" - del 19 al 22 de marzo - Ayuntamiento de Mula\",\"isPartOf\":{\"@id\":\"https:\\\/\\\/mula.es\\\/web\\\/#website\"},\"primaryImageOfPage\":{\"@id\":\"https:\\\/\\\/mula.es\\\/web\\\/mercadillo-barroco-villa-de-mula-del-19-al-22-de-marzo\\\/#primaryimage\"},\"image\":{\"@id\":\"https:\\\/\\\/mula.es\\\/web\\\/mercadillo-barroco-villa-de-mula-del-19-al-22-de-marzo\\\/#primaryimage\"},\"thumbnailUrl\":\"https:\\\/\\\/mula.es\\\/web\\\/wp-content\\\/uploads\\\/2020\\\/03\\\/cartel_mercado_barroco_2020.jpg\",\"datePublished\":\"2020-03-09T07:39:40+00:00\",\"dateModified\":\"2021-05-12T18:09:56+00:00\",\"author\":{\"@id\":\"https:\\\/\\\/mula.es\\\/web\\\/#\\\/schema\\\/person\\\/f8d63bd3ab6e7b025268b909b7ab0771\"},\"breadcrumb\":{\"@id\":\"https:\\\/\\\/mula.es\\\/web\\\/mercadillo-barroco-villa-de-mula-del-19-al-22-de-marzo\\\/#breadcrumb\"},\"inLanguage\":\"es\",\"potentialAction\":[{\"@type\":\"ReadAction\",\"target\":[\"https:\\\/\\\/mula.es\\\/web\\\/mercadillo-barroco-villa-de-mula-del-19-al-22-de-marzo\\\/\"]}]},{\"@type\":\"ImageObject\",\"inLanguage\":\"es\",\"@id\":\"https:\\\/\\\/mula.es\\\/web\\\/mercadillo-barroco-villa-de-mula-del-19-al-22-de-marzo\\\/#primaryimage\",\"url\":\"https:\\\/\\\/mula.es\\\/web\\\/wp-content\\\/uploads\\\/2020\\\/03\\\/cartel_mercado_barroco_2020.jpg\",\"contentUrl\":\"https:\\\/\\\/mula.es\\\/web\\\/wp-content\\\/uploads\\\/2020\\\/03\\\/cartel_mercado_barroco_2020.jpg\",\"width\":887,\"height\":1280},{\"@type\":\"BreadcrumbList\",\"@id\":\"https:\\\/\\\/mula.es\\\/web\\\/mercadillo-barroco-villa-de-mula-del-19-al-22-de-marzo\\\/#breadcrumb\",\"itemListElement\":[{\"@type\":\"ListItem\",\"position\":1,\"name\":\"Portada\",\"item\":\"https:\\\/\\\/mula.es\\\/web\\\/\"},{\"@type\":\"ListItem\",\"position\":2,\"name\":\"Mercadillo Barroco \u00abVilla de Mula\u00bb &#8211; del 19 al 22 de marzo\"}]},{\"@type\":\"WebSite\",\"@id\":\"https:\\\/\\\/mula.es\\\/web\\\/#website\",\"url\":\"https:\\\/\\\/mula.es\\\/web\\\/\",\"name\":\"Ayuntamiento de Mula\",\"description\":\"P\u00e1gina web del Ayuntamiento de Mula (Regi\u00f3n de Murcia)\",\"potentialAction\":[{\"@type\":\"SearchAction\",\"target\":{\"@type\":\"EntryPoint\",\"urlTemplate\":\"https:\\\/\\\/mula.es\\\/web\\\/?s={search_term_string}\"},\"query-input\":{\"@type\":\"PropertyValueSpecification\",\"valueRequired\":true,\"valueName\":\"search_term_string\"}}],\"inLanguage\":\"es\"},{\"@type\":\"Person\",\"@id\":\"https:\\\/\\\/mula.es\\\/web\\\/#\\\/schema\\\/person\\\/f8d63bd3ab6e7b025268b909b7ab0771\",\"name\":\"Rosario Mart\u00ednez\",\"image\":{\"@type\":\"ImageObject\",\"inLanguage\":\"es\",\"@id\":\"https:\\\/\\\/secure.gravatar.com\\\/avatar\\\/ce916b980ac93e5b1d36e6068357675d4e089a572ebc8789fcb807c2fb2edfef?s=96&d=mm&r=g\",\"url\":\"https:\\\/\\\/secure.gravatar.com\\\/avatar\\\/ce916b980ac93e5b1d36e6068357675d4e089a572ebc8789fcb807c2fb2edfef?s=96&d=mm&r=g\",\"contentUrl\":\"https:\\\/\\\/secure.gravatar.com\\\/avatar\\\/ce916b980ac93e5b1d36e6068357675d4e089a572ebc8789fcb807c2fb2edfef?s=96&d=mm&r=g\",\"caption\":\"Rosario Mart\u00ednez\"},\"url\":\"https:\\\/\\\/mula.es\\\/web\\\/author\\\/rmartinez\\\/\"}]}<\/script>\n<!-- \/ Yoast SEO plugin. -->","yoast_head_json":{"title":"Mercadillo Barroco \"Villa de Mula\" - del 19 al 22 de marzo - Ayuntamiento de Mula","robots":{"index":"index","follow":"follow","max-snippet":"max-snippet:-1","max-image-preview":"max-image-preview:large","max-video-preview":"max-video-preview:-1"},"canonical":"https:\/\/mula.es\/web\/mercadillo-barroco-villa-de-mula-del-19-al-22-de-marzo\/","og_locale":"es_ES","og_type":"article","og_title":"Mercadillo Barroco \"Villa de Mula\" - del 19 al 22 de marzo - Ayuntamiento de Mula","og_url":"https:\/\/mula.es\/web\/mercadillo-barroco-villa-de-mula-del-19-al-22-de-marzo\/","og_site_name":"Ayuntamiento de Mula","article_published_time":"2020-03-09T07:39:40+00:00","article_modified_time":"2021-05-12T18:09:56+00:00","og_image":[{"width":887,"height":1280,"url":"https:\/\/i0.wp.com\/mula.es\/web\/wp-content\/uploads\/2020\/03\/cartel_mercado_barroco_2020.jpg?fit=887%2C1280&ssl=1","type":"image\/jpeg"}],"author":"Rosario Mart\u00ednez","twitter_card":"summary_large_image","twitter_creator":"@AyuntamientMula","twitter_site":"@AyuntamientMula","twitter_misc":{"Escrito por":"Rosario Mart\u00ednez","Tiempo de lectura":"2 minutos"},"schema":{"@context":"https:\/\/schema.org","@graph":[{"@type":"Article","@id":"https:\/\/mula.es\/web\/mercadillo-barroco-villa-de-mula-del-19-al-22-de-marzo\/#article","isPartOf":{"@id":"https:\/\/mula.es\/web\/mercadillo-barroco-villa-de-mula-del-19-al-22-de-marzo\/"},"author":{"name":"Rosario Mart\u00ednez","@id":"https:\/\/mula.es\/web\/#\/schema\/person\/f8d63bd3ab6e7b025268b909b7ab0771"},"headline":"Mercadillo Barroco \u00abVilla de Mula\u00bb &#8211; del 19 al 22 de marzo","datePublished":"2020-03-09T07:39:40+00:00","dateModified":"2021-05-12T18:09:56+00:00","mainEntityOfPage":{"@id":"https:\/\/mula.es\/web\/mercadillo-barroco-villa-de-mula-del-19-al-22-de-marzo\/"},"wordCount":355,"image":{"@id":"https:\/\/mula.es\/web\/mercadillo-barroco-villa-de-mula-del-19-al-22-de-marzo\/#primaryimage"},"thumbnailUrl":"https:\/\/mula.es\/web\/wp-content\/uploads\/2020\/03\/cartel_mercado_barroco_2020.jpg","articleSection":["cultura","festejos","turismo"],"inLanguage":"es"},{"@type":"WebPage","@id":"https:\/\/mula.es\/web\/mercadillo-barroco-villa-de-mula-del-19-al-22-de-marzo\/","url":"https:\/\/mula.es\/web\/mercadillo-barroco-villa-de-mula-del-19-al-22-de-marzo\/","name":"Mercadillo Barroco \"Villa de Mula\" - del 19 al 22 de marzo - Ayuntamiento de Mula","isPartOf":{"@id":"https:\/\/mula.es\/web\/#website"},"primaryImageOfPage":{"@id":"https:\/\/mula.es\/web\/mercadillo-barroco-villa-de-mula-del-19-al-22-de-marzo\/#primaryimage"},"image":{"@id":"https:\/\/mula.es\/web\/mercadillo-barroco-villa-de-mula-del-19-al-22-de-marzo\/#primaryimage"},"thumbnailUrl":"https:\/\/mula.es\/web\/wp-content\/uploads\/2020\/03\/cartel_mercado_barroco_2020.jpg","datePublished":"2020-03-09T07:39:40+00:00","dateModified":"2021-05-12T18:09:56+00:00","author":{"@id":"https:\/\/mula.es\/web\/#\/schema\/person\/f8d63bd3ab6e7b025268b909b7ab0771"},"breadcrumb":{"@id":"https:\/\/mula.es\/web\/mercadillo-barroco-villa-de-mula-del-19-al-22-de-marzo\/#breadcrumb"},"inLanguage":"es","potentialAction":[{"@type":"ReadAction","target":["https:\/\/mula.es\/web\/mercadillo-barroco-villa-de-mula-del-19-al-22-de-marzo\/"]}]},{"@type":"ImageObject","inLanguage":"es","@id":"https:\/\/mula.es\/web\/mercadillo-barroco-villa-de-mula-del-19-al-22-de-marzo\/#primaryimage","url":"https:\/\/mula.es\/web\/wp-content\/uploads\/2020\/03\/cartel_mercado_barroco_2020.jpg","contentUrl":"https:\/\/mula.es\/web\/wp-content\/uploads\/2020\/03\/cartel_mercado_barroco_2020.jpg","width":887,"height":1280},{"@type":"BreadcrumbList","@id":"https:\/\/mula.es\/web\/mercadillo-barroco-villa-de-mula-del-19-al-22-de-marzo\/#breadcrumb","itemListElement":[{"@type":"ListItem","position":1,"name":"Portada","item":"https:\/\/mula.es\/web\/"},{"@type":"ListItem","position":2,"name":"Mercadillo Barroco \u00abVilla de Mula\u00bb &#8211; del 19 al 22 de marzo"}]},{"@type":"WebSite","@id":"https:\/\/mula.es\/web\/#website","url":"https:\/\/mula.es\/web\/","name":"Ayuntamiento de Mula","description":"P\u00e1gina web del Ayuntamiento de Mula (Regi\u00f3n de Murcia)","potentialAction":[{"@type":"SearchAction","target":{"@type":"EntryPoint","urlTemplate":"https:\/\/mula.es\/web\/?s={search_term_string}"},"query-input":{"@type":"PropertyValueSpecification","valueRequired":true,"valueName":"search_term_string"}}],"inLanguage":"es"},{"@type":"Person","@id":"https:\/\/mula.es\/web\/#\/schema\/person\/f8d63bd3ab6e7b025268b909b7ab0771","name":"Rosario Mart\u00ednez","image":{"@type":"ImageObject","inLanguage":"es","@id":"https:\/\/secure.gravatar.com\/avatar\/ce916b980ac93e5b1d36e6068357675d4e089a572ebc8789fcb807c2fb2edfef?s=96&d=mm&r=g","url":"https:\/\/secure.gravatar.com\/avatar\/ce916b980ac93e5b1d36e6068357675d4e089a572ebc8789fcb807c2fb2edfef?s=96&d=mm&r=g","contentUrl":"https:\/\/secure.gravatar.com\/avatar\/ce916b980ac93e5b1d36e6068357675d4e089a572ebc8789fcb807c2fb2edfef?s=96&d=mm&r=g","caption":"Rosario Mart\u00ednez"},"url":"https:\/\/mula.es\/web\/author\/rmartinez\/"}]}},"jetpack_publicize_connections":[],"jetpack_featured_media_url":"https:\/\/mula.es\/web\/wp-content\/uploads\/2020\/03\/cartel_mercado_barroco_2020.jpg","jetpack_sharing_enabled":true,"jetpack_shortlink":"https:\/\/wp.me\/pa9DMY-8rL","jetpack-related-posts":[],"_links":{"self":[{"href":"https:\/\/mula.es\/web\/wp-json\/wp\/v2\/posts\/32473","targetHints":{"allow":["GET"]}}],"collection":[{"href":"https:\/\/mula.es\/web\/wp-json\/wp\/v2\/posts"}],"about":[{"href":"https:\/\/mula.es\/web\/wp-json\/wp\/v2\/types\/post"}],"author":[{"embeddable":true,"href":"https:\/\/mula.es\/web\/wp-json\/wp\/v2\/users\/9"}],"replies":[{"embeddable":true,"href":"https:\/\/mula.es\/web\/wp-json\/wp\/v2\/comments?post=32473"}],"version-history":[{"count":3,"href":"https:\/\/mula.es\/web\/wp-json\/wp\/v2\/posts\/32473\/revisions"}],"predecessor-version":[{"id":38901,"href":"https:\/\/mula.es\/web\/wp-json\/wp\/v2\/posts\/32473\/revisions\/38901"}],"wp:featuredmedia":[{"embeddable":true,"href":"https:\/\/mula.es\/web\/wp-json\/wp\/v2\/media\/32457"}],"wp:attachment":[{"href":"https:\/\/mula.es\/web\/wp-json\/wp\/v2\/media?parent=32473"}],"wp:term":[{"taxonomy":"category","embeddable":true,"href":"https:\/\/mula.es\/web\/wp-json\/wp\/v2\/categories?post=32473"},{"taxonomy":"post_tag","embeddable":true,"href":"https:\/\/mula.es\/web\/wp-json\/wp\/v2\/tags?post=32473"}],"curies":[{"name":"wp","href":"https:\/\/api.w.org\/{rel}","templated":true}]}}