{"id":32584,"date":"2020-03-13T19:29:15","date_gmt":"2020-03-13T18:29:15","guid":{"rendered":"http:\/\/mula.es\/web\/?p=32584"},"modified":"2021-05-12T20:09:54","modified_gmt":"2021-05-12T18:09:54","slug":"cierre-de-parques-infantiles","status":"publish","type":"post","link":"https:\/\/mula.es\/web\/cierre-de-parques-infantiles\/","title":{"rendered":"Cierre de parques infantiles"},"content":{"rendered":"<p>Desde esta tarde permanecer\u00e1n cerrados al p\u00fablico los parques infantiles como medida de prevenci\u00f3n ante el Covid-19.<\/p>\n<p>Las autoridades recomiendan permanecer en casa durante los pr\u00f3ximos d\u00edas y no mantener encuentros sociales para evitar la propagaci\u00f3n de la pandemia.<\/p>\n<p><a href=\"https:\/\/mula.es\/web\/wp-content\/uploads\/2020\/03\/Cierre-Parques-Infantiles-2.jpeg\"><img decoding=\"async\" data-attachment-id=\"32585\" data-permalink=\"https:\/\/mula.es\/web\/cierre-de-parques-infantiles\/cierre-parques-infantiles-2\/\" data-orig-file=\"https:\/\/mula.es\/web\/wp-content\/uploads\/2020\/03\/Cierre-Parques-Infantiles-2.jpeg\" data-orig-size=\"1599,899\" data-comments-opened=\"0\" data-image-meta=\"{&quot;aperture&quot;:&quot;0&quot;,&quot;credit&quot;:&quot;&quot;,&quot;camera&quot;:&quot;&quot;,&quot;caption&quot;:&quot;&quot;,&quot;created_timestamp&quot;:&quot;0&quot;,&quot;copyright&quot;:&quot;&quot;,&quot;focal_length&quot;:&quot;0&quot;,&quot;iso&quot;:&quot;0&quot;,&quot;shutter_speed&quot;:&quot;0&quot;,&quot;title&quot;:&quot;&quot;,&quot;orientation&quot;:&quot;0&quot;}\" data-image-title=\"Cierre Parques Infantiles 2\" data-image-description=\"\" data-image-caption=\"\" data-large-file=\"https:\/\/mula.es\/web\/wp-content\/uploads\/2020\/03\/Cierre-Parques-Infantiles-2-1024x576.jpeg\" class=\"aligncenter size-large wp-image-32585\" src=\"https:\/\/mula.es\/web\/wp-content\/uploads\/2020\/03\/Cierre-Parques-Infantiles-2-1024x576.jpeg\" alt=\"\" width=\"1024\" height=\"576\" srcset=\"https:\/\/mula.es\/web\/wp-content\/uploads\/2020\/03\/Cierre-Parques-Infantiles-2-200x112.jpeg 200w, https:\/\/mula.es\/web\/wp-content\/uploads\/2020\/03\/Cierre-Parques-Infantiles-2-300x169.jpeg 300w, https:\/\/mula.es\/web\/wp-content\/uploads\/2020\/03\/Cierre-Parques-Infantiles-2-400x225.jpeg 400w, https:\/\/mula.es\/web\/wp-content\/uploads\/2020\/03\/Cierre-Parques-Infantiles-2-600x337.jpeg 600w, https:\/\/mula.es\/web\/wp-content\/uploads\/2020\/03\/Cierre-Parques-Infantiles-2-768x432.jpeg 768w, https:\/\/mula.es\/web\/wp-content\/uploads\/2020\/03\/Cierre-Parques-Infantiles-2-800x450.jpeg 800w, https:\/\/mula.es\/web\/wp-content\/uploads\/2020\/03\/Cierre-Parques-Infantiles-2-1024x576.jpeg 1024w, https:\/\/mula.es\/web\/wp-content\/uploads\/2020\/03\/Cierre-Parques-Infantiles-2-1200x675.jpeg 1200w, https:\/\/mula.es\/web\/wp-content\/uploads\/2020\/03\/Cierre-Parques-Infantiles-2-1536x864.jpeg 1536w, https:\/\/mula.es\/web\/wp-content\/uploads\/2020\/03\/Cierre-Parques-Infantiles-2.jpeg 1599w\" sizes=\"(max-width: 1024px) 100vw, 1024px\" \/><\/a><\/p>\n","protected":false},"excerpt":{"rendered":"<p>Desde esta tarde permanecer\u00e1n cerrados al p\u00fablico los parques infantiles como medida de prevenci\u00f3n ante el Covid-19. Las autoridades recomiendan permanecer en casa durante los pr\u00f3ximos d\u00edas y no mantener encuentros sociales para evitar la propagaci\u00f3n de la pandemia.<\/p>\n","protected":false},"author":1,"featured_media":32586,"comment_status":"closed","ping_status":"closed","sticky":false,"template":"","format":"standard","meta":{"jetpack_post_was_ever_published":false,"_jetpack_newsletter_access":"","_jetpack_dont_email_post_to_subs":false,"_jetpack_newsletter_tier_id":0,"_jetpack_memberships_contains_paywalled_content":false,"_jetpack_memberships_contains_paid_content":false,"footnotes":"","jetpack_publicize_message":"","jetpack_publicize_feature_enabled":true,"jetpack_social_post_already_shared":true,"jetpack_social_options":{"image_generator_settings":{"template":"highway","default_image_id":0,"font":"","enabled":false},"version":2}},"categories":[664,666],"tags":[],"class_list":["post-32584","post","type-post","status-publish","format-standard","has-post-thumbnail","hentry","category-coronavirus","category-parques-y-jardines"],"yoast_head":"<!-- This site is optimized with the Yoast SEO plugin v27.4 - https:\/\/yoast.com\/product\/yoast-seo-wordpress\/ -->\n<title>Cierre de parques infantiles - Ayuntamiento de Mula<\/title>\n<meta name=\"robots\" content=\"index, follow, max-snippet:-1, max-image-preview:large, max-video-preview:-1\" \/>\n<link rel=\"canonical\" href=\"https:\/\/mula.es\/web\/cierre-de-parques-infantiles\/\" \/>\n<meta property=\"og:locale\" content=\"es_ES\" \/>\n<meta property=\"og:type\" content=\"article\" \/>\n<meta property=\"og:title\" content=\"Cierre de parques infantiles - Ayuntamiento de Mula\" \/>\n<meta property=\"og:description\" content=\"Desde esta tarde permanecer\u00e1n cerrados al p\u00fablico los parques infantiles como medida de prevenci\u00f3n ante el Covid-19. Las autoridades recomiendan permanecer en casa durante los pr\u00f3ximos d\u00edas y no mantener encuentros sociales para evitar la propagaci\u00f3n de la pandemia.\" \/>\n<meta property=\"og:url\" content=\"https:\/\/mula.es\/web\/cierre-de-parques-infantiles\/\" \/>\n<meta property=\"og:site_name\" content=\"Ayuntamiento de Mula\" \/>\n<meta property=\"article:published_time\" content=\"2020-03-13T18:29:15+00:00\" \/>\n<meta property=\"article:modified_time\" content=\"2021-05-12T18:09:54+00:00\" \/>\n<meta property=\"og:image\" content=\"https:\/\/i0.wp.com\/mula.es\/web\/wp-content\/uploads\/2020\/03\/Cierre-Parques-Infantiles-1.jpeg?fit=1599%2C899&ssl=1\" \/>\n\t<meta property=\"og:image:width\" content=\"1599\" \/>\n\t<meta property=\"og:image:height\" content=\"899\" \/>\n\t<meta property=\"og:image:type\" content=\"image\/jpeg\" \/>\n<meta name=\"author\" content=\"admin\" \/>\n<meta name=\"twitter:card\" content=\"summary_large_image\" \/>\n<meta name=\"twitter:creator\" content=\"@AyuntamientMula\" \/>\n<meta name=\"twitter:site\" content=\"@AyuntamientMula\" \/>\n<meta name=\"twitter:label1\" content=\"Escrito por\" \/>\n\t<meta name=\"twitter:data1\" content=\"admin\" \/>\n<script type=\"application\/ld+json\" class=\"yoast-schema-graph\">{\"@context\":\"https:\\\/\\\/schema.org\",\"@graph\":[{\"@type\":\"Article\",\"@id\":\"https:\\\/\\\/mula.es\\\/web\\\/cierre-de-parques-infantiles\\\/#article\",\"isPartOf\":{\"@id\":\"https:\\\/\\\/mula.es\\\/web\\\/cierre-de-parques-infantiles\\\/\"},\"author\":{\"name\":\"admin\",\"@id\":\"https:\\\/\\\/mula.es\\\/web\\\/#\\\/schema\\\/person\\\/a0dbffe9f4a3ed4aaebedcfef02f71a1\"},\"headline\":\"Cierre de parques infantiles\",\"datePublished\":\"2020-03-13T18:29:15+00:00\",\"dateModified\":\"2021-05-12T18:09:54+00:00\",\"mainEntityOfPage\":{\"@id\":\"https:\\\/\\\/mula.es\\\/web\\\/cierre-de-parques-infantiles\\\/\"},\"wordCount\":49,\"image\":{\"@id\":\"https:\\\/\\\/mula.es\\\/web\\\/cierre-de-parques-infantiles\\\/#primaryimage\"},\"thumbnailUrl\":\"https:\\\/\\\/mula.es\\\/web\\\/wp-content\\\/uploads\\\/2020\\\/03\\\/Cierre-Parques-Infantiles-1.jpeg\",\"articleSection\":[\"coronavirus\",\"parques y jardines\"],\"inLanguage\":\"es\"},{\"@type\":\"WebPage\",\"@id\":\"https:\\\/\\\/mula.es\\\/web\\\/cierre-de-parques-infantiles\\\/\",\"url\":\"https:\\\/\\\/mula.es\\\/web\\\/cierre-de-parques-infantiles\\\/\",\"name\":\"Cierre de parques infantiles - Ayuntamiento de Mula\",\"isPartOf\":{\"@id\":\"https:\\\/\\\/mula.es\\\/web\\\/#website\"},\"primaryImageOfPage\":{\"@id\":\"https:\\\/\\\/mula.es\\\/web\\\/cierre-de-parques-infantiles\\\/#primaryimage\"},\"image\":{\"@id\":\"https:\\\/\\\/mula.es\\\/web\\\/cierre-de-parques-infantiles\\\/#primaryimage\"},\"thumbnailUrl\":\"https:\\\/\\\/mula.es\\\/web\\\/wp-content\\\/uploads\\\/2020\\\/03\\\/Cierre-Parques-Infantiles-1.jpeg\",\"datePublished\":\"2020-03-13T18:29:15+00:00\",\"dateModified\":\"2021-05-12T18:09:54+00:00\",\"author\":{\"@id\":\"https:\\\/\\\/mula.es\\\/web\\\/#\\\/schema\\\/person\\\/a0dbffe9f4a3ed4aaebedcfef02f71a1\"},\"breadcrumb\":{\"@id\":\"https:\\\/\\\/mula.es\\\/web\\\/cierre-de-parques-infantiles\\\/#breadcrumb\"},\"inLanguage\":\"es\",\"potentialAction\":[{\"@type\":\"ReadAction\",\"target\":[\"https:\\\/\\\/mula.es\\\/web\\\/cierre-de-parques-infantiles\\\/\"]}]},{\"@type\":\"ImageObject\",\"inLanguage\":\"es\",\"@id\":\"https:\\\/\\\/mula.es\\\/web\\\/cierre-de-parques-infantiles\\\/#primaryimage\",\"url\":\"https:\\\/\\\/mula.es\\\/web\\\/wp-content\\\/uploads\\\/2020\\\/03\\\/Cierre-Parques-Infantiles-1.jpeg\",\"contentUrl\":\"https:\\\/\\\/mula.es\\\/web\\\/wp-content\\\/uploads\\\/2020\\\/03\\\/Cierre-Parques-Infantiles-1.jpeg\",\"width\":1599,\"height\":899},{\"@type\":\"BreadcrumbList\",\"@id\":\"https:\\\/\\\/mula.es\\\/web\\\/cierre-de-parques-infantiles\\\/#breadcrumb\",\"itemListElement\":[{\"@type\":\"ListItem\",\"position\":1,\"name\":\"Portada\",\"item\":\"https:\\\/\\\/mula.es\\\/web\\\/\"},{\"@type\":\"ListItem\",\"position\":2,\"name\":\"Cierre de parques infantiles\"}]},{\"@type\":\"WebSite\",\"@id\":\"https:\\\/\\\/mula.es\\\/web\\\/#website\",\"url\":\"https:\\\/\\\/mula.es\\\/web\\\/\",\"name\":\"Ayuntamiento de Mula\",\"description\":\"P\u00e1gina web del Ayuntamiento de Mula (Regi\u00f3n de Murcia)\",\"potentialAction\":[{\"@type\":\"SearchAction\",\"target\":{\"@type\":\"EntryPoint\",\"urlTemplate\":\"https:\\\/\\\/mula.es\\\/web\\\/?s={search_term_string}\"},\"query-input\":{\"@type\":\"PropertyValueSpecification\",\"valueRequired\":true,\"valueName\":\"search_term_string\"}}],\"inLanguage\":\"es\"},{\"@type\":\"Person\",\"@id\":\"https:\\\/\\\/mula.es\\\/web\\\/#\\\/schema\\\/person\\\/a0dbffe9f4a3ed4aaebedcfef02f71a1\",\"name\":\"admin\",\"image\":{\"@type\":\"ImageObject\",\"inLanguage\":\"es\",\"@id\":\"https:\\\/\\\/secure.gravatar.com\\\/avatar\\\/5423b9cd77f4c7f89a124365a268866f9dfee038c17fe9e37afd92b5920d810e?s=96&d=mm&r=g\",\"url\":\"https:\\\/\\\/secure.gravatar.com\\\/avatar\\\/5423b9cd77f4c7f89a124365a268866f9dfee038c17fe9e37afd92b5920d810e?s=96&d=mm&r=g\",\"contentUrl\":\"https:\\\/\\\/secure.gravatar.com\\\/avatar\\\/5423b9cd77f4c7f89a124365a268866f9dfee038c17fe9e37afd92b5920d810e?s=96&d=mm&r=g\",\"caption\":\"admin\"},\"description\":\"Lorem ipsum dolor sit amet, consectetur adipiscing elit. Nam viverra euismod odio, gravida pellentesque urna varius vitae. Sed dui lorem, adipiscing in adipiscing et, interdum nec metus. Mauris ultricies, justo eu convallis placerat, felis enim ornare nisi, vitae mattis nulla ante id dui. Ut lectus purus, commodo et tincidunt vel, interdum sed lectus. Vestibulum adipiscing tempor nisi id elementi.\",\"url\":\"https:\\\/\\\/mula.es\\\/web\\\/author\\\/jose-maria-boti\\\/\"}]}<\/script>\n<!-- \/ Yoast SEO plugin. -->","yoast_head_json":{"title":"Cierre de parques infantiles - Ayuntamiento de Mula","robots":{"index":"index","follow":"follow","max-snippet":"max-snippet:-1","max-image-preview":"max-image-preview:large","max-video-preview":"max-video-preview:-1"},"canonical":"https:\/\/mula.es\/web\/cierre-de-parques-infantiles\/","og_locale":"es_ES","og_type":"article","og_title":"Cierre de parques infantiles - Ayuntamiento de Mula","og_description":"Desde esta tarde permanecer\u00e1n cerrados al p\u00fablico los parques infantiles como medida de prevenci\u00f3n ante el Covid-19. Las autoridades recomiendan permanecer en casa durante los pr\u00f3ximos d\u00edas y no mantener encuentros sociales para evitar la propagaci\u00f3n de la pandemia.","og_url":"https:\/\/mula.es\/web\/cierre-de-parques-infantiles\/","og_site_name":"Ayuntamiento de Mula","article_published_time":"2020-03-13T18:29:15+00:00","article_modified_time":"2021-05-12T18:09:54+00:00","og_image":[{"width":1599,"height":899,"url":"https:\/\/i0.wp.com\/mula.es\/web\/wp-content\/uploads\/2020\/03\/Cierre-Parques-Infantiles-1.jpeg?fit=1599%2C899&ssl=1","type":"image\/jpeg"}],"author":"admin","twitter_card":"summary_large_image","twitter_creator":"@AyuntamientMula","twitter_site":"@AyuntamientMula","twitter_misc":{"Escrito por":"admin"},"schema":{"@context":"https:\/\/schema.org","@graph":[{"@type":"Article","@id":"https:\/\/mula.es\/web\/cierre-de-parques-infantiles\/#article","isPartOf":{"@id":"https:\/\/mula.es\/web\/cierre-de-parques-infantiles\/"},"author":{"name":"admin","@id":"https:\/\/mula.es\/web\/#\/schema\/person\/a0dbffe9f4a3ed4aaebedcfef02f71a1"},"headline":"Cierre de parques infantiles","datePublished":"2020-03-13T18:29:15+00:00","dateModified":"2021-05-12T18:09:54+00:00","mainEntityOfPage":{"@id":"https:\/\/mula.es\/web\/cierre-de-parques-infantiles\/"},"wordCount":49,"image":{"@id":"https:\/\/mula.es\/web\/cierre-de-parques-infantiles\/#primaryimage"},"thumbnailUrl":"https:\/\/mula.es\/web\/wp-content\/uploads\/2020\/03\/Cierre-Parques-Infantiles-1.jpeg","articleSection":["coronavirus","parques y jardines"],"inLanguage":"es"},{"@type":"WebPage","@id":"https:\/\/mula.es\/web\/cierre-de-parques-infantiles\/","url":"https:\/\/mula.es\/web\/cierre-de-parques-infantiles\/","name":"Cierre de parques infantiles - Ayuntamiento de Mula","isPartOf":{"@id":"https:\/\/mula.es\/web\/#website"},"primaryImageOfPage":{"@id":"https:\/\/mula.es\/web\/cierre-de-parques-infantiles\/#primaryimage"},"image":{"@id":"https:\/\/mula.es\/web\/cierre-de-parques-infantiles\/#primaryimage"},"thumbnailUrl":"https:\/\/mula.es\/web\/wp-content\/uploads\/2020\/03\/Cierre-Parques-Infantiles-1.jpeg","datePublished":"2020-03-13T18:29:15+00:00","dateModified":"2021-05-12T18:09:54+00:00","author":{"@id":"https:\/\/mula.es\/web\/#\/schema\/person\/a0dbffe9f4a3ed4aaebedcfef02f71a1"},"breadcrumb":{"@id":"https:\/\/mula.es\/web\/cierre-de-parques-infantiles\/#breadcrumb"},"inLanguage":"es","potentialAction":[{"@type":"ReadAction","target":["https:\/\/mula.es\/web\/cierre-de-parques-infantiles\/"]}]},{"@type":"ImageObject","inLanguage":"es","@id":"https:\/\/mula.es\/web\/cierre-de-parques-infantiles\/#primaryimage","url":"https:\/\/mula.es\/web\/wp-content\/uploads\/2020\/03\/Cierre-Parques-Infantiles-1.jpeg","contentUrl":"https:\/\/mula.es\/web\/wp-content\/uploads\/2020\/03\/Cierre-Parques-Infantiles-1.jpeg","width":1599,"height":899},{"@type":"BreadcrumbList","@id":"https:\/\/mula.es\/web\/cierre-de-parques-infantiles\/#breadcrumb","itemListElement":[{"@type":"ListItem","position":1,"name":"Portada","item":"https:\/\/mula.es\/web\/"},{"@type":"ListItem","position":2,"name":"Cierre de parques infantiles"}]},{"@type":"WebSite","@id":"https:\/\/mula.es\/web\/#website","url":"https:\/\/mula.es\/web\/","name":"Ayuntamiento de Mula","description":"P\u00e1gina web del Ayuntamiento de Mula (Regi\u00f3n de Murcia)","potentialAction":[{"@type":"SearchAction","target":{"@type":"EntryPoint","urlTemplate":"https:\/\/mula.es\/web\/?s={search_term_string}"},"query-input":{"@type":"PropertyValueSpecification","valueRequired":true,"valueName":"search_term_string"}}],"inLanguage":"es"},{"@type":"Person","@id":"https:\/\/mula.es\/web\/#\/schema\/person\/a0dbffe9f4a3ed4aaebedcfef02f71a1","name":"admin","image":{"@type":"ImageObject","inLanguage":"es","@id":"https:\/\/secure.gravatar.com\/avatar\/5423b9cd77f4c7f89a124365a268866f9dfee038c17fe9e37afd92b5920d810e?s=96&d=mm&r=g","url":"https:\/\/secure.gravatar.com\/avatar\/5423b9cd77f4c7f89a124365a268866f9dfee038c17fe9e37afd92b5920d810e?s=96&d=mm&r=g","contentUrl":"https:\/\/secure.gravatar.com\/avatar\/5423b9cd77f4c7f89a124365a268866f9dfee038c17fe9e37afd92b5920d810e?s=96&d=mm&r=g","caption":"admin"},"description":"Lorem ipsum dolor sit amet, consectetur adipiscing elit. Nam viverra euismod odio, gravida pellentesque urna varius vitae. Sed dui lorem, adipiscing in adipiscing et, interdum nec metus. Mauris ultricies, justo eu convallis placerat, felis enim ornare nisi, vitae mattis nulla ante id dui. Ut lectus purus, commodo et tincidunt vel, interdum sed lectus. Vestibulum adipiscing tempor nisi id elementi.","url":"https:\/\/mula.es\/web\/author\/jose-maria-boti\/"}]}},"jetpack_publicize_connections":[],"jetpack_featured_media_url":"https:\/\/mula.es\/web\/wp-content\/uploads\/2020\/03\/Cierre-Parques-Infantiles-1.jpeg","jetpack_sharing_enabled":true,"jetpack_shortlink":"https:\/\/wp.me\/pa9DMY-8ty","jetpack-related-posts":[],"_links":{"self":[{"href":"https:\/\/mula.es\/web\/wp-json\/wp\/v2\/posts\/32584","targetHints":{"allow":["GET"]}}],"collection":[{"href":"https:\/\/mula.es\/web\/wp-json\/wp\/v2\/posts"}],"about":[{"href":"https:\/\/mula.es\/web\/wp-json\/wp\/v2\/types\/post"}],"author":[{"embeddable":true,"href":"https:\/\/mula.es\/web\/wp-json\/wp\/v2\/users\/1"}],"replies":[{"embeddable":true,"href":"https:\/\/mula.es\/web\/wp-json\/wp\/v2\/comments?post=32584"}],"version-history":[{"count":1,"href":"https:\/\/mula.es\/web\/wp-json\/wp\/v2\/posts\/32584\/revisions"}],"predecessor-version":[{"id":32587,"href":"https:\/\/mula.es\/web\/wp-json\/wp\/v2\/posts\/32584\/revisions\/32587"}],"wp:featuredmedia":[{"embeddable":true,"href":"https:\/\/mula.es\/web\/wp-json\/wp\/v2\/media\/32586"}],"wp:attachment":[{"href":"https:\/\/mula.es\/web\/wp-json\/wp\/v2\/media?parent=32584"}],"wp:term":[{"taxonomy":"category","embeddable":true,"href":"https:\/\/mula.es\/web\/wp-json\/wp\/v2\/categories?post=32584"},{"taxonomy":"post_tag","embeddable":true,"href":"https:\/\/mula.es\/web\/wp-json\/wp\/v2\/tags?post=32584"}],"curies":[{"name":"wp","href":"https:\/\/api.w.org\/{rel}","templated":true}]}}