{"id":32623,"date":"2020-03-16T21:54:54","date_gmt":"2020-03-16T20:54:54","guid":{"rendered":"http:\/\/mula.es\/web\/?p=32623"},"modified":"2020-03-16T21:54:54","modified_gmt":"2020-03-16T20:54:54","slug":"iberdrola-distribucion-electrica-pospone-trabajos-a-peticion-ayuntamiento-de-mula","status":"publish","type":"post","link":"https:\/\/mula.es\/web\/iberdrola-distribucion-electrica-pospone-trabajos-a-peticion-ayuntamiento-de-mula\/","title":{"rendered":"Iberdrola Distribuci\u00f3n El\u00e9ctrica pospone trabajos a petici\u00f3n Ayuntamiento de Mula"},"content":{"rendered":"<p>El Excmo. Ayuntamiento de Mula ha realizado las gestiones pertinentes para que los trabajos que iba a realizar la empresa Iberdrola Distribuci\u00f3n El\u00e9ctrica, para la mejora de la calidad del servicio en el municipio de Mula, se realicen en fechas posteriores, evitando interrumpir, en el estado actual de alarma, el suministro el\u00e9ctrico.<\/p>\n<p>Dichos trabajos se llevar\u00e1n a cabo, previo aviso, cuando la vuelta a la normalidad sea la t\u00f3nica predominante en nuestro d\u00eda a d\u00eda.<\/p>\n","protected":false},"excerpt":{"rendered":"<p>El Excmo. Ayuntamiento de Mula ha realizado las gestiones pertinentes para que los trabajos que iba a realizar la empresa Iberdrola Distribuci\u00f3n El\u00e9ctrica, para la mejora de la calidad del servicio en el municipio de Mula, se realicen en fechas posteriores, evitando interrumpir, en el estado actual de alarma, el suministro el\u00e9ctrico. Dichos trabajos se  [&#8230;]<\/p>\n","protected":false},"author":1,"featured_media":15914,"comment_status":"closed","ping_status":"closed","sticky":false,"template":"","format":"standard","meta":{"jetpack_post_was_ever_published":false,"_jetpack_newsletter_access":"","_jetpack_dont_email_post_to_subs":false,"_jetpack_newsletter_tier_id":0,"_jetpack_memberships_contains_paywalled_content":false,"_jetpack_memberships_contains_paid_content":false,"footnotes":"","jetpack_publicize_message":"","jetpack_publicize_feature_enabled":true,"jetpack_social_post_already_shared":true,"jetpack_social_options":{"image_generator_settings":{"template":"highway","default_image_id":0,"font":"","enabled":false},"version":2}},"categories":[664,141],"tags":[],"class_list":["post-32623","post","type-post","status-publish","format-standard","has-post-thumbnail","hentry","category-coronavirus","category-recursos-energeticos"],"yoast_head":"<!-- This site is optimized with the Yoast SEO plugin v27.5 - https:\/\/yoast.com\/product\/yoast-seo-wordpress\/ -->\n<title>Iberdrola Distribuci\u00f3n El\u00e9ctrica pospone trabajos a petici\u00f3n Ayuntamiento de Mula - Ayuntamiento de Mula<\/title>\n<meta name=\"robots\" content=\"index, follow, max-snippet:-1, max-image-preview:large, max-video-preview:-1\" \/>\n<link rel=\"canonical\" href=\"https:\/\/mula.es\/web\/iberdrola-distribucion-electrica-pospone-trabajos-a-peticion-ayuntamiento-de-mula\/\" \/>\n<meta property=\"og:locale\" content=\"es_ES\" \/>\n<meta property=\"og:type\" content=\"article\" \/>\n<meta property=\"og:title\" content=\"Iberdrola Distribuci\u00f3n El\u00e9ctrica pospone trabajos a petici\u00f3n Ayuntamiento de Mula - Ayuntamiento de Mula\" \/>\n<meta property=\"og:description\" content=\"El Excmo. Ayuntamiento de Mula ha realizado las gestiones pertinentes para que los trabajos que iba a realizar la empresa Iberdrola Distribuci\u00f3n El\u00e9ctrica, para la mejora de la calidad del servicio en el municipio de Mula, se realicen en fechas posteriores, evitando interrumpir, en el estado actual de alarma, el suministro el\u00e9ctrico. Dichos trabajos se [...]\" \/>\n<meta property=\"og:url\" content=\"https:\/\/mula.es\/web\/iberdrola-distribucion-electrica-pospone-trabajos-a-peticion-ayuntamiento-de-mula\/\" \/>\n<meta property=\"og:site_name\" content=\"Ayuntamiento de Mula\" \/>\n<meta property=\"article:published_time\" content=\"2020-03-16T20:54:54+00:00\" \/>\n<meta property=\"og:image\" content=\"https:\/\/i0.wp.com\/mula.es\/web\/wp-content\/uploads\/2016\/04\/escudo_ayto-1.png?fit=91%2C98&ssl=1\" \/>\n\t<meta property=\"og:image:width\" content=\"91\" \/>\n\t<meta property=\"og:image:height\" content=\"98\" \/>\n\t<meta property=\"og:image:type\" content=\"image\/png\" \/>\n<meta name=\"author\" content=\"admin\" \/>\n<meta name=\"twitter:card\" content=\"summary_large_image\" \/>\n<meta name=\"twitter:creator\" content=\"@AyuntamientMula\" \/>\n<meta name=\"twitter:site\" content=\"@AyuntamientMula\" \/>\n<meta name=\"twitter:label1\" content=\"Escrito por\" \/>\n\t<meta name=\"twitter:data1\" content=\"admin\" \/>\n<script type=\"application\/ld+json\" class=\"yoast-schema-graph\">{\"@context\":\"https:\\\/\\\/schema.org\",\"@graph\":[{\"@type\":\"Article\",\"@id\":\"https:\\\/\\\/mula.es\\\/web\\\/iberdrola-distribucion-electrica-pospone-trabajos-a-peticion-ayuntamiento-de-mula\\\/#article\",\"isPartOf\":{\"@id\":\"https:\\\/\\\/mula.es\\\/web\\\/iberdrola-distribucion-electrica-pospone-trabajos-a-peticion-ayuntamiento-de-mula\\\/\"},\"author\":{\"name\":\"admin\",\"@id\":\"https:\\\/\\\/mula.es\\\/web\\\/#\\\/schema\\\/person\\\/a0dbffe9f4a3ed4aaebedcfef02f71a1\"},\"headline\":\"Iberdrola Distribuci\u00f3n El\u00e9ctrica pospone trabajos a petici\u00f3n Ayuntamiento de Mula\",\"datePublished\":\"2020-03-16T20:54:54+00:00\",\"mainEntityOfPage\":{\"@id\":\"https:\\\/\\\/mula.es\\\/web\\\/iberdrola-distribucion-electrica-pospone-trabajos-a-peticion-ayuntamiento-de-mula\\\/\"},\"wordCount\":95,\"image\":{\"@id\":\"https:\\\/\\\/mula.es\\\/web\\\/iberdrola-distribucion-electrica-pospone-trabajos-a-peticion-ayuntamiento-de-mula\\\/#primaryimage\"},\"thumbnailUrl\":\"https:\\\/\\\/mula.es\\\/web\\\/wp-content\\\/uploads\\\/2016\\\/04\\\/escudo_ayto-1.png\",\"articleSection\":[\"coronavirus\",\"recursos energ\u00e9ticos\"],\"inLanguage\":\"es\"},{\"@type\":\"WebPage\",\"@id\":\"https:\\\/\\\/mula.es\\\/web\\\/iberdrola-distribucion-electrica-pospone-trabajos-a-peticion-ayuntamiento-de-mula\\\/\",\"url\":\"https:\\\/\\\/mula.es\\\/web\\\/iberdrola-distribucion-electrica-pospone-trabajos-a-peticion-ayuntamiento-de-mula\\\/\",\"name\":\"Iberdrola Distribuci\u00f3n El\u00e9ctrica pospone trabajos a petici\u00f3n Ayuntamiento de Mula - Ayuntamiento de Mula\",\"isPartOf\":{\"@id\":\"https:\\\/\\\/mula.es\\\/web\\\/#website\"},\"primaryImageOfPage\":{\"@id\":\"https:\\\/\\\/mula.es\\\/web\\\/iberdrola-distribucion-electrica-pospone-trabajos-a-peticion-ayuntamiento-de-mula\\\/#primaryimage\"},\"image\":{\"@id\":\"https:\\\/\\\/mula.es\\\/web\\\/iberdrola-distribucion-electrica-pospone-trabajos-a-peticion-ayuntamiento-de-mula\\\/#primaryimage\"},\"thumbnailUrl\":\"https:\\\/\\\/mula.es\\\/web\\\/wp-content\\\/uploads\\\/2016\\\/04\\\/escudo_ayto-1.png\",\"datePublished\":\"2020-03-16T20:54:54+00:00\",\"author\":{\"@id\":\"https:\\\/\\\/mula.es\\\/web\\\/#\\\/schema\\\/person\\\/a0dbffe9f4a3ed4aaebedcfef02f71a1\"},\"breadcrumb\":{\"@id\":\"https:\\\/\\\/mula.es\\\/web\\\/iberdrola-distribucion-electrica-pospone-trabajos-a-peticion-ayuntamiento-de-mula\\\/#breadcrumb\"},\"inLanguage\":\"es\",\"potentialAction\":[{\"@type\":\"ReadAction\",\"target\":[\"https:\\\/\\\/mula.es\\\/web\\\/iberdrola-distribucion-electrica-pospone-trabajos-a-peticion-ayuntamiento-de-mula\\\/\"]}]},{\"@type\":\"ImageObject\",\"inLanguage\":\"es\",\"@id\":\"https:\\\/\\\/mula.es\\\/web\\\/iberdrola-distribucion-electrica-pospone-trabajos-a-peticion-ayuntamiento-de-mula\\\/#primaryimage\",\"url\":\"https:\\\/\\\/mula.es\\\/web\\\/wp-content\\\/uploads\\\/2016\\\/04\\\/escudo_ayto-1.png\",\"contentUrl\":\"https:\\\/\\\/mula.es\\\/web\\\/wp-content\\\/uploads\\\/2016\\\/04\\\/escudo_ayto-1.png\",\"width\":91,\"height\":98,\"caption\":\"escudo ayuntamiento\"},{\"@type\":\"BreadcrumbList\",\"@id\":\"https:\\\/\\\/mula.es\\\/web\\\/iberdrola-distribucion-electrica-pospone-trabajos-a-peticion-ayuntamiento-de-mula\\\/#breadcrumb\",\"itemListElement\":[{\"@type\":\"ListItem\",\"position\":1,\"name\":\"Portada\",\"item\":\"https:\\\/\\\/mula.es\\\/web\\\/\"},{\"@type\":\"ListItem\",\"position\":2,\"name\":\"Iberdrola Distribuci\u00f3n El\u00e9ctrica pospone trabajos a petici\u00f3n Ayuntamiento de Mula\"}]},{\"@type\":\"WebSite\",\"@id\":\"https:\\\/\\\/mula.es\\\/web\\\/#website\",\"url\":\"https:\\\/\\\/mula.es\\\/web\\\/\",\"name\":\"Ayuntamiento de Mula\",\"description\":\"P\u00e1gina web del Ayuntamiento de Mula (Regi\u00f3n de Murcia)\",\"potentialAction\":[{\"@type\":\"SearchAction\",\"target\":{\"@type\":\"EntryPoint\",\"urlTemplate\":\"https:\\\/\\\/mula.es\\\/web\\\/?s={search_term_string}\"},\"query-input\":{\"@type\":\"PropertyValueSpecification\",\"valueRequired\":true,\"valueName\":\"search_term_string\"}}],\"inLanguage\":\"es\"},{\"@type\":\"Person\",\"@id\":\"https:\\\/\\\/mula.es\\\/web\\\/#\\\/schema\\\/person\\\/a0dbffe9f4a3ed4aaebedcfef02f71a1\",\"name\":\"admin\",\"image\":{\"@type\":\"ImageObject\",\"inLanguage\":\"es\",\"@id\":\"https:\\\/\\\/secure.gravatar.com\\\/avatar\\\/5423b9cd77f4c7f89a124365a268866f9dfee038c17fe9e37afd92b5920d810e?s=96&d=mm&r=g\",\"url\":\"https:\\\/\\\/secure.gravatar.com\\\/avatar\\\/5423b9cd77f4c7f89a124365a268866f9dfee038c17fe9e37afd92b5920d810e?s=96&d=mm&r=g\",\"contentUrl\":\"https:\\\/\\\/secure.gravatar.com\\\/avatar\\\/5423b9cd77f4c7f89a124365a268866f9dfee038c17fe9e37afd92b5920d810e?s=96&d=mm&r=g\",\"caption\":\"admin\"},\"description\":\"Lorem ipsum dolor sit amet, consectetur adipiscing elit. Nam viverra euismod odio, gravida pellentesque urna varius vitae. Sed dui lorem, adipiscing in adipiscing et, interdum nec metus. Mauris ultricies, justo eu convallis placerat, felis enim ornare nisi, vitae mattis nulla ante id dui. Ut lectus purus, commodo et tincidunt vel, interdum sed lectus. Vestibulum adipiscing tempor nisi id elementi.\",\"url\":\"https:\\\/\\\/mula.es\\\/web\\\/author\\\/jose-maria-boti\\\/\"}]}<\/script>\n<!-- \/ Yoast SEO plugin. -->","yoast_head_json":{"title":"Iberdrola Distribuci\u00f3n El\u00e9ctrica pospone trabajos a petici\u00f3n Ayuntamiento de Mula - Ayuntamiento de Mula","robots":{"index":"index","follow":"follow","max-snippet":"max-snippet:-1","max-image-preview":"max-image-preview:large","max-video-preview":"max-video-preview:-1"},"canonical":"https:\/\/mula.es\/web\/iberdrola-distribucion-electrica-pospone-trabajos-a-peticion-ayuntamiento-de-mula\/","og_locale":"es_ES","og_type":"article","og_title":"Iberdrola Distribuci\u00f3n El\u00e9ctrica pospone trabajos a petici\u00f3n Ayuntamiento de Mula - Ayuntamiento de Mula","og_description":"El Excmo. Ayuntamiento de Mula ha realizado las gestiones pertinentes para que los trabajos que iba a realizar la empresa Iberdrola Distribuci\u00f3n El\u00e9ctrica, para la mejora de la calidad del servicio en el municipio de Mula, se realicen en fechas posteriores, evitando interrumpir, en el estado actual de alarma, el suministro el\u00e9ctrico. Dichos trabajos se [...]","og_url":"https:\/\/mula.es\/web\/iberdrola-distribucion-electrica-pospone-trabajos-a-peticion-ayuntamiento-de-mula\/","og_site_name":"Ayuntamiento de Mula","article_published_time":"2020-03-16T20:54:54+00:00","og_image":[{"width":91,"height":98,"url":"https:\/\/i0.wp.com\/mula.es\/web\/wp-content\/uploads\/2016\/04\/escudo_ayto-1.png?fit=91%2C98&ssl=1","type":"image\/png"}],"author":"admin","twitter_card":"summary_large_image","twitter_creator":"@AyuntamientMula","twitter_site":"@AyuntamientMula","twitter_misc":{"Escrito por":"admin"},"schema":{"@context":"https:\/\/schema.org","@graph":[{"@type":"Article","@id":"https:\/\/mula.es\/web\/iberdrola-distribucion-electrica-pospone-trabajos-a-peticion-ayuntamiento-de-mula\/#article","isPartOf":{"@id":"https:\/\/mula.es\/web\/iberdrola-distribucion-electrica-pospone-trabajos-a-peticion-ayuntamiento-de-mula\/"},"author":{"name":"admin","@id":"https:\/\/mula.es\/web\/#\/schema\/person\/a0dbffe9f4a3ed4aaebedcfef02f71a1"},"headline":"Iberdrola Distribuci\u00f3n El\u00e9ctrica pospone trabajos a petici\u00f3n Ayuntamiento de Mula","datePublished":"2020-03-16T20:54:54+00:00","mainEntityOfPage":{"@id":"https:\/\/mula.es\/web\/iberdrola-distribucion-electrica-pospone-trabajos-a-peticion-ayuntamiento-de-mula\/"},"wordCount":95,"image":{"@id":"https:\/\/mula.es\/web\/iberdrola-distribucion-electrica-pospone-trabajos-a-peticion-ayuntamiento-de-mula\/#primaryimage"},"thumbnailUrl":"https:\/\/mula.es\/web\/wp-content\/uploads\/2016\/04\/escudo_ayto-1.png","articleSection":["coronavirus","recursos energ\u00e9ticos"],"inLanguage":"es"},{"@type":"WebPage","@id":"https:\/\/mula.es\/web\/iberdrola-distribucion-electrica-pospone-trabajos-a-peticion-ayuntamiento-de-mula\/","url":"https:\/\/mula.es\/web\/iberdrola-distribucion-electrica-pospone-trabajos-a-peticion-ayuntamiento-de-mula\/","name":"Iberdrola Distribuci\u00f3n El\u00e9ctrica pospone trabajos a petici\u00f3n Ayuntamiento de Mula - Ayuntamiento de Mula","isPartOf":{"@id":"https:\/\/mula.es\/web\/#website"},"primaryImageOfPage":{"@id":"https:\/\/mula.es\/web\/iberdrola-distribucion-electrica-pospone-trabajos-a-peticion-ayuntamiento-de-mula\/#primaryimage"},"image":{"@id":"https:\/\/mula.es\/web\/iberdrola-distribucion-electrica-pospone-trabajos-a-peticion-ayuntamiento-de-mula\/#primaryimage"},"thumbnailUrl":"https:\/\/mula.es\/web\/wp-content\/uploads\/2016\/04\/escudo_ayto-1.png","datePublished":"2020-03-16T20:54:54+00:00","author":{"@id":"https:\/\/mula.es\/web\/#\/schema\/person\/a0dbffe9f4a3ed4aaebedcfef02f71a1"},"breadcrumb":{"@id":"https:\/\/mula.es\/web\/iberdrola-distribucion-electrica-pospone-trabajos-a-peticion-ayuntamiento-de-mula\/#breadcrumb"},"inLanguage":"es","potentialAction":[{"@type":"ReadAction","target":["https:\/\/mula.es\/web\/iberdrola-distribucion-electrica-pospone-trabajos-a-peticion-ayuntamiento-de-mula\/"]}]},{"@type":"ImageObject","inLanguage":"es","@id":"https:\/\/mula.es\/web\/iberdrola-distribucion-electrica-pospone-trabajos-a-peticion-ayuntamiento-de-mula\/#primaryimage","url":"https:\/\/mula.es\/web\/wp-content\/uploads\/2016\/04\/escudo_ayto-1.png","contentUrl":"https:\/\/mula.es\/web\/wp-content\/uploads\/2016\/04\/escudo_ayto-1.png","width":91,"height":98,"caption":"escudo ayuntamiento"},{"@type":"BreadcrumbList","@id":"https:\/\/mula.es\/web\/iberdrola-distribucion-electrica-pospone-trabajos-a-peticion-ayuntamiento-de-mula\/#breadcrumb","itemListElement":[{"@type":"ListItem","position":1,"name":"Portada","item":"https:\/\/mula.es\/web\/"},{"@type":"ListItem","position":2,"name":"Iberdrola Distribuci\u00f3n El\u00e9ctrica pospone trabajos a petici\u00f3n Ayuntamiento de Mula"}]},{"@type":"WebSite","@id":"https:\/\/mula.es\/web\/#website","url":"https:\/\/mula.es\/web\/","name":"Ayuntamiento de Mula","description":"P\u00e1gina web del Ayuntamiento de Mula (Regi\u00f3n de Murcia)","potentialAction":[{"@type":"SearchAction","target":{"@type":"EntryPoint","urlTemplate":"https:\/\/mula.es\/web\/?s={search_term_string}"},"query-input":{"@type":"PropertyValueSpecification","valueRequired":true,"valueName":"search_term_string"}}],"inLanguage":"es"},{"@type":"Person","@id":"https:\/\/mula.es\/web\/#\/schema\/person\/a0dbffe9f4a3ed4aaebedcfef02f71a1","name":"admin","image":{"@type":"ImageObject","inLanguage":"es","@id":"https:\/\/secure.gravatar.com\/avatar\/5423b9cd77f4c7f89a124365a268866f9dfee038c17fe9e37afd92b5920d810e?s=96&d=mm&r=g","url":"https:\/\/secure.gravatar.com\/avatar\/5423b9cd77f4c7f89a124365a268866f9dfee038c17fe9e37afd92b5920d810e?s=96&d=mm&r=g","contentUrl":"https:\/\/secure.gravatar.com\/avatar\/5423b9cd77f4c7f89a124365a268866f9dfee038c17fe9e37afd92b5920d810e?s=96&d=mm&r=g","caption":"admin"},"description":"Lorem ipsum dolor sit amet, consectetur adipiscing elit. Nam viverra euismod odio, gravida pellentesque urna varius vitae. Sed dui lorem, adipiscing in adipiscing et, interdum nec metus. Mauris ultricies, justo eu convallis placerat, felis enim ornare nisi, vitae mattis nulla ante id dui. Ut lectus purus, commodo et tincidunt vel, interdum sed lectus. Vestibulum adipiscing tempor nisi id elementi.","url":"https:\/\/mula.es\/web\/author\/jose-maria-boti\/"}]}},"jetpack_publicize_connections":[],"jetpack_featured_media_url":"https:\/\/mula.es\/web\/wp-content\/uploads\/2016\/04\/escudo_ayto-1.png","jetpack_sharing_enabled":true,"jetpack_shortlink":"https:\/\/wp.me\/pa9DMY-8ub","jetpack-related-posts":[],"_links":{"self":[{"href":"https:\/\/mula.es\/web\/wp-json\/wp\/v2\/posts\/32623","targetHints":{"allow":["GET"]}}],"collection":[{"href":"https:\/\/mula.es\/web\/wp-json\/wp\/v2\/posts"}],"about":[{"href":"https:\/\/mula.es\/web\/wp-json\/wp\/v2\/types\/post"}],"author":[{"embeddable":true,"href":"https:\/\/mula.es\/web\/wp-json\/wp\/v2\/users\/1"}],"replies":[{"embeddable":true,"href":"https:\/\/mula.es\/web\/wp-json\/wp\/v2\/comments?post=32623"}],"version-history":[{"count":1,"href":"https:\/\/mula.es\/web\/wp-json\/wp\/v2\/posts\/32623\/revisions"}],"predecessor-version":[{"id":32624,"href":"https:\/\/mula.es\/web\/wp-json\/wp\/v2\/posts\/32623\/revisions\/32624"}],"wp:featuredmedia":[{"embeddable":true,"href":"https:\/\/mula.es\/web\/wp-json\/wp\/v2\/media\/15914"}],"wp:attachment":[{"href":"https:\/\/mula.es\/web\/wp-json\/wp\/v2\/media?parent=32623"}],"wp:term":[{"taxonomy":"category","embeddable":true,"href":"https:\/\/mula.es\/web\/wp-json\/wp\/v2\/categories?post=32623"},{"taxonomy":"post_tag","embeddable":true,"href":"https:\/\/mula.es\/web\/wp-json\/wp\/v2\/tags?post=32623"}],"curies":[{"name":"wp","href":"https:\/\/api.w.org\/{rel}","templated":true}]}}