{"id":32639,"date":"2020-03-17T18:55:27","date_gmt":"2020-03-17T17:55:27","guid":{"rendered":"http:\/\/mula.es\/web\/?p=32639"},"modified":"2020-03-17T18:55:27","modified_gmt":"2020-03-17T17:55:27","slug":"comunicado-concejalia-deportes-en-relacion-a-justificacion-subvenciones","status":"publish","type":"post","link":"https:\/\/mula.es\/web\/comunicado-concejalia-deportes-en-relacion-a-justificacion-subvenciones\/","title":{"rendered":"Comunicado Concejal\u00eda Deportes en relaci\u00f3n a justificaci\u00f3n subvenciones"},"content":{"rendered":"<p align=\"justify\">En relaci\u00f3n al plazo justificativo de las Subvenci\u00f3n en el \u00c1mbito de los Programas de Educaci\u00f3n F\u00edsica y Deportes de la convocatoria del ejercicio 2019, se INFORMA de lo siguiente:<\/p>\n<p align=\"justify\">En base al Real Decreto 463\/2020 de 14 de marzo, del presente, por el que se declara el estado de alarma para la gesti\u00f3n de la crisis sanitaria ocasionada por el COVID-19, SE SUSPENDEN LOS T\u00c9RMINOS Y SE INTERRUMPEN LOS PLAZOS PARA LA TRAMITACI\u00d3N DE TODOS LOS PROCEDIMIENTOS ADMINISTRATIVOS DEL AYUNTAMIENTO, AS\u00cd COMO LOS PLAZOS DE PRESCRIPCI\u00d3N Y CADUCIDAD, EN LOS T\u00c9RMINOS ESTABLECIDOS EN LA DISPOSICI\u00d3N ADICIONAL TERCERA Y CUARTA DE ESTE REAL DECRETO.<\/p>\n<p align=\"justify\">As\u00ed pues, una vez concluido el estado de alarma, se volver\u00e1 a notificar el plazo de presentaci\u00f3n de dicha justificaci\u00f3n a aquellos usuarios que aun no hayan presentado la misma hasta la fecha, y que necesiten realizar esta gesti\u00f3n de manera presencial, en el Registro General del Excmo. Ayuntamiento de Mula. Si bien, aquella asociaci\u00f3n, club, centro de ense\u00f1anza o usuario que disponga de certificaci\u00f3n electr\u00f3nica, podr\u00e1 presentar, desde ya, la justificaci\u00f3n de la citada subvenci\u00f3n v\u00eda telem\u00e1tica.<\/p>\n","protected":false},"excerpt":{"rendered":"<p>En relaci\u00f3n al plazo justificativo de las Subvenci\u00f3n en el \u00c1mbito de los Programas de Educaci\u00f3n F\u00edsica y Deportes de la convocatoria del ejercicio 2019, se INFORMA de lo siguiente: En base al Real Decreto 463\/2020 de 14 de marzo, del presente, por el que se declara el estado de alarma para la gesti\u00f3n de  [&#8230;]<\/p>\n","protected":false},"author":1,"featured_media":14285,"comment_status":"closed","ping_status":"closed","sticky":false,"template":"","format":"standard","meta":{"jetpack_post_was_ever_published":false,"_jetpack_newsletter_access":"","_jetpack_dont_email_post_to_subs":false,"_jetpack_newsletter_tier_id":0,"_jetpack_memberships_contains_paywalled_content":false,"_jetpack_memberships_contains_paid_content":false,"footnotes":"","jetpack_publicize_message":"","jetpack_publicize_feature_enabled":true,"jetpack_social_post_already_shared":true,"jetpack_social_options":{"image_generator_settings":{"template":"highway","default_image_id":0,"font":"","enabled":false},"version":2}},"categories":[88],"tags":[],"class_list":["post-32639","post","type-post","status-publish","format-standard","has-post-thumbnail","hentry","category-deportes"],"yoast_head":"<!-- This site is optimized with the Yoast SEO plugin v27.5 - https:\/\/yoast.com\/product\/yoast-seo-wordpress\/ -->\n<title>Comunicado Concejal\u00eda Deportes en relaci\u00f3n a justificaci\u00f3n subvenciones - Ayuntamiento de Mula<\/title>\n<meta name=\"robots\" content=\"index, follow, max-snippet:-1, max-image-preview:large, max-video-preview:-1\" \/>\n<link rel=\"canonical\" href=\"https:\/\/mula.es\/web\/comunicado-concejalia-deportes-en-relacion-a-justificacion-subvenciones\/\" \/>\n<meta property=\"og:locale\" content=\"es_ES\" \/>\n<meta property=\"og:type\" content=\"article\" \/>\n<meta property=\"og:title\" content=\"Comunicado Concejal\u00eda Deportes en relaci\u00f3n a justificaci\u00f3n subvenciones - Ayuntamiento de Mula\" \/>\n<meta property=\"og:description\" content=\"En relaci\u00f3n al plazo justificativo de las Subvenci\u00f3n en el \u00c1mbito de los Programas de Educaci\u00f3n F\u00edsica y Deportes de la convocatoria del ejercicio 2019, se INFORMA de lo siguiente: En base al Real Decreto 463\/2020 de 14 de marzo, del presente, por el que se declara el estado de alarma para la gesti\u00f3n de [...]\" \/>\n<meta property=\"og:url\" content=\"https:\/\/mula.es\/web\/comunicado-concejalia-deportes-en-relacion-a-justificacion-subvenciones\/\" \/>\n<meta property=\"og:site_name\" content=\"Ayuntamiento de Mula\" \/>\n<meta property=\"article:published_time\" content=\"2020-03-17T17:55:27+00:00\" \/>\n<meta property=\"og:image\" content=\"https:\/\/i0.wp.com\/mula.es\/web\/wp-content\/uploads\/2016\/02\/logodeportes.png?fit=170%2C120&ssl=1\" \/>\n\t<meta property=\"og:image:width\" content=\"170\" \/>\n\t<meta property=\"og:image:height\" content=\"120\" \/>\n\t<meta property=\"og:image:type\" content=\"image\/png\" \/>\n<meta name=\"author\" content=\"admin\" \/>\n<meta name=\"twitter:card\" content=\"summary_large_image\" \/>\n<meta name=\"twitter:creator\" content=\"@AyuntamientMula\" \/>\n<meta name=\"twitter:site\" content=\"@AyuntamientMula\" \/>\n<meta name=\"twitter:label1\" content=\"Escrito por\" \/>\n\t<meta name=\"twitter:data1\" content=\"admin\" \/>\n\t<meta name=\"twitter:label2\" content=\"Tiempo de lectura\" \/>\n\t<meta name=\"twitter:data2\" content=\"1 minuto\" \/>\n<script type=\"application\/ld+json\" class=\"yoast-schema-graph\">{\"@context\":\"https:\\\/\\\/schema.org\",\"@graph\":[{\"@type\":\"Article\",\"@id\":\"https:\\\/\\\/mula.es\\\/web\\\/comunicado-concejalia-deportes-en-relacion-a-justificacion-subvenciones\\\/#article\",\"isPartOf\":{\"@id\":\"https:\\\/\\\/mula.es\\\/web\\\/comunicado-concejalia-deportes-en-relacion-a-justificacion-subvenciones\\\/\"},\"author\":{\"name\":\"admin\",\"@id\":\"https:\\\/\\\/mula.es\\\/web\\\/#\\\/schema\\\/person\\\/a0dbffe9f4a3ed4aaebedcfef02f71a1\"},\"headline\":\"Comunicado Concejal\u00eda Deportes en relaci\u00f3n a justificaci\u00f3n subvenciones\",\"datePublished\":\"2020-03-17T17:55:27+00:00\",\"mainEntityOfPage\":{\"@id\":\"https:\\\/\\\/mula.es\\\/web\\\/comunicado-concejalia-deportes-en-relacion-a-justificacion-subvenciones\\\/\"},\"wordCount\":211,\"image\":{\"@id\":\"https:\\\/\\\/mula.es\\\/web\\\/comunicado-concejalia-deportes-en-relacion-a-justificacion-subvenciones\\\/#primaryimage\"},\"thumbnailUrl\":\"https:\\\/\\\/mula.es\\\/web\\\/wp-content\\\/uploads\\\/2016\\\/02\\\/logodeportes.png\",\"articleSection\":[\"deportes\"],\"inLanguage\":\"es\"},{\"@type\":\"WebPage\",\"@id\":\"https:\\\/\\\/mula.es\\\/web\\\/comunicado-concejalia-deportes-en-relacion-a-justificacion-subvenciones\\\/\",\"url\":\"https:\\\/\\\/mula.es\\\/web\\\/comunicado-concejalia-deportes-en-relacion-a-justificacion-subvenciones\\\/\",\"name\":\"Comunicado Concejal\u00eda Deportes en relaci\u00f3n a justificaci\u00f3n subvenciones - Ayuntamiento de Mula\",\"isPartOf\":{\"@id\":\"https:\\\/\\\/mula.es\\\/web\\\/#website\"},\"primaryImageOfPage\":{\"@id\":\"https:\\\/\\\/mula.es\\\/web\\\/comunicado-concejalia-deportes-en-relacion-a-justificacion-subvenciones\\\/#primaryimage\"},\"image\":{\"@id\":\"https:\\\/\\\/mula.es\\\/web\\\/comunicado-concejalia-deportes-en-relacion-a-justificacion-subvenciones\\\/#primaryimage\"},\"thumbnailUrl\":\"https:\\\/\\\/mula.es\\\/web\\\/wp-content\\\/uploads\\\/2016\\\/02\\\/logodeportes.png\",\"datePublished\":\"2020-03-17T17:55:27+00:00\",\"author\":{\"@id\":\"https:\\\/\\\/mula.es\\\/web\\\/#\\\/schema\\\/person\\\/a0dbffe9f4a3ed4aaebedcfef02f71a1\"},\"breadcrumb\":{\"@id\":\"https:\\\/\\\/mula.es\\\/web\\\/comunicado-concejalia-deportes-en-relacion-a-justificacion-subvenciones\\\/#breadcrumb\"},\"inLanguage\":\"es\",\"potentialAction\":[{\"@type\":\"ReadAction\",\"target\":[\"https:\\\/\\\/mula.es\\\/web\\\/comunicado-concejalia-deportes-en-relacion-a-justificacion-subvenciones\\\/\"]}]},{\"@type\":\"ImageObject\",\"inLanguage\":\"es\",\"@id\":\"https:\\\/\\\/mula.es\\\/web\\\/comunicado-concejalia-deportes-en-relacion-a-justificacion-subvenciones\\\/#primaryimage\",\"url\":\"https:\\\/\\\/mula.es\\\/web\\\/wp-content\\\/uploads\\\/2016\\\/02\\\/logodeportes.png\",\"contentUrl\":\"https:\\\/\\\/mula.es\\\/web\\\/wp-content\\\/uploads\\\/2016\\\/02\\\/logodeportes.png\",\"width\":170,\"height\":120,\"caption\":\"Logo Deportes\"},{\"@type\":\"BreadcrumbList\",\"@id\":\"https:\\\/\\\/mula.es\\\/web\\\/comunicado-concejalia-deportes-en-relacion-a-justificacion-subvenciones\\\/#breadcrumb\",\"itemListElement\":[{\"@type\":\"ListItem\",\"position\":1,\"name\":\"Portada\",\"item\":\"https:\\\/\\\/mula.es\\\/web\\\/\"},{\"@type\":\"ListItem\",\"position\":2,\"name\":\"Comunicado Concejal\u00eda Deportes en relaci\u00f3n a justificaci\u00f3n subvenciones\"}]},{\"@type\":\"WebSite\",\"@id\":\"https:\\\/\\\/mula.es\\\/web\\\/#website\",\"url\":\"https:\\\/\\\/mula.es\\\/web\\\/\",\"name\":\"Ayuntamiento de Mula\",\"description\":\"P\u00e1gina web del Ayuntamiento de Mula (Regi\u00f3n de Murcia)\",\"potentialAction\":[{\"@type\":\"SearchAction\",\"target\":{\"@type\":\"EntryPoint\",\"urlTemplate\":\"https:\\\/\\\/mula.es\\\/web\\\/?s={search_term_string}\"},\"query-input\":{\"@type\":\"PropertyValueSpecification\",\"valueRequired\":true,\"valueName\":\"search_term_string\"}}],\"inLanguage\":\"es\"},{\"@type\":\"Person\",\"@id\":\"https:\\\/\\\/mula.es\\\/web\\\/#\\\/schema\\\/person\\\/a0dbffe9f4a3ed4aaebedcfef02f71a1\",\"name\":\"admin\",\"image\":{\"@type\":\"ImageObject\",\"inLanguage\":\"es\",\"@id\":\"https:\\\/\\\/secure.gravatar.com\\\/avatar\\\/5423b9cd77f4c7f89a124365a268866f9dfee038c17fe9e37afd92b5920d810e?s=96&d=mm&r=g\",\"url\":\"https:\\\/\\\/secure.gravatar.com\\\/avatar\\\/5423b9cd77f4c7f89a124365a268866f9dfee038c17fe9e37afd92b5920d810e?s=96&d=mm&r=g\",\"contentUrl\":\"https:\\\/\\\/secure.gravatar.com\\\/avatar\\\/5423b9cd77f4c7f89a124365a268866f9dfee038c17fe9e37afd92b5920d810e?s=96&d=mm&r=g\",\"caption\":\"admin\"},\"description\":\"Lorem ipsum dolor sit amet, consectetur adipiscing elit. Nam viverra euismod odio, gravida pellentesque urna varius vitae. Sed dui lorem, adipiscing in adipiscing et, interdum nec metus. Mauris ultricies, justo eu convallis placerat, felis enim ornare nisi, vitae mattis nulla ante id dui. Ut lectus purus, commodo et tincidunt vel, interdum sed lectus. Vestibulum adipiscing tempor nisi id elementi.\",\"url\":\"https:\\\/\\\/mula.es\\\/web\\\/author\\\/jose-maria-boti\\\/\"}]}<\/script>\n<!-- \/ Yoast SEO plugin. -->","yoast_head_json":{"title":"Comunicado Concejal\u00eda Deportes en relaci\u00f3n a justificaci\u00f3n subvenciones - Ayuntamiento de Mula","robots":{"index":"index","follow":"follow","max-snippet":"max-snippet:-1","max-image-preview":"max-image-preview:large","max-video-preview":"max-video-preview:-1"},"canonical":"https:\/\/mula.es\/web\/comunicado-concejalia-deportes-en-relacion-a-justificacion-subvenciones\/","og_locale":"es_ES","og_type":"article","og_title":"Comunicado Concejal\u00eda Deportes en relaci\u00f3n a justificaci\u00f3n subvenciones - Ayuntamiento de Mula","og_description":"En relaci\u00f3n al plazo justificativo de las Subvenci\u00f3n en el \u00c1mbito de los Programas de Educaci\u00f3n F\u00edsica y Deportes de la convocatoria del ejercicio 2019, se INFORMA de lo siguiente: En base al Real Decreto 463\/2020 de 14 de marzo, del presente, por el que se declara el estado de alarma para la gesti\u00f3n de [...]","og_url":"https:\/\/mula.es\/web\/comunicado-concejalia-deportes-en-relacion-a-justificacion-subvenciones\/","og_site_name":"Ayuntamiento de Mula","article_published_time":"2020-03-17T17:55:27+00:00","og_image":[{"width":170,"height":120,"url":"https:\/\/i0.wp.com\/mula.es\/web\/wp-content\/uploads\/2016\/02\/logodeportes.png?fit=170%2C120&ssl=1","type":"image\/png"}],"author":"admin","twitter_card":"summary_large_image","twitter_creator":"@AyuntamientMula","twitter_site":"@AyuntamientMula","twitter_misc":{"Escrito por":"admin","Tiempo de lectura":"1 minuto"},"schema":{"@context":"https:\/\/schema.org","@graph":[{"@type":"Article","@id":"https:\/\/mula.es\/web\/comunicado-concejalia-deportes-en-relacion-a-justificacion-subvenciones\/#article","isPartOf":{"@id":"https:\/\/mula.es\/web\/comunicado-concejalia-deportes-en-relacion-a-justificacion-subvenciones\/"},"author":{"name":"admin","@id":"https:\/\/mula.es\/web\/#\/schema\/person\/a0dbffe9f4a3ed4aaebedcfef02f71a1"},"headline":"Comunicado Concejal\u00eda Deportes en relaci\u00f3n a justificaci\u00f3n subvenciones","datePublished":"2020-03-17T17:55:27+00:00","mainEntityOfPage":{"@id":"https:\/\/mula.es\/web\/comunicado-concejalia-deportes-en-relacion-a-justificacion-subvenciones\/"},"wordCount":211,"image":{"@id":"https:\/\/mula.es\/web\/comunicado-concejalia-deportes-en-relacion-a-justificacion-subvenciones\/#primaryimage"},"thumbnailUrl":"https:\/\/mula.es\/web\/wp-content\/uploads\/2016\/02\/logodeportes.png","articleSection":["deportes"],"inLanguage":"es"},{"@type":"WebPage","@id":"https:\/\/mula.es\/web\/comunicado-concejalia-deportes-en-relacion-a-justificacion-subvenciones\/","url":"https:\/\/mula.es\/web\/comunicado-concejalia-deportes-en-relacion-a-justificacion-subvenciones\/","name":"Comunicado Concejal\u00eda Deportes en relaci\u00f3n a justificaci\u00f3n subvenciones - Ayuntamiento de Mula","isPartOf":{"@id":"https:\/\/mula.es\/web\/#website"},"primaryImageOfPage":{"@id":"https:\/\/mula.es\/web\/comunicado-concejalia-deportes-en-relacion-a-justificacion-subvenciones\/#primaryimage"},"image":{"@id":"https:\/\/mula.es\/web\/comunicado-concejalia-deportes-en-relacion-a-justificacion-subvenciones\/#primaryimage"},"thumbnailUrl":"https:\/\/mula.es\/web\/wp-content\/uploads\/2016\/02\/logodeportes.png","datePublished":"2020-03-17T17:55:27+00:00","author":{"@id":"https:\/\/mula.es\/web\/#\/schema\/person\/a0dbffe9f4a3ed4aaebedcfef02f71a1"},"breadcrumb":{"@id":"https:\/\/mula.es\/web\/comunicado-concejalia-deportes-en-relacion-a-justificacion-subvenciones\/#breadcrumb"},"inLanguage":"es","potentialAction":[{"@type":"ReadAction","target":["https:\/\/mula.es\/web\/comunicado-concejalia-deportes-en-relacion-a-justificacion-subvenciones\/"]}]},{"@type":"ImageObject","inLanguage":"es","@id":"https:\/\/mula.es\/web\/comunicado-concejalia-deportes-en-relacion-a-justificacion-subvenciones\/#primaryimage","url":"https:\/\/mula.es\/web\/wp-content\/uploads\/2016\/02\/logodeportes.png","contentUrl":"https:\/\/mula.es\/web\/wp-content\/uploads\/2016\/02\/logodeportes.png","width":170,"height":120,"caption":"Logo Deportes"},{"@type":"BreadcrumbList","@id":"https:\/\/mula.es\/web\/comunicado-concejalia-deportes-en-relacion-a-justificacion-subvenciones\/#breadcrumb","itemListElement":[{"@type":"ListItem","position":1,"name":"Portada","item":"https:\/\/mula.es\/web\/"},{"@type":"ListItem","position":2,"name":"Comunicado Concejal\u00eda Deportes en relaci\u00f3n a justificaci\u00f3n subvenciones"}]},{"@type":"WebSite","@id":"https:\/\/mula.es\/web\/#website","url":"https:\/\/mula.es\/web\/","name":"Ayuntamiento de Mula","description":"P\u00e1gina web del Ayuntamiento de Mula (Regi\u00f3n de Murcia)","potentialAction":[{"@type":"SearchAction","target":{"@type":"EntryPoint","urlTemplate":"https:\/\/mula.es\/web\/?s={search_term_string}"},"query-input":{"@type":"PropertyValueSpecification","valueRequired":true,"valueName":"search_term_string"}}],"inLanguage":"es"},{"@type":"Person","@id":"https:\/\/mula.es\/web\/#\/schema\/person\/a0dbffe9f4a3ed4aaebedcfef02f71a1","name":"admin","image":{"@type":"ImageObject","inLanguage":"es","@id":"https:\/\/secure.gravatar.com\/avatar\/5423b9cd77f4c7f89a124365a268866f9dfee038c17fe9e37afd92b5920d810e?s=96&d=mm&r=g","url":"https:\/\/secure.gravatar.com\/avatar\/5423b9cd77f4c7f89a124365a268866f9dfee038c17fe9e37afd92b5920d810e?s=96&d=mm&r=g","contentUrl":"https:\/\/secure.gravatar.com\/avatar\/5423b9cd77f4c7f89a124365a268866f9dfee038c17fe9e37afd92b5920d810e?s=96&d=mm&r=g","caption":"admin"},"description":"Lorem ipsum dolor sit amet, consectetur adipiscing elit. Nam viverra euismod odio, gravida pellentesque urna varius vitae. Sed dui lorem, adipiscing in adipiscing et, interdum nec metus. Mauris ultricies, justo eu convallis placerat, felis enim ornare nisi, vitae mattis nulla ante id dui. Ut lectus purus, commodo et tincidunt vel, interdum sed lectus. Vestibulum adipiscing tempor nisi id elementi.","url":"https:\/\/mula.es\/web\/author\/jose-maria-boti\/"}]}},"jetpack_publicize_connections":[],"jetpack_featured_media_url":"https:\/\/mula.es\/web\/wp-content\/uploads\/2016\/02\/logodeportes.png","jetpack_sharing_enabled":true,"jetpack_shortlink":"https:\/\/wp.me\/pa9DMY-8ur","jetpack-related-posts":[],"_links":{"self":[{"href":"https:\/\/mula.es\/web\/wp-json\/wp\/v2\/posts\/32639","targetHints":{"allow":["GET"]}}],"collection":[{"href":"https:\/\/mula.es\/web\/wp-json\/wp\/v2\/posts"}],"about":[{"href":"https:\/\/mula.es\/web\/wp-json\/wp\/v2\/types\/post"}],"author":[{"embeddable":true,"href":"https:\/\/mula.es\/web\/wp-json\/wp\/v2\/users\/1"}],"replies":[{"embeddable":true,"href":"https:\/\/mula.es\/web\/wp-json\/wp\/v2\/comments?post=32639"}],"version-history":[{"count":1,"href":"https:\/\/mula.es\/web\/wp-json\/wp\/v2\/posts\/32639\/revisions"}],"predecessor-version":[{"id":32640,"href":"https:\/\/mula.es\/web\/wp-json\/wp\/v2\/posts\/32639\/revisions\/32640"}],"wp:featuredmedia":[{"embeddable":true,"href":"https:\/\/mula.es\/web\/wp-json\/wp\/v2\/media\/14285"}],"wp:attachment":[{"href":"https:\/\/mula.es\/web\/wp-json\/wp\/v2\/media?parent=32639"}],"wp:term":[{"taxonomy":"category","embeddable":true,"href":"https:\/\/mula.es\/web\/wp-json\/wp\/v2\/categories?post=32639"},{"taxonomy":"post_tag","embeddable":true,"href":"https:\/\/mula.es\/web\/wp-json\/wp\/v2\/tags?post=32639"}],"curies":[{"name":"wp","href":"https:\/\/api.w.org\/{rel}","templated":true}]}}