{"id":32666,"date":"2020-03-20T19:52:19","date_gmt":"2020-03-20T18:52:19","guid":{"rendered":"http:\/\/mula.es\/web\/?p=32666"},"modified":"2020-03-20T19:52:19","modified_gmt":"2020-03-20T18:52:19","slug":"actualizacion-convocatoria-subvenciones-arrur-mula","status":"publish","type":"post","link":"https:\/\/mula.es\/web\/actualizacion-convocatoria-subvenciones-arrur-mula\/","title":{"rendered":"Actualizaci\u00f3n convocatoria subvenciones ARRUR MULA"},"content":{"rendered":"<p>Tal y como ya indicamos anteriormente, la fase de informaci\u00f3n y difusi\u00f3n de las subvenciones del Plan Especial de Rehabilitaci\u00f3n ARRUR MULA, finaliz\u00f3 el jueves 13\/01\/2020.<\/p>\n<p>Estamos a la espera de conocer la fecha de la convocatoria de la subvenci\u00f3n, momento en el que se podr\u00e1 tramitar la solicitud de la subvenci\u00f3n.<\/p>\n<p>Conforme tengamos conocimiento de esta fecha, lo comunicaremos a trav\u00e9s de la p\u00e1gina del Ayuntamiento de Mula, adem\u00e1s de los d\u00edas de funcionamiento del Punto de Informaci\u00f3n.<\/p>\n<p>De momento, todo lo relativo a esta subvenci\u00f3n sigue en pie y conforme se ha estado informando, aunque evidentemente la publicaci\u00f3n de la convocatoria se demorar\u00e1 debido a la actual crisis sanitaria COVID-19.<\/p>\n<p>Seguiremos informando.<\/p>\n","protected":false},"excerpt":{"rendered":"<p>Tal y como ya indicamos anteriormente, la fase de informaci\u00f3n y difusi\u00f3n de las subvenciones del Plan Especial de Rehabilitaci\u00f3n ARRUR MULA, finaliz\u00f3 el jueves 13\/01\/2020. Estamos a la espera de conocer la fecha de la convocatoria de la subvenci\u00f3n, momento en el que se podr\u00e1 tramitar la solicitud de la subvenci\u00f3n. Conforme tengamos conocimiento  [&#8230;]<\/p>\n","protected":false},"author":1,"featured_media":31730,"comment_status":"closed","ping_status":"closed","sticky":false,"template":"","format":"standard","meta":{"jetpack_post_was_ever_published":false,"_jetpack_newsletter_access":"","_jetpack_dont_email_post_to_subs":false,"_jetpack_newsletter_tier_id":0,"_jetpack_memberships_contains_paywalled_content":false,"_jetpack_memberships_contains_paid_content":false,"footnotes":"","jetpack_publicize_message":"","jetpack_publicize_feature_enabled":true,"jetpack_social_post_already_shared":true,"jetpack_social_options":{"image_generator_settings":{"template":"highway","default_image_id":0,"font":"","enabled":false},"version":2}},"categories":[357],"tags":[],"class_list":["post-32666","post","type-post","status-publish","format-standard","has-post-thumbnail","hentry","category-patrimonio-historico"],"yoast_head":"<!-- This site is optimized with the Yoast SEO plugin v27.5 - https:\/\/yoast.com\/product\/yoast-seo-wordpress\/ -->\n<title>Actualizaci\u00f3n convocatoria subvenciones ARRUR MULA - Ayuntamiento de Mula<\/title>\n<meta name=\"robots\" content=\"index, follow, max-snippet:-1, max-image-preview:large, max-video-preview:-1\" \/>\n<link rel=\"canonical\" href=\"https:\/\/mula.es\/web\/actualizacion-convocatoria-subvenciones-arrur-mula\/\" \/>\n<meta property=\"og:locale\" content=\"es_ES\" \/>\n<meta property=\"og:type\" content=\"article\" \/>\n<meta property=\"og:title\" content=\"Actualizaci\u00f3n convocatoria subvenciones ARRUR MULA - Ayuntamiento de Mula\" \/>\n<meta property=\"og:description\" content=\"Tal y como ya indicamos anteriormente, la fase de informaci\u00f3n y difusi\u00f3n de las subvenciones del Plan Especial de Rehabilitaci\u00f3n ARRUR MULA, finaliz\u00f3 el jueves 13\/01\/2020. Estamos a la espera de conocer la fecha de la convocatoria de la subvenci\u00f3n, momento en el que se podr\u00e1 tramitar la solicitud de la subvenci\u00f3n. Conforme tengamos conocimiento [...]\" \/>\n<meta property=\"og:url\" content=\"https:\/\/mula.es\/web\/actualizacion-convocatoria-subvenciones-arrur-mula\/\" \/>\n<meta property=\"og:site_name\" content=\"Ayuntamiento de Mula\" \/>\n<meta property=\"article:published_time\" content=\"2020-03-20T18:52:19+00:00\" \/>\n<meta property=\"og:image\" content=\"https:\/\/i0.wp.com\/mula.es\/web\/wp-content\/uploads\/2019\/12\/arrur_2019_1.jpg?fit=478%2C313&ssl=1\" \/>\n\t<meta property=\"og:image:width\" content=\"478\" \/>\n\t<meta property=\"og:image:height\" content=\"313\" \/>\n\t<meta property=\"og:image:type\" content=\"image\/jpeg\" \/>\n<meta name=\"author\" content=\"admin\" \/>\n<meta name=\"twitter:card\" content=\"summary_large_image\" \/>\n<meta name=\"twitter:creator\" content=\"@AyuntamientMula\" \/>\n<meta name=\"twitter:site\" content=\"@AyuntamientMula\" \/>\n<meta name=\"twitter:label1\" content=\"Escrito por\" \/>\n\t<meta name=\"twitter:data1\" content=\"admin\" \/>\n\t<meta name=\"twitter:label2\" content=\"Tiempo de lectura\" \/>\n\t<meta name=\"twitter:data2\" content=\"1 minuto\" \/>\n<script type=\"application\/ld+json\" class=\"yoast-schema-graph\">{\"@context\":\"https:\\\/\\\/schema.org\",\"@graph\":[{\"@type\":\"Article\",\"@id\":\"https:\\\/\\\/mula.es\\\/web\\\/actualizacion-convocatoria-subvenciones-arrur-mula\\\/#article\",\"isPartOf\":{\"@id\":\"https:\\\/\\\/mula.es\\\/web\\\/actualizacion-convocatoria-subvenciones-arrur-mula\\\/\"},\"author\":{\"name\":\"admin\",\"@id\":\"https:\\\/\\\/mula.es\\\/web\\\/#\\\/schema\\\/person\\\/a0dbffe9f4a3ed4aaebedcfef02f71a1\"},\"headline\":\"Actualizaci\u00f3n convocatoria subvenciones ARRUR MULA\",\"datePublished\":\"2020-03-20T18:52:19+00:00\",\"mainEntityOfPage\":{\"@id\":\"https:\\\/\\\/mula.es\\\/web\\\/actualizacion-convocatoria-subvenciones-arrur-mula\\\/\"},\"wordCount\":131,\"image\":{\"@id\":\"https:\\\/\\\/mula.es\\\/web\\\/actualizacion-convocatoria-subvenciones-arrur-mula\\\/#primaryimage\"},\"thumbnailUrl\":\"https:\\\/\\\/mula.es\\\/web\\\/wp-content\\\/uploads\\\/2019\\\/12\\\/arrur_2019_1.jpg\",\"articleSection\":[\"patrimonio hist\u00f3rico\"],\"inLanguage\":\"es\"},{\"@type\":\"WebPage\",\"@id\":\"https:\\\/\\\/mula.es\\\/web\\\/actualizacion-convocatoria-subvenciones-arrur-mula\\\/\",\"url\":\"https:\\\/\\\/mula.es\\\/web\\\/actualizacion-convocatoria-subvenciones-arrur-mula\\\/\",\"name\":\"Actualizaci\u00f3n convocatoria subvenciones ARRUR MULA - Ayuntamiento de Mula\",\"isPartOf\":{\"@id\":\"https:\\\/\\\/mula.es\\\/web\\\/#website\"},\"primaryImageOfPage\":{\"@id\":\"https:\\\/\\\/mula.es\\\/web\\\/actualizacion-convocatoria-subvenciones-arrur-mula\\\/#primaryimage\"},\"image\":{\"@id\":\"https:\\\/\\\/mula.es\\\/web\\\/actualizacion-convocatoria-subvenciones-arrur-mula\\\/#primaryimage\"},\"thumbnailUrl\":\"https:\\\/\\\/mula.es\\\/web\\\/wp-content\\\/uploads\\\/2019\\\/12\\\/arrur_2019_1.jpg\",\"datePublished\":\"2020-03-20T18:52:19+00:00\",\"author\":{\"@id\":\"https:\\\/\\\/mula.es\\\/web\\\/#\\\/schema\\\/person\\\/a0dbffe9f4a3ed4aaebedcfef02f71a1\"},\"breadcrumb\":{\"@id\":\"https:\\\/\\\/mula.es\\\/web\\\/actualizacion-convocatoria-subvenciones-arrur-mula\\\/#breadcrumb\"},\"inLanguage\":\"es\",\"potentialAction\":[{\"@type\":\"ReadAction\",\"target\":[\"https:\\\/\\\/mula.es\\\/web\\\/actualizacion-convocatoria-subvenciones-arrur-mula\\\/\"]}]},{\"@type\":\"ImageObject\",\"inLanguage\":\"es\",\"@id\":\"https:\\\/\\\/mula.es\\\/web\\\/actualizacion-convocatoria-subvenciones-arrur-mula\\\/#primaryimage\",\"url\":\"https:\\\/\\\/mula.es\\\/web\\\/wp-content\\\/uploads\\\/2019\\\/12\\\/arrur_2019_1.jpg\",\"contentUrl\":\"https:\\\/\\\/mula.es\\\/web\\\/wp-content\\\/uploads\\\/2019\\\/12\\\/arrur_2019_1.jpg\",\"width\":478,\"height\":313},{\"@type\":\"BreadcrumbList\",\"@id\":\"https:\\\/\\\/mula.es\\\/web\\\/actualizacion-convocatoria-subvenciones-arrur-mula\\\/#breadcrumb\",\"itemListElement\":[{\"@type\":\"ListItem\",\"position\":1,\"name\":\"Portada\",\"item\":\"https:\\\/\\\/mula.es\\\/web\\\/\"},{\"@type\":\"ListItem\",\"position\":2,\"name\":\"Actualizaci\u00f3n convocatoria subvenciones ARRUR MULA\"}]},{\"@type\":\"WebSite\",\"@id\":\"https:\\\/\\\/mula.es\\\/web\\\/#website\",\"url\":\"https:\\\/\\\/mula.es\\\/web\\\/\",\"name\":\"Ayuntamiento de Mula\",\"description\":\"P\u00e1gina web del Ayuntamiento de Mula (Regi\u00f3n de Murcia)\",\"potentialAction\":[{\"@type\":\"SearchAction\",\"target\":{\"@type\":\"EntryPoint\",\"urlTemplate\":\"https:\\\/\\\/mula.es\\\/web\\\/?s={search_term_string}\"},\"query-input\":{\"@type\":\"PropertyValueSpecification\",\"valueRequired\":true,\"valueName\":\"search_term_string\"}}],\"inLanguage\":\"es\"},{\"@type\":\"Person\",\"@id\":\"https:\\\/\\\/mula.es\\\/web\\\/#\\\/schema\\\/person\\\/a0dbffe9f4a3ed4aaebedcfef02f71a1\",\"name\":\"admin\",\"image\":{\"@type\":\"ImageObject\",\"inLanguage\":\"es\",\"@id\":\"https:\\\/\\\/secure.gravatar.com\\\/avatar\\\/5423b9cd77f4c7f89a124365a268866f9dfee038c17fe9e37afd92b5920d810e?s=96&d=mm&r=g\",\"url\":\"https:\\\/\\\/secure.gravatar.com\\\/avatar\\\/5423b9cd77f4c7f89a124365a268866f9dfee038c17fe9e37afd92b5920d810e?s=96&d=mm&r=g\",\"contentUrl\":\"https:\\\/\\\/secure.gravatar.com\\\/avatar\\\/5423b9cd77f4c7f89a124365a268866f9dfee038c17fe9e37afd92b5920d810e?s=96&d=mm&r=g\",\"caption\":\"admin\"},\"description\":\"Lorem ipsum dolor sit amet, consectetur adipiscing elit. Nam viverra euismod odio, gravida pellentesque urna varius vitae. Sed dui lorem, adipiscing in adipiscing et, interdum nec metus. Mauris ultricies, justo eu convallis placerat, felis enim ornare nisi, vitae mattis nulla ante id dui. Ut lectus purus, commodo et tincidunt vel, interdum sed lectus. Vestibulum adipiscing tempor nisi id elementi.\",\"url\":\"https:\\\/\\\/mula.es\\\/web\\\/author\\\/jose-maria-boti\\\/\"}]}<\/script>\n<!-- \/ Yoast SEO plugin. -->","yoast_head_json":{"title":"Actualizaci\u00f3n convocatoria subvenciones ARRUR MULA - Ayuntamiento de Mula","robots":{"index":"index","follow":"follow","max-snippet":"max-snippet:-1","max-image-preview":"max-image-preview:large","max-video-preview":"max-video-preview:-1"},"canonical":"https:\/\/mula.es\/web\/actualizacion-convocatoria-subvenciones-arrur-mula\/","og_locale":"es_ES","og_type":"article","og_title":"Actualizaci\u00f3n convocatoria subvenciones ARRUR MULA - Ayuntamiento de Mula","og_description":"Tal y como ya indicamos anteriormente, la fase de informaci\u00f3n y difusi\u00f3n de las subvenciones del Plan Especial de Rehabilitaci\u00f3n ARRUR MULA, finaliz\u00f3 el jueves 13\/01\/2020. Estamos a la espera de conocer la fecha de la convocatoria de la subvenci\u00f3n, momento en el que se podr\u00e1 tramitar la solicitud de la subvenci\u00f3n. Conforme tengamos conocimiento [...]","og_url":"https:\/\/mula.es\/web\/actualizacion-convocatoria-subvenciones-arrur-mula\/","og_site_name":"Ayuntamiento de Mula","article_published_time":"2020-03-20T18:52:19+00:00","og_image":[{"width":478,"height":313,"url":"https:\/\/i0.wp.com\/mula.es\/web\/wp-content\/uploads\/2019\/12\/arrur_2019_1.jpg?fit=478%2C313&ssl=1","type":"image\/jpeg"}],"author":"admin","twitter_card":"summary_large_image","twitter_creator":"@AyuntamientMula","twitter_site":"@AyuntamientMula","twitter_misc":{"Escrito por":"admin","Tiempo de lectura":"1 minuto"},"schema":{"@context":"https:\/\/schema.org","@graph":[{"@type":"Article","@id":"https:\/\/mula.es\/web\/actualizacion-convocatoria-subvenciones-arrur-mula\/#article","isPartOf":{"@id":"https:\/\/mula.es\/web\/actualizacion-convocatoria-subvenciones-arrur-mula\/"},"author":{"name":"admin","@id":"https:\/\/mula.es\/web\/#\/schema\/person\/a0dbffe9f4a3ed4aaebedcfef02f71a1"},"headline":"Actualizaci\u00f3n convocatoria subvenciones ARRUR MULA","datePublished":"2020-03-20T18:52:19+00:00","mainEntityOfPage":{"@id":"https:\/\/mula.es\/web\/actualizacion-convocatoria-subvenciones-arrur-mula\/"},"wordCount":131,"image":{"@id":"https:\/\/mula.es\/web\/actualizacion-convocatoria-subvenciones-arrur-mula\/#primaryimage"},"thumbnailUrl":"https:\/\/mula.es\/web\/wp-content\/uploads\/2019\/12\/arrur_2019_1.jpg","articleSection":["patrimonio hist\u00f3rico"],"inLanguage":"es"},{"@type":"WebPage","@id":"https:\/\/mula.es\/web\/actualizacion-convocatoria-subvenciones-arrur-mula\/","url":"https:\/\/mula.es\/web\/actualizacion-convocatoria-subvenciones-arrur-mula\/","name":"Actualizaci\u00f3n convocatoria subvenciones ARRUR MULA - Ayuntamiento de Mula","isPartOf":{"@id":"https:\/\/mula.es\/web\/#website"},"primaryImageOfPage":{"@id":"https:\/\/mula.es\/web\/actualizacion-convocatoria-subvenciones-arrur-mula\/#primaryimage"},"image":{"@id":"https:\/\/mula.es\/web\/actualizacion-convocatoria-subvenciones-arrur-mula\/#primaryimage"},"thumbnailUrl":"https:\/\/mula.es\/web\/wp-content\/uploads\/2019\/12\/arrur_2019_1.jpg","datePublished":"2020-03-20T18:52:19+00:00","author":{"@id":"https:\/\/mula.es\/web\/#\/schema\/person\/a0dbffe9f4a3ed4aaebedcfef02f71a1"},"breadcrumb":{"@id":"https:\/\/mula.es\/web\/actualizacion-convocatoria-subvenciones-arrur-mula\/#breadcrumb"},"inLanguage":"es","potentialAction":[{"@type":"ReadAction","target":["https:\/\/mula.es\/web\/actualizacion-convocatoria-subvenciones-arrur-mula\/"]}]},{"@type":"ImageObject","inLanguage":"es","@id":"https:\/\/mula.es\/web\/actualizacion-convocatoria-subvenciones-arrur-mula\/#primaryimage","url":"https:\/\/mula.es\/web\/wp-content\/uploads\/2019\/12\/arrur_2019_1.jpg","contentUrl":"https:\/\/mula.es\/web\/wp-content\/uploads\/2019\/12\/arrur_2019_1.jpg","width":478,"height":313},{"@type":"BreadcrumbList","@id":"https:\/\/mula.es\/web\/actualizacion-convocatoria-subvenciones-arrur-mula\/#breadcrumb","itemListElement":[{"@type":"ListItem","position":1,"name":"Portada","item":"https:\/\/mula.es\/web\/"},{"@type":"ListItem","position":2,"name":"Actualizaci\u00f3n convocatoria subvenciones ARRUR MULA"}]},{"@type":"WebSite","@id":"https:\/\/mula.es\/web\/#website","url":"https:\/\/mula.es\/web\/","name":"Ayuntamiento de Mula","description":"P\u00e1gina web del Ayuntamiento de Mula (Regi\u00f3n de Murcia)","potentialAction":[{"@type":"SearchAction","target":{"@type":"EntryPoint","urlTemplate":"https:\/\/mula.es\/web\/?s={search_term_string}"},"query-input":{"@type":"PropertyValueSpecification","valueRequired":true,"valueName":"search_term_string"}}],"inLanguage":"es"},{"@type":"Person","@id":"https:\/\/mula.es\/web\/#\/schema\/person\/a0dbffe9f4a3ed4aaebedcfef02f71a1","name":"admin","image":{"@type":"ImageObject","inLanguage":"es","@id":"https:\/\/secure.gravatar.com\/avatar\/5423b9cd77f4c7f89a124365a268866f9dfee038c17fe9e37afd92b5920d810e?s=96&d=mm&r=g","url":"https:\/\/secure.gravatar.com\/avatar\/5423b9cd77f4c7f89a124365a268866f9dfee038c17fe9e37afd92b5920d810e?s=96&d=mm&r=g","contentUrl":"https:\/\/secure.gravatar.com\/avatar\/5423b9cd77f4c7f89a124365a268866f9dfee038c17fe9e37afd92b5920d810e?s=96&d=mm&r=g","caption":"admin"},"description":"Lorem ipsum dolor sit amet, consectetur adipiscing elit. Nam viverra euismod odio, gravida pellentesque urna varius vitae. Sed dui lorem, adipiscing in adipiscing et, interdum nec metus. Mauris ultricies, justo eu convallis placerat, felis enim ornare nisi, vitae mattis nulla ante id dui. Ut lectus purus, commodo et tincidunt vel, interdum sed lectus. Vestibulum adipiscing tempor nisi id elementi.","url":"https:\/\/mula.es\/web\/author\/jose-maria-boti\/"}]}},"jetpack_publicize_connections":[],"jetpack_featured_media_url":"https:\/\/mula.es\/web\/wp-content\/uploads\/2019\/12\/arrur_2019_1.jpg","jetpack_sharing_enabled":true,"jetpack_shortlink":"https:\/\/wp.me\/pa9DMY-8uS","jetpack-related-posts":[],"_links":{"self":[{"href":"https:\/\/mula.es\/web\/wp-json\/wp\/v2\/posts\/32666","targetHints":{"allow":["GET"]}}],"collection":[{"href":"https:\/\/mula.es\/web\/wp-json\/wp\/v2\/posts"}],"about":[{"href":"https:\/\/mula.es\/web\/wp-json\/wp\/v2\/types\/post"}],"author":[{"embeddable":true,"href":"https:\/\/mula.es\/web\/wp-json\/wp\/v2\/users\/1"}],"replies":[{"embeddable":true,"href":"https:\/\/mula.es\/web\/wp-json\/wp\/v2\/comments?post=32666"}],"version-history":[{"count":1,"href":"https:\/\/mula.es\/web\/wp-json\/wp\/v2\/posts\/32666\/revisions"}],"predecessor-version":[{"id":32667,"href":"https:\/\/mula.es\/web\/wp-json\/wp\/v2\/posts\/32666\/revisions\/32667"}],"wp:featuredmedia":[{"embeddable":true,"href":"https:\/\/mula.es\/web\/wp-json\/wp\/v2\/media\/31730"}],"wp:attachment":[{"href":"https:\/\/mula.es\/web\/wp-json\/wp\/v2\/media?parent=32666"}],"wp:term":[{"taxonomy":"category","embeddable":true,"href":"https:\/\/mula.es\/web\/wp-json\/wp\/v2\/categories?post=32666"},{"taxonomy":"post_tag","embeddable":true,"href":"https:\/\/mula.es\/web\/wp-json\/wp\/v2\/tags?post=32666"}],"curies":[{"name":"wp","href":"https:\/\/api.w.org\/{rel}","templated":true}]}}