{"id":32759,"date":"2020-03-26T12:41:26","date_gmt":"2020-03-26T11:41:26","guid":{"rendered":"http:\/\/mula.es\/web\/?p=32759"},"modified":"2021-05-12T20:09:51","modified_gmt":"2021-05-12T18:09:51","slug":"los-agricultores-locales-se-suman-a-las-tareas-de-desinfeccion-de-calles-y-espacios-publicos","status":"publish","type":"post","link":"https:\/\/mula.es\/web\/los-agricultores-locales-se-suman-a-las-tareas-de-desinfeccion-de-calles-y-espacios-publicos\/","title":{"rendered":"Los agricultores locales se suman a las tareas de desinfecci\u00f3n de calles y espacios p\u00fablicos"},"content":{"rendered":"<div class=\"fusion-fullwidth fullwidth-box fusion-builder-row-1 fusion-flex-container hundred-percent-fullwidth non-hundred-percent-height-scrolling\" style=\"--awb-border-radius-top-left:0px;--awb-border-radius-top-right:0px;--awb-border-radius-bottom-right:0px;--awb-border-radius-bottom-left:0px;--awb-overflow:visible;--awb-flex-wrap:wrap;\" ><div class=\"fusion-builder-row fusion-row fusion-flex-align-items-flex-start fusion-flex-content-wrap\" style=\"width:104% !important;max-width:104% !important;margin-left: calc(-4% \/ 2 );margin-right: calc(-4% \/ 2 );\"><div class=\"fusion-layout-column fusion_builder_column fusion-builder-column-0 fusion_builder_column_1_1 1_1 fusion-flex-column fusion-flex-align-self-flex-start fusion-column-no-min-height\" style=\"--awb-bg-size:cover;--awb-width-large:100%;--awb-margin-top-large:0px;--awb-spacing-right-large:1.92%;--awb-margin-bottom-large:0px;--awb-spacing-left-large:1.92%;--awb-width-medium:100%;--awb-spacing-right-medium:1.92%;--awb-spacing-left-medium:1.92%;--awb-width-small:100%;--awb-spacing-right-small:1.92%;--awb-spacing-left-small:1.92%;\"><div class=\"fusion-column-wrapper fusion-flex-justify-content-flex-start fusion-content-layout-column\"><div class=\"fusion-text fusion-text-1\"><p align=\"justify\"><strong>A la imprescindible labor que realizan los agricultores y ganaderos para garantizar el abastecimiento de los mercados durante el actual estado de alarma en Espa\u00f1a<\/strong>, se suma ahora un gesto solidario. Los profesionales del sector se han puesto a disposici\u00f3n del Excmo. Ayuntamiento de Mula para la <strong>utilizaci\u00f3n de sus tractores y sus equipos de fumigaci\u00f3n en las labores de desinfecci\u00f3n en las calles y espacios p\u00fablicos del municipio de Mula.<\/strong><\/p>\n<p align=\"justify\">El Ayuntamiento y los agricultores de Mula y pedan\u00edas suman esfuerzos en la lucha contra la propagaci\u00f3n del Virus COVID-19. Numerosos tractores con sus respectivas cubas se han encargado de la tarea de fumigaci\u00f3n, que ha sido distribuida y coordinada desde las 09.00 horas por la Concejal\u00eda de Obras y Servicios del Ayuntamiento de Mula.<\/p>\n<p align=\"justify\">El Alcalde Mule\u00f1o, Juan Jes\u00fas Moreno, ha querido agradecer a todos los agricultores que se han volcado con la causa, \u201cporque no he dejado de recibir llamadas poniendo a disposici\u00f3n municipal su maquinaria y herramientas, y hemos tenido que establecer turnos de actuaci\u00f3n, debido a que son muchos los que se han ofrecido en esta tarea, y por ejemplo, hoy, no han podido participar. A todos ellos les agradezco, de coraz\u00f3n, su profesionalidad, solidaridad y responsabilidad\u201d, a\u00f1adi\u00f3 el primer edil.<\/p>\n<\/div><\/div><\/div><div class=\"fusion-layout-column fusion_builder_column fusion-builder-column-1 fusion_builder_column_1_2 1_2 fusion-flex-column\" style=\"--awb-bg-size:cover;--awb-width-large:50%;--awb-margin-top-large:0px;--awb-spacing-right-large:3.84%;--awb-margin-bottom-large:20px;--awb-spacing-left-large:3.84%;--awb-width-medium:50%;--awb-spacing-right-medium:3.84%;--awb-spacing-left-medium:3.84%;--awb-width-small:100%;--awb-spacing-right-small:1.92%;--awb-spacing-left-small:1.92%;\"><div class=\"fusion-column-wrapper fusion-flex-justify-content-flex-start fusion-content-layout-column\"><div class=\"fusion-image-element \" style=\"--awb-caption-title-font-family:var(--h2_typography-font-family);--awb-caption-title-font-weight:var(--h2_typography-font-weight);--awb-caption-title-font-style:var(--h2_typography-font-style);--awb-caption-title-size:var(--h2_typography-font-size);--awb-caption-title-transform:var(--h2_typography-text-transform);--awb-caption-title-line-height:var(--h2_typography-line-height);--awb-caption-title-letter-spacing:var(--h2_typography-letter-spacing);\"><span class=\" fusion-imageframe imageframe-none imageframe-1 hover-type-zoomin\"><a href=\"https:\/\/mula.es\/web\/wp-content\/uploads\/2020\/03\/AGRICULTORES-2-1024x576.jpg\" class=\"fusion-lightbox\" data-rel=\"iLightbox[f12b1ea564b757fd8e0]\" data-title=\"AGRICULTORES 2\" title=\"AGRICULTORES 2\"><img decoding=\"async\" width=\"1024\" height=\"576\" src=\"https:\/\/mula.es\/web\/wp-content\/uploads\/2020\/03\/AGRICULTORES-2-1024x576.jpg\" alt class=\"img-responsive wp-image-32761\" srcset=\"https:\/\/mula.es\/web\/wp-content\/uploads\/2020\/03\/AGRICULTORES-2-200x113.jpg 200w, https:\/\/mula.es\/web\/wp-content\/uploads\/2020\/03\/AGRICULTORES-2-400x225.jpg 400w, https:\/\/mula.es\/web\/wp-content\/uploads\/2020\/03\/AGRICULTORES-2-600x338.jpg 600w, https:\/\/mula.es\/web\/wp-content\/uploads\/2020\/03\/AGRICULTORES-2-800x450.jpg 800w, https:\/\/mula.es\/web\/wp-content\/uploads\/2020\/03\/AGRICULTORES-2-1200x675.jpg 1200w\" sizes=\"(max-width: 640px) 100vw, 1024px\" \/><\/a><\/span><\/div><\/div><\/div><div class=\"fusion-layout-column fusion_builder_column fusion-builder-column-2 fusion_builder_column_1_2 1_2 fusion-flex-column\" style=\"--awb-bg-size:cover;--awb-width-large:50%;--awb-margin-top-large:0px;--awb-spacing-right-large:3.84%;--awb-margin-bottom-large:20px;--awb-spacing-left-large:3.84%;--awb-width-medium:50%;--awb-spacing-right-medium:3.84%;--awb-spacing-left-medium:3.84%;--awb-width-small:100%;--awb-spacing-right-small:1.92%;--awb-spacing-left-small:1.92%;\"><div class=\"fusion-column-wrapper fusion-flex-justify-content-flex-start fusion-content-layout-column\"><div class=\"fusion-image-element \" style=\"--awb-caption-title-font-family:var(--h2_typography-font-family);--awb-caption-title-font-weight:var(--h2_typography-font-weight);--awb-caption-title-font-style:var(--h2_typography-font-style);--awb-caption-title-size:var(--h2_typography-font-size);--awb-caption-title-transform:var(--h2_typography-text-transform);--awb-caption-title-line-height:var(--h2_typography-line-height);--awb-caption-title-letter-spacing:var(--h2_typography-letter-spacing);\"><span class=\" fusion-imageframe imageframe-none imageframe-2 hover-type-zoomin\"><a href=\"https:\/\/mula.es\/web\/wp-content\/uploads\/2020\/03\/AGRICULTORES-4-1024x576.jpg\" class=\"fusion-lightbox\" data-rel=\"iLightbox[2af56b095b792e65ffb]\" data-title=\"AGRICULTORES 4\" title=\"AGRICULTORES 4\"><img decoding=\"async\" width=\"1024\" height=\"576\" src=\"https:\/\/mula.es\/web\/wp-content\/uploads\/2020\/03\/AGRICULTORES-4-1024x576.jpg\" alt class=\"img-responsive wp-image-32762\" srcset=\"https:\/\/mula.es\/web\/wp-content\/uploads\/2020\/03\/AGRICULTORES-4-200x113.jpg 200w, https:\/\/mula.es\/web\/wp-content\/uploads\/2020\/03\/AGRICULTORES-4-400x225.jpg 400w, https:\/\/mula.es\/web\/wp-content\/uploads\/2020\/03\/AGRICULTORES-4-600x338.jpg 600w, https:\/\/mula.es\/web\/wp-content\/uploads\/2020\/03\/AGRICULTORES-4-800x450.jpg 800w, https:\/\/mula.es\/web\/wp-content\/uploads\/2020\/03\/AGRICULTORES-4-1200x675.jpg 1200w\" sizes=\"(max-width: 640px) 100vw, 1024px\" \/><\/a><\/span><\/div><\/div><\/div><\/div><\/div>\n","protected":false},"excerpt":{"rendered":"","protected":false},"author":1,"featured_media":32760,"comment_status":"closed","ping_status":"closed","sticky":false,"template":"","format":"standard","meta":{"jetpack_post_was_ever_published":false,"_jetpack_newsletter_access":"","_jetpack_dont_email_post_to_subs":false,"_jetpack_newsletter_tier_id":0,"_jetpack_memberships_contains_paywalled_content":false,"_jetpack_memberships_contains_paid_content":false,"footnotes":"","jetpack_publicize_message":"","jetpack_publicize_feature_enabled":true,"jetpack_social_post_already_shared":true,"jetpack_social_options":{"image_generator_settings":{"template":"highway","default_image_id":0,"font":"","enabled":false},"version":2}},"categories":[134,664],"tags":[],"class_list":["post-32759","post","type-post","status-publish","format-standard","has-post-thumbnail","hentry","category-agricultura","category-coronavirus"],"yoast_head":"<!-- This site is optimized with the Yoast SEO plugin v27.5 - https:\/\/yoast.com\/product\/yoast-seo-wordpress\/ -->\n<title>Los agricultores locales se suman a las tareas de desinfecci\u00f3n de calles y espacios p\u00fablicos - Ayuntamiento de Mula<\/title>\n<meta name=\"robots\" content=\"index, follow, max-snippet:-1, max-image-preview:large, max-video-preview:-1\" \/>\n<link rel=\"canonical\" href=\"https:\/\/mula.es\/web\/los-agricultores-locales-se-suman-a-las-tareas-de-desinfeccion-de-calles-y-espacios-publicos\/\" \/>\n<meta property=\"og:locale\" content=\"es_ES\" \/>\n<meta property=\"og:type\" content=\"article\" \/>\n<meta property=\"og:title\" content=\"Los agricultores locales se suman a las tareas de desinfecci\u00f3n de calles y espacios p\u00fablicos - Ayuntamiento de Mula\" \/>\n<meta property=\"og:url\" content=\"https:\/\/mula.es\/web\/los-agricultores-locales-se-suman-a-las-tareas-de-desinfeccion-de-calles-y-espacios-publicos\/\" \/>\n<meta property=\"og:site_name\" content=\"Ayuntamiento de Mula\" \/>\n<meta property=\"article:published_time\" content=\"2020-03-26T11:41:26+00:00\" \/>\n<meta property=\"article:modified_time\" content=\"2021-05-12T18:09:51+00:00\" \/>\n<meta property=\"og:image\" content=\"https:\/\/i0.wp.com\/mula.es\/web\/wp-content\/uploads\/2020\/03\/Fumigacion-agricultores-1.jpg?fit=2048%2C1152&ssl=1\" \/>\n\t<meta property=\"og:image:width\" content=\"2048\" \/>\n\t<meta property=\"og:image:height\" content=\"1152\" \/>\n\t<meta property=\"og:image:type\" content=\"image\/jpeg\" \/>\n<meta name=\"author\" content=\"admin\" \/>\n<meta name=\"twitter:card\" content=\"summary_large_image\" \/>\n<meta name=\"twitter:creator\" content=\"@AyuntamientMula\" \/>\n<meta name=\"twitter:site\" content=\"@AyuntamientMula\" \/>\n<meta name=\"twitter:label1\" content=\"Escrito por\" \/>\n\t<meta name=\"twitter:data1\" content=\"admin\" \/>\n\t<meta name=\"twitter:label2\" content=\"Tiempo de lectura\" \/>\n\t<meta name=\"twitter:data2\" content=\"3 minutos\" \/>\n<script type=\"application\/ld+json\" class=\"yoast-schema-graph\">{\"@context\":\"https:\\\/\\\/schema.org\",\"@graph\":[{\"@type\":\"Article\",\"@id\":\"https:\\\/\\\/mula.es\\\/web\\\/los-agricultores-locales-se-suman-a-las-tareas-de-desinfeccion-de-calles-y-espacios-publicos\\\/#article\",\"isPartOf\":{\"@id\":\"https:\\\/\\\/mula.es\\\/web\\\/los-agricultores-locales-se-suman-a-las-tareas-de-desinfeccion-de-calles-y-espacios-publicos\\\/\"},\"author\":{\"name\":\"admin\",\"@id\":\"https:\\\/\\\/mula.es\\\/web\\\/#\\\/schema\\\/person\\\/a0dbffe9f4a3ed4aaebedcfef02f71a1\"},\"headline\":\"Los agricultores locales se suman a las tareas de desinfecci\u00f3n de calles y espacios p\u00fablicos\",\"datePublished\":\"2020-03-26T11:41:26+00:00\",\"dateModified\":\"2021-05-12T18:09:51+00:00\",\"mainEntityOfPage\":{\"@id\":\"https:\\\/\\\/mula.es\\\/web\\\/los-agricultores-locales-se-suman-a-las-tareas-de-desinfeccion-de-calles-y-espacios-publicos\\\/\"},\"wordCount\":520,\"image\":{\"@id\":\"https:\\\/\\\/mula.es\\\/web\\\/los-agricultores-locales-se-suman-a-las-tareas-de-desinfeccion-de-calles-y-espacios-publicos\\\/#primaryimage\"},\"thumbnailUrl\":\"https:\\\/\\\/mula.es\\\/web\\\/wp-content\\\/uploads\\\/2020\\\/03\\\/Fumigacion-agricultores-1.jpg\",\"articleSection\":[\"agricultura\",\"coronavirus\"],\"inLanguage\":\"es\"},{\"@type\":\"WebPage\",\"@id\":\"https:\\\/\\\/mula.es\\\/web\\\/los-agricultores-locales-se-suman-a-las-tareas-de-desinfeccion-de-calles-y-espacios-publicos\\\/\",\"url\":\"https:\\\/\\\/mula.es\\\/web\\\/los-agricultores-locales-se-suman-a-las-tareas-de-desinfeccion-de-calles-y-espacios-publicos\\\/\",\"name\":\"Los agricultores locales se suman a las tareas de desinfecci\u00f3n de calles y espacios p\u00fablicos - Ayuntamiento de Mula\",\"isPartOf\":{\"@id\":\"https:\\\/\\\/mula.es\\\/web\\\/#website\"},\"primaryImageOfPage\":{\"@id\":\"https:\\\/\\\/mula.es\\\/web\\\/los-agricultores-locales-se-suman-a-las-tareas-de-desinfeccion-de-calles-y-espacios-publicos\\\/#primaryimage\"},\"image\":{\"@id\":\"https:\\\/\\\/mula.es\\\/web\\\/los-agricultores-locales-se-suman-a-las-tareas-de-desinfeccion-de-calles-y-espacios-publicos\\\/#primaryimage\"},\"thumbnailUrl\":\"https:\\\/\\\/mula.es\\\/web\\\/wp-content\\\/uploads\\\/2020\\\/03\\\/Fumigacion-agricultores-1.jpg\",\"datePublished\":\"2020-03-26T11:41:26+00:00\",\"dateModified\":\"2021-05-12T18:09:51+00:00\",\"author\":{\"@id\":\"https:\\\/\\\/mula.es\\\/web\\\/#\\\/schema\\\/person\\\/a0dbffe9f4a3ed4aaebedcfef02f71a1\"},\"breadcrumb\":{\"@id\":\"https:\\\/\\\/mula.es\\\/web\\\/los-agricultores-locales-se-suman-a-las-tareas-de-desinfeccion-de-calles-y-espacios-publicos\\\/#breadcrumb\"},\"inLanguage\":\"es\",\"potentialAction\":[{\"@type\":\"ReadAction\",\"target\":[\"https:\\\/\\\/mula.es\\\/web\\\/los-agricultores-locales-se-suman-a-las-tareas-de-desinfeccion-de-calles-y-espacios-publicos\\\/\"]}]},{\"@type\":\"ImageObject\",\"inLanguage\":\"es\",\"@id\":\"https:\\\/\\\/mula.es\\\/web\\\/los-agricultores-locales-se-suman-a-las-tareas-de-desinfeccion-de-calles-y-espacios-publicos\\\/#primaryimage\",\"url\":\"https:\\\/\\\/mula.es\\\/web\\\/wp-content\\\/uploads\\\/2020\\\/03\\\/Fumigacion-agricultores-1.jpg\",\"contentUrl\":\"https:\\\/\\\/mula.es\\\/web\\\/wp-content\\\/uploads\\\/2020\\\/03\\\/Fumigacion-agricultores-1.jpg\",\"width\":2048,\"height\":1152},{\"@type\":\"BreadcrumbList\",\"@id\":\"https:\\\/\\\/mula.es\\\/web\\\/los-agricultores-locales-se-suman-a-las-tareas-de-desinfeccion-de-calles-y-espacios-publicos\\\/#breadcrumb\",\"itemListElement\":[{\"@type\":\"ListItem\",\"position\":1,\"name\":\"Portada\",\"item\":\"https:\\\/\\\/mula.es\\\/web\\\/\"},{\"@type\":\"ListItem\",\"position\":2,\"name\":\"Los agricultores locales se suman a las tareas de desinfecci\u00f3n de calles y espacios p\u00fablicos\"}]},{\"@type\":\"WebSite\",\"@id\":\"https:\\\/\\\/mula.es\\\/web\\\/#website\",\"url\":\"https:\\\/\\\/mula.es\\\/web\\\/\",\"name\":\"Ayuntamiento de Mula\",\"description\":\"P\u00e1gina web del Ayuntamiento de Mula (Regi\u00f3n de Murcia)\",\"potentialAction\":[{\"@type\":\"SearchAction\",\"target\":{\"@type\":\"EntryPoint\",\"urlTemplate\":\"https:\\\/\\\/mula.es\\\/web\\\/?s={search_term_string}\"},\"query-input\":{\"@type\":\"PropertyValueSpecification\",\"valueRequired\":true,\"valueName\":\"search_term_string\"}}],\"inLanguage\":\"es\"},{\"@type\":\"Person\",\"@id\":\"https:\\\/\\\/mula.es\\\/web\\\/#\\\/schema\\\/person\\\/a0dbffe9f4a3ed4aaebedcfef02f71a1\",\"name\":\"admin\",\"image\":{\"@type\":\"ImageObject\",\"inLanguage\":\"es\",\"@id\":\"https:\\\/\\\/secure.gravatar.com\\\/avatar\\\/5423b9cd77f4c7f89a124365a268866f9dfee038c17fe9e37afd92b5920d810e?s=96&d=mm&r=g\",\"url\":\"https:\\\/\\\/secure.gravatar.com\\\/avatar\\\/5423b9cd77f4c7f89a124365a268866f9dfee038c17fe9e37afd92b5920d810e?s=96&d=mm&r=g\",\"contentUrl\":\"https:\\\/\\\/secure.gravatar.com\\\/avatar\\\/5423b9cd77f4c7f89a124365a268866f9dfee038c17fe9e37afd92b5920d810e?s=96&d=mm&r=g\",\"caption\":\"admin\"},\"description\":\"Lorem ipsum dolor sit amet, consectetur adipiscing elit. Nam viverra euismod odio, gravida pellentesque urna varius vitae. Sed dui lorem, adipiscing in adipiscing et, interdum nec metus. Mauris ultricies, justo eu convallis placerat, felis enim ornare nisi, vitae mattis nulla ante id dui. Ut lectus purus, commodo et tincidunt vel, interdum sed lectus. Vestibulum adipiscing tempor nisi id elementi.\",\"url\":\"https:\\\/\\\/mula.es\\\/web\\\/author\\\/jose-maria-boti\\\/\"}]}<\/script>\n<!-- \/ Yoast SEO plugin. -->","yoast_head_json":{"title":"Los agricultores locales se suman a las tareas de desinfecci\u00f3n de calles y espacios p\u00fablicos - Ayuntamiento de Mula","robots":{"index":"index","follow":"follow","max-snippet":"max-snippet:-1","max-image-preview":"max-image-preview:large","max-video-preview":"max-video-preview:-1"},"canonical":"https:\/\/mula.es\/web\/los-agricultores-locales-se-suman-a-las-tareas-de-desinfeccion-de-calles-y-espacios-publicos\/","og_locale":"es_ES","og_type":"article","og_title":"Los agricultores locales se suman a las tareas de desinfecci\u00f3n de calles y espacios p\u00fablicos - Ayuntamiento de Mula","og_url":"https:\/\/mula.es\/web\/los-agricultores-locales-se-suman-a-las-tareas-de-desinfeccion-de-calles-y-espacios-publicos\/","og_site_name":"Ayuntamiento de Mula","article_published_time":"2020-03-26T11:41:26+00:00","article_modified_time":"2021-05-12T18:09:51+00:00","og_image":[{"width":2048,"height":1152,"url":"https:\/\/i0.wp.com\/mula.es\/web\/wp-content\/uploads\/2020\/03\/Fumigacion-agricultores-1.jpg?fit=2048%2C1152&ssl=1","type":"image\/jpeg"}],"author":"admin","twitter_card":"summary_large_image","twitter_creator":"@AyuntamientMula","twitter_site":"@AyuntamientMula","twitter_misc":{"Escrito por":"admin","Tiempo de lectura":"3 minutos"},"schema":{"@context":"https:\/\/schema.org","@graph":[{"@type":"Article","@id":"https:\/\/mula.es\/web\/los-agricultores-locales-se-suman-a-las-tareas-de-desinfeccion-de-calles-y-espacios-publicos\/#article","isPartOf":{"@id":"https:\/\/mula.es\/web\/los-agricultores-locales-se-suman-a-las-tareas-de-desinfeccion-de-calles-y-espacios-publicos\/"},"author":{"name":"admin","@id":"https:\/\/mula.es\/web\/#\/schema\/person\/a0dbffe9f4a3ed4aaebedcfef02f71a1"},"headline":"Los agricultores locales se suman a las tareas de desinfecci\u00f3n de calles y espacios p\u00fablicos","datePublished":"2020-03-26T11:41:26+00:00","dateModified":"2021-05-12T18:09:51+00:00","mainEntityOfPage":{"@id":"https:\/\/mula.es\/web\/los-agricultores-locales-se-suman-a-las-tareas-de-desinfeccion-de-calles-y-espacios-publicos\/"},"wordCount":520,"image":{"@id":"https:\/\/mula.es\/web\/los-agricultores-locales-se-suman-a-las-tareas-de-desinfeccion-de-calles-y-espacios-publicos\/#primaryimage"},"thumbnailUrl":"https:\/\/mula.es\/web\/wp-content\/uploads\/2020\/03\/Fumigacion-agricultores-1.jpg","articleSection":["agricultura","coronavirus"],"inLanguage":"es"},{"@type":"WebPage","@id":"https:\/\/mula.es\/web\/los-agricultores-locales-se-suman-a-las-tareas-de-desinfeccion-de-calles-y-espacios-publicos\/","url":"https:\/\/mula.es\/web\/los-agricultores-locales-se-suman-a-las-tareas-de-desinfeccion-de-calles-y-espacios-publicos\/","name":"Los agricultores locales se suman a las tareas de desinfecci\u00f3n de calles y espacios p\u00fablicos - Ayuntamiento de Mula","isPartOf":{"@id":"https:\/\/mula.es\/web\/#website"},"primaryImageOfPage":{"@id":"https:\/\/mula.es\/web\/los-agricultores-locales-se-suman-a-las-tareas-de-desinfeccion-de-calles-y-espacios-publicos\/#primaryimage"},"image":{"@id":"https:\/\/mula.es\/web\/los-agricultores-locales-se-suman-a-las-tareas-de-desinfeccion-de-calles-y-espacios-publicos\/#primaryimage"},"thumbnailUrl":"https:\/\/mula.es\/web\/wp-content\/uploads\/2020\/03\/Fumigacion-agricultores-1.jpg","datePublished":"2020-03-26T11:41:26+00:00","dateModified":"2021-05-12T18:09:51+00:00","author":{"@id":"https:\/\/mula.es\/web\/#\/schema\/person\/a0dbffe9f4a3ed4aaebedcfef02f71a1"},"breadcrumb":{"@id":"https:\/\/mula.es\/web\/los-agricultores-locales-se-suman-a-las-tareas-de-desinfeccion-de-calles-y-espacios-publicos\/#breadcrumb"},"inLanguage":"es","potentialAction":[{"@type":"ReadAction","target":["https:\/\/mula.es\/web\/los-agricultores-locales-se-suman-a-las-tareas-de-desinfeccion-de-calles-y-espacios-publicos\/"]}]},{"@type":"ImageObject","inLanguage":"es","@id":"https:\/\/mula.es\/web\/los-agricultores-locales-se-suman-a-las-tareas-de-desinfeccion-de-calles-y-espacios-publicos\/#primaryimage","url":"https:\/\/mula.es\/web\/wp-content\/uploads\/2020\/03\/Fumigacion-agricultores-1.jpg","contentUrl":"https:\/\/mula.es\/web\/wp-content\/uploads\/2020\/03\/Fumigacion-agricultores-1.jpg","width":2048,"height":1152},{"@type":"BreadcrumbList","@id":"https:\/\/mula.es\/web\/los-agricultores-locales-se-suman-a-las-tareas-de-desinfeccion-de-calles-y-espacios-publicos\/#breadcrumb","itemListElement":[{"@type":"ListItem","position":1,"name":"Portada","item":"https:\/\/mula.es\/web\/"},{"@type":"ListItem","position":2,"name":"Los agricultores locales se suman a las tareas de desinfecci\u00f3n de calles y espacios p\u00fablicos"}]},{"@type":"WebSite","@id":"https:\/\/mula.es\/web\/#website","url":"https:\/\/mula.es\/web\/","name":"Ayuntamiento de Mula","description":"P\u00e1gina web del Ayuntamiento de Mula (Regi\u00f3n de Murcia)","potentialAction":[{"@type":"SearchAction","target":{"@type":"EntryPoint","urlTemplate":"https:\/\/mula.es\/web\/?s={search_term_string}"},"query-input":{"@type":"PropertyValueSpecification","valueRequired":true,"valueName":"search_term_string"}}],"inLanguage":"es"},{"@type":"Person","@id":"https:\/\/mula.es\/web\/#\/schema\/person\/a0dbffe9f4a3ed4aaebedcfef02f71a1","name":"admin","image":{"@type":"ImageObject","inLanguage":"es","@id":"https:\/\/secure.gravatar.com\/avatar\/5423b9cd77f4c7f89a124365a268866f9dfee038c17fe9e37afd92b5920d810e?s=96&d=mm&r=g","url":"https:\/\/secure.gravatar.com\/avatar\/5423b9cd77f4c7f89a124365a268866f9dfee038c17fe9e37afd92b5920d810e?s=96&d=mm&r=g","contentUrl":"https:\/\/secure.gravatar.com\/avatar\/5423b9cd77f4c7f89a124365a268866f9dfee038c17fe9e37afd92b5920d810e?s=96&d=mm&r=g","caption":"admin"},"description":"Lorem ipsum dolor sit amet, consectetur adipiscing elit. Nam viverra euismod odio, gravida pellentesque urna varius vitae. Sed dui lorem, adipiscing in adipiscing et, interdum nec metus. Mauris ultricies, justo eu convallis placerat, felis enim ornare nisi, vitae mattis nulla ante id dui. Ut lectus purus, commodo et tincidunt vel, interdum sed lectus. Vestibulum adipiscing tempor nisi id elementi.","url":"https:\/\/mula.es\/web\/author\/jose-maria-boti\/"}]}},"jetpack_publicize_connections":[],"jetpack_featured_media_url":"https:\/\/mula.es\/web\/wp-content\/uploads\/2020\/03\/Fumigacion-agricultores-1.jpg","jetpack_sharing_enabled":true,"jetpack_shortlink":"https:\/\/wp.me\/pa9DMY-8wn","jetpack-related-posts":[],"_links":{"self":[{"href":"https:\/\/mula.es\/web\/wp-json\/wp\/v2\/posts\/32759","targetHints":{"allow":["GET"]}}],"collection":[{"href":"https:\/\/mula.es\/web\/wp-json\/wp\/v2\/posts"}],"about":[{"href":"https:\/\/mula.es\/web\/wp-json\/wp\/v2\/types\/post"}],"author":[{"embeddable":true,"href":"https:\/\/mula.es\/web\/wp-json\/wp\/v2\/users\/1"}],"replies":[{"embeddable":true,"href":"https:\/\/mula.es\/web\/wp-json\/wp\/v2\/comments?post=32759"}],"version-history":[{"count":2,"href":"https:\/\/mula.es\/web\/wp-json\/wp\/v2\/posts\/32759\/revisions"}],"predecessor-version":[{"id":38884,"href":"https:\/\/mula.es\/web\/wp-json\/wp\/v2\/posts\/32759\/revisions\/38884"}],"wp:featuredmedia":[{"embeddable":true,"href":"https:\/\/mula.es\/web\/wp-json\/wp\/v2\/media\/32760"}],"wp:attachment":[{"href":"https:\/\/mula.es\/web\/wp-json\/wp\/v2\/media?parent=32759"}],"wp:term":[{"taxonomy":"category","embeddable":true,"href":"https:\/\/mula.es\/web\/wp-json\/wp\/v2\/categories?post=32759"},{"taxonomy":"post_tag","embeddable":true,"href":"https:\/\/mula.es\/web\/wp-json\/wp\/v2\/tags?post=32759"}],"curies":[{"name":"wp","href":"https:\/\/api.w.org\/{rel}","templated":true}]}}