{"id":32807,"date":"2020-03-28T14:06:22","date_gmt":"2020-03-28T13:06:22","guid":{"rendered":"http:\/\/mula.es\/web\/?p=32807"},"modified":"2021-05-12T20:09:49","modified_gmt":"2021-05-12T18:09:49","slug":"suspension-de-las-fiestas-de-primavera-en-honor-a-san-isidro-2020","status":"publish","type":"post","link":"https:\/\/mula.es\/web\/suspension-de-las-fiestas-de-primavera-en-honor-a-san-isidro-2020\/","title":{"rendered":"Suspensi\u00f3n de las Fiestas de Primavera 2020 en honor a San Isidro"},"content":{"rendered":"<p style=\"text-align: justify;\"><strong><u>COMUNICADO DEL AYUNTAMIENTO DE MULA Y LA HERMANDAD DE SAN ISIDRO<\/u><\/strong><\/p>\n<p style=\"text-align: justify;\">Ante el estado de alarma decretado que estamos atravesando y tras el estudio de la situaci\u00f3n actual y la previsi\u00f3n para las siguientes semanas, tanto la Hermandad de San Isidro Labrador como las Concejal\u00edas de Festejos y de Cultura del Excmo. Ayto. de Mula tenemos muy claro que lo prioritario son las personas. Son momentos en los que debe imperar el sentido de la responsabilidad y de uni\u00f3n frente a la adversidad del momento. Teniendo en cuenta la proximidad de las fechas indicadas para comenzar con la organizaci\u00f3n y su posterior celebraci\u00f3n, hemos tomado la decisi\u00f3n un\u00e1nime de <strong>suspender las Fiestas de Primavera en Honor a San Isidro 2020<\/strong>; el concurso de gachasmigas, barracas y el desfile de carrozas.<\/p>\n<p style=\"text-align: justify;\">Tanto para la Hermandad como para el Ayuntamiento ha sido una decisi\u00f3n dif\u00edcil de tomar, pero es indiscutiblemente necesaria. Todos juntos tenemos que poner nuestro esfuerzo en superar esta crisis, permanecer unidos y seguir con disciplina las recomendaciones que las autoridades nos ofrecen para plantarle cara al COVID-19.<\/p>\n<p style=\"text-align: justify;\">Por \u00faltimo, queremos enviar un mensaje de \u00e1nimo a toda la ciudadan\u00eda en estos momentos y apelamos a la comprensi\u00f3n de esta compleja decisi\u00f3n. Estamos convencidos que saldremos fortalecidos de estos momentos.<\/p>\n<p style=\"text-align: justify;\">\n","protected":false},"excerpt":{"rendered":"<p>COMUNICADO DEL AYUNTAMIENTO DE MULA Y LA HERMANDAD DE SAN ISIDRO Ante el estado de alarma decretado que estamos atravesando y tras el estudio de la situaci\u00f3n actual y la previsi\u00f3n para las siguientes semanas, tanto la Hermandad de San Isidro Labrador como las Concejal\u00edas de Festejos y de Cultura del Excmo. Ayto. de Mula  [&#8230;]<\/p>\n","protected":false},"author":1,"featured_media":32808,"comment_status":"closed","ping_status":"closed","sticky":false,"template":"","format":"standard","meta":{"jetpack_post_was_ever_published":false,"_jetpack_newsletter_access":"","_jetpack_dont_email_post_to_subs":false,"_jetpack_newsletter_tier_id":0,"_jetpack_memberships_contains_paywalled_content":false,"_jetpack_memberships_contains_paid_content":false,"footnotes":"","jetpack_publicize_message":"","jetpack_publicize_feature_enabled":true,"jetpack_social_post_already_shared":true,"jetpack_social_options":{"image_generator_settings":{"template":"highway","default_image_id":0,"font":"","enabled":false},"version":2}},"categories":[664,80,170],"tags":[],"class_list":["post-32807","post","type-post","status-publish","format-standard","has-post-thumbnail","hentry","category-coronavirus","category-fiestas","category-fiestas-de-san-isidro"],"yoast_head":"<!-- This site is optimized with the Yoast SEO plugin v27.4 - https:\/\/yoast.com\/product\/yoast-seo-wordpress\/ -->\n<title>Suspensi\u00f3n de las Fiestas de Primavera 2020 en honor a San Isidro - Ayuntamiento de Mula<\/title>\n<meta name=\"robots\" content=\"index, follow, max-snippet:-1, max-image-preview:large, max-video-preview:-1\" \/>\n<link rel=\"canonical\" href=\"https:\/\/mula.es\/web\/suspension-de-las-fiestas-de-primavera-en-honor-a-san-isidro-2020\/\" \/>\n<meta property=\"og:locale\" content=\"es_ES\" \/>\n<meta property=\"og:type\" content=\"article\" \/>\n<meta property=\"og:title\" content=\"Suspensi\u00f3n de las Fiestas de Primavera 2020 en honor a San Isidro - Ayuntamiento de Mula\" \/>\n<meta property=\"og:description\" content=\"COMUNICADO DEL AYUNTAMIENTO DE MULA Y LA HERMANDAD DE SAN ISIDRO Ante el estado de alarma decretado que estamos atravesando y tras el estudio de la situaci\u00f3n actual y la previsi\u00f3n para las siguientes semanas, tanto la Hermandad de San Isidro Labrador como las Concejal\u00edas de Festejos y de Cultura del Excmo. Ayto. de Mula [...]\" \/>\n<meta property=\"og:url\" content=\"https:\/\/mula.es\/web\/suspension-de-las-fiestas-de-primavera-en-honor-a-san-isidro-2020\/\" \/>\n<meta property=\"og:site_name\" content=\"Ayuntamiento de Mula\" \/>\n<meta property=\"article:published_time\" content=\"2020-03-28T13:06:22+00:00\" \/>\n<meta property=\"article:modified_time\" content=\"2021-05-12T18:09:49+00:00\" \/>\n<meta property=\"og:image\" content=\"https:\/\/i0.wp.com\/mula.es\/web\/wp-content\/uploads\/2020\/03\/Fiestas-San-Isidro.jpeg?fit=1200%2C1600&ssl=1\" \/>\n\t<meta property=\"og:image:width\" content=\"1200\" \/>\n\t<meta property=\"og:image:height\" content=\"1600\" \/>\n\t<meta property=\"og:image:type\" content=\"image\/jpeg\" \/>\n<meta name=\"author\" content=\"admin\" \/>\n<meta name=\"twitter:card\" content=\"summary_large_image\" \/>\n<meta name=\"twitter:creator\" content=\"@AyuntamientMula\" \/>\n<meta name=\"twitter:site\" content=\"@AyuntamientMula\" \/>\n<meta name=\"twitter:label1\" content=\"Escrito por\" \/>\n\t<meta name=\"twitter:data1\" content=\"admin\" \/>\n\t<meta name=\"twitter:label2\" content=\"Tiempo de lectura\" \/>\n\t<meta name=\"twitter:data2\" content=\"1 minuto\" \/>\n<script type=\"application\/ld+json\" class=\"yoast-schema-graph\">{\"@context\":\"https:\\\/\\\/schema.org\",\"@graph\":[{\"@type\":\"Article\",\"@id\":\"https:\\\/\\\/mula.es\\\/web\\\/suspension-de-las-fiestas-de-primavera-en-honor-a-san-isidro-2020\\\/#article\",\"isPartOf\":{\"@id\":\"https:\\\/\\\/mula.es\\\/web\\\/suspension-de-las-fiestas-de-primavera-en-honor-a-san-isidro-2020\\\/\"},\"author\":{\"name\":\"admin\",\"@id\":\"https:\\\/\\\/mula.es\\\/web\\\/#\\\/schema\\\/person\\\/a0dbffe9f4a3ed4aaebedcfef02f71a1\"},\"headline\":\"Suspensi\u00f3n de las Fiestas de Primavera 2020 en honor a San Isidro\",\"datePublished\":\"2020-03-28T13:06:22+00:00\",\"dateModified\":\"2021-05-12T18:09:49+00:00\",\"mainEntityOfPage\":{\"@id\":\"https:\\\/\\\/mula.es\\\/web\\\/suspension-de-las-fiestas-de-primavera-en-honor-a-san-isidro-2020\\\/\"},\"wordCount\":234,\"image\":{\"@id\":\"https:\\\/\\\/mula.es\\\/web\\\/suspension-de-las-fiestas-de-primavera-en-honor-a-san-isidro-2020\\\/#primaryimage\"},\"thumbnailUrl\":\"https:\\\/\\\/mula.es\\\/web\\\/wp-content\\\/uploads\\\/2020\\\/03\\\/Fiestas-San-Isidro.jpeg\",\"articleSection\":[\"coronavirus\",\"fiestas\",\"fiestas de san isidro\"],\"inLanguage\":\"es\"},{\"@type\":\"WebPage\",\"@id\":\"https:\\\/\\\/mula.es\\\/web\\\/suspension-de-las-fiestas-de-primavera-en-honor-a-san-isidro-2020\\\/\",\"url\":\"https:\\\/\\\/mula.es\\\/web\\\/suspension-de-las-fiestas-de-primavera-en-honor-a-san-isidro-2020\\\/\",\"name\":\"Suspensi\u00f3n de las Fiestas de Primavera 2020 en honor a San Isidro - Ayuntamiento de Mula\",\"isPartOf\":{\"@id\":\"https:\\\/\\\/mula.es\\\/web\\\/#website\"},\"primaryImageOfPage\":{\"@id\":\"https:\\\/\\\/mula.es\\\/web\\\/suspension-de-las-fiestas-de-primavera-en-honor-a-san-isidro-2020\\\/#primaryimage\"},\"image\":{\"@id\":\"https:\\\/\\\/mula.es\\\/web\\\/suspension-de-las-fiestas-de-primavera-en-honor-a-san-isidro-2020\\\/#primaryimage\"},\"thumbnailUrl\":\"https:\\\/\\\/mula.es\\\/web\\\/wp-content\\\/uploads\\\/2020\\\/03\\\/Fiestas-San-Isidro.jpeg\",\"datePublished\":\"2020-03-28T13:06:22+00:00\",\"dateModified\":\"2021-05-12T18:09:49+00:00\",\"author\":{\"@id\":\"https:\\\/\\\/mula.es\\\/web\\\/#\\\/schema\\\/person\\\/a0dbffe9f4a3ed4aaebedcfef02f71a1\"},\"breadcrumb\":{\"@id\":\"https:\\\/\\\/mula.es\\\/web\\\/suspension-de-las-fiestas-de-primavera-en-honor-a-san-isidro-2020\\\/#breadcrumb\"},\"inLanguage\":\"es\",\"potentialAction\":[{\"@type\":\"ReadAction\",\"target\":[\"https:\\\/\\\/mula.es\\\/web\\\/suspension-de-las-fiestas-de-primavera-en-honor-a-san-isidro-2020\\\/\"]}]},{\"@type\":\"ImageObject\",\"inLanguage\":\"es\",\"@id\":\"https:\\\/\\\/mula.es\\\/web\\\/suspension-de-las-fiestas-de-primavera-en-honor-a-san-isidro-2020\\\/#primaryimage\",\"url\":\"https:\\\/\\\/mula.es\\\/web\\\/wp-content\\\/uploads\\\/2020\\\/03\\\/Fiestas-San-Isidro.jpeg\",\"contentUrl\":\"https:\\\/\\\/mula.es\\\/web\\\/wp-content\\\/uploads\\\/2020\\\/03\\\/Fiestas-San-Isidro.jpeg\",\"width\":1200,\"height\":1600},{\"@type\":\"BreadcrumbList\",\"@id\":\"https:\\\/\\\/mula.es\\\/web\\\/suspension-de-las-fiestas-de-primavera-en-honor-a-san-isidro-2020\\\/#breadcrumb\",\"itemListElement\":[{\"@type\":\"ListItem\",\"position\":1,\"name\":\"Portada\",\"item\":\"https:\\\/\\\/mula.es\\\/web\\\/\"},{\"@type\":\"ListItem\",\"position\":2,\"name\":\"Suspensi\u00f3n de las Fiestas de Primavera 2020 en honor a San Isidro\"}]},{\"@type\":\"WebSite\",\"@id\":\"https:\\\/\\\/mula.es\\\/web\\\/#website\",\"url\":\"https:\\\/\\\/mula.es\\\/web\\\/\",\"name\":\"Ayuntamiento de Mula\",\"description\":\"P\u00e1gina web del Ayuntamiento de Mula (Regi\u00f3n de Murcia)\",\"potentialAction\":[{\"@type\":\"SearchAction\",\"target\":{\"@type\":\"EntryPoint\",\"urlTemplate\":\"https:\\\/\\\/mula.es\\\/web\\\/?s={search_term_string}\"},\"query-input\":{\"@type\":\"PropertyValueSpecification\",\"valueRequired\":true,\"valueName\":\"search_term_string\"}}],\"inLanguage\":\"es\"},{\"@type\":\"Person\",\"@id\":\"https:\\\/\\\/mula.es\\\/web\\\/#\\\/schema\\\/person\\\/a0dbffe9f4a3ed4aaebedcfef02f71a1\",\"name\":\"admin\",\"image\":{\"@type\":\"ImageObject\",\"inLanguage\":\"es\",\"@id\":\"https:\\\/\\\/secure.gravatar.com\\\/avatar\\\/5423b9cd77f4c7f89a124365a268866f9dfee038c17fe9e37afd92b5920d810e?s=96&d=mm&r=g\",\"url\":\"https:\\\/\\\/secure.gravatar.com\\\/avatar\\\/5423b9cd77f4c7f89a124365a268866f9dfee038c17fe9e37afd92b5920d810e?s=96&d=mm&r=g\",\"contentUrl\":\"https:\\\/\\\/secure.gravatar.com\\\/avatar\\\/5423b9cd77f4c7f89a124365a268866f9dfee038c17fe9e37afd92b5920d810e?s=96&d=mm&r=g\",\"caption\":\"admin\"},\"description\":\"Lorem ipsum dolor sit amet, consectetur adipiscing elit. Nam viverra euismod odio, gravida pellentesque urna varius vitae. Sed dui lorem, adipiscing in adipiscing et, interdum nec metus. Mauris ultricies, justo eu convallis placerat, felis enim ornare nisi, vitae mattis nulla ante id dui. Ut lectus purus, commodo et tincidunt vel, interdum sed lectus. Vestibulum adipiscing tempor nisi id elementi.\",\"url\":\"https:\\\/\\\/mula.es\\\/web\\\/author\\\/jose-maria-boti\\\/\"}]}<\/script>\n<!-- \/ Yoast SEO plugin. -->","yoast_head_json":{"title":"Suspensi\u00f3n de las Fiestas de Primavera 2020 en honor a San Isidro - Ayuntamiento de Mula","robots":{"index":"index","follow":"follow","max-snippet":"max-snippet:-1","max-image-preview":"max-image-preview:large","max-video-preview":"max-video-preview:-1"},"canonical":"https:\/\/mula.es\/web\/suspension-de-las-fiestas-de-primavera-en-honor-a-san-isidro-2020\/","og_locale":"es_ES","og_type":"article","og_title":"Suspensi\u00f3n de las Fiestas de Primavera 2020 en honor a San Isidro - Ayuntamiento de Mula","og_description":"COMUNICADO DEL AYUNTAMIENTO DE MULA Y LA HERMANDAD DE SAN ISIDRO Ante el estado de alarma decretado que estamos atravesando y tras el estudio de la situaci\u00f3n actual y la previsi\u00f3n para las siguientes semanas, tanto la Hermandad de San Isidro Labrador como las Concejal\u00edas de Festejos y de Cultura del Excmo. Ayto. de Mula [...]","og_url":"https:\/\/mula.es\/web\/suspension-de-las-fiestas-de-primavera-en-honor-a-san-isidro-2020\/","og_site_name":"Ayuntamiento de Mula","article_published_time":"2020-03-28T13:06:22+00:00","article_modified_time":"2021-05-12T18:09:49+00:00","og_image":[{"width":1200,"height":1600,"url":"https:\/\/i0.wp.com\/mula.es\/web\/wp-content\/uploads\/2020\/03\/Fiestas-San-Isidro.jpeg?fit=1200%2C1600&ssl=1","type":"image\/jpeg"}],"author":"admin","twitter_card":"summary_large_image","twitter_creator":"@AyuntamientMula","twitter_site":"@AyuntamientMula","twitter_misc":{"Escrito por":"admin","Tiempo de lectura":"1 minuto"},"schema":{"@context":"https:\/\/schema.org","@graph":[{"@type":"Article","@id":"https:\/\/mula.es\/web\/suspension-de-las-fiestas-de-primavera-en-honor-a-san-isidro-2020\/#article","isPartOf":{"@id":"https:\/\/mula.es\/web\/suspension-de-las-fiestas-de-primavera-en-honor-a-san-isidro-2020\/"},"author":{"name":"admin","@id":"https:\/\/mula.es\/web\/#\/schema\/person\/a0dbffe9f4a3ed4aaebedcfef02f71a1"},"headline":"Suspensi\u00f3n de las Fiestas de Primavera 2020 en honor a San Isidro","datePublished":"2020-03-28T13:06:22+00:00","dateModified":"2021-05-12T18:09:49+00:00","mainEntityOfPage":{"@id":"https:\/\/mula.es\/web\/suspension-de-las-fiestas-de-primavera-en-honor-a-san-isidro-2020\/"},"wordCount":234,"image":{"@id":"https:\/\/mula.es\/web\/suspension-de-las-fiestas-de-primavera-en-honor-a-san-isidro-2020\/#primaryimage"},"thumbnailUrl":"https:\/\/mula.es\/web\/wp-content\/uploads\/2020\/03\/Fiestas-San-Isidro.jpeg","articleSection":["coronavirus","fiestas","fiestas de san isidro"],"inLanguage":"es"},{"@type":"WebPage","@id":"https:\/\/mula.es\/web\/suspension-de-las-fiestas-de-primavera-en-honor-a-san-isidro-2020\/","url":"https:\/\/mula.es\/web\/suspension-de-las-fiestas-de-primavera-en-honor-a-san-isidro-2020\/","name":"Suspensi\u00f3n de las Fiestas de Primavera 2020 en honor a San Isidro - Ayuntamiento de Mula","isPartOf":{"@id":"https:\/\/mula.es\/web\/#website"},"primaryImageOfPage":{"@id":"https:\/\/mula.es\/web\/suspension-de-las-fiestas-de-primavera-en-honor-a-san-isidro-2020\/#primaryimage"},"image":{"@id":"https:\/\/mula.es\/web\/suspension-de-las-fiestas-de-primavera-en-honor-a-san-isidro-2020\/#primaryimage"},"thumbnailUrl":"https:\/\/mula.es\/web\/wp-content\/uploads\/2020\/03\/Fiestas-San-Isidro.jpeg","datePublished":"2020-03-28T13:06:22+00:00","dateModified":"2021-05-12T18:09:49+00:00","author":{"@id":"https:\/\/mula.es\/web\/#\/schema\/person\/a0dbffe9f4a3ed4aaebedcfef02f71a1"},"breadcrumb":{"@id":"https:\/\/mula.es\/web\/suspension-de-las-fiestas-de-primavera-en-honor-a-san-isidro-2020\/#breadcrumb"},"inLanguage":"es","potentialAction":[{"@type":"ReadAction","target":["https:\/\/mula.es\/web\/suspension-de-las-fiestas-de-primavera-en-honor-a-san-isidro-2020\/"]}]},{"@type":"ImageObject","inLanguage":"es","@id":"https:\/\/mula.es\/web\/suspension-de-las-fiestas-de-primavera-en-honor-a-san-isidro-2020\/#primaryimage","url":"https:\/\/mula.es\/web\/wp-content\/uploads\/2020\/03\/Fiestas-San-Isidro.jpeg","contentUrl":"https:\/\/mula.es\/web\/wp-content\/uploads\/2020\/03\/Fiestas-San-Isidro.jpeg","width":1200,"height":1600},{"@type":"BreadcrumbList","@id":"https:\/\/mula.es\/web\/suspension-de-las-fiestas-de-primavera-en-honor-a-san-isidro-2020\/#breadcrumb","itemListElement":[{"@type":"ListItem","position":1,"name":"Portada","item":"https:\/\/mula.es\/web\/"},{"@type":"ListItem","position":2,"name":"Suspensi\u00f3n de las Fiestas de Primavera 2020 en honor a San Isidro"}]},{"@type":"WebSite","@id":"https:\/\/mula.es\/web\/#website","url":"https:\/\/mula.es\/web\/","name":"Ayuntamiento de Mula","description":"P\u00e1gina web del Ayuntamiento de Mula (Regi\u00f3n de Murcia)","potentialAction":[{"@type":"SearchAction","target":{"@type":"EntryPoint","urlTemplate":"https:\/\/mula.es\/web\/?s={search_term_string}"},"query-input":{"@type":"PropertyValueSpecification","valueRequired":true,"valueName":"search_term_string"}}],"inLanguage":"es"},{"@type":"Person","@id":"https:\/\/mula.es\/web\/#\/schema\/person\/a0dbffe9f4a3ed4aaebedcfef02f71a1","name":"admin","image":{"@type":"ImageObject","inLanguage":"es","@id":"https:\/\/secure.gravatar.com\/avatar\/5423b9cd77f4c7f89a124365a268866f9dfee038c17fe9e37afd92b5920d810e?s=96&d=mm&r=g","url":"https:\/\/secure.gravatar.com\/avatar\/5423b9cd77f4c7f89a124365a268866f9dfee038c17fe9e37afd92b5920d810e?s=96&d=mm&r=g","contentUrl":"https:\/\/secure.gravatar.com\/avatar\/5423b9cd77f4c7f89a124365a268866f9dfee038c17fe9e37afd92b5920d810e?s=96&d=mm&r=g","caption":"admin"},"description":"Lorem ipsum dolor sit amet, consectetur adipiscing elit. Nam viverra euismod odio, gravida pellentesque urna varius vitae. Sed dui lorem, adipiscing in adipiscing et, interdum nec metus. Mauris ultricies, justo eu convallis placerat, felis enim ornare nisi, vitae mattis nulla ante id dui. Ut lectus purus, commodo et tincidunt vel, interdum sed lectus. Vestibulum adipiscing tempor nisi id elementi.","url":"https:\/\/mula.es\/web\/author\/jose-maria-boti\/"}]}},"jetpack_publicize_connections":[],"jetpack_featured_media_url":"https:\/\/mula.es\/web\/wp-content\/uploads\/2020\/03\/Fiestas-San-Isidro.jpeg","jetpack_sharing_enabled":true,"jetpack_shortlink":"https:\/\/wp.me\/pa9DMY-8x9","jetpack-related-posts":[],"_links":{"self":[{"href":"https:\/\/mula.es\/web\/wp-json\/wp\/v2\/posts\/32807","targetHints":{"allow":["GET"]}}],"collection":[{"href":"https:\/\/mula.es\/web\/wp-json\/wp\/v2\/posts"}],"about":[{"href":"https:\/\/mula.es\/web\/wp-json\/wp\/v2\/types\/post"}],"author":[{"embeddable":true,"href":"https:\/\/mula.es\/web\/wp-json\/wp\/v2\/users\/1"}],"replies":[{"embeddable":true,"href":"https:\/\/mula.es\/web\/wp-json\/wp\/v2\/comments?post=32807"}],"version-history":[{"count":2,"href":"https:\/\/mula.es\/web\/wp-json\/wp\/v2\/posts\/32807\/revisions"}],"predecessor-version":[{"id":32810,"href":"https:\/\/mula.es\/web\/wp-json\/wp\/v2\/posts\/32807\/revisions\/32810"}],"wp:featuredmedia":[{"embeddable":true,"href":"https:\/\/mula.es\/web\/wp-json\/wp\/v2\/media\/32808"}],"wp:attachment":[{"href":"https:\/\/mula.es\/web\/wp-json\/wp\/v2\/media?parent=32807"}],"wp:term":[{"taxonomy":"category","embeddable":true,"href":"https:\/\/mula.es\/web\/wp-json\/wp\/v2\/categories?post=32807"},{"taxonomy":"post_tag","embeddable":true,"href":"https:\/\/mula.es\/web\/wp-json\/wp\/v2\/tags?post=32807"}],"curies":[{"name":"wp","href":"https:\/\/api.w.org\/{rel}","templated":true}]}}