{"id":32823,"date":"2020-04-01T13:40:00","date_gmt":"2020-04-01T11:40:00","guid":{"rendered":"http:\/\/mula.es\/web\/?p=32823"},"modified":"2021-05-12T20:09:49","modified_gmt":"2021-05-12T18:09:49","slug":"bando-tambores-2020-en-estado-de-alarma","status":"publish","type":"post","link":"https:\/\/mula.es\/web\/bando-tambores-2020-en-estado-de-alarma\/","title":{"rendered":"Bando Tambores 2020 en estado de alarma"},"content":{"rendered":"<p style=\"text-align: justify;\">Mule\u00f1os y mule\u00f1as:<\/p>\n<p style=\"text-align: justify;\">\nBien sab\u00e9is del tiempo de crisis que estamos padeciendo. Es un tiempo de fuerza mayor que nos obliga a quedarnos en nuestras casas, a detener el acontecer diario de nuestras rutinas, trabajos y costumbres, que nos aleja de familiares y amigos y de aquellos espacios comunes que tanto nos gusta compartir. En pocos d\u00edas hemos visto desplomarse del calendario muchos de los ritos m\u00e1gicos que la primavera nos permite, entre ellos la Semana Santa y nuestra Noche de los Tambores.<\/p>\n<p style=\"text-align: justify;\">Sabedor es este Alcalde, como mule\u00f1o y tamborista, de lo que nos va a costar prescindir de nuestra m\u00e1s grande, antigua y peculiar costumbre. De la desaz\u00f3n de mirar los tambores prestos a su toque, los palillos, las t\u00fanicas, las ganas, los pulsos, la fanfarria que arrebata, la noche con su luna llena, la ma\u00f1ana de abril engalanada de flores; el eco de los redobles, ruido, comp\u00e1s y emoci\u00f3n, retemblando en las esquinas, en las puertas y en los corazones. La memoria, el recuerdo, lo que no se nombra. Todo, y que todo eso quede aguardando para otra primavera.<\/p>\n<p style=\"text-align: justify;\">La Noche de los Tambores ser\u00e1 extra\u00f1a este a\u00f1o con la plaza vac\u00eda y las calles desiertas. Conforme el reloj de la torre se acerque a las doce, raro ser\u00e1 el mule\u00f1o que, dentro y fuera de nuestra tierra, no se emocione con un latido invisible de melancol\u00eda. As\u00ed pues, no queriendo este regidor que quede an\u00f3nimo y silente d\u00eda tan especial, dicta este Bando para convocar un ACTO SIMB\u00d3LICO, un acto de homenaje y solidaridad, que haga retumbar el Martes Santo al modo que bien conocemos. Animo a la vecindad a tomar sus tambores y, cada uno en su ventana, balc\u00f3n o terraza, durante treinta minutos, preste su toque para dar testimonio de que Mula suena en se\u00f1al de hermanamiento con el resto de esta Espa\u00f1a que sufre en estos momentos complejos.<\/p>\n<p style=\"text-align: justify;\">Por todos es sabido que a las 20 horas de cada d\u00eda se acompasan bajo el mismo ritmo los fervorosos aplausos que desde nuestros balcones y ventanas ofrendamos a tan numerosos y valientes trabajadores y trabajadoras de nuestro gran pa\u00eds. Personas heroicas que est\u00e1n combatiendo sin descanso en la batalla contra este virus que nos asola. Espa\u00f1a est\u00e1 atravesando uno de los momentos m\u00e1s duros de su historia reciente. Por ello, sea Mula la que con su redoblar solemne manifieste la aflicci\u00f3n que mule\u00f1os y mule\u00f1as sentimos en solidaridad con nuestros compatriotas, cambiemos los aplausos por compungidos y sonoros redobles que a todos cuantos sufren estos d\u00edas hagan llegar que Mula los acompa\u00f1a y respeta.<\/p>\n<p style=\"text-align: justify;\"><strong>Sea as\u00ed: Martes 7 de abril, a las 8 de la tarde y durante sus treinta minutos siguientes.<\/strong><\/p>\n<p style=\"text-align: justify;\">Ahora bien: entienda la concurrencia las circunstancias que tenemos y sea responsable y c\u00edvica, y sepa contener sus ganas. Ac\u00e1tese la hora establecida y el tiempo dado por cortes\u00eda y respeto a cuantos muchos otros no est\u00e1n para fiestas y estruendos.<\/p>\n<p style=\"text-align: justify;\">Acorde con el noble comportamiento que los mule\u00f1os estamos teniendo en estos d\u00edas de confinamiento, sea as\u00ed este acto simb\u00f3lico. Suene Mula durante treinta minutos con todas las fuerzas posibles y luego vuelva cada uno a los suyos y devuelva a la noche el silencio que este a\u00f1o corresponde.<\/p>\n<p style=\"text-align: center;\">\nEL ALCALDE<br \/>\nJuan Jes\u00fas Moreno Garc\u00eda<\/p>\n","protected":false},"excerpt":{"rendered":"<p>Mule\u00f1os y mule\u00f1as: Bien sab\u00e9is del tiempo de crisis que estamos padeciendo. Es un tiempo de fuerza mayor que nos obliga a quedarnos en nuestras casas, a detener el acontecer diario de nuestras rutinas, trabajos y costumbres, que nos aleja de familiares y amigos y de aquellos espacios comunes que tanto nos gusta compartir. En  [&#8230;]<\/p>\n","protected":false},"author":1,"featured_media":32824,"comment_status":"closed","ping_status":"closed","sticky":false,"template":"","format":"standard","meta":{"jetpack_post_was_ever_published":false,"_jetpack_newsletter_access":"","_jetpack_dont_email_post_to_subs":false,"_jetpack_newsletter_tier_id":0,"_jetpack_memberships_contains_paywalled_content":false,"_jetpack_memberships_contains_paid_content":false,"footnotes":"","jetpack_publicize_message":"","jetpack_publicize_feature_enabled":true,"jetpack_social_post_already_shared":true,"jetpack_social_options":{"image_generator_settings":{"template":"highway","default_image_id":0,"font":"","enabled":false},"version":2}},"categories":[127,479,664,157,123],"tags":[],"class_list":["post-32823","post","type-post","status-publish","format-standard","has-post-thumbnail","hentry","category-alcalde","category-bando","category-coronavirus","category-la-noche-de-los-tambores","category-tambores"],"yoast_head":"<!-- This site is optimized with the Yoast SEO plugin v27.5 - https:\/\/yoast.com\/product\/yoast-seo-wordpress\/ -->\n<title>Bando Tambores 2020 en estado de alarma - Ayuntamiento de Mula<\/title>\n<meta name=\"robots\" content=\"index, follow, max-snippet:-1, max-image-preview:large, max-video-preview:-1\" \/>\n<link rel=\"canonical\" href=\"https:\/\/mula.es\/web\/bando-tambores-2020-en-estado-de-alarma\/\" \/>\n<meta property=\"og:locale\" content=\"es_ES\" \/>\n<meta property=\"og:type\" content=\"article\" \/>\n<meta property=\"og:title\" content=\"Bando Tambores 2020 en estado de alarma - Ayuntamiento de Mula\" \/>\n<meta property=\"og:description\" content=\"Mule\u00f1os y mule\u00f1as: Bien sab\u00e9is del tiempo de crisis que estamos padeciendo. Es un tiempo de fuerza mayor que nos obliga a quedarnos en nuestras casas, a detener el acontecer diario de nuestras rutinas, trabajos y costumbres, que nos aleja de familiares y amigos y de aquellos espacios comunes que tanto nos gusta compartir. En [...]\" \/>\n<meta property=\"og:url\" content=\"https:\/\/mula.es\/web\/bando-tambores-2020-en-estado-de-alarma\/\" \/>\n<meta property=\"og:site_name\" content=\"Ayuntamiento de Mula\" \/>\n<meta property=\"article:published_time\" content=\"2020-04-01T11:40:00+00:00\" \/>\n<meta property=\"article:modified_time\" content=\"2021-05-12T18:09:49+00:00\" \/>\n<meta property=\"og:image\" content=\"https:\/\/i0.wp.com\/mula.es\/web\/wp-content\/uploads\/2020\/04\/2020-04-01-13_03_12-BANDO-TAMBORES-2020-ESTADO-ALARMA.pdf-Adobe-Acrobat-Reader-DC.png?fit=738%2C1054&ssl=1\" \/>\n\t<meta property=\"og:image:width\" content=\"738\" \/>\n\t<meta property=\"og:image:height\" content=\"1054\" \/>\n\t<meta property=\"og:image:type\" content=\"image\/png\" \/>\n<meta name=\"author\" content=\"admin\" \/>\n<meta name=\"twitter:card\" content=\"summary_large_image\" \/>\n<meta name=\"twitter:creator\" content=\"@AyuntamientMula\" \/>\n<meta name=\"twitter:site\" content=\"@AyuntamientMula\" \/>\n<meta name=\"twitter:label1\" content=\"Escrito por\" \/>\n\t<meta name=\"twitter:data1\" content=\"admin\" \/>\n\t<meta name=\"twitter:label2\" content=\"Tiempo de lectura\" \/>\n\t<meta name=\"twitter:data2\" content=\"3 minutos\" \/>\n<script type=\"application\/ld+json\" class=\"yoast-schema-graph\">{\"@context\":\"https:\\\/\\\/schema.org\",\"@graph\":[{\"@type\":\"Article\",\"@id\":\"https:\\\/\\\/mula.es\\\/web\\\/bando-tambores-2020-en-estado-de-alarma\\\/#article\",\"isPartOf\":{\"@id\":\"https:\\\/\\\/mula.es\\\/web\\\/bando-tambores-2020-en-estado-de-alarma\\\/\"},\"author\":{\"name\":\"admin\",\"@id\":\"https:\\\/\\\/mula.es\\\/web\\\/#\\\/schema\\\/person\\\/a0dbffe9f4a3ed4aaebedcfef02f71a1\"},\"headline\":\"Bando Tambores 2020 en estado de alarma\",\"datePublished\":\"2020-04-01T11:40:00+00:00\",\"dateModified\":\"2021-05-12T18:09:49+00:00\",\"mainEntityOfPage\":{\"@id\":\"https:\\\/\\\/mula.es\\\/web\\\/bando-tambores-2020-en-estado-de-alarma\\\/\"},\"wordCount\":590,\"image\":{\"@id\":\"https:\\\/\\\/mula.es\\\/web\\\/bando-tambores-2020-en-estado-de-alarma\\\/#primaryimage\"},\"thumbnailUrl\":\"https:\\\/\\\/mula.es\\\/web\\\/wp-content\\\/uploads\\\/2020\\\/04\\\/2020-04-01-13_03_12-BANDO-TAMBORES-2020-ESTADO-ALARMA.pdf-Adobe-Acrobat-Reader-DC.png\",\"articleSection\":[\"alcalde\",\"bando\",\"coronavirus\",\"la noche de los tambores\",\"tambores\"],\"inLanguage\":\"es\"},{\"@type\":\"WebPage\",\"@id\":\"https:\\\/\\\/mula.es\\\/web\\\/bando-tambores-2020-en-estado-de-alarma\\\/\",\"url\":\"https:\\\/\\\/mula.es\\\/web\\\/bando-tambores-2020-en-estado-de-alarma\\\/\",\"name\":\"Bando Tambores 2020 en estado de alarma - Ayuntamiento de Mula\",\"isPartOf\":{\"@id\":\"https:\\\/\\\/mula.es\\\/web\\\/#website\"},\"primaryImageOfPage\":{\"@id\":\"https:\\\/\\\/mula.es\\\/web\\\/bando-tambores-2020-en-estado-de-alarma\\\/#primaryimage\"},\"image\":{\"@id\":\"https:\\\/\\\/mula.es\\\/web\\\/bando-tambores-2020-en-estado-de-alarma\\\/#primaryimage\"},\"thumbnailUrl\":\"https:\\\/\\\/mula.es\\\/web\\\/wp-content\\\/uploads\\\/2020\\\/04\\\/2020-04-01-13_03_12-BANDO-TAMBORES-2020-ESTADO-ALARMA.pdf-Adobe-Acrobat-Reader-DC.png\",\"datePublished\":\"2020-04-01T11:40:00+00:00\",\"dateModified\":\"2021-05-12T18:09:49+00:00\",\"author\":{\"@id\":\"https:\\\/\\\/mula.es\\\/web\\\/#\\\/schema\\\/person\\\/a0dbffe9f4a3ed4aaebedcfef02f71a1\"},\"breadcrumb\":{\"@id\":\"https:\\\/\\\/mula.es\\\/web\\\/bando-tambores-2020-en-estado-de-alarma\\\/#breadcrumb\"},\"inLanguage\":\"es\",\"potentialAction\":[{\"@type\":\"ReadAction\",\"target\":[\"https:\\\/\\\/mula.es\\\/web\\\/bando-tambores-2020-en-estado-de-alarma\\\/\"]}]},{\"@type\":\"ImageObject\",\"inLanguage\":\"es\",\"@id\":\"https:\\\/\\\/mula.es\\\/web\\\/bando-tambores-2020-en-estado-de-alarma\\\/#primaryimage\",\"url\":\"https:\\\/\\\/mula.es\\\/web\\\/wp-content\\\/uploads\\\/2020\\\/04\\\/2020-04-01-13_03_12-BANDO-TAMBORES-2020-ESTADO-ALARMA.pdf-Adobe-Acrobat-Reader-DC.png\",\"contentUrl\":\"https:\\\/\\\/mula.es\\\/web\\\/wp-content\\\/uploads\\\/2020\\\/04\\\/2020-04-01-13_03_12-BANDO-TAMBORES-2020-ESTADO-ALARMA.pdf-Adobe-Acrobat-Reader-DC.png\",\"width\":738,\"height\":1054},{\"@type\":\"BreadcrumbList\",\"@id\":\"https:\\\/\\\/mula.es\\\/web\\\/bando-tambores-2020-en-estado-de-alarma\\\/#breadcrumb\",\"itemListElement\":[{\"@type\":\"ListItem\",\"position\":1,\"name\":\"Portada\",\"item\":\"https:\\\/\\\/mula.es\\\/web\\\/\"},{\"@type\":\"ListItem\",\"position\":2,\"name\":\"Bando Tambores 2020 en estado de alarma\"}]},{\"@type\":\"WebSite\",\"@id\":\"https:\\\/\\\/mula.es\\\/web\\\/#website\",\"url\":\"https:\\\/\\\/mula.es\\\/web\\\/\",\"name\":\"Ayuntamiento de Mula\",\"description\":\"P\u00e1gina web del Ayuntamiento de Mula (Regi\u00f3n de Murcia)\",\"potentialAction\":[{\"@type\":\"SearchAction\",\"target\":{\"@type\":\"EntryPoint\",\"urlTemplate\":\"https:\\\/\\\/mula.es\\\/web\\\/?s={search_term_string}\"},\"query-input\":{\"@type\":\"PropertyValueSpecification\",\"valueRequired\":true,\"valueName\":\"search_term_string\"}}],\"inLanguage\":\"es\"},{\"@type\":\"Person\",\"@id\":\"https:\\\/\\\/mula.es\\\/web\\\/#\\\/schema\\\/person\\\/a0dbffe9f4a3ed4aaebedcfef02f71a1\",\"name\":\"admin\",\"image\":{\"@type\":\"ImageObject\",\"inLanguage\":\"es\",\"@id\":\"https:\\\/\\\/secure.gravatar.com\\\/avatar\\\/5423b9cd77f4c7f89a124365a268866f9dfee038c17fe9e37afd92b5920d810e?s=96&d=mm&r=g\",\"url\":\"https:\\\/\\\/secure.gravatar.com\\\/avatar\\\/5423b9cd77f4c7f89a124365a268866f9dfee038c17fe9e37afd92b5920d810e?s=96&d=mm&r=g\",\"contentUrl\":\"https:\\\/\\\/secure.gravatar.com\\\/avatar\\\/5423b9cd77f4c7f89a124365a268866f9dfee038c17fe9e37afd92b5920d810e?s=96&d=mm&r=g\",\"caption\":\"admin\"},\"description\":\"Lorem ipsum dolor sit amet, consectetur adipiscing elit. Nam viverra euismod odio, gravida pellentesque urna varius vitae. Sed dui lorem, adipiscing in adipiscing et, interdum nec metus. Mauris ultricies, justo eu convallis placerat, felis enim ornare nisi, vitae mattis nulla ante id dui. Ut lectus purus, commodo et tincidunt vel, interdum sed lectus. Vestibulum adipiscing tempor nisi id elementi.\",\"url\":\"https:\\\/\\\/mula.es\\\/web\\\/author\\\/jose-maria-boti\\\/\"}]}<\/script>\n<!-- \/ Yoast SEO plugin. -->","yoast_head_json":{"title":"Bando Tambores 2020 en estado de alarma - Ayuntamiento de Mula","robots":{"index":"index","follow":"follow","max-snippet":"max-snippet:-1","max-image-preview":"max-image-preview:large","max-video-preview":"max-video-preview:-1"},"canonical":"https:\/\/mula.es\/web\/bando-tambores-2020-en-estado-de-alarma\/","og_locale":"es_ES","og_type":"article","og_title":"Bando Tambores 2020 en estado de alarma - Ayuntamiento de Mula","og_description":"Mule\u00f1os y mule\u00f1as: Bien sab\u00e9is del tiempo de crisis que estamos padeciendo. Es un tiempo de fuerza mayor que nos obliga a quedarnos en nuestras casas, a detener el acontecer diario de nuestras rutinas, trabajos y costumbres, que nos aleja de familiares y amigos y de aquellos espacios comunes que tanto nos gusta compartir. En [...]","og_url":"https:\/\/mula.es\/web\/bando-tambores-2020-en-estado-de-alarma\/","og_site_name":"Ayuntamiento de Mula","article_published_time":"2020-04-01T11:40:00+00:00","article_modified_time":"2021-05-12T18:09:49+00:00","og_image":[{"width":738,"height":1054,"url":"https:\/\/i0.wp.com\/mula.es\/web\/wp-content\/uploads\/2020\/04\/2020-04-01-13_03_12-BANDO-TAMBORES-2020-ESTADO-ALARMA.pdf-Adobe-Acrobat-Reader-DC.png?fit=738%2C1054&ssl=1","type":"image\/png"}],"author":"admin","twitter_card":"summary_large_image","twitter_creator":"@AyuntamientMula","twitter_site":"@AyuntamientMula","twitter_misc":{"Escrito por":"admin","Tiempo de lectura":"3 minutos"},"schema":{"@context":"https:\/\/schema.org","@graph":[{"@type":"Article","@id":"https:\/\/mula.es\/web\/bando-tambores-2020-en-estado-de-alarma\/#article","isPartOf":{"@id":"https:\/\/mula.es\/web\/bando-tambores-2020-en-estado-de-alarma\/"},"author":{"name":"admin","@id":"https:\/\/mula.es\/web\/#\/schema\/person\/a0dbffe9f4a3ed4aaebedcfef02f71a1"},"headline":"Bando Tambores 2020 en estado de alarma","datePublished":"2020-04-01T11:40:00+00:00","dateModified":"2021-05-12T18:09:49+00:00","mainEntityOfPage":{"@id":"https:\/\/mula.es\/web\/bando-tambores-2020-en-estado-de-alarma\/"},"wordCount":590,"image":{"@id":"https:\/\/mula.es\/web\/bando-tambores-2020-en-estado-de-alarma\/#primaryimage"},"thumbnailUrl":"https:\/\/mula.es\/web\/wp-content\/uploads\/2020\/04\/2020-04-01-13_03_12-BANDO-TAMBORES-2020-ESTADO-ALARMA.pdf-Adobe-Acrobat-Reader-DC.png","articleSection":["alcalde","bando","coronavirus","la noche de los tambores","tambores"],"inLanguage":"es"},{"@type":"WebPage","@id":"https:\/\/mula.es\/web\/bando-tambores-2020-en-estado-de-alarma\/","url":"https:\/\/mula.es\/web\/bando-tambores-2020-en-estado-de-alarma\/","name":"Bando Tambores 2020 en estado de alarma - Ayuntamiento de Mula","isPartOf":{"@id":"https:\/\/mula.es\/web\/#website"},"primaryImageOfPage":{"@id":"https:\/\/mula.es\/web\/bando-tambores-2020-en-estado-de-alarma\/#primaryimage"},"image":{"@id":"https:\/\/mula.es\/web\/bando-tambores-2020-en-estado-de-alarma\/#primaryimage"},"thumbnailUrl":"https:\/\/mula.es\/web\/wp-content\/uploads\/2020\/04\/2020-04-01-13_03_12-BANDO-TAMBORES-2020-ESTADO-ALARMA.pdf-Adobe-Acrobat-Reader-DC.png","datePublished":"2020-04-01T11:40:00+00:00","dateModified":"2021-05-12T18:09:49+00:00","author":{"@id":"https:\/\/mula.es\/web\/#\/schema\/person\/a0dbffe9f4a3ed4aaebedcfef02f71a1"},"breadcrumb":{"@id":"https:\/\/mula.es\/web\/bando-tambores-2020-en-estado-de-alarma\/#breadcrumb"},"inLanguage":"es","potentialAction":[{"@type":"ReadAction","target":["https:\/\/mula.es\/web\/bando-tambores-2020-en-estado-de-alarma\/"]}]},{"@type":"ImageObject","inLanguage":"es","@id":"https:\/\/mula.es\/web\/bando-tambores-2020-en-estado-de-alarma\/#primaryimage","url":"https:\/\/mula.es\/web\/wp-content\/uploads\/2020\/04\/2020-04-01-13_03_12-BANDO-TAMBORES-2020-ESTADO-ALARMA.pdf-Adobe-Acrobat-Reader-DC.png","contentUrl":"https:\/\/mula.es\/web\/wp-content\/uploads\/2020\/04\/2020-04-01-13_03_12-BANDO-TAMBORES-2020-ESTADO-ALARMA.pdf-Adobe-Acrobat-Reader-DC.png","width":738,"height":1054},{"@type":"BreadcrumbList","@id":"https:\/\/mula.es\/web\/bando-tambores-2020-en-estado-de-alarma\/#breadcrumb","itemListElement":[{"@type":"ListItem","position":1,"name":"Portada","item":"https:\/\/mula.es\/web\/"},{"@type":"ListItem","position":2,"name":"Bando Tambores 2020 en estado de alarma"}]},{"@type":"WebSite","@id":"https:\/\/mula.es\/web\/#website","url":"https:\/\/mula.es\/web\/","name":"Ayuntamiento de Mula","description":"P\u00e1gina web del Ayuntamiento de Mula (Regi\u00f3n de Murcia)","potentialAction":[{"@type":"SearchAction","target":{"@type":"EntryPoint","urlTemplate":"https:\/\/mula.es\/web\/?s={search_term_string}"},"query-input":{"@type":"PropertyValueSpecification","valueRequired":true,"valueName":"search_term_string"}}],"inLanguage":"es"},{"@type":"Person","@id":"https:\/\/mula.es\/web\/#\/schema\/person\/a0dbffe9f4a3ed4aaebedcfef02f71a1","name":"admin","image":{"@type":"ImageObject","inLanguage":"es","@id":"https:\/\/secure.gravatar.com\/avatar\/5423b9cd77f4c7f89a124365a268866f9dfee038c17fe9e37afd92b5920d810e?s=96&d=mm&r=g","url":"https:\/\/secure.gravatar.com\/avatar\/5423b9cd77f4c7f89a124365a268866f9dfee038c17fe9e37afd92b5920d810e?s=96&d=mm&r=g","contentUrl":"https:\/\/secure.gravatar.com\/avatar\/5423b9cd77f4c7f89a124365a268866f9dfee038c17fe9e37afd92b5920d810e?s=96&d=mm&r=g","caption":"admin"},"description":"Lorem ipsum dolor sit amet, consectetur adipiscing elit. Nam viverra euismod odio, gravida pellentesque urna varius vitae. Sed dui lorem, adipiscing in adipiscing et, interdum nec metus. Mauris ultricies, justo eu convallis placerat, felis enim ornare nisi, vitae mattis nulla ante id dui. Ut lectus purus, commodo et tincidunt vel, interdum sed lectus. Vestibulum adipiscing tempor nisi id elementi.","url":"https:\/\/mula.es\/web\/author\/jose-maria-boti\/"}]}},"jetpack_publicize_connections":[],"jetpack_featured_media_url":"https:\/\/mula.es\/web\/wp-content\/uploads\/2020\/04\/2020-04-01-13_03_12-BANDO-TAMBORES-2020-ESTADO-ALARMA.pdf-Adobe-Acrobat-Reader-DC.png","jetpack_sharing_enabled":true,"jetpack_shortlink":"https:\/\/wp.me\/pa9DMY-8xp","jetpack-related-posts":[],"_links":{"self":[{"href":"https:\/\/mula.es\/web\/wp-json\/wp\/v2\/posts\/32823","targetHints":{"allow":["GET"]}}],"collection":[{"href":"https:\/\/mula.es\/web\/wp-json\/wp\/v2\/posts"}],"about":[{"href":"https:\/\/mula.es\/web\/wp-json\/wp\/v2\/types\/post"}],"author":[{"embeddable":true,"href":"https:\/\/mula.es\/web\/wp-json\/wp\/v2\/users\/1"}],"replies":[{"embeddable":true,"href":"https:\/\/mula.es\/web\/wp-json\/wp\/v2\/comments?post=32823"}],"version-history":[{"count":1,"href":"https:\/\/mula.es\/web\/wp-json\/wp\/v2\/posts\/32823\/revisions"}],"predecessor-version":[{"id":32825,"href":"https:\/\/mula.es\/web\/wp-json\/wp\/v2\/posts\/32823\/revisions\/32825"}],"wp:featuredmedia":[{"embeddable":true,"href":"https:\/\/mula.es\/web\/wp-json\/wp\/v2\/media\/32824"}],"wp:attachment":[{"href":"https:\/\/mula.es\/web\/wp-json\/wp\/v2\/media?parent=32823"}],"wp:term":[{"taxonomy":"category","embeddable":true,"href":"https:\/\/mula.es\/web\/wp-json\/wp\/v2\/categories?post=32823"},{"taxonomy":"post_tag","embeddable":true,"href":"https:\/\/mula.es\/web\/wp-json\/wp\/v2\/tags?post=32823"}],"curies":[{"name":"wp","href":"https:\/\/api.w.org\/{rel}","templated":true}]}}