{"id":32842,"date":"2020-04-02T11:05:16","date_gmt":"2020-04-02T09:05:16","guid":{"rendered":"http:\/\/mula.es\/web\/?p=32842"},"modified":"2021-05-12T20:09:48","modified_gmt":"2021-05-12T18:09:48","slug":"desde-ayer-1-de-abril-de-2020-la-villa-romana-de-los-villaricos-de-mula-es-bien-de-interes-cultural-bic","status":"publish","type":"post","link":"https:\/\/mula.es\/web\/desde-ayer-1-de-abril-de-2020-la-villa-romana-de-los-villaricos-de-mula-es-bien-de-interes-cultural-bic\/","title":{"rendered":"Desde ayer, 1 de abril de 2020, la villa romana de Los Villaricos de Mula es Bien de Interes Cultural (BIC)."},"content":{"rendered":"<h3><\/h3>\n<h3 class=\"ng-binding\">Extracto decreto n.\u00ba 11\/2020, de 18 de marzo, por el que se declara bien de inter\u00e9s cultural con categor\u00eda de zona arqueol\u00f3gica, el yacimiento de Los Villaricos, en Mula.<\/h3>\n<p class=\"normal\">Se declara bien de inter\u00e9s cultural, con categor\u00eda de zona arqueol\u00f3gica el yacimiento de Los Villaricos de Mula, seg\u00fan descripci\u00f3n, delimitaci\u00f3n, justificaci\u00f3n y criterios de protecci\u00f3n que constan en el anexo y documentaci\u00f3n y planos que figuran en su expediente.<\/p>\n<p class=\"normal\">Contra el presente Decreto, que pone fin a la v\u00eda administrativa, podr\u00e1 interponerse, con car\u00e1cter potestativo, recurso de reposici\u00f3n ante el Consejo de Gobierno de la Comunidad Aut\u00f3noma de la Regi\u00f3n de Murcia, dentro del plazo de un mes a contar desde el d\u00eda siguiente a su notificaci\u00f3n o publicaci\u00f3n, conforme a los art\u00edculos 123 y 124 de la Ley 39\/2015, de 1 de octubre, de Procedimiento Administrativo Com\u00fan de las Administraciones P\u00fablicas o directamente recurso contencioso-administrativo en el plazo de dos meses, ante la Sala de lo Contencioso-Administrativo del Tribunal Superior de Justicia de Murcia, de acuerdo con lo previsto en los art\u00edculos 10 y 46 de la Ley 29\/1998, de 13 de julio, reguladora de la Jurisdicci\u00f3n Contencioso-Administrativa.<\/p>\n<p>Decreto completo BORM: <a href=\"https:\/\/www.borm.es\/services\/anuncio\/ano\/2020\/numero\/1865\/pdf?id=784292\">https:\/\/www.borm.es\/services\/anuncio\/ano\/2020\/numero\/1865\/pdf?id=784292<\/a><\/p>\n<p><a href=\"https:\/\/mula.es\/web\/wp-content\/uploads\/2016\/02\/logovillaricos.png\"><img decoding=\"async\" data-attachment-id=\"14494\" data-permalink=\"https:\/\/mula.es\/web\/desde-ayer-1-de-abril-de-2020-la-villa-romana-de-los-villaricos-de-mula-es-bien-de-interes-cultural-bic\/logovillaricos\/\" data-orig-file=\"https:\/\/mula.es\/web\/wp-content\/uploads\/2016\/02\/logovillaricos.png\" data-orig-size=\"400,67\" data-comments-opened=\"0\" data-image-meta=\"{&quot;aperture&quot;:&quot;0&quot;,&quot;credit&quot;:&quot;&quot;,&quot;camera&quot;:&quot;&quot;,&quot;caption&quot;:&quot;&quot;,&quot;created_timestamp&quot;:&quot;0&quot;,&quot;copyright&quot;:&quot;&quot;,&quot;focal_length&quot;:&quot;0&quot;,&quot;iso&quot;:&quot;0&quot;,&quot;shutter_speed&quot;:&quot;0&quot;,&quot;title&quot;:&quot;&quot;,&quot;orientation&quot;:&quot;0&quot;}\" data-image-title=\"logo villaricos villa romana\" data-image-description=\"&lt;p&gt;logo villaricos villa romana&lt;\/p&gt;\n\" data-image-caption=\"&lt;p&gt;logo villaricos villa romana&lt;\/p&gt;\n\" data-large-file=\"https:\/\/mula.es\/web\/wp-content\/uploads\/2016\/02\/logovillaricos.png\" class=\"size-full wp-image-14494 aligncenter\" src=\"https:\/\/mula.es\/web\/wp-content\/uploads\/2016\/02\/logovillaricos.png\" alt=\"logo villaricos villa romana\" width=\"400\" height=\"67\" srcset=\"https:\/\/mula.es\/web\/wp-content\/uploads\/2016\/02\/logovillaricos-300x50.png 300w, https:\/\/mula.es\/web\/wp-content\/uploads\/2016\/02\/logovillaricos.png 400w\" sizes=\"(max-width: 400px) 100vw, 400px\" \/><\/a><\/p>\n","protected":false},"excerpt":{"rendered":"<p>Extracto decreto n.\u00ba 11\/2020, de 18 de marzo, por el que se declara bien de inter\u00e9s cultural con categor\u00eda de zona arqueol\u00f3gica, el yacimiento de Los Villaricos, en Mula. Se declara bien de inter\u00e9s cultural, con categor\u00eda de zona arqueol\u00f3gica el yacimiento de Los Villaricos de Mula, seg\u00fan descripci\u00f3n, delimitaci\u00f3n, justificaci\u00f3n y criterios de protecci\u00f3n  [&#8230;]<\/p>\n","protected":false},"author":1,"featured_media":26552,"comment_status":"closed","ping_status":"closed","sticky":false,"template":"","format":"standard","meta":{"jetpack_post_was_ever_published":false,"_jetpack_newsletter_access":"","_jetpack_dont_email_post_to_subs":false,"_jetpack_newsletter_tier_id":0,"_jetpack_memberships_contains_paywalled_content":false,"_jetpack_memberships_contains_paid_content":false,"footnotes":"","jetpack_publicize_message":"","jetpack_publicize_feature_enabled":true,"jetpack_social_post_already_shared":true,"jetpack_social_options":{"image_generator_settings":{"template":"highway","default_image_id":0,"font":"","enabled":false},"version":2}},"categories":[180,357,395],"tags":[],"class_list":["post-32842","post","type-post","status-publish","format-standard","has-post-thumbnail","hentry","category-patrimonio-cultural","category-patrimonio-historico","category-villaricos"],"yoast_head":"<!-- This site is optimized with the Yoast SEO plugin v27.4 - https:\/\/yoast.com\/product\/yoast-seo-wordpress\/ -->\n<title>Desde ayer, 1 de abril de 2020, la villa romana de Los Villaricos de Mula es Bien de Interes Cultural (BIC). - Ayuntamiento de Mula<\/title>\n<meta name=\"robots\" content=\"index, follow, max-snippet:-1, max-image-preview:large, max-video-preview:-1\" \/>\n<link rel=\"canonical\" href=\"https:\/\/mula.es\/web\/desde-ayer-1-de-abril-de-2020-la-villa-romana-de-los-villaricos-de-mula-es-bien-de-interes-cultural-bic\/\" \/>\n<meta property=\"og:locale\" content=\"es_ES\" \/>\n<meta property=\"og:type\" content=\"article\" \/>\n<meta property=\"og:title\" content=\"Desde ayer, 1 de abril de 2020, la villa romana de Los Villaricos de Mula es Bien de Interes Cultural (BIC). - Ayuntamiento de Mula\" \/>\n<meta property=\"og:description\" content=\"Extracto decreto n.\u00ba 11\/2020, de 18 de marzo, por el que se declara bien de inter\u00e9s cultural con categor\u00eda de zona arqueol\u00f3gica, el yacimiento de Los Villaricos, en Mula. Se declara bien de inter\u00e9s cultural, con categor\u00eda de zona arqueol\u00f3gica el yacimiento de Los Villaricos de Mula, seg\u00fan descripci\u00f3n, delimitaci\u00f3n, justificaci\u00f3n y criterios de protecci\u00f3n [...]\" \/>\n<meta property=\"og:url\" content=\"https:\/\/mula.es\/web\/desde-ayer-1-de-abril-de-2020-la-villa-romana-de-los-villaricos-de-mula-es-bien-de-interes-cultural-bic\/\" \/>\n<meta property=\"og:site_name\" content=\"Ayuntamiento de Mula\" \/>\n<meta property=\"article:published_time\" content=\"2020-04-02T09:05:16+00:00\" \/>\n<meta property=\"article:modified_time\" content=\"2021-05-12T18:09:48+00:00\" \/>\n<meta property=\"og:image\" content=\"https:\/\/i0.wp.com\/mula.es\/web\/wp-content\/uploads\/2018\/03\/Area-Termal-Los-Villaricos.jpg?fit=1174%2C879&ssl=1\" \/>\n\t<meta property=\"og:image:width\" content=\"1174\" \/>\n\t<meta property=\"og:image:height\" content=\"879\" \/>\n\t<meta property=\"og:image:type\" content=\"image\/jpeg\" \/>\n<meta name=\"author\" content=\"admin\" \/>\n<meta name=\"twitter:card\" content=\"summary_large_image\" \/>\n<meta name=\"twitter:creator\" content=\"@AyuntamientMula\" \/>\n<meta name=\"twitter:site\" content=\"@AyuntamientMula\" \/>\n<meta name=\"twitter:label1\" content=\"Escrito por\" \/>\n\t<meta name=\"twitter:data1\" content=\"admin\" \/>\n\t<meta name=\"twitter:label2\" content=\"Tiempo de lectura\" \/>\n\t<meta name=\"twitter:data2\" content=\"1 minuto\" \/>\n<script type=\"application\/ld+json\" class=\"yoast-schema-graph\">{\"@context\":\"https:\\\/\\\/schema.org\",\"@graph\":[{\"@type\":\"Article\",\"@id\":\"https:\\\/\\\/mula.es\\\/web\\\/desde-ayer-1-de-abril-de-2020-la-villa-romana-de-los-villaricos-de-mula-es-bien-de-interes-cultural-bic\\\/#article\",\"isPartOf\":{\"@id\":\"https:\\\/\\\/mula.es\\\/web\\\/desde-ayer-1-de-abril-de-2020-la-villa-romana-de-los-villaricos-de-mula-es-bien-de-interes-cultural-bic\\\/\"},\"author\":{\"name\":\"admin\",\"@id\":\"https:\\\/\\\/mula.es\\\/web\\\/#\\\/schema\\\/person\\\/a0dbffe9f4a3ed4aaebedcfef02f71a1\"},\"headline\":\"Desde ayer, 1 de abril de 2020, la villa romana de Los Villaricos de Mula es Bien de Interes Cultural (BIC).\",\"datePublished\":\"2020-04-02T09:05:16+00:00\",\"dateModified\":\"2021-05-12T18:09:48+00:00\",\"mainEntityOfPage\":{\"@id\":\"https:\\\/\\\/mula.es\\\/web\\\/desde-ayer-1-de-abril-de-2020-la-villa-romana-de-los-villaricos-de-mula-es-bien-de-interes-cultural-bic\\\/\"},\"wordCount\":236,\"image\":{\"@id\":\"https:\\\/\\\/mula.es\\\/web\\\/desde-ayer-1-de-abril-de-2020-la-villa-romana-de-los-villaricos-de-mula-es-bien-de-interes-cultural-bic\\\/#primaryimage\"},\"thumbnailUrl\":\"https:\\\/\\\/mula.es\\\/web\\\/wp-content\\\/uploads\\\/2018\\\/03\\\/Area-Termal-Los-Villaricos.jpg\",\"articleSection\":[\"patrimonio cultural\",\"patrimonio hist\u00f3rico\",\"villaricos\"],\"inLanguage\":\"es\"},{\"@type\":\"WebPage\",\"@id\":\"https:\\\/\\\/mula.es\\\/web\\\/desde-ayer-1-de-abril-de-2020-la-villa-romana-de-los-villaricos-de-mula-es-bien-de-interes-cultural-bic\\\/\",\"url\":\"https:\\\/\\\/mula.es\\\/web\\\/desde-ayer-1-de-abril-de-2020-la-villa-romana-de-los-villaricos-de-mula-es-bien-de-interes-cultural-bic\\\/\",\"name\":\"Desde ayer, 1 de abril de 2020, la villa romana de Los Villaricos de Mula es Bien de Interes Cultural (BIC). - Ayuntamiento de Mula\",\"isPartOf\":{\"@id\":\"https:\\\/\\\/mula.es\\\/web\\\/#website\"},\"primaryImageOfPage\":{\"@id\":\"https:\\\/\\\/mula.es\\\/web\\\/desde-ayer-1-de-abril-de-2020-la-villa-romana-de-los-villaricos-de-mula-es-bien-de-interes-cultural-bic\\\/#primaryimage\"},\"image\":{\"@id\":\"https:\\\/\\\/mula.es\\\/web\\\/desde-ayer-1-de-abril-de-2020-la-villa-romana-de-los-villaricos-de-mula-es-bien-de-interes-cultural-bic\\\/#primaryimage\"},\"thumbnailUrl\":\"https:\\\/\\\/mula.es\\\/web\\\/wp-content\\\/uploads\\\/2018\\\/03\\\/Area-Termal-Los-Villaricos.jpg\",\"datePublished\":\"2020-04-02T09:05:16+00:00\",\"dateModified\":\"2021-05-12T18:09:48+00:00\",\"author\":{\"@id\":\"https:\\\/\\\/mula.es\\\/web\\\/#\\\/schema\\\/person\\\/a0dbffe9f4a3ed4aaebedcfef02f71a1\"},\"breadcrumb\":{\"@id\":\"https:\\\/\\\/mula.es\\\/web\\\/desde-ayer-1-de-abril-de-2020-la-villa-romana-de-los-villaricos-de-mula-es-bien-de-interes-cultural-bic\\\/#breadcrumb\"},\"inLanguage\":\"es\",\"potentialAction\":[{\"@type\":\"ReadAction\",\"target\":[\"https:\\\/\\\/mula.es\\\/web\\\/desde-ayer-1-de-abril-de-2020-la-villa-romana-de-los-villaricos-de-mula-es-bien-de-interes-cultural-bic\\\/\"]}]},{\"@type\":\"ImageObject\",\"inLanguage\":\"es\",\"@id\":\"https:\\\/\\\/mula.es\\\/web\\\/desde-ayer-1-de-abril-de-2020-la-villa-romana-de-los-villaricos-de-mula-es-bien-de-interes-cultural-bic\\\/#primaryimage\",\"url\":\"https:\\\/\\\/mula.es\\\/web\\\/wp-content\\\/uploads\\\/2018\\\/03\\\/Area-Termal-Los-Villaricos.jpg\",\"contentUrl\":\"https:\\\/\\\/mula.es\\\/web\\\/wp-content\\\/uploads\\\/2018\\\/03\\\/Area-Termal-Los-Villaricos.jpg\",\"width\":1174,\"height\":879},{\"@type\":\"BreadcrumbList\",\"@id\":\"https:\\\/\\\/mula.es\\\/web\\\/desde-ayer-1-de-abril-de-2020-la-villa-romana-de-los-villaricos-de-mula-es-bien-de-interes-cultural-bic\\\/#breadcrumb\",\"itemListElement\":[{\"@type\":\"ListItem\",\"position\":1,\"name\":\"Portada\",\"item\":\"https:\\\/\\\/mula.es\\\/web\\\/\"},{\"@type\":\"ListItem\",\"position\":2,\"name\":\"Desde ayer, 1 de abril de 2020, la villa romana de Los Villaricos de Mula es Bien de Interes Cultural (BIC).\"}]},{\"@type\":\"WebSite\",\"@id\":\"https:\\\/\\\/mula.es\\\/web\\\/#website\",\"url\":\"https:\\\/\\\/mula.es\\\/web\\\/\",\"name\":\"Ayuntamiento de Mula\",\"description\":\"P\u00e1gina web del Ayuntamiento de Mula (Regi\u00f3n de Murcia)\",\"potentialAction\":[{\"@type\":\"SearchAction\",\"target\":{\"@type\":\"EntryPoint\",\"urlTemplate\":\"https:\\\/\\\/mula.es\\\/web\\\/?s={search_term_string}\"},\"query-input\":{\"@type\":\"PropertyValueSpecification\",\"valueRequired\":true,\"valueName\":\"search_term_string\"}}],\"inLanguage\":\"es\"},{\"@type\":\"Person\",\"@id\":\"https:\\\/\\\/mula.es\\\/web\\\/#\\\/schema\\\/person\\\/a0dbffe9f4a3ed4aaebedcfef02f71a1\",\"name\":\"admin\",\"image\":{\"@type\":\"ImageObject\",\"inLanguage\":\"es\",\"@id\":\"https:\\\/\\\/secure.gravatar.com\\\/avatar\\\/5423b9cd77f4c7f89a124365a268866f9dfee038c17fe9e37afd92b5920d810e?s=96&d=mm&r=g\",\"url\":\"https:\\\/\\\/secure.gravatar.com\\\/avatar\\\/5423b9cd77f4c7f89a124365a268866f9dfee038c17fe9e37afd92b5920d810e?s=96&d=mm&r=g\",\"contentUrl\":\"https:\\\/\\\/secure.gravatar.com\\\/avatar\\\/5423b9cd77f4c7f89a124365a268866f9dfee038c17fe9e37afd92b5920d810e?s=96&d=mm&r=g\",\"caption\":\"admin\"},\"description\":\"Lorem ipsum dolor sit amet, consectetur adipiscing elit. Nam viverra euismod odio, gravida pellentesque urna varius vitae. Sed dui lorem, adipiscing in adipiscing et, interdum nec metus. Mauris ultricies, justo eu convallis placerat, felis enim ornare nisi, vitae mattis nulla ante id dui. Ut lectus purus, commodo et tincidunt vel, interdum sed lectus. Vestibulum adipiscing tempor nisi id elementi.\",\"url\":\"https:\\\/\\\/mula.es\\\/web\\\/author\\\/jose-maria-boti\\\/\"}]}<\/script>\n<!-- \/ Yoast SEO plugin. -->","yoast_head_json":{"title":"Desde ayer, 1 de abril de 2020, la villa romana de Los Villaricos de Mula es Bien de Interes Cultural (BIC). - Ayuntamiento de Mula","robots":{"index":"index","follow":"follow","max-snippet":"max-snippet:-1","max-image-preview":"max-image-preview:large","max-video-preview":"max-video-preview:-1"},"canonical":"https:\/\/mula.es\/web\/desde-ayer-1-de-abril-de-2020-la-villa-romana-de-los-villaricos-de-mula-es-bien-de-interes-cultural-bic\/","og_locale":"es_ES","og_type":"article","og_title":"Desde ayer, 1 de abril de 2020, la villa romana de Los Villaricos de Mula es Bien de Interes Cultural (BIC). - Ayuntamiento de Mula","og_description":"Extracto decreto n.\u00ba 11\/2020, de 18 de marzo, por el que se declara bien de inter\u00e9s cultural con categor\u00eda de zona arqueol\u00f3gica, el yacimiento de Los Villaricos, en Mula. Se declara bien de inter\u00e9s cultural, con categor\u00eda de zona arqueol\u00f3gica el yacimiento de Los Villaricos de Mula, seg\u00fan descripci\u00f3n, delimitaci\u00f3n, justificaci\u00f3n y criterios de protecci\u00f3n [...]","og_url":"https:\/\/mula.es\/web\/desde-ayer-1-de-abril-de-2020-la-villa-romana-de-los-villaricos-de-mula-es-bien-de-interes-cultural-bic\/","og_site_name":"Ayuntamiento de Mula","article_published_time":"2020-04-02T09:05:16+00:00","article_modified_time":"2021-05-12T18:09:48+00:00","og_image":[{"width":1174,"height":879,"url":"https:\/\/i0.wp.com\/mula.es\/web\/wp-content\/uploads\/2018\/03\/Area-Termal-Los-Villaricos.jpg?fit=1174%2C879&ssl=1","type":"image\/jpeg"}],"author":"admin","twitter_card":"summary_large_image","twitter_creator":"@AyuntamientMula","twitter_site":"@AyuntamientMula","twitter_misc":{"Escrito por":"admin","Tiempo de lectura":"1 minuto"},"schema":{"@context":"https:\/\/schema.org","@graph":[{"@type":"Article","@id":"https:\/\/mula.es\/web\/desde-ayer-1-de-abril-de-2020-la-villa-romana-de-los-villaricos-de-mula-es-bien-de-interes-cultural-bic\/#article","isPartOf":{"@id":"https:\/\/mula.es\/web\/desde-ayer-1-de-abril-de-2020-la-villa-romana-de-los-villaricos-de-mula-es-bien-de-interes-cultural-bic\/"},"author":{"name":"admin","@id":"https:\/\/mula.es\/web\/#\/schema\/person\/a0dbffe9f4a3ed4aaebedcfef02f71a1"},"headline":"Desde ayer, 1 de abril de 2020, la villa romana de Los Villaricos de Mula es Bien de Interes Cultural (BIC).","datePublished":"2020-04-02T09:05:16+00:00","dateModified":"2021-05-12T18:09:48+00:00","mainEntityOfPage":{"@id":"https:\/\/mula.es\/web\/desde-ayer-1-de-abril-de-2020-la-villa-romana-de-los-villaricos-de-mula-es-bien-de-interes-cultural-bic\/"},"wordCount":236,"image":{"@id":"https:\/\/mula.es\/web\/desde-ayer-1-de-abril-de-2020-la-villa-romana-de-los-villaricos-de-mula-es-bien-de-interes-cultural-bic\/#primaryimage"},"thumbnailUrl":"https:\/\/mula.es\/web\/wp-content\/uploads\/2018\/03\/Area-Termal-Los-Villaricos.jpg","articleSection":["patrimonio cultural","patrimonio hist\u00f3rico","villaricos"],"inLanguage":"es"},{"@type":"WebPage","@id":"https:\/\/mula.es\/web\/desde-ayer-1-de-abril-de-2020-la-villa-romana-de-los-villaricos-de-mula-es-bien-de-interes-cultural-bic\/","url":"https:\/\/mula.es\/web\/desde-ayer-1-de-abril-de-2020-la-villa-romana-de-los-villaricos-de-mula-es-bien-de-interes-cultural-bic\/","name":"Desde ayer, 1 de abril de 2020, la villa romana de Los Villaricos de Mula es Bien de Interes Cultural (BIC). - Ayuntamiento de Mula","isPartOf":{"@id":"https:\/\/mula.es\/web\/#website"},"primaryImageOfPage":{"@id":"https:\/\/mula.es\/web\/desde-ayer-1-de-abril-de-2020-la-villa-romana-de-los-villaricos-de-mula-es-bien-de-interes-cultural-bic\/#primaryimage"},"image":{"@id":"https:\/\/mula.es\/web\/desde-ayer-1-de-abril-de-2020-la-villa-romana-de-los-villaricos-de-mula-es-bien-de-interes-cultural-bic\/#primaryimage"},"thumbnailUrl":"https:\/\/mula.es\/web\/wp-content\/uploads\/2018\/03\/Area-Termal-Los-Villaricos.jpg","datePublished":"2020-04-02T09:05:16+00:00","dateModified":"2021-05-12T18:09:48+00:00","author":{"@id":"https:\/\/mula.es\/web\/#\/schema\/person\/a0dbffe9f4a3ed4aaebedcfef02f71a1"},"breadcrumb":{"@id":"https:\/\/mula.es\/web\/desde-ayer-1-de-abril-de-2020-la-villa-romana-de-los-villaricos-de-mula-es-bien-de-interes-cultural-bic\/#breadcrumb"},"inLanguage":"es","potentialAction":[{"@type":"ReadAction","target":["https:\/\/mula.es\/web\/desde-ayer-1-de-abril-de-2020-la-villa-romana-de-los-villaricos-de-mula-es-bien-de-interes-cultural-bic\/"]}]},{"@type":"ImageObject","inLanguage":"es","@id":"https:\/\/mula.es\/web\/desde-ayer-1-de-abril-de-2020-la-villa-romana-de-los-villaricos-de-mula-es-bien-de-interes-cultural-bic\/#primaryimage","url":"https:\/\/mula.es\/web\/wp-content\/uploads\/2018\/03\/Area-Termal-Los-Villaricos.jpg","contentUrl":"https:\/\/mula.es\/web\/wp-content\/uploads\/2018\/03\/Area-Termal-Los-Villaricos.jpg","width":1174,"height":879},{"@type":"BreadcrumbList","@id":"https:\/\/mula.es\/web\/desde-ayer-1-de-abril-de-2020-la-villa-romana-de-los-villaricos-de-mula-es-bien-de-interes-cultural-bic\/#breadcrumb","itemListElement":[{"@type":"ListItem","position":1,"name":"Portada","item":"https:\/\/mula.es\/web\/"},{"@type":"ListItem","position":2,"name":"Desde ayer, 1 de abril de 2020, la villa romana de Los Villaricos de Mula es Bien de Interes Cultural (BIC)."}]},{"@type":"WebSite","@id":"https:\/\/mula.es\/web\/#website","url":"https:\/\/mula.es\/web\/","name":"Ayuntamiento de Mula","description":"P\u00e1gina web del Ayuntamiento de Mula (Regi\u00f3n de Murcia)","potentialAction":[{"@type":"SearchAction","target":{"@type":"EntryPoint","urlTemplate":"https:\/\/mula.es\/web\/?s={search_term_string}"},"query-input":{"@type":"PropertyValueSpecification","valueRequired":true,"valueName":"search_term_string"}}],"inLanguage":"es"},{"@type":"Person","@id":"https:\/\/mula.es\/web\/#\/schema\/person\/a0dbffe9f4a3ed4aaebedcfef02f71a1","name":"admin","image":{"@type":"ImageObject","inLanguage":"es","@id":"https:\/\/secure.gravatar.com\/avatar\/5423b9cd77f4c7f89a124365a268866f9dfee038c17fe9e37afd92b5920d810e?s=96&d=mm&r=g","url":"https:\/\/secure.gravatar.com\/avatar\/5423b9cd77f4c7f89a124365a268866f9dfee038c17fe9e37afd92b5920d810e?s=96&d=mm&r=g","contentUrl":"https:\/\/secure.gravatar.com\/avatar\/5423b9cd77f4c7f89a124365a268866f9dfee038c17fe9e37afd92b5920d810e?s=96&d=mm&r=g","caption":"admin"},"description":"Lorem ipsum dolor sit amet, consectetur adipiscing elit. Nam viverra euismod odio, gravida pellentesque urna varius vitae. Sed dui lorem, adipiscing in adipiscing et, interdum nec metus. Mauris ultricies, justo eu convallis placerat, felis enim ornare nisi, vitae mattis nulla ante id dui. Ut lectus purus, commodo et tincidunt vel, interdum sed lectus. Vestibulum adipiscing tempor nisi id elementi.","url":"https:\/\/mula.es\/web\/author\/jose-maria-boti\/"}]}},"jetpack_publicize_connections":[],"jetpack_featured_media_url":"https:\/\/mula.es\/web\/wp-content\/uploads\/2018\/03\/Area-Termal-Los-Villaricos.jpg","jetpack_sharing_enabled":true,"jetpack_shortlink":"https:\/\/wp.me\/pa9DMY-8xI","jetpack-related-posts":[],"_links":{"self":[{"href":"https:\/\/mula.es\/web\/wp-json\/wp\/v2\/posts\/32842","targetHints":{"allow":["GET"]}}],"collection":[{"href":"https:\/\/mula.es\/web\/wp-json\/wp\/v2\/posts"}],"about":[{"href":"https:\/\/mula.es\/web\/wp-json\/wp\/v2\/types\/post"}],"author":[{"embeddable":true,"href":"https:\/\/mula.es\/web\/wp-json\/wp\/v2\/users\/1"}],"replies":[{"embeddable":true,"href":"https:\/\/mula.es\/web\/wp-json\/wp\/v2\/comments?post=32842"}],"version-history":[{"count":5,"href":"https:\/\/mula.es\/web\/wp-json\/wp\/v2\/posts\/32842\/revisions"}],"predecessor-version":[{"id":32847,"href":"https:\/\/mula.es\/web\/wp-json\/wp\/v2\/posts\/32842\/revisions\/32847"}],"wp:featuredmedia":[{"embeddable":true,"href":"https:\/\/mula.es\/web\/wp-json\/wp\/v2\/media\/26552"}],"wp:attachment":[{"href":"https:\/\/mula.es\/web\/wp-json\/wp\/v2\/media?parent=32842"}],"wp:term":[{"taxonomy":"category","embeddable":true,"href":"https:\/\/mula.es\/web\/wp-json\/wp\/v2\/categories?post=32842"},{"taxonomy":"post_tag","embeddable":true,"href":"https:\/\/mula.es\/web\/wp-json\/wp\/v2\/tags?post=32842"}],"curies":[{"name":"wp","href":"https:\/\/api.w.org\/{rel}","templated":true}]}}