{"id":33043,"date":"2020-04-23T13:46:43","date_gmt":"2020-04-23T11:46:43","guid":{"rendered":"http:\/\/mula.es\/web\/?p=33043"},"modified":"2021-05-12T20:09:26","modified_gmt":"2021-05-12T18:09:26","slug":"gymkana-dia-del-libro-y-cuentos","status":"publish","type":"post","link":"https:\/\/mula.es\/web\/gymkana-dia-del-libro-y-cuentos\/","title":{"rendered":"Gymkana d\u00eda del libro y cuentos"},"content":{"rendered":"<p>Desde el Servicio de Orientaci\u00f3n Juvenil compartimos esta S\u00faper Gymkana y diversos cuentos.<\/p>\n<p><strong>\u00a1\u00a1Feliz d\u00eda del Libro!! <\/strong><\/p>\n<p>\u00a1Esperamos que os guste!<\/p>\n<p><a href=\"https:\/\/mula.es\/web\/wp-content\/uploads\/2020\/04\/Cuentos-QuedateEnCasa-con-la-RMBM.pdf\"><img decoding=\"async\" data-attachment-id=\"12585\" data-permalink=\"https:\/\/mula.es\/web\/programas-recursos-y-noticias-sobre-la-infancia-y-la-familia\/crystal_clear_mimetype_pdf\/\" data-orig-file=\"https:\/\/mula.es\/web\/wp-content\/uploads\/2016\/01\/Crystal_Clear_mimetype_pdf-e1454168244556.png\" data-orig-size=\"40,40\" data-comments-opened=\"0\" data-image-meta=\"{&quot;aperture&quot;:&quot;0&quot;,&quot;credit&quot;:&quot;&quot;,&quot;camera&quot;:&quot;&quot;,&quot;caption&quot;:&quot;&quot;,&quot;created_timestamp&quot;:&quot;0&quot;,&quot;copyright&quot;:&quot;&quot;,&quot;focal_length&quot;:&quot;0&quot;,&quot;iso&quot;:&quot;0&quot;,&quot;shutter_speed&quot;:&quot;0&quot;,&quot;title&quot;:&quot;&quot;,&quot;orientation&quot;:&quot;0&quot;}\" data-image-title=\"Logo PDF\" data-image-description=\"\" data-image-caption=\"\" data-large-file=\"https:\/\/mula.es\/web\/wp-content\/uploads\/2016\/01\/Crystal_Clear_mimetype_pdf-e1454168244556.png\" class=\"alignleft wp-image-12585 size-full\" src=\"https:\/\/mula.es\/web\/wp-content\/uploads\/2016\/01\/Crystal_Clear_mimetype_pdf-e1454168244556.png\" alt=\"Logo PDF\" width=\"40\" height=\"40\" \/><\/a><br \/>\n<a href=\"https:\/\/mula.es\/web\/wp-content\/uploads\/2020\/04\/Cuentos-QuedateEnCasa-con-la-RMBM.pdf\">Cuentos Qu\u00e9dateEnCasa con la RMBM<\/a><\/p>\n<p><a href=\"http:\/\/https:\/\/mula.es\/web\/wp-content\/uploads\/2020\/04\/GYMKHANA-LITERARIA-.pdf.pdf\"><img decoding=\"async\" data-attachment-id=\"12585\" data-permalink=\"https:\/\/mula.es\/web\/programas-recursos-y-noticias-sobre-la-infancia-y-la-familia\/crystal_clear_mimetype_pdf\/\" data-orig-file=\"https:\/\/mula.es\/web\/wp-content\/uploads\/2016\/01\/Crystal_Clear_mimetype_pdf-e1454168244556.png\" data-orig-size=\"40,40\" data-comments-opened=\"0\" data-image-meta=\"{&quot;aperture&quot;:&quot;0&quot;,&quot;credit&quot;:&quot;&quot;,&quot;camera&quot;:&quot;&quot;,&quot;caption&quot;:&quot;&quot;,&quot;created_timestamp&quot;:&quot;0&quot;,&quot;copyright&quot;:&quot;&quot;,&quot;focal_length&quot;:&quot;0&quot;,&quot;iso&quot;:&quot;0&quot;,&quot;shutter_speed&quot;:&quot;0&quot;,&quot;title&quot;:&quot;&quot;,&quot;orientation&quot;:&quot;0&quot;}\" data-image-title=\"Logo PDF\" data-image-description=\"\" data-image-caption=\"\" data-large-file=\"https:\/\/mula.es\/web\/wp-content\/uploads\/2016\/01\/Crystal_Clear_mimetype_pdf-e1454168244556.png\" class=\"alignleft wp-image-12585 size-full\" src=\"https:\/\/mula.es\/web\/wp-content\/uploads\/2016\/01\/Crystal_Clear_mimetype_pdf-e1454168244556.png\" alt=\"Logo PDF\" width=\"40\" height=\"40\" \/><\/a><\/p>\n<p><a href=\"https:\/\/mula.es\/web\/wp-content\/uploads\/2020\/04\/GYMKHANA-LITERARIA-.pdf.pdf\">Gymkhana literaria<\/a><\/p>\n<p>&nbsp;<\/p>\n","protected":false},"excerpt":{"rendered":"<p>Desde el Servicio de Orientaci\u00f3n Juvenil compartimos esta S\u00faper Gymkana y diversos cuentos. \u00a1\u00a1Feliz d\u00eda del Libro!! \u00a1Esperamos que os guste! Cuentos Qu\u00e9dateEnCasa con la RMBM Gymkhana literaria &nbsp;<\/p>\n","protected":false},"author":1,"featured_media":14282,"comment_status":"closed","ping_status":"closed","sticky":false,"template":"","format":"standard","meta":{"jetpack_post_was_ever_published":false,"_jetpack_newsletter_access":"","_jetpack_dont_email_post_to_subs":false,"_jetpack_newsletter_tier_id":0,"_jetpack_memberships_contains_paywalled_content":false,"_jetpack_memberships_contains_paid_content":false,"footnotes":"","jetpack_publicize_message":"","jetpack_publicize_feature_enabled":true,"jetpack_social_post_already_shared":true,"jetpack_social_options":{"image_generator_settings":{"template":"highway","default_image_id":0,"font":"","enabled":false},"version":2}},"categories":[97,87,549],"tags":[],"class_list":["post-33043","post","type-post","status-publish","format-standard","has-post-thumbnail","hentry","category-cultura","category-juventud-y-adolescencia","category-orientacion-juvenil"],"yoast_head":"<!-- This site is optimized with the Yoast SEO plugin v27.4 - https:\/\/yoast.com\/product\/yoast-seo-wordpress\/ -->\n<title>Gymkana d\u00eda del libro y cuentos - Ayuntamiento de Mula<\/title>\n<meta name=\"robots\" content=\"index, follow, max-snippet:-1, max-image-preview:large, max-video-preview:-1\" \/>\n<link rel=\"canonical\" href=\"https:\/\/mula.es\/web\/gymkana-dia-del-libro-y-cuentos\/\" \/>\n<meta property=\"og:locale\" content=\"es_ES\" \/>\n<meta property=\"og:type\" content=\"article\" \/>\n<meta property=\"og:title\" content=\"Gymkana d\u00eda del libro y cuentos - Ayuntamiento de Mula\" \/>\n<meta property=\"og:description\" content=\"Desde el Servicio de Orientaci\u00f3n Juvenil compartimos esta S\u00faper Gymkana y diversos cuentos. \u00a1\u00a1Feliz d\u00eda del Libro!! \u00a1Esperamos que os guste! Cuentos Qu\u00e9dateEnCasa con la RMBM Gymkhana literaria &nbsp;\" \/>\n<meta property=\"og:url\" content=\"https:\/\/mula.es\/web\/gymkana-dia-del-libro-y-cuentos\/\" \/>\n<meta property=\"og:site_name\" content=\"Ayuntamiento de Mula\" \/>\n<meta property=\"article:published_time\" content=\"2020-04-23T11:46:43+00:00\" \/>\n<meta property=\"article:modified_time\" content=\"2021-05-12T18:09:26+00:00\" \/>\n<meta property=\"og:image\" content=\"https:\/\/i0.wp.com\/mula.es\/web\/wp-content\/uploads\/2016\/02\/image4482-2.png?fit=170%2C120&ssl=1\" \/>\n\t<meta property=\"og:image:width\" content=\"170\" \/>\n\t<meta property=\"og:image:height\" content=\"120\" \/>\n\t<meta property=\"og:image:type\" content=\"image\/png\" \/>\n<meta name=\"author\" content=\"admin\" \/>\n<meta name=\"twitter:card\" content=\"summary_large_image\" \/>\n<meta name=\"twitter:creator\" content=\"@AyuntamientMula\" \/>\n<meta name=\"twitter:site\" content=\"@AyuntamientMula\" \/>\n<meta name=\"twitter:label1\" content=\"Escrito por\" \/>\n\t<meta name=\"twitter:data1\" content=\"admin\" \/>\n<script type=\"application\/ld+json\" class=\"yoast-schema-graph\">{\"@context\":\"https:\\\/\\\/schema.org\",\"@graph\":[{\"@type\":\"Article\",\"@id\":\"https:\\\/\\\/mula.es\\\/web\\\/gymkana-dia-del-libro-y-cuentos\\\/#article\",\"isPartOf\":{\"@id\":\"https:\\\/\\\/mula.es\\\/web\\\/gymkana-dia-del-libro-y-cuentos\\\/\"},\"author\":{\"name\":\"admin\",\"@id\":\"https:\\\/\\\/mula.es\\\/web\\\/#\\\/schema\\\/person\\\/a0dbffe9f4a3ed4aaebedcfef02f71a1\"},\"headline\":\"Gymkana d\u00eda del libro y cuentos\",\"datePublished\":\"2020-04-23T11:46:43+00:00\",\"dateModified\":\"2021-05-12T18:09:26+00:00\",\"mainEntityOfPage\":{\"@id\":\"https:\\\/\\\/mula.es\\\/web\\\/gymkana-dia-del-libro-y-cuentos\\\/\"},\"wordCount\":40,\"image\":{\"@id\":\"https:\\\/\\\/mula.es\\\/web\\\/gymkana-dia-del-libro-y-cuentos\\\/#primaryimage\"},\"thumbnailUrl\":\"https:\\\/\\\/mula.es\\\/web\\\/wp-content\\\/uploads\\\/2016\\\/02\\\/image4482-2.png\",\"articleSection\":[\"cultura\",\"juventud y adolescencia\",\"orientaci\u00f3n juvenil\"],\"inLanguage\":\"es\"},{\"@type\":\"WebPage\",\"@id\":\"https:\\\/\\\/mula.es\\\/web\\\/gymkana-dia-del-libro-y-cuentos\\\/\",\"url\":\"https:\\\/\\\/mula.es\\\/web\\\/gymkana-dia-del-libro-y-cuentos\\\/\",\"name\":\"Gymkana d\u00eda del libro y cuentos - Ayuntamiento de Mula\",\"isPartOf\":{\"@id\":\"https:\\\/\\\/mula.es\\\/web\\\/#website\"},\"primaryImageOfPage\":{\"@id\":\"https:\\\/\\\/mula.es\\\/web\\\/gymkana-dia-del-libro-y-cuentos\\\/#primaryimage\"},\"image\":{\"@id\":\"https:\\\/\\\/mula.es\\\/web\\\/gymkana-dia-del-libro-y-cuentos\\\/#primaryimage\"},\"thumbnailUrl\":\"https:\\\/\\\/mula.es\\\/web\\\/wp-content\\\/uploads\\\/2016\\\/02\\\/image4482-2.png\",\"datePublished\":\"2020-04-23T11:46:43+00:00\",\"dateModified\":\"2021-05-12T18:09:26+00:00\",\"author\":{\"@id\":\"https:\\\/\\\/mula.es\\\/web\\\/#\\\/schema\\\/person\\\/a0dbffe9f4a3ed4aaebedcfef02f71a1\"},\"breadcrumb\":{\"@id\":\"https:\\\/\\\/mula.es\\\/web\\\/gymkana-dia-del-libro-y-cuentos\\\/#breadcrumb\"},\"inLanguage\":\"es\",\"potentialAction\":[{\"@type\":\"ReadAction\",\"target\":[\"https:\\\/\\\/mula.es\\\/web\\\/gymkana-dia-del-libro-y-cuentos\\\/\"]}]},{\"@type\":\"ImageObject\",\"inLanguage\":\"es\",\"@id\":\"https:\\\/\\\/mula.es\\\/web\\\/gymkana-dia-del-libro-y-cuentos\\\/#primaryimage\",\"url\":\"https:\\\/\\\/mula.es\\\/web\\\/wp-content\\\/uploads\\\/2016\\\/02\\\/image4482-2.png\",\"contentUrl\":\"https:\\\/\\\/mula.es\\\/web\\\/wp-content\\\/uploads\\\/2016\\\/02\\\/image4482-2.png\",\"width\":170,\"height\":120,\"caption\":\"Logo Juventud\"},{\"@type\":\"BreadcrumbList\",\"@id\":\"https:\\\/\\\/mula.es\\\/web\\\/gymkana-dia-del-libro-y-cuentos\\\/#breadcrumb\",\"itemListElement\":[{\"@type\":\"ListItem\",\"position\":1,\"name\":\"Portada\",\"item\":\"https:\\\/\\\/mula.es\\\/web\\\/\"},{\"@type\":\"ListItem\",\"position\":2,\"name\":\"Gymkana d\u00eda del libro y cuentos\"}]},{\"@type\":\"WebSite\",\"@id\":\"https:\\\/\\\/mula.es\\\/web\\\/#website\",\"url\":\"https:\\\/\\\/mula.es\\\/web\\\/\",\"name\":\"Ayuntamiento de Mula\",\"description\":\"P\u00e1gina web del Ayuntamiento de Mula (Regi\u00f3n de Murcia)\",\"potentialAction\":[{\"@type\":\"SearchAction\",\"target\":{\"@type\":\"EntryPoint\",\"urlTemplate\":\"https:\\\/\\\/mula.es\\\/web\\\/?s={search_term_string}\"},\"query-input\":{\"@type\":\"PropertyValueSpecification\",\"valueRequired\":true,\"valueName\":\"search_term_string\"}}],\"inLanguage\":\"es\"},{\"@type\":\"Person\",\"@id\":\"https:\\\/\\\/mula.es\\\/web\\\/#\\\/schema\\\/person\\\/a0dbffe9f4a3ed4aaebedcfef02f71a1\",\"name\":\"admin\",\"image\":{\"@type\":\"ImageObject\",\"inLanguage\":\"es\",\"@id\":\"https:\\\/\\\/secure.gravatar.com\\\/avatar\\\/5423b9cd77f4c7f89a124365a268866f9dfee038c17fe9e37afd92b5920d810e?s=96&d=mm&r=g\",\"url\":\"https:\\\/\\\/secure.gravatar.com\\\/avatar\\\/5423b9cd77f4c7f89a124365a268866f9dfee038c17fe9e37afd92b5920d810e?s=96&d=mm&r=g\",\"contentUrl\":\"https:\\\/\\\/secure.gravatar.com\\\/avatar\\\/5423b9cd77f4c7f89a124365a268866f9dfee038c17fe9e37afd92b5920d810e?s=96&d=mm&r=g\",\"caption\":\"admin\"},\"description\":\"Lorem ipsum dolor sit amet, consectetur adipiscing elit. Nam viverra euismod odio, gravida pellentesque urna varius vitae. Sed dui lorem, adipiscing in adipiscing et, interdum nec metus. Mauris ultricies, justo eu convallis placerat, felis enim ornare nisi, vitae mattis nulla ante id dui. Ut lectus purus, commodo et tincidunt vel, interdum sed lectus. Vestibulum adipiscing tempor nisi id elementi.\",\"url\":\"https:\\\/\\\/mula.es\\\/web\\\/author\\\/jose-maria-boti\\\/\"}]}<\/script>\n<!-- \/ Yoast SEO plugin. -->","yoast_head_json":{"title":"Gymkana d\u00eda del libro y cuentos - Ayuntamiento de Mula","robots":{"index":"index","follow":"follow","max-snippet":"max-snippet:-1","max-image-preview":"max-image-preview:large","max-video-preview":"max-video-preview:-1"},"canonical":"https:\/\/mula.es\/web\/gymkana-dia-del-libro-y-cuentos\/","og_locale":"es_ES","og_type":"article","og_title":"Gymkana d\u00eda del libro y cuentos - Ayuntamiento de Mula","og_description":"Desde el Servicio de Orientaci\u00f3n Juvenil compartimos esta S\u00faper Gymkana y diversos cuentos. \u00a1\u00a1Feliz d\u00eda del Libro!! \u00a1Esperamos que os guste! Cuentos Qu\u00e9dateEnCasa con la RMBM Gymkhana literaria &nbsp;","og_url":"https:\/\/mula.es\/web\/gymkana-dia-del-libro-y-cuentos\/","og_site_name":"Ayuntamiento de Mula","article_published_time":"2020-04-23T11:46:43+00:00","article_modified_time":"2021-05-12T18:09:26+00:00","og_image":[{"width":170,"height":120,"url":"https:\/\/i0.wp.com\/mula.es\/web\/wp-content\/uploads\/2016\/02\/image4482-2.png?fit=170%2C120&ssl=1","type":"image\/png"}],"author":"admin","twitter_card":"summary_large_image","twitter_creator":"@AyuntamientMula","twitter_site":"@AyuntamientMula","twitter_misc":{"Escrito por":"admin"},"schema":{"@context":"https:\/\/schema.org","@graph":[{"@type":"Article","@id":"https:\/\/mula.es\/web\/gymkana-dia-del-libro-y-cuentos\/#article","isPartOf":{"@id":"https:\/\/mula.es\/web\/gymkana-dia-del-libro-y-cuentos\/"},"author":{"name":"admin","@id":"https:\/\/mula.es\/web\/#\/schema\/person\/a0dbffe9f4a3ed4aaebedcfef02f71a1"},"headline":"Gymkana d\u00eda del libro y cuentos","datePublished":"2020-04-23T11:46:43+00:00","dateModified":"2021-05-12T18:09:26+00:00","mainEntityOfPage":{"@id":"https:\/\/mula.es\/web\/gymkana-dia-del-libro-y-cuentos\/"},"wordCount":40,"image":{"@id":"https:\/\/mula.es\/web\/gymkana-dia-del-libro-y-cuentos\/#primaryimage"},"thumbnailUrl":"https:\/\/mula.es\/web\/wp-content\/uploads\/2016\/02\/image4482-2.png","articleSection":["cultura","juventud y adolescencia","orientaci\u00f3n juvenil"],"inLanguage":"es"},{"@type":"WebPage","@id":"https:\/\/mula.es\/web\/gymkana-dia-del-libro-y-cuentos\/","url":"https:\/\/mula.es\/web\/gymkana-dia-del-libro-y-cuentos\/","name":"Gymkana d\u00eda del libro y cuentos - Ayuntamiento de Mula","isPartOf":{"@id":"https:\/\/mula.es\/web\/#website"},"primaryImageOfPage":{"@id":"https:\/\/mula.es\/web\/gymkana-dia-del-libro-y-cuentos\/#primaryimage"},"image":{"@id":"https:\/\/mula.es\/web\/gymkana-dia-del-libro-y-cuentos\/#primaryimage"},"thumbnailUrl":"https:\/\/mula.es\/web\/wp-content\/uploads\/2016\/02\/image4482-2.png","datePublished":"2020-04-23T11:46:43+00:00","dateModified":"2021-05-12T18:09:26+00:00","author":{"@id":"https:\/\/mula.es\/web\/#\/schema\/person\/a0dbffe9f4a3ed4aaebedcfef02f71a1"},"breadcrumb":{"@id":"https:\/\/mula.es\/web\/gymkana-dia-del-libro-y-cuentos\/#breadcrumb"},"inLanguage":"es","potentialAction":[{"@type":"ReadAction","target":["https:\/\/mula.es\/web\/gymkana-dia-del-libro-y-cuentos\/"]}]},{"@type":"ImageObject","inLanguage":"es","@id":"https:\/\/mula.es\/web\/gymkana-dia-del-libro-y-cuentos\/#primaryimage","url":"https:\/\/mula.es\/web\/wp-content\/uploads\/2016\/02\/image4482-2.png","contentUrl":"https:\/\/mula.es\/web\/wp-content\/uploads\/2016\/02\/image4482-2.png","width":170,"height":120,"caption":"Logo Juventud"},{"@type":"BreadcrumbList","@id":"https:\/\/mula.es\/web\/gymkana-dia-del-libro-y-cuentos\/#breadcrumb","itemListElement":[{"@type":"ListItem","position":1,"name":"Portada","item":"https:\/\/mula.es\/web\/"},{"@type":"ListItem","position":2,"name":"Gymkana d\u00eda del libro y cuentos"}]},{"@type":"WebSite","@id":"https:\/\/mula.es\/web\/#website","url":"https:\/\/mula.es\/web\/","name":"Ayuntamiento de Mula","description":"P\u00e1gina web del Ayuntamiento de Mula (Regi\u00f3n de Murcia)","potentialAction":[{"@type":"SearchAction","target":{"@type":"EntryPoint","urlTemplate":"https:\/\/mula.es\/web\/?s={search_term_string}"},"query-input":{"@type":"PropertyValueSpecification","valueRequired":true,"valueName":"search_term_string"}}],"inLanguage":"es"},{"@type":"Person","@id":"https:\/\/mula.es\/web\/#\/schema\/person\/a0dbffe9f4a3ed4aaebedcfef02f71a1","name":"admin","image":{"@type":"ImageObject","inLanguage":"es","@id":"https:\/\/secure.gravatar.com\/avatar\/5423b9cd77f4c7f89a124365a268866f9dfee038c17fe9e37afd92b5920d810e?s=96&d=mm&r=g","url":"https:\/\/secure.gravatar.com\/avatar\/5423b9cd77f4c7f89a124365a268866f9dfee038c17fe9e37afd92b5920d810e?s=96&d=mm&r=g","contentUrl":"https:\/\/secure.gravatar.com\/avatar\/5423b9cd77f4c7f89a124365a268866f9dfee038c17fe9e37afd92b5920d810e?s=96&d=mm&r=g","caption":"admin"},"description":"Lorem ipsum dolor sit amet, consectetur adipiscing elit. Nam viverra euismod odio, gravida pellentesque urna varius vitae. Sed dui lorem, adipiscing in adipiscing et, interdum nec metus. Mauris ultricies, justo eu convallis placerat, felis enim ornare nisi, vitae mattis nulla ante id dui. Ut lectus purus, commodo et tincidunt vel, interdum sed lectus. Vestibulum adipiscing tempor nisi id elementi.","url":"https:\/\/mula.es\/web\/author\/jose-maria-boti\/"}]}},"jetpack_publicize_connections":[],"jetpack_featured_media_url":"https:\/\/mula.es\/web\/wp-content\/uploads\/2016\/02\/image4482-2.png","jetpack_sharing_enabled":true,"jetpack_shortlink":"https:\/\/wp.me\/pa9DMY-8AX","jetpack-related-posts":[],"_links":{"self":[{"href":"https:\/\/mula.es\/web\/wp-json\/wp\/v2\/posts\/33043","targetHints":{"allow":["GET"]}}],"collection":[{"href":"https:\/\/mula.es\/web\/wp-json\/wp\/v2\/posts"}],"about":[{"href":"https:\/\/mula.es\/web\/wp-json\/wp\/v2\/types\/post"}],"author":[{"embeddable":true,"href":"https:\/\/mula.es\/web\/wp-json\/wp\/v2\/users\/1"}],"replies":[{"embeddable":true,"href":"https:\/\/mula.es\/web\/wp-json\/wp\/v2\/comments?post=33043"}],"version-history":[{"count":2,"href":"https:\/\/mula.es\/web\/wp-json\/wp\/v2\/posts\/33043\/revisions"}],"predecessor-version":[{"id":33047,"href":"https:\/\/mula.es\/web\/wp-json\/wp\/v2\/posts\/33043\/revisions\/33047"}],"wp:featuredmedia":[{"embeddable":true,"href":"https:\/\/mula.es\/web\/wp-json\/wp\/v2\/media\/14282"}],"wp:attachment":[{"href":"https:\/\/mula.es\/web\/wp-json\/wp\/v2\/media?parent=33043"}],"wp:term":[{"taxonomy":"category","embeddable":true,"href":"https:\/\/mula.es\/web\/wp-json\/wp\/v2\/categories?post=33043"},{"taxonomy":"post_tag","embeddable":true,"href":"https:\/\/mula.es\/web\/wp-json\/wp\/v2\/tags?post=33043"}],"curies":[{"name":"wp","href":"https:\/\/api.w.org\/{rel}","templated":true}]}}