{"id":33055,"date":"2020-04-23T18:57:05","date_gmt":"2020-04-23T16:57:05","guid":{"rendered":"http:\/\/mula.es\/web\/?p=33055"},"modified":"2021-05-12T20:09:25","modified_gmt":"2021-05-12T18:09:25","slug":"la-concejala-de-turismo-se-reune-por-video-conferencia-con-los-alojamientos-de-mula","status":"publish","type":"post","link":"https:\/\/mula.es\/web\/la-concejala-de-turismo-se-reune-por-video-conferencia-con-los-alojamientos-de-mula\/","title":{"rendered":"La Concejala de Turismo se re\u00fane por video conferencia con los alojamientos de Mula"},"content":{"rendered":"<p>La Concejala de Turismo, Alejandra Mart\u00ednez, se ha reunido \u201cv\u00eda telem\u00e1tica\u201d con los alojamientos del municipio de Mula para abordar la crisis generada por el coronavirus (Covid-19). A la reuni\u00f3n asisti\u00f3 tambi\u00e9n la Concejala de Comercio Alicia Zapata.<\/p>\n<p>El encuentro sirvi\u00f3 para escuchar las inquietudes del sector hotelero frente a la actual crisis y para recibir distintas propuestas de los asistentes. La concejala traslado a los asistentes, entre otras cuestiones el compromiso del Ayuntamiento de colaborar con el sector amortiguando as\u00ed desde ambas partes los efectos que esta crisis.<\/p>\n<p>La Concejala les inform\u00f3 que el Ayuntamiento esta estudiando un nuevo y segundo paquete de medidas para que los establecimientos hoteleros puedan beneficiarse de determinadas bonificaciones y exenciones. Tambi\u00e9n les comunic\u00f3 que se esta trabajando un plan de impulso y desarrollo del turismo local, de vital importancia para la econom\u00eda del Municipio y que junto al proyecto de dinamizaci\u00f3n del comercio local en el que se esta trabajando junto a la Concejal\u00eda de Comercio y a ACOHOMUL marcar\u00e1n, sin duda, el porvenir y la prosperidad en diversos aspectos<br \/>\nde Mula y su comarca.<\/p>\n","protected":false},"excerpt":{"rendered":"<p>La Concejala de Turismo, Alejandra Mart\u00ednez, se ha reunido \u201cv\u00eda telem\u00e1tica\u201d con los alojamientos del municipio de Mula para abordar la crisis generada por el coronavirus (Covid-19). A la reuni\u00f3n asisti\u00f3 tambi\u00e9n la Concejala de Comercio Alicia Zapata. El encuentro sirvi\u00f3 para escuchar las inquietudes del sector hotelero frente a la actual crisis y para  [&#8230;]<\/p>\n","protected":false},"author":1,"featured_media":33056,"comment_status":"closed","ping_status":"closed","sticky":false,"template":"","format":"standard","meta":{"jetpack_post_was_ever_published":false,"_jetpack_newsletter_access":"","_jetpack_dont_email_post_to_subs":false,"_jetpack_newsletter_tier_id":0,"_jetpack_memberships_contains_paywalled_content":false,"_jetpack_memberships_contains_paid_content":false,"footnotes":"","jetpack_publicize_message":"","jetpack_publicize_feature_enabled":true,"jetpack_social_post_already_shared":true,"jetpack_social_options":{"image_generator_settings":{"template":"highway","default_image_id":0,"font":"","enabled":false},"version":2}},"categories":[664,75],"tags":[],"class_list":["post-33055","post","type-post","status-publish","format-standard","has-post-thumbnail","hentry","category-coronavirus","category-turismo"],"yoast_head":"<!-- This site is optimized with the Yoast SEO plugin v27.4 - https:\/\/yoast.com\/product\/yoast-seo-wordpress\/ -->\n<title>La Concejala de Turismo se re\u00fane por video conferencia con los alojamientos de Mula - Ayuntamiento de Mula<\/title>\n<meta name=\"robots\" content=\"index, follow, max-snippet:-1, max-image-preview:large, max-video-preview:-1\" \/>\n<link rel=\"canonical\" href=\"https:\/\/mula.es\/web\/la-concejala-de-turismo-se-reune-por-video-conferencia-con-los-alojamientos-de-mula\/\" \/>\n<meta property=\"og:locale\" content=\"es_ES\" \/>\n<meta property=\"og:type\" content=\"article\" \/>\n<meta property=\"og:title\" content=\"La Concejala de Turismo se re\u00fane por video conferencia con los alojamientos de Mula - Ayuntamiento de Mula\" \/>\n<meta property=\"og:description\" content=\"La Concejala de Turismo, Alejandra Mart\u00ednez, se ha reunido \u201cv\u00eda telem\u00e1tica\u201d con los alojamientos del municipio de Mula para abordar la crisis generada por el coronavirus (Covid-19). A la reuni\u00f3n asisti\u00f3 tambi\u00e9n la Concejala de Comercio Alicia Zapata. El encuentro sirvi\u00f3 para escuchar las inquietudes del sector hotelero frente a la actual crisis y para [...]\" \/>\n<meta property=\"og:url\" content=\"https:\/\/mula.es\/web\/la-concejala-de-turismo-se-reune-por-video-conferencia-con-los-alojamientos-de-mula\/\" \/>\n<meta property=\"og:site_name\" content=\"Ayuntamiento de Mula\" \/>\n<meta property=\"article:published_time\" content=\"2020-04-23T16:57:05+00:00\" \/>\n<meta property=\"article:modified_time\" content=\"2021-05-12T18:09:25+00:00\" \/>\n<meta property=\"og:image\" content=\"https:\/\/i0.wp.com\/mula.es\/web\/wp-content\/uploads\/2020\/04\/videoconferenciaturismo.png?fit=1164%2C697&ssl=1\" \/>\n\t<meta property=\"og:image:width\" content=\"1164\" \/>\n\t<meta property=\"og:image:height\" content=\"697\" \/>\n\t<meta property=\"og:image:type\" content=\"image\/png\" \/>\n<meta name=\"author\" content=\"admin\" \/>\n<meta name=\"twitter:card\" content=\"summary_large_image\" \/>\n<meta name=\"twitter:creator\" content=\"@AyuntamientMula\" \/>\n<meta name=\"twitter:site\" content=\"@AyuntamientMula\" \/>\n<meta name=\"twitter:label1\" content=\"Escrito por\" \/>\n\t<meta name=\"twitter:data1\" content=\"admin\" \/>\n\t<meta name=\"twitter:label2\" content=\"Tiempo de lectura\" \/>\n\t<meta name=\"twitter:data2\" content=\"1 minuto\" \/>\n<script type=\"application\/ld+json\" class=\"yoast-schema-graph\">{\"@context\":\"https:\\\/\\\/schema.org\",\"@graph\":[{\"@type\":\"Article\",\"@id\":\"https:\\\/\\\/mula.es\\\/web\\\/la-concejala-de-turismo-se-reune-por-video-conferencia-con-los-alojamientos-de-mula\\\/#article\",\"isPartOf\":{\"@id\":\"https:\\\/\\\/mula.es\\\/web\\\/la-concejala-de-turismo-se-reune-por-video-conferencia-con-los-alojamientos-de-mula\\\/\"},\"author\":{\"name\":\"admin\",\"@id\":\"https:\\\/\\\/mula.es\\\/web\\\/#\\\/schema\\\/person\\\/a0dbffe9f4a3ed4aaebedcfef02f71a1\"},\"headline\":\"La Concejala de Turismo se re\u00fane por video conferencia con los alojamientos de Mula\",\"datePublished\":\"2020-04-23T16:57:05+00:00\",\"dateModified\":\"2021-05-12T18:09:25+00:00\",\"mainEntityOfPage\":{\"@id\":\"https:\\\/\\\/mula.es\\\/web\\\/la-concejala-de-turismo-se-reune-por-video-conferencia-con-los-alojamientos-de-mula\\\/\"},\"wordCount\":207,\"image\":{\"@id\":\"https:\\\/\\\/mula.es\\\/web\\\/la-concejala-de-turismo-se-reune-por-video-conferencia-con-los-alojamientos-de-mula\\\/#primaryimage\"},\"thumbnailUrl\":\"https:\\\/\\\/mula.es\\\/web\\\/wp-content\\\/uploads\\\/2020\\\/04\\\/videoconferenciaturismo.png\",\"articleSection\":[\"coronavirus\",\"turismo\"],\"inLanguage\":\"es\"},{\"@type\":\"WebPage\",\"@id\":\"https:\\\/\\\/mula.es\\\/web\\\/la-concejala-de-turismo-se-reune-por-video-conferencia-con-los-alojamientos-de-mula\\\/\",\"url\":\"https:\\\/\\\/mula.es\\\/web\\\/la-concejala-de-turismo-se-reune-por-video-conferencia-con-los-alojamientos-de-mula\\\/\",\"name\":\"La Concejala de Turismo se re\u00fane por video conferencia con los alojamientos de Mula - Ayuntamiento de Mula\",\"isPartOf\":{\"@id\":\"https:\\\/\\\/mula.es\\\/web\\\/#website\"},\"primaryImageOfPage\":{\"@id\":\"https:\\\/\\\/mula.es\\\/web\\\/la-concejala-de-turismo-se-reune-por-video-conferencia-con-los-alojamientos-de-mula\\\/#primaryimage\"},\"image\":{\"@id\":\"https:\\\/\\\/mula.es\\\/web\\\/la-concejala-de-turismo-se-reune-por-video-conferencia-con-los-alojamientos-de-mula\\\/#primaryimage\"},\"thumbnailUrl\":\"https:\\\/\\\/mula.es\\\/web\\\/wp-content\\\/uploads\\\/2020\\\/04\\\/videoconferenciaturismo.png\",\"datePublished\":\"2020-04-23T16:57:05+00:00\",\"dateModified\":\"2021-05-12T18:09:25+00:00\",\"author\":{\"@id\":\"https:\\\/\\\/mula.es\\\/web\\\/#\\\/schema\\\/person\\\/a0dbffe9f4a3ed4aaebedcfef02f71a1\"},\"breadcrumb\":{\"@id\":\"https:\\\/\\\/mula.es\\\/web\\\/la-concejala-de-turismo-se-reune-por-video-conferencia-con-los-alojamientos-de-mula\\\/#breadcrumb\"},\"inLanguage\":\"es\",\"potentialAction\":[{\"@type\":\"ReadAction\",\"target\":[\"https:\\\/\\\/mula.es\\\/web\\\/la-concejala-de-turismo-se-reune-por-video-conferencia-con-los-alojamientos-de-mula\\\/\"]}]},{\"@type\":\"ImageObject\",\"inLanguage\":\"es\",\"@id\":\"https:\\\/\\\/mula.es\\\/web\\\/la-concejala-de-turismo-se-reune-por-video-conferencia-con-los-alojamientos-de-mula\\\/#primaryimage\",\"url\":\"https:\\\/\\\/mula.es\\\/web\\\/wp-content\\\/uploads\\\/2020\\\/04\\\/videoconferenciaturismo.png\",\"contentUrl\":\"https:\\\/\\\/mula.es\\\/web\\\/wp-content\\\/uploads\\\/2020\\\/04\\\/videoconferenciaturismo.png\",\"width\":1164,\"height\":697},{\"@type\":\"BreadcrumbList\",\"@id\":\"https:\\\/\\\/mula.es\\\/web\\\/la-concejala-de-turismo-se-reune-por-video-conferencia-con-los-alojamientos-de-mula\\\/#breadcrumb\",\"itemListElement\":[{\"@type\":\"ListItem\",\"position\":1,\"name\":\"Portada\",\"item\":\"https:\\\/\\\/mula.es\\\/web\\\/\"},{\"@type\":\"ListItem\",\"position\":2,\"name\":\"La Concejala de Turismo se re\u00fane por video conferencia con los alojamientos de Mula\"}]},{\"@type\":\"WebSite\",\"@id\":\"https:\\\/\\\/mula.es\\\/web\\\/#website\",\"url\":\"https:\\\/\\\/mula.es\\\/web\\\/\",\"name\":\"Ayuntamiento de Mula\",\"description\":\"P\u00e1gina web del Ayuntamiento de Mula (Regi\u00f3n de Murcia)\",\"potentialAction\":[{\"@type\":\"SearchAction\",\"target\":{\"@type\":\"EntryPoint\",\"urlTemplate\":\"https:\\\/\\\/mula.es\\\/web\\\/?s={search_term_string}\"},\"query-input\":{\"@type\":\"PropertyValueSpecification\",\"valueRequired\":true,\"valueName\":\"search_term_string\"}}],\"inLanguage\":\"es\"},{\"@type\":\"Person\",\"@id\":\"https:\\\/\\\/mula.es\\\/web\\\/#\\\/schema\\\/person\\\/a0dbffe9f4a3ed4aaebedcfef02f71a1\",\"name\":\"admin\",\"image\":{\"@type\":\"ImageObject\",\"inLanguage\":\"es\",\"@id\":\"https:\\\/\\\/secure.gravatar.com\\\/avatar\\\/5423b9cd77f4c7f89a124365a268866f9dfee038c17fe9e37afd92b5920d810e?s=96&d=mm&r=g\",\"url\":\"https:\\\/\\\/secure.gravatar.com\\\/avatar\\\/5423b9cd77f4c7f89a124365a268866f9dfee038c17fe9e37afd92b5920d810e?s=96&d=mm&r=g\",\"contentUrl\":\"https:\\\/\\\/secure.gravatar.com\\\/avatar\\\/5423b9cd77f4c7f89a124365a268866f9dfee038c17fe9e37afd92b5920d810e?s=96&d=mm&r=g\",\"caption\":\"admin\"},\"description\":\"Lorem ipsum dolor sit amet, consectetur adipiscing elit. Nam viverra euismod odio, gravida pellentesque urna varius vitae. Sed dui lorem, adipiscing in adipiscing et, interdum nec metus. Mauris ultricies, justo eu convallis placerat, felis enim ornare nisi, vitae mattis nulla ante id dui. Ut lectus purus, commodo et tincidunt vel, interdum sed lectus. Vestibulum adipiscing tempor nisi id elementi.\",\"url\":\"https:\\\/\\\/mula.es\\\/web\\\/author\\\/jose-maria-boti\\\/\"}]}<\/script>\n<!-- \/ Yoast SEO plugin. -->","yoast_head_json":{"title":"La Concejala de Turismo se re\u00fane por video conferencia con los alojamientos de Mula - Ayuntamiento de Mula","robots":{"index":"index","follow":"follow","max-snippet":"max-snippet:-1","max-image-preview":"max-image-preview:large","max-video-preview":"max-video-preview:-1"},"canonical":"https:\/\/mula.es\/web\/la-concejala-de-turismo-se-reune-por-video-conferencia-con-los-alojamientos-de-mula\/","og_locale":"es_ES","og_type":"article","og_title":"La Concejala de Turismo se re\u00fane por video conferencia con los alojamientos de Mula - Ayuntamiento de Mula","og_description":"La Concejala de Turismo, Alejandra Mart\u00ednez, se ha reunido \u201cv\u00eda telem\u00e1tica\u201d con los alojamientos del municipio de Mula para abordar la crisis generada por el coronavirus (Covid-19). A la reuni\u00f3n asisti\u00f3 tambi\u00e9n la Concejala de Comercio Alicia Zapata. El encuentro sirvi\u00f3 para escuchar las inquietudes del sector hotelero frente a la actual crisis y para [...]","og_url":"https:\/\/mula.es\/web\/la-concejala-de-turismo-se-reune-por-video-conferencia-con-los-alojamientos-de-mula\/","og_site_name":"Ayuntamiento de Mula","article_published_time":"2020-04-23T16:57:05+00:00","article_modified_time":"2021-05-12T18:09:25+00:00","og_image":[{"width":1164,"height":697,"url":"https:\/\/i0.wp.com\/mula.es\/web\/wp-content\/uploads\/2020\/04\/videoconferenciaturismo.png?fit=1164%2C697&ssl=1","type":"image\/png"}],"author":"admin","twitter_card":"summary_large_image","twitter_creator":"@AyuntamientMula","twitter_site":"@AyuntamientMula","twitter_misc":{"Escrito por":"admin","Tiempo de lectura":"1 minuto"},"schema":{"@context":"https:\/\/schema.org","@graph":[{"@type":"Article","@id":"https:\/\/mula.es\/web\/la-concejala-de-turismo-se-reune-por-video-conferencia-con-los-alojamientos-de-mula\/#article","isPartOf":{"@id":"https:\/\/mula.es\/web\/la-concejala-de-turismo-se-reune-por-video-conferencia-con-los-alojamientos-de-mula\/"},"author":{"name":"admin","@id":"https:\/\/mula.es\/web\/#\/schema\/person\/a0dbffe9f4a3ed4aaebedcfef02f71a1"},"headline":"La Concejala de Turismo se re\u00fane por video conferencia con los alojamientos de Mula","datePublished":"2020-04-23T16:57:05+00:00","dateModified":"2021-05-12T18:09:25+00:00","mainEntityOfPage":{"@id":"https:\/\/mula.es\/web\/la-concejala-de-turismo-se-reune-por-video-conferencia-con-los-alojamientos-de-mula\/"},"wordCount":207,"image":{"@id":"https:\/\/mula.es\/web\/la-concejala-de-turismo-se-reune-por-video-conferencia-con-los-alojamientos-de-mula\/#primaryimage"},"thumbnailUrl":"https:\/\/mula.es\/web\/wp-content\/uploads\/2020\/04\/videoconferenciaturismo.png","articleSection":["coronavirus","turismo"],"inLanguage":"es"},{"@type":"WebPage","@id":"https:\/\/mula.es\/web\/la-concejala-de-turismo-se-reune-por-video-conferencia-con-los-alojamientos-de-mula\/","url":"https:\/\/mula.es\/web\/la-concejala-de-turismo-se-reune-por-video-conferencia-con-los-alojamientos-de-mula\/","name":"La Concejala de Turismo se re\u00fane por video conferencia con los alojamientos de Mula - Ayuntamiento de Mula","isPartOf":{"@id":"https:\/\/mula.es\/web\/#website"},"primaryImageOfPage":{"@id":"https:\/\/mula.es\/web\/la-concejala-de-turismo-se-reune-por-video-conferencia-con-los-alojamientos-de-mula\/#primaryimage"},"image":{"@id":"https:\/\/mula.es\/web\/la-concejala-de-turismo-se-reune-por-video-conferencia-con-los-alojamientos-de-mula\/#primaryimage"},"thumbnailUrl":"https:\/\/mula.es\/web\/wp-content\/uploads\/2020\/04\/videoconferenciaturismo.png","datePublished":"2020-04-23T16:57:05+00:00","dateModified":"2021-05-12T18:09:25+00:00","author":{"@id":"https:\/\/mula.es\/web\/#\/schema\/person\/a0dbffe9f4a3ed4aaebedcfef02f71a1"},"breadcrumb":{"@id":"https:\/\/mula.es\/web\/la-concejala-de-turismo-se-reune-por-video-conferencia-con-los-alojamientos-de-mula\/#breadcrumb"},"inLanguage":"es","potentialAction":[{"@type":"ReadAction","target":["https:\/\/mula.es\/web\/la-concejala-de-turismo-se-reune-por-video-conferencia-con-los-alojamientos-de-mula\/"]}]},{"@type":"ImageObject","inLanguage":"es","@id":"https:\/\/mula.es\/web\/la-concejala-de-turismo-se-reune-por-video-conferencia-con-los-alojamientos-de-mula\/#primaryimage","url":"https:\/\/mula.es\/web\/wp-content\/uploads\/2020\/04\/videoconferenciaturismo.png","contentUrl":"https:\/\/mula.es\/web\/wp-content\/uploads\/2020\/04\/videoconferenciaturismo.png","width":1164,"height":697},{"@type":"BreadcrumbList","@id":"https:\/\/mula.es\/web\/la-concejala-de-turismo-se-reune-por-video-conferencia-con-los-alojamientos-de-mula\/#breadcrumb","itemListElement":[{"@type":"ListItem","position":1,"name":"Portada","item":"https:\/\/mula.es\/web\/"},{"@type":"ListItem","position":2,"name":"La Concejala de Turismo se re\u00fane por video conferencia con los alojamientos de Mula"}]},{"@type":"WebSite","@id":"https:\/\/mula.es\/web\/#website","url":"https:\/\/mula.es\/web\/","name":"Ayuntamiento de Mula","description":"P\u00e1gina web del Ayuntamiento de Mula (Regi\u00f3n de Murcia)","potentialAction":[{"@type":"SearchAction","target":{"@type":"EntryPoint","urlTemplate":"https:\/\/mula.es\/web\/?s={search_term_string}"},"query-input":{"@type":"PropertyValueSpecification","valueRequired":true,"valueName":"search_term_string"}}],"inLanguage":"es"},{"@type":"Person","@id":"https:\/\/mula.es\/web\/#\/schema\/person\/a0dbffe9f4a3ed4aaebedcfef02f71a1","name":"admin","image":{"@type":"ImageObject","inLanguage":"es","@id":"https:\/\/secure.gravatar.com\/avatar\/5423b9cd77f4c7f89a124365a268866f9dfee038c17fe9e37afd92b5920d810e?s=96&d=mm&r=g","url":"https:\/\/secure.gravatar.com\/avatar\/5423b9cd77f4c7f89a124365a268866f9dfee038c17fe9e37afd92b5920d810e?s=96&d=mm&r=g","contentUrl":"https:\/\/secure.gravatar.com\/avatar\/5423b9cd77f4c7f89a124365a268866f9dfee038c17fe9e37afd92b5920d810e?s=96&d=mm&r=g","caption":"admin"},"description":"Lorem ipsum dolor sit amet, consectetur adipiscing elit. Nam viverra euismod odio, gravida pellentesque urna varius vitae. Sed dui lorem, adipiscing in adipiscing et, interdum nec metus. Mauris ultricies, justo eu convallis placerat, felis enim ornare nisi, vitae mattis nulla ante id dui. Ut lectus purus, commodo et tincidunt vel, interdum sed lectus. Vestibulum adipiscing tempor nisi id elementi.","url":"https:\/\/mula.es\/web\/author\/jose-maria-boti\/"}]}},"jetpack_publicize_connections":[],"jetpack_featured_media_url":"https:\/\/mula.es\/web\/wp-content\/uploads\/2020\/04\/videoconferenciaturismo.png","jetpack_sharing_enabled":true,"jetpack_shortlink":"https:\/\/wp.me\/pa9DMY-8B9","jetpack-related-posts":[],"_links":{"self":[{"href":"https:\/\/mula.es\/web\/wp-json\/wp\/v2\/posts\/33055","targetHints":{"allow":["GET"]}}],"collection":[{"href":"https:\/\/mula.es\/web\/wp-json\/wp\/v2\/posts"}],"about":[{"href":"https:\/\/mula.es\/web\/wp-json\/wp\/v2\/types\/post"}],"author":[{"embeddable":true,"href":"https:\/\/mula.es\/web\/wp-json\/wp\/v2\/users\/1"}],"replies":[{"embeddable":true,"href":"https:\/\/mula.es\/web\/wp-json\/wp\/v2\/comments?post=33055"}],"version-history":[{"count":5,"href":"https:\/\/mula.es\/web\/wp-json\/wp\/v2\/posts\/33055\/revisions"}],"predecessor-version":[{"id":33061,"href":"https:\/\/mula.es\/web\/wp-json\/wp\/v2\/posts\/33055\/revisions\/33061"}],"wp:featuredmedia":[{"embeddable":true,"href":"https:\/\/mula.es\/web\/wp-json\/wp\/v2\/media\/33056"}],"wp:attachment":[{"href":"https:\/\/mula.es\/web\/wp-json\/wp\/v2\/media?parent=33055"}],"wp:term":[{"taxonomy":"category","embeddable":true,"href":"https:\/\/mula.es\/web\/wp-json\/wp\/v2\/categories?post=33055"},{"taxonomy":"post_tag","embeddable":true,"href":"https:\/\/mula.es\/web\/wp-json\/wp\/v2\/tags?post=33055"}],"curies":[{"name":"wp","href":"https:\/\/api.w.org\/{rel}","templated":true}]}}