{"id":33065,"date":"2020-04-24T19:24:39","date_gmt":"2020-04-24T17:24:39","guid":{"rendered":"http:\/\/mula.es\/web\/?p=33065"},"modified":"2020-04-24T19:24:39","modified_gmt":"2020-04-24T17:24:39","slug":"precios-maximos-de-venta-al-publico-de-mascarillas-quirurgicas-y-de-geles-y-soluciones-hidroalcoholicas","status":"publish","type":"post","link":"https:\/\/mula.es\/web\/precios-maximos-de-venta-al-publico-de-mascarillas-quirurgicas-y-de-geles-y-soluciones-hidroalcoholicas\/","title":{"rendered":"Precios m\u00e1ximos de venta al p\u00fablico de mascarillas quir\u00fargicas y de geles y soluciones hidroalcoh\u00f3licas"},"content":{"rendered":"<p>&#x1f4cc; Hoy entran en vigor los precios m\u00e1ximos de venta al p\u00fablico de mascarillas quir\u00fargicas y de geles y soluciones hidroalcoh\u00f3licas autorizados temporalmente por la Agencia Espa\u00f1ola de Medicamentos y Productos Sanitarios.<\/p>\n<p>&#x2139;&#xfe0f; M\u00e1s informaci\u00f3n en: https:\/\/www.mscbs.gob.es\/en\/gabinete\/notasPrensa.do?metodo=detalle&amp;id=4874<\/p>\n<p>#ActualidadCOVID19<\/p>\n","protected":false},"excerpt":{"rendered":"<p>&#x1f4cc; Hoy entran en vigor los precios m\u00e1ximos de venta al p\u00fablico de mascarillas quir\u00fargicas y de geles y soluciones hidroalcoh\u00f3licas autorizados temporalmente por la Agencia Espa\u00f1ola de Medicamentos y Productos Sanitarios. &#x2139;&#xfe0f; M\u00e1s informaci\u00f3n en: https:\/\/www.mscbs.gob.es\/en\/gabinete\/notasPrensa.do?metodo=detalle&amp;id=4874 #ActualidadCOVID19<\/p>\n","protected":false},"author":1,"featured_media":33066,"comment_status":"closed","ping_status":"closed","sticky":false,"template":"","format":"standard","meta":{"jetpack_post_was_ever_published":false,"_jetpack_newsletter_access":"","_jetpack_dont_email_post_to_subs":false,"_jetpack_newsletter_tier_id":0,"_jetpack_memberships_contains_paywalled_content":false,"_jetpack_memberships_contains_paid_content":false,"footnotes":"","jetpack_publicize_message":"","jetpack_publicize_feature_enabled":true,"jetpack_social_post_already_shared":true,"jetpack_social_options":{"image_generator_settings":{"template":"highway","default_image_id":0,"font":"","enabled":false},"version":2}},"categories":[664],"tags":[],"class_list":["post-33065","post","type-post","status-publish","format-standard","has-post-thumbnail","hentry","category-coronavirus"],"yoast_head":"<!-- This site is optimized with the Yoast SEO plugin v27.4 - https:\/\/yoast.com\/product\/yoast-seo-wordpress\/ -->\n<title>Precios m\u00e1ximos de venta al p\u00fablico de mascarillas quir\u00fargicas y de geles y soluciones hidroalcoh\u00f3licas - Ayuntamiento de Mula<\/title>\n<meta name=\"robots\" content=\"index, follow, max-snippet:-1, max-image-preview:large, max-video-preview:-1\" \/>\n<link rel=\"canonical\" href=\"https:\/\/mula.es\/web\/precios-maximos-de-venta-al-publico-de-mascarillas-quirurgicas-y-de-geles-y-soluciones-hidroalcoholicas\/\" \/>\n<meta property=\"og:locale\" content=\"es_ES\" \/>\n<meta property=\"og:type\" content=\"article\" \/>\n<meta property=\"og:title\" content=\"Precios m\u00e1ximos de venta al p\u00fablico de mascarillas quir\u00fargicas y de geles y soluciones hidroalcoh\u00f3licas - Ayuntamiento de Mula\" \/>\n<meta property=\"og:description\" content=\"&#x1f4cc; Hoy entran en vigor los precios m\u00e1ximos de venta al p\u00fablico de mascarillas quir\u00fargicas y de geles y soluciones hidroalcoh\u00f3licas autorizados temporalmente por la Agencia Espa\u00f1ola de Medicamentos y Productos Sanitarios. &#x2139;&#xfe0f; M\u00e1s informaci\u00f3n en: https:\/\/www.mscbs.gob.es\/en\/gabinete\/notasPrensa.do?metodo=detalle&amp;id=4874 #ActualidadCOVID19\" \/>\n<meta property=\"og:url\" content=\"https:\/\/mula.es\/web\/precios-maximos-de-venta-al-publico-de-mascarillas-quirurgicas-y-de-geles-y-soluciones-hidroalcoholicas\/\" \/>\n<meta property=\"og:site_name\" content=\"Ayuntamiento de Mula\" \/>\n<meta property=\"article:published_time\" content=\"2020-04-24T17:24:39+00:00\" \/>\n<meta property=\"og:image\" content=\"https:\/\/i0.wp.com\/mula.es\/web\/wp-content\/uploads\/2020\/04\/WhatsApp-Image-2020-04-24-at-18.34.16.jpeg?fit=1024%2C512&ssl=1\" \/>\n\t<meta property=\"og:image:width\" content=\"1024\" \/>\n\t<meta property=\"og:image:height\" content=\"512\" \/>\n\t<meta property=\"og:image:type\" content=\"image\/jpeg\" \/>\n<meta name=\"author\" content=\"admin\" \/>\n<meta name=\"twitter:card\" content=\"summary_large_image\" \/>\n<meta name=\"twitter:creator\" content=\"@AyuntamientMula\" \/>\n<meta name=\"twitter:site\" content=\"@AyuntamientMula\" \/>\n<meta name=\"twitter:label1\" content=\"Escrito por\" \/>\n\t<meta name=\"twitter:data1\" content=\"admin\" \/>\n<script type=\"application\/ld+json\" class=\"yoast-schema-graph\">{\"@context\":\"https:\\\/\\\/schema.org\",\"@graph\":[{\"@type\":\"Article\",\"@id\":\"https:\\\/\\\/mula.es\\\/web\\\/precios-maximos-de-venta-al-publico-de-mascarillas-quirurgicas-y-de-geles-y-soluciones-hidroalcoholicas\\\/#article\",\"isPartOf\":{\"@id\":\"https:\\\/\\\/mula.es\\\/web\\\/precios-maximos-de-venta-al-publico-de-mascarillas-quirurgicas-y-de-geles-y-soluciones-hidroalcoholicas\\\/\"},\"author\":{\"name\":\"admin\",\"@id\":\"https:\\\/\\\/mula.es\\\/web\\\/#\\\/schema\\\/person\\\/a0dbffe9f4a3ed4aaebedcfef02f71a1\"},\"headline\":\"Precios m\u00e1ximos de venta al p\u00fablico de mascarillas quir\u00fargicas y de geles y soluciones hidroalcoh\u00f3licas\",\"datePublished\":\"2020-04-24T17:24:39+00:00\",\"mainEntityOfPage\":{\"@id\":\"https:\\\/\\\/mula.es\\\/web\\\/precios-maximos-de-venta-al-publico-de-mascarillas-quirurgicas-y-de-geles-y-soluciones-hidroalcoholicas\\\/\"},\"wordCount\":80,\"image\":{\"@id\":\"https:\\\/\\\/mula.es\\\/web\\\/precios-maximos-de-venta-al-publico-de-mascarillas-quirurgicas-y-de-geles-y-soluciones-hidroalcoholicas\\\/#primaryimage\"},\"thumbnailUrl\":\"https:\\\/\\\/mula.es\\\/web\\\/wp-content\\\/uploads\\\/2020\\\/04\\\/WhatsApp-Image-2020-04-24-at-18.34.16.jpeg\",\"articleSection\":[\"coronavirus\"],\"inLanguage\":\"es\"},{\"@type\":\"WebPage\",\"@id\":\"https:\\\/\\\/mula.es\\\/web\\\/precios-maximos-de-venta-al-publico-de-mascarillas-quirurgicas-y-de-geles-y-soluciones-hidroalcoholicas\\\/\",\"url\":\"https:\\\/\\\/mula.es\\\/web\\\/precios-maximos-de-venta-al-publico-de-mascarillas-quirurgicas-y-de-geles-y-soluciones-hidroalcoholicas\\\/\",\"name\":\"Precios m\u00e1ximos de venta al p\u00fablico de mascarillas quir\u00fargicas y de geles y soluciones hidroalcoh\u00f3licas - Ayuntamiento de Mula\",\"isPartOf\":{\"@id\":\"https:\\\/\\\/mula.es\\\/web\\\/#website\"},\"primaryImageOfPage\":{\"@id\":\"https:\\\/\\\/mula.es\\\/web\\\/precios-maximos-de-venta-al-publico-de-mascarillas-quirurgicas-y-de-geles-y-soluciones-hidroalcoholicas\\\/#primaryimage\"},\"image\":{\"@id\":\"https:\\\/\\\/mula.es\\\/web\\\/precios-maximos-de-venta-al-publico-de-mascarillas-quirurgicas-y-de-geles-y-soluciones-hidroalcoholicas\\\/#primaryimage\"},\"thumbnailUrl\":\"https:\\\/\\\/mula.es\\\/web\\\/wp-content\\\/uploads\\\/2020\\\/04\\\/WhatsApp-Image-2020-04-24-at-18.34.16.jpeg\",\"datePublished\":\"2020-04-24T17:24:39+00:00\",\"author\":{\"@id\":\"https:\\\/\\\/mula.es\\\/web\\\/#\\\/schema\\\/person\\\/a0dbffe9f4a3ed4aaebedcfef02f71a1\"},\"breadcrumb\":{\"@id\":\"https:\\\/\\\/mula.es\\\/web\\\/precios-maximos-de-venta-al-publico-de-mascarillas-quirurgicas-y-de-geles-y-soluciones-hidroalcoholicas\\\/#breadcrumb\"},\"inLanguage\":\"es\",\"potentialAction\":[{\"@type\":\"ReadAction\",\"target\":[\"https:\\\/\\\/mula.es\\\/web\\\/precios-maximos-de-venta-al-publico-de-mascarillas-quirurgicas-y-de-geles-y-soluciones-hidroalcoholicas\\\/\"]}]},{\"@type\":\"ImageObject\",\"inLanguage\":\"es\",\"@id\":\"https:\\\/\\\/mula.es\\\/web\\\/precios-maximos-de-venta-al-publico-de-mascarillas-quirurgicas-y-de-geles-y-soluciones-hidroalcoholicas\\\/#primaryimage\",\"url\":\"https:\\\/\\\/mula.es\\\/web\\\/wp-content\\\/uploads\\\/2020\\\/04\\\/WhatsApp-Image-2020-04-24-at-18.34.16.jpeg\",\"contentUrl\":\"https:\\\/\\\/mula.es\\\/web\\\/wp-content\\\/uploads\\\/2020\\\/04\\\/WhatsApp-Image-2020-04-24-at-18.34.16.jpeg\",\"width\":1024,\"height\":512},{\"@type\":\"BreadcrumbList\",\"@id\":\"https:\\\/\\\/mula.es\\\/web\\\/precios-maximos-de-venta-al-publico-de-mascarillas-quirurgicas-y-de-geles-y-soluciones-hidroalcoholicas\\\/#breadcrumb\",\"itemListElement\":[{\"@type\":\"ListItem\",\"position\":1,\"name\":\"Portada\",\"item\":\"https:\\\/\\\/mula.es\\\/web\\\/\"},{\"@type\":\"ListItem\",\"position\":2,\"name\":\"Precios m\u00e1ximos de venta al p\u00fablico de mascarillas quir\u00fargicas y de geles y soluciones hidroalcoh\u00f3licas\"}]},{\"@type\":\"WebSite\",\"@id\":\"https:\\\/\\\/mula.es\\\/web\\\/#website\",\"url\":\"https:\\\/\\\/mula.es\\\/web\\\/\",\"name\":\"Ayuntamiento de Mula\",\"description\":\"P\u00e1gina web del Ayuntamiento de Mula (Regi\u00f3n de Murcia)\",\"potentialAction\":[{\"@type\":\"SearchAction\",\"target\":{\"@type\":\"EntryPoint\",\"urlTemplate\":\"https:\\\/\\\/mula.es\\\/web\\\/?s={search_term_string}\"},\"query-input\":{\"@type\":\"PropertyValueSpecification\",\"valueRequired\":true,\"valueName\":\"search_term_string\"}}],\"inLanguage\":\"es\"},{\"@type\":\"Person\",\"@id\":\"https:\\\/\\\/mula.es\\\/web\\\/#\\\/schema\\\/person\\\/a0dbffe9f4a3ed4aaebedcfef02f71a1\",\"name\":\"admin\",\"image\":{\"@type\":\"ImageObject\",\"inLanguage\":\"es\",\"@id\":\"https:\\\/\\\/secure.gravatar.com\\\/avatar\\\/5423b9cd77f4c7f89a124365a268866f9dfee038c17fe9e37afd92b5920d810e?s=96&d=mm&r=g\",\"url\":\"https:\\\/\\\/secure.gravatar.com\\\/avatar\\\/5423b9cd77f4c7f89a124365a268866f9dfee038c17fe9e37afd92b5920d810e?s=96&d=mm&r=g\",\"contentUrl\":\"https:\\\/\\\/secure.gravatar.com\\\/avatar\\\/5423b9cd77f4c7f89a124365a268866f9dfee038c17fe9e37afd92b5920d810e?s=96&d=mm&r=g\",\"caption\":\"admin\"},\"description\":\"Lorem ipsum dolor sit amet, consectetur adipiscing elit. Nam viverra euismod odio, gravida pellentesque urna varius vitae. Sed dui lorem, adipiscing in adipiscing et, interdum nec metus. Mauris ultricies, justo eu convallis placerat, felis enim ornare nisi, vitae mattis nulla ante id dui. Ut lectus purus, commodo et tincidunt vel, interdum sed lectus. Vestibulum adipiscing tempor nisi id elementi.\",\"url\":\"https:\\\/\\\/mula.es\\\/web\\\/author\\\/jose-maria-boti\\\/\"}]}<\/script>\n<!-- \/ Yoast SEO plugin. -->","yoast_head_json":{"title":"Precios m\u00e1ximos de venta al p\u00fablico de mascarillas quir\u00fargicas y de geles y soluciones hidroalcoh\u00f3licas - Ayuntamiento de Mula","robots":{"index":"index","follow":"follow","max-snippet":"max-snippet:-1","max-image-preview":"max-image-preview:large","max-video-preview":"max-video-preview:-1"},"canonical":"https:\/\/mula.es\/web\/precios-maximos-de-venta-al-publico-de-mascarillas-quirurgicas-y-de-geles-y-soluciones-hidroalcoholicas\/","og_locale":"es_ES","og_type":"article","og_title":"Precios m\u00e1ximos de venta al p\u00fablico de mascarillas quir\u00fargicas y de geles y soluciones hidroalcoh\u00f3licas - Ayuntamiento de Mula","og_description":"&#x1f4cc; Hoy entran en vigor los precios m\u00e1ximos de venta al p\u00fablico de mascarillas quir\u00fargicas y de geles y soluciones hidroalcoh\u00f3licas autorizados temporalmente por la Agencia Espa\u00f1ola de Medicamentos y Productos Sanitarios. &#x2139;&#xfe0f; M\u00e1s informaci\u00f3n en: https:\/\/www.mscbs.gob.es\/en\/gabinete\/notasPrensa.do?metodo=detalle&amp;id=4874 #ActualidadCOVID19","og_url":"https:\/\/mula.es\/web\/precios-maximos-de-venta-al-publico-de-mascarillas-quirurgicas-y-de-geles-y-soluciones-hidroalcoholicas\/","og_site_name":"Ayuntamiento de Mula","article_published_time":"2020-04-24T17:24:39+00:00","og_image":[{"width":1024,"height":512,"url":"https:\/\/i0.wp.com\/mula.es\/web\/wp-content\/uploads\/2020\/04\/WhatsApp-Image-2020-04-24-at-18.34.16.jpeg?fit=1024%2C512&ssl=1","type":"image\/jpeg"}],"author":"admin","twitter_card":"summary_large_image","twitter_creator":"@AyuntamientMula","twitter_site":"@AyuntamientMula","twitter_misc":{"Escrito por":"admin"},"schema":{"@context":"https:\/\/schema.org","@graph":[{"@type":"Article","@id":"https:\/\/mula.es\/web\/precios-maximos-de-venta-al-publico-de-mascarillas-quirurgicas-y-de-geles-y-soluciones-hidroalcoholicas\/#article","isPartOf":{"@id":"https:\/\/mula.es\/web\/precios-maximos-de-venta-al-publico-de-mascarillas-quirurgicas-y-de-geles-y-soluciones-hidroalcoholicas\/"},"author":{"name":"admin","@id":"https:\/\/mula.es\/web\/#\/schema\/person\/a0dbffe9f4a3ed4aaebedcfef02f71a1"},"headline":"Precios m\u00e1ximos de venta al p\u00fablico de mascarillas quir\u00fargicas y de geles y soluciones hidroalcoh\u00f3licas","datePublished":"2020-04-24T17:24:39+00:00","mainEntityOfPage":{"@id":"https:\/\/mula.es\/web\/precios-maximos-de-venta-al-publico-de-mascarillas-quirurgicas-y-de-geles-y-soluciones-hidroalcoholicas\/"},"wordCount":80,"image":{"@id":"https:\/\/mula.es\/web\/precios-maximos-de-venta-al-publico-de-mascarillas-quirurgicas-y-de-geles-y-soluciones-hidroalcoholicas\/#primaryimage"},"thumbnailUrl":"https:\/\/mula.es\/web\/wp-content\/uploads\/2020\/04\/WhatsApp-Image-2020-04-24-at-18.34.16.jpeg","articleSection":["coronavirus"],"inLanguage":"es"},{"@type":"WebPage","@id":"https:\/\/mula.es\/web\/precios-maximos-de-venta-al-publico-de-mascarillas-quirurgicas-y-de-geles-y-soluciones-hidroalcoholicas\/","url":"https:\/\/mula.es\/web\/precios-maximos-de-venta-al-publico-de-mascarillas-quirurgicas-y-de-geles-y-soluciones-hidroalcoholicas\/","name":"Precios m\u00e1ximos de venta al p\u00fablico de mascarillas quir\u00fargicas y de geles y soluciones hidroalcoh\u00f3licas - Ayuntamiento de Mula","isPartOf":{"@id":"https:\/\/mula.es\/web\/#website"},"primaryImageOfPage":{"@id":"https:\/\/mula.es\/web\/precios-maximos-de-venta-al-publico-de-mascarillas-quirurgicas-y-de-geles-y-soluciones-hidroalcoholicas\/#primaryimage"},"image":{"@id":"https:\/\/mula.es\/web\/precios-maximos-de-venta-al-publico-de-mascarillas-quirurgicas-y-de-geles-y-soluciones-hidroalcoholicas\/#primaryimage"},"thumbnailUrl":"https:\/\/mula.es\/web\/wp-content\/uploads\/2020\/04\/WhatsApp-Image-2020-04-24-at-18.34.16.jpeg","datePublished":"2020-04-24T17:24:39+00:00","author":{"@id":"https:\/\/mula.es\/web\/#\/schema\/person\/a0dbffe9f4a3ed4aaebedcfef02f71a1"},"breadcrumb":{"@id":"https:\/\/mula.es\/web\/precios-maximos-de-venta-al-publico-de-mascarillas-quirurgicas-y-de-geles-y-soluciones-hidroalcoholicas\/#breadcrumb"},"inLanguage":"es","potentialAction":[{"@type":"ReadAction","target":["https:\/\/mula.es\/web\/precios-maximos-de-venta-al-publico-de-mascarillas-quirurgicas-y-de-geles-y-soluciones-hidroalcoholicas\/"]}]},{"@type":"ImageObject","inLanguage":"es","@id":"https:\/\/mula.es\/web\/precios-maximos-de-venta-al-publico-de-mascarillas-quirurgicas-y-de-geles-y-soluciones-hidroalcoholicas\/#primaryimage","url":"https:\/\/mula.es\/web\/wp-content\/uploads\/2020\/04\/WhatsApp-Image-2020-04-24-at-18.34.16.jpeg","contentUrl":"https:\/\/mula.es\/web\/wp-content\/uploads\/2020\/04\/WhatsApp-Image-2020-04-24-at-18.34.16.jpeg","width":1024,"height":512},{"@type":"BreadcrumbList","@id":"https:\/\/mula.es\/web\/precios-maximos-de-venta-al-publico-de-mascarillas-quirurgicas-y-de-geles-y-soluciones-hidroalcoholicas\/#breadcrumb","itemListElement":[{"@type":"ListItem","position":1,"name":"Portada","item":"https:\/\/mula.es\/web\/"},{"@type":"ListItem","position":2,"name":"Precios m\u00e1ximos de venta al p\u00fablico de mascarillas quir\u00fargicas y de geles y soluciones hidroalcoh\u00f3licas"}]},{"@type":"WebSite","@id":"https:\/\/mula.es\/web\/#website","url":"https:\/\/mula.es\/web\/","name":"Ayuntamiento de Mula","description":"P\u00e1gina web del Ayuntamiento de Mula (Regi\u00f3n de Murcia)","potentialAction":[{"@type":"SearchAction","target":{"@type":"EntryPoint","urlTemplate":"https:\/\/mula.es\/web\/?s={search_term_string}"},"query-input":{"@type":"PropertyValueSpecification","valueRequired":true,"valueName":"search_term_string"}}],"inLanguage":"es"},{"@type":"Person","@id":"https:\/\/mula.es\/web\/#\/schema\/person\/a0dbffe9f4a3ed4aaebedcfef02f71a1","name":"admin","image":{"@type":"ImageObject","inLanguage":"es","@id":"https:\/\/secure.gravatar.com\/avatar\/5423b9cd77f4c7f89a124365a268866f9dfee038c17fe9e37afd92b5920d810e?s=96&d=mm&r=g","url":"https:\/\/secure.gravatar.com\/avatar\/5423b9cd77f4c7f89a124365a268866f9dfee038c17fe9e37afd92b5920d810e?s=96&d=mm&r=g","contentUrl":"https:\/\/secure.gravatar.com\/avatar\/5423b9cd77f4c7f89a124365a268866f9dfee038c17fe9e37afd92b5920d810e?s=96&d=mm&r=g","caption":"admin"},"description":"Lorem ipsum dolor sit amet, consectetur adipiscing elit. Nam viverra euismod odio, gravida pellentesque urna varius vitae. Sed dui lorem, adipiscing in adipiscing et, interdum nec metus. Mauris ultricies, justo eu convallis placerat, felis enim ornare nisi, vitae mattis nulla ante id dui. Ut lectus purus, commodo et tincidunt vel, interdum sed lectus. Vestibulum adipiscing tempor nisi id elementi.","url":"https:\/\/mula.es\/web\/author\/jose-maria-boti\/"}]}},"jetpack_publicize_connections":[],"jetpack_featured_media_url":"https:\/\/mula.es\/web\/wp-content\/uploads\/2020\/04\/WhatsApp-Image-2020-04-24-at-18.34.16.jpeg","jetpack_sharing_enabled":true,"jetpack_shortlink":"https:\/\/wp.me\/pa9DMY-8Bj","jetpack-related-posts":[],"_links":{"self":[{"href":"https:\/\/mula.es\/web\/wp-json\/wp\/v2\/posts\/33065","targetHints":{"allow":["GET"]}}],"collection":[{"href":"https:\/\/mula.es\/web\/wp-json\/wp\/v2\/posts"}],"about":[{"href":"https:\/\/mula.es\/web\/wp-json\/wp\/v2\/types\/post"}],"author":[{"embeddable":true,"href":"https:\/\/mula.es\/web\/wp-json\/wp\/v2\/users\/1"}],"replies":[{"embeddable":true,"href":"https:\/\/mula.es\/web\/wp-json\/wp\/v2\/comments?post=33065"}],"version-history":[{"count":1,"href":"https:\/\/mula.es\/web\/wp-json\/wp\/v2\/posts\/33065\/revisions"}],"predecessor-version":[{"id":33067,"href":"https:\/\/mula.es\/web\/wp-json\/wp\/v2\/posts\/33065\/revisions\/33067"}],"wp:featuredmedia":[{"embeddable":true,"href":"https:\/\/mula.es\/web\/wp-json\/wp\/v2\/media\/33066"}],"wp:attachment":[{"href":"https:\/\/mula.es\/web\/wp-json\/wp\/v2\/media?parent=33065"}],"wp:term":[{"taxonomy":"category","embeddable":true,"href":"https:\/\/mula.es\/web\/wp-json\/wp\/v2\/categories?post=33065"},{"taxonomy":"post_tag","embeddable":true,"href":"https:\/\/mula.es\/web\/wp-json\/wp\/v2\/tags?post=33065"}],"curies":[{"name":"wp","href":"https:\/\/api.w.org\/{rel}","templated":true}]}}