{"id":33261,"date":"2020-05-06T19:57:32","date_gmt":"2020-05-06T17:57:32","guid":{"rendered":"http:\/\/mula.es\/web\/?p=33261"},"modified":"2021-05-12T20:09:17","modified_gmt":"2021-05-12T18:09:17","slug":"bando-de-alcaldia-ornato-y-salubridad-parcelas-y-solares-urbanos","status":"publish","type":"post","link":"https:\/\/mula.es\/web\/bando-de-alcaldia-ornato-y-salubridad-parcelas-y-solares-urbanos\/","title":{"rendered":"Bando de Alcald\u00eda &#8211; Ornato y salubridad parcelas y solares urbanos"},"content":{"rendered":"<p style=\"text-align: justify;\" align=\"justify\"><span style=\"font-size: x-large;\"><u><b>BANDO<\/b><\/u><\/span><\/p>\n<p style=\"text-align: justify;\" align=\"justify\"><span style=\"font-size: large;\">D. Juan Jes\u00fas Moreno Garc\u00eda, Alcalde-Presidente del Excmo. Ayuntamiento de Mula<\/span><\/p>\n<p style=\"text-align: justify;\" align=\"justify\"><span style=\"font-size: large;\"><b>HACE SABER QUE:<\/b><\/span><\/p>\n<p style=\"text-align: justify;\" align=\"justify\"><span style=\"font-size: large;\">La Inspecci\u00f3n municipal ha puesto en conocimiento de esta Corporaci\u00f3n la existencia en nuestro t\u00e9rmino municipal de numerosas parcelas y solares urbanos que presentan abundancia de arbustos, maleza y dep\u00f3sitos de residuos y basuras.<\/span><\/p>\n<p style=\"text-align: justify;\" align=\"justify\"><span style=\"font-size: large;\">Esta situaci\u00f3n tiene consecuencias negativas para la salubridad, el medio ambiente y el ornato p\u00fablico, sobre todo, porque con la llegada de las altas temperaturas propias de la \u00e9poca estival, aumenta enormemente el riesgo de incendios y de presencia de insectos y roedores.<\/span><\/p>\n<p style=\"text-align: justify;\" align=\"justify\"><span style=\"font-size: large;\">El art\u00edculo 110 de la Ley 13\/2015, de 30 de marzo, de Ordenaci\u00f3n Territorial y Urban\u00edstica de la Regi\u00f3n de Murcia, <\/span><span style=\"font-size: large;\"><b>impone a los propietarios de toda clase de terrenos, el deber de mantenerlos en condiciones de seguridad, salubridad, accesibilidad universal y ornato p\u00fablico.<\/b><\/span><\/p>\n<p style=\"text-align: justify;\" align=\"justify\"><span style=\"font-size: large;\">Asimismo, el art\u00edculo 6 de la Ordenanza Municipal de Convivencia y Seguridad Ciudadana obliga a los propietarios de terrenos, construcciones y edificios a mantenerlos en condiciones de seguridad, salubridad y ornato p\u00fablico estando obligados a realizar las obras y trabajos necesarios para su conservaci\u00f3n o rehabilitaci\u00f3n a fin de mantener las condiciones de habitabilidad y decoro.<\/span><\/p>\n<p style=\"text-align: justify;\" align=\"justify\"><span style=\"font-size: large;\">En atenci\u00f3n a todo lo expuesto, con la finalidad de evitar situaciones de insalubridad y para que no se acreciente el riesgo de incendio en estas fechas, se requiere a los propietarios de parcelas y solares urbanos de este t\u00e9rmino municipal a proceder con urgencia a la limpieza y desbroce de estos, manteni\u00e9ndolos en las debidas condiciones.<\/span><\/p>\n<p style=\"text-align: justify;\" align=\"justify\"><span style=\"font-size: large;\">El incumplimiento de este requerimiento dar\u00e1 lugar a la correspondiente Orden de ejecuci\u00f3n, de conformidad con lo dispuesto en el art\u00edculo 270 de la Ley 13\/2015, siendo los trabajos de limpieza, en caso de incumplimiento, ejecutados por el Ayuntamiento a costa del propietario; todo ello sin perjuicio de la apertura del correspondiente expediente sancionador.<\/span><\/p>\n<p style=\"text-align: justify;\" align=\"justify\"><span style=\"font-size: large;\">Hacer de Mula una ciudad bella, limpia y segura es tarea de todos.<\/span><\/p>\n<p style=\"text-align: justify;\" align=\"justify\"><span style=\"font-size: large;\">Juan Jes\u00fas Moreno Garc\u00eda<\/span><\/p>\n<p style=\"text-align: justify;\" align=\"justify\"><span style=\"font-size: large;\">Alcalde de Mula<\/span><\/p>\n","protected":false},"excerpt":{"rendered":"<p>BANDO D. Juan Jes\u00fas Moreno Garc\u00eda, Alcalde-Presidente del Excmo. Ayuntamiento de Mula HACE SABER QUE: La Inspecci\u00f3n municipal ha puesto en conocimiento de esta Corporaci\u00f3n la existencia en nuestro t\u00e9rmino municipal de numerosas parcelas y solares urbanos que presentan abundancia de arbustos, maleza y dep\u00f3sitos de residuos y basuras. Esta situaci\u00f3n tiene consecuencias negativas para  [&#8230;]<\/p>\n","protected":false},"author":1,"featured_media":15914,"comment_status":"closed","ping_status":"closed","sticky":false,"template":"","format":"standard","meta":{"jetpack_post_was_ever_published":false,"_jetpack_newsletter_access":"","_jetpack_dont_email_post_to_subs":false,"_jetpack_newsletter_tier_id":0,"_jetpack_memberships_contains_paywalled_content":false,"_jetpack_memberships_contains_paid_content":false,"footnotes":"","jetpack_publicize_message":"","jetpack_publicize_feature_enabled":true,"jetpack_social_post_already_shared":true,"jetpack_social_options":{"image_generator_settings":{"template":"highway","default_image_id":0,"font":"","enabled":false},"version":2}},"categories":[127,392,479],"tags":[],"class_list":["post-33261","post","type-post","status-publish","format-standard","has-post-thumbnail","hentry","category-alcalde","category-alcaldia","category-bando"],"yoast_head":"<!-- This site is optimized with the Yoast SEO plugin v27.5 - https:\/\/yoast.com\/product\/yoast-seo-wordpress\/ -->\n<title>Bando de Alcald\u00eda - Ornato y salubridad parcelas y solares urbanos - Ayuntamiento de Mula<\/title>\n<meta name=\"robots\" content=\"index, follow, max-snippet:-1, max-image-preview:large, max-video-preview:-1\" \/>\n<link rel=\"canonical\" href=\"https:\/\/mula.es\/web\/bando-de-alcaldia-ornato-y-salubridad-parcelas-y-solares-urbanos\/\" \/>\n<meta property=\"og:locale\" content=\"es_ES\" \/>\n<meta property=\"og:type\" content=\"article\" \/>\n<meta property=\"og:title\" content=\"Bando de Alcald\u00eda - Ornato y salubridad parcelas y solares urbanos - Ayuntamiento de Mula\" \/>\n<meta property=\"og:description\" content=\"BANDO D. Juan Jes\u00fas Moreno Garc\u00eda, Alcalde-Presidente del Excmo. Ayuntamiento de Mula HACE SABER QUE: La Inspecci\u00f3n municipal ha puesto en conocimiento de esta Corporaci\u00f3n la existencia en nuestro t\u00e9rmino municipal de numerosas parcelas y solares urbanos que presentan abundancia de arbustos, maleza y dep\u00f3sitos de residuos y basuras. Esta situaci\u00f3n tiene consecuencias negativas para [...]\" \/>\n<meta property=\"og:url\" content=\"https:\/\/mula.es\/web\/bando-de-alcaldia-ornato-y-salubridad-parcelas-y-solares-urbanos\/\" \/>\n<meta property=\"og:site_name\" content=\"Ayuntamiento de Mula\" \/>\n<meta property=\"article:published_time\" content=\"2020-05-06T17:57:32+00:00\" \/>\n<meta property=\"article:modified_time\" content=\"2021-05-12T18:09:17+00:00\" \/>\n<meta property=\"og:image\" content=\"https:\/\/i0.wp.com\/mula.es\/web\/wp-content\/uploads\/2016\/04\/escudo_ayto-1.png?fit=91%2C98&ssl=1\" \/>\n\t<meta property=\"og:image:width\" content=\"91\" \/>\n\t<meta property=\"og:image:height\" content=\"98\" \/>\n\t<meta property=\"og:image:type\" content=\"image\/png\" \/>\n<meta name=\"author\" content=\"admin\" \/>\n<meta name=\"twitter:card\" content=\"summary_large_image\" \/>\n<meta name=\"twitter:creator\" content=\"@AyuntamientMula\" \/>\n<meta name=\"twitter:site\" content=\"@AyuntamientMula\" \/>\n<meta name=\"twitter:label1\" content=\"Escrito por\" \/>\n\t<meta name=\"twitter:data1\" content=\"admin\" \/>\n\t<meta name=\"twitter:label2\" content=\"Tiempo de lectura\" \/>\n\t<meta name=\"twitter:data2\" content=\"2 minutos\" \/>\n<script type=\"application\/ld+json\" class=\"yoast-schema-graph\">{\"@context\":\"https:\\\/\\\/schema.org\",\"@graph\":[{\"@type\":\"Article\",\"@id\":\"https:\\\/\\\/mula.es\\\/web\\\/bando-de-alcaldia-ornato-y-salubridad-parcelas-y-solares-urbanos\\\/#article\",\"isPartOf\":{\"@id\":\"https:\\\/\\\/mula.es\\\/web\\\/bando-de-alcaldia-ornato-y-salubridad-parcelas-y-solares-urbanos\\\/\"},\"author\":{\"name\":\"admin\",\"@id\":\"https:\\\/\\\/mula.es\\\/web\\\/#\\\/schema\\\/person\\\/a0dbffe9f4a3ed4aaebedcfef02f71a1\"},\"headline\":\"Bando de Alcald\u00eda &#8211; Ornato y salubridad parcelas y solares urbanos\",\"datePublished\":\"2020-05-06T17:57:32+00:00\",\"dateModified\":\"2021-05-12T18:09:17+00:00\",\"mainEntityOfPage\":{\"@id\":\"https:\\\/\\\/mula.es\\\/web\\\/bando-de-alcaldia-ornato-y-salubridad-parcelas-y-solares-urbanos\\\/\"},\"wordCount\":353,\"image\":{\"@id\":\"https:\\\/\\\/mula.es\\\/web\\\/bando-de-alcaldia-ornato-y-salubridad-parcelas-y-solares-urbanos\\\/#primaryimage\"},\"thumbnailUrl\":\"https:\\\/\\\/mula.es\\\/web\\\/wp-content\\\/uploads\\\/2016\\\/04\\\/escudo_ayto-1.png\",\"articleSection\":[\"alcalde\",\"alcald\u00eda\",\"bando\"],\"inLanguage\":\"es\"},{\"@type\":\"WebPage\",\"@id\":\"https:\\\/\\\/mula.es\\\/web\\\/bando-de-alcaldia-ornato-y-salubridad-parcelas-y-solares-urbanos\\\/\",\"url\":\"https:\\\/\\\/mula.es\\\/web\\\/bando-de-alcaldia-ornato-y-salubridad-parcelas-y-solares-urbanos\\\/\",\"name\":\"Bando de Alcald\u00eda - Ornato y salubridad parcelas y solares urbanos - Ayuntamiento de Mula\",\"isPartOf\":{\"@id\":\"https:\\\/\\\/mula.es\\\/web\\\/#website\"},\"primaryImageOfPage\":{\"@id\":\"https:\\\/\\\/mula.es\\\/web\\\/bando-de-alcaldia-ornato-y-salubridad-parcelas-y-solares-urbanos\\\/#primaryimage\"},\"image\":{\"@id\":\"https:\\\/\\\/mula.es\\\/web\\\/bando-de-alcaldia-ornato-y-salubridad-parcelas-y-solares-urbanos\\\/#primaryimage\"},\"thumbnailUrl\":\"https:\\\/\\\/mula.es\\\/web\\\/wp-content\\\/uploads\\\/2016\\\/04\\\/escudo_ayto-1.png\",\"datePublished\":\"2020-05-06T17:57:32+00:00\",\"dateModified\":\"2021-05-12T18:09:17+00:00\",\"author\":{\"@id\":\"https:\\\/\\\/mula.es\\\/web\\\/#\\\/schema\\\/person\\\/a0dbffe9f4a3ed4aaebedcfef02f71a1\"},\"breadcrumb\":{\"@id\":\"https:\\\/\\\/mula.es\\\/web\\\/bando-de-alcaldia-ornato-y-salubridad-parcelas-y-solares-urbanos\\\/#breadcrumb\"},\"inLanguage\":\"es\",\"potentialAction\":[{\"@type\":\"ReadAction\",\"target\":[\"https:\\\/\\\/mula.es\\\/web\\\/bando-de-alcaldia-ornato-y-salubridad-parcelas-y-solares-urbanos\\\/\"]}]},{\"@type\":\"ImageObject\",\"inLanguage\":\"es\",\"@id\":\"https:\\\/\\\/mula.es\\\/web\\\/bando-de-alcaldia-ornato-y-salubridad-parcelas-y-solares-urbanos\\\/#primaryimage\",\"url\":\"https:\\\/\\\/mula.es\\\/web\\\/wp-content\\\/uploads\\\/2016\\\/04\\\/escudo_ayto-1.png\",\"contentUrl\":\"https:\\\/\\\/mula.es\\\/web\\\/wp-content\\\/uploads\\\/2016\\\/04\\\/escudo_ayto-1.png\",\"width\":91,\"height\":98,\"caption\":\"escudo ayuntamiento\"},{\"@type\":\"BreadcrumbList\",\"@id\":\"https:\\\/\\\/mula.es\\\/web\\\/bando-de-alcaldia-ornato-y-salubridad-parcelas-y-solares-urbanos\\\/#breadcrumb\",\"itemListElement\":[{\"@type\":\"ListItem\",\"position\":1,\"name\":\"Portada\",\"item\":\"https:\\\/\\\/mula.es\\\/web\\\/\"},{\"@type\":\"ListItem\",\"position\":2,\"name\":\"Bando de Alcald\u00eda &#8211; Ornato y salubridad parcelas y solares urbanos\"}]},{\"@type\":\"WebSite\",\"@id\":\"https:\\\/\\\/mula.es\\\/web\\\/#website\",\"url\":\"https:\\\/\\\/mula.es\\\/web\\\/\",\"name\":\"Ayuntamiento de Mula\",\"description\":\"P\u00e1gina web del Ayuntamiento de Mula (Regi\u00f3n de Murcia)\",\"potentialAction\":[{\"@type\":\"SearchAction\",\"target\":{\"@type\":\"EntryPoint\",\"urlTemplate\":\"https:\\\/\\\/mula.es\\\/web\\\/?s={search_term_string}\"},\"query-input\":{\"@type\":\"PropertyValueSpecification\",\"valueRequired\":true,\"valueName\":\"search_term_string\"}}],\"inLanguage\":\"es\"},{\"@type\":\"Person\",\"@id\":\"https:\\\/\\\/mula.es\\\/web\\\/#\\\/schema\\\/person\\\/a0dbffe9f4a3ed4aaebedcfef02f71a1\",\"name\":\"admin\",\"image\":{\"@type\":\"ImageObject\",\"inLanguage\":\"es\",\"@id\":\"https:\\\/\\\/secure.gravatar.com\\\/avatar\\\/5423b9cd77f4c7f89a124365a268866f9dfee038c17fe9e37afd92b5920d810e?s=96&d=mm&r=g\",\"url\":\"https:\\\/\\\/secure.gravatar.com\\\/avatar\\\/5423b9cd77f4c7f89a124365a268866f9dfee038c17fe9e37afd92b5920d810e?s=96&d=mm&r=g\",\"contentUrl\":\"https:\\\/\\\/secure.gravatar.com\\\/avatar\\\/5423b9cd77f4c7f89a124365a268866f9dfee038c17fe9e37afd92b5920d810e?s=96&d=mm&r=g\",\"caption\":\"admin\"},\"description\":\"Lorem ipsum dolor sit amet, consectetur adipiscing elit. Nam viverra euismod odio, gravida pellentesque urna varius vitae. Sed dui lorem, adipiscing in adipiscing et, interdum nec metus. Mauris ultricies, justo eu convallis placerat, felis enim ornare nisi, vitae mattis nulla ante id dui. Ut lectus purus, commodo et tincidunt vel, interdum sed lectus. Vestibulum adipiscing tempor nisi id elementi.\",\"url\":\"https:\\\/\\\/mula.es\\\/web\\\/author\\\/jose-maria-boti\\\/\"}]}<\/script>\n<!-- \/ Yoast SEO plugin. -->","yoast_head_json":{"title":"Bando de Alcald\u00eda - Ornato y salubridad parcelas y solares urbanos - Ayuntamiento de Mula","robots":{"index":"index","follow":"follow","max-snippet":"max-snippet:-1","max-image-preview":"max-image-preview:large","max-video-preview":"max-video-preview:-1"},"canonical":"https:\/\/mula.es\/web\/bando-de-alcaldia-ornato-y-salubridad-parcelas-y-solares-urbanos\/","og_locale":"es_ES","og_type":"article","og_title":"Bando de Alcald\u00eda - Ornato y salubridad parcelas y solares urbanos - Ayuntamiento de Mula","og_description":"BANDO D. Juan Jes\u00fas Moreno Garc\u00eda, Alcalde-Presidente del Excmo. Ayuntamiento de Mula HACE SABER QUE: La Inspecci\u00f3n municipal ha puesto en conocimiento de esta Corporaci\u00f3n la existencia en nuestro t\u00e9rmino municipal de numerosas parcelas y solares urbanos que presentan abundancia de arbustos, maleza y dep\u00f3sitos de residuos y basuras. Esta situaci\u00f3n tiene consecuencias negativas para [...]","og_url":"https:\/\/mula.es\/web\/bando-de-alcaldia-ornato-y-salubridad-parcelas-y-solares-urbanos\/","og_site_name":"Ayuntamiento de Mula","article_published_time":"2020-05-06T17:57:32+00:00","article_modified_time":"2021-05-12T18:09:17+00:00","og_image":[{"width":91,"height":98,"url":"https:\/\/i0.wp.com\/mula.es\/web\/wp-content\/uploads\/2016\/04\/escudo_ayto-1.png?fit=91%2C98&ssl=1","type":"image\/png"}],"author":"admin","twitter_card":"summary_large_image","twitter_creator":"@AyuntamientMula","twitter_site":"@AyuntamientMula","twitter_misc":{"Escrito por":"admin","Tiempo de lectura":"2 minutos"},"schema":{"@context":"https:\/\/schema.org","@graph":[{"@type":"Article","@id":"https:\/\/mula.es\/web\/bando-de-alcaldia-ornato-y-salubridad-parcelas-y-solares-urbanos\/#article","isPartOf":{"@id":"https:\/\/mula.es\/web\/bando-de-alcaldia-ornato-y-salubridad-parcelas-y-solares-urbanos\/"},"author":{"name":"admin","@id":"https:\/\/mula.es\/web\/#\/schema\/person\/a0dbffe9f4a3ed4aaebedcfef02f71a1"},"headline":"Bando de Alcald\u00eda &#8211; Ornato y salubridad parcelas y solares urbanos","datePublished":"2020-05-06T17:57:32+00:00","dateModified":"2021-05-12T18:09:17+00:00","mainEntityOfPage":{"@id":"https:\/\/mula.es\/web\/bando-de-alcaldia-ornato-y-salubridad-parcelas-y-solares-urbanos\/"},"wordCount":353,"image":{"@id":"https:\/\/mula.es\/web\/bando-de-alcaldia-ornato-y-salubridad-parcelas-y-solares-urbanos\/#primaryimage"},"thumbnailUrl":"https:\/\/mula.es\/web\/wp-content\/uploads\/2016\/04\/escudo_ayto-1.png","articleSection":["alcalde","alcald\u00eda","bando"],"inLanguage":"es"},{"@type":"WebPage","@id":"https:\/\/mula.es\/web\/bando-de-alcaldia-ornato-y-salubridad-parcelas-y-solares-urbanos\/","url":"https:\/\/mula.es\/web\/bando-de-alcaldia-ornato-y-salubridad-parcelas-y-solares-urbanos\/","name":"Bando de Alcald\u00eda - Ornato y salubridad parcelas y solares urbanos - Ayuntamiento de Mula","isPartOf":{"@id":"https:\/\/mula.es\/web\/#website"},"primaryImageOfPage":{"@id":"https:\/\/mula.es\/web\/bando-de-alcaldia-ornato-y-salubridad-parcelas-y-solares-urbanos\/#primaryimage"},"image":{"@id":"https:\/\/mula.es\/web\/bando-de-alcaldia-ornato-y-salubridad-parcelas-y-solares-urbanos\/#primaryimage"},"thumbnailUrl":"https:\/\/mula.es\/web\/wp-content\/uploads\/2016\/04\/escudo_ayto-1.png","datePublished":"2020-05-06T17:57:32+00:00","dateModified":"2021-05-12T18:09:17+00:00","author":{"@id":"https:\/\/mula.es\/web\/#\/schema\/person\/a0dbffe9f4a3ed4aaebedcfef02f71a1"},"breadcrumb":{"@id":"https:\/\/mula.es\/web\/bando-de-alcaldia-ornato-y-salubridad-parcelas-y-solares-urbanos\/#breadcrumb"},"inLanguage":"es","potentialAction":[{"@type":"ReadAction","target":["https:\/\/mula.es\/web\/bando-de-alcaldia-ornato-y-salubridad-parcelas-y-solares-urbanos\/"]}]},{"@type":"ImageObject","inLanguage":"es","@id":"https:\/\/mula.es\/web\/bando-de-alcaldia-ornato-y-salubridad-parcelas-y-solares-urbanos\/#primaryimage","url":"https:\/\/mula.es\/web\/wp-content\/uploads\/2016\/04\/escudo_ayto-1.png","contentUrl":"https:\/\/mula.es\/web\/wp-content\/uploads\/2016\/04\/escudo_ayto-1.png","width":91,"height":98,"caption":"escudo ayuntamiento"},{"@type":"BreadcrumbList","@id":"https:\/\/mula.es\/web\/bando-de-alcaldia-ornato-y-salubridad-parcelas-y-solares-urbanos\/#breadcrumb","itemListElement":[{"@type":"ListItem","position":1,"name":"Portada","item":"https:\/\/mula.es\/web\/"},{"@type":"ListItem","position":2,"name":"Bando de Alcald\u00eda &#8211; Ornato y salubridad parcelas y solares urbanos"}]},{"@type":"WebSite","@id":"https:\/\/mula.es\/web\/#website","url":"https:\/\/mula.es\/web\/","name":"Ayuntamiento de Mula","description":"P\u00e1gina web del Ayuntamiento de Mula (Regi\u00f3n de Murcia)","potentialAction":[{"@type":"SearchAction","target":{"@type":"EntryPoint","urlTemplate":"https:\/\/mula.es\/web\/?s={search_term_string}"},"query-input":{"@type":"PropertyValueSpecification","valueRequired":true,"valueName":"search_term_string"}}],"inLanguage":"es"},{"@type":"Person","@id":"https:\/\/mula.es\/web\/#\/schema\/person\/a0dbffe9f4a3ed4aaebedcfef02f71a1","name":"admin","image":{"@type":"ImageObject","inLanguage":"es","@id":"https:\/\/secure.gravatar.com\/avatar\/5423b9cd77f4c7f89a124365a268866f9dfee038c17fe9e37afd92b5920d810e?s=96&d=mm&r=g","url":"https:\/\/secure.gravatar.com\/avatar\/5423b9cd77f4c7f89a124365a268866f9dfee038c17fe9e37afd92b5920d810e?s=96&d=mm&r=g","contentUrl":"https:\/\/secure.gravatar.com\/avatar\/5423b9cd77f4c7f89a124365a268866f9dfee038c17fe9e37afd92b5920d810e?s=96&d=mm&r=g","caption":"admin"},"description":"Lorem ipsum dolor sit amet, consectetur adipiscing elit. Nam viverra euismod odio, gravida pellentesque urna varius vitae. Sed dui lorem, adipiscing in adipiscing et, interdum nec metus. Mauris ultricies, justo eu convallis placerat, felis enim ornare nisi, vitae mattis nulla ante id dui. Ut lectus purus, commodo et tincidunt vel, interdum sed lectus. Vestibulum adipiscing tempor nisi id elementi.","url":"https:\/\/mula.es\/web\/author\/jose-maria-boti\/"}]}},"jetpack_publicize_connections":[],"jetpack_featured_media_url":"https:\/\/mula.es\/web\/wp-content\/uploads\/2016\/04\/escudo_ayto-1.png","jetpack_sharing_enabled":true,"jetpack_shortlink":"https:\/\/wp.me\/pa9DMY-8Et","jetpack-related-posts":[],"_links":{"self":[{"href":"https:\/\/mula.es\/web\/wp-json\/wp\/v2\/posts\/33261","targetHints":{"allow":["GET"]}}],"collection":[{"href":"https:\/\/mula.es\/web\/wp-json\/wp\/v2\/posts"}],"about":[{"href":"https:\/\/mula.es\/web\/wp-json\/wp\/v2\/types\/post"}],"author":[{"embeddable":true,"href":"https:\/\/mula.es\/web\/wp-json\/wp\/v2\/users\/1"}],"replies":[{"embeddable":true,"href":"https:\/\/mula.es\/web\/wp-json\/wp\/v2\/comments?post=33261"}],"version-history":[{"count":1,"href":"https:\/\/mula.es\/web\/wp-json\/wp\/v2\/posts\/33261\/revisions"}],"predecessor-version":[{"id":33262,"href":"https:\/\/mula.es\/web\/wp-json\/wp\/v2\/posts\/33261\/revisions\/33262"}],"wp:featuredmedia":[{"embeddable":true,"href":"https:\/\/mula.es\/web\/wp-json\/wp\/v2\/media\/15914"}],"wp:attachment":[{"href":"https:\/\/mula.es\/web\/wp-json\/wp\/v2\/media?parent=33261"}],"wp:term":[{"taxonomy":"category","embeddable":true,"href":"https:\/\/mula.es\/web\/wp-json\/wp\/v2\/categories?post=33261"},{"taxonomy":"post_tag","embeddable":true,"href":"https:\/\/mula.es\/web\/wp-json\/wp\/v2\/tags?post=33261"}],"curies":[{"name":"wp","href":"https:\/\/api.w.org\/{rel}","templated":true}]}}