{"id":33317,"date":"2020-05-11T15:10:33","date_gmt":"2020-05-11T13:10:33","guid":{"rendered":"http:\/\/mula.es\/web\/?p=33317"},"modified":"2021-05-12T20:09:16","modified_gmt":"2021-05-12T18:09:16","slug":"xopiarte-edicion-pintura-con-motivo-de-la-celebracion-del-dia-internacional-de-los-museos","status":"publish","type":"post","link":"https:\/\/mula.es\/web\/xopiarte-edicion-pintura-con-motivo-de-la-celebracion-del-dia-internacional-de-los-museos\/","title":{"rendered":"COPIARTE \u2013 Edici\u00f3n Pintura- con motivo de la celebraci\u00f3n del D\u00eda Internacional de los Museos.\u00a0"},"content":{"rendered":"<div>\n<p style=\"text-align: justify;\" align=\"center\"><span style=\"font-family: Arial, sans-serif;\">La Concejal\u00eda de Cultura y Patrimonio Hist\u00f3rico, y la Concejal\u00eda de Juventud del Excmo. Ayuntamiento de Mula, convocan el <\/span>concurso\u00a0<b>COPIARTE \u2013 Edici\u00f3n Pintura- con motivo de la celebraci\u00f3n del D\u00eda Internacional de los Museos.\u00a0<\/b><\/p>\n<p style=\"text-align: justify;\" align=\"center\">El concurso\u00a0<i><b>COPIARTE<\/b><\/i>\u00a0tiene como objeto promocionar la creatividad art\u00edstica en Mula y pedan\u00edas a trav\u00e9s de unir pintura y fotograf\u00eda en la recreaci\u00f3n de obras pict\u00f3ricas conocidas de cualquier estilo, autor o \u00e9poca. Los participantes presentar\u00e1n una fotograf\u00eda original en la que imitar\u00e1n contexto y contenido de una obra de arte \u2013 Pintura-, convirti\u00e9ndose en protagonistas de ella. Las fotograf\u00edas deben ser realizadas en las viviendas o jardines particulares, no siendo v\u00e1lidas las que se realicen en espacios p\u00fablicos.<\/p>\n<p style=\"text-align: justify;\" align=\"justify\"><span style=\"font-family: Arial, sans-serif;\">Podr\u00e1n participar los vecinos de Mula y pedan\u00edas.<\/span><\/p>\n<p style=\"text-align: justify;\" align=\"justify\"><span style=\"font-family: Arial, sans-serif;\">Se establecen las siguientes categor\u00edas y premios<\/span><\/p>\n<p style=\"text-align: justify;\" align=\"justify\"><span style=\"font-family: Arial, sans-serif;\"><b>&#8211;\u00a0<\/b><b>Categor\u00eda Infantil\u00a0<\/b><b>(de 6 a 12 a\u00f1os)\u00a0<\/b><b>:\u00a0<\/b>Primer premio consistente en un lote de libros y \/o material escolar y de ocio por valor de 60 euros. Segundo premio consistente en un lote de libros y \/o material escolar y de ocio por valor de 30 euros. Premios donados por la Concejal\u00eda de Juventud del Ayuntamiento de Mula.<\/span><\/p>\n<p style=\"text-align: justify;\" align=\"justify\"><span style=\"font-family: Arial, sans-serif;\">Estos premios ser\u00e1n adquiridos en comercios locales del Municipio de Mula.<\/span><\/p>\n<p style=\"text-align: justify;\" align=\"justify\"><b>&#8211;\u00a0<\/b><b>Categor\u00eda Joven\u00a0<\/b><b>(de 13 a 30 a\u00f1os)\u00a0<\/b><b>:<\/b>\u00a0Primer premio dotado con 60 euros en met\u00e1lico y Segundo premio dotado con 40 euros en met\u00e1lico. Premios donados por el Consejo Local de la Juventud de Mula.<\/p>\n<p style=\"text-align: justify;\" align=\"justify\"><b>&#8211;\u00a0<\/b><b>Categor\u00eda Adulta\u00a0<\/b><b>( de 31 a\u00f1os en adelante)\u00a0<\/b><b>:<\/b>\u00a0Primer premio dotado con 150 euros en met\u00e1lico y Segundo premio dotado con 75 euros en met\u00e1lico. Premios donados por la Concejal\u00eda de Cultura y Patrimonio Art\u00edstico.<\/p>\n<p style=\"text-align: justify;\" align=\"justify\"><b>Plazo de presentaci\u00f3n:\u00a0<\/b>Hasta las 13 horas del d\u00eda 18 de mayo de 2020.<\/p>\n<p align=\"justify\"><span style=\"font-family: Arial, sans-serif;\"><a href=\"https:\/\/www.facebook.com\/ConcejaliaCulturayPatrimonioMula\/\" target=\"_blank\" rel=\"noopener noreferrer\" data-saferedirecturl=\"https:\/\/www.google.com\/url?q=https:\/\/www.facebook.com\/ConcejaliaCulturayPatrimonioMula\/&amp;source=gmail&amp;ust=1589275705716000&amp;usg=AFQjCNGdWyjLrPiYtWU5h-cMlShqIkJnQQ\">https:\/\/www.facebook.com\/<wbr \/>ConcejaliaCulturayPatrimonioMu<wbr \/>la\/<\/a><\/span><\/p>\n<\/div>\n<p>&nbsp;<\/p>\n<p><a href=\"http:\/\/https:\/\/mula.es\/web\/wp-content\/uploads\/2020\/05\/BASES-CONCURSO-COPIARTE.-Pintura.pdf\"><img decoding=\"async\" data-attachment-id=\"12585\" data-permalink=\"https:\/\/mula.es\/web\/programas-recursos-y-noticias-sobre-la-infancia-y-la-familia\/crystal_clear_mimetype_pdf\/\" data-orig-file=\"https:\/\/mula.es\/web\/wp-content\/uploads\/2016\/01\/Crystal_Clear_mimetype_pdf-e1454168244556.png\" data-orig-size=\"40,40\" data-comments-opened=\"0\" data-image-meta=\"{&quot;aperture&quot;:&quot;0&quot;,&quot;credit&quot;:&quot;&quot;,&quot;camera&quot;:&quot;&quot;,&quot;caption&quot;:&quot;&quot;,&quot;created_timestamp&quot;:&quot;0&quot;,&quot;copyright&quot;:&quot;&quot;,&quot;focal_length&quot;:&quot;0&quot;,&quot;iso&quot;:&quot;0&quot;,&quot;shutter_speed&quot;:&quot;0&quot;,&quot;title&quot;:&quot;&quot;,&quot;orientation&quot;:&quot;0&quot;}\" data-image-title=\"Logo PDF\" data-image-description=\"\" data-image-caption=\"\" data-large-file=\"https:\/\/mula.es\/web\/wp-content\/uploads\/2016\/01\/Crystal_Clear_mimetype_pdf-e1454168244556.png\" class=\"alignleft wp-image-12585 size-full\" src=\"https:\/\/mula.es\/web\/wp-content\/uploads\/2016\/01\/Crystal_Clear_mimetype_pdf-e1454168244556.png\" alt=\"Logo PDF\" width=\"40\" height=\"40\" \/><\/a><\/p>\n<p><a href=\"https:\/\/mula.es\/web\/wp-content\/uploads\/2020\/05\/BASES-CONCURSO-COPIARTE.-Pintura.pdf\">Bases \u00edntegras concurso COPIARTE<\/a><\/p>\n","protected":false},"excerpt":{"rendered":"<p>La Concejal\u00eda de Cultura y Patrimonio Hist\u00f3rico, y la Concejal\u00eda de Juventud del Excmo. Ayuntamiento de Mula, convocan el concurso\u00a0COPIARTE \u2013 Edici\u00f3n Pintura- con motivo de la celebraci\u00f3n del D\u00eda Internacional de los Museos.\u00a0 El concurso\u00a0COPIARTE\u00a0tiene como objeto promocionar la creatividad art\u00edstica en Mula y pedan\u00edas a trav\u00e9s de unir pintura y fotograf\u00eda en la  [&#8230;]<\/p>\n","protected":false},"author":1,"featured_media":33319,"comment_status":"closed","ping_status":"closed","sticky":false,"template":"","format":"standard","meta":{"jetpack_post_was_ever_published":false,"_jetpack_newsletter_access":"","_jetpack_dont_email_post_to_subs":false,"_jetpack_newsletter_tier_id":0,"_jetpack_memberships_contains_paywalled_content":false,"_jetpack_memberships_contains_paid_content":false,"footnotes":"","jetpack_publicize_message":"","jetpack_publicize_feature_enabled":true,"jetpack_social_post_already_shared":true,"jetpack_social_options":{"image_generator_settings":{"template":"highway","default_image_id":0,"font":"","enabled":false},"version":2}},"categories":[199,97],"tags":[],"class_list":["post-33317","post","type-post","status-publish","format-standard","has-post-thumbnail","hentry","category-concurso","category-cultura"],"yoast_head":"<!-- This site is optimized with the Yoast SEO plugin v27.5 - https:\/\/yoast.com\/product\/yoast-seo-wordpress\/ -->\n<title>COPIARTE \u2013 Edici\u00f3n Pintura- con motivo de la celebraci\u00f3n del D\u00eda Internacional de los Museos.\u00a0 - Ayuntamiento de Mula<\/title>\n<meta name=\"robots\" content=\"index, follow, max-snippet:-1, max-image-preview:large, max-video-preview:-1\" \/>\n<link rel=\"canonical\" href=\"https:\/\/mula.es\/web\/xopiarte-edicion-pintura-con-motivo-de-la-celebracion-del-dia-internacional-de-los-museos\/\" \/>\n<meta property=\"og:locale\" content=\"es_ES\" \/>\n<meta property=\"og:type\" content=\"article\" \/>\n<meta property=\"og:title\" content=\"COPIARTE \u2013 Edici\u00f3n Pintura- con motivo de la celebraci\u00f3n del D\u00eda Internacional de los Museos.\u00a0 - Ayuntamiento de Mula\" \/>\n<meta property=\"og:description\" content=\"La Concejal\u00eda de Cultura y Patrimonio Hist\u00f3rico, y la Concejal\u00eda de Juventud del Excmo. Ayuntamiento de Mula, convocan el concurso\u00a0COPIARTE \u2013 Edici\u00f3n Pintura- con motivo de la celebraci\u00f3n del D\u00eda Internacional de los Museos.\u00a0 El concurso\u00a0COPIARTE\u00a0tiene como objeto promocionar la creatividad art\u00edstica en Mula y pedan\u00edas a trav\u00e9s de unir pintura y fotograf\u00eda en la [...]\" \/>\n<meta property=\"og:url\" content=\"https:\/\/mula.es\/web\/xopiarte-edicion-pintura-con-motivo-de-la-celebracion-del-dia-internacional-de-los-museos\/\" \/>\n<meta property=\"og:site_name\" content=\"Ayuntamiento de Mula\" \/>\n<meta property=\"article:published_time\" content=\"2020-05-11T13:10:33+00:00\" \/>\n<meta property=\"article:modified_time\" content=\"2021-05-12T18:09:16+00:00\" \/>\n<meta property=\"og:image\" content=\"https:\/\/i0.wp.com\/mula.es\/web\/wp-content\/uploads\/2020\/05\/copiARTE-edicion-pintura.jpg?fit=794%2C1123&ssl=1\" \/>\n\t<meta property=\"og:image:width\" content=\"794\" \/>\n\t<meta property=\"og:image:height\" content=\"1123\" \/>\n\t<meta property=\"og:image:type\" content=\"image\/jpeg\" \/>\n<meta name=\"author\" content=\"admin\" \/>\n<meta name=\"twitter:card\" content=\"summary_large_image\" \/>\n<meta name=\"twitter:creator\" content=\"@AyuntamientMula\" \/>\n<meta name=\"twitter:site\" content=\"@AyuntamientMula\" \/>\n<meta name=\"twitter:label1\" content=\"Escrito por\" \/>\n\t<meta name=\"twitter:data1\" content=\"admin\" \/>\n\t<meta name=\"twitter:label2\" content=\"Tiempo de lectura\" \/>\n\t<meta name=\"twitter:data2\" content=\"2 minutos\" \/>\n<script type=\"application\/ld+json\" class=\"yoast-schema-graph\">{\"@context\":\"https:\\\/\\\/schema.org\",\"@graph\":[{\"@type\":\"Article\",\"@id\":\"https:\\\/\\\/mula.es\\\/web\\\/xopiarte-edicion-pintura-con-motivo-de-la-celebracion-del-dia-internacional-de-los-museos\\\/#article\",\"isPartOf\":{\"@id\":\"https:\\\/\\\/mula.es\\\/web\\\/xopiarte-edicion-pintura-con-motivo-de-la-celebracion-del-dia-internacional-de-los-museos\\\/\"},\"author\":{\"name\":\"admin\",\"@id\":\"https:\\\/\\\/mula.es\\\/web\\\/#\\\/schema\\\/person\\\/a0dbffe9f4a3ed4aaebedcfef02f71a1\"},\"headline\":\"COPIARTE \u2013 Edici\u00f3n Pintura- con motivo de la celebraci\u00f3n del D\u00eda Internacional de los Museos.\u00a0\",\"datePublished\":\"2020-05-11T13:10:33+00:00\",\"dateModified\":\"2021-05-12T18:09:16+00:00\",\"mainEntityOfPage\":{\"@id\":\"https:\\\/\\\/mula.es\\\/web\\\/xopiarte-edicion-pintura-con-motivo-de-la-celebracion-del-dia-internacional-de-los-museos\\\/\"},\"wordCount\":334,\"image\":{\"@id\":\"https:\\\/\\\/mula.es\\\/web\\\/xopiarte-edicion-pintura-con-motivo-de-la-celebracion-del-dia-internacional-de-los-museos\\\/#primaryimage\"},\"thumbnailUrl\":\"https:\\\/\\\/mula.es\\\/web\\\/wp-content\\\/uploads\\\/2020\\\/05\\\/copiARTE-edicion-pintura.jpg\",\"articleSection\":[\"concurso\",\"cultura\"],\"inLanguage\":\"es\"},{\"@type\":\"WebPage\",\"@id\":\"https:\\\/\\\/mula.es\\\/web\\\/xopiarte-edicion-pintura-con-motivo-de-la-celebracion-del-dia-internacional-de-los-museos\\\/\",\"url\":\"https:\\\/\\\/mula.es\\\/web\\\/xopiarte-edicion-pintura-con-motivo-de-la-celebracion-del-dia-internacional-de-los-museos\\\/\",\"name\":\"COPIARTE \u2013 Edici\u00f3n Pintura- con motivo de la celebraci\u00f3n del D\u00eda Internacional de los Museos.\u00a0 - Ayuntamiento de Mula\",\"isPartOf\":{\"@id\":\"https:\\\/\\\/mula.es\\\/web\\\/#website\"},\"primaryImageOfPage\":{\"@id\":\"https:\\\/\\\/mula.es\\\/web\\\/xopiarte-edicion-pintura-con-motivo-de-la-celebracion-del-dia-internacional-de-los-museos\\\/#primaryimage\"},\"image\":{\"@id\":\"https:\\\/\\\/mula.es\\\/web\\\/xopiarte-edicion-pintura-con-motivo-de-la-celebracion-del-dia-internacional-de-los-museos\\\/#primaryimage\"},\"thumbnailUrl\":\"https:\\\/\\\/mula.es\\\/web\\\/wp-content\\\/uploads\\\/2020\\\/05\\\/copiARTE-edicion-pintura.jpg\",\"datePublished\":\"2020-05-11T13:10:33+00:00\",\"dateModified\":\"2021-05-12T18:09:16+00:00\",\"author\":{\"@id\":\"https:\\\/\\\/mula.es\\\/web\\\/#\\\/schema\\\/person\\\/a0dbffe9f4a3ed4aaebedcfef02f71a1\"},\"breadcrumb\":{\"@id\":\"https:\\\/\\\/mula.es\\\/web\\\/xopiarte-edicion-pintura-con-motivo-de-la-celebracion-del-dia-internacional-de-los-museos\\\/#breadcrumb\"},\"inLanguage\":\"es\",\"potentialAction\":[{\"@type\":\"ReadAction\",\"target\":[\"https:\\\/\\\/mula.es\\\/web\\\/xopiarte-edicion-pintura-con-motivo-de-la-celebracion-del-dia-internacional-de-los-museos\\\/\"]}]},{\"@type\":\"ImageObject\",\"inLanguage\":\"es\",\"@id\":\"https:\\\/\\\/mula.es\\\/web\\\/xopiarte-edicion-pintura-con-motivo-de-la-celebracion-del-dia-internacional-de-los-museos\\\/#primaryimage\",\"url\":\"https:\\\/\\\/mula.es\\\/web\\\/wp-content\\\/uploads\\\/2020\\\/05\\\/copiARTE-edicion-pintura.jpg\",\"contentUrl\":\"https:\\\/\\\/mula.es\\\/web\\\/wp-content\\\/uploads\\\/2020\\\/05\\\/copiARTE-edicion-pintura.jpg\",\"width\":794,\"height\":1123},{\"@type\":\"BreadcrumbList\",\"@id\":\"https:\\\/\\\/mula.es\\\/web\\\/xopiarte-edicion-pintura-con-motivo-de-la-celebracion-del-dia-internacional-de-los-museos\\\/#breadcrumb\",\"itemListElement\":[{\"@type\":\"ListItem\",\"position\":1,\"name\":\"Portada\",\"item\":\"https:\\\/\\\/mula.es\\\/web\\\/\"},{\"@type\":\"ListItem\",\"position\":2,\"name\":\"COPIARTE \u2013 Edici\u00f3n Pintura- con motivo de la celebraci\u00f3n del D\u00eda Internacional de los Museos.\u00a0\"}]},{\"@type\":\"WebSite\",\"@id\":\"https:\\\/\\\/mula.es\\\/web\\\/#website\",\"url\":\"https:\\\/\\\/mula.es\\\/web\\\/\",\"name\":\"Ayuntamiento de Mula\",\"description\":\"P\u00e1gina web del Ayuntamiento de Mula (Regi\u00f3n de Murcia)\",\"potentialAction\":[{\"@type\":\"SearchAction\",\"target\":{\"@type\":\"EntryPoint\",\"urlTemplate\":\"https:\\\/\\\/mula.es\\\/web\\\/?s={search_term_string}\"},\"query-input\":{\"@type\":\"PropertyValueSpecification\",\"valueRequired\":true,\"valueName\":\"search_term_string\"}}],\"inLanguage\":\"es\"},{\"@type\":\"Person\",\"@id\":\"https:\\\/\\\/mula.es\\\/web\\\/#\\\/schema\\\/person\\\/a0dbffe9f4a3ed4aaebedcfef02f71a1\",\"name\":\"admin\",\"image\":{\"@type\":\"ImageObject\",\"inLanguage\":\"es\",\"@id\":\"https:\\\/\\\/secure.gravatar.com\\\/avatar\\\/5423b9cd77f4c7f89a124365a268866f9dfee038c17fe9e37afd92b5920d810e?s=96&d=mm&r=g\",\"url\":\"https:\\\/\\\/secure.gravatar.com\\\/avatar\\\/5423b9cd77f4c7f89a124365a268866f9dfee038c17fe9e37afd92b5920d810e?s=96&d=mm&r=g\",\"contentUrl\":\"https:\\\/\\\/secure.gravatar.com\\\/avatar\\\/5423b9cd77f4c7f89a124365a268866f9dfee038c17fe9e37afd92b5920d810e?s=96&d=mm&r=g\",\"caption\":\"admin\"},\"description\":\"Lorem ipsum dolor sit amet, consectetur adipiscing elit. Nam viverra euismod odio, gravida pellentesque urna varius vitae. Sed dui lorem, adipiscing in adipiscing et, interdum nec metus. Mauris ultricies, justo eu convallis placerat, felis enim ornare nisi, vitae mattis nulla ante id dui. Ut lectus purus, commodo et tincidunt vel, interdum sed lectus. Vestibulum adipiscing tempor nisi id elementi.\",\"url\":\"https:\\\/\\\/mula.es\\\/web\\\/author\\\/jose-maria-boti\\\/\"}]}<\/script>\n<!-- \/ Yoast SEO plugin. -->","yoast_head_json":{"title":"COPIARTE \u2013 Edici\u00f3n Pintura- con motivo de la celebraci\u00f3n del D\u00eda Internacional de los Museos.\u00a0 - Ayuntamiento de Mula","robots":{"index":"index","follow":"follow","max-snippet":"max-snippet:-1","max-image-preview":"max-image-preview:large","max-video-preview":"max-video-preview:-1"},"canonical":"https:\/\/mula.es\/web\/xopiarte-edicion-pintura-con-motivo-de-la-celebracion-del-dia-internacional-de-los-museos\/","og_locale":"es_ES","og_type":"article","og_title":"COPIARTE \u2013 Edici\u00f3n Pintura- con motivo de la celebraci\u00f3n del D\u00eda Internacional de los Museos.\u00a0 - Ayuntamiento de Mula","og_description":"La Concejal\u00eda de Cultura y Patrimonio Hist\u00f3rico, y la Concejal\u00eda de Juventud del Excmo. Ayuntamiento de Mula, convocan el concurso\u00a0COPIARTE \u2013 Edici\u00f3n Pintura- con motivo de la celebraci\u00f3n del D\u00eda Internacional de los Museos.\u00a0 El concurso\u00a0COPIARTE\u00a0tiene como objeto promocionar la creatividad art\u00edstica en Mula y pedan\u00edas a trav\u00e9s de unir pintura y fotograf\u00eda en la [...]","og_url":"https:\/\/mula.es\/web\/xopiarte-edicion-pintura-con-motivo-de-la-celebracion-del-dia-internacional-de-los-museos\/","og_site_name":"Ayuntamiento de Mula","article_published_time":"2020-05-11T13:10:33+00:00","article_modified_time":"2021-05-12T18:09:16+00:00","og_image":[{"width":794,"height":1123,"url":"https:\/\/i0.wp.com\/mula.es\/web\/wp-content\/uploads\/2020\/05\/copiARTE-edicion-pintura.jpg?fit=794%2C1123&ssl=1","type":"image\/jpeg"}],"author":"admin","twitter_card":"summary_large_image","twitter_creator":"@AyuntamientMula","twitter_site":"@AyuntamientMula","twitter_misc":{"Escrito por":"admin","Tiempo de lectura":"2 minutos"},"schema":{"@context":"https:\/\/schema.org","@graph":[{"@type":"Article","@id":"https:\/\/mula.es\/web\/xopiarte-edicion-pintura-con-motivo-de-la-celebracion-del-dia-internacional-de-los-museos\/#article","isPartOf":{"@id":"https:\/\/mula.es\/web\/xopiarte-edicion-pintura-con-motivo-de-la-celebracion-del-dia-internacional-de-los-museos\/"},"author":{"name":"admin","@id":"https:\/\/mula.es\/web\/#\/schema\/person\/a0dbffe9f4a3ed4aaebedcfef02f71a1"},"headline":"COPIARTE \u2013 Edici\u00f3n Pintura- con motivo de la celebraci\u00f3n del D\u00eda Internacional de los Museos.\u00a0","datePublished":"2020-05-11T13:10:33+00:00","dateModified":"2021-05-12T18:09:16+00:00","mainEntityOfPage":{"@id":"https:\/\/mula.es\/web\/xopiarte-edicion-pintura-con-motivo-de-la-celebracion-del-dia-internacional-de-los-museos\/"},"wordCount":334,"image":{"@id":"https:\/\/mula.es\/web\/xopiarte-edicion-pintura-con-motivo-de-la-celebracion-del-dia-internacional-de-los-museos\/#primaryimage"},"thumbnailUrl":"https:\/\/mula.es\/web\/wp-content\/uploads\/2020\/05\/copiARTE-edicion-pintura.jpg","articleSection":["concurso","cultura"],"inLanguage":"es"},{"@type":"WebPage","@id":"https:\/\/mula.es\/web\/xopiarte-edicion-pintura-con-motivo-de-la-celebracion-del-dia-internacional-de-los-museos\/","url":"https:\/\/mula.es\/web\/xopiarte-edicion-pintura-con-motivo-de-la-celebracion-del-dia-internacional-de-los-museos\/","name":"COPIARTE \u2013 Edici\u00f3n Pintura- con motivo de la celebraci\u00f3n del D\u00eda Internacional de los Museos.\u00a0 - Ayuntamiento de Mula","isPartOf":{"@id":"https:\/\/mula.es\/web\/#website"},"primaryImageOfPage":{"@id":"https:\/\/mula.es\/web\/xopiarte-edicion-pintura-con-motivo-de-la-celebracion-del-dia-internacional-de-los-museos\/#primaryimage"},"image":{"@id":"https:\/\/mula.es\/web\/xopiarte-edicion-pintura-con-motivo-de-la-celebracion-del-dia-internacional-de-los-museos\/#primaryimage"},"thumbnailUrl":"https:\/\/mula.es\/web\/wp-content\/uploads\/2020\/05\/copiARTE-edicion-pintura.jpg","datePublished":"2020-05-11T13:10:33+00:00","dateModified":"2021-05-12T18:09:16+00:00","author":{"@id":"https:\/\/mula.es\/web\/#\/schema\/person\/a0dbffe9f4a3ed4aaebedcfef02f71a1"},"breadcrumb":{"@id":"https:\/\/mula.es\/web\/xopiarte-edicion-pintura-con-motivo-de-la-celebracion-del-dia-internacional-de-los-museos\/#breadcrumb"},"inLanguage":"es","potentialAction":[{"@type":"ReadAction","target":["https:\/\/mula.es\/web\/xopiarte-edicion-pintura-con-motivo-de-la-celebracion-del-dia-internacional-de-los-museos\/"]}]},{"@type":"ImageObject","inLanguage":"es","@id":"https:\/\/mula.es\/web\/xopiarte-edicion-pintura-con-motivo-de-la-celebracion-del-dia-internacional-de-los-museos\/#primaryimage","url":"https:\/\/mula.es\/web\/wp-content\/uploads\/2020\/05\/copiARTE-edicion-pintura.jpg","contentUrl":"https:\/\/mula.es\/web\/wp-content\/uploads\/2020\/05\/copiARTE-edicion-pintura.jpg","width":794,"height":1123},{"@type":"BreadcrumbList","@id":"https:\/\/mula.es\/web\/xopiarte-edicion-pintura-con-motivo-de-la-celebracion-del-dia-internacional-de-los-museos\/#breadcrumb","itemListElement":[{"@type":"ListItem","position":1,"name":"Portada","item":"https:\/\/mula.es\/web\/"},{"@type":"ListItem","position":2,"name":"COPIARTE \u2013 Edici\u00f3n Pintura- con motivo de la celebraci\u00f3n del D\u00eda Internacional de los Museos.\u00a0"}]},{"@type":"WebSite","@id":"https:\/\/mula.es\/web\/#website","url":"https:\/\/mula.es\/web\/","name":"Ayuntamiento de Mula","description":"P\u00e1gina web del Ayuntamiento de Mula (Regi\u00f3n de Murcia)","potentialAction":[{"@type":"SearchAction","target":{"@type":"EntryPoint","urlTemplate":"https:\/\/mula.es\/web\/?s={search_term_string}"},"query-input":{"@type":"PropertyValueSpecification","valueRequired":true,"valueName":"search_term_string"}}],"inLanguage":"es"},{"@type":"Person","@id":"https:\/\/mula.es\/web\/#\/schema\/person\/a0dbffe9f4a3ed4aaebedcfef02f71a1","name":"admin","image":{"@type":"ImageObject","inLanguage":"es","@id":"https:\/\/secure.gravatar.com\/avatar\/5423b9cd77f4c7f89a124365a268866f9dfee038c17fe9e37afd92b5920d810e?s=96&d=mm&r=g","url":"https:\/\/secure.gravatar.com\/avatar\/5423b9cd77f4c7f89a124365a268866f9dfee038c17fe9e37afd92b5920d810e?s=96&d=mm&r=g","contentUrl":"https:\/\/secure.gravatar.com\/avatar\/5423b9cd77f4c7f89a124365a268866f9dfee038c17fe9e37afd92b5920d810e?s=96&d=mm&r=g","caption":"admin"},"description":"Lorem ipsum dolor sit amet, consectetur adipiscing elit. Nam viverra euismod odio, gravida pellentesque urna varius vitae. Sed dui lorem, adipiscing in adipiscing et, interdum nec metus. Mauris ultricies, justo eu convallis placerat, felis enim ornare nisi, vitae mattis nulla ante id dui. Ut lectus purus, commodo et tincidunt vel, interdum sed lectus. Vestibulum adipiscing tempor nisi id elementi.","url":"https:\/\/mula.es\/web\/author\/jose-maria-boti\/"}]}},"jetpack_publicize_connections":[],"jetpack_featured_media_url":"https:\/\/mula.es\/web\/wp-content\/uploads\/2020\/05\/copiARTE-edicion-pintura.jpg","jetpack_sharing_enabled":true,"jetpack_shortlink":"https:\/\/wp.me\/pa9DMY-8Fn","jetpack-related-posts":[],"_links":{"self":[{"href":"https:\/\/mula.es\/web\/wp-json\/wp\/v2\/posts\/33317","targetHints":{"allow":["GET"]}}],"collection":[{"href":"https:\/\/mula.es\/web\/wp-json\/wp\/v2\/posts"}],"about":[{"href":"https:\/\/mula.es\/web\/wp-json\/wp\/v2\/types\/post"}],"author":[{"embeddable":true,"href":"https:\/\/mula.es\/web\/wp-json\/wp\/v2\/users\/1"}],"replies":[{"embeddable":true,"href":"https:\/\/mula.es\/web\/wp-json\/wp\/v2\/comments?post=33317"}],"version-history":[{"count":2,"href":"https:\/\/mula.es\/web\/wp-json\/wp\/v2\/posts\/33317\/revisions"}],"predecessor-version":[{"id":33321,"href":"https:\/\/mula.es\/web\/wp-json\/wp\/v2\/posts\/33317\/revisions\/33321"}],"wp:featuredmedia":[{"embeddable":true,"href":"https:\/\/mula.es\/web\/wp-json\/wp\/v2\/media\/33319"}],"wp:attachment":[{"href":"https:\/\/mula.es\/web\/wp-json\/wp\/v2\/media?parent=33317"}],"wp:term":[{"taxonomy":"category","embeddable":true,"href":"https:\/\/mula.es\/web\/wp-json\/wp\/v2\/categories?post=33317"},{"taxonomy":"post_tag","embeddable":true,"href":"https:\/\/mula.es\/web\/wp-json\/wp\/v2\/tags?post=33317"}],"curies":[{"name":"wp","href":"https:\/\/api.w.org\/{rel}","templated":true}]}}