{"id":33389,"date":"2020-05-21T14:36:13","date_gmt":"2020-05-21T12:36:13","guid":{"rendered":"http:\/\/mula.es\/web\/?p=33389"},"modified":"2020-05-21T14:36:13","modified_gmt":"2020-05-21T12:36:13","slug":"el-ayuntamiento-de-mula-aumenta-su-comunicacion-a-traves-del-portal-web-municipal-y-redes-sociales-debido-a-la-crisis-sanitaria-del-covid-19","status":"publish","type":"post","link":"https:\/\/mula.es\/web\/el-ayuntamiento-de-mula-aumenta-su-comunicacion-a-traves-del-portal-web-municipal-y-redes-sociales-debido-a-la-crisis-sanitaria-del-covid-19\/","title":{"rendered":"El Ayuntamiento de Mula aumenta su comunicaci\u00f3n a trav\u00e9s del portal web municipal y redes sociales debido a la crisis sanitaria del COVID-19"},"content":{"rendered":"<p align=\"justify\">Desde la Concejal\u00eda de Transparencia, a trav\u00e9s de las noticias publicadas en la web municipal y redes sociales, se ha constatado el incremento de actividad comunicativa del Ayuntamiento de Mula por parte de todas sus concejal\u00edas, llegando a duplicar durante los meses de marzo y abril el n\u00famero de noticias y comunicados con respecto a la media mensual.<\/p>\n<p align=\"justify\">Concretamente, el pasado mes de marzo del presente a\u00f1o se publicaron 83 noticias, mientras que en abril fueron 73, la ampl\u00edsima mayor\u00eda relacionadas con la crisis sanitaria producida por el COVID-19, y que han servido para mantener informada a la ciudadan\u00eda en estos dif\u00edciles momentos. Como resultado de esta actividad informativa inusual se han tenido m\u00e1s de 20.000 visitas durante el mes de marzo y casi 19.000 en abril lo que nos hace estar bastante satisfechos con el trabajo informativo realizado, ya que son cifras que s\u00f3lo se alcanzan en la web municipal durante el mes de septiembre debido a la informaci\u00f3n ofrecida de las fiestas patronales.<\/p>\n<p align=\"justify\">Desde la Concejal\u00eda de Tecnolog\u00edas de la Informaci\u00f3n y la Comunicaci\u00f3n (TIC) junto con la de Transparencia, queremos recordar a todos los usuarios de la web y redes sociales que estamos a vuestra disposici\u00f3n en el formulario de sugerencias de la web y el correo <a href=\"mailto:tic@aytomula.es\">tic@aytomula.es<\/a> para cualquier tipo de sugerencia o mejora que consider\u00e9is oportuna.<\/p>\n","protected":false},"excerpt":{"rendered":"<p>Desde la Concejal\u00eda de Transparencia, a trav\u00e9s de las noticias publicadas en la web municipal y redes sociales, se ha constatado el incremento de actividad comunicativa del Ayuntamiento de Mula por parte de todas sus concejal\u00edas, llegando a duplicar durante los meses de marzo y abril el n\u00famero de noticias y comunicados con respecto a  [&#8230;]<\/p>\n","protected":false},"author":1,"featured_media":15914,"comment_status":"closed","ping_status":"closed","sticky":false,"template":"","format":"standard","meta":{"jetpack_post_was_ever_published":false,"_jetpack_newsletter_access":"","_jetpack_dont_email_post_to_subs":false,"_jetpack_newsletter_tier_id":0,"_jetpack_memberships_contains_paywalled_content":false,"_jetpack_memberships_contains_paid_content":false,"footnotes":"","jetpack_publicize_message":"","jetpack_publicize_feature_enabled":true,"jetpack_social_post_already_shared":true,"jetpack_social_options":{"image_generator_settings":{"template":"highway","default_image_id":0,"font":"","enabled":false},"version":2}},"categories":[680,302,173],"tags":[],"class_list":["post-33389","post","type-post","status-publish","format-standard","has-post-thumbnail","hentry","category-tecnologias-de-la-informacion-y-la-comunicacion","category-transparencia","category-web"],"yoast_head":"<!-- This site is optimized with the Yoast SEO plugin v27.4 - https:\/\/yoast.com\/product\/yoast-seo-wordpress\/ -->\n<title>El Ayuntamiento de Mula aumenta su comunicaci\u00f3n a trav\u00e9s del portal web municipal y redes sociales debido a la crisis sanitaria del COVID-19 - Ayuntamiento de Mula<\/title>\n<meta name=\"robots\" content=\"index, follow, max-snippet:-1, max-image-preview:large, max-video-preview:-1\" \/>\n<link rel=\"canonical\" href=\"https:\/\/mula.es\/web\/el-ayuntamiento-de-mula-aumenta-su-comunicacion-a-traves-del-portal-web-municipal-y-redes-sociales-debido-a-la-crisis-sanitaria-del-covid-19\/\" \/>\n<meta property=\"og:locale\" content=\"es_ES\" \/>\n<meta property=\"og:type\" content=\"article\" \/>\n<meta property=\"og:title\" content=\"El Ayuntamiento de Mula aumenta su comunicaci\u00f3n a trav\u00e9s del portal web municipal y redes sociales debido a la crisis sanitaria del COVID-19 - Ayuntamiento de Mula\" \/>\n<meta property=\"og:description\" content=\"Desde la Concejal\u00eda de Transparencia, a trav\u00e9s de las noticias publicadas en la web municipal y redes sociales, se ha constatado el incremento de actividad comunicativa del Ayuntamiento de Mula por parte de todas sus concejal\u00edas, llegando a duplicar durante los meses de marzo y abril el n\u00famero de noticias y comunicados con respecto a [...]\" \/>\n<meta property=\"og:url\" content=\"https:\/\/mula.es\/web\/el-ayuntamiento-de-mula-aumenta-su-comunicacion-a-traves-del-portal-web-municipal-y-redes-sociales-debido-a-la-crisis-sanitaria-del-covid-19\/\" \/>\n<meta property=\"og:site_name\" content=\"Ayuntamiento de Mula\" \/>\n<meta property=\"article:published_time\" content=\"2020-05-21T12:36:13+00:00\" \/>\n<meta property=\"og:image\" content=\"https:\/\/i0.wp.com\/mula.es\/web\/wp-content\/uploads\/2016\/04\/escudo_ayto-1.png?fit=91%2C98&ssl=1\" \/>\n\t<meta property=\"og:image:width\" content=\"91\" \/>\n\t<meta property=\"og:image:height\" content=\"98\" \/>\n\t<meta property=\"og:image:type\" content=\"image\/png\" \/>\n<meta name=\"author\" content=\"admin\" \/>\n<meta name=\"twitter:card\" content=\"summary_large_image\" \/>\n<meta name=\"twitter:creator\" content=\"@AyuntamientMula\" \/>\n<meta name=\"twitter:site\" content=\"@AyuntamientMula\" \/>\n<meta name=\"twitter:label1\" content=\"Escrito por\" \/>\n\t<meta name=\"twitter:data1\" content=\"admin\" \/>\n\t<meta name=\"twitter:label2\" content=\"Tiempo de lectura\" \/>\n\t<meta name=\"twitter:data2\" content=\"1 minuto\" \/>\n<script type=\"application\/ld+json\" class=\"yoast-schema-graph\">{\"@context\":\"https:\\\/\\\/schema.org\",\"@graph\":[{\"@type\":\"Article\",\"@id\":\"https:\\\/\\\/mula.es\\\/web\\\/el-ayuntamiento-de-mula-aumenta-su-comunicacion-a-traves-del-portal-web-municipal-y-redes-sociales-debido-a-la-crisis-sanitaria-del-covid-19\\\/#article\",\"isPartOf\":{\"@id\":\"https:\\\/\\\/mula.es\\\/web\\\/el-ayuntamiento-de-mula-aumenta-su-comunicacion-a-traves-del-portal-web-municipal-y-redes-sociales-debido-a-la-crisis-sanitaria-del-covid-19\\\/\"},\"author\":{\"name\":\"admin\",\"@id\":\"https:\\\/\\\/mula.es\\\/web\\\/#\\\/schema\\\/person\\\/a0dbffe9f4a3ed4aaebedcfef02f71a1\"},\"headline\":\"El Ayuntamiento de Mula aumenta su comunicaci\u00f3n a trav\u00e9s del portal web municipal y redes sociales debido a la crisis sanitaria del COVID-19\",\"datePublished\":\"2020-05-21T12:36:13+00:00\",\"mainEntityOfPage\":{\"@id\":\"https:\\\/\\\/mula.es\\\/web\\\/el-ayuntamiento-de-mula-aumenta-su-comunicacion-a-traves-del-portal-web-municipal-y-redes-sociales-debido-a-la-crisis-sanitaria-del-covid-19\\\/\"},\"wordCount\":262,\"image\":{\"@id\":\"https:\\\/\\\/mula.es\\\/web\\\/el-ayuntamiento-de-mula-aumenta-su-comunicacion-a-traves-del-portal-web-municipal-y-redes-sociales-debido-a-la-crisis-sanitaria-del-covid-19\\\/#primaryimage\"},\"thumbnailUrl\":\"https:\\\/\\\/mula.es\\\/web\\\/wp-content\\\/uploads\\\/2016\\\/04\\\/escudo_ayto-1.png\",\"articleSection\":[\"tecnolog\u00edas de la informaci\u00f3n y la comunicaci\u00f3n\",\"transparencia\",\"web\"],\"inLanguage\":\"es\"},{\"@type\":\"WebPage\",\"@id\":\"https:\\\/\\\/mula.es\\\/web\\\/el-ayuntamiento-de-mula-aumenta-su-comunicacion-a-traves-del-portal-web-municipal-y-redes-sociales-debido-a-la-crisis-sanitaria-del-covid-19\\\/\",\"url\":\"https:\\\/\\\/mula.es\\\/web\\\/el-ayuntamiento-de-mula-aumenta-su-comunicacion-a-traves-del-portal-web-municipal-y-redes-sociales-debido-a-la-crisis-sanitaria-del-covid-19\\\/\",\"name\":\"El Ayuntamiento de Mula aumenta su comunicaci\u00f3n a trav\u00e9s del portal web municipal y redes sociales debido a la crisis sanitaria del COVID-19 - Ayuntamiento de Mula\",\"isPartOf\":{\"@id\":\"https:\\\/\\\/mula.es\\\/web\\\/#website\"},\"primaryImageOfPage\":{\"@id\":\"https:\\\/\\\/mula.es\\\/web\\\/el-ayuntamiento-de-mula-aumenta-su-comunicacion-a-traves-del-portal-web-municipal-y-redes-sociales-debido-a-la-crisis-sanitaria-del-covid-19\\\/#primaryimage\"},\"image\":{\"@id\":\"https:\\\/\\\/mula.es\\\/web\\\/el-ayuntamiento-de-mula-aumenta-su-comunicacion-a-traves-del-portal-web-municipal-y-redes-sociales-debido-a-la-crisis-sanitaria-del-covid-19\\\/#primaryimage\"},\"thumbnailUrl\":\"https:\\\/\\\/mula.es\\\/web\\\/wp-content\\\/uploads\\\/2016\\\/04\\\/escudo_ayto-1.png\",\"datePublished\":\"2020-05-21T12:36:13+00:00\",\"author\":{\"@id\":\"https:\\\/\\\/mula.es\\\/web\\\/#\\\/schema\\\/person\\\/a0dbffe9f4a3ed4aaebedcfef02f71a1\"},\"breadcrumb\":{\"@id\":\"https:\\\/\\\/mula.es\\\/web\\\/el-ayuntamiento-de-mula-aumenta-su-comunicacion-a-traves-del-portal-web-municipal-y-redes-sociales-debido-a-la-crisis-sanitaria-del-covid-19\\\/#breadcrumb\"},\"inLanguage\":\"es\",\"potentialAction\":[{\"@type\":\"ReadAction\",\"target\":[\"https:\\\/\\\/mula.es\\\/web\\\/el-ayuntamiento-de-mula-aumenta-su-comunicacion-a-traves-del-portal-web-municipal-y-redes-sociales-debido-a-la-crisis-sanitaria-del-covid-19\\\/\"]}]},{\"@type\":\"ImageObject\",\"inLanguage\":\"es\",\"@id\":\"https:\\\/\\\/mula.es\\\/web\\\/el-ayuntamiento-de-mula-aumenta-su-comunicacion-a-traves-del-portal-web-municipal-y-redes-sociales-debido-a-la-crisis-sanitaria-del-covid-19\\\/#primaryimage\",\"url\":\"https:\\\/\\\/mula.es\\\/web\\\/wp-content\\\/uploads\\\/2016\\\/04\\\/escudo_ayto-1.png\",\"contentUrl\":\"https:\\\/\\\/mula.es\\\/web\\\/wp-content\\\/uploads\\\/2016\\\/04\\\/escudo_ayto-1.png\",\"width\":91,\"height\":98,\"caption\":\"escudo ayuntamiento\"},{\"@type\":\"BreadcrumbList\",\"@id\":\"https:\\\/\\\/mula.es\\\/web\\\/el-ayuntamiento-de-mula-aumenta-su-comunicacion-a-traves-del-portal-web-municipal-y-redes-sociales-debido-a-la-crisis-sanitaria-del-covid-19\\\/#breadcrumb\",\"itemListElement\":[{\"@type\":\"ListItem\",\"position\":1,\"name\":\"Portada\",\"item\":\"https:\\\/\\\/mula.es\\\/web\\\/\"},{\"@type\":\"ListItem\",\"position\":2,\"name\":\"El Ayuntamiento de Mula aumenta su comunicaci\u00f3n a trav\u00e9s del portal web municipal y redes sociales debido a la crisis sanitaria del COVID-19\"}]},{\"@type\":\"WebSite\",\"@id\":\"https:\\\/\\\/mula.es\\\/web\\\/#website\",\"url\":\"https:\\\/\\\/mula.es\\\/web\\\/\",\"name\":\"Ayuntamiento de Mula\",\"description\":\"P\u00e1gina web del Ayuntamiento de Mula (Regi\u00f3n de Murcia)\",\"potentialAction\":[{\"@type\":\"SearchAction\",\"target\":{\"@type\":\"EntryPoint\",\"urlTemplate\":\"https:\\\/\\\/mula.es\\\/web\\\/?s={search_term_string}\"},\"query-input\":{\"@type\":\"PropertyValueSpecification\",\"valueRequired\":true,\"valueName\":\"search_term_string\"}}],\"inLanguage\":\"es\"},{\"@type\":\"Person\",\"@id\":\"https:\\\/\\\/mula.es\\\/web\\\/#\\\/schema\\\/person\\\/a0dbffe9f4a3ed4aaebedcfef02f71a1\",\"name\":\"admin\",\"image\":{\"@type\":\"ImageObject\",\"inLanguage\":\"es\",\"@id\":\"https:\\\/\\\/secure.gravatar.com\\\/avatar\\\/5423b9cd77f4c7f89a124365a268866f9dfee038c17fe9e37afd92b5920d810e?s=96&d=mm&r=g\",\"url\":\"https:\\\/\\\/secure.gravatar.com\\\/avatar\\\/5423b9cd77f4c7f89a124365a268866f9dfee038c17fe9e37afd92b5920d810e?s=96&d=mm&r=g\",\"contentUrl\":\"https:\\\/\\\/secure.gravatar.com\\\/avatar\\\/5423b9cd77f4c7f89a124365a268866f9dfee038c17fe9e37afd92b5920d810e?s=96&d=mm&r=g\",\"caption\":\"admin\"},\"description\":\"Lorem ipsum dolor sit amet, consectetur adipiscing elit. Nam viverra euismod odio, gravida pellentesque urna varius vitae. Sed dui lorem, adipiscing in adipiscing et, interdum nec metus. Mauris ultricies, justo eu convallis placerat, felis enim ornare nisi, vitae mattis nulla ante id dui. Ut lectus purus, commodo et tincidunt vel, interdum sed lectus. Vestibulum adipiscing tempor nisi id elementi.\",\"url\":\"https:\\\/\\\/mula.es\\\/web\\\/author\\\/jose-maria-boti\\\/\"}]}<\/script>\n<!-- \/ Yoast SEO plugin. -->","yoast_head_json":{"title":"El Ayuntamiento de Mula aumenta su comunicaci\u00f3n a trav\u00e9s del portal web municipal y redes sociales debido a la crisis sanitaria del COVID-19 - Ayuntamiento de Mula","robots":{"index":"index","follow":"follow","max-snippet":"max-snippet:-1","max-image-preview":"max-image-preview:large","max-video-preview":"max-video-preview:-1"},"canonical":"https:\/\/mula.es\/web\/el-ayuntamiento-de-mula-aumenta-su-comunicacion-a-traves-del-portal-web-municipal-y-redes-sociales-debido-a-la-crisis-sanitaria-del-covid-19\/","og_locale":"es_ES","og_type":"article","og_title":"El Ayuntamiento de Mula aumenta su comunicaci\u00f3n a trav\u00e9s del portal web municipal y redes sociales debido a la crisis sanitaria del COVID-19 - Ayuntamiento de Mula","og_description":"Desde la Concejal\u00eda de Transparencia, a trav\u00e9s de las noticias publicadas en la web municipal y redes sociales, se ha constatado el incremento de actividad comunicativa del Ayuntamiento de Mula por parte de todas sus concejal\u00edas, llegando a duplicar durante los meses de marzo y abril el n\u00famero de noticias y comunicados con respecto a [...]","og_url":"https:\/\/mula.es\/web\/el-ayuntamiento-de-mula-aumenta-su-comunicacion-a-traves-del-portal-web-municipal-y-redes-sociales-debido-a-la-crisis-sanitaria-del-covid-19\/","og_site_name":"Ayuntamiento de Mula","article_published_time":"2020-05-21T12:36:13+00:00","og_image":[{"width":91,"height":98,"url":"https:\/\/i0.wp.com\/mula.es\/web\/wp-content\/uploads\/2016\/04\/escudo_ayto-1.png?fit=91%2C98&ssl=1","type":"image\/png"}],"author":"admin","twitter_card":"summary_large_image","twitter_creator":"@AyuntamientMula","twitter_site":"@AyuntamientMula","twitter_misc":{"Escrito por":"admin","Tiempo de lectura":"1 minuto"},"schema":{"@context":"https:\/\/schema.org","@graph":[{"@type":"Article","@id":"https:\/\/mula.es\/web\/el-ayuntamiento-de-mula-aumenta-su-comunicacion-a-traves-del-portal-web-municipal-y-redes-sociales-debido-a-la-crisis-sanitaria-del-covid-19\/#article","isPartOf":{"@id":"https:\/\/mula.es\/web\/el-ayuntamiento-de-mula-aumenta-su-comunicacion-a-traves-del-portal-web-municipal-y-redes-sociales-debido-a-la-crisis-sanitaria-del-covid-19\/"},"author":{"name":"admin","@id":"https:\/\/mula.es\/web\/#\/schema\/person\/a0dbffe9f4a3ed4aaebedcfef02f71a1"},"headline":"El Ayuntamiento de Mula aumenta su comunicaci\u00f3n a trav\u00e9s del portal web municipal y redes sociales debido a la crisis sanitaria del COVID-19","datePublished":"2020-05-21T12:36:13+00:00","mainEntityOfPage":{"@id":"https:\/\/mula.es\/web\/el-ayuntamiento-de-mula-aumenta-su-comunicacion-a-traves-del-portal-web-municipal-y-redes-sociales-debido-a-la-crisis-sanitaria-del-covid-19\/"},"wordCount":262,"image":{"@id":"https:\/\/mula.es\/web\/el-ayuntamiento-de-mula-aumenta-su-comunicacion-a-traves-del-portal-web-municipal-y-redes-sociales-debido-a-la-crisis-sanitaria-del-covid-19\/#primaryimage"},"thumbnailUrl":"https:\/\/mula.es\/web\/wp-content\/uploads\/2016\/04\/escudo_ayto-1.png","articleSection":["tecnolog\u00edas de la informaci\u00f3n y la comunicaci\u00f3n","transparencia","web"],"inLanguage":"es"},{"@type":"WebPage","@id":"https:\/\/mula.es\/web\/el-ayuntamiento-de-mula-aumenta-su-comunicacion-a-traves-del-portal-web-municipal-y-redes-sociales-debido-a-la-crisis-sanitaria-del-covid-19\/","url":"https:\/\/mula.es\/web\/el-ayuntamiento-de-mula-aumenta-su-comunicacion-a-traves-del-portal-web-municipal-y-redes-sociales-debido-a-la-crisis-sanitaria-del-covid-19\/","name":"El Ayuntamiento de Mula aumenta su comunicaci\u00f3n a trav\u00e9s del portal web municipal y redes sociales debido a la crisis sanitaria del COVID-19 - Ayuntamiento de Mula","isPartOf":{"@id":"https:\/\/mula.es\/web\/#website"},"primaryImageOfPage":{"@id":"https:\/\/mula.es\/web\/el-ayuntamiento-de-mula-aumenta-su-comunicacion-a-traves-del-portal-web-municipal-y-redes-sociales-debido-a-la-crisis-sanitaria-del-covid-19\/#primaryimage"},"image":{"@id":"https:\/\/mula.es\/web\/el-ayuntamiento-de-mula-aumenta-su-comunicacion-a-traves-del-portal-web-municipal-y-redes-sociales-debido-a-la-crisis-sanitaria-del-covid-19\/#primaryimage"},"thumbnailUrl":"https:\/\/mula.es\/web\/wp-content\/uploads\/2016\/04\/escudo_ayto-1.png","datePublished":"2020-05-21T12:36:13+00:00","author":{"@id":"https:\/\/mula.es\/web\/#\/schema\/person\/a0dbffe9f4a3ed4aaebedcfef02f71a1"},"breadcrumb":{"@id":"https:\/\/mula.es\/web\/el-ayuntamiento-de-mula-aumenta-su-comunicacion-a-traves-del-portal-web-municipal-y-redes-sociales-debido-a-la-crisis-sanitaria-del-covid-19\/#breadcrumb"},"inLanguage":"es","potentialAction":[{"@type":"ReadAction","target":["https:\/\/mula.es\/web\/el-ayuntamiento-de-mula-aumenta-su-comunicacion-a-traves-del-portal-web-municipal-y-redes-sociales-debido-a-la-crisis-sanitaria-del-covid-19\/"]}]},{"@type":"ImageObject","inLanguage":"es","@id":"https:\/\/mula.es\/web\/el-ayuntamiento-de-mula-aumenta-su-comunicacion-a-traves-del-portal-web-municipal-y-redes-sociales-debido-a-la-crisis-sanitaria-del-covid-19\/#primaryimage","url":"https:\/\/mula.es\/web\/wp-content\/uploads\/2016\/04\/escudo_ayto-1.png","contentUrl":"https:\/\/mula.es\/web\/wp-content\/uploads\/2016\/04\/escudo_ayto-1.png","width":91,"height":98,"caption":"escudo ayuntamiento"},{"@type":"BreadcrumbList","@id":"https:\/\/mula.es\/web\/el-ayuntamiento-de-mula-aumenta-su-comunicacion-a-traves-del-portal-web-municipal-y-redes-sociales-debido-a-la-crisis-sanitaria-del-covid-19\/#breadcrumb","itemListElement":[{"@type":"ListItem","position":1,"name":"Portada","item":"https:\/\/mula.es\/web\/"},{"@type":"ListItem","position":2,"name":"El Ayuntamiento de Mula aumenta su comunicaci\u00f3n a trav\u00e9s del portal web municipal y redes sociales debido a la crisis sanitaria del COVID-19"}]},{"@type":"WebSite","@id":"https:\/\/mula.es\/web\/#website","url":"https:\/\/mula.es\/web\/","name":"Ayuntamiento de Mula","description":"P\u00e1gina web del Ayuntamiento de Mula (Regi\u00f3n de Murcia)","potentialAction":[{"@type":"SearchAction","target":{"@type":"EntryPoint","urlTemplate":"https:\/\/mula.es\/web\/?s={search_term_string}"},"query-input":{"@type":"PropertyValueSpecification","valueRequired":true,"valueName":"search_term_string"}}],"inLanguage":"es"},{"@type":"Person","@id":"https:\/\/mula.es\/web\/#\/schema\/person\/a0dbffe9f4a3ed4aaebedcfef02f71a1","name":"admin","image":{"@type":"ImageObject","inLanguage":"es","@id":"https:\/\/secure.gravatar.com\/avatar\/5423b9cd77f4c7f89a124365a268866f9dfee038c17fe9e37afd92b5920d810e?s=96&d=mm&r=g","url":"https:\/\/secure.gravatar.com\/avatar\/5423b9cd77f4c7f89a124365a268866f9dfee038c17fe9e37afd92b5920d810e?s=96&d=mm&r=g","contentUrl":"https:\/\/secure.gravatar.com\/avatar\/5423b9cd77f4c7f89a124365a268866f9dfee038c17fe9e37afd92b5920d810e?s=96&d=mm&r=g","caption":"admin"},"description":"Lorem ipsum dolor sit amet, consectetur adipiscing elit. Nam viverra euismod odio, gravida pellentesque urna varius vitae. Sed dui lorem, adipiscing in adipiscing et, interdum nec metus. Mauris ultricies, justo eu convallis placerat, felis enim ornare nisi, vitae mattis nulla ante id dui. Ut lectus purus, commodo et tincidunt vel, interdum sed lectus. Vestibulum adipiscing tempor nisi id elementi.","url":"https:\/\/mula.es\/web\/author\/jose-maria-boti\/"}]}},"jetpack_publicize_connections":[],"jetpack_featured_media_url":"https:\/\/mula.es\/web\/wp-content\/uploads\/2016\/04\/escudo_ayto-1.png","jetpack_sharing_enabled":true,"jetpack_shortlink":"https:\/\/wp.me\/pa9DMY-8Gx","jetpack-related-posts":[],"_links":{"self":[{"href":"https:\/\/mula.es\/web\/wp-json\/wp\/v2\/posts\/33389","targetHints":{"allow":["GET"]}}],"collection":[{"href":"https:\/\/mula.es\/web\/wp-json\/wp\/v2\/posts"}],"about":[{"href":"https:\/\/mula.es\/web\/wp-json\/wp\/v2\/types\/post"}],"author":[{"embeddable":true,"href":"https:\/\/mula.es\/web\/wp-json\/wp\/v2\/users\/1"}],"replies":[{"embeddable":true,"href":"https:\/\/mula.es\/web\/wp-json\/wp\/v2\/comments?post=33389"}],"version-history":[{"count":1,"href":"https:\/\/mula.es\/web\/wp-json\/wp\/v2\/posts\/33389\/revisions"}],"predecessor-version":[{"id":33391,"href":"https:\/\/mula.es\/web\/wp-json\/wp\/v2\/posts\/33389\/revisions\/33391"}],"wp:featuredmedia":[{"embeddable":true,"href":"https:\/\/mula.es\/web\/wp-json\/wp\/v2\/media\/15914"}],"wp:attachment":[{"href":"https:\/\/mula.es\/web\/wp-json\/wp\/v2\/media?parent=33389"}],"wp:term":[{"taxonomy":"category","embeddable":true,"href":"https:\/\/mula.es\/web\/wp-json\/wp\/v2\/categories?post=33389"},{"taxonomy":"post_tag","embeddable":true,"href":"https:\/\/mula.es\/web\/wp-json\/wp\/v2\/tags?post=33389"}],"curies":[{"name":"wp","href":"https:\/\/api.w.org\/{rel}","templated":true}]}}