{"id":33392,"date":"2020-05-22T12:46:54","date_gmt":"2020-05-22T10:46:54","guid":{"rendered":"http:\/\/mula.es\/web\/?p=33392"},"modified":"2021-05-12T20:09:15","modified_gmt":"2021-05-12T18:09:15","slug":"subvencioncovid","status":"publish","type":"post","link":"https:\/\/mula.es\/web\/subvencioncovid\/","title":{"rendered":"Convocatoria de ayudas a aut\u00f3nomos afectados por el COVID-19"},"content":{"rendered":"<div class=\"fusion-fullwidth fullwidth-box fusion-builder-row-1 fusion-flex-container hundred-percent-fullwidth non-hundred-percent-height-scrolling\" style=\"--awb-border-radius-top-left:0px;--awb-border-radius-top-right:0px;--awb-border-radius-bottom-right:0px;--awb-border-radius-bottom-left:0px;--awb-overflow:visible;--awb-flex-wrap:wrap;\" ><div class=\"fusion-builder-row fusion-row fusion-flex-align-items-flex-start fusion-flex-content-wrap\" style=\"width:calc( 100% + 0px ) !important;max-width:calc( 100% + 0px ) !important;margin-left: calc(-0px \/ 2 );margin-right: calc(-0px \/ 2 );\"><div class=\"fusion-layout-column fusion_builder_column fusion-builder-column-0 fusion_builder_column_1_1 1_1 fusion-flex-column fusion-flex-align-self-flex-start fusion-column-no-min-height\" style=\"--awb-bg-size:cover;--awb-width-large:100%;--awb-margin-top-large:0px;--awb-spacing-right-large:0px;--awb-margin-bottom-large:0px;--awb-spacing-left-large:0px;--awb-width-medium:100%;--awb-spacing-right-medium:0px;--awb-spacing-left-medium:0px;--awb-width-small:100%;--awb-spacing-right-small:0px;--awb-spacing-left-small:0px;\"><div class=\"fusion-column-wrapper fusion-flex-justify-content-flex-start fusion-content-layout-column\"><div class=\"fusion-text fusion-text-1\"><p><b>EL AYUNTAMIENTO DE MULA MOVILIZA 165.000\u20ac PARA AYUDAR A AUT\u00d3NOMOS Y EMPRESAS DEL MUNICIPIO<\/b><\/p>\n<p>L\u00ednea\u00a0de ayudas directas para apoyar a aut\u00f3nomos y empresas, que se han visto obligados a cerrar o han generado p\u00e9rdidas de un 75% a consecuencia del Estado de Alarma.<\/p>\n<p>La cuant\u00eda de la ayuda asciende a\u00a0<b>475 euros<\/b>, a abonar en un \u00fanico pago,\u00a0no reembolsables, es decir, no tendr\u00e1n que ser devueltos al Ayuntamiento.<\/p>\n<p>El plazo para la\u00a0<b>presentaci\u00f3n de solicitudes<\/b>\u00a0ser\u00e1 de las 00:00 horas del\u00a0<b>25\u00a0de mayo<\/b>\u00a0a las 09:00 horas del d\u00eda\u00a0<b>8\u00a0de <\/b><b>junio.\u00a0<\/b>Dichas solicitudes se pueden presentar de forma presencial en el Registro General del Ayuntamiento de Mula, de forma telem\u00e1tica mediante Instancia General de la Sede Electr\u00f3nica del Ayuntamiento de Mula<a href=\"https:\/\/sedeelectronica.mula.es\"> https:\/\/sedeelectronica.mula.es<\/a>, en el REGISTRO ELECTR\u00d3NICO COM\u00daN del Estado <a href=\"https:\/\/rec.redsara.es\">https:\/\/rec.redsara.es<\/a>, o por alguno de los procedimientos previstos en el art. 16 de la Ley 39\/2015, de 1 de octubre, del Procedimiento Administrativo Com\u00fan de las Administraciones P\u00fablicas,<\/p>\n<p>M\u00e1s informaci\u00f3n en la oficina de Atenci\u00f3n al ciudadano a trav\u00e9s del tel\u00e9fono 663 378 178 (l\u00ednea directa) o email <a href=\"mailto:atencioncovid@aytomula.es\">atencioncovid@aytomula.es<\/a> o en esta p\u00e1gina web<\/p>\n<h2><a href=\"https:\/\/mula.es\/web\/wp-content\/uploads\/2020\/05\/Bases_ayudas_autonomos_Mula_COVID19-4.pdf\">Bases ayudas autonomos y empresas COVID19 (pfd)<\/a><\/h2>\n<h2><a href=\"https:\/\/mula.es\/web\/wp-content\/uploads\/2020\/05\/Anexos-editables-subvecncion-covid19.docx\">Anexos editables subvenci\u00f3n COVID19 (docx)<\/a><\/h2>\n<\/div><\/div><\/div><\/div><\/div>\n","protected":false},"excerpt":{"rendered":"","protected":false},"author":1,"featured_media":34114,"comment_status":"closed","ping_status":"closed","sticky":false,"template":"","format":"standard","meta":{"jetpack_post_was_ever_published":false,"_jetpack_newsletter_access":"","_jetpack_dont_email_post_to_subs":false,"_jetpack_newsletter_tier_id":0,"_jetpack_memberships_contains_paywalled_content":false,"_jetpack_memberships_contains_paid_content":false,"footnotes":"","jetpack_publicize_message":"","jetpack_publicize_feature_enabled":true,"jetpack_social_post_already_shared":true,"jetpack_social_options":{"image_generator_settings":{"template":"highway","default_image_id":0,"font":"","enabled":false},"version":2}},"categories":[664,685],"tags":[],"class_list":["post-33392","post","type-post","status-publish","format-standard","has-post-thumbnail","hentry","category-coronavirus","category-ingreso-minimo-vital"],"yoast_head":"<!-- This site is optimized with the Yoast SEO plugin v27.4 - https:\/\/yoast.com\/product\/yoast-seo-wordpress\/ -->\n<title>Convocatoria de ayudas a aut\u00f3nomos afectados por el COVID-19 - Ayuntamiento de Mula<\/title>\n<meta name=\"robots\" content=\"index, follow, max-snippet:-1, max-image-preview:large, max-video-preview:-1\" \/>\n<link rel=\"canonical\" href=\"https:\/\/mula.es\/web\/subvencioncovid\/\" \/>\n<meta property=\"og:locale\" content=\"es_ES\" \/>\n<meta property=\"og:type\" content=\"article\" \/>\n<meta property=\"og:title\" content=\"Convocatoria de ayudas a aut\u00f3nomos afectados por el COVID-19 - Ayuntamiento de Mula\" \/>\n<meta property=\"og:url\" content=\"https:\/\/mula.es\/web\/subvencioncovid\/\" \/>\n<meta property=\"og:site_name\" content=\"Ayuntamiento de Mula\" \/>\n<meta property=\"article:published_time\" content=\"2020-05-22T10:46:54+00:00\" \/>\n<meta property=\"article:modified_time\" content=\"2021-05-12T18:09:15+00:00\" \/>\n<meta property=\"og:image\" content=\"https:\/\/i0.wp.com\/mula.es\/web\/wp-content\/uploads\/2020\/07\/cartel-informacion-ingreso-vital-scaled.jpg?fit=1820%2C2560&ssl=1\" \/>\n\t<meta property=\"og:image:width\" content=\"1820\" \/>\n\t<meta property=\"og:image:height\" content=\"2560\" \/>\n\t<meta property=\"og:image:type\" content=\"image\/jpeg\" \/>\n<meta name=\"author\" content=\"admin\" \/>\n<meta name=\"twitter:card\" content=\"summary_large_image\" \/>\n<meta name=\"twitter:creator\" content=\"@AyuntamientMula\" \/>\n<meta name=\"twitter:site\" content=\"@AyuntamientMula\" \/>\n<meta name=\"twitter:label1\" content=\"Escrito por\" \/>\n\t<meta name=\"twitter:data1\" content=\"admin\" \/>\n\t<meta name=\"twitter:label2\" content=\"Tiempo de lectura\" \/>\n\t<meta name=\"twitter:data2\" content=\"1 minuto\" \/>\n<script type=\"application\/ld+json\" class=\"yoast-schema-graph\">{\"@context\":\"https:\\\/\\\/schema.org\",\"@graph\":[{\"@type\":\"Article\",\"@id\":\"https:\\\/\\\/mula.es\\\/web\\\/subvencioncovid\\\/#article\",\"isPartOf\":{\"@id\":\"https:\\\/\\\/mula.es\\\/web\\\/subvencioncovid\\\/\"},\"author\":{\"name\":\"admin\",\"@id\":\"https:\\\/\\\/mula.es\\\/web\\\/#\\\/schema\\\/person\\\/a0dbffe9f4a3ed4aaebedcfef02f71a1\"},\"headline\":\"Convocatoria de ayudas a aut\u00f3nomos afectados por el COVID-19\",\"datePublished\":\"2020-05-22T10:46:54+00:00\",\"dateModified\":\"2021-05-12T18:09:15+00:00\",\"mainEntityOfPage\":{\"@id\":\"https:\\\/\\\/mula.es\\\/web\\\/subvencioncovid\\\/\"},\"wordCount\":300,\"image\":{\"@id\":\"https:\\\/\\\/mula.es\\\/web\\\/subvencioncovid\\\/#primaryimage\"},\"thumbnailUrl\":\"https:\\\/\\\/mula.es\\\/web\\\/wp-content\\\/uploads\\\/2020\\\/07\\\/cartel-informacion-ingreso-vital-scaled.jpg\",\"articleSection\":[\"coronavirus\",\"ingreso m\u00ednimo vital\"],\"inLanguage\":\"es\"},{\"@type\":\"WebPage\",\"@id\":\"https:\\\/\\\/mula.es\\\/web\\\/subvencioncovid\\\/\",\"url\":\"https:\\\/\\\/mula.es\\\/web\\\/subvencioncovid\\\/\",\"name\":\"Convocatoria de ayudas a aut\u00f3nomos afectados por el COVID-19 - Ayuntamiento de Mula\",\"isPartOf\":{\"@id\":\"https:\\\/\\\/mula.es\\\/web\\\/#website\"},\"primaryImageOfPage\":{\"@id\":\"https:\\\/\\\/mula.es\\\/web\\\/subvencioncovid\\\/#primaryimage\"},\"image\":{\"@id\":\"https:\\\/\\\/mula.es\\\/web\\\/subvencioncovid\\\/#primaryimage\"},\"thumbnailUrl\":\"https:\\\/\\\/mula.es\\\/web\\\/wp-content\\\/uploads\\\/2020\\\/07\\\/cartel-informacion-ingreso-vital-scaled.jpg\",\"datePublished\":\"2020-05-22T10:46:54+00:00\",\"dateModified\":\"2021-05-12T18:09:15+00:00\",\"author\":{\"@id\":\"https:\\\/\\\/mula.es\\\/web\\\/#\\\/schema\\\/person\\\/a0dbffe9f4a3ed4aaebedcfef02f71a1\"},\"breadcrumb\":{\"@id\":\"https:\\\/\\\/mula.es\\\/web\\\/subvencioncovid\\\/#breadcrumb\"},\"inLanguage\":\"es\",\"potentialAction\":[{\"@type\":\"ReadAction\",\"target\":[\"https:\\\/\\\/mula.es\\\/web\\\/subvencioncovid\\\/\"]}]},{\"@type\":\"ImageObject\",\"inLanguage\":\"es\",\"@id\":\"https:\\\/\\\/mula.es\\\/web\\\/subvencioncovid\\\/#primaryimage\",\"url\":\"https:\\\/\\\/mula.es\\\/web\\\/wp-content\\\/uploads\\\/2020\\\/07\\\/cartel-informacion-ingreso-vital-scaled.jpg\",\"contentUrl\":\"https:\\\/\\\/mula.es\\\/web\\\/wp-content\\\/uploads\\\/2020\\\/07\\\/cartel-informacion-ingreso-vital-scaled.jpg\",\"width\":1820,\"height\":2560},{\"@type\":\"BreadcrumbList\",\"@id\":\"https:\\\/\\\/mula.es\\\/web\\\/subvencioncovid\\\/#breadcrumb\",\"itemListElement\":[{\"@type\":\"ListItem\",\"position\":1,\"name\":\"Portada\",\"item\":\"https:\\\/\\\/mula.es\\\/web\\\/\"},{\"@type\":\"ListItem\",\"position\":2,\"name\":\"Convocatoria de ayudas a aut\u00f3nomos afectados por el COVID-19\"}]},{\"@type\":\"WebSite\",\"@id\":\"https:\\\/\\\/mula.es\\\/web\\\/#website\",\"url\":\"https:\\\/\\\/mula.es\\\/web\\\/\",\"name\":\"Ayuntamiento de Mula\",\"description\":\"P\u00e1gina web del Ayuntamiento de Mula (Regi\u00f3n de Murcia)\",\"potentialAction\":[{\"@type\":\"SearchAction\",\"target\":{\"@type\":\"EntryPoint\",\"urlTemplate\":\"https:\\\/\\\/mula.es\\\/web\\\/?s={search_term_string}\"},\"query-input\":{\"@type\":\"PropertyValueSpecification\",\"valueRequired\":true,\"valueName\":\"search_term_string\"}}],\"inLanguage\":\"es\"},{\"@type\":\"Person\",\"@id\":\"https:\\\/\\\/mula.es\\\/web\\\/#\\\/schema\\\/person\\\/a0dbffe9f4a3ed4aaebedcfef02f71a1\",\"name\":\"admin\",\"image\":{\"@type\":\"ImageObject\",\"inLanguage\":\"es\",\"@id\":\"https:\\\/\\\/secure.gravatar.com\\\/avatar\\\/5423b9cd77f4c7f89a124365a268866f9dfee038c17fe9e37afd92b5920d810e?s=96&d=mm&r=g\",\"url\":\"https:\\\/\\\/secure.gravatar.com\\\/avatar\\\/5423b9cd77f4c7f89a124365a268866f9dfee038c17fe9e37afd92b5920d810e?s=96&d=mm&r=g\",\"contentUrl\":\"https:\\\/\\\/secure.gravatar.com\\\/avatar\\\/5423b9cd77f4c7f89a124365a268866f9dfee038c17fe9e37afd92b5920d810e?s=96&d=mm&r=g\",\"caption\":\"admin\"},\"description\":\"Lorem ipsum dolor sit amet, consectetur adipiscing elit. Nam viverra euismod odio, gravida pellentesque urna varius vitae. Sed dui lorem, adipiscing in adipiscing et, interdum nec metus. Mauris ultricies, justo eu convallis placerat, felis enim ornare nisi, vitae mattis nulla ante id dui. Ut lectus purus, commodo et tincidunt vel, interdum sed lectus. Vestibulum adipiscing tempor nisi id elementi.\",\"url\":\"https:\\\/\\\/mula.es\\\/web\\\/author\\\/jose-maria-boti\\\/\"}]}<\/script>\n<!-- \/ Yoast SEO plugin. -->","yoast_head_json":{"title":"Convocatoria de ayudas a aut\u00f3nomos afectados por el COVID-19 - Ayuntamiento de Mula","robots":{"index":"index","follow":"follow","max-snippet":"max-snippet:-1","max-image-preview":"max-image-preview:large","max-video-preview":"max-video-preview:-1"},"canonical":"https:\/\/mula.es\/web\/subvencioncovid\/","og_locale":"es_ES","og_type":"article","og_title":"Convocatoria de ayudas a aut\u00f3nomos afectados por el COVID-19 - Ayuntamiento de Mula","og_url":"https:\/\/mula.es\/web\/subvencioncovid\/","og_site_name":"Ayuntamiento de Mula","article_published_time":"2020-05-22T10:46:54+00:00","article_modified_time":"2021-05-12T18:09:15+00:00","og_image":[{"width":1820,"height":2560,"url":"https:\/\/i0.wp.com\/mula.es\/web\/wp-content\/uploads\/2020\/07\/cartel-informacion-ingreso-vital-scaled.jpg?fit=1820%2C2560&ssl=1","type":"image\/jpeg"}],"author":"admin","twitter_card":"summary_large_image","twitter_creator":"@AyuntamientMula","twitter_site":"@AyuntamientMula","twitter_misc":{"Escrito por":"admin","Tiempo de lectura":"1 minuto"},"schema":{"@context":"https:\/\/schema.org","@graph":[{"@type":"Article","@id":"https:\/\/mula.es\/web\/subvencioncovid\/#article","isPartOf":{"@id":"https:\/\/mula.es\/web\/subvencioncovid\/"},"author":{"name":"admin","@id":"https:\/\/mula.es\/web\/#\/schema\/person\/a0dbffe9f4a3ed4aaebedcfef02f71a1"},"headline":"Convocatoria de ayudas a aut\u00f3nomos afectados por el COVID-19","datePublished":"2020-05-22T10:46:54+00:00","dateModified":"2021-05-12T18:09:15+00:00","mainEntityOfPage":{"@id":"https:\/\/mula.es\/web\/subvencioncovid\/"},"wordCount":300,"image":{"@id":"https:\/\/mula.es\/web\/subvencioncovid\/#primaryimage"},"thumbnailUrl":"https:\/\/mula.es\/web\/wp-content\/uploads\/2020\/07\/cartel-informacion-ingreso-vital-scaled.jpg","articleSection":["coronavirus","ingreso m\u00ednimo vital"],"inLanguage":"es"},{"@type":"WebPage","@id":"https:\/\/mula.es\/web\/subvencioncovid\/","url":"https:\/\/mula.es\/web\/subvencioncovid\/","name":"Convocatoria de ayudas a aut\u00f3nomos afectados por el COVID-19 - Ayuntamiento de Mula","isPartOf":{"@id":"https:\/\/mula.es\/web\/#website"},"primaryImageOfPage":{"@id":"https:\/\/mula.es\/web\/subvencioncovid\/#primaryimage"},"image":{"@id":"https:\/\/mula.es\/web\/subvencioncovid\/#primaryimage"},"thumbnailUrl":"https:\/\/mula.es\/web\/wp-content\/uploads\/2020\/07\/cartel-informacion-ingreso-vital-scaled.jpg","datePublished":"2020-05-22T10:46:54+00:00","dateModified":"2021-05-12T18:09:15+00:00","author":{"@id":"https:\/\/mula.es\/web\/#\/schema\/person\/a0dbffe9f4a3ed4aaebedcfef02f71a1"},"breadcrumb":{"@id":"https:\/\/mula.es\/web\/subvencioncovid\/#breadcrumb"},"inLanguage":"es","potentialAction":[{"@type":"ReadAction","target":["https:\/\/mula.es\/web\/subvencioncovid\/"]}]},{"@type":"ImageObject","inLanguage":"es","@id":"https:\/\/mula.es\/web\/subvencioncovid\/#primaryimage","url":"https:\/\/mula.es\/web\/wp-content\/uploads\/2020\/07\/cartel-informacion-ingreso-vital-scaled.jpg","contentUrl":"https:\/\/mula.es\/web\/wp-content\/uploads\/2020\/07\/cartel-informacion-ingreso-vital-scaled.jpg","width":1820,"height":2560},{"@type":"BreadcrumbList","@id":"https:\/\/mula.es\/web\/subvencioncovid\/#breadcrumb","itemListElement":[{"@type":"ListItem","position":1,"name":"Portada","item":"https:\/\/mula.es\/web\/"},{"@type":"ListItem","position":2,"name":"Convocatoria de ayudas a aut\u00f3nomos afectados por el COVID-19"}]},{"@type":"WebSite","@id":"https:\/\/mula.es\/web\/#website","url":"https:\/\/mula.es\/web\/","name":"Ayuntamiento de Mula","description":"P\u00e1gina web del Ayuntamiento de Mula (Regi\u00f3n de Murcia)","potentialAction":[{"@type":"SearchAction","target":{"@type":"EntryPoint","urlTemplate":"https:\/\/mula.es\/web\/?s={search_term_string}"},"query-input":{"@type":"PropertyValueSpecification","valueRequired":true,"valueName":"search_term_string"}}],"inLanguage":"es"},{"@type":"Person","@id":"https:\/\/mula.es\/web\/#\/schema\/person\/a0dbffe9f4a3ed4aaebedcfef02f71a1","name":"admin","image":{"@type":"ImageObject","inLanguage":"es","@id":"https:\/\/secure.gravatar.com\/avatar\/5423b9cd77f4c7f89a124365a268866f9dfee038c17fe9e37afd92b5920d810e?s=96&d=mm&r=g","url":"https:\/\/secure.gravatar.com\/avatar\/5423b9cd77f4c7f89a124365a268866f9dfee038c17fe9e37afd92b5920d810e?s=96&d=mm&r=g","contentUrl":"https:\/\/secure.gravatar.com\/avatar\/5423b9cd77f4c7f89a124365a268866f9dfee038c17fe9e37afd92b5920d810e?s=96&d=mm&r=g","caption":"admin"},"description":"Lorem ipsum dolor sit amet, consectetur adipiscing elit. Nam viverra euismod odio, gravida pellentesque urna varius vitae. Sed dui lorem, adipiscing in adipiscing et, interdum nec metus. Mauris ultricies, justo eu convallis placerat, felis enim ornare nisi, vitae mattis nulla ante id dui. Ut lectus purus, commodo et tincidunt vel, interdum sed lectus. Vestibulum adipiscing tempor nisi id elementi.","url":"https:\/\/mula.es\/web\/author\/jose-maria-boti\/"}]}},"jetpack_publicize_connections":[],"jetpack_featured_media_url":"https:\/\/mula.es\/web\/wp-content\/uploads\/2020\/07\/cartel-informacion-ingreso-vital-scaled.jpg","jetpack_sharing_enabled":true,"jetpack_shortlink":"https:\/\/wp.me\/pa9DMY-8GA","jetpack-related-posts":[],"_links":{"self":[{"href":"https:\/\/mula.es\/web\/wp-json\/wp\/v2\/posts\/33392","targetHints":{"allow":["GET"]}}],"collection":[{"href":"https:\/\/mula.es\/web\/wp-json\/wp\/v2\/posts"}],"about":[{"href":"https:\/\/mula.es\/web\/wp-json\/wp\/v2\/types\/post"}],"author":[{"embeddable":true,"href":"https:\/\/mula.es\/web\/wp-json\/wp\/v2\/users\/1"}],"replies":[{"embeddable":true,"href":"https:\/\/mula.es\/web\/wp-json\/wp\/v2\/comments?post=33392"}],"version-history":[{"count":13,"href":"https:\/\/mula.es\/web\/wp-json\/wp\/v2\/posts\/33392\/revisions"}],"predecessor-version":[{"id":38864,"href":"https:\/\/mula.es\/web\/wp-json\/wp\/v2\/posts\/33392\/revisions\/38864"}],"wp:featuredmedia":[{"embeddable":true,"href":"https:\/\/mula.es\/web\/wp-json\/wp\/v2\/media\/34114"}],"wp:attachment":[{"href":"https:\/\/mula.es\/web\/wp-json\/wp\/v2\/media?parent=33392"}],"wp:term":[{"taxonomy":"category","embeddable":true,"href":"https:\/\/mula.es\/web\/wp-json\/wp\/v2\/categories?post=33392"},{"taxonomy":"post_tag","embeddable":true,"href":"https:\/\/mula.es\/web\/wp-json\/wp\/v2\/tags?post=33392"}],"curies":[{"name":"wp","href":"https:\/\/api.w.org\/{rel}","templated":true}]}}