{"id":33579,"date":"2020-06-05T13:25:13","date_gmt":"2020-06-05T11:25:13","guid":{"rendered":"http:\/\/mula.es\/web\/?p=33579"},"modified":"2020-06-05T13:25:13","modified_gmt":"2020-06-05T11:25:13","slug":"reanudacion-mercado-semanal-de-ropa","status":"publish","type":"post","link":"https:\/\/mula.es\/web\/reanudacion-mercado-semanal-de-ropa\/","title":{"rendered":"Reanudaci\u00f3n mercado semanal de ropa"},"content":{"rendered":"<p>Desde la Concejal\u00eda de Comercio del ayuntamiento de Mula se informa que el mercado semanal de ropa reanuda su actividad desde el pr\u00f3ximo s\u00e1bado 6 de junio de 2020.<\/p>\n<p>Estar\u00e1 situado en la Avenida de la Paz, a continuaci\u00f3n del mercado de frutas y hortalizas. Los puestos estar\u00e1n situados a ambos lados de la calzada para acortar el recorrido.<\/p>\n<p>Alicia Zapata Ru\u00edz<br \/>\nConcejala de Comercio-Ayuntamiento de Mula<\/p>\n","protected":false},"excerpt":{"rendered":"<p>Desde la Concejal\u00eda de Comercio del ayuntamiento de Mula se informa que el mercado semanal de ropa reanuda su actividad desde el pr\u00f3ximo s\u00e1bado 6 de junio de 2020. Estar\u00e1 situado en la Avenida de la Paz, a continuaci\u00f3n del mercado de frutas y hortalizas. Los puestos estar\u00e1n situados a ambos lados de la calzada  [&#8230;]<\/p>\n","protected":false},"author":1,"featured_media":33512,"comment_status":"closed","ping_status":"closed","sticky":false,"template":"","format":"standard","meta":{"jetpack_post_was_ever_published":false,"_jetpack_newsletter_access":"","_jetpack_dont_email_post_to_subs":false,"_jetpack_newsletter_tier_id":0,"_jetpack_memberships_contains_paywalled_content":false,"_jetpack_memberships_contains_paid_content":false,"footnotes":"","jetpack_publicize_message":"","jetpack_publicize_feature_enabled":true,"jetpack_social_post_already_shared":false,"jetpack_social_options":{"image_generator_settings":{"template":"highway","default_image_id":0,"font":"","enabled":false},"version":2}},"categories":[164,678],"tags":[],"class_list":["post-33579","post","type-post","status-publish","format-standard","has-post-thumbnail","hentry","category-comercio","category-mercado-semanal"],"yoast_head":"<!-- This site is optimized with the Yoast SEO plugin v27.5 - https:\/\/yoast.com\/product\/yoast-seo-wordpress\/ -->\n<title>Reanudaci\u00f3n mercado semanal de ropa - Ayuntamiento de Mula<\/title>\n<meta name=\"robots\" content=\"index, follow, max-snippet:-1, max-image-preview:large, max-video-preview:-1\" \/>\n<link rel=\"canonical\" href=\"https:\/\/mula.es\/web\/reanudacion-mercado-semanal-de-ropa\/\" \/>\n<meta property=\"og:locale\" content=\"es_ES\" \/>\n<meta property=\"og:type\" content=\"article\" \/>\n<meta property=\"og:title\" content=\"Reanudaci\u00f3n mercado semanal de ropa - Ayuntamiento de Mula\" \/>\n<meta property=\"og:description\" content=\"Desde la Concejal\u00eda de Comercio del ayuntamiento de Mula se informa que el mercado semanal de ropa reanuda su actividad desde el pr\u00f3ximo s\u00e1bado 6 de junio de 2020. Estar\u00e1 situado en la Avenida de la Paz, a continuaci\u00f3n del mercado de frutas y hortalizas. Los puestos estar\u00e1n situados a ambos lados de la calzada [...]\" \/>\n<meta property=\"og:url\" content=\"https:\/\/mula.es\/web\/reanudacion-mercado-semanal-de-ropa\/\" \/>\n<meta property=\"og:site_name\" content=\"Ayuntamiento de Mula\" \/>\n<meta property=\"article:published_time\" content=\"2020-06-05T11:25:13+00:00\" \/>\n<meta property=\"og:image\" content=\"https:\/\/i0.wp.com\/mula.es\/web\/wp-content\/uploads\/2020\/06\/escudo-cuadrado-e1591045058235.jpg?fit=200%2C218&ssl=1\" \/>\n\t<meta property=\"og:image:width\" content=\"200\" \/>\n\t<meta property=\"og:image:height\" content=\"218\" \/>\n\t<meta property=\"og:image:type\" content=\"image\/jpeg\" \/>\n<meta name=\"author\" content=\"admin\" \/>\n<meta name=\"twitter:card\" content=\"summary_large_image\" \/>\n<meta name=\"twitter:creator\" content=\"@AyuntamientMula\" \/>\n<meta name=\"twitter:site\" content=\"@AyuntamientMula\" \/>\n<meta name=\"twitter:label1\" content=\"Escrito por\" \/>\n\t<meta name=\"twitter:data1\" content=\"admin\" \/>\n<script type=\"application\/ld+json\" class=\"yoast-schema-graph\">{\"@context\":\"https:\\\/\\\/schema.org\",\"@graph\":[{\"@type\":\"Article\",\"@id\":\"https:\\\/\\\/mula.es\\\/web\\\/reanudacion-mercado-semanal-de-ropa\\\/#article\",\"isPartOf\":{\"@id\":\"https:\\\/\\\/mula.es\\\/web\\\/reanudacion-mercado-semanal-de-ropa\\\/\"},\"author\":{\"name\":\"admin\",\"@id\":\"https:\\\/\\\/mula.es\\\/web\\\/#\\\/schema\\\/person\\\/a0dbffe9f4a3ed4aaebedcfef02f71a1\"},\"headline\":\"Reanudaci\u00f3n mercado semanal de ropa\",\"datePublished\":\"2020-06-05T11:25:13+00:00\",\"mainEntityOfPage\":{\"@id\":\"https:\\\/\\\/mula.es\\\/web\\\/reanudacion-mercado-semanal-de-ropa\\\/\"},\"wordCount\":77,\"image\":{\"@id\":\"https:\\\/\\\/mula.es\\\/web\\\/reanudacion-mercado-semanal-de-ropa\\\/#primaryimage\"},\"thumbnailUrl\":\"https:\\\/\\\/mula.es\\\/web\\\/wp-content\\\/uploads\\\/2020\\\/06\\\/escudo-cuadrado-e1591045058235.jpg\",\"articleSection\":[\"comercio\",\"mercado semanal\"],\"inLanguage\":\"es\"},{\"@type\":\"WebPage\",\"@id\":\"https:\\\/\\\/mula.es\\\/web\\\/reanudacion-mercado-semanal-de-ropa\\\/\",\"url\":\"https:\\\/\\\/mula.es\\\/web\\\/reanudacion-mercado-semanal-de-ropa\\\/\",\"name\":\"Reanudaci\u00f3n mercado semanal de ropa - Ayuntamiento de Mula\",\"isPartOf\":{\"@id\":\"https:\\\/\\\/mula.es\\\/web\\\/#website\"},\"primaryImageOfPage\":{\"@id\":\"https:\\\/\\\/mula.es\\\/web\\\/reanudacion-mercado-semanal-de-ropa\\\/#primaryimage\"},\"image\":{\"@id\":\"https:\\\/\\\/mula.es\\\/web\\\/reanudacion-mercado-semanal-de-ropa\\\/#primaryimage\"},\"thumbnailUrl\":\"https:\\\/\\\/mula.es\\\/web\\\/wp-content\\\/uploads\\\/2020\\\/06\\\/escudo-cuadrado-e1591045058235.jpg\",\"datePublished\":\"2020-06-05T11:25:13+00:00\",\"author\":{\"@id\":\"https:\\\/\\\/mula.es\\\/web\\\/#\\\/schema\\\/person\\\/a0dbffe9f4a3ed4aaebedcfef02f71a1\"},\"breadcrumb\":{\"@id\":\"https:\\\/\\\/mula.es\\\/web\\\/reanudacion-mercado-semanal-de-ropa\\\/#breadcrumb\"},\"inLanguage\":\"es\",\"potentialAction\":[{\"@type\":\"ReadAction\",\"target\":[\"https:\\\/\\\/mula.es\\\/web\\\/reanudacion-mercado-semanal-de-ropa\\\/\"]}]},{\"@type\":\"ImageObject\",\"inLanguage\":\"es\",\"@id\":\"https:\\\/\\\/mula.es\\\/web\\\/reanudacion-mercado-semanal-de-ropa\\\/#primaryimage\",\"url\":\"https:\\\/\\\/mula.es\\\/web\\\/wp-content\\\/uploads\\\/2020\\\/06\\\/escudo-cuadrado-e1591045058235.jpg\",\"contentUrl\":\"https:\\\/\\\/mula.es\\\/web\\\/wp-content\\\/uploads\\\/2020\\\/06\\\/escudo-cuadrado-e1591045058235.jpg\",\"width\":200,\"height\":218},{\"@type\":\"BreadcrumbList\",\"@id\":\"https:\\\/\\\/mula.es\\\/web\\\/reanudacion-mercado-semanal-de-ropa\\\/#breadcrumb\",\"itemListElement\":[{\"@type\":\"ListItem\",\"position\":1,\"name\":\"Portada\",\"item\":\"https:\\\/\\\/mula.es\\\/web\\\/\"},{\"@type\":\"ListItem\",\"position\":2,\"name\":\"Reanudaci\u00f3n mercado semanal de ropa\"}]},{\"@type\":\"WebSite\",\"@id\":\"https:\\\/\\\/mula.es\\\/web\\\/#website\",\"url\":\"https:\\\/\\\/mula.es\\\/web\\\/\",\"name\":\"Ayuntamiento de Mula\",\"description\":\"P\u00e1gina web del Ayuntamiento de Mula (Regi\u00f3n de Murcia)\",\"potentialAction\":[{\"@type\":\"SearchAction\",\"target\":{\"@type\":\"EntryPoint\",\"urlTemplate\":\"https:\\\/\\\/mula.es\\\/web\\\/?s={search_term_string}\"},\"query-input\":{\"@type\":\"PropertyValueSpecification\",\"valueRequired\":true,\"valueName\":\"search_term_string\"}}],\"inLanguage\":\"es\"},{\"@type\":\"Person\",\"@id\":\"https:\\\/\\\/mula.es\\\/web\\\/#\\\/schema\\\/person\\\/a0dbffe9f4a3ed4aaebedcfef02f71a1\",\"name\":\"admin\",\"image\":{\"@type\":\"ImageObject\",\"inLanguage\":\"es\",\"@id\":\"https:\\\/\\\/secure.gravatar.com\\\/avatar\\\/5423b9cd77f4c7f89a124365a268866f9dfee038c17fe9e37afd92b5920d810e?s=96&d=mm&r=g\",\"url\":\"https:\\\/\\\/secure.gravatar.com\\\/avatar\\\/5423b9cd77f4c7f89a124365a268866f9dfee038c17fe9e37afd92b5920d810e?s=96&d=mm&r=g\",\"contentUrl\":\"https:\\\/\\\/secure.gravatar.com\\\/avatar\\\/5423b9cd77f4c7f89a124365a268866f9dfee038c17fe9e37afd92b5920d810e?s=96&d=mm&r=g\",\"caption\":\"admin\"},\"description\":\"Lorem ipsum dolor sit amet, consectetur adipiscing elit. Nam viverra euismod odio, gravida pellentesque urna varius vitae. Sed dui lorem, adipiscing in adipiscing et, interdum nec metus. Mauris ultricies, justo eu convallis placerat, felis enim ornare nisi, vitae mattis nulla ante id dui. Ut lectus purus, commodo et tincidunt vel, interdum sed lectus. Vestibulum adipiscing tempor nisi id elementi.\",\"url\":\"https:\\\/\\\/mula.es\\\/web\\\/author\\\/jose-maria-boti\\\/\"}]}<\/script>\n<!-- \/ Yoast SEO plugin. -->","yoast_head_json":{"title":"Reanudaci\u00f3n mercado semanal de ropa - Ayuntamiento de Mula","robots":{"index":"index","follow":"follow","max-snippet":"max-snippet:-1","max-image-preview":"max-image-preview:large","max-video-preview":"max-video-preview:-1"},"canonical":"https:\/\/mula.es\/web\/reanudacion-mercado-semanal-de-ropa\/","og_locale":"es_ES","og_type":"article","og_title":"Reanudaci\u00f3n mercado semanal de ropa - Ayuntamiento de Mula","og_description":"Desde la Concejal\u00eda de Comercio del ayuntamiento de Mula se informa que el mercado semanal de ropa reanuda su actividad desde el pr\u00f3ximo s\u00e1bado 6 de junio de 2020. Estar\u00e1 situado en la Avenida de la Paz, a continuaci\u00f3n del mercado de frutas y hortalizas. Los puestos estar\u00e1n situados a ambos lados de la calzada [...]","og_url":"https:\/\/mula.es\/web\/reanudacion-mercado-semanal-de-ropa\/","og_site_name":"Ayuntamiento de Mula","article_published_time":"2020-06-05T11:25:13+00:00","og_image":[{"width":200,"height":218,"url":"https:\/\/i0.wp.com\/mula.es\/web\/wp-content\/uploads\/2020\/06\/escudo-cuadrado-e1591045058235.jpg?fit=200%2C218&ssl=1","type":"image\/jpeg"}],"author":"admin","twitter_card":"summary_large_image","twitter_creator":"@AyuntamientMula","twitter_site":"@AyuntamientMula","twitter_misc":{"Escrito por":"admin"},"schema":{"@context":"https:\/\/schema.org","@graph":[{"@type":"Article","@id":"https:\/\/mula.es\/web\/reanudacion-mercado-semanal-de-ropa\/#article","isPartOf":{"@id":"https:\/\/mula.es\/web\/reanudacion-mercado-semanal-de-ropa\/"},"author":{"name":"admin","@id":"https:\/\/mula.es\/web\/#\/schema\/person\/a0dbffe9f4a3ed4aaebedcfef02f71a1"},"headline":"Reanudaci\u00f3n mercado semanal de ropa","datePublished":"2020-06-05T11:25:13+00:00","mainEntityOfPage":{"@id":"https:\/\/mula.es\/web\/reanudacion-mercado-semanal-de-ropa\/"},"wordCount":77,"image":{"@id":"https:\/\/mula.es\/web\/reanudacion-mercado-semanal-de-ropa\/#primaryimage"},"thumbnailUrl":"https:\/\/mula.es\/web\/wp-content\/uploads\/2020\/06\/escudo-cuadrado-e1591045058235.jpg","articleSection":["comercio","mercado semanal"],"inLanguage":"es"},{"@type":"WebPage","@id":"https:\/\/mula.es\/web\/reanudacion-mercado-semanal-de-ropa\/","url":"https:\/\/mula.es\/web\/reanudacion-mercado-semanal-de-ropa\/","name":"Reanudaci\u00f3n mercado semanal de ropa - Ayuntamiento de Mula","isPartOf":{"@id":"https:\/\/mula.es\/web\/#website"},"primaryImageOfPage":{"@id":"https:\/\/mula.es\/web\/reanudacion-mercado-semanal-de-ropa\/#primaryimage"},"image":{"@id":"https:\/\/mula.es\/web\/reanudacion-mercado-semanal-de-ropa\/#primaryimage"},"thumbnailUrl":"https:\/\/mula.es\/web\/wp-content\/uploads\/2020\/06\/escudo-cuadrado-e1591045058235.jpg","datePublished":"2020-06-05T11:25:13+00:00","author":{"@id":"https:\/\/mula.es\/web\/#\/schema\/person\/a0dbffe9f4a3ed4aaebedcfef02f71a1"},"breadcrumb":{"@id":"https:\/\/mula.es\/web\/reanudacion-mercado-semanal-de-ropa\/#breadcrumb"},"inLanguage":"es","potentialAction":[{"@type":"ReadAction","target":["https:\/\/mula.es\/web\/reanudacion-mercado-semanal-de-ropa\/"]}]},{"@type":"ImageObject","inLanguage":"es","@id":"https:\/\/mula.es\/web\/reanudacion-mercado-semanal-de-ropa\/#primaryimage","url":"https:\/\/mula.es\/web\/wp-content\/uploads\/2020\/06\/escudo-cuadrado-e1591045058235.jpg","contentUrl":"https:\/\/mula.es\/web\/wp-content\/uploads\/2020\/06\/escudo-cuadrado-e1591045058235.jpg","width":200,"height":218},{"@type":"BreadcrumbList","@id":"https:\/\/mula.es\/web\/reanudacion-mercado-semanal-de-ropa\/#breadcrumb","itemListElement":[{"@type":"ListItem","position":1,"name":"Portada","item":"https:\/\/mula.es\/web\/"},{"@type":"ListItem","position":2,"name":"Reanudaci\u00f3n mercado semanal de ropa"}]},{"@type":"WebSite","@id":"https:\/\/mula.es\/web\/#website","url":"https:\/\/mula.es\/web\/","name":"Ayuntamiento de Mula","description":"P\u00e1gina web del Ayuntamiento de Mula (Regi\u00f3n de Murcia)","potentialAction":[{"@type":"SearchAction","target":{"@type":"EntryPoint","urlTemplate":"https:\/\/mula.es\/web\/?s={search_term_string}"},"query-input":{"@type":"PropertyValueSpecification","valueRequired":true,"valueName":"search_term_string"}}],"inLanguage":"es"},{"@type":"Person","@id":"https:\/\/mula.es\/web\/#\/schema\/person\/a0dbffe9f4a3ed4aaebedcfef02f71a1","name":"admin","image":{"@type":"ImageObject","inLanguage":"es","@id":"https:\/\/secure.gravatar.com\/avatar\/5423b9cd77f4c7f89a124365a268866f9dfee038c17fe9e37afd92b5920d810e?s=96&d=mm&r=g","url":"https:\/\/secure.gravatar.com\/avatar\/5423b9cd77f4c7f89a124365a268866f9dfee038c17fe9e37afd92b5920d810e?s=96&d=mm&r=g","contentUrl":"https:\/\/secure.gravatar.com\/avatar\/5423b9cd77f4c7f89a124365a268866f9dfee038c17fe9e37afd92b5920d810e?s=96&d=mm&r=g","caption":"admin"},"description":"Lorem ipsum dolor sit amet, consectetur adipiscing elit. Nam viverra euismod odio, gravida pellentesque urna varius vitae. Sed dui lorem, adipiscing in adipiscing et, interdum nec metus. Mauris ultricies, justo eu convallis placerat, felis enim ornare nisi, vitae mattis nulla ante id dui. Ut lectus purus, commodo et tincidunt vel, interdum sed lectus. Vestibulum adipiscing tempor nisi id elementi.","url":"https:\/\/mula.es\/web\/author\/jose-maria-boti\/"}]}},"jetpack_publicize_connections":[],"jetpack_featured_media_url":"https:\/\/mula.es\/web\/wp-content\/uploads\/2020\/06\/escudo-cuadrado-e1591045058235.jpg","jetpack_sharing_enabled":true,"jetpack_shortlink":"https:\/\/wp.me\/pa9DMY-8JB","jetpack-related-posts":[],"_links":{"self":[{"href":"https:\/\/mula.es\/web\/wp-json\/wp\/v2\/posts\/33579","targetHints":{"allow":["GET"]}}],"collection":[{"href":"https:\/\/mula.es\/web\/wp-json\/wp\/v2\/posts"}],"about":[{"href":"https:\/\/mula.es\/web\/wp-json\/wp\/v2\/types\/post"}],"author":[{"embeddable":true,"href":"https:\/\/mula.es\/web\/wp-json\/wp\/v2\/users\/1"}],"replies":[{"embeddable":true,"href":"https:\/\/mula.es\/web\/wp-json\/wp\/v2\/comments?post=33579"}],"version-history":[{"count":1,"href":"https:\/\/mula.es\/web\/wp-json\/wp\/v2\/posts\/33579\/revisions"}],"predecessor-version":[{"id":33580,"href":"https:\/\/mula.es\/web\/wp-json\/wp\/v2\/posts\/33579\/revisions\/33580"}],"wp:featuredmedia":[{"embeddable":true,"href":"https:\/\/mula.es\/web\/wp-json\/wp\/v2\/media\/33512"}],"wp:attachment":[{"href":"https:\/\/mula.es\/web\/wp-json\/wp\/v2\/media?parent=33579"}],"wp:term":[{"taxonomy":"category","embeddable":true,"href":"https:\/\/mula.es\/web\/wp-json\/wp\/v2\/categories?post=33579"},{"taxonomy":"post_tag","embeddable":true,"href":"https:\/\/mula.es\/web\/wp-json\/wp\/v2\/tags?post=33579"}],"curies":[{"name":"wp","href":"https:\/\/api.w.org\/{rel}","templated":true}]}}