{"id":33690,"date":"2020-06-19T14:02:38","date_gmt":"2020-06-19T12:02:38","guid":{"rendered":"http:\/\/mula.es\/web\/?p=33690"},"modified":"2021-05-12T20:09:08","modified_gmt":"2021-05-12T18:09:08","slug":"deportes-visita-del-alcalde-a-las-instalaciones-de-la-piscina-de-verano","status":"publish","type":"post","link":"https:\/\/mula.es\/web\/deportes-visita-del-alcalde-a-las-instalaciones-de-la-piscina-de-verano\/","title":{"rendered":"DEPORTES | Visita del Alcalde a las instalaciones de la piscina de verano"},"content":{"rendered":"<div class=\"fusion-fullwidth fullwidth-box fusion-builder-row-1 fusion-flex-container hundred-percent-fullwidth non-hundred-percent-height-scrolling\" style=\"--awb-border-radius-top-left:0px;--awb-border-radius-top-right:0px;--awb-border-radius-bottom-right:0px;--awb-border-radius-bottom-left:0px;--awb-overflow:visible;--awb-flex-wrap:wrap;\" ><div class=\"fusion-builder-row fusion-row fusion-flex-align-items-flex-start fusion-flex-content-wrap\" style=\"width:104% !important;max-width:104% !important;margin-left: calc(-4% \/ 2 );margin-right: calc(-4% \/ 2 );\"><div class=\"fusion-layout-column fusion_builder_column fusion-builder-column-0 fusion_builder_column_1_1 1_1 fusion-flex-column fusion-flex-align-self-flex-start fusion-column-no-min-height\" style=\"--awb-bg-size:cover;--awb-width-large:100%;--awb-margin-top-large:0px;--awb-spacing-right-large:1.92%;--awb-margin-bottom-large:0px;--awb-spacing-left-large:1.92%;--awb-width-medium:100%;--awb-spacing-right-medium:1.92%;--awb-spacing-left-medium:1.92%;--awb-width-small:100%;--awb-spacing-right-small:1.92%;--awb-spacing-left-small:1.92%;\"><div class=\"fusion-column-wrapper fusion-flex-justify-content-flex-start fusion-content-layout-column\"><div class=\"fusion-text fusion-text-1\"><div>El Alcalde de Mula, Juan Jes\u00fas Moreno y el Concejal de Servicios Municipales y Deportes, Vicente L\u00f3pez, han visitado las instalaciones de la piscina\u00a0de verano.<\/div>\n<div><\/div>\n<\/div><div class=\"fusion-separator fusion-full-width-sep\" style=\"align-self: center;margin-left: auto;margin-right: auto;margin-top:10px;width:100%;\"><\/div><div class=\"fusion-text fusion-text-2\"><div>En dicha visita, han supervisado, junto a t\u00e9cnicos municipales, las actuaciones que se est\u00e1n llevando a cabo para la puesta a punto de las instalaciones de cara a su pr\u00f3xima apertura.<\/div>\n<div><\/div>\n<\/div><div class=\"fusion-separator fusion-full-width-sep\" style=\"align-self: center;margin-left: auto;margin-right: auto;margin-top:10px;width:100%;\"><\/div><div class=\"fusion-text fusion-text-3\"><div>Tanto Alcalde como Concejal han incidido en que dicha apertura se producir\u00e1 bajo un estricto cumplimiento de los protocolos de seguridad establecidos por las distintas administraciones.<\/div>\n<\/div><div class=\"fusion-separator fusion-full-width-sep\" style=\"align-self: center;margin-left: auto;margin-right: auto;margin-top:10px;width:100%;\"><\/div><div class=\"fusion-text fusion-text-4\"><div>Aunque desde las Concejal\u00edas de Deportes y de Servicios se ha elaborado un protocolo de apertura para la total seguridad de los usuarios de la piscina\u00a0de verano, se est\u00e1 a la espera de la publicaci\u00f3n\u00a0definitiva\u00a0del decreto de la Comunidad Aut\u00f3noma\u00a0con las nuevas medidas de vuelta a la normalidad, previsto para los pr\u00f3ximos d\u00edas.<\/div>\n<\/div><\/div><\/div><div class=\"fusion-layout-column fusion_builder_column fusion-builder-column-1 fusion_builder_column_1_3 1_3 fusion-flex-column\" style=\"--awb-bg-size:cover;--awb-width-large:33.333333333333%;--awb-margin-top-large:0px;--awb-spacing-right-large:5.76%;--awb-margin-bottom-large:20px;--awb-spacing-left-large:5.76%;--awb-width-medium:33.333333333333%;--awb-spacing-right-medium:5.76%;--awb-spacing-left-medium:5.76%;--awb-width-small:100%;--awb-spacing-right-small:1.92%;--awb-spacing-left-small:1.92%;\"><div class=\"fusion-column-wrapper fusion-flex-justify-content-flex-start fusion-content-layout-column\"><div class=\"fusion-image-element \" style=\"--awb-caption-title-font-family:var(--h2_typography-font-family);--awb-caption-title-font-weight:var(--h2_typography-font-weight);--awb-caption-title-font-style:var(--h2_typography-font-style);--awb-caption-title-size:var(--h2_typography-font-size);--awb-caption-title-transform:var(--h2_typography-text-transform);--awb-caption-title-line-height:var(--h2_typography-line-height);--awb-caption-title-letter-spacing:var(--h2_typography-letter-spacing);\"><span class=\" fusion-imageframe imageframe-none imageframe-1 hover-type-zoomin\"><a href=\"https:\/\/mula.es\/web\/wp-content\/uploads\/2020\/06\/PISCINA-VERANO-1.jpg\" class=\"fusion-lightbox\" data-rel=\"iLightbox[21b4630630eaea0c59c]\" data-title=\"PISCINA VERANO 1\" title=\"PISCINA VERANO 1\"><img decoding=\"async\" width=\"1024\" height=\"768\" src=\"https:\/\/mula.es\/web\/wp-content\/uploads\/2020\/06\/PISCINA-VERANO-1.jpg\" alt class=\"img-responsive wp-image-33691\" srcset=\"https:\/\/mula.es\/web\/wp-content\/uploads\/2020\/06\/PISCINA-VERANO-1-200x150.jpg 200w, https:\/\/mula.es\/web\/wp-content\/uploads\/2020\/06\/PISCINA-VERANO-1-400x300.jpg 400w, https:\/\/mula.es\/web\/wp-content\/uploads\/2020\/06\/PISCINA-VERANO-1-600x450.jpg 600w, https:\/\/mula.es\/web\/wp-content\/uploads\/2020\/06\/PISCINA-VERANO-1-800x600.jpg 800w, https:\/\/mula.es\/web\/wp-content\/uploads\/2020\/06\/PISCINA-VERANO-1.jpg 1024w\" sizes=\"(max-width: 640px) 100vw, 1024px\" \/><\/a><\/span><\/div><\/div><\/div><div class=\"fusion-layout-column fusion_builder_column fusion-builder-column-2 fusion_builder_column_1_3 1_3 fusion-flex-column\" style=\"--awb-bg-size:cover;--awb-width-large:33.333333333333%;--awb-margin-top-large:0px;--awb-spacing-right-large:5.76%;--awb-margin-bottom-large:20px;--awb-spacing-left-large:5.76%;--awb-width-medium:33.333333333333%;--awb-spacing-right-medium:5.76%;--awb-spacing-left-medium:5.76%;--awb-width-small:100%;--awb-spacing-right-small:1.92%;--awb-spacing-left-small:1.92%;\"><div class=\"fusion-column-wrapper fusion-flex-justify-content-flex-start fusion-content-layout-column\"><div class=\"fusion-image-element \" style=\"--awb-caption-title-font-family:var(--h2_typography-font-family);--awb-caption-title-font-weight:var(--h2_typography-font-weight);--awb-caption-title-font-style:var(--h2_typography-font-style);--awb-caption-title-size:var(--h2_typography-font-size);--awb-caption-title-transform:var(--h2_typography-text-transform);--awb-caption-title-line-height:var(--h2_typography-line-height);--awb-caption-title-letter-spacing:var(--h2_typography-letter-spacing);\"><span class=\" fusion-imageframe imageframe-none imageframe-2 hover-type-zoomin\"><a href=\"https:\/\/mula.es\/web\/wp-content\/uploads\/2020\/06\/PISCINA-VERANO-2.jpg\" class=\"fusion-lightbox\" data-rel=\"iLightbox[7c7ece56cc7cbebdec7]\" data-title=\"PISCINA VERANO 2\" title=\"PISCINA VERANO 2\"><img decoding=\"async\" width=\"1024\" height=\"768\" src=\"https:\/\/mula.es\/web\/wp-content\/uploads\/2020\/06\/PISCINA-VERANO-2.jpg\" alt class=\"img-responsive wp-image-33692\" srcset=\"https:\/\/mula.es\/web\/wp-content\/uploads\/2020\/06\/PISCINA-VERANO-2-200x150.jpg 200w, https:\/\/mula.es\/web\/wp-content\/uploads\/2020\/06\/PISCINA-VERANO-2-400x300.jpg 400w, https:\/\/mula.es\/web\/wp-content\/uploads\/2020\/06\/PISCINA-VERANO-2-600x450.jpg 600w, https:\/\/mula.es\/web\/wp-content\/uploads\/2020\/06\/PISCINA-VERANO-2-800x600.jpg 800w, https:\/\/mula.es\/web\/wp-content\/uploads\/2020\/06\/PISCINA-VERANO-2.jpg 1024w\" sizes=\"(max-width: 640px) 100vw, 1024px\" \/><\/a><\/span><\/div><\/div><\/div><div class=\"fusion-layout-column fusion_builder_column fusion-builder-column-3 fusion_builder_column_1_3 1_3 fusion-flex-column\" style=\"--awb-bg-size:cover;--awb-width-large:33.333333333333%;--awb-margin-top-large:0px;--awb-spacing-right-large:5.76%;--awb-margin-bottom-large:20px;--awb-spacing-left-large:5.76%;--awb-width-medium:33.333333333333%;--awb-spacing-right-medium:5.76%;--awb-spacing-left-medium:5.76%;--awb-width-small:100%;--awb-spacing-right-small:1.92%;--awb-spacing-left-small:1.92%;\"><div class=\"fusion-column-wrapper fusion-flex-justify-content-flex-start fusion-content-layout-column\"><div class=\"fusion-image-element \" style=\"--awb-caption-title-font-family:var(--h2_typography-font-family);--awb-caption-title-font-weight:var(--h2_typography-font-weight);--awb-caption-title-font-style:var(--h2_typography-font-style);--awb-caption-title-size:var(--h2_typography-font-size);--awb-caption-title-transform:var(--h2_typography-text-transform);--awb-caption-title-line-height:var(--h2_typography-line-height);--awb-caption-title-letter-spacing:var(--h2_typography-letter-spacing);\"><span class=\" fusion-imageframe imageframe-none imageframe-3 hover-type-zoomin\"><a href=\"https:\/\/mula.es\/web\/wp-content\/uploads\/2020\/06\/PISCINA-VERANO-3-1024x473.jpg\" class=\"fusion-lightbox\" data-rel=\"iLightbox[1c4662909a4f91f3777]\" data-title=\"PISCINA VERANO 3\" title=\"PISCINA VERANO 3\"><img decoding=\"async\" width=\"1024\" height=\"473\" src=\"https:\/\/mula.es\/web\/wp-content\/uploads\/2020\/06\/PISCINA-VERANO-3-1024x473.jpg\" alt class=\"img-responsive wp-image-33694\" srcset=\"https:\/\/mula.es\/web\/wp-content\/uploads\/2020\/06\/PISCINA-VERANO-3-200x92.jpg 200w, https:\/\/mula.es\/web\/wp-content\/uploads\/2020\/06\/PISCINA-VERANO-3-400x185.jpg 400w, https:\/\/mula.es\/web\/wp-content\/uploads\/2020\/06\/PISCINA-VERANO-3-600x277.jpg 600w, https:\/\/mula.es\/web\/wp-content\/uploads\/2020\/06\/PISCINA-VERANO-3-800x369.jpg 800w, https:\/\/mula.es\/web\/wp-content\/uploads\/2020\/06\/PISCINA-VERANO-3-1200x554.jpg 1200w, https:\/\/mula.es\/web\/wp-content\/uploads\/2020\/06\/PISCINA-VERANO-3.jpg 1599w\" sizes=\"(max-width: 640px) 100vw, 1024px\" \/><\/a><\/span><\/div><\/div><\/div><\/div><\/div>\n","protected":false},"excerpt":{"rendered":"","protected":false},"author":1,"featured_media":14281,"comment_status":"closed","ping_status":"closed","sticky":false,"template":"","format":"standard","meta":{"jetpack_post_was_ever_published":false,"_jetpack_newsletter_access":"","_jetpack_dont_email_post_to_subs":false,"_jetpack_newsletter_tier_id":0,"_jetpack_memberships_contains_paywalled_content":false,"_jetpack_memberships_contains_paid_content":false,"footnotes":"","jetpack_publicize_message":"","jetpack_publicize_feature_enabled":true,"jetpack_social_post_already_shared":false,"jetpack_social_options":{"image_generator_settings":{"template":"highway","default_image_id":0,"font":"","enabled":false},"version":2}},"categories":[127,88,544],"tags":[],"class_list":["post-33690","post","type-post","status-publish","format-standard","has-post-thumbnail","hentry","category-alcalde","category-deportes","category-servicios"],"yoast_head":"<!-- This site is optimized with the Yoast SEO plugin v27.5 - https:\/\/yoast.com\/product\/yoast-seo-wordpress\/ -->\n<title>DEPORTES | Visita del Alcalde a las instalaciones de la piscina de verano - Ayuntamiento de Mula<\/title>\n<meta name=\"robots\" content=\"index, follow, max-snippet:-1, max-image-preview:large, max-video-preview:-1\" \/>\n<link rel=\"canonical\" href=\"https:\/\/mula.es\/web\/deportes-visita-del-alcalde-a-las-instalaciones-de-la-piscina-de-verano\/\" \/>\n<meta property=\"og:locale\" content=\"es_ES\" \/>\n<meta property=\"og:type\" content=\"article\" \/>\n<meta property=\"og:title\" content=\"DEPORTES | Visita del Alcalde a las instalaciones de la piscina de verano - Ayuntamiento de Mula\" \/>\n<meta property=\"og:url\" content=\"https:\/\/mula.es\/web\/deportes-visita-del-alcalde-a-las-instalaciones-de-la-piscina-de-verano\/\" \/>\n<meta property=\"og:site_name\" content=\"Ayuntamiento de Mula\" \/>\n<meta property=\"article:published_time\" content=\"2020-06-19T12:02:38+00:00\" \/>\n<meta property=\"article:modified_time\" content=\"2021-05-12T18:09:08+00:00\" \/>\n<meta property=\"og:image\" content=\"https:\/\/i0.wp.com\/mula.es\/web\/wp-content\/uploads\/2016\/02\/image4482-1.png?fit=170%2C122&ssl=1\" \/>\n\t<meta property=\"og:image:width\" content=\"170\" \/>\n\t<meta property=\"og:image:height\" content=\"122\" \/>\n\t<meta property=\"og:image:type\" content=\"image\/png\" \/>\n<meta name=\"author\" content=\"admin\" \/>\n<meta name=\"twitter:card\" content=\"summary_large_image\" \/>\n<meta name=\"twitter:image\" content=\"https:\/\/mula.es\/web\/wp-content\/uploads\/2020\/06\/escudo-cuadrado-e1591045058235.jpg\" \/>\n<meta name=\"twitter:creator\" content=\"@AyuntamientMula\" \/>\n<meta name=\"twitter:site\" content=\"@AyuntamientMula\" \/>\n<meta name=\"twitter:label1\" content=\"Escrito por\" \/>\n\t<meta name=\"twitter:data1\" content=\"admin\" \/>\n\t<meta name=\"twitter:label2\" content=\"Tiempo de lectura\" \/>\n\t<meta name=\"twitter:data2\" content=\"3 minutos\" \/>\n<script type=\"application\/ld+json\" class=\"yoast-schema-graph\">{\"@context\":\"https:\\\/\\\/schema.org\",\"@graph\":[{\"@type\":\"Article\",\"@id\":\"https:\\\/\\\/mula.es\\\/web\\\/deportes-visita-del-alcalde-a-las-instalaciones-de-la-piscina-de-verano\\\/#article\",\"isPartOf\":{\"@id\":\"https:\\\/\\\/mula.es\\\/web\\\/deportes-visita-del-alcalde-a-las-instalaciones-de-la-piscina-de-verano\\\/\"},\"author\":{\"name\":\"admin\",\"@id\":\"https:\\\/\\\/mula.es\\\/web\\\/#\\\/schema\\\/person\\\/a0dbffe9f4a3ed4aaebedcfef02f71a1\"},\"headline\":\"DEPORTES | Visita del Alcalde a las instalaciones de la piscina de verano\",\"datePublished\":\"2020-06-19T12:02:38+00:00\",\"dateModified\":\"2021-05-12T18:09:08+00:00\",\"mainEntityOfPage\":{\"@id\":\"https:\\\/\\\/mula.es\\\/web\\\/deportes-visita-del-alcalde-a-las-instalaciones-de-la-piscina-de-verano\\\/\"},\"wordCount\":620,\"image\":{\"@id\":\"https:\\\/\\\/mula.es\\\/web\\\/deportes-visita-del-alcalde-a-las-instalaciones-de-la-piscina-de-verano\\\/#primaryimage\"},\"thumbnailUrl\":\"https:\\\/\\\/mula.es\\\/web\\\/wp-content\\\/uploads\\\/2016\\\/02\\\/image4482-1.png\",\"articleSection\":[\"alcalde\",\"deportes\",\"servicios\"],\"inLanguage\":\"es\"},{\"@type\":\"WebPage\",\"@id\":\"https:\\\/\\\/mula.es\\\/web\\\/deportes-visita-del-alcalde-a-las-instalaciones-de-la-piscina-de-verano\\\/\",\"url\":\"https:\\\/\\\/mula.es\\\/web\\\/deportes-visita-del-alcalde-a-las-instalaciones-de-la-piscina-de-verano\\\/\",\"name\":\"DEPORTES | Visita del Alcalde a las instalaciones de la piscina de verano - Ayuntamiento de Mula\",\"isPartOf\":{\"@id\":\"https:\\\/\\\/mula.es\\\/web\\\/#website\"},\"primaryImageOfPage\":{\"@id\":\"https:\\\/\\\/mula.es\\\/web\\\/deportes-visita-del-alcalde-a-las-instalaciones-de-la-piscina-de-verano\\\/#primaryimage\"},\"image\":{\"@id\":\"https:\\\/\\\/mula.es\\\/web\\\/deportes-visita-del-alcalde-a-las-instalaciones-de-la-piscina-de-verano\\\/#primaryimage\"},\"thumbnailUrl\":\"https:\\\/\\\/mula.es\\\/web\\\/wp-content\\\/uploads\\\/2016\\\/02\\\/image4482-1.png\",\"datePublished\":\"2020-06-19T12:02:38+00:00\",\"dateModified\":\"2021-05-12T18:09:08+00:00\",\"author\":{\"@id\":\"https:\\\/\\\/mula.es\\\/web\\\/#\\\/schema\\\/person\\\/a0dbffe9f4a3ed4aaebedcfef02f71a1\"},\"breadcrumb\":{\"@id\":\"https:\\\/\\\/mula.es\\\/web\\\/deportes-visita-del-alcalde-a-las-instalaciones-de-la-piscina-de-verano\\\/#breadcrumb\"},\"inLanguage\":\"es\",\"potentialAction\":[{\"@type\":\"ReadAction\",\"target\":[\"https:\\\/\\\/mula.es\\\/web\\\/deportes-visita-del-alcalde-a-las-instalaciones-de-la-piscina-de-verano\\\/\"]}]},{\"@type\":\"ImageObject\",\"inLanguage\":\"es\",\"@id\":\"https:\\\/\\\/mula.es\\\/web\\\/deportes-visita-del-alcalde-a-las-instalaciones-de-la-piscina-de-verano\\\/#primaryimage\",\"url\":\"https:\\\/\\\/mula.es\\\/web\\\/wp-content\\\/uploads\\\/2016\\\/02\\\/image4482-1.png\",\"contentUrl\":\"https:\\\/\\\/mula.es\\\/web\\\/wp-content\\\/uploads\\\/2016\\\/02\\\/image4482-1.png\",\"width\":170,\"height\":122,\"caption\":\"Logo Deportes\"},{\"@type\":\"BreadcrumbList\",\"@id\":\"https:\\\/\\\/mula.es\\\/web\\\/deportes-visita-del-alcalde-a-las-instalaciones-de-la-piscina-de-verano\\\/#breadcrumb\",\"itemListElement\":[{\"@type\":\"ListItem\",\"position\":1,\"name\":\"Portada\",\"item\":\"https:\\\/\\\/mula.es\\\/web\\\/\"},{\"@type\":\"ListItem\",\"position\":2,\"name\":\"DEPORTES | Visita del Alcalde a las instalaciones de la piscina de verano\"}]},{\"@type\":\"WebSite\",\"@id\":\"https:\\\/\\\/mula.es\\\/web\\\/#website\",\"url\":\"https:\\\/\\\/mula.es\\\/web\\\/\",\"name\":\"Ayuntamiento de Mula\",\"description\":\"P\u00e1gina web del Ayuntamiento de Mula (Regi\u00f3n de Murcia)\",\"potentialAction\":[{\"@type\":\"SearchAction\",\"target\":{\"@type\":\"EntryPoint\",\"urlTemplate\":\"https:\\\/\\\/mula.es\\\/web\\\/?s={search_term_string}\"},\"query-input\":{\"@type\":\"PropertyValueSpecification\",\"valueRequired\":true,\"valueName\":\"search_term_string\"}}],\"inLanguage\":\"es\"},{\"@type\":\"Person\",\"@id\":\"https:\\\/\\\/mula.es\\\/web\\\/#\\\/schema\\\/person\\\/a0dbffe9f4a3ed4aaebedcfef02f71a1\",\"name\":\"admin\",\"image\":{\"@type\":\"ImageObject\",\"inLanguage\":\"es\",\"@id\":\"https:\\\/\\\/secure.gravatar.com\\\/avatar\\\/5423b9cd77f4c7f89a124365a268866f9dfee038c17fe9e37afd92b5920d810e?s=96&d=mm&r=g\",\"url\":\"https:\\\/\\\/secure.gravatar.com\\\/avatar\\\/5423b9cd77f4c7f89a124365a268866f9dfee038c17fe9e37afd92b5920d810e?s=96&d=mm&r=g\",\"contentUrl\":\"https:\\\/\\\/secure.gravatar.com\\\/avatar\\\/5423b9cd77f4c7f89a124365a268866f9dfee038c17fe9e37afd92b5920d810e?s=96&d=mm&r=g\",\"caption\":\"admin\"},\"description\":\"Lorem ipsum dolor sit amet, consectetur adipiscing elit. Nam viverra euismod odio, gravida pellentesque urna varius vitae. Sed dui lorem, adipiscing in adipiscing et, interdum nec metus. Mauris ultricies, justo eu convallis placerat, felis enim ornare nisi, vitae mattis nulla ante id dui. Ut lectus purus, commodo et tincidunt vel, interdum sed lectus. Vestibulum adipiscing tempor nisi id elementi.\",\"url\":\"https:\\\/\\\/mula.es\\\/web\\\/author\\\/jose-maria-boti\\\/\"}]}<\/script>\n<!-- \/ Yoast SEO plugin. -->","yoast_head_json":{"title":"DEPORTES | Visita del Alcalde a las instalaciones de la piscina de verano - Ayuntamiento de Mula","robots":{"index":"index","follow":"follow","max-snippet":"max-snippet:-1","max-image-preview":"max-image-preview:large","max-video-preview":"max-video-preview:-1"},"canonical":"https:\/\/mula.es\/web\/deportes-visita-del-alcalde-a-las-instalaciones-de-la-piscina-de-verano\/","og_locale":"es_ES","og_type":"article","og_title":"DEPORTES | Visita del Alcalde a las instalaciones de la piscina de verano - Ayuntamiento de Mula","og_url":"https:\/\/mula.es\/web\/deportes-visita-del-alcalde-a-las-instalaciones-de-la-piscina-de-verano\/","og_site_name":"Ayuntamiento de Mula","article_published_time":"2020-06-19T12:02:38+00:00","article_modified_time":"2021-05-12T18:09:08+00:00","og_image":[{"width":170,"height":122,"url":"https:\/\/i0.wp.com\/mula.es\/web\/wp-content\/uploads\/2016\/02\/image4482-1.png?fit=170%2C122&ssl=1","type":"image\/png"}],"author":"admin","twitter_card":"summary_large_image","twitter_image":"https:\/\/mula.es\/web\/wp-content\/uploads\/2020\/06\/escudo-cuadrado-e1591045058235.jpg","twitter_creator":"@AyuntamientMula","twitter_site":"@AyuntamientMula","twitter_misc":{"Escrito por":"admin","Tiempo de lectura":"3 minutos"},"schema":{"@context":"https:\/\/schema.org","@graph":[{"@type":"Article","@id":"https:\/\/mula.es\/web\/deportes-visita-del-alcalde-a-las-instalaciones-de-la-piscina-de-verano\/#article","isPartOf":{"@id":"https:\/\/mula.es\/web\/deportes-visita-del-alcalde-a-las-instalaciones-de-la-piscina-de-verano\/"},"author":{"name":"admin","@id":"https:\/\/mula.es\/web\/#\/schema\/person\/a0dbffe9f4a3ed4aaebedcfef02f71a1"},"headline":"DEPORTES | Visita del Alcalde a las instalaciones de la piscina de verano","datePublished":"2020-06-19T12:02:38+00:00","dateModified":"2021-05-12T18:09:08+00:00","mainEntityOfPage":{"@id":"https:\/\/mula.es\/web\/deportes-visita-del-alcalde-a-las-instalaciones-de-la-piscina-de-verano\/"},"wordCount":620,"image":{"@id":"https:\/\/mula.es\/web\/deportes-visita-del-alcalde-a-las-instalaciones-de-la-piscina-de-verano\/#primaryimage"},"thumbnailUrl":"https:\/\/mula.es\/web\/wp-content\/uploads\/2016\/02\/image4482-1.png","articleSection":["alcalde","deportes","servicios"],"inLanguage":"es"},{"@type":"WebPage","@id":"https:\/\/mula.es\/web\/deportes-visita-del-alcalde-a-las-instalaciones-de-la-piscina-de-verano\/","url":"https:\/\/mula.es\/web\/deportes-visita-del-alcalde-a-las-instalaciones-de-la-piscina-de-verano\/","name":"DEPORTES | Visita del Alcalde a las instalaciones de la piscina de verano - Ayuntamiento de Mula","isPartOf":{"@id":"https:\/\/mula.es\/web\/#website"},"primaryImageOfPage":{"@id":"https:\/\/mula.es\/web\/deportes-visita-del-alcalde-a-las-instalaciones-de-la-piscina-de-verano\/#primaryimage"},"image":{"@id":"https:\/\/mula.es\/web\/deportes-visita-del-alcalde-a-las-instalaciones-de-la-piscina-de-verano\/#primaryimage"},"thumbnailUrl":"https:\/\/mula.es\/web\/wp-content\/uploads\/2016\/02\/image4482-1.png","datePublished":"2020-06-19T12:02:38+00:00","dateModified":"2021-05-12T18:09:08+00:00","author":{"@id":"https:\/\/mula.es\/web\/#\/schema\/person\/a0dbffe9f4a3ed4aaebedcfef02f71a1"},"breadcrumb":{"@id":"https:\/\/mula.es\/web\/deportes-visita-del-alcalde-a-las-instalaciones-de-la-piscina-de-verano\/#breadcrumb"},"inLanguage":"es","potentialAction":[{"@type":"ReadAction","target":["https:\/\/mula.es\/web\/deportes-visita-del-alcalde-a-las-instalaciones-de-la-piscina-de-verano\/"]}]},{"@type":"ImageObject","inLanguage":"es","@id":"https:\/\/mula.es\/web\/deportes-visita-del-alcalde-a-las-instalaciones-de-la-piscina-de-verano\/#primaryimage","url":"https:\/\/mula.es\/web\/wp-content\/uploads\/2016\/02\/image4482-1.png","contentUrl":"https:\/\/mula.es\/web\/wp-content\/uploads\/2016\/02\/image4482-1.png","width":170,"height":122,"caption":"Logo Deportes"},{"@type":"BreadcrumbList","@id":"https:\/\/mula.es\/web\/deportes-visita-del-alcalde-a-las-instalaciones-de-la-piscina-de-verano\/#breadcrumb","itemListElement":[{"@type":"ListItem","position":1,"name":"Portada","item":"https:\/\/mula.es\/web\/"},{"@type":"ListItem","position":2,"name":"DEPORTES | Visita del Alcalde a las instalaciones de la piscina de verano"}]},{"@type":"WebSite","@id":"https:\/\/mula.es\/web\/#website","url":"https:\/\/mula.es\/web\/","name":"Ayuntamiento de Mula","description":"P\u00e1gina web del Ayuntamiento de Mula (Regi\u00f3n de Murcia)","potentialAction":[{"@type":"SearchAction","target":{"@type":"EntryPoint","urlTemplate":"https:\/\/mula.es\/web\/?s={search_term_string}"},"query-input":{"@type":"PropertyValueSpecification","valueRequired":true,"valueName":"search_term_string"}}],"inLanguage":"es"},{"@type":"Person","@id":"https:\/\/mula.es\/web\/#\/schema\/person\/a0dbffe9f4a3ed4aaebedcfef02f71a1","name":"admin","image":{"@type":"ImageObject","inLanguage":"es","@id":"https:\/\/secure.gravatar.com\/avatar\/5423b9cd77f4c7f89a124365a268866f9dfee038c17fe9e37afd92b5920d810e?s=96&d=mm&r=g","url":"https:\/\/secure.gravatar.com\/avatar\/5423b9cd77f4c7f89a124365a268866f9dfee038c17fe9e37afd92b5920d810e?s=96&d=mm&r=g","contentUrl":"https:\/\/secure.gravatar.com\/avatar\/5423b9cd77f4c7f89a124365a268866f9dfee038c17fe9e37afd92b5920d810e?s=96&d=mm&r=g","caption":"admin"},"description":"Lorem ipsum dolor sit amet, consectetur adipiscing elit. Nam viverra euismod odio, gravida pellentesque urna varius vitae. Sed dui lorem, adipiscing in adipiscing et, interdum nec metus. Mauris ultricies, justo eu convallis placerat, felis enim ornare nisi, vitae mattis nulla ante id dui. Ut lectus purus, commodo et tincidunt vel, interdum sed lectus. Vestibulum adipiscing tempor nisi id elementi.","url":"https:\/\/mula.es\/web\/author\/jose-maria-boti\/"}]}},"jetpack_publicize_connections":[],"jetpack_featured_media_url":"https:\/\/mula.es\/web\/wp-content\/uploads\/2016\/02\/image4482-1.png","jetpack_sharing_enabled":true,"jetpack_shortlink":"https:\/\/wp.me\/pa9DMY-8Lo","jetpack-related-posts":[],"_links":{"self":[{"href":"https:\/\/mula.es\/web\/wp-json\/wp\/v2\/posts\/33690","targetHints":{"allow":["GET"]}}],"collection":[{"href":"https:\/\/mula.es\/web\/wp-json\/wp\/v2\/posts"}],"about":[{"href":"https:\/\/mula.es\/web\/wp-json\/wp\/v2\/types\/post"}],"author":[{"embeddable":true,"href":"https:\/\/mula.es\/web\/wp-json\/wp\/v2\/users\/1"}],"replies":[{"embeddable":true,"href":"https:\/\/mula.es\/web\/wp-json\/wp\/v2\/comments?post=33690"}],"version-history":[{"count":13,"href":"https:\/\/mula.es\/web\/wp-json\/wp\/v2\/posts\/33690\/revisions"}],"predecessor-version":[{"id":38853,"href":"https:\/\/mula.es\/web\/wp-json\/wp\/v2\/posts\/33690\/revisions\/38853"}],"wp:featuredmedia":[{"embeddable":true,"href":"https:\/\/mula.es\/web\/wp-json\/wp\/v2\/media\/14281"}],"wp:attachment":[{"href":"https:\/\/mula.es\/web\/wp-json\/wp\/v2\/media?parent=33690"}],"wp:term":[{"taxonomy":"category","embeddable":true,"href":"https:\/\/mula.es\/web\/wp-json\/wp\/v2\/categories?post=33690"},{"taxonomy":"post_tag","embeddable":true,"href":"https:\/\/mula.es\/web\/wp-json\/wp\/v2\/tags?post=33690"}],"curies":[{"name":"wp","href":"https:\/\/api.w.org\/{rel}","templated":true}]}}