{"id":34335,"date":"2020-08-21T08:24:29","date_gmt":"2020-08-21T06:24:29","guid":{"rendered":"http:\/\/mula.es\/web\/?p=34335"},"modified":"2021-05-12T20:08:43","modified_gmt":"2021-05-12T18:08:43","slug":"cultura-musica-al-raso-concierto-de-la-pena-alegria-mulena-21-agosto","status":"publish","type":"post","link":"https:\/\/mula.es\/web\/cultura-musica-al-raso-concierto-de-la-pena-alegria-mulena-21-agosto\/","title":{"rendered":"CULTURA | M\u00fasica al raso: Concierto de la Pe\u00f1a \u00abBanda de cornetas y tambores El Cigarralejo\u00bb &#8211; 21 de agosto"},"content":{"rendered":"<div class=\"fusion-fullwidth fullwidth-box fusion-builder-row-1 fusion-flex-container hundred-percent-fullwidth non-hundred-percent-height-scrolling\" style=\"--awb-border-radius-top-left:0px;--awb-border-radius-top-right:0px;--awb-border-radius-bottom-right:0px;--awb-border-radius-bottom-left:0px;--awb-overflow:visible;--awb-flex-wrap:wrap;\" ><div class=\"fusion-builder-row fusion-row fusion-flex-align-items-flex-start fusion-flex-content-wrap\" style=\"width:calc( 100% + 0px ) !important;max-width:calc( 100% + 0px ) !important;margin-left: calc(-0px \/ 2 );margin-right: calc(-0px \/ 2 );\"><div class=\"fusion-layout-column fusion_builder_column fusion-builder-column-0 fusion_builder_column_1_1 1_1 fusion-flex-column\" style=\"--awb-bg-size:cover;--awb-width-large:100%;--awb-margin-top-large:0px;--awb-spacing-right-large:0px;--awb-margin-bottom-large:20px;--awb-spacing-left-large:0px;--awb-width-medium:100%;--awb-spacing-right-medium:0px;--awb-spacing-left-medium:0px;--awb-width-small:100%;--awb-spacing-right-small:0px;--awb-spacing-left-small:0px;\"><div class=\"fusion-column-wrapper fusion-flex-justify-content-flex-start fusion-content-layout-column\"><div class=\"fusion-text fusion-text-1\"><p style=\"text-align: justify;\">Hoy viernes 21 de agosto, a las 21.30 horas, continuamos con la serie de conciertos y recitales M\u00daSICA AL RASO a cargo de distintas asociaciones mule\u00f1as dedicadas a la m\u00fasica.<\/p>\n<p style=\"text-align: justify;\">Este concierto estar\u00e1 a cargo de la BANDA DE CORNETAS Y TAMBORES EL CIGARRALEJO, una banda procesional de reconocido prestigio que es valorada por su rigor, marcialidad y esp\u00edritu solidario.<\/p>\n<p style=\"text-align: justify;\">Os dejamos una rese\u00f1a sobre la Banda de Cornetas y Tambores El Cigarralejo y os invitamos a disfrutar de tan singular concierto al raso, en la Terraza del Centro Joven.<\/p>\n<ul style=\"text-align: justify;\">\n<li><strong>AFORO LIMITADO: 140<\/strong><\/li>\n<li><strong>CONCIERTO GRATUITO<\/strong><\/li>\n<li><strong>APERTURA DE PUERTAS: 20:30 horas<\/strong><\/li>\n<\/ul>\n<p style=\"text-align: justify;\">Se aplicar\u00e1 el protocolo de protecci\u00f3n sanitaria Covid-19 para espect\u00e1culos p\u00fablicos culturales.<\/p>\n<p style=\"text-align: justify;\"><em>\u201cLa historia de la Banda de Cornetas y Tambores \u201cEl Cigarralejo\u201d de Mula comienza en el a\u00f1o 2003, cuando a un grupo de amigos mule\u00f1os les pasaba por la mente la idea de formar una banda de cornetas y tambores al estilo de la polic\u00eda armada (estilo sevillano) y lejos del estilo militar que era el que imperaba por entonces en Mula.<\/em><\/p>\n<p style=\"text-align: justify;\"><em>Tras varias reuniones, decidieron sacar a la luz lo que hab\u00eda en sus mentes y en julio de ese mismo a\u00f1o redactaron los estatutos de la asociaci\u00f3n Cornetas y Tambores \u201cEl Cigarralejo\u201d de Mula.<\/em><\/p>\n<p style=\"text-align: justify;\"><em>Poco despu\u00e9s, el 28 de marzo del a\u00f1o 2004, la banda fue bendecida en la Ermita del Ni\u00f1o Jes\u00fas Del Balate, donde hicieron su primera aparici\u00f3n en p\u00fablico, as\u00ed como el estreno del traje, inspirado en el uniforme de gala de la Guardia Real de Alfonso XIII.<\/em><\/p>\n<p style=\"text-align: justify;\"><em>A partir de ah\u00ed, estos j\u00f3venes (y no tan j\u00f3venes), supieron que todo el esfuerzo realizado durante las fr\u00edas noches de invierno en el paraje de la arboleja hab\u00eda dado su fruto y pudieron salir a la calle humildemente, pero a la vez orgullosos de haber podido conseguir una banda a la altura de lo que hab\u00edan imaginado.<\/em><\/p>\n<p style=\"text-align: justify;\"><em>Su primera salida oficial, fue tambi\u00e9n en la Semana Santa de Mula del a\u00f1o 2004, gracias al apoyo tanto de la Hermandad de Nuestra Se\u00f1ora Del Carmen para que procesionasen en Mi\u00e9rcoles Santo, as\u00ed como de la secci\u00f3n del Cristo Yacente, perteneciente a la Cofrad\u00eda de Nuestro Padre Jes\u00fas Nazareno, para la procesi\u00f3n de Viernes Santo.<\/em><\/p>\n<p style=\"text-align: justify;\"><em>Despu\u00e9s de este debut, han sido m\u00faltiples las actuaciones y desfiles que han realizado a lo largo y ancho tanto de la geograf\u00eda murciana, como nacional, habiendo participado adem\u00e1s de en los desfiles de Mula, en los de diversas localidades de Murcia y otras provincias.<\/em><\/p>\n<p style=\"text-align: justify;\"><em>La Banda cuenta con cuatro marchas propias compuestas por D. Sergio P\u00e1ez Corbal\u00e1n y con edici\u00f3n de discos de marchas procesionales, entre los que destaca RESURRECCI\u00d3N en colaboraci\u00f3n con el Ayuntamiento de Mula. Tambi\u00e9n destacan sus conciertos solidarios a lo largo del a\u00f1o\u201d.<\/em><\/p>\n<\/div><\/div><\/div><div class=\"fusion-layout-column fusion_builder_column fusion-builder-column-1 fusion_builder_column_1_1 1_1 fusion-flex-column\" style=\"--awb-bg-size:cover;--awb-width-large:100%;--awb-margin-top-large:0px;--awb-spacing-right-large:0px;--awb-margin-bottom-large:20px;--awb-spacing-left-large:0px;--awb-width-medium:100%;--awb-spacing-right-medium:0px;--awb-spacing-left-medium:0px;--awb-width-small:100%;--awb-spacing-right-small:0px;--awb-spacing-left-small:0px;\"><div class=\"fusion-column-wrapper fusion-flex-justify-content-flex-start fusion-content-layout-column\"><div class=\"fusion-image-element \" style=\"--awb-caption-title-font-family:var(--h2_typography-font-family);--awb-caption-title-font-weight:var(--h2_typography-font-weight);--awb-caption-title-font-style:var(--h2_typography-font-style);--awb-caption-title-size:var(--h2_typography-font-size);--awb-caption-title-transform:var(--h2_typography-text-transform);--awb-caption-title-line-height:var(--h2_typography-line-height);--awb-caption-title-letter-spacing:var(--h2_typography-letter-spacing);\"><span class=\" fusion-imageframe imageframe-none imageframe-1 hover-type-zoomin\"><img decoding=\"async\" width=\"585\" height=\"330\" title=\"Banda Tambores y Cornetas El Cigarralejo\" src=\"https:\/\/mula.es\/web\/wp-content\/uploads\/2020\/08\/banda-el-cigarreljo.png\" alt class=\"img-responsive wp-image-34338\" srcset=\"https:\/\/mula.es\/web\/wp-content\/uploads\/2020\/08\/banda-el-cigarreljo-200x113.png 200w, https:\/\/mula.es\/web\/wp-content\/uploads\/2020\/08\/banda-el-cigarreljo-400x226.png 400w, https:\/\/mula.es\/web\/wp-content\/uploads\/2020\/08\/banda-el-cigarreljo.png 585w\" sizes=\"(max-width: 640px) 100vw, 585px\" \/><\/span><\/div><\/div><\/div><\/div><\/div>\n","protected":false},"excerpt":{"rendered":"","protected":false},"author":1,"featured_media":34228,"comment_status":"closed","ping_status":"closed","sticky":false,"template":"","format":"standard","meta":{"jetpack_post_was_ever_published":false,"_jetpack_newsletter_access":"","_jetpack_dont_email_post_to_subs":false,"_jetpack_newsletter_tier_id":0,"_jetpack_memberships_contains_paywalled_content":false,"_jetpack_memberships_contains_paid_content":false,"footnotes":"","jetpack_publicize_message":"","jetpack_publicize_feature_enabled":true,"jetpack_social_post_already_shared":false,"jetpack_social_options":{"image_generator_settings":{"template":"highway","default_image_id":0,"font":"","enabled":false},"version":2}},"categories":[97],"tags":[698],"class_list":["post-34335","post","type-post","status-publish","format-standard","has-post-thumbnail","hentry","category-cultura","tag-musica-al-raso"],"yoast_head":"<!-- This site is optimized with the Yoast SEO plugin v27.5 - https:\/\/yoast.com\/product\/yoast-seo-wordpress\/ -->\n<title>CULTURA | M\u00fasica al raso: Concierto de la Pe\u00f1a &quot;Banda de cornetas y tambores El Cigarralejo&quot; - 21 de agosto - Ayuntamiento de Mula<\/title>\n<meta name=\"robots\" content=\"index, follow, max-snippet:-1, max-image-preview:large, max-video-preview:-1\" \/>\n<link rel=\"canonical\" href=\"https:\/\/mula.es\/web\/cultura-musica-al-raso-concierto-de-la-pena-alegria-mulena-21-agosto\/\" \/>\n<meta property=\"og:locale\" content=\"es_ES\" \/>\n<meta property=\"og:type\" content=\"article\" \/>\n<meta property=\"og:title\" content=\"CULTURA | M\u00fasica al raso: Concierto de la Pe\u00f1a &quot;Banda de cornetas y tambores El Cigarralejo&quot; - 21 de agosto - Ayuntamiento de Mula\" \/>\n<meta property=\"og:url\" content=\"https:\/\/mula.es\/web\/cultura-musica-al-raso-concierto-de-la-pena-alegria-mulena-21-agosto\/\" \/>\n<meta property=\"og:site_name\" content=\"Ayuntamiento de Mula\" \/>\n<meta property=\"article:published_time\" content=\"2020-08-21T06:24:29+00:00\" \/>\n<meta property=\"article:modified_time\" content=\"2021-05-12T18:08:43+00:00\" \/>\n<meta property=\"og:image\" content=\"https:\/\/i0.wp.com\/mula.es\/web\/wp-content\/uploads\/2020\/08\/mulacultura2020.jpg?fit=1874%2C799&ssl=1\" \/>\n\t<meta property=\"og:image:width\" content=\"1874\" \/>\n\t<meta property=\"og:image:height\" content=\"799\" \/>\n\t<meta property=\"og:image:type\" content=\"image\/jpeg\" \/>\n<meta name=\"author\" content=\"admin\" \/>\n<meta name=\"twitter:card\" content=\"summary_large_image\" \/>\n<meta name=\"twitter:image\" content=\"https:\/\/mula.es\/web\/wp-content\/uploads\/2020\/06\/escudo-cuadrado-e1591045058235.jpg\" \/>\n<meta name=\"twitter:creator\" content=\"@AyuntamientMula\" \/>\n<meta name=\"twitter:site\" content=\"@AyuntamientMula\" \/>\n<meta name=\"twitter:label1\" content=\"Escrito por\" \/>\n\t<meta name=\"twitter:data1\" content=\"admin\" \/>\n\t<meta name=\"twitter:label2\" content=\"Tiempo de lectura\" \/>\n\t<meta name=\"twitter:data2\" content=\"3 minutos\" \/>\n<script type=\"application\/ld+json\" class=\"yoast-schema-graph\">{\"@context\":\"https:\\\/\\\/schema.org\",\"@graph\":[{\"@type\":\"Article\",\"@id\":\"https:\\\/\\\/mula.es\\\/web\\\/cultura-musica-al-raso-concierto-de-la-pena-alegria-mulena-21-agosto\\\/#article\",\"isPartOf\":{\"@id\":\"https:\\\/\\\/mula.es\\\/web\\\/cultura-musica-al-raso-concierto-de-la-pena-alegria-mulena-21-agosto\\\/\"},\"author\":{\"name\":\"admin\",\"@id\":\"https:\\\/\\\/mula.es\\\/web\\\/#\\\/schema\\\/person\\\/a0dbffe9f4a3ed4aaebedcfef02f71a1\"},\"headline\":\"CULTURA | M\u00fasica al raso: Concierto de la Pe\u00f1a \u00abBanda de cornetas y tambores El Cigarralejo\u00bb &#8211; 21 de agosto\",\"datePublished\":\"2020-08-21T06:24:29+00:00\",\"dateModified\":\"2021-05-12T18:08:43+00:00\",\"mainEntityOfPage\":{\"@id\":\"https:\\\/\\\/mula.es\\\/web\\\/cultura-musica-al-raso-concierto-de-la-pena-alegria-mulena-21-agosto\\\/\"},\"wordCount\":691,\"image\":{\"@id\":\"https:\\\/\\\/mula.es\\\/web\\\/cultura-musica-al-raso-concierto-de-la-pena-alegria-mulena-21-agosto\\\/#primaryimage\"},\"thumbnailUrl\":\"https:\\\/\\\/mula.es\\\/web\\\/wp-content\\\/uploads\\\/2020\\\/08\\\/mulacultura2020.jpg\",\"keywords\":[\"m\u00fasica al raso\"],\"articleSection\":[\"cultura\"],\"inLanguage\":\"es\"},{\"@type\":\"WebPage\",\"@id\":\"https:\\\/\\\/mula.es\\\/web\\\/cultura-musica-al-raso-concierto-de-la-pena-alegria-mulena-21-agosto\\\/\",\"url\":\"https:\\\/\\\/mula.es\\\/web\\\/cultura-musica-al-raso-concierto-de-la-pena-alegria-mulena-21-agosto\\\/\",\"name\":\"CULTURA | M\u00fasica al raso: Concierto de la Pe\u00f1a \\\"Banda de cornetas y tambores El Cigarralejo\\\" - 21 de agosto - Ayuntamiento de Mula\",\"isPartOf\":{\"@id\":\"https:\\\/\\\/mula.es\\\/web\\\/#website\"},\"primaryImageOfPage\":{\"@id\":\"https:\\\/\\\/mula.es\\\/web\\\/cultura-musica-al-raso-concierto-de-la-pena-alegria-mulena-21-agosto\\\/#primaryimage\"},\"image\":{\"@id\":\"https:\\\/\\\/mula.es\\\/web\\\/cultura-musica-al-raso-concierto-de-la-pena-alegria-mulena-21-agosto\\\/#primaryimage\"},\"thumbnailUrl\":\"https:\\\/\\\/mula.es\\\/web\\\/wp-content\\\/uploads\\\/2020\\\/08\\\/mulacultura2020.jpg\",\"datePublished\":\"2020-08-21T06:24:29+00:00\",\"dateModified\":\"2021-05-12T18:08:43+00:00\",\"author\":{\"@id\":\"https:\\\/\\\/mula.es\\\/web\\\/#\\\/schema\\\/person\\\/a0dbffe9f4a3ed4aaebedcfef02f71a1\"},\"breadcrumb\":{\"@id\":\"https:\\\/\\\/mula.es\\\/web\\\/cultura-musica-al-raso-concierto-de-la-pena-alegria-mulena-21-agosto\\\/#breadcrumb\"},\"inLanguage\":\"es\",\"potentialAction\":[{\"@type\":\"ReadAction\",\"target\":[\"https:\\\/\\\/mula.es\\\/web\\\/cultura-musica-al-raso-concierto-de-la-pena-alegria-mulena-21-agosto\\\/\"]}]},{\"@type\":\"ImageObject\",\"inLanguage\":\"es\",\"@id\":\"https:\\\/\\\/mula.es\\\/web\\\/cultura-musica-al-raso-concierto-de-la-pena-alegria-mulena-21-agosto\\\/#primaryimage\",\"url\":\"https:\\\/\\\/mula.es\\\/web\\\/wp-content\\\/uploads\\\/2020\\\/08\\\/mulacultura2020.jpg\",\"contentUrl\":\"https:\\\/\\\/mula.es\\\/web\\\/wp-content\\\/uploads\\\/2020\\\/08\\\/mulacultura2020.jpg\",\"width\":1874,\"height\":799},{\"@type\":\"BreadcrumbList\",\"@id\":\"https:\\\/\\\/mula.es\\\/web\\\/cultura-musica-al-raso-concierto-de-la-pena-alegria-mulena-21-agosto\\\/#breadcrumb\",\"itemListElement\":[{\"@type\":\"ListItem\",\"position\":1,\"name\":\"Portada\",\"item\":\"https:\\\/\\\/mula.es\\\/web\\\/\"},{\"@type\":\"ListItem\",\"position\":2,\"name\":\"CULTURA | M\u00fasica al raso: Concierto de la Pe\u00f1a \u00abBanda de cornetas y tambores El Cigarralejo\u00bb &#8211; 21 de agosto\"}]},{\"@type\":\"WebSite\",\"@id\":\"https:\\\/\\\/mula.es\\\/web\\\/#website\",\"url\":\"https:\\\/\\\/mula.es\\\/web\\\/\",\"name\":\"Ayuntamiento de Mula\",\"description\":\"P\u00e1gina web del Ayuntamiento de Mula (Regi\u00f3n de Murcia)\",\"potentialAction\":[{\"@type\":\"SearchAction\",\"target\":{\"@type\":\"EntryPoint\",\"urlTemplate\":\"https:\\\/\\\/mula.es\\\/web\\\/?s={search_term_string}\"},\"query-input\":{\"@type\":\"PropertyValueSpecification\",\"valueRequired\":true,\"valueName\":\"search_term_string\"}}],\"inLanguage\":\"es\"},{\"@type\":\"Person\",\"@id\":\"https:\\\/\\\/mula.es\\\/web\\\/#\\\/schema\\\/person\\\/a0dbffe9f4a3ed4aaebedcfef02f71a1\",\"name\":\"admin\",\"image\":{\"@type\":\"ImageObject\",\"inLanguage\":\"es\",\"@id\":\"https:\\\/\\\/secure.gravatar.com\\\/avatar\\\/5423b9cd77f4c7f89a124365a268866f9dfee038c17fe9e37afd92b5920d810e?s=96&d=mm&r=g\",\"url\":\"https:\\\/\\\/secure.gravatar.com\\\/avatar\\\/5423b9cd77f4c7f89a124365a268866f9dfee038c17fe9e37afd92b5920d810e?s=96&d=mm&r=g\",\"contentUrl\":\"https:\\\/\\\/secure.gravatar.com\\\/avatar\\\/5423b9cd77f4c7f89a124365a268866f9dfee038c17fe9e37afd92b5920d810e?s=96&d=mm&r=g\",\"caption\":\"admin\"},\"description\":\"Lorem ipsum dolor sit amet, consectetur adipiscing elit. Nam viverra euismod odio, gravida pellentesque urna varius vitae. Sed dui lorem, adipiscing in adipiscing et, interdum nec metus. Mauris ultricies, justo eu convallis placerat, felis enim ornare nisi, vitae mattis nulla ante id dui. Ut lectus purus, commodo et tincidunt vel, interdum sed lectus. Vestibulum adipiscing tempor nisi id elementi.\",\"url\":\"https:\\\/\\\/mula.es\\\/web\\\/author\\\/jose-maria-boti\\\/\"}]}<\/script>\n<!-- \/ Yoast SEO plugin. -->","yoast_head_json":{"title":"CULTURA | M\u00fasica al raso: Concierto de la Pe\u00f1a \"Banda de cornetas y tambores El Cigarralejo\" - 21 de agosto - Ayuntamiento de Mula","robots":{"index":"index","follow":"follow","max-snippet":"max-snippet:-1","max-image-preview":"max-image-preview:large","max-video-preview":"max-video-preview:-1"},"canonical":"https:\/\/mula.es\/web\/cultura-musica-al-raso-concierto-de-la-pena-alegria-mulena-21-agosto\/","og_locale":"es_ES","og_type":"article","og_title":"CULTURA | M\u00fasica al raso: Concierto de la Pe\u00f1a \"Banda de cornetas y tambores El Cigarralejo\" - 21 de agosto - Ayuntamiento de Mula","og_url":"https:\/\/mula.es\/web\/cultura-musica-al-raso-concierto-de-la-pena-alegria-mulena-21-agosto\/","og_site_name":"Ayuntamiento de Mula","article_published_time":"2020-08-21T06:24:29+00:00","article_modified_time":"2021-05-12T18:08:43+00:00","og_image":[{"width":1874,"height":799,"url":"https:\/\/i0.wp.com\/mula.es\/web\/wp-content\/uploads\/2020\/08\/mulacultura2020.jpg?fit=1874%2C799&ssl=1","type":"image\/jpeg"}],"author":"admin","twitter_card":"summary_large_image","twitter_image":"https:\/\/mula.es\/web\/wp-content\/uploads\/2020\/06\/escudo-cuadrado-e1591045058235.jpg","twitter_creator":"@AyuntamientMula","twitter_site":"@AyuntamientMula","twitter_misc":{"Escrito por":"admin","Tiempo de lectura":"3 minutos"},"schema":{"@context":"https:\/\/schema.org","@graph":[{"@type":"Article","@id":"https:\/\/mula.es\/web\/cultura-musica-al-raso-concierto-de-la-pena-alegria-mulena-21-agosto\/#article","isPartOf":{"@id":"https:\/\/mula.es\/web\/cultura-musica-al-raso-concierto-de-la-pena-alegria-mulena-21-agosto\/"},"author":{"name":"admin","@id":"https:\/\/mula.es\/web\/#\/schema\/person\/a0dbffe9f4a3ed4aaebedcfef02f71a1"},"headline":"CULTURA | M\u00fasica al raso: Concierto de la Pe\u00f1a \u00abBanda de cornetas y tambores El Cigarralejo\u00bb &#8211; 21 de agosto","datePublished":"2020-08-21T06:24:29+00:00","dateModified":"2021-05-12T18:08:43+00:00","mainEntityOfPage":{"@id":"https:\/\/mula.es\/web\/cultura-musica-al-raso-concierto-de-la-pena-alegria-mulena-21-agosto\/"},"wordCount":691,"image":{"@id":"https:\/\/mula.es\/web\/cultura-musica-al-raso-concierto-de-la-pena-alegria-mulena-21-agosto\/#primaryimage"},"thumbnailUrl":"https:\/\/mula.es\/web\/wp-content\/uploads\/2020\/08\/mulacultura2020.jpg","keywords":["m\u00fasica al raso"],"articleSection":["cultura"],"inLanguage":"es"},{"@type":"WebPage","@id":"https:\/\/mula.es\/web\/cultura-musica-al-raso-concierto-de-la-pena-alegria-mulena-21-agosto\/","url":"https:\/\/mula.es\/web\/cultura-musica-al-raso-concierto-de-la-pena-alegria-mulena-21-agosto\/","name":"CULTURA | M\u00fasica al raso: Concierto de la Pe\u00f1a \"Banda de cornetas y tambores El Cigarralejo\" - 21 de agosto - Ayuntamiento de Mula","isPartOf":{"@id":"https:\/\/mula.es\/web\/#website"},"primaryImageOfPage":{"@id":"https:\/\/mula.es\/web\/cultura-musica-al-raso-concierto-de-la-pena-alegria-mulena-21-agosto\/#primaryimage"},"image":{"@id":"https:\/\/mula.es\/web\/cultura-musica-al-raso-concierto-de-la-pena-alegria-mulena-21-agosto\/#primaryimage"},"thumbnailUrl":"https:\/\/mula.es\/web\/wp-content\/uploads\/2020\/08\/mulacultura2020.jpg","datePublished":"2020-08-21T06:24:29+00:00","dateModified":"2021-05-12T18:08:43+00:00","author":{"@id":"https:\/\/mula.es\/web\/#\/schema\/person\/a0dbffe9f4a3ed4aaebedcfef02f71a1"},"breadcrumb":{"@id":"https:\/\/mula.es\/web\/cultura-musica-al-raso-concierto-de-la-pena-alegria-mulena-21-agosto\/#breadcrumb"},"inLanguage":"es","potentialAction":[{"@type":"ReadAction","target":["https:\/\/mula.es\/web\/cultura-musica-al-raso-concierto-de-la-pena-alegria-mulena-21-agosto\/"]}]},{"@type":"ImageObject","inLanguage":"es","@id":"https:\/\/mula.es\/web\/cultura-musica-al-raso-concierto-de-la-pena-alegria-mulena-21-agosto\/#primaryimage","url":"https:\/\/mula.es\/web\/wp-content\/uploads\/2020\/08\/mulacultura2020.jpg","contentUrl":"https:\/\/mula.es\/web\/wp-content\/uploads\/2020\/08\/mulacultura2020.jpg","width":1874,"height":799},{"@type":"BreadcrumbList","@id":"https:\/\/mula.es\/web\/cultura-musica-al-raso-concierto-de-la-pena-alegria-mulena-21-agosto\/#breadcrumb","itemListElement":[{"@type":"ListItem","position":1,"name":"Portada","item":"https:\/\/mula.es\/web\/"},{"@type":"ListItem","position":2,"name":"CULTURA | M\u00fasica al raso: Concierto de la Pe\u00f1a \u00abBanda de cornetas y tambores El Cigarralejo\u00bb &#8211; 21 de agosto"}]},{"@type":"WebSite","@id":"https:\/\/mula.es\/web\/#website","url":"https:\/\/mula.es\/web\/","name":"Ayuntamiento de Mula","description":"P\u00e1gina web del Ayuntamiento de Mula (Regi\u00f3n de Murcia)","potentialAction":[{"@type":"SearchAction","target":{"@type":"EntryPoint","urlTemplate":"https:\/\/mula.es\/web\/?s={search_term_string}"},"query-input":{"@type":"PropertyValueSpecification","valueRequired":true,"valueName":"search_term_string"}}],"inLanguage":"es"},{"@type":"Person","@id":"https:\/\/mula.es\/web\/#\/schema\/person\/a0dbffe9f4a3ed4aaebedcfef02f71a1","name":"admin","image":{"@type":"ImageObject","inLanguage":"es","@id":"https:\/\/secure.gravatar.com\/avatar\/5423b9cd77f4c7f89a124365a268866f9dfee038c17fe9e37afd92b5920d810e?s=96&d=mm&r=g","url":"https:\/\/secure.gravatar.com\/avatar\/5423b9cd77f4c7f89a124365a268866f9dfee038c17fe9e37afd92b5920d810e?s=96&d=mm&r=g","contentUrl":"https:\/\/secure.gravatar.com\/avatar\/5423b9cd77f4c7f89a124365a268866f9dfee038c17fe9e37afd92b5920d810e?s=96&d=mm&r=g","caption":"admin"},"description":"Lorem ipsum dolor sit amet, consectetur adipiscing elit. Nam viverra euismod odio, gravida pellentesque urna varius vitae. Sed dui lorem, adipiscing in adipiscing et, interdum nec metus. Mauris ultricies, justo eu convallis placerat, felis enim ornare nisi, vitae mattis nulla ante id dui. Ut lectus purus, commodo et tincidunt vel, interdum sed lectus. Vestibulum adipiscing tempor nisi id elementi.","url":"https:\/\/mula.es\/web\/author\/jose-maria-boti\/"}]}},"jetpack_publicize_connections":[],"jetpack_featured_media_url":"https:\/\/mula.es\/web\/wp-content\/uploads\/2020\/08\/mulacultura2020.jpg","jetpack_sharing_enabled":true,"jetpack_shortlink":"https:\/\/wp.me\/pa9DMY-8VN","jetpack-related-posts":[],"_links":{"self":[{"href":"https:\/\/mula.es\/web\/wp-json\/wp\/v2\/posts\/34335","targetHints":{"allow":["GET"]}}],"collection":[{"href":"https:\/\/mula.es\/web\/wp-json\/wp\/v2\/posts"}],"about":[{"href":"https:\/\/mula.es\/web\/wp-json\/wp\/v2\/types\/post"}],"author":[{"embeddable":true,"href":"https:\/\/mula.es\/web\/wp-json\/wp\/v2\/users\/1"}],"replies":[{"embeddable":true,"href":"https:\/\/mula.es\/web\/wp-json\/wp\/v2\/comments?post=34335"}],"version-history":[{"count":4,"href":"https:\/\/mula.es\/web\/wp-json\/wp\/v2\/posts\/34335\/revisions"}],"predecessor-version":[{"id":38787,"href":"https:\/\/mula.es\/web\/wp-json\/wp\/v2\/posts\/34335\/revisions\/38787"}],"wp:featuredmedia":[{"embeddable":true,"href":"https:\/\/mula.es\/web\/wp-json\/wp\/v2\/media\/34228"}],"wp:attachment":[{"href":"https:\/\/mula.es\/web\/wp-json\/wp\/v2\/media?parent=34335"}],"wp:term":[{"taxonomy":"category","embeddable":true,"href":"https:\/\/mula.es\/web\/wp-json\/wp\/v2\/categories?post=34335"},{"taxonomy":"post_tag","embeddable":true,"href":"https:\/\/mula.es\/web\/wp-json\/wp\/v2\/tags?post=34335"}],"curies":[{"name":"wp","href":"https:\/\/api.w.org\/{rel}","templated":true}]}}