{"id":34361,"date":"2020-08-27T14:30:53","date_gmt":"2020-08-27T12:30:53","guid":{"rendered":"http:\/\/mula.es\/web\/?p=34361"},"modified":"2020-08-27T15:00:33","modified_gmt":"2020-08-27T13:00:33","slug":"mula-establece-medidas-de-restriccion-frente-al-repunte-de-casos-por-covid-19","status":"publish","type":"post","link":"https:\/\/mula.es\/web\/mula-establece-medidas-de-restriccion-frente-al-repunte-de-casos-por-covid-19\/","title":{"rendered":"SANIDAD Y SEGURIDAD CIUDADANA | Mula establece medidas de restricci\u00f3n frente al repunte de casos por Covid-19"},"content":{"rendered":"<p style=\"text-align: justify;\">Esta ma\u00f1ana se ha reunido la Junta Local de Seguridad, Salud y Emergencias, en la que han participado Guardia Civil, Polic\u00eda Local, Protecci\u00f3n Civil, as\u00ed como el coordinador gerente de \u00c1rea del Centro de Salud de Mula, los concejales y el alcalde, valorando la situaci\u00f3n actual de la pandemia, tanto en el municipio de Mula como a nivel regional y nacional. Ante la preocupante situaci\u00f3n de repunte de contagios se han determinado las siguientes medidas que empezar\u00e1n a aplicarse a partir de esta misma tarde:<\/p>\n<p>&#8211; Se restringe el uso de <strong>los juegos infantiles en parques y jardines<\/strong>.<\/p>\n<p>&#8211; Cierre de las <strong>pistas polideportivas<\/strong>, tanto de Mula como de las pedan\u00edas, excepto el p\u00e1del y el tenis.<\/p>\n<p>&#8211; Se cierra el uso de las <strong>salas de estudio<\/strong> tanto de la Biblioteca como del Convento de San Francisco, s\u00f3lo seguir\u00e1 operativo el servicio de pr\u00e9stamo de libros en la Biblioteca.<\/p>\n<p>&#8211; Se suspende la <strong>Programaci\u00f3n Cultural<\/strong> tanto de Mula como la prevista en las pedan\u00edas.<\/p>\n<p>&#8211; Se suspenden las <strong>actividades tur\u00edsticas y las visitas guiadas<\/strong> programadas en Turismo.<\/p>\n<p>&#8211; Se cierran las <strong>piscinas municipales.<\/strong><\/p>\n<p>&#8211; Se suspende el <strong>cine de verano.<\/strong><\/p>\n<p>&#8211; Seguir\u00e1 sin autorizarse el <strong>acceso a Fuente Caputa.<\/strong><\/p>\n<p>Desde el Ayuntamiento de Mula se sigue haciendo un llamamiento a la poblaci\u00f3n de la importancia del uso de la mascarilla, mantener la distancia social y el lavado de manos.<\/p>\n<p>El alcalde de Mula, Juan Jes\u00fas Moreno, solicita el compromiso individual, responsabilidad y que cada mule\u00f1o y mule\u00f1a extremen las precauciones y contribuyan a frenar la grave situaci\u00f3n en la que nos encontramos. Este es el mejor m\u00e9todo de luchar contra la pandemia.<\/p>\n","protected":false},"excerpt":{"rendered":"<p>Esta ma\u00f1ana se ha reunido la Junta Local de Seguridad, Salud y Emergencias, en la que han participado Guardia Civil, Polic\u00eda Local, Protecci\u00f3n Civil, as\u00ed como el coordinador gerente de \u00c1rea del Centro de Salud de Mula, los concejales y el alcalde, valorando la situaci\u00f3n actual de la pandemia, tanto en el municipio de Mula  [&#8230;]<\/p>\n","protected":false},"author":1,"featured_media":34362,"comment_status":"closed","ping_status":"closed","sticky":false,"template":"","format":"standard","meta":{"jetpack_post_was_ever_published":false,"_jetpack_newsletter_access":"","_jetpack_dont_email_post_to_subs":false,"_jetpack_newsletter_tier_id":0,"_jetpack_memberships_contains_paywalled_content":false,"_jetpack_memberships_contains_paid_content":false,"footnotes":"","jetpack_publicize_message":"","jetpack_publicize_feature_enabled":true,"jetpack_social_post_already_shared":false,"jetpack_social_options":{"image_generator_settings":{"template":"highway","default_image_id":0,"font":"","enabled":false},"version":2}},"categories":[127,664,90,130],"tags":[],"class_list":["post-34361","post","type-post","status-publish","format-standard","has-post-thumbnail","hentry","category-alcalde","category-coronavirus","category-sanidad","category-seguridad-ciudadana"],"yoast_head":"<!-- This site is optimized with the Yoast SEO plugin v27.5 - https:\/\/yoast.com\/product\/yoast-seo-wordpress\/ -->\n<title>SANIDAD Y SEGURIDAD CIUDADANA | Mula establece medidas de restricci\u00f3n frente al repunte de casos por Covid-19 - Ayuntamiento de Mula<\/title>\n<meta name=\"robots\" content=\"index, follow, max-snippet:-1, max-image-preview:large, max-video-preview:-1\" \/>\n<link rel=\"canonical\" href=\"https:\/\/mula.es\/web\/mula-establece-medidas-de-restriccion-frente-al-repunte-de-casos-por-covid-19\/\" \/>\n<meta property=\"og:locale\" content=\"es_ES\" \/>\n<meta property=\"og:type\" content=\"article\" \/>\n<meta property=\"og:title\" content=\"SANIDAD Y SEGURIDAD CIUDADANA | Mula establece medidas de restricci\u00f3n frente al repunte de casos por Covid-19 - Ayuntamiento de Mula\" \/>\n<meta property=\"og:description\" content=\"Esta ma\u00f1ana se ha reunido la Junta Local de Seguridad, Salud y Emergencias, en la que han participado Guardia Civil, Polic\u00eda Local, Protecci\u00f3n Civil, as\u00ed como el coordinador gerente de \u00c1rea del Centro de Salud de Mula, los concejales y el alcalde, valorando la situaci\u00f3n actual de la pandemia, tanto en el municipio de Mula [...]\" \/>\n<meta property=\"og:url\" content=\"https:\/\/mula.es\/web\/mula-establece-medidas-de-restriccion-frente-al-repunte-de-casos-por-covid-19\/\" \/>\n<meta property=\"og:site_name\" content=\"Ayuntamiento de Mula\" \/>\n<meta property=\"article:published_time\" content=\"2020-08-27T12:30:53+00:00\" \/>\n<meta property=\"article:modified_time\" content=\"2020-08-27T13:00:33+00:00\" \/>\n<meta property=\"og:image\" content=\"https:\/\/i0.wp.com\/mula.es\/web\/wp-content\/uploads\/2020\/08\/Junta-Local-de-Seguridad.jpg?fit=2048%2C1536&ssl=1\" \/>\n\t<meta property=\"og:image:width\" content=\"2048\" \/>\n\t<meta property=\"og:image:height\" content=\"1536\" \/>\n\t<meta property=\"og:image:type\" content=\"image\/jpeg\" \/>\n<meta name=\"author\" content=\"admin\" \/>\n<meta name=\"twitter:card\" content=\"summary_large_image\" \/>\n<meta name=\"twitter:image\" content=\"https:\/\/mula.es\/web\/wp-content\/uploads\/2020\/06\/escudo-cuadrado-e1591045058235.jpg\" \/>\n<meta name=\"twitter:creator\" content=\"@AyuntamientMula\" \/>\n<meta name=\"twitter:site\" content=\"@AyuntamientMula\" \/>\n<meta name=\"twitter:label1\" content=\"Escrito por\" \/>\n\t<meta name=\"twitter:data1\" content=\"admin\" \/>\n\t<meta name=\"twitter:label2\" content=\"Tiempo de lectura\" \/>\n\t<meta name=\"twitter:data2\" content=\"1 minuto\" \/>\n<script type=\"application\/ld+json\" class=\"yoast-schema-graph\">{\"@context\":\"https:\\\/\\\/schema.org\",\"@graph\":[{\"@type\":\"Article\",\"@id\":\"https:\\\/\\\/mula.es\\\/web\\\/mula-establece-medidas-de-restriccion-frente-al-repunte-de-casos-por-covid-19\\\/#article\",\"isPartOf\":{\"@id\":\"https:\\\/\\\/mula.es\\\/web\\\/mula-establece-medidas-de-restriccion-frente-al-repunte-de-casos-por-covid-19\\\/\"},\"author\":{\"name\":\"admin\",\"@id\":\"https:\\\/\\\/mula.es\\\/web\\\/#\\\/schema\\\/person\\\/a0dbffe9f4a3ed4aaebedcfef02f71a1\"},\"headline\":\"SANIDAD Y SEGURIDAD CIUDADANA | Mula establece medidas de restricci\u00f3n frente al repunte de casos por Covid-19\",\"datePublished\":\"2020-08-27T12:30:53+00:00\",\"dateModified\":\"2020-08-27T13:00:33+00:00\",\"mainEntityOfPage\":{\"@id\":\"https:\\\/\\\/mula.es\\\/web\\\/mula-establece-medidas-de-restriccion-frente-al-repunte-de-casos-por-covid-19\\\/\"},\"wordCount\":308,\"image\":{\"@id\":\"https:\\\/\\\/mula.es\\\/web\\\/mula-establece-medidas-de-restriccion-frente-al-repunte-de-casos-por-covid-19\\\/#primaryimage\"},\"thumbnailUrl\":\"https:\\\/\\\/mula.es\\\/web\\\/wp-content\\\/uploads\\\/2020\\\/08\\\/Junta-Local-de-Seguridad.jpg\",\"articleSection\":[\"alcalde\",\"coronavirus\",\"sanidad\",\"seguridad ciudadana\"],\"inLanguage\":\"es\"},{\"@type\":\"WebPage\",\"@id\":\"https:\\\/\\\/mula.es\\\/web\\\/mula-establece-medidas-de-restriccion-frente-al-repunte-de-casos-por-covid-19\\\/\",\"url\":\"https:\\\/\\\/mula.es\\\/web\\\/mula-establece-medidas-de-restriccion-frente-al-repunte-de-casos-por-covid-19\\\/\",\"name\":\"SANIDAD Y SEGURIDAD CIUDADANA | Mula establece medidas de restricci\u00f3n frente al repunte de casos por Covid-19 - Ayuntamiento de Mula\",\"isPartOf\":{\"@id\":\"https:\\\/\\\/mula.es\\\/web\\\/#website\"},\"primaryImageOfPage\":{\"@id\":\"https:\\\/\\\/mula.es\\\/web\\\/mula-establece-medidas-de-restriccion-frente-al-repunte-de-casos-por-covid-19\\\/#primaryimage\"},\"image\":{\"@id\":\"https:\\\/\\\/mula.es\\\/web\\\/mula-establece-medidas-de-restriccion-frente-al-repunte-de-casos-por-covid-19\\\/#primaryimage\"},\"thumbnailUrl\":\"https:\\\/\\\/mula.es\\\/web\\\/wp-content\\\/uploads\\\/2020\\\/08\\\/Junta-Local-de-Seguridad.jpg\",\"datePublished\":\"2020-08-27T12:30:53+00:00\",\"dateModified\":\"2020-08-27T13:00:33+00:00\",\"author\":{\"@id\":\"https:\\\/\\\/mula.es\\\/web\\\/#\\\/schema\\\/person\\\/a0dbffe9f4a3ed4aaebedcfef02f71a1\"},\"breadcrumb\":{\"@id\":\"https:\\\/\\\/mula.es\\\/web\\\/mula-establece-medidas-de-restriccion-frente-al-repunte-de-casos-por-covid-19\\\/#breadcrumb\"},\"inLanguage\":\"es\",\"potentialAction\":[{\"@type\":\"ReadAction\",\"target\":[\"https:\\\/\\\/mula.es\\\/web\\\/mula-establece-medidas-de-restriccion-frente-al-repunte-de-casos-por-covid-19\\\/\"]}]},{\"@type\":\"ImageObject\",\"inLanguage\":\"es\",\"@id\":\"https:\\\/\\\/mula.es\\\/web\\\/mula-establece-medidas-de-restriccion-frente-al-repunte-de-casos-por-covid-19\\\/#primaryimage\",\"url\":\"https:\\\/\\\/mula.es\\\/web\\\/wp-content\\\/uploads\\\/2020\\\/08\\\/Junta-Local-de-Seguridad.jpg\",\"contentUrl\":\"https:\\\/\\\/mula.es\\\/web\\\/wp-content\\\/uploads\\\/2020\\\/08\\\/Junta-Local-de-Seguridad.jpg\",\"width\":2048,\"height\":1536},{\"@type\":\"BreadcrumbList\",\"@id\":\"https:\\\/\\\/mula.es\\\/web\\\/mula-establece-medidas-de-restriccion-frente-al-repunte-de-casos-por-covid-19\\\/#breadcrumb\",\"itemListElement\":[{\"@type\":\"ListItem\",\"position\":1,\"name\":\"Portada\",\"item\":\"https:\\\/\\\/mula.es\\\/web\\\/\"},{\"@type\":\"ListItem\",\"position\":2,\"name\":\"SANIDAD Y SEGURIDAD CIUDADANA | Mula establece medidas de restricci\u00f3n frente al repunte de casos por Covid-19\"}]},{\"@type\":\"WebSite\",\"@id\":\"https:\\\/\\\/mula.es\\\/web\\\/#website\",\"url\":\"https:\\\/\\\/mula.es\\\/web\\\/\",\"name\":\"Ayuntamiento de Mula\",\"description\":\"P\u00e1gina web del Ayuntamiento de Mula (Regi\u00f3n de Murcia)\",\"potentialAction\":[{\"@type\":\"SearchAction\",\"target\":{\"@type\":\"EntryPoint\",\"urlTemplate\":\"https:\\\/\\\/mula.es\\\/web\\\/?s={search_term_string}\"},\"query-input\":{\"@type\":\"PropertyValueSpecification\",\"valueRequired\":true,\"valueName\":\"search_term_string\"}}],\"inLanguage\":\"es\"},{\"@type\":\"Person\",\"@id\":\"https:\\\/\\\/mula.es\\\/web\\\/#\\\/schema\\\/person\\\/a0dbffe9f4a3ed4aaebedcfef02f71a1\",\"name\":\"admin\",\"image\":{\"@type\":\"ImageObject\",\"inLanguage\":\"es\",\"@id\":\"https:\\\/\\\/secure.gravatar.com\\\/avatar\\\/5423b9cd77f4c7f89a124365a268866f9dfee038c17fe9e37afd92b5920d810e?s=96&d=mm&r=g\",\"url\":\"https:\\\/\\\/secure.gravatar.com\\\/avatar\\\/5423b9cd77f4c7f89a124365a268866f9dfee038c17fe9e37afd92b5920d810e?s=96&d=mm&r=g\",\"contentUrl\":\"https:\\\/\\\/secure.gravatar.com\\\/avatar\\\/5423b9cd77f4c7f89a124365a268866f9dfee038c17fe9e37afd92b5920d810e?s=96&d=mm&r=g\",\"caption\":\"admin\"},\"description\":\"Lorem ipsum dolor sit amet, consectetur adipiscing elit. Nam viverra euismod odio, gravida pellentesque urna varius vitae. Sed dui lorem, adipiscing in adipiscing et, interdum nec metus. Mauris ultricies, justo eu convallis placerat, felis enim ornare nisi, vitae mattis nulla ante id dui. Ut lectus purus, commodo et tincidunt vel, interdum sed lectus. Vestibulum adipiscing tempor nisi id elementi.\",\"url\":\"https:\\\/\\\/mula.es\\\/web\\\/author\\\/jose-maria-boti\\\/\"}]}<\/script>\n<!-- \/ Yoast SEO plugin. -->","yoast_head_json":{"title":"SANIDAD Y SEGURIDAD CIUDADANA | Mula establece medidas de restricci\u00f3n frente al repunte de casos por Covid-19 - Ayuntamiento de Mula","robots":{"index":"index","follow":"follow","max-snippet":"max-snippet:-1","max-image-preview":"max-image-preview:large","max-video-preview":"max-video-preview:-1"},"canonical":"https:\/\/mula.es\/web\/mula-establece-medidas-de-restriccion-frente-al-repunte-de-casos-por-covid-19\/","og_locale":"es_ES","og_type":"article","og_title":"SANIDAD Y SEGURIDAD CIUDADANA | Mula establece medidas de restricci\u00f3n frente al repunte de casos por Covid-19 - Ayuntamiento de Mula","og_description":"Esta ma\u00f1ana se ha reunido la Junta Local de Seguridad, Salud y Emergencias, en la que han participado Guardia Civil, Polic\u00eda Local, Protecci\u00f3n Civil, as\u00ed como el coordinador gerente de \u00c1rea del Centro de Salud de Mula, los concejales y el alcalde, valorando la situaci\u00f3n actual de la pandemia, tanto en el municipio de Mula [...]","og_url":"https:\/\/mula.es\/web\/mula-establece-medidas-de-restriccion-frente-al-repunte-de-casos-por-covid-19\/","og_site_name":"Ayuntamiento de Mula","article_published_time":"2020-08-27T12:30:53+00:00","article_modified_time":"2020-08-27T13:00:33+00:00","og_image":[{"width":2048,"height":1536,"url":"https:\/\/i0.wp.com\/mula.es\/web\/wp-content\/uploads\/2020\/08\/Junta-Local-de-Seguridad.jpg?fit=2048%2C1536&ssl=1","type":"image\/jpeg"}],"author":"admin","twitter_card":"summary_large_image","twitter_image":"https:\/\/mula.es\/web\/wp-content\/uploads\/2020\/06\/escudo-cuadrado-e1591045058235.jpg","twitter_creator":"@AyuntamientMula","twitter_site":"@AyuntamientMula","twitter_misc":{"Escrito por":"admin","Tiempo de lectura":"1 minuto"},"schema":{"@context":"https:\/\/schema.org","@graph":[{"@type":"Article","@id":"https:\/\/mula.es\/web\/mula-establece-medidas-de-restriccion-frente-al-repunte-de-casos-por-covid-19\/#article","isPartOf":{"@id":"https:\/\/mula.es\/web\/mula-establece-medidas-de-restriccion-frente-al-repunte-de-casos-por-covid-19\/"},"author":{"name":"admin","@id":"https:\/\/mula.es\/web\/#\/schema\/person\/a0dbffe9f4a3ed4aaebedcfef02f71a1"},"headline":"SANIDAD Y SEGURIDAD CIUDADANA | Mula establece medidas de restricci\u00f3n frente al repunte de casos por Covid-19","datePublished":"2020-08-27T12:30:53+00:00","dateModified":"2020-08-27T13:00:33+00:00","mainEntityOfPage":{"@id":"https:\/\/mula.es\/web\/mula-establece-medidas-de-restriccion-frente-al-repunte-de-casos-por-covid-19\/"},"wordCount":308,"image":{"@id":"https:\/\/mula.es\/web\/mula-establece-medidas-de-restriccion-frente-al-repunte-de-casos-por-covid-19\/#primaryimage"},"thumbnailUrl":"https:\/\/mula.es\/web\/wp-content\/uploads\/2020\/08\/Junta-Local-de-Seguridad.jpg","articleSection":["alcalde","coronavirus","sanidad","seguridad ciudadana"],"inLanguage":"es"},{"@type":"WebPage","@id":"https:\/\/mula.es\/web\/mula-establece-medidas-de-restriccion-frente-al-repunte-de-casos-por-covid-19\/","url":"https:\/\/mula.es\/web\/mula-establece-medidas-de-restriccion-frente-al-repunte-de-casos-por-covid-19\/","name":"SANIDAD Y SEGURIDAD CIUDADANA | Mula establece medidas de restricci\u00f3n frente al repunte de casos por Covid-19 - Ayuntamiento de Mula","isPartOf":{"@id":"https:\/\/mula.es\/web\/#website"},"primaryImageOfPage":{"@id":"https:\/\/mula.es\/web\/mula-establece-medidas-de-restriccion-frente-al-repunte-de-casos-por-covid-19\/#primaryimage"},"image":{"@id":"https:\/\/mula.es\/web\/mula-establece-medidas-de-restriccion-frente-al-repunte-de-casos-por-covid-19\/#primaryimage"},"thumbnailUrl":"https:\/\/mula.es\/web\/wp-content\/uploads\/2020\/08\/Junta-Local-de-Seguridad.jpg","datePublished":"2020-08-27T12:30:53+00:00","dateModified":"2020-08-27T13:00:33+00:00","author":{"@id":"https:\/\/mula.es\/web\/#\/schema\/person\/a0dbffe9f4a3ed4aaebedcfef02f71a1"},"breadcrumb":{"@id":"https:\/\/mula.es\/web\/mula-establece-medidas-de-restriccion-frente-al-repunte-de-casos-por-covid-19\/#breadcrumb"},"inLanguage":"es","potentialAction":[{"@type":"ReadAction","target":["https:\/\/mula.es\/web\/mula-establece-medidas-de-restriccion-frente-al-repunte-de-casos-por-covid-19\/"]}]},{"@type":"ImageObject","inLanguage":"es","@id":"https:\/\/mula.es\/web\/mula-establece-medidas-de-restriccion-frente-al-repunte-de-casos-por-covid-19\/#primaryimage","url":"https:\/\/mula.es\/web\/wp-content\/uploads\/2020\/08\/Junta-Local-de-Seguridad.jpg","contentUrl":"https:\/\/mula.es\/web\/wp-content\/uploads\/2020\/08\/Junta-Local-de-Seguridad.jpg","width":2048,"height":1536},{"@type":"BreadcrumbList","@id":"https:\/\/mula.es\/web\/mula-establece-medidas-de-restriccion-frente-al-repunte-de-casos-por-covid-19\/#breadcrumb","itemListElement":[{"@type":"ListItem","position":1,"name":"Portada","item":"https:\/\/mula.es\/web\/"},{"@type":"ListItem","position":2,"name":"SANIDAD Y SEGURIDAD CIUDADANA | Mula establece medidas de restricci\u00f3n frente al repunte de casos por Covid-19"}]},{"@type":"WebSite","@id":"https:\/\/mula.es\/web\/#website","url":"https:\/\/mula.es\/web\/","name":"Ayuntamiento de Mula","description":"P\u00e1gina web del Ayuntamiento de Mula (Regi\u00f3n de Murcia)","potentialAction":[{"@type":"SearchAction","target":{"@type":"EntryPoint","urlTemplate":"https:\/\/mula.es\/web\/?s={search_term_string}"},"query-input":{"@type":"PropertyValueSpecification","valueRequired":true,"valueName":"search_term_string"}}],"inLanguage":"es"},{"@type":"Person","@id":"https:\/\/mula.es\/web\/#\/schema\/person\/a0dbffe9f4a3ed4aaebedcfef02f71a1","name":"admin","image":{"@type":"ImageObject","inLanguage":"es","@id":"https:\/\/secure.gravatar.com\/avatar\/5423b9cd77f4c7f89a124365a268866f9dfee038c17fe9e37afd92b5920d810e?s=96&d=mm&r=g","url":"https:\/\/secure.gravatar.com\/avatar\/5423b9cd77f4c7f89a124365a268866f9dfee038c17fe9e37afd92b5920d810e?s=96&d=mm&r=g","contentUrl":"https:\/\/secure.gravatar.com\/avatar\/5423b9cd77f4c7f89a124365a268866f9dfee038c17fe9e37afd92b5920d810e?s=96&d=mm&r=g","caption":"admin"},"description":"Lorem ipsum dolor sit amet, consectetur adipiscing elit. Nam viverra euismod odio, gravida pellentesque urna varius vitae. Sed dui lorem, adipiscing in adipiscing et, interdum nec metus. Mauris ultricies, justo eu convallis placerat, felis enim ornare nisi, vitae mattis nulla ante id dui. Ut lectus purus, commodo et tincidunt vel, interdum sed lectus. Vestibulum adipiscing tempor nisi id elementi.","url":"https:\/\/mula.es\/web\/author\/jose-maria-boti\/"}]}},"jetpack_publicize_connections":[],"jetpack_featured_media_url":"https:\/\/mula.es\/web\/wp-content\/uploads\/2020\/08\/Junta-Local-de-Seguridad.jpg","jetpack_sharing_enabled":true,"jetpack_shortlink":"https:\/\/wp.me\/pa9DMY-8Wd","jetpack-related-posts":[],"_links":{"self":[{"href":"https:\/\/mula.es\/web\/wp-json\/wp\/v2\/posts\/34361","targetHints":{"allow":["GET"]}}],"collection":[{"href":"https:\/\/mula.es\/web\/wp-json\/wp\/v2\/posts"}],"about":[{"href":"https:\/\/mula.es\/web\/wp-json\/wp\/v2\/types\/post"}],"author":[{"embeddable":true,"href":"https:\/\/mula.es\/web\/wp-json\/wp\/v2\/users\/1"}],"replies":[{"embeddable":true,"href":"https:\/\/mula.es\/web\/wp-json\/wp\/v2\/comments?post=34361"}],"version-history":[{"count":3,"href":"https:\/\/mula.es\/web\/wp-json\/wp\/v2\/posts\/34361\/revisions"}],"predecessor-version":[{"id":34365,"href":"https:\/\/mula.es\/web\/wp-json\/wp\/v2\/posts\/34361\/revisions\/34365"}],"wp:featuredmedia":[{"embeddable":true,"href":"https:\/\/mula.es\/web\/wp-json\/wp\/v2\/media\/34362"}],"wp:attachment":[{"href":"https:\/\/mula.es\/web\/wp-json\/wp\/v2\/media?parent=34361"}],"wp:term":[{"taxonomy":"category","embeddable":true,"href":"https:\/\/mula.es\/web\/wp-json\/wp\/v2\/categories?post=34361"},{"taxonomy":"post_tag","embeddable":true,"href":"https:\/\/mula.es\/web\/wp-json\/wp\/v2\/tags?post=34361"}],"curies":[{"name":"wp","href":"https:\/\/api.w.org\/{rel}","templated":true}]}}