{"id":34477,"date":"2020-09-04T20:34:37","date_gmt":"2020-09-04T18:34:37","guid":{"rendered":"http:\/\/mula.es\/web\/?p=34477"},"modified":"2021-05-12T20:08:33","modified_gmt":"2021-05-12T18:08:33","slug":"sanidad-y-seguridad-ciudadana-medidas-aplicadas-por-el-comite-de-salud-y-seguridad-vigentes-a-partir-de-este-viernes-4-de-septiembre","status":"publish","type":"post","link":"https:\/\/mula.es\/web\/sanidad-y-seguridad-ciudadana-medidas-aplicadas-por-el-comite-de-salud-y-seguridad-vigentes-a-partir-de-este-viernes-4-de-septiembre\/","title":{"rendered":"SANIDAD Y SEGURIDAD CIUDADANA | Medidas aplicadas por el Comit\u00e9 de Salud y Seguridad vigentes a partir de este viernes 4 de septiembre"},"content":{"rendered":"<p>El Comit\u00e9 de Salud y Seguridad de la Regi\u00f3n de Murcia aplica, a partir de este viernes 4 de septiembre, nuevas medidas y restricciones, que estar\u00e1n vigentes durante al menos 14 d\u00edas donde se realizar\u00e1 una revisi\u00f3n seg\u00fan la situaci\u00f3n de la pandemia en este momento.<\/p>\n<p>As\u00ed, la nueva Orden de la Consejer\u00eda de Salud, aplicada en toda la Regi\u00f3n de Murcia, establece las siguientes medidas adicionales de car\u00e1cter excepcional y temporal para hacer frente a la evoluci\u00f3n desfavorable de la epidemia de la Covid-19:<\/p>\n<ul>\n<li>Seis personas m\u00e1ximo en reuniones, espacios p\u00fablicos o privados, salvo convivientes.<\/li>\n<li>En hosteler\u00eda m\u00e1ximo de seis personas por mesa o grupos de mesas, salvo convivientes.<\/li>\n<li>Prohibido el consumo en barras y ventanales.<\/li>\n<li>En ceremonias m\u00e1ximo de 30 participantes, tanto en espacios cerrados o al aire libre, todos sentados.<\/li>\n<li>En cada establecimiento una persona controlar\u00e1 el cumplimiento de las normas y registrar\u00e1 los datos de trabajadores y participantes.<\/li>\n<li>En velatorios, m\u00e1ximo de 15 personas en espacios cerrados y 25 al aire libre.<\/li>\n<li>Se suspende la actividad de prost\u00edbulos<\/li>\n<li>100 personas m\u00e1ximo en cualquier actividad o evento regulado en la Nueva Normalidad (cine, teatro, conciertos\u2026)<\/li>\n<li>400 personas m\u00e1ximo cuando se realice valoraci\u00f3n del riesgo y validaci\u00f3n de la Consejer\u00eda de Salud.<\/li>\n<\/ul>\n<p>El documento al completo puede consultarse en:<\/p>\n<p><a href=\"https:\/\/www.borm.es\/services\/anuncio\/ano\/2020\/numero\/4702\/pdf?id=787235\">https:\/\/www.borm.es\/services\/anuncio\/ano\/2020\/numero\/4702\/pdf?id=787235<\/a><\/p>\n","protected":false},"excerpt":{"rendered":"<p>El Comit\u00e9 de Salud y Seguridad de la Regi\u00f3n de Murcia aplica, a partir de este viernes 4 de septiembre, nuevas medidas y restricciones, que estar\u00e1n vigentes durante al menos 14 d\u00edas donde se realizar\u00e1 una revisi\u00f3n seg\u00fan la situaci\u00f3n de la pandemia en este momento. As\u00ed, la nueva Orden de la Consejer\u00eda de Salud,  [&#8230;]<\/p>\n","protected":false},"author":1,"featured_media":34479,"comment_status":"closed","ping_status":"closed","sticky":false,"template":"","format":"standard","meta":{"jetpack_post_was_ever_published":false,"_jetpack_newsletter_access":"","_jetpack_dont_email_post_to_subs":false,"_jetpack_newsletter_tier_id":0,"_jetpack_memberships_contains_paywalled_content":false,"_jetpack_memberships_contains_paid_content":false,"footnotes":"","jetpack_publicize_message":"","jetpack_publicize_feature_enabled":true,"jetpack_social_post_already_shared":false,"jetpack_social_options":{"image_generator_settings":{"template":"highway","default_image_id":0,"font":"","enabled":false},"version":2}},"categories":[664,90,130],"tags":[],"class_list":["post-34477","post","type-post","status-publish","format-standard","has-post-thumbnail","hentry","category-coronavirus","category-sanidad","category-seguridad-ciudadana"],"yoast_head":"<!-- This site is optimized with the Yoast SEO plugin v27.5 - https:\/\/yoast.com\/product\/yoast-seo-wordpress\/ -->\n<title>SANIDAD Y SEGURIDAD CIUDADANA | Medidas aplicadas por el Comit\u00e9 de Salud y Seguridad vigentes a partir de este viernes 4 de septiembre - Ayuntamiento de Mula<\/title>\n<meta name=\"robots\" content=\"index, follow, max-snippet:-1, max-image-preview:large, max-video-preview:-1\" \/>\n<link rel=\"canonical\" href=\"https:\/\/mula.es\/web\/sanidad-y-seguridad-ciudadana-medidas-aplicadas-por-el-comite-de-salud-y-seguridad-vigentes-a-partir-de-este-viernes-4-de-septiembre\/\" \/>\n<meta property=\"og:locale\" content=\"es_ES\" \/>\n<meta property=\"og:type\" content=\"article\" \/>\n<meta property=\"og:title\" content=\"SANIDAD Y SEGURIDAD CIUDADANA | Medidas aplicadas por el Comit\u00e9 de Salud y Seguridad vigentes a partir de este viernes 4 de septiembre - Ayuntamiento de Mula\" \/>\n<meta property=\"og:description\" content=\"El Comit\u00e9 de Salud y Seguridad de la Regi\u00f3n de Murcia aplica, a partir de este viernes 4 de septiembre, nuevas medidas y restricciones, que estar\u00e1n vigentes durante al menos 14 d\u00edas donde se realizar\u00e1 una revisi\u00f3n seg\u00fan la situaci\u00f3n de la pandemia en este momento. As\u00ed, la nueva Orden de la Consejer\u00eda de Salud, [...]\" \/>\n<meta property=\"og:url\" content=\"https:\/\/mula.es\/web\/sanidad-y-seguridad-ciudadana-medidas-aplicadas-por-el-comite-de-salud-y-seguridad-vigentes-a-partir-de-este-viernes-4-de-septiembre\/\" \/>\n<meta property=\"og:site_name\" content=\"Ayuntamiento de Mula\" \/>\n<meta property=\"article:published_time\" content=\"2020-09-04T18:34:37+00:00\" \/>\n<meta property=\"article:modified_time\" content=\"2021-05-12T18:08:33+00:00\" \/>\n<meta property=\"og:image\" content=\"https:\/\/i0.wp.com\/mula.es\/web\/wp-content\/uploads\/2020\/09\/Reunion-Mesa-Local-de-Salud-y-Seguridad-04-09-2020-scaled.jpg?fit=2560%2C1920&ssl=1\" \/>\n\t<meta property=\"og:image:width\" content=\"2560\" \/>\n\t<meta property=\"og:image:height\" content=\"1920\" \/>\n\t<meta property=\"og:image:type\" content=\"image\/jpeg\" \/>\n<meta name=\"author\" content=\"admin\" \/>\n<meta name=\"twitter:card\" content=\"summary_large_image\" \/>\n<meta name=\"twitter:image\" content=\"https:\/\/mula.es\/web\/wp-content\/uploads\/2020\/06\/escudo-cuadrado-e1591045058235.jpg\" \/>\n<meta name=\"twitter:creator\" content=\"@AyuntamientMula\" \/>\n<meta name=\"twitter:site\" content=\"@AyuntamientMula\" \/>\n<meta name=\"twitter:label1\" content=\"Escrito por\" \/>\n\t<meta name=\"twitter:data1\" content=\"admin\" \/>\n\t<meta name=\"twitter:label2\" content=\"Tiempo de lectura\" \/>\n\t<meta name=\"twitter:data2\" content=\"1 minuto\" \/>\n<script type=\"application\/ld+json\" class=\"yoast-schema-graph\">{\"@context\":\"https:\\\/\\\/schema.org\",\"@graph\":[{\"@type\":\"Article\",\"@id\":\"https:\\\/\\\/mula.es\\\/web\\\/sanidad-y-seguridad-ciudadana-medidas-aplicadas-por-el-comite-de-salud-y-seguridad-vigentes-a-partir-de-este-viernes-4-de-septiembre\\\/#article\",\"isPartOf\":{\"@id\":\"https:\\\/\\\/mula.es\\\/web\\\/sanidad-y-seguridad-ciudadana-medidas-aplicadas-por-el-comite-de-salud-y-seguridad-vigentes-a-partir-de-este-viernes-4-de-septiembre\\\/\"},\"author\":{\"name\":\"admin\",\"@id\":\"https:\\\/\\\/mula.es\\\/web\\\/#\\\/schema\\\/person\\\/a0dbffe9f4a3ed4aaebedcfef02f71a1\"},\"headline\":\"SANIDAD Y SEGURIDAD CIUDADANA | Medidas aplicadas por el Comit\u00e9 de Salud y Seguridad vigentes a partir de este viernes 4 de septiembre\",\"datePublished\":\"2020-09-04T18:34:37+00:00\",\"dateModified\":\"2021-05-12T18:08:33+00:00\",\"mainEntityOfPage\":{\"@id\":\"https:\\\/\\\/mula.es\\\/web\\\/sanidad-y-seguridad-ciudadana-medidas-aplicadas-por-el-comite-de-salud-y-seguridad-vigentes-a-partir-de-este-viernes-4-de-septiembre\\\/\"},\"wordCount\":257,\"image\":{\"@id\":\"https:\\\/\\\/mula.es\\\/web\\\/sanidad-y-seguridad-ciudadana-medidas-aplicadas-por-el-comite-de-salud-y-seguridad-vigentes-a-partir-de-este-viernes-4-de-septiembre\\\/#primaryimage\"},\"thumbnailUrl\":\"https:\\\/\\\/mula.es\\\/web\\\/wp-content\\\/uploads\\\/2020\\\/09\\\/Reunion-Mesa-Local-de-Salud-y-Seguridad-04-09-2020-scaled.jpg\",\"articleSection\":[\"coronavirus\",\"sanidad\",\"seguridad ciudadana\"],\"inLanguage\":\"es\"},{\"@type\":\"WebPage\",\"@id\":\"https:\\\/\\\/mula.es\\\/web\\\/sanidad-y-seguridad-ciudadana-medidas-aplicadas-por-el-comite-de-salud-y-seguridad-vigentes-a-partir-de-este-viernes-4-de-septiembre\\\/\",\"url\":\"https:\\\/\\\/mula.es\\\/web\\\/sanidad-y-seguridad-ciudadana-medidas-aplicadas-por-el-comite-de-salud-y-seguridad-vigentes-a-partir-de-este-viernes-4-de-septiembre\\\/\",\"name\":\"SANIDAD Y SEGURIDAD CIUDADANA | Medidas aplicadas por el Comit\u00e9 de Salud y Seguridad vigentes a partir de este viernes 4 de septiembre - Ayuntamiento de Mula\",\"isPartOf\":{\"@id\":\"https:\\\/\\\/mula.es\\\/web\\\/#website\"},\"primaryImageOfPage\":{\"@id\":\"https:\\\/\\\/mula.es\\\/web\\\/sanidad-y-seguridad-ciudadana-medidas-aplicadas-por-el-comite-de-salud-y-seguridad-vigentes-a-partir-de-este-viernes-4-de-septiembre\\\/#primaryimage\"},\"image\":{\"@id\":\"https:\\\/\\\/mula.es\\\/web\\\/sanidad-y-seguridad-ciudadana-medidas-aplicadas-por-el-comite-de-salud-y-seguridad-vigentes-a-partir-de-este-viernes-4-de-septiembre\\\/#primaryimage\"},\"thumbnailUrl\":\"https:\\\/\\\/mula.es\\\/web\\\/wp-content\\\/uploads\\\/2020\\\/09\\\/Reunion-Mesa-Local-de-Salud-y-Seguridad-04-09-2020-scaled.jpg\",\"datePublished\":\"2020-09-04T18:34:37+00:00\",\"dateModified\":\"2021-05-12T18:08:33+00:00\",\"author\":{\"@id\":\"https:\\\/\\\/mula.es\\\/web\\\/#\\\/schema\\\/person\\\/a0dbffe9f4a3ed4aaebedcfef02f71a1\"},\"breadcrumb\":{\"@id\":\"https:\\\/\\\/mula.es\\\/web\\\/sanidad-y-seguridad-ciudadana-medidas-aplicadas-por-el-comite-de-salud-y-seguridad-vigentes-a-partir-de-este-viernes-4-de-septiembre\\\/#breadcrumb\"},\"inLanguage\":\"es\",\"potentialAction\":[{\"@type\":\"ReadAction\",\"target\":[\"https:\\\/\\\/mula.es\\\/web\\\/sanidad-y-seguridad-ciudadana-medidas-aplicadas-por-el-comite-de-salud-y-seguridad-vigentes-a-partir-de-este-viernes-4-de-septiembre\\\/\"]}]},{\"@type\":\"ImageObject\",\"inLanguage\":\"es\",\"@id\":\"https:\\\/\\\/mula.es\\\/web\\\/sanidad-y-seguridad-ciudadana-medidas-aplicadas-por-el-comite-de-salud-y-seguridad-vigentes-a-partir-de-este-viernes-4-de-septiembre\\\/#primaryimage\",\"url\":\"https:\\\/\\\/mula.es\\\/web\\\/wp-content\\\/uploads\\\/2020\\\/09\\\/Reunion-Mesa-Local-de-Salud-y-Seguridad-04-09-2020-scaled.jpg\",\"contentUrl\":\"https:\\\/\\\/mula.es\\\/web\\\/wp-content\\\/uploads\\\/2020\\\/09\\\/Reunion-Mesa-Local-de-Salud-y-Seguridad-04-09-2020-scaled.jpg\",\"width\":2560,\"height\":1920},{\"@type\":\"BreadcrumbList\",\"@id\":\"https:\\\/\\\/mula.es\\\/web\\\/sanidad-y-seguridad-ciudadana-medidas-aplicadas-por-el-comite-de-salud-y-seguridad-vigentes-a-partir-de-este-viernes-4-de-septiembre\\\/#breadcrumb\",\"itemListElement\":[{\"@type\":\"ListItem\",\"position\":1,\"name\":\"Portada\",\"item\":\"https:\\\/\\\/mula.es\\\/web\\\/\"},{\"@type\":\"ListItem\",\"position\":2,\"name\":\"SANIDAD Y SEGURIDAD CIUDADANA | Medidas aplicadas por el Comit\u00e9 de Salud y Seguridad vigentes a partir de este viernes 4 de septiembre\"}]},{\"@type\":\"WebSite\",\"@id\":\"https:\\\/\\\/mula.es\\\/web\\\/#website\",\"url\":\"https:\\\/\\\/mula.es\\\/web\\\/\",\"name\":\"Ayuntamiento de Mula\",\"description\":\"P\u00e1gina web del Ayuntamiento de Mula (Regi\u00f3n de Murcia)\",\"potentialAction\":[{\"@type\":\"SearchAction\",\"target\":{\"@type\":\"EntryPoint\",\"urlTemplate\":\"https:\\\/\\\/mula.es\\\/web\\\/?s={search_term_string}\"},\"query-input\":{\"@type\":\"PropertyValueSpecification\",\"valueRequired\":true,\"valueName\":\"search_term_string\"}}],\"inLanguage\":\"es\"},{\"@type\":\"Person\",\"@id\":\"https:\\\/\\\/mula.es\\\/web\\\/#\\\/schema\\\/person\\\/a0dbffe9f4a3ed4aaebedcfef02f71a1\",\"name\":\"admin\",\"image\":{\"@type\":\"ImageObject\",\"inLanguage\":\"es\",\"@id\":\"https:\\\/\\\/secure.gravatar.com\\\/avatar\\\/5423b9cd77f4c7f89a124365a268866f9dfee038c17fe9e37afd92b5920d810e?s=96&d=mm&r=g\",\"url\":\"https:\\\/\\\/secure.gravatar.com\\\/avatar\\\/5423b9cd77f4c7f89a124365a268866f9dfee038c17fe9e37afd92b5920d810e?s=96&d=mm&r=g\",\"contentUrl\":\"https:\\\/\\\/secure.gravatar.com\\\/avatar\\\/5423b9cd77f4c7f89a124365a268866f9dfee038c17fe9e37afd92b5920d810e?s=96&d=mm&r=g\",\"caption\":\"admin\"},\"description\":\"Lorem ipsum dolor sit amet, consectetur adipiscing elit. Nam viverra euismod odio, gravida pellentesque urna varius vitae. Sed dui lorem, adipiscing in adipiscing et, interdum nec metus. Mauris ultricies, justo eu convallis placerat, felis enim ornare nisi, vitae mattis nulla ante id dui. Ut lectus purus, commodo et tincidunt vel, interdum sed lectus. Vestibulum adipiscing tempor nisi id elementi.\",\"url\":\"https:\\\/\\\/mula.es\\\/web\\\/author\\\/jose-maria-boti\\\/\"}]}<\/script>\n<!-- \/ Yoast SEO plugin. -->","yoast_head_json":{"title":"SANIDAD Y SEGURIDAD CIUDADANA | Medidas aplicadas por el Comit\u00e9 de Salud y Seguridad vigentes a partir de este viernes 4 de septiembre - Ayuntamiento de Mula","robots":{"index":"index","follow":"follow","max-snippet":"max-snippet:-1","max-image-preview":"max-image-preview:large","max-video-preview":"max-video-preview:-1"},"canonical":"https:\/\/mula.es\/web\/sanidad-y-seguridad-ciudadana-medidas-aplicadas-por-el-comite-de-salud-y-seguridad-vigentes-a-partir-de-este-viernes-4-de-septiembre\/","og_locale":"es_ES","og_type":"article","og_title":"SANIDAD Y SEGURIDAD CIUDADANA | Medidas aplicadas por el Comit\u00e9 de Salud y Seguridad vigentes a partir de este viernes 4 de septiembre - Ayuntamiento de Mula","og_description":"El Comit\u00e9 de Salud y Seguridad de la Regi\u00f3n de Murcia aplica, a partir de este viernes 4 de septiembre, nuevas medidas y restricciones, que estar\u00e1n vigentes durante al menos 14 d\u00edas donde se realizar\u00e1 una revisi\u00f3n seg\u00fan la situaci\u00f3n de la pandemia en este momento. As\u00ed, la nueva Orden de la Consejer\u00eda de Salud, [...]","og_url":"https:\/\/mula.es\/web\/sanidad-y-seguridad-ciudadana-medidas-aplicadas-por-el-comite-de-salud-y-seguridad-vigentes-a-partir-de-este-viernes-4-de-septiembre\/","og_site_name":"Ayuntamiento de Mula","article_published_time":"2020-09-04T18:34:37+00:00","article_modified_time":"2021-05-12T18:08:33+00:00","og_image":[{"width":2560,"height":1920,"url":"https:\/\/i0.wp.com\/mula.es\/web\/wp-content\/uploads\/2020\/09\/Reunion-Mesa-Local-de-Salud-y-Seguridad-04-09-2020-scaled.jpg?fit=2560%2C1920&ssl=1","type":"image\/jpeg"}],"author":"admin","twitter_card":"summary_large_image","twitter_image":"https:\/\/mula.es\/web\/wp-content\/uploads\/2020\/06\/escudo-cuadrado-e1591045058235.jpg","twitter_creator":"@AyuntamientMula","twitter_site":"@AyuntamientMula","twitter_misc":{"Escrito por":"admin","Tiempo de lectura":"1 minuto"},"schema":{"@context":"https:\/\/schema.org","@graph":[{"@type":"Article","@id":"https:\/\/mula.es\/web\/sanidad-y-seguridad-ciudadana-medidas-aplicadas-por-el-comite-de-salud-y-seguridad-vigentes-a-partir-de-este-viernes-4-de-septiembre\/#article","isPartOf":{"@id":"https:\/\/mula.es\/web\/sanidad-y-seguridad-ciudadana-medidas-aplicadas-por-el-comite-de-salud-y-seguridad-vigentes-a-partir-de-este-viernes-4-de-septiembre\/"},"author":{"name":"admin","@id":"https:\/\/mula.es\/web\/#\/schema\/person\/a0dbffe9f4a3ed4aaebedcfef02f71a1"},"headline":"SANIDAD Y SEGURIDAD CIUDADANA | Medidas aplicadas por el Comit\u00e9 de Salud y Seguridad vigentes a partir de este viernes 4 de septiembre","datePublished":"2020-09-04T18:34:37+00:00","dateModified":"2021-05-12T18:08:33+00:00","mainEntityOfPage":{"@id":"https:\/\/mula.es\/web\/sanidad-y-seguridad-ciudadana-medidas-aplicadas-por-el-comite-de-salud-y-seguridad-vigentes-a-partir-de-este-viernes-4-de-septiembre\/"},"wordCount":257,"image":{"@id":"https:\/\/mula.es\/web\/sanidad-y-seguridad-ciudadana-medidas-aplicadas-por-el-comite-de-salud-y-seguridad-vigentes-a-partir-de-este-viernes-4-de-septiembre\/#primaryimage"},"thumbnailUrl":"https:\/\/mula.es\/web\/wp-content\/uploads\/2020\/09\/Reunion-Mesa-Local-de-Salud-y-Seguridad-04-09-2020-scaled.jpg","articleSection":["coronavirus","sanidad","seguridad ciudadana"],"inLanguage":"es"},{"@type":"WebPage","@id":"https:\/\/mula.es\/web\/sanidad-y-seguridad-ciudadana-medidas-aplicadas-por-el-comite-de-salud-y-seguridad-vigentes-a-partir-de-este-viernes-4-de-septiembre\/","url":"https:\/\/mula.es\/web\/sanidad-y-seguridad-ciudadana-medidas-aplicadas-por-el-comite-de-salud-y-seguridad-vigentes-a-partir-de-este-viernes-4-de-septiembre\/","name":"SANIDAD Y SEGURIDAD CIUDADANA | Medidas aplicadas por el Comit\u00e9 de Salud y Seguridad vigentes a partir de este viernes 4 de septiembre - Ayuntamiento de Mula","isPartOf":{"@id":"https:\/\/mula.es\/web\/#website"},"primaryImageOfPage":{"@id":"https:\/\/mula.es\/web\/sanidad-y-seguridad-ciudadana-medidas-aplicadas-por-el-comite-de-salud-y-seguridad-vigentes-a-partir-de-este-viernes-4-de-septiembre\/#primaryimage"},"image":{"@id":"https:\/\/mula.es\/web\/sanidad-y-seguridad-ciudadana-medidas-aplicadas-por-el-comite-de-salud-y-seguridad-vigentes-a-partir-de-este-viernes-4-de-septiembre\/#primaryimage"},"thumbnailUrl":"https:\/\/mula.es\/web\/wp-content\/uploads\/2020\/09\/Reunion-Mesa-Local-de-Salud-y-Seguridad-04-09-2020-scaled.jpg","datePublished":"2020-09-04T18:34:37+00:00","dateModified":"2021-05-12T18:08:33+00:00","author":{"@id":"https:\/\/mula.es\/web\/#\/schema\/person\/a0dbffe9f4a3ed4aaebedcfef02f71a1"},"breadcrumb":{"@id":"https:\/\/mula.es\/web\/sanidad-y-seguridad-ciudadana-medidas-aplicadas-por-el-comite-de-salud-y-seguridad-vigentes-a-partir-de-este-viernes-4-de-septiembre\/#breadcrumb"},"inLanguage":"es","potentialAction":[{"@type":"ReadAction","target":["https:\/\/mula.es\/web\/sanidad-y-seguridad-ciudadana-medidas-aplicadas-por-el-comite-de-salud-y-seguridad-vigentes-a-partir-de-este-viernes-4-de-septiembre\/"]}]},{"@type":"ImageObject","inLanguage":"es","@id":"https:\/\/mula.es\/web\/sanidad-y-seguridad-ciudadana-medidas-aplicadas-por-el-comite-de-salud-y-seguridad-vigentes-a-partir-de-este-viernes-4-de-septiembre\/#primaryimage","url":"https:\/\/mula.es\/web\/wp-content\/uploads\/2020\/09\/Reunion-Mesa-Local-de-Salud-y-Seguridad-04-09-2020-scaled.jpg","contentUrl":"https:\/\/mula.es\/web\/wp-content\/uploads\/2020\/09\/Reunion-Mesa-Local-de-Salud-y-Seguridad-04-09-2020-scaled.jpg","width":2560,"height":1920},{"@type":"BreadcrumbList","@id":"https:\/\/mula.es\/web\/sanidad-y-seguridad-ciudadana-medidas-aplicadas-por-el-comite-de-salud-y-seguridad-vigentes-a-partir-de-este-viernes-4-de-septiembre\/#breadcrumb","itemListElement":[{"@type":"ListItem","position":1,"name":"Portada","item":"https:\/\/mula.es\/web\/"},{"@type":"ListItem","position":2,"name":"SANIDAD Y SEGURIDAD CIUDADANA | Medidas aplicadas por el Comit\u00e9 de Salud y Seguridad vigentes a partir de este viernes 4 de septiembre"}]},{"@type":"WebSite","@id":"https:\/\/mula.es\/web\/#website","url":"https:\/\/mula.es\/web\/","name":"Ayuntamiento de Mula","description":"P\u00e1gina web del Ayuntamiento de Mula (Regi\u00f3n de Murcia)","potentialAction":[{"@type":"SearchAction","target":{"@type":"EntryPoint","urlTemplate":"https:\/\/mula.es\/web\/?s={search_term_string}"},"query-input":{"@type":"PropertyValueSpecification","valueRequired":true,"valueName":"search_term_string"}}],"inLanguage":"es"},{"@type":"Person","@id":"https:\/\/mula.es\/web\/#\/schema\/person\/a0dbffe9f4a3ed4aaebedcfef02f71a1","name":"admin","image":{"@type":"ImageObject","inLanguage":"es","@id":"https:\/\/secure.gravatar.com\/avatar\/5423b9cd77f4c7f89a124365a268866f9dfee038c17fe9e37afd92b5920d810e?s=96&d=mm&r=g","url":"https:\/\/secure.gravatar.com\/avatar\/5423b9cd77f4c7f89a124365a268866f9dfee038c17fe9e37afd92b5920d810e?s=96&d=mm&r=g","contentUrl":"https:\/\/secure.gravatar.com\/avatar\/5423b9cd77f4c7f89a124365a268866f9dfee038c17fe9e37afd92b5920d810e?s=96&d=mm&r=g","caption":"admin"},"description":"Lorem ipsum dolor sit amet, consectetur adipiscing elit. Nam viverra euismod odio, gravida pellentesque urna varius vitae. Sed dui lorem, adipiscing in adipiscing et, interdum nec metus. Mauris ultricies, justo eu convallis placerat, felis enim ornare nisi, vitae mattis nulla ante id dui. Ut lectus purus, commodo et tincidunt vel, interdum sed lectus. Vestibulum adipiscing tempor nisi id elementi.","url":"https:\/\/mula.es\/web\/author\/jose-maria-boti\/"}]}},"jetpack_publicize_connections":[],"jetpack_featured_media_url":"https:\/\/mula.es\/web\/wp-content\/uploads\/2020\/09\/Reunion-Mesa-Local-de-Salud-y-Seguridad-04-09-2020-scaled.jpg","jetpack_sharing_enabled":true,"jetpack_shortlink":"https:\/\/wp.me\/pa9DMY-8Y5","jetpack-related-posts":[],"_links":{"self":[{"href":"https:\/\/mula.es\/web\/wp-json\/wp\/v2\/posts\/34477","targetHints":{"allow":["GET"]}}],"collection":[{"href":"https:\/\/mula.es\/web\/wp-json\/wp\/v2\/posts"}],"about":[{"href":"https:\/\/mula.es\/web\/wp-json\/wp\/v2\/types\/post"}],"author":[{"embeddable":true,"href":"https:\/\/mula.es\/web\/wp-json\/wp\/v2\/users\/1"}],"replies":[{"embeddable":true,"href":"https:\/\/mula.es\/web\/wp-json\/wp\/v2\/comments?post=34477"}],"version-history":[{"count":1,"href":"https:\/\/mula.es\/web\/wp-json\/wp\/v2\/posts\/34477\/revisions"}],"predecessor-version":[{"id":34480,"href":"https:\/\/mula.es\/web\/wp-json\/wp\/v2\/posts\/34477\/revisions\/34480"}],"wp:featuredmedia":[{"embeddable":true,"href":"https:\/\/mula.es\/web\/wp-json\/wp\/v2\/media\/34479"}],"wp:attachment":[{"href":"https:\/\/mula.es\/web\/wp-json\/wp\/v2\/media?parent=34477"}],"wp:term":[{"taxonomy":"category","embeddable":true,"href":"https:\/\/mula.es\/web\/wp-json\/wp\/v2\/categories?post=34477"},{"taxonomy":"post_tag","embeddable":true,"href":"https:\/\/mula.es\/web\/wp-json\/wp\/v2\/tags?post=34477"}],"curies":[{"name":"wp","href":"https:\/\/api.w.org\/{rel}","templated":true}]}}