{"id":34481,"date":"2020-09-06T18:21:07","date_gmt":"2020-09-06T16:21:07","guid":{"rendered":"http:\/\/mula.es\/web\/?p=34481"},"modified":"2020-09-06T18:21:07","modified_gmt":"2020-09-06T16:21:07","slug":"deportes-los-responsables-de-deportes-se-reunen-con-el-director-general-para-establecer-los-protocolos-de-la-practica-deportiva","status":"publish","type":"post","link":"https:\/\/mula.es\/web\/deportes-los-responsables-de-deportes-se-reunen-con-el-director-general-para-establecer-los-protocolos-de-la-practica-deportiva\/","title":{"rendered":"DEPORTES | Los responsables de deportes se re\u00fanen con el Director General para establecer los protocolos de la pr\u00e1ctica deportiva"},"content":{"rendered":"<p>El concejal de Deportes, Vicente L\u00f3pez, asiste a la reuni\u00f3n entre el director general de Deportes y los concejales del ramo celebrada este jueves en el Ayuntamiento de Caravaca de la Cruz, donde se ha tratado sobre los protocolos de prevenci\u00f3n del Covid-19 tanto en las competiciones auton\u00f3micas como las escuelas deportivas.<\/p>\n<p>En dicho encuentro han estado presentes todos los ayuntamientos de las comarcas del Noroeste y R\u00edo Mula donde se ha recogido la opini\u00f3n de los estamentos de la comunidad deportiva de ambas comarcas para ultimar las normas auton\u00f3micas que regir\u00e1n las normas deportivas.<\/p>\n<p>As\u00ed, tras la reuni\u00f3n han previsto, seg\u00fan el desarrollo de la situaci\u00f3n de crisis, <strong>las competiciones auton\u00f3micas, tanto en categor\u00eda absoluta como de bases, as\u00ed como las escuelas deportivas, puedan dar comienzo entre los meses de octubre y noviembre, sujetas siempre a la evoluci\u00f3n de la pandemia y a las normativas que vendr\u00e1n dictadas por las administraciones nacional y regional.<\/strong><\/p>\n","protected":false},"excerpt":{"rendered":"<p>El concejal de Deportes, Vicente L\u00f3pez, asiste a la reuni\u00f3n entre el director general de Deportes y los concejales del ramo celebrada este jueves en el Ayuntamiento de Caravaca de la Cruz, donde se ha tratado sobre los protocolos de prevenci\u00f3n del Covid-19 tanto en las competiciones auton\u00f3micas como las escuelas deportivas. En dicho encuentro  [&#8230;]<\/p>\n","protected":false},"author":1,"featured_media":34482,"comment_status":"closed","ping_status":"closed","sticky":false,"template":"","format":"standard","meta":{"jetpack_post_was_ever_published":false,"_jetpack_newsletter_access":"","_jetpack_dont_email_post_to_subs":false,"_jetpack_newsletter_tier_id":0,"_jetpack_memberships_contains_paywalled_content":false,"_jetpack_memberships_contains_paid_content":false,"footnotes":"","jetpack_publicize_message":"","jetpack_publicize_feature_enabled":true,"jetpack_social_post_already_shared":false,"jetpack_social_options":{"image_generator_settings":{"template":"highway","default_image_id":0,"font":"","enabled":false},"version":2}},"categories":[664,88],"tags":[],"class_list":["post-34481","post","type-post","status-publish","format-standard","has-post-thumbnail","hentry","category-coronavirus","category-deportes"],"yoast_head":"<!-- This site is optimized with the Yoast SEO plugin v27.5 - https:\/\/yoast.com\/product\/yoast-seo-wordpress\/ -->\n<title>DEPORTES | Los responsables de deportes se re\u00fanen con el Director General para establecer los protocolos de la pr\u00e1ctica deportiva - Ayuntamiento de Mula<\/title>\n<meta name=\"robots\" content=\"index, follow, max-snippet:-1, max-image-preview:large, max-video-preview:-1\" \/>\n<link rel=\"canonical\" href=\"https:\/\/mula.es\/web\/deportes-los-responsables-de-deportes-se-reunen-con-el-director-general-para-establecer-los-protocolos-de-la-practica-deportiva\/\" \/>\n<meta property=\"og:locale\" content=\"es_ES\" \/>\n<meta property=\"og:type\" content=\"article\" \/>\n<meta property=\"og:title\" content=\"DEPORTES | Los responsables de deportes se re\u00fanen con el Director General para establecer los protocolos de la pr\u00e1ctica deportiva - Ayuntamiento de Mula\" \/>\n<meta property=\"og:description\" content=\"El concejal de Deportes, Vicente L\u00f3pez, asiste a la reuni\u00f3n entre el director general de Deportes y los concejales del ramo celebrada este jueves en el Ayuntamiento de Caravaca de la Cruz, donde se ha tratado sobre los protocolos de prevenci\u00f3n del Covid-19 tanto en las competiciones auton\u00f3micas como las escuelas deportivas. En dicho encuentro [...]\" \/>\n<meta property=\"og:url\" content=\"https:\/\/mula.es\/web\/deportes-los-responsables-de-deportes-se-reunen-con-el-director-general-para-establecer-los-protocolos-de-la-practica-deportiva\/\" \/>\n<meta property=\"og:site_name\" content=\"Ayuntamiento de Mula\" \/>\n<meta property=\"article:published_time\" content=\"2020-09-06T16:21:07+00:00\" \/>\n<meta property=\"og:image\" content=\"https:\/\/i0.wp.com\/mula.es\/web\/wp-content\/uploads\/2020\/09\/Deportes-Noroeste-Rio-Mula.jpg?fit=960%2C720&ssl=1\" \/>\n\t<meta property=\"og:image:width\" content=\"960\" \/>\n\t<meta property=\"og:image:height\" content=\"720\" \/>\n\t<meta property=\"og:image:type\" content=\"image\/jpeg\" \/>\n<meta name=\"author\" content=\"admin\" \/>\n<meta name=\"twitter:card\" content=\"summary_large_image\" \/>\n<meta name=\"twitter:image\" content=\"https:\/\/mula.es\/web\/wp-content\/uploads\/2020\/06\/escudo-cuadrado-e1591045058235.jpg\" \/>\n<meta name=\"twitter:creator\" content=\"@AyuntamientMula\" \/>\n<meta name=\"twitter:site\" content=\"@AyuntamientMula\" \/>\n<meta name=\"twitter:label1\" content=\"Escrito por\" \/>\n\t<meta name=\"twitter:data1\" content=\"admin\" \/>\n\t<meta name=\"twitter:label2\" content=\"Tiempo de lectura\" \/>\n\t<meta name=\"twitter:data2\" content=\"1 minuto\" \/>\n<script type=\"application\/ld+json\" class=\"yoast-schema-graph\">{\"@context\":\"https:\\\/\\\/schema.org\",\"@graph\":[{\"@type\":\"Article\",\"@id\":\"https:\\\/\\\/mula.es\\\/web\\\/deportes-los-responsables-de-deportes-se-reunen-con-el-director-general-para-establecer-los-protocolos-de-la-practica-deportiva\\\/#article\",\"isPartOf\":{\"@id\":\"https:\\\/\\\/mula.es\\\/web\\\/deportes-los-responsables-de-deportes-se-reunen-con-el-director-general-para-establecer-los-protocolos-de-la-practica-deportiva\\\/\"},\"author\":{\"name\":\"admin\",\"@id\":\"https:\\\/\\\/mula.es\\\/web\\\/#\\\/schema\\\/person\\\/a0dbffe9f4a3ed4aaebedcfef02f71a1\"},\"headline\":\"DEPORTES | Los responsables de deportes se re\u00fanen con el Director General para establecer los protocolos de la pr\u00e1ctica deportiva\",\"datePublished\":\"2020-09-06T16:21:07+00:00\",\"mainEntityOfPage\":{\"@id\":\"https:\\\/\\\/mula.es\\\/web\\\/deportes-los-responsables-de-deportes-se-reunen-con-el-director-general-para-establecer-los-protocolos-de-la-practica-deportiva\\\/\"},\"wordCount\":191,\"image\":{\"@id\":\"https:\\\/\\\/mula.es\\\/web\\\/deportes-los-responsables-de-deportes-se-reunen-con-el-director-general-para-establecer-los-protocolos-de-la-practica-deportiva\\\/#primaryimage\"},\"thumbnailUrl\":\"https:\\\/\\\/mula.es\\\/web\\\/wp-content\\\/uploads\\\/2020\\\/09\\\/Deportes-Noroeste-Rio-Mula.jpg\",\"articleSection\":[\"coronavirus\",\"deportes\"],\"inLanguage\":\"es\"},{\"@type\":\"WebPage\",\"@id\":\"https:\\\/\\\/mula.es\\\/web\\\/deportes-los-responsables-de-deportes-se-reunen-con-el-director-general-para-establecer-los-protocolos-de-la-practica-deportiva\\\/\",\"url\":\"https:\\\/\\\/mula.es\\\/web\\\/deportes-los-responsables-de-deportes-se-reunen-con-el-director-general-para-establecer-los-protocolos-de-la-practica-deportiva\\\/\",\"name\":\"DEPORTES | Los responsables de deportes se re\u00fanen con el Director General para establecer los protocolos de la pr\u00e1ctica deportiva - Ayuntamiento de Mula\",\"isPartOf\":{\"@id\":\"https:\\\/\\\/mula.es\\\/web\\\/#website\"},\"primaryImageOfPage\":{\"@id\":\"https:\\\/\\\/mula.es\\\/web\\\/deportes-los-responsables-de-deportes-se-reunen-con-el-director-general-para-establecer-los-protocolos-de-la-practica-deportiva\\\/#primaryimage\"},\"image\":{\"@id\":\"https:\\\/\\\/mula.es\\\/web\\\/deportes-los-responsables-de-deportes-se-reunen-con-el-director-general-para-establecer-los-protocolos-de-la-practica-deportiva\\\/#primaryimage\"},\"thumbnailUrl\":\"https:\\\/\\\/mula.es\\\/web\\\/wp-content\\\/uploads\\\/2020\\\/09\\\/Deportes-Noroeste-Rio-Mula.jpg\",\"datePublished\":\"2020-09-06T16:21:07+00:00\",\"author\":{\"@id\":\"https:\\\/\\\/mula.es\\\/web\\\/#\\\/schema\\\/person\\\/a0dbffe9f4a3ed4aaebedcfef02f71a1\"},\"breadcrumb\":{\"@id\":\"https:\\\/\\\/mula.es\\\/web\\\/deportes-los-responsables-de-deportes-se-reunen-con-el-director-general-para-establecer-los-protocolos-de-la-practica-deportiva\\\/#breadcrumb\"},\"inLanguage\":\"es\",\"potentialAction\":[{\"@type\":\"ReadAction\",\"target\":[\"https:\\\/\\\/mula.es\\\/web\\\/deportes-los-responsables-de-deportes-se-reunen-con-el-director-general-para-establecer-los-protocolos-de-la-practica-deportiva\\\/\"]}]},{\"@type\":\"ImageObject\",\"inLanguage\":\"es\",\"@id\":\"https:\\\/\\\/mula.es\\\/web\\\/deportes-los-responsables-de-deportes-se-reunen-con-el-director-general-para-establecer-los-protocolos-de-la-practica-deportiva\\\/#primaryimage\",\"url\":\"https:\\\/\\\/mula.es\\\/web\\\/wp-content\\\/uploads\\\/2020\\\/09\\\/Deportes-Noroeste-Rio-Mula.jpg\",\"contentUrl\":\"https:\\\/\\\/mula.es\\\/web\\\/wp-content\\\/uploads\\\/2020\\\/09\\\/Deportes-Noroeste-Rio-Mula.jpg\",\"width\":960,\"height\":720},{\"@type\":\"BreadcrumbList\",\"@id\":\"https:\\\/\\\/mula.es\\\/web\\\/deportes-los-responsables-de-deportes-se-reunen-con-el-director-general-para-establecer-los-protocolos-de-la-practica-deportiva\\\/#breadcrumb\",\"itemListElement\":[{\"@type\":\"ListItem\",\"position\":1,\"name\":\"Portada\",\"item\":\"https:\\\/\\\/mula.es\\\/web\\\/\"},{\"@type\":\"ListItem\",\"position\":2,\"name\":\"DEPORTES | Los responsables de deportes se re\u00fanen con el Director General para establecer los protocolos de la pr\u00e1ctica deportiva\"}]},{\"@type\":\"WebSite\",\"@id\":\"https:\\\/\\\/mula.es\\\/web\\\/#website\",\"url\":\"https:\\\/\\\/mula.es\\\/web\\\/\",\"name\":\"Ayuntamiento de Mula\",\"description\":\"P\u00e1gina web del Ayuntamiento de Mula (Regi\u00f3n de Murcia)\",\"potentialAction\":[{\"@type\":\"SearchAction\",\"target\":{\"@type\":\"EntryPoint\",\"urlTemplate\":\"https:\\\/\\\/mula.es\\\/web\\\/?s={search_term_string}\"},\"query-input\":{\"@type\":\"PropertyValueSpecification\",\"valueRequired\":true,\"valueName\":\"search_term_string\"}}],\"inLanguage\":\"es\"},{\"@type\":\"Person\",\"@id\":\"https:\\\/\\\/mula.es\\\/web\\\/#\\\/schema\\\/person\\\/a0dbffe9f4a3ed4aaebedcfef02f71a1\",\"name\":\"admin\",\"image\":{\"@type\":\"ImageObject\",\"inLanguage\":\"es\",\"@id\":\"https:\\\/\\\/secure.gravatar.com\\\/avatar\\\/5423b9cd77f4c7f89a124365a268866f9dfee038c17fe9e37afd92b5920d810e?s=96&d=mm&r=g\",\"url\":\"https:\\\/\\\/secure.gravatar.com\\\/avatar\\\/5423b9cd77f4c7f89a124365a268866f9dfee038c17fe9e37afd92b5920d810e?s=96&d=mm&r=g\",\"contentUrl\":\"https:\\\/\\\/secure.gravatar.com\\\/avatar\\\/5423b9cd77f4c7f89a124365a268866f9dfee038c17fe9e37afd92b5920d810e?s=96&d=mm&r=g\",\"caption\":\"admin\"},\"description\":\"Lorem ipsum dolor sit amet, consectetur adipiscing elit. Nam viverra euismod odio, gravida pellentesque urna varius vitae. Sed dui lorem, adipiscing in adipiscing et, interdum nec metus. Mauris ultricies, justo eu convallis placerat, felis enim ornare nisi, vitae mattis nulla ante id dui. Ut lectus purus, commodo et tincidunt vel, interdum sed lectus. Vestibulum adipiscing tempor nisi id elementi.\",\"url\":\"https:\\\/\\\/mula.es\\\/web\\\/author\\\/jose-maria-boti\\\/\"}]}<\/script>\n<!-- \/ Yoast SEO plugin. -->","yoast_head_json":{"title":"DEPORTES | Los responsables de deportes se re\u00fanen con el Director General para establecer los protocolos de la pr\u00e1ctica deportiva - Ayuntamiento de Mula","robots":{"index":"index","follow":"follow","max-snippet":"max-snippet:-1","max-image-preview":"max-image-preview:large","max-video-preview":"max-video-preview:-1"},"canonical":"https:\/\/mula.es\/web\/deportes-los-responsables-de-deportes-se-reunen-con-el-director-general-para-establecer-los-protocolos-de-la-practica-deportiva\/","og_locale":"es_ES","og_type":"article","og_title":"DEPORTES | Los responsables de deportes se re\u00fanen con el Director General para establecer los protocolos de la pr\u00e1ctica deportiva - Ayuntamiento de Mula","og_description":"El concejal de Deportes, Vicente L\u00f3pez, asiste a la reuni\u00f3n entre el director general de Deportes y los concejales del ramo celebrada este jueves en el Ayuntamiento de Caravaca de la Cruz, donde se ha tratado sobre los protocolos de prevenci\u00f3n del Covid-19 tanto en las competiciones auton\u00f3micas como las escuelas deportivas. En dicho encuentro [...]","og_url":"https:\/\/mula.es\/web\/deportes-los-responsables-de-deportes-se-reunen-con-el-director-general-para-establecer-los-protocolos-de-la-practica-deportiva\/","og_site_name":"Ayuntamiento de Mula","article_published_time":"2020-09-06T16:21:07+00:00","og_image":[{"width":960,"height":720,"url":"https:\/\/i0.wp.com\/mula.es\/web\/wp-content\/uploads\/2020\/09\/Deportes-Noroeste-Rio-Mula.jpg?fit=960%2C720&ssl=1","type":"image\/jpeg"}],"author":"admin","twitter_card":"summary_large_image","twitter_image":"https:\/\/mula.es\/web\/wp-content\/uploads\/2020\/06\/escudo-cuadrado-e1591045058235.jpg","twitter_creator":"@AyuntamientMula","twitter_site":"@AyuntamientMula","twitter_misc":{"Escrito por":"admin","Tiempo de lectura":"1 minuto"},"schema":{"@context":"https:\/\/schema.org","@graph":[{"@type":"Article","@id":"https:\/\/mula.es\/web\/deportes-los-responsables-de-deportes-se-reunen-con-el-director-general-para-establecer-los-protocolos-de-la-practica-deportiva\/#article","isPartOf":{"@id":"https:\/\/mula.es\/web\/deportes-los-responsables-de-deportes-se-reunen-con-el-director-general-para-establecer-los-protocolos-de-la-practica-deportiva\/"},"author":{"name":"admin","@id":"https:\/\/mula.es\/web\/#\/schema\/person\/a0dbffe9f4a3ed4aaebedcfef02f71a1"},"headline":"DEPORTES | Los responsables de deportes se re\u00fanen con el Director General para establecer los protocolos de la pr\u00e1ctica deportiva","datePublished":"2020-09-06T16:21:07+00:00","mainEntityOfPage":{"@id":"https:\/\/mula.es\/web\/deportes-los-responsables-de-deportes-se-reunen-con-el-director-general-para-establecer-los-protocolos-de-la-practica-deportiva\/"},"wordCount":191,"image":{"@id":"https:\/\/mula.es\/web\/deportes-los-responsables-de-deportes-se-reunen-con-el-director-general-para-establecer-los-protocolos-de-la-practica-deportiva\/#primaryimage"},"thumbnailUrl":"https:\/\/mula.es\/web\/wp-content\/uploads\/2020\/09\/Deportes-Noroeste-Rio-Mula.jpg","articleSection":["coronavirus","deportes"],"inLanguage":"es"},{"@type":"WebPage","@id":"https:\/\/mula.es\/web\/deportes-los-responsables-de-deportes-se-reunen-con-el-director-general-para-establecer-los-protocolos-de-la-practica-deportiva\/","url":"https:\/\/mula.es\/web\/deportes-los-responsables-de-deportes-se-reunen-con-el-director-general-para-establecer-los-protocolos-de-la-practica-deportiva\/","name":"DEPORTES | Los responsables de deportes se re\u00fanen con el Director General para establecer los protocolos de la pr\u00e1ctica deportiva - Ayuntamiento de Mula","isPartOf":{"@id":"https:\/\/mula.es\/web\/#website"},"primaryImageOfPage":{"@id":"https:\/\/mula.es\/web\/deportes-los-responsables-de-deportes-se-reunen-con-el-director-general-para-establecer-los-protocolos-de-la-practica-deportiva\/#primaryimage"},"image":{"@id":"https:\/\/mula.es\/web\/deportes-los-responsables-de-deportes-se-reunen-con-el-director-general-para-establecer-los-protocolos-de-la-practica-deportiva\/#primaryimage"},"thumbnailUrl":"https:\/\/mula.es\/web\/wp-content\/uploads\/2020\/09\/Deportes-Noroeste-Rio-Mula.jpg","datePublished":"2020-09-06T16:21:07+00:00","author":{"@id":"https:\/\/mula.es\/web\/#\/schema\/person\/a0dbffe9f4a3ed4aaebedcfef02f71a1"},"breadcrumb":{"@id":"https:\/\/mula.es\/web\/deportes-los-responsables-de-deportes-se-reunen-con-el-director-general-para-establecer-los-protocolos-de-la-practica-deportiva\/#breadcrumb"},"inLanguage":"es","potentialAction":[{"@type":"ReadAction","target":["https:\/\/mula.es\/web\/deportes-los-responsables-de-deportes-se-reunen-con-el-director-general-para-establecer-los-protocolos-de-la-practica-deportiva\/"]}]},{"@type":"ImageObject","inLanguage":"es","@id":"https:\/\/mula.es\/web\/deportes-los-responsables-de-deportes-se-reunen-con-el-director-general-para-establecer-los-protocolos-de-la-practica-deportiva\/#primaryimage","url":"https:\/\/mula.es\/web\/wp-content\/uploads\/2020\/09\/Deportes-Noroeste-Rio-Mula.jpg","contentUrl":"https:\/\/mula.es\/web\/wp-content\/uploads\/2020\/09\/Deportes-Noroeste-Rio-Mula.jpg","width":960,"height":720},{"@type":"BreadcrumbList","@id":"https:\/\/mula.es\/web\/deportes-los-responsables-de-deportes-se-reunen-con-el-director-general-para-establecer-los-protocolos-de-la-practica-deportiva\/#breadcrumb","itemListElement":[{"@type":"ListItem","position":1,"name":"Portada","item":"https:\/\/mula.es\/web\/"},{"@type":"ListItem","position":2,"name":"DEPORTES | Los responsables de deportes se re\u00fanen con el Director General para establecer los protocolos de la pr\u00e1ctica deportiva"}]},{"@type":"WebSite","@id":"https:\/\/mula.es\/web\/#website","url":"https:\/\/mula.es\/web\/","name":"Ayuntamiento de Mula","description":"P\u00e1gina web del Ayuntamiento de Mula (Regi\u00f3n de Murcia)","potentialAction":[{"@type":"SearchAction","target":{"@type":"EntryPoint","urlTemplate":"https:\/\/mula.es\/web\/?s={search_term_string}"},"query-input":{"@type":"PropertyValueSpecification","valueRequired":true,"valueName":"search_term_string"}}],"inLanguage":"es"},{"@type":"Person","@id":"https:\/\/mula.es\/web\/#\/schema\/person\/a0dbffe9f4a3ed4aaebedcfef02f71a1","name":"admin","image":{"@type":"ImageObject","inLanguage":"es","@id":"https:\/\/secure.gravatar.com\/avatar\/5423b9cd77f4c7f89a124365a268866f9dfee038c17fe9e37afd92b5920d810e?s=96&d=mm&r=g","url":"https:\/\/secure.gravatar.com\/avatar\/5423b9cd77f4c7f89a124365a268866f9dfee038c17fe9e37afd92b5920d810e?s=96&d=mm&r=g","contentUrl":"https:\/\/secure.gravatar.com\/avatar\/5423b9cd77f4c7f89a124365a268866f9dfee038c17fe9e37afd92b5920d810e?s=96&d=mm&r=g","caption":"admin"},"description":"Lorem ipsum dolor sit amet, consectetur adipiscing elit. Nam viverra euismod odio, gravida pellentesque urna varius vitae. Sed dui lorem, adipiscing in adipiscing et, interdum nec metus. Mauris ultricies, justo eu convallis placerat, felis enim ornare nisi, vitae mattis nulla ante id dui. Ut lectus purus, commodo et tincidunt vel, interdum sed lectus. Vestibulum adipiscing tempor nisi id elementi.","url":"https:\/\/mula.es\/web\/author\/jose-maria-boti\/"}]}},"jetpack_publicize_connections":[],"jetpack_featured_media_url":"https:\/\/mula.es\/web\/wp-content\/uploads\/2020\/09\/Deportes-Noroeste-Rio-Mula.jpg","jetpack_sharing_enabled":true,"jetpack_shortlink":"https:\/\/wp.me\/pa9DMY-8Y9","jetpack-related-posts":[],"_links":{"self":[{"href":"https:\/\/mula.es\/web\/wp-json\/wp\/v2\/posts\/34481","targetHints":{"allow":["GET"]}}],"collection":[{"href":"https:\/\/mula.es\/web\/wp-json\/wp\/v2\/posts"}],"about":[{"href":"https:\/\/mula.es\/web\/wp-json\/wp\/v2\/types\/post"}],"author":[{"embeddable":true,"href":"https:\/\/mula.es\/web\/wp-json\/wp\/v2\/users\/1"}],"replies":[{"embeddable":true,"href":"https:\/\/mula.es\/web\/wp-json\/wp\/v2\/comments?post=34481"}],"version-history":[{"count":1,"href":"https:\/\/mula.es\/web\/wp-json\/wp\/v2\/posts\/34481\/revisions"}],"predecessor-version":[{"id":34483,"href":"https:\/\/mula.es\/web\/wp-json\/wp\/v2\/posts\/34481\/revisions\/34483"}],"wp:featuredmedia":[{"embeddable":true,"href":"https:\/\/mula.es\/web\/wp-json\/wp\/v2\/media\/34482"}],"wp:attachment":[{"href":"https:\/\/mula.es\/web\/wp-json\/wp\/v2\/media?parent=34481"}],"wp:term":[{"taxonomy":"category","embeddable":true,"href":"https:\/\/mula.es\/web\/wp-json\/wp\/v2\/categories?post=34481"},{"taxonomy":"post_tag","embeddable":true,"href":"https:\/\/mula.es\/web\/wp-json\/wp\/v2\/tags?post=34481"}],"curies":[{"name":"wp","href":"https:\/\/api.w.org\/{rel}","templated":true}]}}