{"id":34484,"date":"2020-09-06T18:25:29","date_gmt":"2020-09-06T16:25:29","guid":{"rendered":"http:\/\/mula.es\/web\/?p=34484"},"modified":"2021-05-12T20:08:33","modified_gmt":"2021-05-12T18:08:33","slug":"sanidad-el-centro-de-salud-de-mula-pasa-de-fase-roja-a-fase-naranja-con-fecha-5-de-septiembre-de-2020","status":"publish","type":"post","link":"https:\/\/mula.es\/web\/sanidad-el-centro-de-salud-de-mula-pasa-de-fase-roja-a-fase-naranja-con-fecha-5-de-septiembre-de-2020\/","title":{"rendered":"SANIDAD | El Centro de Salud de Mula pasa de Fase Roja a Fase Naranja con fecha 5 de septiembre de 2020"},"content":{"rendered":"<p>El Servicio Murciano de Salud (SMS) ha modificado de Fase Roja a Fase Naranja al Equipo de Atenci\u00f3n Primaria (EAP) de Mula al contabilizarse un descenso en el n\u00famero de positivos por Covid-19 pasando de \u2018tasa muy elevada de contagios\u2019 en fase roja a \u2018tasa elevada\u2019 en fase naranja.<\/p>\n<p>El Centro de Salud priorizar\u00e1 con esta fase la atenci\u00f3n de emergencias, las citas a pacientes con s\u00edntomas de Covid-19 y el seguimiento telef\u00f3nico y domiciliario del paciente cr\u00f3nico.<\/p>\n<p>El cambio de fase muestra una leve mejor\u00eda de la situaci\u00f3n, pero la recomendaci\u00f3n, ante todo, es no bajar la guardia y seguir manteniendo las medidas de seguridad para evitar nuevos contagios, a fecha de 5 de septiembre de 2020 contabilizados por el SMS en 35 personas.<\/p>\n<p>Desde el Ayuntamiento se han establecido diversas medidas como el cierre de parques y jardines, espacios deportivos y actividades de ocio y turismo tanto en Mula como pedan\u00edas, al tiempo que piden a la poblaci\u00f3n mayor de 65 a\u00f1os que eviten salir a la calle, as\u00ed como las reuniones de personas de m\u00e1s de seis personas, todo ello, unido a las restricciones impuestas por el gobierno Regional, para frenar la expansi\u00f3n del virus.<\/p>\n<p>Del mismo modo se sigue apelando a la responsabilidad individual y seguir las recomendaciones sanitarias respecto a las cuarentenas de contactos por Covid y asintom\u00e1ticos para no seguir poniendo en riesgo al resto de ciudadanos.<\/p>\n<p>Es importante mantener la distancia de seguridad interpersonal, utilizar siempre la mascarilla, lavarse frecuentemente las manos y utilizar geles hidroalcoh\u00f3licos. Ante el menor s\u00edntoma hay que confinarse y seguir las indicaciones de las autoridades sanitarias.<\/p>\n","protected":false},"excerpt":{"rendered":"<p>El Servicio Murciano de Salud (SMS) ha modificado de Fase Roja a Fase Naranja al Equipo de Atenci\u00f3n Primaria (EAP) de Mula al contabilizarse un descenso en el n\u00famero de positivos por Covid-19 pasando de \u2018tasa muy elevada de contagios\u2019 en fase roja a \u2018tasa elevada\u2019 en fase naranja. El Centro de Salud priorizar\u00e1 con  [&#8230;]<\/p>\n","protected":false},"author":1,"featured_media":33512,"comment_status":"closed","ping_status":"closed","sticky":false,"template":"","format":"standard","meta":{"jetpack_post_was_ever_published":false,"_jetpack_newsletter_access":"","_jetpack_dont_email_post_to_subs":false,"_jetpack_newsletter_tier_id":0,"_jetpack_memberships_contains_paywalled_content":false,"_jetpack_memberships_contains_paid_content":false,"footnotes":"","jetpack_publicize_message":"","jetpack_publicize_feature_enabled":true,"jetpack_social_post_already_shared":false,"jetpack_social_options":{"image_generator_settings":{"template":"highway","default_image_id":0,"font":"","enabled":false},"version":2}},"categories":[664,90],"tags":[],"class_list":["post-34484","post","type-post","status-publish","format-standard","has-post-thumbnail","hentry","category-coronavirus","category-sanidad"],"yoast_head":"<!-- This site is optimized with the Yoast SEO plugin v27.5 - https:\/\/yoast.com\/product\/yoast-seo-wordpress\/ -->\n<title>SANIDAD | El Centro de Salud de Mula pasa de Fase Roja a Fase Naranja con fecha 5 de septiembre de 2020 - Ayuntamiento de Mula<\/title>\n<meta name=\"robots\" content=\"index, follow, max-snippet:-1, max-image-preview:large, max-video-preview:-1\" \/>\n<link rel=\"canonical\" href=\"https:\/\/mula.es\/web\/sanidad-el-centro-de-salud-de-mula-pasa-de-fase-roja-a-fase-naranja-con-fecha-5-de-septiembre-de-2020\/\" \/>\n<meta property=\"og:locale\" content=\"es_ES\" \/>\n<meta property=\"og:type\" content=\"article\" \/>\n<meta property=\"og:title\" content=\"SANIDAD | El Centro de Salud de Mula pasa de Fase Roja a Fase Naranja con fecha 5 de septiembre de 2020 - Ayuntamiento de Mula\" \/>\n<meta property=\"og:description\" content=\"El Servicio Murciano de Salud (SMS) ha modificado de Fase Roja a Fase Naranja al Equipo de Atenci\u00f3n Primaria (EAP) de Mula al contabilizarse un descenso en el n\u00famero de positivos por Covid-19 pasando de \u2018tasa muy elevada de contagios\u2019 en fase roja a \u2018tasa elevada\u2019 en fase naranja. El Centro de Salud priorizar\u00e1 con [...]\" \/>\n<meta property=\"og:url\" content=\"https:\/\/mula.es\/web\/sanidad-el-centro-de-salud-de-mula-pasa-de-fase-roja-a-fase-naranja-con-fecha-5-de-septiembre-de-2020\/\" \/>\n<meta property=\"og:site_name\" content=\"Ayuntamiento de Mula\" \/>\n<meta property=\"article:published_time\" content=\"2020-09-06T16:25:29+00:00\" \/>\n<meta property=\"article:modified_time\" content=\"2021-05-12T18:08:33+00:00\" \/>\n<meta property=\"og:image\" content=\"https:\/\/i0.wp.com\/mula.es\/web\/wp-content\/uploads\/2020\/06\/escudo-cuadrado-e1591045058235.jpg?fit=200%2C218&ssl=1\" \/>\n\t<meta property=\"og:image:width\" content=\"200\" \/>\n\t<meta property=\"og:image:height\" content=\"218\" \/>\n\t<meta property=\"og:image:type\" content=\"image\/jpeg\" \/>\n<meta name=\"author\" content=\"admin\" \/>\n<meta name=\"twitter:card\" content=\"summary_large_image\" \/>\n<meta name=\"twitter:image\" content=\"https:\/\/mula.es\/web\/wp-content\/uploads\/2020\/06\/escudo-cuadrado-e1591045058235.jpg\" \/>\n<meta name=\"twitter:creator\" content=\"@AyuntamientMula\" \/>\n<meta name=\"twitter:site\" content=\"@AyuntamientMula\" \/>\n<meta name=\"twitter:label1\" content=\"Escrito por\" \/>\n\t<meta name=\"twitter:data1\" content=\"admin\" \/>\n\t<meta name=\"twitter:label2\" content=\"Tiempo de lectura\" \/>\n\t<meta name=\"twitter:data2\" content=\"1 minuto\" \/>\n<script type=\"application\/ld+json\" class=\"yoast-schema-graph\">{\"@context\":\"https:\\\/\\\/schema.org\",\"@graph\":[{\"@type\":\"Article\",\"@id\":\"https:\\\/\\\/mula.es\\\/web\\\/sanidad-el-centro-de-salud-de-mula-pasa-de-fase-roja-a-fase-naranja-con-fecha-5-de-septiembre-de-2020\\\/#article\",\"isPartOf\":{\"@id\":\"https:\\\/\\\/mula.es\\\/web\\\/sanidad-el-centro-de-salud-de-mula-pasa-de-fase-roja-a-fase-naranja-con-fecha-5-de-septiembre-de-2020\\\/\"},\"author\":{\"name\":\"admin\",\"@id\":\"https:\\\/\\\/mula.es\\\/web\\\/#\\\/schema\\\/person\\\/a0dbffe9f4a3ed4aaebedcfef02f71a1\"},\"headline\":\"SANIDAD | El Centro de Salud de Mula pasa de Fase Roja a Fase Naranja con fecha 5 de septiembre de 2020\",\"datePublished\":\"2020-09-06T16:25:29+00:00\",\"dateModified\":\"2021-05-12T18:08:33+00:00\",\"mainEntityOfPage\":{\"@id\":\"https:\\\/\\\/mula.es\\\/web\\\/sanidad-el-centro-de-salud-de-mula-pasa-de-fase-roja-a-fase-naranja-con-fecha-5-de-septiembre-de-2020\\\/\"},\"wordCount\":300,\"image\":{\"@id\":\"https:\\\/\\\/mula.es\\\/web\\\/sanidad-el-centro-de-salud-de-mula-pasa-de-fase-roja-a-fase-naranja-con-fecha-5-de-septiembre-de-2020\\\/#primaryimage\"},\"thumbnailUrl\":\"https:\\\/\\\/mula.es\\\/web\\\/wp-content\\\/uploads\\\/2020\\\/06\\\/escudo-cuadrado-e1591045058235.jpg\",\"articleSection\":[\"coronavirus\",\"sanidad\"],\"inLanguage\":\"es\"},{\"@type\":\"WebPage\",\"@id\":\"https:\\\/\\\/mula.es\\\/web\\\/sanidad-el-centro-de-salud-de-mula-pasa-de-fase-roja-a-fase-naranja-con-fecha-5-de-septiembre-de-2020\\\/\",\"url\":\"https:\\\/\\\/mula.es\\\/web\\\/sanidad-el-centro-de-salud-de-mula-pasa-de-fase-roja-a-fase-naranja-con-fecha-5-de-septiembre-de-2020\\\/\",\"name\":\"SANIDAD | El Centro de Salud de Mula pasa de Fase Roja a Fase Naranja con fecha 5 de septiembre de 2020 - Ayuntamiento de Mula\",\"isPartOf\":{\"@id\":\"https:\\\/\\\/mula.es\\\/web\\\/#website\"},\"primaryImageOfPage\":{\"@id\":\"https:\\\/\\\/mula.es\\\/web\\\/sanidad-el-centro-de-salud-de-mula-pasa-de-fase-roja-a-fase-naranja-con-fecha-5-de-septiembre-de-2020\\\/#primaryimage\"},\"image\":{\"@id\":\"https:\\\/\\\/mula.es\\\/web\\\/sanidad-el-centro-de-salud-de-mula-pasa-de-fase-roja-a-fase-naranja-con-fecha-5-de-septiembre-de-2020\\\/#primaryimage\"},\"thumbnailUrl\":\"https:\\\/\\\/mula.es\\\/web\\\/wp-content\\\/uploads\\\/2020\\\/06\\\/escudo-cuadrado-e1591045058235.jpg\",\"datePublished\":\"2020-09-06T16:25:29+00:00\",\"dateModified\":\"2021-05-12T18:08:33+00:00\",\"author\":{\"@id\":\"https:\\\/\\\/mula.es\\\/web\\\/#\\\/schema\\\/person\\\/a0dbffe9f4a3ed4aaebedcfef02f71a1\"},\"breadcrumb\":{\"@id\":\"https:\\\/\\\/mula.es\\\/web\\\/sanidad-el-centro-de-salud-de-mula-pasa-de-fase-roja-a-fase-naranja-con-fecha-5-de-septiembre-de-2020\\\/#breadcrumb\"},\"inLanguage\":\"es\",\"potentialAction\":[{\"@type\":\"ReadAction\",\"target\":[\"https:\\\/\\\/mula.es\\\/web\\\/sanidad-el-centro-de-salud-de-mula-pasa-de-fase-roja-a-fase-naranja-con-fecha-5-de-septiembre-de-2020\\\/\"]}]},{\"@type\":\"ImageObject\",\"inLanguage\":\"es\",\"@id\":\"https:\\\/\\\/mula.es\\\/web\\\/sanidad-el-centro-de-salud-de-mula-pasa-de-fase-roja-a-fase-naranja-con-fecha-5-de-septiembre-de-2020\\\/#primaryimage\",\"url\":\"https:\\\/\\\/mula.es\\\/web\\\/wp-content\\\/uploads\\\/2020\\\/06\\\/escudo-cuadrado-e1591045058235.jpg\",\"contentUrl\":\"https:\\\/\\\/mula.es\\\/web\\\/wp-content\\\/uploads\\\/2020\\\/06\\\/escudo-cuadrado-e1591045058235.jpg\",\"width\":200,\"height\":218},{\"@type\":\"BreadcrumbList\",\"@id\":\"https:\\\/\\\/mula.es\\\/web\\\/sanidad-el-centro-de-salud-de-mula-pasa-de-fase-roja-a-fase-naranja-con-fecha-5-de-septiembre-de-2020\\\/#breadcrumb\",\"itemListElement\":[{\"@type\":\"ListItem\",\"position\":1,\"name\":\"Portada\",\"item\":\"https:\\\/\\\/mula.es\\\/web\\\/\"},{\"@type\":\"ListItem\",\"position\":2,\"name\":\"SANIDAD | El Centro de Salud de Mula pasa de Fase Roja a Fase Naranja con fecha 5 de septiembre de 2020\"}]},{\"@type\":\"WebSite\",\"@id\":\"https:\\\/\\\/mula.es\\\/web\\\/#website\",\"url\":\"https:\\\/\\\/mula.es\\\/web\\\/\",\"name\":\"Ayuntamiento de Mula\",\"description\":\"P\u00e1gina web del Ayuntamiento de Mula (Regi\u00f3n de Murcia)\",\"potentialAction\":[{\"@type\":\"SearchAction\",\"target\":{\"@type\":\"EntryPoint\",\"urlTemplate\":\"https:\\\/\\\/mula.es\\\/web\\\/?s={search_term_string}\"},\"query-input\":{\"@type\":\"PropertyValueSpecification\",\"valueRequired\":true,\"valueName\":\"search_term_string\"}}],\"inLanguage\":\"es\"},{\"@type\":\"Person\",\"@id\":\"https:\\\/\\\/mula.es\\\/web\\\/#\\\/schema\\\/person\\\/a0dbffe9f4a3ed4aaebedcfef02f71a1\",\"name\":\"admin\",\"image\":{\"@type\":\"ImageObject\",\"inLanguage\":\"es\",\"@id\":\"https:\\\/\\\/secure.gravatar.com\\\/avatar\\\/5423b9cd77f4c7f89a124365a268866f9dfee038c17fe9e37afd92b5920d810e?s=96&d=mm&r=g\",\"url\":\"https:\\\/\\\/secure.gravatar.com\\\/avatar\\\/5423b9cd77f4c7f89a124365a268866f9dfee038c17fe9e37afd92b5920d810e?s=96&d=mm&r=g\",\"contentUrl\":\"https:\\\/\\\/secure.gravatar.com\\\/avatar\\\/5423b9cd77f4c7f89a124365a268866f9dfee038c17fe9e37afd92b5920d810e?s=96&d=mm&r=g\",\"caption\":\"admin\"},\"description\":\"Lorem ipsum dolor sit amet, consectetur adipiscing elit. Nam viverra euismod odio, gravida pellentesque urna varius vitae. Sed dui lorem, adipiscing in adipiscing et, interdum nec metus. Mauris ultricies, justo eu convallis placerat, felis enim ornare nisi, vitae mattis nulla ante id dui. Ut lectus purus, commodo et tincidunt vel, interdum sed lectus. Vestibulum adipiscing tempor nisi id elementi.\",\"url\":\"https:\\\/\\\/mula.es\\\/web\\\/author\\\/jose-maria-boti\\\/\"}]}<\/script>\n<!-- \/ Yoast SEO plugin. -->","yoast_head_json":{"title":"SANIDAD | El Centro de Salud de Mula pasa de Fase Roja a Fase Naranja con fecha 5 de septiembre de 2020 - Ayuntamiento de Mula","robots":{"index":"index","follow":"follow","max-snippet":"max-snippet:-1","max-image-preview":"max-image-preview:large","max-video-preview":"max-video-preview:-1"},"canonical":"https:\/\/mula.es\/web\/sanidad-el-centro-de-salud-de-mula-pasa-de-fase-roja-a-fase-naranja-con-fecha-5-de-septiembre-de-2020\/","og_locale":"es_ES","og_type":"article","og_title":"SANIDAD | El Centro de Salud de Mula pasa de Fase Roja a Fase Naranja con fecha 5 de septiembre de 2020 - Ayuntamiento de Mula","og_description":"El Servicio Murciano de Salud (SMS) ha modificado de Fase Roja a Fase Naranja al Equipo de Atenci\u00f3n Primaria (EAP) de Mula al contabilizarse un descenso en el n\u00famero de positivos por Covid-19 pasando de \u2018tasa muy elevada de contagios\u2019 en fase roja a \u2018tasa elevada\u2019 en fase naranja. El Centro de Salud priorizar\u00e1 con [...]","og_url":"https:\/\/mula.es\/web\/sanidad-el-centro-de-salud-de-mula-pasa-de-fase-roja-a-fase-naranja-con-fecha-5-de-septiembre-de-2020\/","og_site_name":"Ayuntamiento de Mula","article_published_time":"2020-09-06T16:25:29+00:00","article_modified_time":"2021-05-12T18:08:33+00:00","og_image":[{"width":200,"height":218,"url":"https:\/\/i0.wp.com\/mula.es\/web\/wp-content\/uploads\/2020\/06\/escudo-cuadrado-e1591045058235.jpg?fit=200%2C218&ssl=1","type":"image\/jpeg"}],"author":"admin","twitter_card":"summary_large_image","twitter_image":"https:\/\/mula.es\/web\/wp-content\/uploads\/2020\/06\/escudo-cuadrado-e1591045058235.jpg","twitter_creator":"@AyuntamientMula","twitter_site":"@AyuntamientMula","twitter_misc":{"Escrito por":"admin","Tiempo de lectura":"1 minuto"},"schema":{"@context":"https:\/\/schema.org","@graph":[{"@type":"Article","@id":"https:\/\/mula.es\/web\/sanidad-el-centro-de-salud-de-mula-pasa-de-fase-roja-a-fase-naranja-con-fecha-5-de-septiembre-de-2020\/#article","isPartOf":{"@id":"https:\/\/mula.es\/web\/sanidad-el-centro-de-salud-de-mula-pasa-de-fase-roja-a-fase-naranja-con-fecha-5-de-septiembre-de-2020\/"},"author":{"name":"admin","@id":"https:\/\/mula.es\/web\/#\/schema\/person\/a0dbffe9f4a3ed4aaebedcfef02f71a1"},"headline":"SANIDAD | El Centro de Salud de Mula pasa de Fase Roja a Fase Naranja con fecha 5 de septiembre de 2020","datePublished":"2020-09-06T16:25:29+00:00","dateModified":"2021-05-12T18:08:33+00:00","mainEntityOfPage":{"@id":"https:\/\/mula.es\/web\/sanidad-el-centro-de-salud-de-mula-pasa-de-fase-roja-a-fase-naranja-con-fecha-5-de-septiembre-de-2020\/"},"wordCount":300,"image":{"@id":"https:\/\/mula.es\/web\/sanidad-el-centro-de-salud-de-mula-pasa-de-fase-roja-a-fase-naranja-con-fecha-5-de-septiembre-de-2020\/#primaryimage"},"thumbnailUrl":"https:\/\/mula.es\/web\/wp-content\/uploads\/2020\/06\/escudo-cuadrado-e1591045058235.jpg","articleSection":["coronavirus","sanidad"],"inLanguage":"es"},{"@type":"WebPage","@id":"https:\/\/mula.es\/web\/sanidad-el-centro-de-salud-de-mula-pasa-de-fase-roja-a-fase-naranja-con-fecha-5-de-septiembre-de-2020\/","url":"https:\/\/mula.es\/web\/sanidad-el-centro-de-salud-de-mula-pasa-de-fase-roja-a-fase-naranja-con-fecha-5-de-septiembre-de-2020\/","name":"SANIDAD | El Centro de Salud de Mula pasa de Fase Roja a Fase Naranja con fecha 5 de septiembre de 2020 - Ayuntamiento de Mula","isPartOf":{"@id":"https:\/\/mula.es\/web\/#website"},"primaryImageOfPage":{"@id":"https:\/\/mula.es\/web\/sanidad-el-centro-de-salud-de-mula-pasa-de-fase-roja-a-fase-naranja-con-fecha-5-de-septiembre-de-2020\/#primaryimage"},"image":{"@id":"https:\/\/mula.es\/web\/sanidad-el-centro-de-salud-de-mula-pasa-de-fase-roja-a-fase-naranja-con-fecha-5-de-septiembre-de-2020\/#primaryimage"},"thumbnailUrl":"https:\/\/mula.es\/web\/wp-content\/uploads\/2020\/06\/escudo-cuadrado-e1591045058235.jpg","datePublished":"2020-09-06T16:25:29+00:00","dateModified":"2021-05-12T18:08:33+00:00","author":{"@id":"https:\/\/mula.es\/web\/#\/schema\/person\/a0dbffe9f4a3ed4aaebedcfef02f71a1"},"breadcrumb":{"@id":"https:\/\/mula.es\/web\/sanidad-el-centro-de-salud-de-mula-pasa-de-fase-roja-a-fase-naranja-con-fecha-5-de-septiembre-de-2020\/#breadcrumb"},"inLanguage":"es","potentialAction":[{"@type":"ReadAction","target":["https:\/\/mula.es\/web\/sanidad-el-centro-de-salud-de-mula-pasa-de-fase-roja-a-fase-naranja-con-fecha-5-de-septiembre-de-2020\/"]}]},{"@type":"ImageObject","inLanguage":"es","@id":"https:\/\/mula.es\/web\/sanidad-el-centro-de-salud-de-mula-pasa-de-fase-roja-a-fase-naranja-con-fecha-5-de-septiembre-de-2020\/#primaryimage","url":"https:\/\/mula.es\/web\/wp-content\/uploads\/2020\/06\/escudo-cuadrado-e1591045058235.jpg","contentUrl":"https:\/\/mula.es\/web\/wp-content\/uploads\/2020\/06\/escudo-cuadrado-e1591045058235.jpg","width":200,"height":218},{"@type":"BreadcrumbList","@id":"https:\/\/mula.es\/web\/sanidad-el-centro-de-salud-de-mula-pasa-de-fase-roja-a-fase-naranja-con-fecha-5-de-septiembre-de-2020\/#breadcrumb","itemListElement":[{"@type":"ListItem","position":1,"name":"Portada","item":"https:\/\/mula.es\/web\/"},{"@type":"ListItem","position":2,"name":"SANIDAD | El Centro de Salud de Mula pasa de Fase Roja a Fase Naranja con fecha 5 de septiembre de 2020"}]},{"@type":"WebSite","@id":"https:\/\/mula.es\/web\/#website","url":"https:\/\/mula.es\/web\/","name":"Ayuntamiento de Mula","description":"P\u00e1gina web del Ayuntamiento de Mula (Regi\u00f3n de Murcia)","potentialAction":[{"@type":"SearchAction","target":{"@type":"EntryPoint","urlTemplate":"https:\/\/mula.es\/web\/?s={search_term_string}"},"query-input":{"@type":"PropertyValueSpecification","valueRequired":true,"valueName":"search_term_string"}}],"inLanguage":"es"},{"@type":"Person","@id":"https:\/\/mula.es\/web\/#\/schema\/person\/a0dbffe9f4a3ed4aaebedcfef02f71a1","name":"admin","image":{"@type":"ImageObject","inLanguage":"es","@id":"https:\/\/secure.gravatar.com\/avatar\/5423b9cd77f4c7f89a124365a268866f9dfee038c17fe9e37afd92b5920d810e?s=96&d=mm&r=g","url":"https:\/\/secure.gravatar.com\/avatar\/5423b9cd77f4c7f89a124365a268866f9dfee038c17fe9e37afd92b5920d810e?s=96&d=mm&r=g","contentUrl":"https:\/\/secure.gravatar.com\/avatar\/5423b9cd77f4c7f89a124365a268866f9dfee038c17fe9e37afd92b5920d810e?s=96&d=mm&r=g","caption":"admin"},"description":"Lorem ipsum dolor sit amet, consectetur adipiscing elit. Nam viverra euismod odio, gravida pellentesque urna varius vitae. Sed dui lorem, adipiscing in adipiscing et, interdum nec metus. Mauris ultricies, justo eu convallis placerat, felis enim ornare nisi, vitae mattis nulla ante id dui. Ut lectus purus, commodo et tincidunt vel, interdum sed lectus. Vestibulum adipiscing tempor nisi id elementi.","url":"https:\/\/mula.es\/web\/author\/jose-maria-boti\/"}]}},"jetpack_publicize_connections":[],"jetpack_featured_media_url":"https:\/\/mula.es\/web\/wp-content\/uploads\/2020\/06\/escudo-cuadrado-e1591045058235.jpg","jetpack_sharing_enabled":true,"jetpack_shortlink":"https:\/\/wp.me\/pa9DMY-8Yc","jetpack-related-posts":[],"_links":{"self":[{"href":"https:\/\/mula.es\/web\/wp-json\/wp\/v2\/posts\/34484","targetHints":{"allow":["GET"]}}],"collection":[{"href":"https:\/\/mula.es\/web\/wp-json\/wp\/v2\/posts"}],"about":[{"href":"https:\/\/mula.es\/web\/wp-json\/wp\/v2\/types\/post"}],"author":[{"embeddable":true,"href":"https:\/\/mula.es\/web\/wp-json\/wp\/v2\/users\/1"}],"replies":[{"embeddable":true,"href":"https:\/\/mula.es\/web\/wp-json\/wp\/v2\/comments?post=34484"}],"version-history":[{"count":1,"href":"https:\/\/mula.es\/web\/wp-json\/wp\/v2\/posts\/34484\/revisions"}],"predecessor-version":[{"id":34485,"href":"https:\/\/mula.es\/web\/wp-json\/wp\/v2\/posts\/34484\/revisions\/34485"}],"wp:featuredmedia":[{"embeddable":true,"href":"https:\/\/mula.es\/web\/wp-json\/wp\/v2\/media\/33512"}],"wp:attachment":[{"href":"https:\/\/mula.es\/web\/wp-json\/wp\/v2\/media?parent=34484"}],"wp:term":[{"taxonomy":"category","embeddable":true,"href":"https:\/\/mula.es\/web\/wp-json\/wp\/v2\/categories?post=34484"},{"taxonomy":"post_tag","embeddable":true,"href":"https:\/\/mula.es\/web\/wp-json\/wp\/v2\/tags?post=34484"}],"curies":[{"name":"wp","href":"https:\/\/api.w.org\/{rel}","templated":true}]}}