{"id":34549,"date":"2020-09-10T18:02:46","date_gmt":"2020-09-10T16:02:46","guid":{"rendered":"http:\/\/mula.es\/web\/?p=34549"},"modified":"2021-05-12T20:08:27","modified_gmt":"2021-05-12T18:08:27","slug":"sanidad-y-educacion-el-ayuntamiento-contrata-una-linea-telefonica-de-enlace-directo-entre-el-centro-de-salud-y-los-centros-educativos-del-municipio","status":"publish","type":"post","link":"https:\/\/mula.es\/web\/sanidad-y-educacion-el-ayuntamiento-contrata-una-linea-telefonica-de-enlace-directo-entre-el-centro-de-salud-y-los-centros-educativos-del-municipio\/","title":{"rendered":"SANIDAD Y EDUCACI\u00d3N | El Ayuntamiento contrata una l\u00ednea telef\u00f3nica de enlace directo entre el Centro de Salud y los centros educativos del municipio"},"content":{"rendered":"<p style=\"text-align: justify;\">El Ayuntamiento de Mula contrata una l\u00ednea telef\u00f3nica que servir\u00e1 de enlace directo entre el Centro de Salud y los centros educativos del municipio frente a un caso o sospecha de Covid-19.<\/p>\n<p style=\"text-align: justify;\">El pr\u00f3ximo lunes da comienzo el nuevo curso escolar en Mula y sus pedan\u00edas. Los colegios e institutos mule\u00f1os han tenido que establecer diversas medidas y protocolos para evitar el contagio de alumnos y profesores en las aulas, as\u00ed como otras medidas para detectar y aislar un posible caso que surja durante el horario lectivo.<\/p>\n<p style=\"text-align: justify;\">El centro educativo tiene establecida la comunicaci\u00f3n inmediata con el Centro de Salud frente a cualquier detecci\u00f3n de Covid donde las autoridades sanitarias interferir\u00e1n y establecer\u00e1n las medidas a seguir tras proceder al aislamiento del alumno.<\/p>\n<p style=\"text-align: justify;\">Para que la comunicaci\u00f3n entre los colegios y los sanitarios pueda ser inmediata y se act\u00fae con la mayor celeridad posible, el Ayuntamiento de Mula ha puesto a disposici\u00f3n del Centro de Salud de una l\u00ednea telef\u00f3nica exclusiva para el uso de guarder\u00edas p\u00fablicas y privadas, colegios p\u00fablicos y concertados tanto de Mula como de las pedan\u00edas, as\u00ed como los institutos mule\u00f1os.<\/p>\n<p style=\"text-align: justify;\">Con la puesta en marcha de esta l\u00ednea, que \u00fanicamente ser\u00e1 utilizada por los responsables del centro cuando surja un posible caso Covid, se pretende agilizar la respuesta por los especialistas m\u00e9dicos.<\/p>\n<p style=\"text-align: justify;\">El alcalde de Mula, Juan Jes\u00fas Moreno, acompa\u00f1ado por los concejales de Educaci\u00f3n, Diego Boluda, de Presidencia, Alejandra Mart\u00ednez, y de Servicios Municipales, Vicente L\u00f3pez, han visitado los centros educativos del municipio. En dicha visita, el alcalde se ha interesado por la situaci\u00f3n de cada centro y su organizaci\u00f3n de cara al curso lectivo que comienza este lunes.<\/p>\n<p style=\"text-align: justify;\">El alcalde ha notificado a los centros la habilitaci\u00f3n de esta l\u00ednea telef\u00f3nica que tendr\u00e1 v\u00eda directa en caso precisar urgencias derivadas de posibles casos de Covid-19. Asimismo resaltaba la importancia de que el Centro de Salud pueda actuar de inmediato frente a un posible caso en un centro educativo, \u201chablamos de actuar lo m\u00e1s r\u00e1pido posible ya que se trata de ni\u00f1os y es importante tomar las medidas de seguridad de forma inmediata con el menor y aislar el caso del resto del alumnado\u201d, explicaba. Del mismo modo, el Centro de Salud dar\u00e1 prioridad a las llamadas que puedan surgir desde esta l\u00ednea.<\/p>\n<p style=\"text-align: justify;\">Moreno agradec\u00eda la predisposici\u00f3n y cooperaci\u00f3n de los responsables del Centro de Salud con los que hay una estrecha colaboraci\u00f3n y coordinaci\u00f3n.<\/p>\n<p style=\"text-align: justify;\">Con esta nueva medida se muestra el compromiso del consistorio mule\u00f1o por contribuir al buen desarrollo del curso y afirman \u201cseguiremos estableciendo todas las aportaciones en las que podamos contribuir para garantizar el bienestar de alumnos y profesorado durante el transcurso del curso escolar\u201d.<\/p>\n","protected":false},"excerpt":{"rendered":"<p>El Ayuntamiento de Mula contrata una l\u00ednea telef\u00f3nica que servir\u00e1 de enlace directo entre el Centro de Salud y los centros educativos del municipio frente a un caso o sospecha de Covid-19. El pr\u00f3ximo lunes da comienzo el nuevo curso escolar en Mula y sus pedan\u00edas. Los colegios e institutos mule\u00f1os han tenido que establecer  [&#8230;]<\/p>\n","protected":false},"author":1,"featured_media":34470,"comment_status":"closed","ping_status":"closed","sticky":false,"template":"","format":"standard","meta":{"jetpack_post_was_ever_published":false,"_jetpack_newsletter_access":"","_jetpack_dont_email_post_to_subs":false,"_jetpack_newsletter_tier_id":0,"_jetpack_memberships_contains_paywalled_content":false,"_jetpack_memberships_contains_paid_content":false,"footnotes":"","jetpack_publicize_message":"","jetpack_publicize_feature_enabled":true,"jetpack_social_post_already_shared":false,"jetpack_social_options":{"image_generator_settings":{"template":"highway","default_image_id":0,"font":"","enabled":false},"version":2}},"categories":[664,89,90],"tags":[],"class_list":["post-34549","post","type-post","status-publish","format-standard","has-post-thumbnail","hentry","category-coronavirus","category-educacion","category-sanidad"],"yoast_head":"<!-- This site is optimized with the Yoast SEO plugin v27.5 - https:\/\/yoast.com\/product\/yoast-seo-wordpress\/ -->\n<title>SANIDAD Y EDUCACI\u00d3N | El Ayuntamiento contrata una l\u00ednea telef\u00f3nica de enlace directo entre el Centro de Salud y los centros educativos del municipio - Ayuntamiento de Mula<\/title>\n<meta name=\"robots\" content=\"index, follow, max-snippet:-1, max-image-preview:large, max-video-preview:-1\" \/>\n<link rel=\"canonical\" href=\"https:\/\/mula.es\/web\/sanidad-y-educacion-el-ayuntamiento-contrata-una-linea-telefonica-de-enlace-directo-entre-el-centro-de-salud-y-los-centros-educativos-del-municipio\/\" \/>\n<meta property=\"og:locale\" content=\"es_ES\" \/>\n<meta property=\"og:type\" content=\"article\" \/>\n<meta property=\"og:title\" content=\"SANIDAD Y EDUCACI\u00d3N | El Ayuntamiento contrata una l\u00ednea telef\u00f3nica de enlace directo entre el Centro de Salud y los centros educativos del municipio - Ayuntamiento de Mula\" \/>\n<meta property=\"og:description\" content=\"El Ayuntamiento de Mula contrata una l\u00ednea telef\u00f3nica que servir\u00e1 de enlace directo entre el Centro de Salud y los centros educativos del municipio frente a un caso o sospecha de Covid-19. El pr\u00f3ximo lunes da comienzo el nuevo curso escolar en Mula y sus pedan\u00edas. Los colegios e institutos mule\u00f1os han tenido que establecer [...]\" \/>\n<meta property=\"og:url\" content=\"https:\/\/mula.es\/web\/sanidad-y-educacion-el-ayuntamiento-contrata-una-linea-telefonica-de-enlace-directo-entre-el-centro-de-salud-y-los-centros-educativos-del-municipio\/\" \/>\n<meta property=\"og:site_name\" content=\"Ayuntamiento de Mula\" \/>\n<meta property=\"article:published_time\" content=\"2020-09-10T16:02:46+00:00\" \/>\n<meta property=\"article:modified_time\" content=\"2021-05-12T18:08:27+00:00\" \/>\n<meta property=\"og:image\" content=\"https:\/\/i0.wp.com\/mula.es\/web\/wp-content\/uploads\/2020\/09\/Ayuntamiento-de-Mula-1-1-scaled.jpg?fit=2560%2C1920&ssl=1\" \/>\n\t<meta property=\"og:image:width\" content=\"2560\" \/>\n\t<meta property=\"og:image:height\" content=\"1920\" \/>\n\t<meta property=\"og:image:type\" content=\"image\/jpeg\" \/>\n<meta name=\"author\" content=\"admin\" \/>\n<meta name=\"twitter:card\" content=\"summary_large_image\" \/>\n<meta name=\"twitter:image\" content=\"https:\/\/mula.es\/web\/wp-content\/uploads\/2020\/06\/escudo-cuadrado-e1591045058235.jpg\" \/>\n<meta name=\"twitter:creator\" content=\"@AyuntamientMula\" \/>\n<meta name=\"twitter:site\" content=\"@AyuntamientMula\" \/>\n<meta name=\"twitter:label1\" content=\"Escrito por\" \/>\n\t<meta name=\"twitter:data1\" content=\"admin\" \/>\n\t<meta name=\"twitter:label2\" content=\"Tiempo de lectura\" \/>\n\t<meta name=\"twitter:data2\" content=\"2 minutos\" \/>\n<script type=\"application\/ld+json\" class=\"yoast-schema-graph\">{\"@context\":\"https:\\\/\\\/schema.org\",\"@graph\":[{\"@type\":\"Article\",\"@id\":\"https:\\\/\\\/mula.es\\\/web\\\/sanidad-y-educacion-el-ayuntamiento-contrata-una-linea-telefonica-de-enlace-directo-entre-el-centro-de-salud-y-los-centros-educativos-del-municipio\\\/#article\",\"isPartOf\":{\"@id\":\"https:\\\/\\\/mula.es\\\/web\\\/sanidad-y-educacion-el-ayuntamiento-contrata-una-linea-telefonica-de-enlace-directo-entre-el-centro-de-salud-y-los-centros-educativos-del-municipio\\\/\"},\"author\":{\"name\":\"admin\",\"@id\":\"https:\\\/\\\/mula.es\\\/web\\\/#\\\/schema\\\/person\\\/a0dbffe9f4a3ed4aaebedcfef02f71a1\"},\"headline\":\"SANIDAD Y EDUCACI\u00d3N | El Ayuntamiento contrata una l\u00ednea telef\u00f3nica de enlace directo entre el Centro de Salud y los centros educativos del municipio\",\"datePublished\":\"2020-09-10T16:02:46+00:00\",\"dateModified\":\"2021-05-12T18:08:27+00:00\",\"mainEntityOfPage\":{\"@id\":\"https:\\\/\\\/mula.es\\\/web\\\/sanidad-y-educacion-el-ayuntamiento-contrata-una-linea-telefonica-de-enlace-directo-entre-el-centro-de-salud-y-los-centros-educativos-del-municipio\\\/\"},\"wordCount\":513,\"image\":{\"@id\":\"https:\\\/\\\/mula.es\\\/web\\\/sanidad-y-educacion-el-ayuntamiento-contrata-una-linea-telefonica-de-enlace-directo-entre-el-centro-de-salud-y-los-centros-educativos-del-municipio\\\/#primaryimage\"},\"thumbnailUrl\":\"https:\\\/\\\/mula.es\\\/web\\\/wp-content\\\/uploads\\\/2020\\\/09\\\/Ayuntamiento-de-Mula-1-1-scaled.jpg\",\"articleSection\":[\"coronavirus\",\"educaci\u00f3n\",\"sanidad\"],\"inLanguage\":\"es\"},{\"@type\":\"WebPage\",\"@id\":\"https:\\\/\\\/mula.es\\\/web\\\/sanidad-y-educacion-el-ayuntamiento-contrata-una-linea-telefonica-de-enlace-directo-entre-el-centro-de-salud-y-los-centros-educativos-del-municipio\\\/\",\"url\":\"https:\\\/\\\/mula.es\\\/web\\\/sanidad-y-educacion-el-ayuntamiento-contrata-una-linea-telefonica-de-enlace-directo-entre-el-centro-de-salud-y-los-centros-educativos-del-municipio\\\/\",\"name\":\"SANIDAD Y EDUCACI\u00d3N | El Ayuntamiento contrata una l\u00ednea telef\u00f3nica de enlace directo entre el Centro de Salud y los centros educativos del municipio - Ayuntamiento de Mula\",\"isPartOf\":{\"@id\":\"https:\\\/\\\/mula.es\\\/web\\\/#website\"},\"primaryImageOfPage\":{\"@id\":\"https:\\\/\\\/mula.es\\\/web\\\/sanidad-y-educacion-el-ayuntamiento-contrata-una-linea-telefonica-de-enlace-directo-entre-el-centro-de-salud-y-los-centros-educativos-del-municipio\\\/#primaryimage\"},\"image\":{\"@id\":\"https:\\\/\\\/mula.es\\\/web\\\/sanidad-y-educacion-el-ayuntamiento-contrata-una-linea-telefonica-de-enlace-directo-entre-el-centro-de-salud-y-los-centros-educativos-del-municipio\\\/#primaryimage\"},\"thumbnailUrl\":\"https:\\\/\\\/mula.es\\\/web\\\/wp-content\\\/uploads\\\/2020\\\/09\\\/Ayuntamiento-de-Mula-1-1-scaled.jpg\",\"datePublished\":\"2020-09-10T16:02:46+00:00\",\"dateModified\":\"2021-05-12T18:08:27+00:00\",\"author\":{\"@id\":\"https:\\\/\\\/mula.es\\\/web\\\/#\\\/schema\\\/person\\\/a0dbffe9f4a3ed4aaebedcfef02f71a1\"},\"breadcrumb\":{\"@id\":\"https:\\\/\\\/mula.es\\\/web\\\/sanidad-y-educacion-el-ayuntamiento-contrata-una-linea-telefonica-de-enlace-directo-entre-el-centro-de-salud-y-los-centros-educativos-del-municipio\\\/#breadcrumb\"},\"inLanguage\":\"es\",\"potentialAction\":[{\"@type\":\"ReadAction\",\"target\":[\"https:\\\/\\\/mula.es\\\/web\\\/sanidad-y-educacion-el-ayuntamiento-contrata-una-linea-telefonica-de-enlace-directo-entre-el-centro-de-salud-y-los-centros-educativos-del-municipio\\\/\"]}]},{\"@type\":\"ImageObject\",\"inLanguage\":\"es\",\"@id\":\"https:\\\/\\\/mula.es\\\/web\\\/sanidad-y-educacion-el-ayuntamiento-contrata-una-linea-telefonica-de-enlace-directo-entre-el-centro-de-salud-y-los-centros-educativos-del-municipio\\\/#primaryimage\",\"url\":\"https:\\\/\\\/mula.es\\\/web\\\/wp-content\\\/uploads\\\/2020\\\/09\\\/Ayuntamiento-de-Mula-1-1-scaled.jpg\",\"contentUrl\":\"https:\\\/\\\/mula.es\\\/web\\\/wp-content\\\/uploads\\\/2020\\\/09\\\/Ayuntamiento-de-Mula-1-1-scaled.jpg\",\"width\":2560,\"height\":1920},{\"@type\":\"BreadcrumbList\",\"@id\":\"https:\\\/\\\/mula.es\\\/web\\\/sanidad-y-educacion-el-ayuntamiento-contrata-una-linea-telefonica-de-enlace-directo-entre-el-centro-de-salud-y-los-centros-educativos-del-municipio\\\/#breadcrumb\",\"itemListElement\":[{\"@type\":\"ListItem\",\"position\":1,\"name\":\"Portada\",\"item\":\"https:\\\/\\\/mula.es\\\/web\\\/\"},{\"@type\":\"ListItem\",\"position\":2,\"name\":\"SANIDAD Y EDUCACI\u00d3N | El Ayuntamiento contrata una l\u00ednea telef\u00f3nica de enlace directo entre el Centro de Salud y los centros educativos del municipio\"}]},{\"@type\":\"WebSite\",\"@id\":\"https:\\\/\\\/mula.es\\\/web\\\/#website\",\"url\":\"https:\\\/\\\/mula.es\\\/web\\\/\",\"name\":\"Ayuntamiento de Mula\",\"description\":\"P\u00e1gina web del Ayuntamiento de Mula (Regi\u00f3n de Murcia)\",\"potentialAction\":[{\"@type\":\"SearchAction\",\"target\":{\"@type\":\"EntryPoint\",\"urlTemplate\":\"https:\\\/\\\/mula.es\\\/web\\\/?s={search_term_string}\"},\"query-input\":{\"@type\":\"PropertyValueSpecification\",\"valueRequired\":true,\"valueName\":\"search_term_string\"}}],\"inLanguage\":\"es\"},{\"@type\":\"Person\",\"@id\":\"https:\\\/\\\/mula.es\\\/web\\\/#\\\/schema\\\/person\\\/a0dbffe9f4a3ed4aaebedcfef02f71a1\",\"name\":\"admin\",\"image\":{\"@type\":\"ImageObject\",\"inLanguage\":\"es\",\"@id\":\"https:\\\/\\\/secure.gravatar.com\\\/avatar\\\/5423b9cd77f4c7f89a124365a268866f9dfee038c17fe9e37afd92b5920d810e?s=96&d=mm&r=g\",\"url\":\"https:\\\/\\\/secure.gravatar.com\\\/avatar\\\/5423b9cd77f4c7f89a124365a268866f9dfee038c17fe9e37afd92b5920d810e?s=96&d=mm&r=g\",\"contentUrl\":\"https:\\\/\\\/secure.gravatar.com\\\/avatar\\\/5423b9cd77f4c7f89a124365a268866f9dfee038c17fe9e37afd92b5920d810e?s=96&d=mm&r=g\",\"caption\":\"admin\"},\"description\":\"Lorem ipsum dolor sit amet, consectetur adipiscing elit. Nam viverra euismod odio, gravida pellentesque urna varius vitae. Sed dui lorem, adipiscing in adipiscing et, interdum nec metus. Mauris ultricies, justo eu convallis placerat, felis enim ornare nisi, vitae mattis nulla ante id dui. Ut lectus purus, commodo et tincidunt vel, interdum sed lectus. Vestibulum adipiscing tempor nisi id elementi.\",\"url\":\"https:\\\/\\\/mula.es\\\/web\\\/author\\\/jose-maria-boti\\\/\"}]}<\/script>\n<!-- \/ Yoast SEO plugin. -->","yoast_head_json":{"title":"SANIDAD Y EDUCACI\u00d3N | El Ayuntamiento contrata una l\u00ednea telef\u00f3nica de enlace directo entre el Centro de Salud y los centros educativos del municipio - Ayuntamiento de Mula","robots":{"index":"index","follow":"follow","max-snippet":"max-snippet:-1","max-image-preview":"max-image-preview:large","max-video-preview":"max-video-preview:-1"},"canonical":"https:\/\/mula.es\/web\/sanidad-y-educacion-el-ayuntamiento-contrata-una-linea-telefonica-de-enlace-directo-entre-el-centro-de-salud-y-los-centros-educativos-del-municipio\/","og_locale":"es_ES","og_type":"article","og_title":"SANIDAD Y EDUCACI\u00d3N | El Ayuntamiento contrata una l\u00ednea telef\u00f3nica de enlace directo entre el Centro de Salud y los centros educativos del municipio - Ayuntamiento de Mula","og_description":"El Ayuntamiento de Mula contrata una l\u00ednea telef\u00f3nica que servir\u00e1 de enlace directo entre el Centro de Salud y los centros educativos del municipio frente a un caso o sospecha de Covid-19. El pr\u00f3ximo lunes da comienzo el nuevo curso escolar en Mula y sus pedan\u00edas. Los colegios e institutos mule\u00f1os han tenido que establecer [...]","og_url":"https:\/\/mula.es\/web\/sanidad-y-educacion-el-ayuntamiento-contrata-una-linea-telefonica-de-enlace-directo-entre-el-centro-de-salud-y-los-centros-educativos-del-municipio\/","og_site_name":"Ayuntamiento de Mula","article_published_time":"2020-09-10T16:02:46+00:00","article_modified_time":"2021-05-12T18:08:27+00:00","og_image":[{"width":2560,"height":1920,"url":"https:\/\/i0.wp.com\/mula.es\/web\/wp-content\/uploads\/2020\/09\/Ayuntamiento-de-Mula-1-1-scaled.jpg?fit=2560%2C1920&ssl=1","type":"image\/jpeg"}],"author":"admin","twitter_card":"summary_large_image","twitter_image":"https:\/\/mula.es\/web\/wp-content\/uploads\/2020\/06\/escudo-cuadrado-e1591045058235.jpg","twitter_creator":"@AyuntamientMula","twitter_site":"@AyuntamientMula","twitter_misc":{"Escrito por":"admin","Tiempo de lectura":"2 minutos"},"schema":{"@context":"https:\/\/schema.org","@graph":[{"@type":"Article","@id":"https:\/\/mula.es\/web\/sanidad-y-educacion-el-ayuntamiento-contrata-una-linea-telefonica-de-enlace-directo-entre-el-centro-de-salud-y-los-centros-educativos-del-municipio\/#article","isPartOf":{"@id":"https:\/\/mula.es\/web\/sanidad-y-educacion-el-ayuntamiento-contrata-una-linea-telefonica-de-enlace-directo-entre-el-centro-de-salud-y-los-centros-educativos-del-municipio\/"},"author":{"name":"admin","@id":"https:\/\/mula.es\/web\/#\/schema\/person\/a0dbffe9f4a3ed4aaebedcfef02f71a1"},"headline":"SANIDAD Y EDUCACI\u00d3N | El Ayuntamiento contrata una l\u00ednea telef\u00f3nica de enlace directo entre el Centro de Salud y los centros educativos del municipio","datePublished":"2020-09-10T16:02:46+00:00","dateModified":"2021-05-12T18:08:27+00:00","mainEntityOfPage":{"@id":"https:\/\/mula.es\/web\/sanidad-y-educacion-el-ayuntamiento-contrata-una-linea-telefonica-de-enlace-directo-entre-el-centro-de-salud-y-los-centros-educativos-del-municipio\/"},"wordCount":513,"image":{"@id":"https:\/\/mula.es\/web\/sanidad-y-educacion-el-ayuntamiento-contrata-una-linea-telefonica-de-enlace-directo-entre-el-centro-de-salud-y-los-centros-educativos-del-municipio\/#primaryimage"},"thumbnailUrl":"https:\/\/mula.es\/web\/wp-content\/uploads\/2020\/09\/Ayuntamiento-de-Mula-1-1-scaled.jpg","articleSection":["coronavirus","educaci\u00f3n","sanidad"],"inLanguage":"es"},{"@type":"WebPage","@id":"https:\/\/mula.es\/web\/sanidad-y-educacion-el-ayuntamiento-contrata-una-linea-telefonica-de-enlace-directo-entre-el-centro-de-salud-y-los-centros-educativos-del-municipio\/","url":"https:\/\/mula.es\/web\/sanidad-y-educacion-el-ayuntamiento-contrata-una-linea-telefonica-de-enlace-directo-entre-el-centro-de-salud-y-los-centros-educativos-del-municipio\/","name":"SANIDAD Y EDUCACI\u00d3N | El Ayuntamiento contrata una l\u00ednea telef\u00f3nica de enlace directo entre el Centro de Salud y los centros educativos del municipio - Ayuntamiento de Mula","isPartOf":{"@id":"https:\/\/mula.es\/web\/#website"},"primaryImageOfPage":{"@id":"https:\/\/mula.es\/web\/sanidad-y-educacion-el-ayuntamiento-contrata-una-linea-telefonica-de-enlace-directo-entre-el-centro-de-salud-y-los-centros-educativos-del-municipio\/#primaryimage"},"image":{"@id":"https:\/\/mula.es\/web\/sanidad-y-educacion-el-ayuntamiento-contrata-una-linea-telefonica-de-enlace-directo-entre-el-centro-de-salud-y-los-centros-educativos-del-municipio\/#primaryimage"},"thumbnailUrl":"https:\/\/mula.es\/web\/wp-content\/uploads\/2020\/09\/Ayuntamiento-de-Mula-1-1-scaled.jpg","datePublished":"2020-09-10T16:02:46+00:00","dateModified":"2021-05-12T18:08:27+00:00","author":{"@id":"https:\/\/mula.es\/web\/#\/schema\/person\/a0dbffe9f4a3ed4aaebedcfef02f71a1"},"breadcrumb":{"@id":"https:\/\/mula.es\/web\/sanidad-y-educacion-el-ayuntamiento-contrata-una-linea-telefonica-de-enlace-directo-entre-el-centro-de-salud-y-los-centros-educativos-del-municipio\/#breadcrumb"},"inLanguage":"es","potentialAction":[{"@type":"ReadAction","target":["https:\/\/mula.es\/web\/sanidad-y-educacion-el-ayuntamiento-contrata-una-linea-telefonica-de-enlace-directo-entre-el-centro-de-salud-y-los-centros-educativos-del-municipio\/"]}]},{"@type":"ImageObject","inLanguage":"es","@id":"https:\/\/mula.es\/web\/sanidad-y-educacion-el-ayuntamiento-contrata-una-linea-telefonica-de-enlace-directo-entre-el-centro-de-salud-y-los-centros-educativos-del-municipio\/#primaryimage","url":"https:\/\/mula.es\/web\/wp-content\/uploads\/2020\/09\/Ayuntamiento-de-Mula-1-1-scaled.jpg","contentUrl":"https:\/\/mula.es\/web\/wp-content\/uploads\/2020\/09\/Ayuntamiento-de-Mula-1-1-scaled.jpg","width":2560,"height":1920},{"@type":"BreadcrumbList","@id":"https:\/\/mula.es\/web\/sanidad-y-educacion-el-ayuntamiento-contrata-una-linea-telefonica-de-enlace-directo-entre-el-centro-de-salud-y-los-centros-educativos-del-municipio\/#breadcrumb","itemListElement":[{"@type":"ListItem","position":1,"name":"Portada","item":"https:\/\/mula.es\/web\/"},{"@type":"ListItem","position":2,"name":"SANIDAD Y EDUCACI\u00d3N | El Ayuntamiento contrata una l\u00ednea telef\u00f3nica de enlace directo entre el Centro de Salud y los centros educativos del municipio"}]},{"@type":"WebSite","@id":"https:\/\/mula.es\/web\/#website","url":"https:\/\/mula.es\/web\/","name":"Ayuntamiento de Mula","description":"P\u00e1gina web del Ayuntamiento de Mula (Regi\u00f3n de Murcia)","potentialAction":[{"@type":"SearchAction","target":{"@type":"EntryPoint","urlTemplate":"https:\/\/mula.es\/web\/?s={search_term_string}"},"query-input":{"@type":"PropertyValueSpecification","valueRequired":true,"valueName":"search_term_string"}}],"inLanguage":"es"},{"@type":"Person","@id":"https:\/\/mula.es\/web\/#\/schema\/person\/a0dbffe9f4a3ed4aaebedcfef02f71a1","name":"admin","image":{"@type":"ImageObject","inLanguage":"es","@id":"https:\/\/secure.gravatar.com\/avatar\/5423b9cd77f4c7f89a124365a268866f9dfee038c17fe9e37afd92b5920d810e?s=96&d=mm&r=g","url":"https:\/\/secure.gravatar.com\/avatar\/5423b9cd77f4c7f89a124365a268866f9dfee038c17fe9e37afd92b5920d810e?s=96&d=mm&r=g","contentUrl":"https:\/\/secure.gravatar.com\/avatar\/5423b9cd77f4c7f89a124365a268866f9dfee038c17fe9e37afd92b5920d810e?s=96&d=mm&r=g","caption":"admin"},"description":"Lorem ipsum dolor sit amet, consectetur adipiscing elit. Nam viverra euismod odio, gravida pellentesque urna varius vitae. Sed dui lorem, adipiscing in adipiscing et, interdum nec metus. Mauris ultricies, justo eu convallis placerat, felis enim ornare nisi, vitae mattis nulla ante id dui. Ut lectus purus, commodo et tincidunt vel, interdum sed lectus. Vestibulum adipiscing tempor nisi id elementi.","url":"https:\/\/mula.es\/web\/author\/jose-maria-boti\/"}]}},"jetpack_publicize_connections":[],"jetpack_featured_media_url":"https:\/\/mula.es\/web\/wp-content\/uploads\/2020\/09\/Ayuntamiento-de-Mula-1-1-scaled.jpg","jetpack_sharing_enabled":true,"jetpack_shortlink":"https:\/\/wp.me\/pa9DMY-8Zf","jetpack-related-posts":[],"_links":{"self":[{"href":"https:\/\/mula.es\/web\/wp-json\/wp\/v2\/posts\/34549","targetHints":{"allow":["GET"]}}],"collection":[{"href":"https:\/\/mula.es\/web\/wp-json\/wp\/v2\/posts"}],"about":[{"href":"https:\/\/mula.es\/web\/wp-json\/wp\/v2\/types\/post"}],"author":[{"embeddable":true,"href":"https:\/\/mula.es\/web\/wp-json\/wp\/v2\/users\/1"}],"replies":[{"embeddable":true,"href":"https:\/\/mula.es\/web\/wp-json\/wp\/v2\/comments?post=34549"}],"version-history":[{"count":1,"href":"https:\/\/mula.es\/web\/wp-json\/wp\/v2\/posts\/34549\/revisions"}],"predecessor-version":[{"id":34550,"href":"https:\/\/mula.es\/web\/wp-json\/wp\/v2\/posts\/34549\/revisions\/34550"}],"wp:featuredmedia":[{"embeddable":true,"href":"https:\/\/mula.es\/web\/wp-json\/wp\/v2\/media\/34470"}],"wp:attachment":[{"href":"https:\/\/mula.es\/web\/wp-json\/wp\/v2\/media?parent=34549"}],"wp:term":[{"taxonomy":"category","embeddable":true,"href":"https:\/\/mula.es\/web\/wp-json\/wp\/v2\/categories?post=34549"},{"taxonomy":"post_tag","embeddable":true,"href":"https:\/\/mula.es\/web\/wp-json\/wp\/v2\/tags?post=34549"}],"curies":[{"name":"wp","href":"https:\/\/api.w.org\/{rel}","templated":true}]}}