{"id":34587,"date":"2020-09-11T21:25:45","date_gmt":"2020-09-11T19:25:45","guid":{"rendered":"http:\/\/mula.es\/web\/?p=34587"},"modified":"2021-05-12T20:08:25","modified_gmt":"2021-05-12T18:08:25","slug":"juventud-y-adolescencia-juventud-lanza-una-campana-de-concienciacion-juvenil-sobre-el-uso-de-las-medidas-de-proteccion-y-prevencion","status":"publish","type":"post","link":"https:\/\/mula.es\/web\/juventud-y-adolescencia-juventud-lanza-una-campana-de-concienciacion-juvenil-sobre-el-uso-de-las-medidas-de-proteccion-y-prevencion\/","title":{"rendered":"JUVENTUD Y ADOLESCENCIA | Juventud lanza una campa\u00f1a de concienciaci\u00f3n juvenil sobre el uso de las medidas de protecci\u00f3n y prevenci\u00f3n"},"content":{"rendered":"<p style=\"text-align: justify;\">La concejal\u00eda de Juventud del Ayuntamiento de Mula lanza una campa\u00f1a de concienciaci\u00f3n juvenil sobre el buen uso de las medidas de prevenci\u00f3n y seguridad frente al Covid-19.<\/p>\n<p style=\"text-align: justify;\">Bajo el lema \u2018#NOSALGASDESCALZO\u2019 pretende mostrar el buen hacer de la juventud mule\u00f1a frente al uso de mascarillas y distanciamiento social.<\/p>\n<p style=\"text-align: justify;\">Para apoyar a la campa\u00f1a, el Ayuntamiento de Mula aportar\u00e1 mascarillas gratuitas para todos los institutos del municipio, con el fin de incentivar el uso de la mascarilla como la \u00fanica forma de adaptaci\u00f3n a esta nueva normalidad.<\/p>\n<p style=\"text-align: justify;\">La concejal de Juventud, Laura Salas, resaltaba durante la presentaci\u00f3n de la misma que el objetivo principal de la campa\u00f1a es \u201cmostrar la mejor cara de una juventud mule\u00f1a que no es tonta, que sabe hacerlo bien y que lo demuestra a diario\u201d.<\/p>\n<p style=\"text-align: justify;\">As\u00ed agradec\u00eda \u201cel esfuerzo que los j\u00f3venes de Mula y pedan\u00edas han hecho y contin\u00faan manteniendo durante la crisis sanitaria, dando ejemplo y preocup\u00e1ndose por su salud y por la de los dem\u00e1s\u201d.<\/p>\n<p style=\"text-align: justify;\">A trav\u00e9s de campa\u00f1a como esta se pretende reforzar las actitudes positivas \u201cdemostrando que nuestra juventud es responsable, participativa y consciente\u201d, resaltaba Laura Salas.<\/p>\n<p style=\"text-align: justify;\">Junto a la concejal\u00eda, han colaborado en esta campa\u00f1a, el Consejo de la Juventud de Mula, El Plan del Mono en la realizaci\u00f3n de un v\u00eddeo y Mart\u00edn del Toro en la realizaci\u00f3n del cartel ilustrador de la campa\u00f1a.<\/p>\n<p><a href=\"https:\/\/mula.es\/web\/wp-content\/uploads\/2020\/09\/PresentacionNoSalgasDescalzo.jpg\"><img decoding=\"async\" data-attachment-id=\"34590\" data-permalink=\"https:\/\/mula.es\/web\/juventud-y-adolescencia-juventud-lanza-una-campana-de-concienciacion-juvenil-sobre-el-uso-de-las-medidas-de-proteccion-y-prevencion\/presentacionnosalgasdescalzo\/\" data-orig-file=\"https:\/\/mula.es\/web\/wp-content\/uploads\/2020\/09\/PresentacionNoSalgasDescalzo.jpg\" data-orig-size=\"1600,1200\" data-comments-opened=\"0\" data-image-meta=\"{&quot;aperture&quot;:&quot;0&quot;,&quot;credit&quot;:&quot;&quot;,&quot;camera&quot;:&quot;&quot;,&quot;caption&quot;:&quot;&quot;,&quot;created_timestamp&quot;:&quot;0&quot;,&quot;copyright&quot;:&quot;&quot;,&quot;focal_length&quot;:&quot;0&quot;,&quot;iso&quot;:&quot;0&quot;,&quot;shutter_speed&quot;:&quot;0&quot;,&quot;title&quot;:&quot;&quot;,&quot;orientation&quot;:&quot;0&quot;}\" data-image-title=\"PresentacionNoSalgasDescalzo\" data-image-description=\"\" data-image-caption=\"\" data-large-file=\"https:\/\/mula.es\/web\/wp-content\/uploads\/2020\/09\/PresentacionNoSalgasDescalzo-1024x768.jpg\" class=\"aligncenter size-large wp-image-34590\" src=\"https:\/\/mula.es\/web\/wp-content\/uploads\/2020\/09\/PresentacionNoSalgasDescalzo-1024x768.jpg\" alt=\"\" width=\"1024\" height=\"768\" srcset=\"https:\/\/mula.es\/web\/wp-content\/uploads\/2020\/09\/PresentacionNoSalgasDescalzo-200x150.jpg 200w, https:\/\/mula.es\/web\/wp-content\/uploads\/2020\/09\/PresentacionNoSalgasDescalzo-300x225.jpg 300w, https:\/\/mula.es\/web\/wp-content\/uploads\/2020\/09\/PresentacionNoSalgasDescalzo-400x300.jpg 400w, https:\/\/mula.es\/web\/wp-content\/uploads\/2020\/09\/PresentacionNoSalgasDescalzo-600x450.jpg 600w, https:\/\/mula.es\/web\/wp-content\/uploads\/2020\/09\/PresentacionNoSalgasDescalzo-768x576.jpg 768w, https:\/\/mula.es\/web\/wp-content\/uploads\/2020\/09\/PresentacionNoSalgasDescalzo-800x600.jpg 800w, https:\/\/mula.es\/web\/wp-content\/uploads\/2020\/09\/PresentacionNoSalgasDescalzo-1024x768.jpg 1024w, https:\/\/mula.es\/web\/wp-content\/uploads\/2020\/09\/PresentacionNoSalgasDescalzo-1200x900.jpg 1200w, https:\/\/mula.es\/web\/wp-content\/uploads\/2020\/09\/PresentacionNoSalgasDescalzo-1536x1152.jpg 1536w, https:\/\/mula.es\/web\/wp-content\/uploads\/2020\/09\/PresentacionNoSalgasDescalzo.jpg 1600w\" sizes=\"(max-width: 1024px) 100vw, 1024px\" \/><\/a><\/p>\n","protected":false},"excerpt":{"rendered":"<p>La concejal\u00eda de Juventud del Ayuntamiento de Mula lanza una campa\u00f1a de concienciaci\u00f3n juvenil sobre el buen uso de las medidas de prevenci\u00f3n y seguridad frente al Covid-19. Bajo el lema \u2018#NOSALGASDESCALZO\u2019 pretende mostrar el buen hacer de la juventud mule\u00f1a frente al uso de mascarillas y distanciamiento social. Para apoyar a la campa\u00f1a, el  [&#8230;]<\/p>\n","protected":false},"author":1,"featured_media":34588,"comment_status":"closed","ping_status":"closed","sticky":false,"template":"","format":"standard","meta":{"jetpack_post_was_ever_published":false,"_jetpack_newsletter_access":"","_jetpack_dont_email_post_to_subs":false,"_jetpack_newsletter_tier_id":0,"_jetpack_memberships_contains_paywalled_content":false,"_jetpack_memberships_contains_paid_content":false,"footnotes":"","jetpack_publicize_message":"","jetpack_publicize_feature_enabled":true,"jetpack_social_post_already_shared":false,"jetpack_social_options":{"image_generator_settings":{"template":"highway","default_image_id":0,"font":"","enabled":false},"version":2}},"categories":[664,87],"tags":[],"class_list":["post-34587","post","type-post","status-publish","format-standard","has-post-thumbnail","hentry","category-coronavirus","category-juventud-y-adolescencia"],"yoast_head":"<!-- This site is optimized with the Yoast SEO plugin v27.5 - https:\/\/yoast.com\/product\/yoast-seo-wordpress\/ -->\n<title>JUVENTUD Y ADOLESCENCIA | Juventud lanza una campa\u00f1a de concienciaci\u00f3n juvenil sobre el uso de las medidas de protecci\u00f3n y prevenci\u00f3n - Ayuntamiento de Mula<\/title>\n<meta name=\"robots\" content=\"index, follow, max-snippet:-1, max-image-preview:large, max-video-preview:-1\" \/>\n<link rel=\"canonical\" href=\"https:\/\/mula.es\/web\/juventud-y-adolescencia-juventud-lanza-una-campana-de-concienciacion-juvenil-sobre-el-uso-de-las-medidas-de-proteccion-y-prevencion\/\" \/>\n<meta property=\"og:locale\" content=\"es_ES\" \/>\n<meta property=\"og:type\" content=\"article\" \/>\n<meta property=\"og:title\" content=\"JUVENTUD Y ADOLESCENCIA | Juventud lanza una campa\u00f1a de concienciaci\u00f3n juvenil sobre el uso de las medidas de protecci\u00f3n y prevenci\u00f3n - Ayuntamiento de Mula\" \/>\n<meta property=\"og:description\" content=\"La concejal\u00eda de Juventud del Ayuntamiento de Mula lanza una campa\u00f1a de concienciaci\u00f3n juvenil sobre el buen uso de las medidas de prevenci\u00f3n y seguridad frente al Covid-19. Bajo el lema \u2018#NOSALGASDESCALZO\u2019 pretende mostrar el buen hacer de la juventud mule\u00f1a frente al uso de mascarillas y distanciamiento social. Para apoyar a la campa\u00f1a, el [...]\" \/>\n<meta property=\"og:url\" content=\"https:\/\/mula.es\/web\/juventud-y-adolescencia-juventud-lanza-una-campana-de-concienciacion-juvenil-sobre-el-uso-de-las-medidas-de-proteccion-y-prevencion\/\" \/>\n<meta property=\"og:site_name\" content=\"Ayuntamiento de Mula\" \/>\n<meta property=\"article:published_time\" content=\"2020-09-11T19:25:45+00:00\" \/>\n<meta property=\"article:modified_time\" content=\"2021-05-12T18:08:25+00:00\" \/>\n<meta property=\"og:image\" content=\"https:\/\/i0.wp.com\/mula.es\/web\/wp-content\/uploads\/2020\/09\/NoSalgasDescalzo.jpg?fit=1142%2C1600&ssl=1\" \/>\n\t<meta property=\"og:image:width\" content=\"1142\" \/>\n\t<meta property=\"og:image:height\" content=\"1600\" \/>\n\t<meta property=\"og:image:type\" content=\"image\/jpeg\" \/>\n<meta name=\"author\" content=\"admin\" \/>\n<meta name=\"twitter:card\" content=\"summary_large_image\" \/>\n<meta name=\"twitter:image\" content=\"https:\/\/mula.es\/web\/wp-content\/uploads\/2020\/06\/escudo-cuadrado-e1591045058235.jpg\" \/>\n<meta name=\"twitter:creator\" content=\"@AyuntamientMula\" \/>\n<meta name=\"twitter:site\" content=\"@AyuntamientMula\" \/>\n<meta name=\"twitter:label1\" content=\"Escrito por\" \/>\n\t<meta name=\"twitter:data1\" content=\"admin\" \/>\n\t<meta name=\"twitter:label2\" content=\"Tiempo de lectura\" \/>\n\t<meta name=\"twitter:data2\" content=\"1 minuto\" \/>\n<script type=\"application\/ld+json\" class=\"yoast-schema-graph\">{\"@context\":\"https:\\\/\\\/schema.org\",\"@graph\":[{\"@type\":\"Article\",\"@id\":\"https:\\\/\\\/mula.es\\\/web\\\/juventud-y-adolescencia-juventud-lanza-una-campana-de-concienciacion-juvenil-sobre-el-uso-de-las-medidas-de-proteccion-y-prevencion\\\/#article\",\"isPartOf\":{\"@id\":\"https:\\\/\\\/mula.es\\\/web\\\/juventud-y-adolescencia-juventud-lanza-una-campana-de-concienciacion-juvenil-sobre-el-uso-de-las-medidas-de-proteccion-y-prevencion\\\/\"},\"author\":{\"name\":\"admin\",\"@id\":\"https:\\\/\\\/mula.es\\\/web\\\/#\\\/schema\\\/person\\\/a0dbffe9f4a3ed4aaebedcfef02f71a1\"},\"headline\":\"JUVENTUD Y ADOLESCENCIA | Juventud lanza una campa\u00f1a de concienciaci\u00f3n juvenil sobre el uso de las medidas de protecci\u00f3n y prevenci\u00f3n\",\"datePublished\":\"2020-09-11T19:25:45+00:00\",\"dateModified\":\"2021-05-12T18:08:25+00:00\",\"mainEntityOfPage\":{\"@id\":\"https:\\\/\\\/mula.es\\\/web\\\/juventud-y-adolescencia-juventud-lanza-una-campana-de-concienciacion-juvenil-sobre-el-uso-de-las-medidas-de-proteccion-y-prevencion\\\/\"},\"wordCount\":275,\"image\":{\"@id\":\"https:\\\/\\\/mula.es\\\/web\\\/juventud-y-adolescencia-juventud-lanza-una-campana-de-concienciacion-juvenil-sobre-el-uso-de-las-medidas-de-proteccion-y-prevencion\\\/#primaryimage\"},\"thumbnailUrl\":\"https:\\\/\\\/mula.es\\\/web\\\/wp-content\\\/uploads\\\/2020\\\/09\\\/NoSalgasDescalzo.jpg\",\"articleSection\":[\"coronavirus\",\"juventud y adolescencia\"],\"inLanguage\":\"es\"},{\"@type\":\"WebPage\",\"@id\":\"https:\\\/\\\/mula.es\\\/web\\\/juventud-y-adolescencia-juventud-lanza-una-campana-de-concienciacion-juvenil-sobre-el-uso-de-las-medidas-de-proteccion-y-prevencion\\\/\",\"url\":\"https:\\\/\\\/mula.es\\\/web\\\/juventud-y-adolescencia-juventud-lanza-una-campana-de-concienciacion-juvenil-sobre-el-uso-de-las-medidas-de-proteccion-y-prevencion\\\/\",\"name\":\"JUVENTUD Y ADOLESCENCIA | Juventud lanza una campa\u00f1a de concienciaci\u00f3n juvenil sobre el uso de las medidas de protecci\u00f3n y prevenci\u00f3n - Ayuntamiento de Mula\",\"isPartOf\":{\"@id\":\"https:\\\/\\\/mula.es\\\/web\\\/#website\"},\"primaryImageOfPage\":{\"@id\":\"https:\\\/\\\/mula.es\\\/web\\\/juventud-y-adolescencia-juventud-lanza-una-campana-de-concienciacion-juvenil-sobre-el-uso-de-las-medidas-de-proteccion-y-prevencion\\\/#primaryimage\"},\"image\":{\"@id\":\"https:\\\/\\\/mula.es\\\/web\\\/juventud-y-adolescencia-juventud-lanza-una-campana-de-concienciacion-juvenil-sobre-el-uso-de-las-medidas-de-proteccion-y-prevencion\\\/#primaryimage\"},\"thumbnailUrl\":\"https:\\\/\\\/mula.es\\\/web\\\/wp-content\\\/uploads\\\/2020\\\/09\\\/NoSalgasDescalzo.jpg\",\"datePublished\":\"2020-09-11T19:25:45+00:00\",\"dateModified\":\"2021-05-12T18:08:25+00:00\",\"author\":{\"@id\":\"https:\\\/\\\/mula.es\\\/web\\\/#\\\/schema\\\/person\\\/a0dbffe9f4a3ed4aaebedcfef02f71a1\"},\"breadcrumb\":{\"@id\":\"https:\\\/\\\/mula.es\\\/web\\\/juventud-y-adolescencia-juventud-lanza-una-campana-de-concienciacion-juvenil-sobre-el-uso-de-las-medidas-de-proteccion-y-prevencion\\\/#breadcrumb\"},\"inLanguage\":\"es\",\"potentialAction\":[{\"@type\":\"ReadAction\",\"target\":[\"https:\\\/\\\/mula.es\\\/web\\\/juventud-y-adolescencia-juventud-lanza-una-campana-de-concienciacion-juvenil-sobre-el-uso-de-las-medidas-de-proteccion-y-prevencion\\\/\"]}]},{\"@type\":\"ImageObject\",\"inLanguage\":\"es\",\"@id\":\"https:\\\/\\\/mula.es\\\/web\\\/juventud-y-adolescencia-juventud-lanza-una-campana-de-concienciacion-juvenil-sobre-el-uso-de-las-medidas-de-proteccion-y-prevencion\\\/#primaryimage\",\"url\":\"https:\\\/\\\/mula.es\\\/web\\\/wp-content\\\/uploads\\\/2020\\\/09\\\/NoSalgasDescalzo.jpg\",\"contentUrl\":\"https:\\\/\\\/mula.es\\\/web\\\/wp-content\\\/uploads\\\/2020\\\/09\\\/NoSalgasDescalzo.jpg\",\"width\":1142,\"height\":1600},{\"@type\":\"BreadcrumbList\",\"@id\":\"https:\\\/\\\/mula.es\\\/web\\\/juventud-y-adolescencia-juventud-lanza-una-campana-de-concienciacion-juvenil-sobre-el-uso-de-las-medidas-de-proteccion-y-prevencion\\\/#breadcrumb\",\"itemListElement\":[{\"@type\":\"ListItem\",\"position\":1,\"name\":\"Portada\",\"item\":\"https:\\\/\\\/mula.es\\\/web\\\/\"},{\"@type\":\"ListItem\",\"position\":2,\"name\":\"JUVENTUD Y ADOLESCENCIA | Juventud lanza una campa\u00f1a de concienciaci\u00f3n juvenil sobre el uso de las medidas de protecci\u00f3n y prevenci\u00f3n\"}]},{\"@type\":\"WebSite\",\"@id\":\"https:\\\/\\\/mula.es\\\/web\\\/#website\",\"url\":\"https:\\\/\\\/mula.es\\\/web\\\/\",\"name\":\"Ayuntamiento de Mula\",\"description\":\"P\u00e1gina web del Ayuntamiento de Mula (Regi\u00f3n de Murcia)\",\"potentialAction\":[{\"@type\":\"SearchAction\",\"target\":{\"@type\":\"EntryPoint\",\"urlTemplate\":\"https:\\\/\\\/mula.es\\\/web\\\/?s={search_term_string}\"},\"query-input\":{\"@type\":\"PropertyValueSpecification\",\"valueRequired\":true,\"valueName\":\"search_term_string\"}}],\"inLanguage\":\"es\"},{\"@type\":\"Person\",\"@id\":\"https:\\\/\\\/mula.es\\\/web\\\/#\\\/schema\\\/person\\\/a0dbffe9f4a3ed4aaebedcfef02f71a1\",\"name\":\"admin\",\"image\":{\"@type\":\"ImageObject\",\"inLanguage\":\"es\",\"@id\":\"https:\\\/\\\/secure.gravatar.com\\\/avatar\\\/5423b9cd77f4c7f89a124365a268866f9dfee038c17fe9e37afd92b5920d810e?s=96&d=mm&r=g\",\"url\":\"https:\\\/\\\/secure.gravatar.com\\\/avatar\\\/5423b9cd77f4c7f89a124365a268866f9dfee038c17fe9e37afd92b5920d810e?s=96&d=mm&r=g\",\"contentUrl\":\"https:\\\/\\\/secure.gravatar.com\\\/avatar\\\/5423b9cd77f4c7f89a124365a268866f9dfee038c17fe9e37afd92b5920d810e?s=96&d=mm&r=g\",\"caption\":\"admin\"},\"description\":\"Lorem ipsum dolor sit amet, consectetur adipiscing elit. Nam viverra euismod odio, gravida pellentesque urna varius vitae. Sed dui lorem, adipiscing in adipiscing et, interdum nec metus. Mauris ultricies, justo eu convallis placerat, felis enim ornare nisi, vitae mattis nulla ante id dui. Ut lectus purus, commodo et tincidunt vel, interdum sed lectus. Vestibulum adipiscing tempor nisi id elementi.\",\"url\":\"https:\\\/\\\/mula.es\\\/web\\\/author\\\/jose-maria-boti\\\/\"}]}<\/script>\n<!-- \/ Yoast SEO plugin. -->","yoast_head_json":{"title":"JUVENTUD Y ADOLESCENCIA | Juventud lanza una campa\u00f1a de concienciaci\u00f3n juvenil sobre el uso de las medidas de protecci\u00f3n y prevenci\u00f3n - Ayuntamiento de Mula","robots":{"index":"index","follow":"follow","max-snippet":"max-snippet:-1","max-image-preview":"max-image-preview:large","max-video-preview":"max-video-preview:-1"},"canonical":"https:\/\/mula.es\/web\/juventud-y-adolescencia-juventud-lanza-una-campana-de-concienciacion-juvenil-sobre-el-uso-de-las-medidas-de-proteccion-y-prevencion\/","og_locale":"es_ES","og_type":"article","og_title":"JUVENTUD Y ADOLESCENCIA | Juventud lanza una campa\u00f1a de concienciaci\u00f3n juvenil sobre el uso de las medidas de protecci\u00f3n y prevenci\u00f3n - Ayuntamiento de Mula","og_description":"La concejal\u00eda de Juventud del Ayuntamiento de Mula lanza una campa\u00f1a de concienciaci\u00f3n juvenil sobre el buen uso de las medidas de prevenci\u00f3n y seguridad frente al Covid-19. Bajo el lema \u2018#NOSALGASDESCALZO\u2019 pretende mostrar el buen hacer de la juventud mule\u00f1a frente al uso de mascarillas y distanciamiento social. Para apoyar a la campa\u00f1a, el [...]","og_url":"https:\/\/mula.es\/web\/juventud-y-adolescencia-juventud-lanza-una-campana-de-concienciacion-juvenil-sobre-el-uso-de-las-medidas-de-proteccion-y-prevencion\/","og_site_name":"Ayuntamiento de Mula","article_published_time":"2020-09-11T19:25:45+00:00","article_modified_time":"2021-05-12T18:08:25+00:00","og_image":[{"width":1142,"height":1600,"url":"https:\/\/i0.wp.com\/mula.es\/web\/wp-content\/uploads\/2020\/09\/NoSalgasDescalzo.jpg?fit=1142%2C1600&ssl=1","type":"image\/jpeg"}],"author":"admin","twitter_card":"summary_large_image","twitter_image":"https:\/\/mula.es\/web\/wp-content\/uploads\/2020\/06\/escudo-cuadrado-e1591045058235.jpg","twitter_creator":"@AyuntamientMula","twitter_site":"@AyuntamientMula","twitter_misc":{"Escrito por":"admin","Tiempo de lectura":"1 minuto"},"schema":{"@context":"https:\/\/schema.org","@graph":[{"@type":"Article","@id":"https:\/\/mula.es\/web\/juventud-y-adolescencia-juventud-lanza-una-campana-de-concienciacion-juvenil-sobre-el-uso-de-las-medidas-de-proteccion-y-prevencion\/#article","isPartOf":{"@id":"https:\/\/mula.es\/web\/juventud-y-adolescencia-juventud-lanza-una-campana-de-concienciacion-juvenil-sobre-el-uso-de-las-medidas-de-proteccion-y-prevencion\/"},"author":{"name":"admin","@id":"https:\/\/mula.es\/web\/#\/schema\/person\/a0dbffe9f4a3ed4aaebedcfef02f71a1"},"headline":"JUVENTUD Y ADOLESCENCIA | Juventud lanza una campa\u00f1a de concienciaci\u00f3n juvenil sobre el uso de las medidas de protecci\u00f3n y prevenci\u00f3n","datePublished":"2020-09-11T19:25:45+00:00","dateModified":"2021-05-12T18:08:25+00:00","mainEntityOfPage":{"@id":"https:\/\/mula.es\/web\/juventud-y-adolescencia-juventud-lanza-una-campana-de-concienciacion-juvenil-sobre-el-uso-de-las-medidas-de-proteccion-y-prevencion\/"},"wordCount":275,"image":{"@id":"https:\/\/mula.es\/web\/juventud-y-adolescencia-juventud-lanza-una-campana-de-concienciacion-juvenil-sobre-el-uso-de-las-medidas-de-proteccion-y-prevencion\/#primaryimage"},"thumbnailUrl":"https:\/\/mula.es\/web\/wp-content\/uploads\/2020\/09\/NoSalgasDescalzo.jpg","articleSection":["coronavirus","juventud y adolescencia"],"inLanguage":"es"},{"@type":"WebPage","@id":"https:\/\/mula.es\/web\/juventud-y-adolescencia-juventud-lanza-una-campana-de-concienciacion-juvenil-sobre-el-uso-de-las-medidas-de-proteccion-y-prevencion\/","url":"https:\/\/mula.es\/web\/juventud-y-adolescencia-juventud-lanza-una-campana-de-concienciacion-juvenil-sobre-el-uso-de-las-medidas-de-proteccion-y-prevencion\/","name":"JUVENTUD Y ADOLESCENCIA | Juventud lanza una campa\u00f1a de concienciaci\u00f3n juvenil sobre el uso de las medidas de protecci\u00f3n y prevenci\u00f3n - Ayuntamiento de Mula","isPartOf":{"@id":"https:\/\/mula.es\/web\/#website"},"primaryImageOfPage":{"@id":"https:\/\/mula.es\/web\/juventud-y-adolescencia-juventud-lanza-una-campana-de-concienciacion-juvenil-sobre-el-uso-de-las-medidas-de-proteccion-y-prevencion\/#primaryimage"},"image":{"@id":"https:\/\/mula.es\/web\/juventud-y-adolescencia-juventud-lanza-una-campana-de-concienciacion-juvenil-sobre-el-uso-de-las-medidas-de-proteccion-y-prevencion\/#primaryimage"},"thumbnailUrl":"https:\/\/mula.es\/web\/wp-content\/uploads\/2020\/09\/NoSalgasDescalzo.jpg","datePublished":"2020-09-11T19:25:45+00:00","dateModified":"2021-05-12T18:08:25+00:00","author":{"@id":"https:\/\/mula.es\/web\/#\/schema\/person\/a0dbffe9f4a3ed4aaebedcfef02f71a1"},"breadcrumb":{"@id":"https:\/\/mula.es\/web\/juventud-y-adolescencia-juventud-lanza-una-campana-de-concienciacion-juvenil-sobre-el-uso-de-las-medidas-de-proteccion-y-prevencion\/#breadcrumb"},"inLanguage":"es","potentialAction":[{"@type":"ReadAction","target":["https:\/\/mula.es\/web\/juventud-y-adolescencia-juventud-lanza-una-campana-de-concienciacion-juvenil-sobre-el-uso-de-las-medidas-de-proteccion-y-prevencion\/"]}]},{"@type":"ImageObject","inLanguage":"es","@id":"https:\/\/mula.es\/web\/juventud-y-adolescencia-juventud-lanza-una-campana-de-concienciacion-juvenil-sobre-el-uso-de-las-medidas-de-proteccion-y-prevencion\/#primaryimage","url":"https:\/\/mula.es\/web\/wp-content\/uploads\/2020\/09\/NoSalgasDescalzo.jpg","contentUrl":"https:\/\/mula.es\/web\/wp-content\/uploads\/2020\/09\/NoSalgasDescalzo.jpg","width":1142,"height":1600},{"@type":"BreadcrumbList","@id":"https:\/\/mula.es\/web\/juventud-y-adolescencia-juventud-lanza-una-campana-de-concienciacion-juvenil-sobre-el-uso-de-las-medidas-de-proteccion-y-prevencion\/#breadcrumb","itemListElement":[{"@type":"ListItem","position":1,"name":"Portada","item":"https:\/\/mula.es\/web\/"},{"@type":"ListItem","position":2,"name":"JUVENTUD Y ADOLESCENCIA | Juventud lanza una campa\u00f1a de concienciaci\u00f3n juvenil sobre el uso de las medidas de protecci\u00f3n y prevenci\u00f3n"}]},{"@type":"WebSite","@id":"https:\/\/mula.es\/web\/#website","url":"https:\/\/mula.es\/web\/","name":"Ayuntamiento de Mula","description":"P\u00e1gina web del Ayuntamiento de Mula (Regi\u00f3n de Murcia)","potentialAction":[{"@type":"SearchAction","target":{"@type":"EntryPoint","urlTemplate":"https:\/\/mula.es\/web\/?s={search_term_string}"},"query-input":{"@type":"PropertyValueSpecification","valueRequired":true,"valueName":"search_term_string"}}],"inLanguage":"es"},{"@type":"Person","@id":"https:\/\/mula.es\/web\/#\/schema\/person\/a0dbffe9f4a3ed4aaebedcfef02f71a1","name":"admin","image":{"@type":"ImageObject","inLanguage":"es","@id":"https:\/\/secure.gravatar.com\/avatar\/5423b9cd77f4c7f89a124365a268866f9dfee038c17fe9e37afd92b5920d810e?s=96&d=mm&r=g","url":"https:\/\/secure.gravatar.com\/avatar\/5423b9cd77f4c7f89a124365a268866f9dfee038c17fe9e37afd92b5920d810e?s=96&d=mm&r=g","contentUrl":"https:\/\/secure.gravatar.com\/avatar\/5423b9cd77f4c7f89a124365a268866f9dfee038c17fe9e37afd92b5920d810e?s=96&d=mm&r=g","caption":"admin"},"description":"Lorem ipsum dolor sit amet, consectetur adipiscing elit. Nam viverra euismod odio, gravida pellentesque urna varius vitae. Sed dui lorem, adipiscing in adipiscing et, interdum nec metus. Mauris ultricies, justo eu convallis placerat, felis enim ornare nisi, vitae mattis nulla ante id dui. Ut lectus purus, commodo et tincidunt vel, interdum sed lectus. Vestibulum adipiscing tempor nisi id elementi.","url":"https:\/\/mula.es\/web\/author\/jose-maria-boti\/"}]}},"jetpack_publicize_connections":[],"jetpack_featured_media_url":"https:\/\/mula.es\/web\/wp-content\/uploads\/2020\/09\/NoSalgasDescalzo.jpg","jetpack_sharing_enabled":true,"jetpack_shortlink":"https:\/\/wp.me\/pa9DMY-8ZR","jetpack-related-posts":[],"_links":{"self":[{"href":"https:\/\/mula.es\/web\/wp-json\/wp\/v2\/posts\/34587","targetHints":{"allow":["GET"]}}],"collection":[{"href":"https:\/\/mula.es\/web\/wp-json\/wp\/v2\/posts"}],"about":[{"href":"https:\/\/mula.es\/web\/wp-json\/wp\/v2\/types\/post"}],"author":[{"embeddable":true,"href":"https:\/\/mula.es\/web\/wp-json\/wp\/v2\/users\/1"}],"replies":[{"embeddable":true,"href":"https:\/\/mula.es\/web\/wp-json\/wp\/v2\/comments?post=34587"}],"version-history":[{"count":2,"href":"https:\/\/mula.es\/web\/wp-json\/wp\/v2\/posts\/34587\/revisions"}],"predecessor-version":[{"id":34591,"href":"https:\/\/mula.es\/web\/wp-json\/wp\/v2\/posts\/34587\/revisions\/34591"}],"wp:featuredmedia":[{"embeddable":true,"href":"https:\/\/mula.es\/web\/wp-json\/wp\/v2\/media\/34588"}],"wp:attachment":[{"href":"https:\/\/mula.es\/web\/wp-json\/wp\/v2\/media?parent=34587"}],"wp:term":[{"taxonomy":"category","embeddable":true,"href":"https:\/\/mula.es\/web\/wp-json\/wp\/v2\/categories?post=34587"},{"taxonomy":"post_tag","embeddable":true,"href":"https:\/\/mula.es\/web\/wp-json\/wp\/v2\/tags?post=34587"}],"curies":[{"name":"wp","href":"https:\/\/api.w.org\/{rel}","templated":true}]}}