{"id":34621,"date":"2020-09-16T11:28:22","date_gmt":"2020-09-16T09:28:22","guid":{"rendered":"http:\/\/mula.es\/web\/?p=34621"},"modified":"2021-05-12T20:08:22","modified_gmt":"2021-05-12T18:08:22","slug":"cultura-la-escuela-de-musica-comenzara-el-1-de-octubre-con-142-alumnos-inscritos","status":"publish","type":"post","link":"https:\/\/mula.es\/web\/cultura-la-escuela-de-musica-comenzara-el-1-de-octubre-con-142-alumnos-inscritos\/","title":{"rendered":"CULTURA | La Escuela de M\u00fasica comenzar\u00e1 el 1 de octubre con 142 alumnos inscritos"},"content":{"rendered":"<div class=\"fusion-fullwidth fullwidth-box fusion-builder-row-1 fusion-flex-container hundred-percent-fullwidth non-hundred-percent-height-scrolling\" style=\"--awb-border-radius-top-left:0px;--awb-border-radius-top-right:0px;--awb-border-radius-bottom-right:0px;--awb-border-radius-bottom-left:0px;--awb-overflow:visible;--awb-flex-wrap:wrap;\" ><div class=\"fusion-builder-row fusion-row fusion-flex-align-items-flex-start fusion-flex-content-wrap\" style=\"width:calc( 100% + 0px ) !important;max-width:calc( 100% + 0px ) !important;margin-left: calc(-0px \/ 2 );margin-right: calc(-0px \/ 2 );\"><div class=\"fusion-layout-column fusion_builder_column fusion-builder-column-0 fusion_builder_column_1_1 1_1 fusion-flex-column\" style=\"--awb-bg-size:cover;--awb-width-large:100%;--awb-margin-top-large:0px;--awb-spacing-right-large:0px;--awb-margin-bottom-large:20px;--awb-spacing-left-large:0px;--awb-width-medium:100%;--awb-spacing-right-medium:0px;--awb-spacing-left-medium:0px;--awb-width-small:100%;--awb-spacing-right-small:0px;--awb-spacing-left-small:0px;\"><div class=\"fusion-column-wrapper fusion-flex-justify-content-flex-start fusion-content-layout-column\"><div class=\"fusion-text fusion-text-1\"><p style=\"text-align: justify;\">El concejal de Educaci\u00f3n y Cultura se re\u00fane con el presidente de la Agrupaci\u00f3n Musical Mule\u00f1a para conocer los planes de contingencia ante el inicio de las clases<\/p>\n<p style=\"text-align: justify;\">La Asociaci\u00f3n de Tamboristas cede una de sus salas para facilitar el desdoblamiento de aulas en la Escuela de M\u00fasica<\/p>\n<p style=\"text-align: justify;\">El concejal de Educaci\u00f3n y Cultura, Diego Boluda, ha mantenido una reuni\u00f3n con el presidente de la Agrupaci\u00f3n Musical Mule\u00f1a, Antonio Navarro, para conocer de primera mano los preparativos y el plan de contingencia ante el inicio de la actividad de la Escuela de M\u00fasica, que comenzar\u00e1 el pr\u00f3ximo 1 de octubre.<\/p>\n<p style=\"text-align: justify;\">La reuni\u00f3n ha tenido lugar en la sede de dicha asociaci\u00f3n, donde se le ha mostrado al concejal c\u00f3mo se ha reorganizado y adaptado el espacio f\u00edsico a las directrices actuales.<\/p>\n<p style=\"text-align: justify;\">Hasta el momento son 142 los alumnos matriculados para este nuevo curso y 15 los profesores contratados. Un plan educativo preparado ante la posibilidad de la ense\u00f1anza telem\u00e1tica si en alg\u00fan momento fuese necesaria. Se ha entregado al concejal el plan de contingencia que recoge, entre otras medidas: 3 limpiezas durante la jornada, desinfecci\u00f3n continua de las clases, desdobles de las clases grupales, se\u00f1alizaci\u00f3n en las aulas y pasillos, gel hidroalcoh\u00f3lico, etc.<\/p>\n<p style=\"text-align: justify;\">Una de las novedades para este curso es que debido a la falta de espacio por los desdobles de las clases grupales y los ensayos de la banda, la Asociaci\u00f3n de Tamboristas, sita en la planta superior, ha cedido para este curso lectivo parte de sus instalaciones a la Agrupaci\u00f3n Musical Mule\u00f1a para subsanar la falta de espacio de la escuela de m\u00fasica.<\/p>\n<p style=\"text-align: justify;\">El concejal ha agradecido la enorme labor que desde la direcci\u00f3n de la Escuela se est\u00e1 realizando para garantizar el desarrollo de un curso at\u00edpico, expres\u00e1ndole la absoluta colaboraci\u00f3n y disposici\u00f3n del Ayuntamiento en todo momento, que ha hecho entrega de gel hidroalcoh\u00f3lico a la escuela para colaborar con su plan de contingencia. Asimismo, el concejal ha destacado la solidaridad mostrada por la asociaci\u00f3n de Tamboristas, a la que ha alabado el gran gesto que han tenido para con la escuela de m\u00fasica. En momentos complicados, la ayuda y colaboraci\u00f3n entre personas y entidades es fundamental. Estos gestos demuestran la grandeza de la sociedad mule\u00f1a.<\/p>\n<\/div><\/div><\/div><div class=\"fusion-layout-column fusion_builder_column fusion-builder-column-1 fusion_builder_column_1_1 1_1 fusion-flex-column\" style=\"--awb-bg-size:cover;--awb-width-large:100%;--awb-margin-top-large:0px;--awb-spacing-right-large:0px;--awb-margin-bottom-large:20px;--awb-spacing-left-large:0px;--awb-width-medium:100%;--awb-spacing-right-medium:0px;--awb-spacing-left-medium:0px;--awb-width-small:100%;--awb-spacing-right-small:0px;--awb-spacing-left-small:0px;\"><div class=\"fusion-column-wrapper fusion-flex-justify-content-flex-start fusion-content-layout-column\"><div class=\"fusion-image-carousel fusion-image-carousel-auto fusion-image-carousel-1 lightbox-enabled fusion-carousel-border\"><div class=\"awb-carousel awb-swiper awb-swiper-carousel awb-carousel--carousel awb-swiper-dots-position-bottom\" data-layout=\"carousel\" data-autoplay=\"no\" data-autoplayspeed=\"2500\" data-autoplaypause=\"no\" data-loop=\"yes\" data-columns=\"2\" data-columnsmedium=\"1\" data-columnssmall=\"1\" data-itemmargin=\"13\" data-itemwidth=\"180\" data-touchscroll=\"no\" data-freemode=\"no\" data-imagesize=\"auto\" data-scrollitems=\"0\" data-centeredslides=\"no\" data-rotationangle=\"50\" data-depth=\"100\" data-speed=\"500\" data-shadow=\"no\" data-pagination=\"bullets\" style=\"--awb-columns:2;--awb-border-width:1px;--awb-border-color:#e9eaee;\"><div class=\"swiper-wrapper awb-image-carousel-wrapper fusion-flex-align-items-center\"><div class=\"swiper-slide\"><div class=\"fusion-carousel-item-wrapper\"><div class=\"fusion-image-wrapper hover-type-none\"><a data-rel=\"iLightbox[image_carousel_1]\" data-title=\"unnamed (4)\" aria-label=\"unnamed (4)\" href=\"https:\/\/mula.es\/web\/wp-content\/uploads\/2020\/09\/unnamed-4-1024x768.jpg\" target=\"_self\"><img decoding=\"async\" width=\"2048\" height=\"1536\" src=\"https:\/\/mula.es\/web\/wp-content\/uploads\/2020\/09\/unnamed-4.jpg\" class=\"attachment-full size-full\" alt=\"\" srcset=\"https:\/\/mula.es\/web\/wp-content\/uploads\/2020\/09\/unnamed-4-200x150.jpg 200w, https:\/\/mula.es\/web\/wp-content\/uploads\/2020\/09\/unnamed-4-400x300.jpg 400w, https:\/\/mula.es\/web\/wp-content\/uploads\/2020\/09\/unnamed-4-600x450.jpg 600w, https:\/\/mula.es\/web\/wp-content\/uploads\/2020\/09\/unnamed-4-800x600.jpg 800w, https:\/\/mula.es\/web\/wp-content\/uploads\/2020\/09\/unnamed-4-1200x900.jpg 1200w, https:\/\/mula.es\/web\/wp-content\/uploads\/2020\/09\/unnamed-4.jpg 2048w\" sizes=\"(min-width: 2200px) 100vw, (min-width: 712px) 544px, (min-width: 640px) 712px, \" data-attachment-id=\"34625\" data-permalink=\"https:\/\/mula.es\/web\/cultura-la-escuela-de-musica-comenzara-el-1-de-octubre-con-142-alumnos-inscritos\/unnamed-4-2\/\" data-orig-file=\"https:\/\/mula.es\/web\/wp-content\/uploads\/2020\/09\/unnamed-4.jpg\" data-orig-size=\"2048,1536\" data-comments-opened=\"0\" data-image-meta=\"{&quot;aperture&quot;:&quot;0&quot;,&quot;credit&quot;:&quot;&quot;,&quot;camera&quot;:&quot;&quot;,&quot;caption&quot;:&quot;&quot;,&quot;created_timestamp&quot;:&quot;0&quot;,&quot;copyright&quot;:&quot;&quot;,&quot;focal_length&quot;:&quot;0&quot;,&quot;iso&quot;:&quot;0&quot;,&quot;shutter_speed&quot;:&quot;0&quot;,&quot;title&quot;:&quot;&quot;,&quot;orientation&quot;:&quot;0&quot;}\" data-image-title=\"unnamed (4)\" data-image-description=\"\" data-image-caption=\"\" data-large-file=\"https:\/\/mula.es\/web\/wp-content\/uploads\/2020\/09\/unnamed-4-1024x768.jpg\" \/><\/a><\/div><\/div><\/div><div class=\"swiper-slide\"><div class=\"fusion-carousel-item-wrapper\"><div class=\"fusion-image-wrapper hover-type-none\"><a data-rel=\"iLightbox[image_carousel_1]\" data-title=\"unnamed (2)\" aria-label=\"unnamed (2)\" href=\"https:\/\/mula.es\/web\/wp-content\/uploads\/2020\/09\/unnamed-2-1024x688.jpg\" target=\"_self\"><img decoding=\"async\" width=\"2000\" height=\"1344\" src=\"https:\/\/mula.es\/web\/wp-content\/uploads\/2020\/09\/unnamed-2.jpg\" class=\"attachment-full size-full\" alt=\"\" srcset=\"https:\/\/mula.es\/web\/wp-content\/uploads\/2020\/09\/unnamed-2-200x134.jpg 200w, https:\/\/mula.es\/web\/wp-content\/uploads\/2020\/09\/unnamed-2-400x269.jpg 400w, https:\/\/mula.es\/web\/wp-content\/uploads\/2020\/09\/unnamed-2-600x403.jpg 600w, https:\/\/mula.es\/web\/wp-content\/uploads\/2020\/09\/unnamed-2-800x538.jpg 800w, https:\/\/mula.es\/web\/wp-content\/uploads\/2020\/09\/unnamed-2-1200x806.jpg 1200w, https:\/\/mula.es\/web\/wp-content\/uploads\/2020\/09\/unnamed-2.jpg 2000w\" sizes=\"(min-width: 2200px) 100vw, (min-width: 712px) 544px, (min-width: 640px) 712px, \" data-attachment-id=\"34626\" data-permalink=\"https:\/\/mula.es\/web\/cultura-la-escuela-de-musica-comenzara-el-1-de-octubre-con-142-alumnos-inscritos\/unnamed-2-4\/\" data-orig-file=\"https:\/\/mula.es\/web\/wp-content\/uploads\/2020\/09\/unnamed-2.jpg\" data-orig-size=\"2000,1344\" data-comments-opened=\"0\" data-image-meta=\"{&quot;aperture&quot;:&quot;0&quot;,&quot;credit&quot;:&quot;&quot;,&quot;camera&quot;:&quot;&quot;,&quot;caption&quot;:&quot;&quot;,&quot;created_timestamp&quot;:&quot;0&quot;,&quot;copyright&quot;:&quot;&quot;,&quot;focal_length&quot;:&quot;0&quot;,&quot;iso&quot;:&quot;0&quot;,&quot;shutter_speed&quot;:&quot;0&quot;,&quot;title&quot;:&quot;&quot;,&quot;orientation&quot;:&quot;0&quot;}\" data-image-title=\"unnamed (2)\" data-image-description=\"\" data-image-caption=\"\" data-large-file=\"https:\/\/mula.es\/web\/wp-content\/uploads\/2020\/09\/unnamed-2-1024x688.jpg\" \/><\/a><\/div><\/div><\/div><\/div><div class=\"awb-swiper-button awb-swiper-button-prev\"><i class=\"awb-icon-angle-left\" aria-hidden=\"true\"><\/i><\/div><div class=\"awb-swiper-button awb-swiper-button-next\"><i class=\"awb-icon-angle-right\" aria-hidden=\"true\"><\/i><\/div><\/div><\/div><\/div><\/div><\/div><\/div>\n","protected":false},"excerpt":{"rendered":"","protected":false},"author":9,"featured_media":34623,"comment_status":"closed","ping_status":"closed","sticky":false,"template":"","format":"standard","meta":{"jetpack_post_was_ever_published":false,"_jetpack_newsletter_access":"","_jetpack_dont_email_post_to_subs":false,"_jetpack_newsletter_tier_id":0,"_jetpack_memberships_contains_paywalled_content":false,"_jetpack_memberships_contains_paid_content":false,"footnotes":"","jetpack_publicize_message":"","jetpack_publicize_feature_enabled":true,"jetpack_social_post_already_shared":false,"jetpack_social_options":{"image_generator_settings":{"template":"highway","default_image_id":0,"font":"","enabled":false},"version":2}},"categories":[97],"tags":[],"class_list":["post-34621","post","type-post","status-publish","format-standard","has-post-thumbnail","hentry","category-cultura"],"yoast_head":"<!-- This site is optimized with the Yoast SEO plugin v27.5 - https:\/\/yoast.com\/product\/yoast-seo-wordpress\/ -->\n<title>CULTURA | La Escuela de M\u00fasica comenzar\u00e1 el 1 de octubre con 142 alumnos inscritos - Ayuntamiento de Mula<\/title>\n<meta name=\"robots\" content=\"index, follow, max-snippet:-1, max-image-preview:large, max-video-preview:-1\" \/>\n<link rel=\"canonical\" href=\"https:\/\/mula.es\/web\/cultura-la-escuela-de-musica-comenzara-el-1-de-octubre-con-142-alumnos-inscritos\/\" \/>\n<meta property=\"og:locale\" content=\"es_ES\" \/>\n<meta property=\"og:type\" content=\"article\" \/>\n<meta property=\"og:title\" content=\"CULTURA | La Escuela de M\u00fasica comenzar\u00e1 el 1 de octubre con 142 alumnos inscritos - Ayuntamiento de Mula\" \/>\n<meta property=\"og:url\" content=\"https:\/\/mula.es\/web\/cultura-la-escuela-de-musica-comenzara-el-1-de-octubre-con-142-alumnos-inscritos\/\" \/>\n<meta property=\"og:site_name\" content=\"Ayuntamiento de Mula\" \/>\n<meta property=\"article:published_time\" content=\"2020-09-16T09:28:22+00:00\" \/>\n<meta property=\"article:modified_time\" content=\"2021-05-12T18:08:22+00:00\" \/>\n<meta property=\"og:image\" content=\"https:\/\/i0.wp.com\/mula.es\/web\/wp-content\/uploads\/2020\/09\/unnamed-3.jpg?fit=2000%2C1338&ssl=1\" \/>\n\t<meta property=\"og:image:width\" content=\"2000\" \/>\n\t<meta property=\"og:image:height\" content=\"1338\" \/>\n\t<meta property=\"og:image:type\" content=\"image\/jpeg\" \/>\n<meta name=\"author\" content=\"Rosario Mart\u00ednez\" \/>\n<meta name=\"twitter:card\" content=\"summary_large_image\" \/>\n<meta name=\"twitter:image\" content=\"https:\/\/mula.es\/web\/wp-content\/uploads\/2020\/06\/escudo-cuadrado-e1591045058235.jpg\" \/>\n<meta name=\"twitter:creator\" content=\"@AyuntamientMula\" \/>\n<meta name=\"twitter:site\" content=\"@AyuntamientMula\" \/>\n<meta name=\"twitter:label1\" content=\"Escrito por\" \/>\n\t<meta name=\"twitter:data1\" content=\"Rosario Mart\u00ednez\" \/>\n\t<meta name=\"twitter:label2\" content=\"Tiempo de lectura\" \/>\n\t<meta name=\"twitter:data2\" content=\"3 minutos\" \/>\n<script type=\"application\/ld+json\" class=\"yoast-schema-graph\">{\"@context\":\"https:\\\/\\\/schema.org\",\"@graph\":[{\"@type\":\"Article\",\"@id\":\"https:\\\/\\\/mula.es\\\/web\\\/cultura-la-escuela-de-musica-comenzara-el-1-de-octubre-con-142-alumnos-inscritos\\\/#article\",\"isPartOf\":{\"@id\":\"https:\\\/\\\/mula.es\\\/web\\\/cultura-la-escuela-de-musica-comenzara-el-1-de-octubre-con-142-alumnos-inscritos\\\/\"},\"author\":{\"name\":\"Rosario Mart\u00ednez\",\"@id\":\"https:\\\/\\\/mula.es\\\/web\\\/#\\\/schema\\\/person\\\/f8d63bd3ab6e7b025268b909b7ab0771\"},\"headline\":\"CULTURA | La Escuela de M\u00fasica comenzar\u00e1 el 1 de octubre con 142 alumnos inscritos\",\"datePublished\":\"2020-09-16T09:28:22+00:00\",\"dateModified\":\"2021-05-12T18:08:22+00:00\",\"mainEntityOfPage\":{\"@id\":\"https:\\\/\\\/mula.es\\\/web\\\/cultura-la-escuela-de-musica-comenzara-el-1-de-octubre-con-142-alumnos-inscritos\\\/\"},\"wordCount\":617,\"image\":{\"@id\":\"https:\\\/\\\/mula.es\\\/web\\\/cultura-la-escuela-de-musica-comenzara-el-1-de-octubre-con-142-alumnos-inscritos\\\/#primaryimage\"},\"thumbnailUrl\":\"https:\\\/\\\/mula.es\\\/web\\\/wp-content\\\/uploads\\\/2020\\\/09\\\/unnamed-3.jpg\",\"articleSection\":[\"cultura\"],\"inLanguage\":\"es\"},{\"@type\":\"WebPage\",\"@id\":\"https:\\\/\\\/mula.es\\\/web\\\/cultura-la-escuela-de-musica-comenzara-el-1-de-octubre-con-142-alumnos-inscritos\\\/\",\"url\":\"https:\\\/\\\/mula.es\\\/web\\\/cultura-la-escuela-de-musica-comenzara-el-1-de-octubre-con-142-alumnos-inscritos\\\/\",\"name\":\"CULTURA | La Escuela de M\u00fasica comenzar\u00e1 el 1 de octubre con 142 alumnos inscritos - Ayuntamiento de Mula\",\"isPartOf\":{\"@id\":\"https:\\\/\\\/mula.es\\\/web\\\/#website\"},\"primaryImageOfPage\":{\"@id\":\"https:\\\/\\\/mula.es\\\/web\\\/cultura-la-escuela-de-musica-comenzara-el-1-de-octubre-con-142-alumnos-inscritos\\\/#primaryimage\"},\"image\":{\"@id\":\"https:\\\/\\\/mula.es\\\/web\\\/cultura-la-escuela-de-musica-comenzara-el-1-de-octubre-con-142-alumnos-inscritos\\\/#primaryimage\"},\"thumbnailUrl\":\"https:\\\/\\\/mula.es\\\/web\\\/wp-content\\\/uploads\\\/2020\\\/09\\\/unnamed-3.jpg\",\"datePublished\":\"2020-09-16T09:28:22+00:00\",\"dateModified\":\"2021-05-12T18:08:22+00:00\",\"author\":{\"@id\":\"https:\\\/\\\/mula.es\\\/web\\\/#\\\/schema\\\/person\\\/f8d63bd3ab6e7b025268b909b7ab0771\"},\"breadcrumb\":{\"@id\":\"https:\\\/\\\/mula.es\\\/web\\\/cultura-la-escuela-de-musica-comenzara-el-1-de-octubre-con-142-alumnos-inscritos\\\/#breadcrumb\"},\"inLanguage\":\"es\",\"potentialAction\":[{\"@type\":\"ReadAction\",\"target\":[\"https:\\\/\\\/mula.es\\\/web\\\/cultura-la-escuela-de-musica-comenzara-el-1-de-octubre-con-142-alumnos-inscritos\\\/\"]}]},{\"@type\":\"ImageObject\",\"inLanguage\":\"es\",\"@id\":\"https:\\\/\\\/mula.es\\\/web\\\/cultura-la-escuela-de-musica-comenzara-el-1-de-octubre-con-142-alumnos-inscritos\\\/#primaryimage\",\"url\":\"https:\\\/\\\/mula.es\\\/web\\\/wp-content\\\/uploads\\\/2020\\\/09\\\/unnamed-3.jpg\",\"contentUrl\":\"https:\\\/\\\/mula.es\\\/web\\\/wp-content\\\/uploads\\\/2020\\\/09\\\/unnamed-3.jpg\",\"width\":2000,\"height\":1338},{\"@type\":\"BreadcrumbList\",\"@id\":\"https:\\\/\\\/mula.es\\\/web\\\/cultura-la-escuela-de-musica-comenzara-el-1-de-octubre-con-142-alumnos-inscritos\\\/#breadcrumb\",\"itemListElement\":[{\"@type\":\"ListItem\",\"position\":1,\"name\":\"Portada\",\"item\":\"https:\\\/\\\/mula.es\\\/web\\\/\"},{\"@type\":\"ListItem\",\"position\":2,\"name\":\"CULTURA | La Escuela de M\u00fasica comenzar\u00e1 el 1 de octubre con 142 alumnos inscritos\"}]},{\"@type\":\"WebSite\",\"@id\":\"https:\\\/\\\/mula.es\\\/web\\\/#website\",\"url\":\"https:\\\/\\\/mula.es\\\/web\\\/\",\"name\":\"Ayuntamiento de Mula\",\"description\":\"P\u00e1gina web del Ayuntamiento de Mula (Regi\u00f3n de Murcia)\",\"potentialAction\":[{\"@type\":\"SearchAction\",\"target\":{\"@type\":\"EntryPoint\",\"urlTemplate\":\"https:\\\/\\\/mula.es\\\/web\\\/?s={search_term_string}\"},\"query-input\":{\"@type\":\"PropertyValueSpecification\",\"valueRequired\":true,\"valueName\":\"search_term_string\"}}],\"inLanguage\":\"es\"},{\"@type\":\"Person\",\"@id\":\"https:\\\/\\\/mula.es\\\/web\\\/#\\\/schema\\\/person\\\/f8d63bd3ab6e7b025268b909b7ab0771\",\"name\":\"Rosario Mart\u00ednez\",\"image\":{\"@type\":\"ImageObject\",\"inLanguage\":\"es\",\"@id\":\"https:\\\/\\\/secure.gravatar.com\\\/avatar\\\/ce916b980ac93e5b1d36e6068357675d4e089a572ebc8789fcb807c2fb2edfef?s=96&d=mm&r=g\",\"url\":\"https:\\\/\\\/secure.gravatar.com\\\/avatar\\\/ce916b980ac93e5b1d36e6068357675d4e089a572ebc8789fcb807c2fb2edfef?s=96&d=mm&r=g\",\"contentUrl\":\"https:\\\/\\\/secure.gravatar.com\\\/avatar\\\/ce916b980ac93e5b1d36e6068357675d4e089a572ebc8789fcb807c2fb2edfef?s=96&d=mm&r=g\",\"caption\":\"Rosario Mart\u00ednez\"},\"url\":\"https:\\\/\\\/mula.es\\\/web\\\/author\\\/rmartinez\\\/\"}]}<\/script>\n<!-- \/ Yoast SEO plugin. -->","yoast_head_json":{"title":"CULTURA | La Escuela de M\u00fasica comenzar\u00e1 el 1 de octubre con 142 alumnos inscritos - Ayuntamiento de Mula","robots":{"index":"index","follow":"follow","max-snippet":"max-snippet:-1","max-image-preview":"max-image-preview:large","max-video-preview":"max-video-preview:-1"},"canonical":"https:\/\/mula.es\/web\/cultura-la-escuela-de-musica-comenzara-el-1-de-octubre-con-142-alumnos-inscritos\/","og_locale":"es_ES","og_type":"article","og_title":"CULTURA | La Escuela de M\u00fasica comenzar\u00e1 el 1 de octubre con 142 alumnos inscritos - Ayuntamiento de Mula","og_url":"https:\/\/mula.es\/web\/cultura-la-escuela-de-musica-comenzara-el-1-de-octubre-con-142-alumnos-inscritos\/","og_site_name":"Ayuntamiento de Mula","article_published_time":"2020-09-16T09:28:22+00:00","article_modified_time":"2021-05-12T18:08:22+00:00","og_image":[{"width":2000,"height":1338,"url":"https:\/\/i0.wp.com\/mula.es\/web\/wp-content\/uploads\/2020\/09\/unnamed-3.jpg?fit=2000%2C1338&ssl=1","type":"image\/jpeg"}],"author":"Rosario Mart\u00ednez","twitter_card":"summary_large_image","twitter_image":"https:\/\/mula.es\/web\/wp-content\/uploads\/2020\/06\/escudo-cuadrado-e1591045058235.jpg","twitter_creator":"@AyuntamientMula","twitter_site":"@AyuntamientMula","twitter_misc":{"Escrito por":"Rosario Mart\u00ednez","Tiempo de lectura":"3 minutos"},"schema":{"@context":"https:\/\/schema.org","@graph":[{"@type":"Article","@id":"https:\/\/mula.es\/web\/cultura-la-escuela-de-musica-comenzara-el-1-de-octubre-con-142-alumnos-inscritos\/#article","isPartOf":{"@id":"https:\/\/mula.es\/web\/cultura-la-escuela-de-musica-comenzara-el-1-de-octubre-con-142-alumnos-inscritos\/"},"author":{"name":"Rosario Mart\u00ednez","@id":"https:\/\/mula.es\/web\/#\/schema\/person\/f8d63bd3ab6e7b025268b909b7ab0771"},"headline":"CULTURA | La Escuela de M\u00fasica comenzar\u00e1 el 1 de octubre con 142 alumnos inscritos","datePublished":"2020-09-16T09:28:22+00:00","dateModified":"2021-05-12T18:08:22+00:00","mainEntityOfPage":{"@id":"https:\/\/mula.es\/web\/cultura-la-escuela-de-musica-comenzara-el-1-de-octubre-con-142-alumnos-inscritos\/"},"wordCount":617,"image":{"@id":"https:\/\/mula.es\/web\/cultura-la-escuela-de-musica-comenzara-el-1-de-octubre-con-142-alumnos-inscritos\/#primaryimage"},"thumbnailUrl":"https:\/\/mula.es\/web\/wp-content\/uploads\/2020\/09\/unnamed-3.jpg","articleSection":["cultura"],"inLanguage":"es"},{"@type":"WebPage","@id":"https:\/\/mula.es\/web\/cultura-la-escuela-de-musica-comenzara-el-1-de-octubre-con-142-alumnos-inscritos\/","url":"https:\/\/mula.es\/web\/cultura-la-escuela-de-musica-comenzara-el-1-de-octubre-con-142-alumnos-inscritos\/","name":"CULTURA | La Escuela de M\u00fasica comenzar\u00e1 el 1 de octubre con 142 alumnos inscritos - Ayuntamiento de Mula","isPartOf":{"@id":"https:\/\/mula.es\/web\/#website"},"primaryImageOfPage":{"@id":"https:\/\/mula.es\/web\/cultura-la-escuela-de-musica-comenzara-el-1-de-octubre-con-142-alumnos-inscritos\/#primaryimage"},"image":{"@id":"https:\/\/mula.es\/web\/cultura-la-escuela-de-musica-comenzara-el-1-de-octubre-con-142-alumnos-inscritos\/#primaryimage"},"thumbnailUrl":"https:\/\/mula.es\/web\/wp-content\/uploads\/2020\/09\/unnamed-3.jpg","datePublished":"2020-09-16T09:28:22+00:00","dateModified":"2021-05-12T18:08:22+00:00","author":{"@id":"https:\/\/mula.es\/web\/#\/schema\/person\/f8d63bd3ab6e7b025268b909b7ab0771"},"breadcrumb":{"@id":"https:\/\/mula.es\/web\/cultura-la-escuela-de-musica-comenzara-el-1-de-octubre-con-142-alumnos-inscritos\/#breadcrumb"},"inLanguage":"es","potentialAction":[{"@type":"ReadAction","target":["https:\/\/mula.es\/web\/cultura-la-escuela-de-musica-comenzara-el-1-de-octubre-con-142-alumnos-inscritos\/"]}]},{"@type":"ImageObject","inLanguage":"es","@id":"https:\/\/mula.es\/web\/cultura-la-escuela-de-musica-comenzara-el-1-de-octubre-con-142-alumnos-inscritos\/#primaryimage","url":"https:\/\/mula.es\/web\/wp-content\/uploads\/2020\/09\/unnamed-3.jpg","contentUrl":"https:\/\/mula.es\/web\/wp-content\/uploads\/2020\/09\/unnamed-3.jpg","width":2000,"height":1338},{"@type":"BreadcrumbList","@id":"https:\/\/mula.es\/web\/cultura-la-escuela-de-musica-comenzara-el-1-de-octubre-con-142-alumnos-inscritos\/#breadcrumb","itemListElement":[{"@type":"ListItem","position":1,"name":"Portada","item":"https:\/\/mula.es\/web\/"},{"@type":"ListItem","position":2,"name":"CULTURA | La Escuela de M\u00fasica comenzar\u00e1 el 1 de octubre con 142 alumnos inscritos"}]},{"@type":"WebSite","@id":"https:\/\/mula.es\/web\/#website","url":"https:\/\/mula.es\/web\/","name":"Ayuntamiento de Mula","description":"P\u00e1gina web del Ayuntamiento de Mula (Regi\u00f3n de Murcia)","potentialAction":[{"@type":"SearchAction","target":{"@type":"EntryPoint","urlTemplate":"https:\/\/mula.es\/web\/?s={search_term_string}"},"query-input":{"@type":"PropertyValueSpecification","valueRequired":true,"valueName":"search_term_string"}}],"inLanguage":"es"},{"@type":"Person","@id":"https:\/\/mula.es\/web\/#\/schema\/person\/f8d63bd3ab6e7b025268b909b7ab0771","name":"Rosario Mart\u00ednez","image":{"@type":"ImageObject","inLanguage":"es","@id":"https:\/\/secure.gravatar.com\/avatar\/ce916b980ac93e5b1d36e6068357675d4e089a572ebc8789fcb807c2fb2edfef?s=96&d=mm&r=g","url":"https:\/\/secure.gravatar.com\/avatar\/ce916b980ac93e5b1d36e6068357675d4e089a572ebc8789fcb807c2fb2edfef?s=96&d=mm&r=g","contentUrl":"https:\/\/secure.gravatar.com\/avatar\/ce916b980ac93e5b1d36e6068357675d4e089a572ebc8789fcb807c2fb2edfef?s=96&d=mm&r=g","caption":"Rosario Mart\u00ednez"},"url":"https:\/\/mula.es\/web\/author\/rmartinez\/"}]}},"jetpack_publicize_connections":[],"jetpack_featured_media_url":"https:\/\/mula.es\/web\/wp-content\/uploads\/2020\/09\/unnamed-3.jpg","jetpack_sharing_enabled":true,"jetpack_shortlink":"https:\/\/wp.me\/pa9DMY-90p","jetpack-related-posts":[],"_links":{"self":[{"href":"https:\/\/mula.es\/web\/wp-json\/wp\/v2\/posts\/34621","targetHints":{"allow":["GET"]}}],"collection":[{"href":"https:\/\/mula.es\/web\/wp-json\/wp\/v2\/posts"}],"about":[{"href":"https:\/\/mula.es\/web\/wp-json\/wp\/v2\/types\/post"}],"author":[{"embeddable":true,"href":"https:\/\/mula.es\/web\/wp-json\/wp\/v2\/users\/9"}],"replies":[{"embeddable":true,"href":"https:\/\/mula.es\/web\/wp-json\/wp\/v2\/comments?post=34621"}],"version-history":[{"count":3,"href":"https:\/\/mula.es\/web\/wp-json\/wp\/v2\/posts\/34621\/revisions"}],"predecessor-version":[{"id":38758,"href":"https:\/\/mula.es\/web\/wp-json\/wp\/v2\/posts\/34621\/revisions\/38758"}],"wp:featuredmedia":[{"embeddable":true,"href":"https:\/\/mula.es\/web\/wp-json\/wp\/v2\/media\/34623"}],"wp:attachment":[{"href":"https:\/\/mula.es\/web\/wp-json\/wp\/v2\/media?parent=34621"}],"wp:term":[{"taxonomy":"category","embeddable":true,"href":"https:\/\/mula.es\/web\/wp-json\/wp\/v2\/categories?post=34621"},{"taxonomy":"post_tag","embeddable":true,"href":"https:\/\/mula.es\/web\/wp-json\/wp\/v2\/tags?post=34621"}],"curies":[{"name":"wp","href":"https:\/\/api.w.org\/{rel}","templated":true}]}}