{"id":34657,"date":"2020-09-19T14:37:19","date_gmt":"2020-09-19T12:37:19","guid":{"rendered":"http:\/\/mula.es\/web\/?p=34657"},"modified":"2021-05-12T20:08:18","modified_gmt":"2021-05-12T18:08:18","slug":"carta-del-alcalde-a-los-ciudadanos-de-mula-septiembre-2020","status":"publish","type":"post","link":"https:\/\/mula.es\/web\/carta-del-alcalde-a-los-ciudadanos-de-mula-septiembre-2020\/","title":{"rendered":"Carta del Alcalde a los ciudadanos de Mula. Septiembre 2020"},"content":{"rendered":"<p style=\"text-align: justify;\" align=\"left\">Mule\u00f1as, mule\u00f1os, amigos y amigas:<\/p>\n<p style=\"text-align: justify;\" align=\"justify\">Sin lugar a duda, el a\u00f1o 2020 pasar\u00e1 a la historia como uno de los m\u00e1s duros de nuestra democracia. Actualmente nos encontramos ante un escenario dif\u00edcil y complejo como consecuencia de un fat\u00eddico y largo episodio pand\u00e9mico sin precedentes a nivel mundial, conocido por todos como COVID-19.<\/p>\n<p style=\"text-align: justify;\" align=\"justify\">Soy consciente del duro impacto que est\u00e1n sufriendo muchos hogares de nuestro municipio. Esta crisis sanitaria ha derivado tambi\u00e9n en una crisis social y econ\u00f3mica que padecen especialmente aquellos sectores m\u00e1s desfavorecidos y vulnerables, pero tambi\u00e9n nuestros comercios, hosteleros y, en definitiva, el conjunto del tejido empresarial de Mula y su Comarca.<\/p>\n<p style=\"text-align: justify;\" align=\"justify\">Por ello, es en estos momentos en los que todos y todas debemos hacer un gran esfuerzo y, especialmente, los que por un tiempo de nuestras vidas nos dedicamos a la gesti\u00f3n p\u00fablica, nos sometemos a la gran prueba y el deber de proponer soluciones pr\u00e1cticas, que precisan de fuerte meditaci\u00f3n, estudio y esfuerzo para, en la medida de lo posible, paliar los efectos de esta crisis sanitaria.<\/p>\n<p style=\"text-align: justify;\" align=\"justify\">El Ayuntamiento de Mula ha considerado preciso y de vital importancia destinar el grueso de los recursos y de los esfuerzos a ayudar a nuestras empresas, nuestros comercios y, sobre todo, ayudar y atender todas las emergencias sociales que lamentablemente se vienen produciendo en estos tiempos.<\/p>\n<p style=\"text-align: justify;\" align=\"justify\">Y ante este escenario, mientras que se suaviza el calor estival y se percibe poco a poco un t\u00edmido asomo del oto\u00f1o, que se denota en la luz, en la temperatura y en el inconfundible olor a jazm\u00edn y alh\u00e1bega de nuestras calles, llegan unos d\u00edas muy especiales. D\u00edas especiales que, junto a nuestra hermosa Semana Santa y la festividad de San Isidro, todas y todos marcamos al comienzo del a\u00f1o en nuestros calendarios. Me refiero a la semana grande de Mula, a su feria y fiestas de septiembre que celebramos en honor a nuestro Divino Ni\u00f1o Jes\u00fas de Bel\u00e9n, a Nuestra Se\u00f1ora, la Virgen del Carmen y a San Felipe M\u00e1rtir.<\/p>\n<p style=\"text-align: justify;\" align=\"justify\">Las circunstancias hacen que en este 2020 no podamos disfrutar del pasacalle en la inauguraci\u00f3n, de los conciertos, las verbenas, de los atronadores y coloridos castillos de fuegos artificiales, pero sobre todo de unos d\u00edas llenos de alegr\u00eda, de m\u00fasica, de baile. En definitiva, unos d\u00edas de encuentro y diversi\u00f3n junto a nuestros familiares y amigos.<\/p>\n<p style=\"text-align: justify;\" align=\"justify\">A pesar de ello, quiero transmitiros un mensaje de optimismo, de esperanza. Pronto saldremos victoriosos de esta dura batalla que estamos librando, derrotando \u201cjuntos\u201d al virus y sabed que volveremos a celebrar y a disfrutar de nuestras festividades como solo sabemos hacerlo los mule\u00f1os y mule\u00f1as. Muy pronto volveremos a disfrutar de los redobles del tambor, de nuestras procesiones en la semana de Pasi\u00f3n, de San Isidro y, por supuesto, de las fiestas de septiembre. Es momento de estar unidos y de actuar con responsabilidad, esa que ha demostrado el pueblo de Mula diariamente durante los meses m\u00e1s duros y de fuerte golpe de la pandemia.<\/p>\n<p style=\"text-align: justify;\" align=\"justify\">Por ello os pido una especial sensibilidad en estos d\u00edas festivos de septiembre, que actu\u00e9is con responsabilidad, pens\u00e9is en vosotros, en vuestros amigos, en vuestros familiares y que cuid\u00e9is de vuestros seres queridos. Soy de los que piensan que, en estos momentos, es cuando se tienen que poner en pr\u00e1ctica esos grandes valores que, a la postre, hacen que nos podamos definir como sociedad y como pueblo. Y es que, como Alcalde de Mula, siento la necesidad de trasmitiros, en mi nombre y en el de la Corporaci\u00f3n Municipal, el agradecimiento por el comportamiento ejemplar de la mayor\u00eda de los vecinos y vecinas del municipio de Mula. Gracias de coraz\u00f3n por vuestro compromiso y disfrutad de estos d\u00edas de descanso con responsabilidad.<\/p>\n<p style=\"text-align: justify;\" align=\"justify\">MUCHA FUERZA Y UN SALUDO PARA VUESTRAS FAMILIAS Y SERES QUERIDOS.<\/p>\n<p style=\"text-align: justify;\" align=\"left\">Vuestro alcalde y amigo.<\/p>\n<p style=\"text-align: justify;\" align=\"left\"><strong>Juan Jes\u00fas Moreno Garc\u00eda<\/strong><\/p>\n","protected":false},"excerpt":{"rendered":"<p>Mule\u00f1as, mule\u00f1os, amigos y amigas: Sin lugar a duda, el a\u00f1o 2020 pasar\u00e1 a la historia como uno de los m\u00e1s duros de nuestra democracia. Actualmente nos encontramos ante un escenario dif\u00edcil y complejo como consecuencia de un fat\u00eddico y largo episodio pand\u00e9mico sin precedentes a nivel mundial, conocido por todos como COVID-19. Soy consciente  [&#8230;]<\/p>\n","protected":false},"author":1,"featured_media":34659,"comment_status":"closed","ping_status":"closed","sticky":false,"template":"","format":"standard","meta":{"jetpack_post_was_ever_published":false,"_jetpack_newsletter_access":"","_jetpack_dont_email_post_to_subs":false,"_jetpack_newsletter_tier_id":0,"_jetpack_memberships_contains_paywalled_content":false,"_jetpack_memberships_contains_paid_content":false,"footnotes":"","jetpack_publicize_message":"","jetpack_publicize_feature_enabled":true,"jetpack_social_post_already_shared":false,"jetpack_social_options":{"image_generator_settings":{"template":"highway","default_image_id":0,"font":"","enabled":false},"version":2}},"categories":[127],"tags":[],"class_list":["post-34657","post","type-post","status-publish","format-standard","has-post-thumbnail","hentry","category-alcalde"],"yoast_head":"<!-- This site is optimized with the Yoast SEO plugin v27.5 - https:\/\/yoast.com\/product\/yoast-seo-wordpress\/ -->\n<title>Carta del Alcalde a los ciudadanos de Mula. Septiembre 2020 - Ayuntamiento de Mula<\/title>\n<meta name=\"robots\" content=\"index, follow, max-snippet:-1, max-image-preview:large, max-video-preview:-1\" \/>\n<link rel=\"canonical\" href=\"https:\/\/mula.es\/web\/carta-del-alcalde-a-los-ciudadanos-de-mula-septiembre-2020\/\" \/>\n<meta property=\"og:locale\" content=\"es_ES\" \/>\n<meta property=\"og:type\" content=\"article\" \/>\n<meta property=\"og:title\" content=\"Carta del Alcalde a los ciudadanos de Mula. Septiembre 2020 - Ayuntamiento de Mula\" \/>\n<meta property=\"og:description\" content=\"Mule\u00f1as, mule\u00f1os, amigos y amigas: Sin lugar a duda, el a\u00f1o 2020 pasar\u00e1 a la historia como uno de los m\u00e1s duros de nuestra democracia. Actualmente nos encontramos ante un escenario dif\u00edcil y complejo como consecuencia de un fat\u00eddico y largo episodio pand\u00e9mico sin precedentes a nivel mundial, conocido por todos como COVID-19. Soy consciente [...]\" \/>\n<meta property=\"og:url\" content=\"https:\/\/mula.es\/web\/carta-del-alcalde-a-los-ciudadanos-de-mula-septiembre-2020\/\" \/>\n<meta property=\"og:site_name\" content=\"Ayuntamiento de Mula\" \/>\n<meta property=\"article:published_time\" content=\"2020-09-19T12:37:19+00:00\" \/>\n<meta property=\"article:modified_time\" content=\"2021-05-12T18:08:18+00:00\" \/>\n<meta property=\"og:image\" content=\"https:\/\/i0.wp.com\/mula.es\/web\/wp-content\/uploads\/2020\/09\/Carta-Alcalde-Fiestas-2020.jpg?fit=905%2C1280&ssl=1\" \/>\n\t<meta property=\"og:image:width\" content=\"905\" \/>\n\t<meta property=\"og:image:height\" content=\"1280\" \/>\n\t<meta property=\"og:image:type\" content=\"image\/jpeg\" \/>\n<meta name=\"author\" content=\"admin\" \/>\n<meta name=\"twitter:card\" content=\"summary_large_image\" \/>\n<meta name=\"twitter:creator\" content=\"@AyuntamientMula\" \/>\n<meta name=\"twitter:site\" content=\"@AyuntamientMula\" \/>\n<meta name=\"twitter:label1\" content=\"Escrito por\" \/>\n\t<meta name=\"twitter:data1\" content=\"admin\" \/>\n\t<meta name=\"twitter:label2\" content=\"Tiempo de lectura\" \/>\n\t<meta name=\"twitter:data2\" content=\"3 minutos\" \/>\n<script type=\"application\/ld+json\" class=\"yoast-schema-graph\">{\"@context\":\"https:\\\/\\\/schema.org\",\"@graph\":[{\"@type\":\"Article\",\"@id\":\"https:\\\/\\\/mula.es\\\/web\\\/carta-del-alcalde-a-los-ciudadanos-de-mula-septiembre-2020\\\/#article\",\"isPartOf\":{\"@id\":\"https:\\\/\\\/mula.es\\\/web\\\/carta-del-alcalde-a-los-ciudadanos-de-mula-septiembre-2020\\\/\"},\"author\":{\"name\":\"admin\",\"@id\":\"https:\\\/\\\/mula.es\\\/web\\\/#\\\/schema\\\/person\\\/a0dbffe9f4a3ed4aaebedcfef02f71a1\"},\"headline\":\"Carta del Alcalde a los ciudadanos de Mula. Septiembre 2020\",\"datePublished\":\"2020-09-19T12:37:19+00:00\",\"dateModified\":\"2021-05-12T18:08:18+00:00\",\"mainEntityOfPage\":{\"@id\":\"https:\\\/\\\/mula.es\\\/web\\\/carta-del-alcalde-a-los-ciudadanos-de-mula-septiembre-2020\\\/\"},\"wordCount\":690,\"image\":{\"@id\":\"https:\\\/\\\/mula.es\\\/web\\\/carta-del-alcalde-a-los-ciudadanos-de-mula-septiembre-2020\\\/#primaryimage\"},\"thumbnailUrl\":\"https:\\\/\\\/mula.es\\\/web\\\/wp-content\\\/uploads\\\/2020\\\/09\\\/Carta-Alcalde-Fiestas-2020.jpg\",\"articleSection\":[\"alcalde\"],\"inLanguage\":\"es\"},{\"@type\":\"WebPage\",\"@id\":\"https:\\\/\\\/mula.es\\\/web\\\/carta-del-alcalde-a-los-ciudadanos-de-mula-septiembre-2020\\\/\",\"url\":\"https:\\\/\\\/mula.es\\\/web\\\/carta-del-alcalde-a-los-ciudadanos-de-mula-septiembre-2020\\\/\",\"name\":\"Carta del Alcalde a los ciudadanos de Mula. Septiembre 2020 - Ayuntamiento de Mula\",\"isPartOf\":{\"@id\":\"https:\\\/\\\/mula.es\\\/web\\\/#website\"},\"primaryImageOfPage\":{\"@id\":\"https:\\\/\\\/mula.es\\\/web\\\/carta-del-alcalde-a-los-ciudadanos-de-mula-septiembre-2020\\\/#primaryimage\"},\"image\":{\"@id\":\"https:\\\/\\\/mula.es\\\/web\\\/carta-del-alcalde-a-los-ciudadanos-de-mula-septiembre-2020\\\/#primaryimage\"},\"thumbnailUrl\":\"https:\\\/\\\/mula.es\\\/web\\\/wp-content\\\/uploads\\\/2020\\\/09\\\/Carta-Alcalde-Fiestas-2020.jpg\",\"datePublished\":\"2020-09-19T12:37:19+00:00\",\"dateModified\":\"2021-05-12T18:08:18+00:00\",\"author\":{\"@id\":\"https:\\\/\\\/mula.es\\\/web\\\/#\\\/schema\\\/person\\\/a0dbffe9f4a3ed4aaebedcfef02f71a1\"},\"breadcrumb\":{\"@id\":\"https:\\\/\\\/mula.es\\\/web\\\/carta-del-alcalde-a-los-ciudadanos-de-mula-septiembre-2020\\\/#breadcrumb\"},\"inLanguage\":\"es\",\"potentialAction\":[{\"@type\":\"ReadAction\",\"target\":[\"https:\\\/\\\/mula.es\\\/web\\\/carta-del-alcalde-a-los-ciudadanos-de-mula-septiembre-2020\\\/\"]}]},{\"@type\":\"ImageObject\",\"inLanguage\":\"es\",\"@id\":\"https:\\\/\\\/mula.es\\\/web\\\/carta-del-alcalde-a-los-ciudadanos-de-mula-septiembre-2020\\\/#primaryimage\",\"url\":\"https:\\\/\\\/mula.es\\\/web\\\/wp-content\\\/uploads\\\/2020\\\/09\\\/Carta-Alcalde-Fiestas-2020.jpg\",\"contentUrl\":\"https:\\\/\\\/mula.es\\\/web\\\/wp-content\\\/uploads\\\/2020\\\/09\\\/Carta-Alcalde-Fiestas-2020.jpg\",\"width\":905,\"height\":1280},{\"@type\":\"BreadcrumbList\",\"@id\":\"https:\\\/\\\/mula.es\\\/web\\\/carta-del-alcalde-a-los-ciudadanos-de-mula-septiembre-2020\\\/#breadcrumb\",\"itemListElement\":[{\"@type\":\"ListItem\",\"position\":1,\"name\":\"Portada\",\"item\":\"https:\\\/\\\/mula.es\\\/web\\\/\"},{\"@type\":\"ListItem\",\"position\":2,\"name\":\"Carta del Alcalde a los ciudadanos de Mula. Septiembre 2020\"}]},{\"@type\":\"WebSite\",\"@id\":\"https:\\\/\\\/mula.es\\\/web\\\/#website\",\"url\":\"https:\\\/\\\/mula.es\\\/web\\\/\",\"name\":\"Ayuntamiento de Mula\",\"description\":\"P\u00e1gina web del Ayuntamiento de Mula (Regi\u00f3n de Murcia)\",\"potentialAction\":[{\"@type\":\"SearchAction\",\"target\":{\"@type\":\"EntryPoint\",\"urlTemplate\":\"https:\\\/\\\/mula.es\\\/web\\\/?s={search_term_string}\"},\"query-input\":{\"@type\":\"PropertyValueSpecification\",\"valueRequired\":true,\"valueName\":\"search_term_string\"}}],\"inLanguage\":\"es\"},{\"@type\":\"Person\",\"@id\":\"https:\\\/\\\/mula.es\\\/web\\\/#\\\/schema\\\/person\\\/a0dbffe9f4a3ed4aaebedcfef02f71a1\",\"name\":\"admin\",\"image\":{\"@type\":\"ImageObject\",\"inLanguage\":\"es\",\"@id\":\"https:\\\/\\\/secure.gravatar.com\\\/avatar\\\/5423b9cd77f4c7f89a124365a268866f9dfee038c17fe9e37afd92b5920d810e?s=96&d=mm&r=g\",\"url\":\"https:\\\/\\\/secure.gravatar.com\\\/avatar\\\/5423b9cd77f4c7f89a124365a268866f9dfee038c17fe9e37afd92b5920d810e?s=96&d=mm&r=g\",\"contentUrl\":\"https:\\\/\\\/secure.gravatar.com\\\/avatar\\\/5423b9cd77f4c7f89a124365a268866f9dfee038c17fe9e37afd92b5920d810e?s=96&d=mm&r=g\",\"caption\":\"admin\"},\"description\":\"Lorem ipsum dolor sit amet, consectetur adipiscing elit. Nam viverra euismod odio, gravida pellentesque urna varius vitae. Sed dui lorem, adipiscing in adipiscing et, interdum nec metus. Mauris ultricies, justo eu convallis placerat, felis enim ornare nisi, vitae mattis nulla ante id dui. Ut lectus purus, commodo et tincidunt vel, interdum sed lectus. Vestibulum adipiscing tempor nisi id elementi.\",\"url\":\"https:\\\/\\\/mula.es\\\/web\\\/author\\\/jose-maria-boti\\\/\"}]}<\/script>\n<!-- \/ Yoast SEO plugin. -->","yoast_head_json":{"title":"Carta del Alcalde a los ciudadanos de Mula. Septiembre 2020 - Ayuntamiento de Mula","robots":{"index":"index","follow":"follow","max-snippet":"max-snippet:-1","max-image-preview":"max-image-preview:large","max-video-preview":"max-video-preview:-1"},"canonical":"https:\/\/mula.es\/web\/carta-del-alcalde-a-los-ciudadanos-de-mula-septiembre-2020\/","og_locale":"es_ES","og_type":"article","og_title":"Carta del Alcalde a los ciudadanos de Mula. Septiembre 2020 - Ayuntamiento de Mula","og_description":"Mule\u00f1as, mule\u00f1os, amigos y amigas: Sin lugar a duda, el a\u00f1o 2020 pasar\u00e1 a la historia como uno de los m\u00e1s duros de nuestra democracia. Actualmente nos encontramos ante un escenario dif\u00edcil y complejo como consecuencia de un fat\u00eddico y largo episodio pand\u00e9mico sin precedentes a nivel mundial, conocido por todos como COVID-19. Soy consciente [...]","og_url":"https:\/\/mula.es\/web\/carta-del-alcalde-a-los-ciudadanos-de-mula-septiembre-2020\/","og_site_name":"Ayuntamiento de Mula","article_published_time":"2020-09-19T12:37:19+00:00","article_modified_time":"2021-05-12T18:08:18+00:00","og_image":[{"width":905,"height":1280,"url":"https:\/\/i0.wp.com\/mula.es\/web\/wp-content\/uploads\/2020\/09\/Carta-Alcalde-Fiestas-2020.jpg?fit=905%2C1280&ssl=1","type":"image\/jpeg"}],"author":"admin","twitter_card":"summary_large_image","twitter_creator":"@AyuntamientMula","twitter_site":"@AyuntamientMula","twitter_misc":{"Escrito por":"admin","Tiempo de lectura":"3 minutos"},"schema":{"@context":"https:\/\/schema.org","@graph":[{"@type":"Article","@id":"https:\/\/mula.es\/web\/carta-del-alcalde-a-los-ciudadanos-de-mula-septiembre-2020\/#article","isPartOf":{"@id":"https:\/\/mula.es\/web\/carta-del-alcalde-a-los-ciudadanos-de-mula-septiembre-2020\/"},"author":{"name":"admin","@id":"https:\/\/mula.es\/web\/#\/schema\/person\/a0dbffe9f4a3ed4aaebedcfef02f71a1"},"headline":"Carta del Alcalde a los ciudadanos de Mula. Septiembre 2020","datePublished":"2020-09-19T12:37:19+00:00","dateModified":"2021-05-12T18:08:18+00:00","mainEntityOfPage":{"@id":"https:\/\/mula.es\/web\/carta-del-alcalde-a-los-ciudadanos-de-mula-septiembre-2020\/"},"wordCount":690,"image":{"@id":"https:\/\/mula.es\/web\/carta-del-alcalde-a-los-ciudadanos-de-mula-septiembre-2020\/#primaryimage"},"thumbnailUrl":"https:\/\/mula.es\/web\/wp-content\/uploads\/2020\/09\/Carta-Alcalde-Fiestas-2020.jpg","articleSection":["alcalde"],"inLanguage":"es"},{"@type":"WebPage","@id":"https:\/\/mula.es\/web\/carta-del-alcalde-a-los-ciudadanos-de-mula-septiembre-2020\/","url":"https:\/\/mula.es\/web\/carta-del-alcalde-a-los-ciudadanos-de-mula-septiembre-2020\/","name":"Carta del Alcalde a los ciudadanos de Mula. Septiembre 2020 - Ayuntamiento de Mula","isPartOf":{"@id":"https:\/\/mula.es\/web\/#website"},"primaryImageOfPage":{"@id":"https:\/\/mula.es\/web\/carta-del-alcalde-a-los-ciudadanos-de-mula-septiembre-2020\/#primaryimage"},"image":{"@id":"https:\/\/mula.es\/web\/carta-del-alcalde-a-los-ciudadanos-de-mula-septiembre-2020\/#primaryimage"},"thumbnailUrl":"https:\/\/mula.es\/web\/wp-content\/uploads\/2020\/09\/Carta-Alcalde-Fiestas-2020.jpg","datePublished":"2020-09-19T12:37:19+00:00","dateModified":"2021-05-12T18:08:18+00:00","author":{"@id":"https:\/\/mula.es\/web\/#\/schema\/person\/a0dbffe9f4a3ed4aaebedcfef02f71a1"},"breadcrumb":{"@id":"https:\/\/mula.es\/web\/carta-del-alcalde-a-los-ciudadanos-de-mula-septiembre-2020\/#breadcrumb"},"inLanguage":"es","potentialAction":[{"@type":"ReadAction","target":["https:\/\/mula.es\/web\/carta-del-alcalde-a-los-ciudadanos-de-mula-septiembre-2020\/"]}]},{"@type":"ImageObject","inLanguage":"es","@id":"https:\/\/mula.es\/web\/carta-del-alcalde-a-los-ciudadanos-de-mula-septiembre-2020\/#primaryimage","url":"https:\/\/mula.es\/web\/wp-content\/uploads\/2020\/09\/Carta-Alcalde-Fiestas-2020.jpg","contentUrl":"https:\/\/mula.es\/web\/wp-content\/uploads\/2020\/09\/Carta-Alcalde-Fiestas-2020.jpg","width":905,"height":1280},{"@type":"BreadcrumbList","@id":"https:\/\/mula.es\/web\/carta-del-alcalde-a-los-ciudadanos-de-mula-septiembre-2020\/#breadcrumb","itemListElement":[{"@type":"ListItem","position":1,"name":"Portada","item":"https:\/\/mula.es\/web\/"},{"@type":"ListItem","position":2,"name":"Carta del Alcalde a los ciudadanos de Mula. Septiembre 2020"}]},{"@type":"WebSite","@id":"https:\/\/mula.es\/web\/#website","url":"https:\/\/mula.es\/web\/","name":"Ayuntamiento de Mula","description":"P\u00e1gina web del Ayuntamiento de Mula (Regi\u00f3n de Murcia)","potentialAction":[{"@type":"SearchAction","target":{"@type":"EntryPoint","urlTemplate":"https:\/\/mula.es\/web\/?s={search_term_string}"},"query-input":{"@type":"PropertyValueSpecification","valueRequired":true,"valueName":"search_term_string"}}],"inLanguage":"es"},{"@type":"Person","@id":"https:\/\/mula.es\/web\/#\/schema\/person\/a0dbffe9f4a3ed4aaebedcfef02f71a1","name":"admin","image":{"@type":"ImageObject","inLanguage":"es","@id":"https:\/\/secure.gravatar.com\/avatar\/5423b9cd77f4c7f89a124365a268866f9dfee038c17fe9e37afd92b5920d810e?s=96&d=mm&r=g","url":"https:\/\/secure.gravatar.com\/avatar\/5423b9cd77f4c7f89a124365a268866f9dfee038c17fe9e37afd92b5920d810e?s=96&d=mm&r=g","contentUrl":"https:\/\/secure.gravatar.com\/avatar\/5423b9cd77f4c7f89a124365a268866f9dfee038c17fe9e37afd92b5920d810e?s=96&d=mm&r=g","caption":"admin"},"description":"Lorem ipsum dolor sit amet, consectetur adipiscing elit. Nam viverra euismod odio, gravida pellentesque urna varius vitae. Sed dui lorem, adipiscing in adipiscing et, interdum nec metus. Mauris ultricies, justo eu convallis placerat, felis enim ornare nisi, vitae mattis nulla ante id dui. Ut lectus purus, commodo et tincidunt vel, interdum sed lectus. Vestibulum adipiscing tempor nisi id elementi.","url":"https:\/\/mula.es\/web\/author\/jose-maria-boti\/"}]}},"jetpack_publicize_connections":[],"jetpack_featured_media_url":"https:\/\/mula.es\/web\/wp-content\/uploads\/2020\/09\/Carta-Alcalde-Fiestas-2020.jpg","jetpack_sharing_enabled":true,"jetpack_shortlink":"https:\/\/wp.me\/pa9DMY-90Z","jetpack-related-posts":[],"_links":{"self":[{"href":"https:\/\/mula.es\/web\/wp-json\/wp\/v2\/posts\/34657","targetHints":{"allow":["GET"]}}],"collection":[{"href":"https:\/\/mula.es\/web\/wp-json\/wp\/v2\/posts"}],"about":[{"href":"https:\/\/mula.es\/web\/wp-json\/wp\/v2\/types\/post"}],"author":[{"embeddable":true,"href":"https:\/\/mula.es\/web\/wp-json\/wp\/v2\/users\/1"}],"replies":[{"embeddable":true,"href":"https:\/\/mula.es\/web\/wp-json\/wp\/v2\/comments?post=34657"}],"version-history":[{"count":1,"href":"https:\/\/mula.es\/web\/wp-json\/wp\/v2\/posts\/34657\/revisions"}],"predecessor-version":[{"id":34660,"href":"https:\/\/mula.es\/web\/wp-json\/wp\/v2\/posts\/34657\/revisions\/34660"}],"wp:featuredmedia":[{"embeddable":true,"href":"https:\/\/mula.es\/web\/wp-json\/wp\/v2\/media\/34659"}],"wp:attachment":[{"href":"https:\/\/mula.es\/web\/wp-json\/wp\/v2\/media?parent=34657"}],"wp:term":[{"taxonomy":"category","embeddable":true,"href":"https:\/\/mula.es\/web\/wp-json\/wp\/v2\/categories?post=34657"},{"taxonomy":"post_tag","embeddable":true,"href":"https:\/\/mula.es\/web\/wp-json\/wp\/v2\/tags?post=34657"}],"curies":[{"name":"wp","href":"https:\/\/api.w.org\/{rel}","templated":true}]}}