{"id":34966,"date":"2020-10-14T18:17:12","date_gmt":"2020-10-14T16:17:12","guid":{"rendered":"http:\/\/mula.es\/web\/?p=34966"},"modified":"2021-05-12T20:08:02","modified_gmt":"2021-05-12T18:08:02","slug":"servicios-municipales-elaborado-un-plan-de-organizacion-para-la-festividad-de-los-santos","status":"publish","type":"post","link":"https:\/\/mula.es\/web\/servicios-municipales-elaborado-un-plan-de-organizacion-para-la-festividad-de-los-santos\/","title":{"rendered":"SERVICIOS MUNICIPALES | Elaborado un Plan de Organizaci\u00f3n para la Festividad de los Santos"},"content":{"rendered":"<p style=\"text-align: justify;\">Las concejal\u00edas de Servicios Municipales y Seguridad Ciudadana han elaborado un Plan de Organizaci\u00f3n para la Festividad de Todos los Santos en el municipio de Mula. Dada la particularidad de este a\u00f1o con motivo de la COVID19 y teniendo en cuenta las recomendaciones y directrices que desde la consejer\u00eda de Salud han remitido, se llevar\u00e1 a cabo un plan de actuaci\u00f3n desde los d\u00edas previos a posteriores al 1 de noviembre con el principal objetivo de que todos los ciudadanos puedan celebrar estos d\u00edas sin dificultad o problemas.<\/p>\n<p style=\"text-align: justify;\">Entre los aspectos m\u00e1s destacables para conocimiento de la ciudadan\u00eda son:<\/p>\n<ul style=\"text-align: justify;\">\n<li>El horario del cementerio municipal ser\u00e1 de las 8 a las 19 horas.<\/li>\n<li>Se colocar\u00e1n en diferentes puntos carteles informativos con las reglas b\u00e1sicas, tanto de -organizaci\u00f3n como higi\u00e9nico sanitarias.<\/li>\n<li>Habr\u00e1 un refuerzo de personal de mantenimiento y limpieza en los d\u00edas donde se prev\u00e9 m\u00e1s afluencia de visitantes.<\/li>\n<li>Tanto desde Polic\u00eda Local como desde Protecci\u00f3n Civil se ha dise\u00f1ado un plan que regule el acceso al interior del cementerio de peatones, as\u00ed como de tr\u00e1fico rodado en el parking y cercan\u00edas.<\/li>\n<li>En acuerdo con el p\u00e1rroco de Santo Domingo, no se oficiar\u00e1 misa el 1 de noviembre en la plaza del cementerio.<\/li>\n<\/ul>\n<p style=\"text-align: justify;\">Recomendaciones sanitarias dirigidas a la poblaci\u00f3n para la celebraci\u00f3n del d\u00eda de Todos los Santos<\/p>\n<ul style=\"text-align: justify;\">\n<li>Si es persona de riesgo o pertenece a un grupo vulnerable, evite ir los d\u00edas y horas en los que sea previsible que haya m\u00e1s afluencia de personas.<\/li>\n<li>Si tiene s\u00edntomas compatibles con el COVID-19 no vaya al cementerio y posponga su visita hasta indicaci\u00f3n m\u00e9dica.<\/li>\n<li>No se agolpe en las entradas y salidas. Mantenga la distancia m\u00ednima de seguridad interpersonal de 2 metros en todo momento.<\/li>\n<li>Haga uso del gel hidroalcoh\u00f3lico que encontrar\u00e1 a la entrada y salida del cementerio.<\/li>\n<li>Use la mascarilla en todo momento.<\/li>\n<li>Est\u00e1 prohibido fumar y el consumo de alimentos.<\/li>\n<li>Deposite los residuos en las papeleras que encontrar\u00e1 distribuidas por el cementerio.<\/li>\n<li>Si necesita ir al aseo, independientemente del lavado de manos en su interior, haga tambi\u00e9n uso del gel hidroalcoh\u00f3lico que encontrar\u00e1 a la entrada y salida.<\/li>\n<li>Evite el contacto personal, como besos, abrazos y otras muestras de afecto.<\/li>\n<li>En los panteones familiares mantenga la distancia interpersonal con otros familiares con los que no convive en el mismo domicilio y evite formar grupos de m\u00e1s de 6 personas.<\/li>\n<li>Evite dejar recipientes con agua para evitar la proliferaci\u00f3n del mosquito tigre y las enfermedades asociadas a su presencia. Se recomienda el uso de arena h\u00fameda.<\/li>\n<\/ul>\n<p style=\"text-align: justify;\">Todas estas medidas deber\u00e1n aplicarse de forma individual por los asistentes al cementerio ya que es importante prevenir al tiempo que poder conmemorar esta festividad de la manera m\u00e1s segura posible.<\/p>\n","protected":false},"excerpt":{"rendered":"<p>Las concejal\u00edas de Servicios Municipales y Seguridad Ciudadana han elaborado un Plan de Organizaci\u00f3n para la Festividad de Todos los Santos en el municipio de Mula. Dada la particularidad de este a\u00f1o con motivo de la COVID19 y teniendo en cuenta las recomendaciones y directrices que desde la consejer\u00eda de Salud han remitido, se llevar\u00e1  [&#8230;]<\/p>\n","protected":false},"author":1,"featured_media":34967,"comment_status":"closed","ping_status":"closed","sticky":false,"template":"","format":"standard","meta":{"jetpack_post_was_ever_published":false,"_jetpack_newsletter_access":"","_jetpack_dont_email_post_to_subs":false,"_jetpack_newsletter_tier_id":0,"_jetpack_memberships_contains_paywalled_content":false,"_jetpack_memberships_contains_paid_content":false,"footnotes":"","jetpack_publicize_message":"","jetpack_publicize_feature_enabled":true,"jetpack_social_post_already_shared":false,"jetpack_social_options":{"image_generator_settings":{"template":"highway","default_image_id":0,"font":"","enabled":false},"version":2}},"categories":[540,544],"tags":[],"class_list":["post-34966","post","type-post","status-publish","format-standard","has-post-thumbnail","hentry","category-cementerio","category-servicios"],"yoast_head":"<!-- This site is optimized with the Yoast SEO plugin v27.5 - https:\/\/yoast.com\/product\/yoast-seo-wordpress\/ -->\n<title>SERVICIOS MUNICIPALES | Elaborado un Plan de Organizaci\u00f3n para la Festividad de los Santos - Ayuntamiento de Mula<\/title>\n<meta name=\"robots\" content=\"index, follow, max-snippet:-1, max-image-preview:large, max-video-preview:-1\" \/>\n<link rel=\"canonical\" href=\"https:\/\/mula.es\/web\/servicios-municipales-elaborado-un-plan-de-organizacion-para-la-festividad-de-los-santos\/\" \/>\n<meta property=\"og:locale\" content=\"es_ES\" \/>\n<meta property=\"og:type\" content=\"article\" \/>\n<meta property=\"og:title\" content=\"SERVICIOS MUNICIPALES | Elaborado un Plan de Organizaci\u00f3n para la Festividad de los Santos - Ayuntamiento de Mula\" \/>\n<meta property=\"og:description\" content=\"Las concejal\u00edas de Servicios Municipales y Seguridad Ciudadana han elaborado un Plan de Organizaci\u00f3n para la Festividad de Todos los Santos en el municipio de Mula. Dada la particularidad de este a\u00f1o con motivo de la COVID19 y teniendo en cuenta las recomendaciones y directrices que desde la consejer\u00eda de Salud han remitido, se llevar\u00e1 [...]\" \/>\n<meta property=\"og:url\" content=\"https:\/\/mula.es\/web\/servicios-municipales-elaborado-un-plan-de-organizacion-para-la-festividad-de-los-santos\/\" \/>\n<meta property=\"og:site_name\" content=\"Ayuntamiento de Mula\" \/>\n<meta property=\"article:published_time\" content=\"2020-10-14T16:17:12+00:00\" \/>\n<meta property=\"article:modified_time\" content=\"2021-05-12T18:08:02+00:00\" \/>\n<meta property=\"og:image\" content=\"https:\/\/i0.wp.com\/mula.es\/web\/wp-content\/uploads\/2020\/10\/Plan-Prevencion-Cementerio-2020.jpg?fit=1600%2C1069&ssl=1\" \/>\n\t<meta property=\"og:image:width\" content=\"1600\" \/>\n\t<meta property=\"og:image:height\" content=\"1069\" \/>\n\t<meta property=\"og:image:type\" content=\"image\/jpeg\" \/>\n<meta name=\"author\" content=\"admin\" \/>\n<meta name=\"twitter:card\" content=\"summary_large_image\" \/>\n<meta name=\"twitter:image\" content=\"https:\/\/mula.es\/web\/wp-content\/uploads\/2020\/06\/escudo-cuadrado-e1591045058235.jpg\" \/>\n<meta name=\"twitter:creator\" content=\"@AyuntamientMula\" \/>\n<meta name=\"twitter:site\" content=\"@AyuntamientMula\" \/>\n<meta name=\"twitter:label1\" content=\"Escrito por\" \/>\n\t<meta name=\"twitter:data1\" content=\"admin\" \/>\n\t<meta name=\"twitter:label2\" content=\"Tiempo de lectura\" \/>\n\t<meta name=\"twitter:data2\" content=\"2 minutos\" \/>\n<script type=\"application\/ld+json\" class=\"yoast-schema-graph\">{\"@context\":\"https:\\\/\\\/schema.org\",\"@graph\":[{\"@type\":\"Article\",\"@id\":\"https:\\\/\\\/mula.es\\\/web\\\/servicios-municipales-elaborado-un-plan-de-organizacion-para-la-festividad-de-los-santos\\\/#article\",\"isPartOf\":{\"@id\":\"https:\\\/\\\/mula.es\\\/web\\\/servicios-municipales-elaborado-un-plan-de-organizacion-para-la-festividad-de-los-santos\\\/\"},\"author\":{\"name\":\"admin\",\"@id\":\"https:\\\/\\\/mula.es\\\/web\\\/#\\\/schema\\\/person\\\/a0dbffe9f4a3ed4aaebedcfef02f71a1\"},\"headline\":\"SERVICIOS MUNICIPALES | Elaborado un Plan de Organizaci\u00f3n para la Festividad de los Santos\",\"datePublished\":\"2020-10-14T16:17:12+00:00\",\"dateModified\":\"2021-05-12T18:08:02+00:00\",\"mainEntityOfPage\":{\"@id\":\"https:\\\/\\\/mula.es\\\/web\\\/servicios-municipales-elaborado-un-plan-de-organizacion-para-la-festividad-de-los-santos\\\/\"},\"wordCount\":494,\"image\":{\"@id\":\"https:\\\/\\\/mula.es\\\/web\\\/servicios-municipales-elaborado-un-plan-de-organizacion-para-la-festividad-de-los-santos\\\/#primaryimage\"},\"thumbnailUrl\":\"https:\\\/\\\/mula.es\\\/web\\\/wp-content\\\/uploads\\\/2020\\\/10\\\/Plan-Prevencion-Cementerio-2020.jpg\",\"articleSection\":[\"cementerio\",\"servicios\"],\"inLanguage\":\"es\"},{\"@type\":\"WebPage\",\"@id\":\"https:\\\/\\\/mula.es\\\/web\\\/servicios-municipales-elaborado-un-plan-de-organizacion-para-la-festividad-de-los-santos\\\/\",\"url\":\"https:\\\/\\\/mula.es\\\/web\\\/servicios-municipales-elaborado-un-plan-de-organizacion-para-la-festividad-de-los-santos\\\/\",\"name\":\"SERVICIOS MUNICIPALES | Elaborado un Plan de Organizaci\u00f3n para la Festividad de los Santos - Ayuntamiento de Mula\",\"isPartOf\":{\"@id\":\"https:\\\/\\\/mula.es\\\/web\\\/#website\"},\"primaryImageOfPage\":{\"@id\":\"https:\\\/\\\/mula.es\\\/web\\\/servicios-municipales-elaborado-un-plan-de-organizacion-para-la-festividad-de-los-santos\\\/#primaryimage\"},\"image\":{\"@id\":\"https:\\\/\\\/mula.es\\\/web\\\/servicios-municipales-elaborado-un-plan-de-organizacion-para-la-festividad-de-los-santos\\\/#primaryimage\"},\"thumbnailUrl\":\"https:\\\/\\\/mula.es\\\/web\\\/wp-content\\\/uploads\\\/2020\\\/10\\\/Plan-Prevencion-Cementerio-2020.jpg\",\"datePublished\":\"2020-10-14T16:17:12+00:00\",\"dateModified\":\"2021-05-12T18:08:02+00:00\",\"author\":{\"@id\":\"https:\\\/\\\/mula.es\\\/web\\\/#\\\/schema\\\/person\\\/a0dbffe9f4a3ed4aaebedcfef02f71a1\"},\"breadcrumb\":{\"@id\":\"https:\\\/\\\/mula.es\\\/web\\\/servicios-municipales-elaborado-un-plan-de-organizacion-para-la-festividad-de-los-santos\\\/#breadcrumb\"},\"inLanguage\":\"es\",\"potentialAction\":[{\"@type\":\"ReadAction\",\"target\":[\"https:\\\/\\\/mula.es\\\/web\\\/servicios-municipales-elaborado-un-plan-de-organizacion-para-la-festividad-de-los-santos\\\/\"]}]},{\"@type\":\"ImageObject\",\"inLanguage\":\"es\",\"@id\":\"https:\\\/\\\/mula.es\\\/web\\\/servicios-municipales-elaborado-un-plan-de-organizacion-para-la-festividad-de-los-santos\\\/#primaryimage\",\"url\":\"https:\\\/\\\/mula.es\\\/web\\\/wp-content\\\/uploads\\\/2020\\\/10\\\/Plan-Prevencion-Cementerio-2020.jpg\",\"contentUrl\":\"https:\\\/\\\/mula.es\\\/web\\\/wp-content\\\/uploads\\\/2020\\\/10\\\/Plan-Prevencion-Cementerio-2020.jpg\",\"width\":1600,\"height\":1069},{\"@type\":\"BreadcrumbList\",\"@id\":\"https:\\\/\\\/mula.es\\\/web\\\/servicios-municipales-elaborado-un-plan-de-organizacion-para-la-festividad-de-los-santos\\\/#breadcrumb\",\"itemListElement\":[{\"@type\":\"ListItem\",\"position\":1,\"name\":\"Portada\",\"item\":\"https:\\\/\\\/mula.es\\\/web\\\/\"},{\"@type\":\"ListItem\",\"position\":2,\"name\":\"SERVICIOS MUNICIPALES | Elaborado un Plan de Organizaci\u00f3n para la Festividad de los Santos\"}]},{\"@type\":\"WebSite\",\"@id\":\"https:\\\/\\\/mula.es\\\/web\\\/#website\",\"url\":\"https:\\\/\\\/mula.es\\\/web\\\/\",\"name\":\"Ayuntamiento de Mula\",\"description\":\"P\u00e1gina web del Ayuntamiento de Mula (Regi\u00f3n de Murcia)\",\"potentialAction\":[{\"@type\":\"SearchAction\",\"target\":{\"@type\":\"EntryPoint\",\"urlTemplate\":\"https:\\\/\\\/mula.es\\\/web\\\/?s={search_term_string}\"},\"query-input\":{\"@type\":\"PropertyValueSpecification\",\"valueRequired\":true,\"valueName\":\"search_term_string\"}}],\"inLanguage\":\"es\"},{\"@type\":\"Person\",\"@id\":\"https:\\\/\\\/mula.es\\\/web\\\/#\\\/schema\\\/person\\\/a0dbffe9f4a3ed4aaebedcfef02f71a1\",\"name\":\"admin\",\"image\":{\"@type\":\"ImageObject\",\"inLanguage\":\"es\",\"@id\":\"https:\\\/\\\/secure.gravatar.com\\\/avatar\\\/5423b9cd77f4c7f89a124365a268866f9dfee038c17fe9e37afd92b5920d810e?s=96&d=mm&r=g\",\"url\":\"https:\\\/\\\/secure.gravatar.com\\\/avatar\\\/5423b9cd77f4c7f89a124365a268866f9dfee038c17fe9e37afd92b5920d810e?s=96&d=mm&r=g\",\"contentUrl\":\"https:\\\/\\\/secure.gravatar.com\\\/avatar\\\/5423b9cd77f4c7f89a124365a268866f9dfee038c17fe9e37afd92b5920d810e?s=96&d=mm&r=g\",\"caption\":\"admin\"},\"description\":\"Lorem ipsum dolor sit amet, consectetur adipiscing elit. Nam viverra euismod odio, gravida pellentesque urna varius vitae. Sed dui lorem, adipiscing in adipiscing et, interdum nec metus. Mauris ultricies, justo eu convallis placerat, felis enim ornare nisi, vitae mattis nulla ante id dui. Ut lectus purus, commodo et tincidunt vel, interdum sed lectus. Vestibulum adipiscing tempor nisi id elementi.\",\"url\":\"https:\\\/\\\/mula.es\\\/web\\\/author\\\/jose-maria-boti\\\/\"}]}<\/script>\n<!-- \/ Yoast SEO plugin. -->","yoast_head_json":{"title":"SERVICIOS MUNICIPALES | Elaborado un Plan de Organizaci\u00f3n para la Festividad de los Santos - Ayuntamiento de Mula","robots":{"index":"index","follow":"follow","max-snippet":"max-snippet:-1","max-image-preview":"max-image-preview:large","max-video-preview":"max-video-preview:-1"},"canonical":"https:\/\/mula.es\/web\/servicios-municipales-elaborado-un-plan-de-organizacion-para-la-festividad-de-los-santos\/","og_locale":"es_ES","og_type":"article","og_title":"SERVICIOS MUNICIPALES | Elaborado un Plan de Organizaci\u00f3n para la Festividad de los Santos - Ayuntamiento de Mula","og_description":"Las concejal\u00edas de Servicios Municipales y Seguridad Ciudadana han elaborado un Plan de Organizaci\u00f3n para la Festividad de Todos los Santos en el municipio de Mula. Dada la particularidad de este a\u00f1o con motivo de la COVID19 y teniendo en cuenta las recomendaciones y directrices que desde la consejer\u00eda de Salud han remitido, se llevar\u00e1 [...]","og_url":"https:\/\/mula.es\/web\/servicios-municipales-elaborado-un-plan-de-organizacion-para-la-festividad-de-los-santos\/","og_site_name":"Ayuntamiento de Mula","article_published_time":"2020-10-14T16:17:12+00:00","article_modified_time":"2021-05-12T18:08:02+00:00","og_image":[{"width":1600,"height":1069,"url":"https:\/\/i0.wp.com\/mula.es\/web\/wp-content\/uploads\/2020\/10\/Plan-Prevencion-Cementerio-2020.jpg?fit=1600%2C1069&ssl=1","type":"image\/jpeg"}],"author":"admin","twitter_card":"summary_large_image","twitter_image":"https:\/\/mula.es\/web\/wp-content\/uploads\/2020\/06\/escudo-cuadrado-e1591045058235.jpg","twitter_creator":"@AyuntamientMula","twitter_site":"@AyuntamientMula","twitter_misc":{"Escrito por":"admin","Tiempo de lectura":"2 minutos"},"schema":{"@context":"https:\/\/schema.org","@graph":[{"@type":"Article","@id":"https:\/\/mula.es\/web\/servicios-municipales-elaborado-un-plan-de-organizacion-para-la-festividad-de-los-santos\/#article","isPartOf":{"@id":"https:\/\/mula.es\/web\/servicios-municipales-elaborado-un-plan-de-organizacion-para-la-festividad-de-los-santos\/"},"author":{"name":"admin","@id":"https:\/\/mula.es\/web\/#\/schema\/person\/a0dbffe9f4a3ed4aaebedcfef02f71a1"},"headline":"SERVICIOS MUNICIPALES | Elaborado un Plan de Organizaci\u00f3n para la Festividad de los Santos","datePublished":"2020-10-14T16:17:12+00:00","dateModified":"2021-05-12T18:08:02+00:00","mainEntityOfPage":{"@id":"https:\/\/mula.es\/web\/servicios-municipales-elaborado-un-plan-de-organizacion-para-la-festividad-de-los-santos\/"},"wordCount":494,"image":{"@id":"https:\/\/mula.es\/web\/servicios-municipales-elaborado-un-plan-de-organizacion-para-la-festividad-de-los-santos\/#primaryimage"},"thumbnailUrl":"https:\/\/mula.es\/web\/wp-content\/uploads\/2020\/10\/Plan-Prevencion-Cementerio-2020.jpg","articleSection":["cementerio","servicios"],"inLanguage":"es"},{"@type":"WebPage","@id":"https:\/\/mula.es\/web\/servicios-municipales-elaborado-un-plan-de-organizacion-para-la-festividad-de-los-santos\/","url":"https:\/\/mula.es\/web\/servicios-municipales-elaborado-un-plan-de-organizacion-para-la-festividad-de-los-santos\/","name":"SERVICIOS MUNICIPALES | Elaborado un Plan de Organizaci\u00f3n para la Festividad de los Santos - Ayuntamiento de Mula","isPartOf":{"@id":"https:\/\/mula.es\/web\/#website"},"primaryImageOfPage":{"@id":"https:\/\/mula.es\/web\/servicios-municipales-elaborado-un-plan-de-organizacion-para-la-festividad-de-los-santos\/#primaryimage"},"image":{"@id":"https:\/\/mula.es\/web\/servicios-municipales-elaborado-un-plan-de-organizacion-para-la-festividad-de-los-santos\/#primaryimage"},"thumbnailUrl":"https:\/\/mula.es\/web\/wp-content\/uploads\/2020\/10\/Plan-Prevencion-Cementerio-2020.jpg","datePublished":"2020-10-14T16:17:12+00:00","dateModified":"2021-05-12T18:08:02+00:00","author":{"@id":"https:\/\/mula.es\/web\/#\/schema\/person\/a0dbffe9f4a3ed4aaebedcfef02f71a1"},"breadcrumb":{"@id":"https:\/\/mula.es\/web\/servicios-municipales-elaborado-un-plan-de-organizacion-para-la-festividad-de-los-santos\/#breadcrumb"},"inLanguage":"es","potentialAction":[{"@type":"ReadAction","target":["https:\/\/mula.es\/web\/servicios-municipales-elaborado-un-plan-de-organizacion-para-la-festividad-de-los-santos\/"]}]},{"@type":"ImageObject","inLanguage":"es","@id":"https:\/\/mula.es\/web\/servicios-municipales-elaborado-un-plan-de-organizacion-para-la-festividad-de-los-santos\/#primaryimage","url":"https:\/\/mula.es\/web\/wp-content\/uploads\/2020\/10\/Plan-Prevencion-Cementerio-2020.jpg","contentUrl":"https:\/\/mula.es\/web\/wp-content\/uploads\/2020\/10\/Plan-Prevencion-Cementerio-2020.jpg","width":1600,"height":1069},{"@type":"BreadcrumbList","@id":"https:\/\/mula.es\/web\/servicios-municipales-elaborado-un-plan-de-organizacion-para-la-festividad-de-los-santos\/#breadcrumb","itemListElement":[{"@type":"ListItem","position":1,"name":"Portada","item":"https:\/\/mula.es\/web\/"},{"@type":"ListItem","position":2,"name":"SERVICIOS MUNICIPALES | Elaborado un Plan de Organizaci\u00f3n para la Festividad de los Santos"}]},{"@type":"WebSite","@id":"https:\/\/mula.es\/web\/#website","url":"https:\/\/mula.es\/web\/","name":"Ayuntamiento de Mula","description":"P\u00e1gina web del Ayuntamiento de Mula (Regi\u00f3n de Murcia)","potentialAction":[{"@type":"SearchAction","target":{"@type":"EntryPoint","urlTemplate":"https:\/\/mula.es\/web\/?s={search_term_string}"},"query-input":{"@type":"PropertyValueSpecification","valueRequired":true,"valueName":"search_term_string"}}],"inLanguage":"es"},{"@type":"Person","@id":"https:\/\/mula.es\/web\/#\/schema\/person\/a0dbffe9f4a3ed4aaebedcfef02f71a1","name":"admin","image":{"@type":"ImageObject","inLanguage":"es","@id":"https:\/\/secure.gravatar.com\/avatar\/5423b9cd77f4c7f89a124365a268866f9dfee038c17fe9e37afd92b5920d810e?s=96&d=mm&r=g","url":"https:\/\/secure.gravatar.com\/avatar\/5423b9cd77f4c7f89a124365a268866f9dfee038c17fe9e37afd92b5920d810e?s=96&d=mm&r=g","contentUrl":"https:\/\/secure.gravatar.com\/avatar\/5423b9cd77f4c7f89a124365a268866f9dfee038c17fe9e37afd92b5920d810e?s=96&d=mm&r=g","caption":"admin"},"description":"Lorem ipsum dolor sit amet, consectetur adipiscing elit. Nam viverra euismod odio, gravida pellentesque urna varius vitae. Sed dui lorem, adipiscing in adipiscing et, interdum nec metus. Mauris ultricies, justo eu convallis placerat, felis enim ornare nisi, vitae mattis nulla ante id dui. Ut lectus purus, commodo et tincidunt vel, interdum sed lectus. Vestibulum adipiscing tempor nisi id elementi.","url":"https:\/\/mula.es\/web\/author\/jose-maria-boti\/"}]}},"jetpack_publicize_connections":[],"jetpack_featured_media_url":"https:\/\/mula.es\/web\/wp-content\/uploads\/2020\/10\/Plan-Prevencion-Cementerio-2020.jpg","jetpack_sharing_enabled":true,"jetpack_shortlink":"https:\/\/wp.me\/pa9DMY-95Y","jetpack-related-posts":[],"_links":{"self":[{"href":"https:\/\/mula.es\/web\/wp-json\/wp\/v2\/posts\/34966","targetHints":{"allow":["GET"]}}],"collection":[{"href":"https:\/\/mula.es\/web\/wp-json\/wp\/v2\/posts"}],"about":[{"href":"https:\/\/mula.es\/web\/wp-json\/wp\/v2\/types\/post"}],"author":[{"embeddable":true,"href":"https:\/\/mula.es\/web\/wp-json\/wp\/v2\/users\/1"}],"replies":[{"embeddable":true,"href":"https:\/\/mula.es\/web\/wp-json\/wp\/v2\/comments?post=34966"}],"version-history":[{"count":3,"href":"https:\/\/mula.es\/web\/wp-json\/wp\/v2\/posts\/34966\/revisions"}],"predecessor-version":[{"id":34970,"href":"https:\/\/mula.es\/web\/wp-json\/wp\/v2\/posts\/34966\/revisions\/34970"}],"wp:featuredmedia":[{"embeddable":true,"href":"https:\/\/mula.es\/web\/wp-json\/wp\/v2\/media\/34967"}],"wp:attachment":[{"href":"https:\/\/mula.es\/web\/wp-json\/wp\/v2\/media?parent=34966"}],"wp:term":[{"taxonomy":"category","embeddable":true,"href":"https:\/\/mula.es\/web\/wp-json\/wp\/v2\/categories?post=34966"},{"taxonomy":"post_tag","embeddable":true,"href":"https:\/\/mula.es\/web\/wp-json\/wp\/v2\/tags?post=34966"}],"curies":[{"name":"wp","href":"https:\/\/api.w.org\/{rel}","templated":true}]}}